{"id":71732,"date":"2025-05-06T09:31:02","date_gmt":"2025-05-06T09:31:02","guid":{"rendered":"https:\/\/listings.mybikeplan.ch\/non-classifiee\/back-to-bike-tes-experiences-printanieres-sur-deux-raedern%e2%98%80%ef%b8%8f\/"},"modified":"2025-05-12T15:34:04","modified_gmt":"2025-05-12T15:34:04","slug":"back-to-bike-tes-experiences-printanieres-sur-deux-raedern%e2%98%80%ef%b8%8f","status":"publish","type":"post","link":"https:\/\/listings.mybikeplan.ch\/fr\/mybikeplan-fr-2\/back-to-bike-tes-experiences-printanieres-sur-deux-raedern%e2%98%80%ef%b8%8f\/","title":{"rendered":"Back to Bike &#8211; Tes exp\u00e9riences printani\u00e8res sur deux roues \u2600\ufe0f"},"content":{"rendered":"\n<p>Le soleil brille, les oiseaux chantent et ton (E)-Bike est pr\u00eat : il est temps de passer \u00e0 la vitesse sup\u00e9rieure ou plut\u00f4t d&rsquo;abandonner le quotidien. Car qu&rsquo;y a-t-il de mieux que de vivre le printemps avec ton v\u00e9lo ?<\/p>\n\n<p>Que ce soit pour aller au travail, au parc ou \u00e0 la salle de sport, <strong>ton v\u00e9lo t&#8217;emm\u00e8nera partout<\/strong>, et ce avec de l&rsquo;air frais, de la l\u00e9g\u00e8ret\u00e9 et un sentiment de bien-\u00eatre.\ud83c\udf3e<\/p>\n\n<h2 class=\"wp-block-heading\">\ud83c\udf49 Bike to Picnic &#8211; Manger avec vue<\/h2>\n\n<p>Emporte une couverture, des snacks et tes proches pr\u00e9f\u00e9r\u00e9s et pars \u00e0 v\u00e9lo vers le lac, le parc ou n&rsquo;importe quel endroit o\u00f9 le quotidien fait une pause. Avec un si\u00e8ge enfant ou une remorque ? Pas de probl\u00e8me &#8211; <strong>le trajet est d\u00e9j\u00e0 le point fort.<\/strong><\/p>\n\n<p>Id\u00e9al pour des excursions d\u00e9contract\u00e9es \u00e0 la campagne. <a href=\"https:\/\/www.mybikeplan.ch\/fr\/produit\/allegro-alltour-ux-trekking-wave\">L&rsquo;Allegro Alltour UX Trekking<\/a> offre confort et stabilit\u00e9 sur les longues distances.<\/p>\n\n<figure class=\"wp-block-image size-large is-resized\" id=\"https:\/\/www.mybikeplan.ch\/produkt\/allegro-alltour-ux-trekking-wave\"><a href=\"https:\/\/listings.mybikeplan.ch\/wp-content\/uploads\/2025\/05\/Cilo-260-x-260-px-2025-05-06T104623.680-1024x1024.png\"><img loading=\"lazy\" decoding=\"async\" width=\"1024\" height=\"1024\" src=\"https:\/\/listings.mybikeplan.ch\/wp-content\/uploads\/2025\/05\/Cilo-260-x-260-px-2025-05-06T104623.680-1024x1024.png\" alt=\"\" class=\"wp-image-71718\" style=\"object-fit:cover;width:200px;height:200px\" srcset=\"https:\/\/listings.mybikeplan.ch\/wp-content\/uploads\/2025\/05\/Cilo-260-x-260-px-2025-05-06T104623.680-1024x1024.png 1024w, https:\/\/listings.mybikeplan.ch\/wp-content\/uploads\/2025\/05\/Cilo-260-x-260-px-2025-05-06T104623.680-360x360.png 360w, https:\/\/listings.mybikeplan.ch\/wp-content\/uploads\/2025\/05\/Cilo-260-x-260-px-2025-05-06T104623.680-768x768.png 768w, https:\/\/listings.mybikeplan.ch\/wp-content\/uploads\/2025\/05\/Cilo-260-x-260-px-2025-05-06T104623.680-666x666.png 666w, https:\/\/listings.mybikeplan.ch\/wp-content\/uploads\/2025\/05\/Cilo-260-x-260-px-2025-05-06T104623.680-100x100.png 100w, https:\/\/listings.mybikeplan.ch\/wp-content\/uploads\/2025\/05\/Cilo-260-x-260-px-2025-05-06T104623.680.png 1080w\" sizes=\"auto, (max-width: 1024px) 100vw, 1024px\" \/><\/a><\/figure>\n\n<h2 class=\"wp-block-heading\">\ud83c\udfcb\ufe0f Bike to Gym &#8211; \u00e9chauffement inclus<\/h2>\n\n<p>Pourquoi aller \u00e0 la salle de sport en voiture pour ensuite se retrouver sur un tapis roulant ? Ton v\u00e9lo est l&rsquo;\u00e9chauffement parfait &#8211; et la sensation cool qui suit est gratuite. Et avec un taux d&rsquo;int\u00e9r\u00eat de 0 %, tu le financeras aussi sereinement que ton entra\u00eenement.<\/p>\n\n<p>Pourquoi le <a href=\"https:\/\/www.mybikeplan.ch\/fr\/produit\/specialized-turbo-como-4-0-blue\">Specialized Turbo Como<\/a> est-il parfait pour la gym ?<\/p>\n\n<ul class=\"wp-block-list\">\n<li>L\u00e9ger, agile et avec un design sportif<\/li>\n\n\n\n<li>Super pour la ville &#8211; avancer rapidement sans transpirer<\/li>\n<\/ul>\n\n<figure class=\"wp-block-image size-large is-resized\" id=\"https:\/\/www.mybikeplan.ch\/produkt\/specialized-turbo-como-40-black\"><a href=\"https:\/\/listings.mybikeplan.ch\/wp-content\/uploads\/2025\/05\/Cilo-260-x-260-px-2025-05-06T105307.490-1024x1024.png\"><img loading=\"lazy\" decoding=\"async\" width=\"1024\" height=\"1024\" src=\"https:\/\/listings.mybikeplan.ch\/wp-content\/uploads\/2025\/05\/Cilo-260-x-260-px-2025-05-06T105307.490-1024x1024.png\" alt=\"\" class=\"wp-image-71721\" style=\"object-fit:cover;width:200px;height:200px\" srcset=\"https:\/\/listings.mybikeplan.ch\/wp-content\/uploads\/2025\/05\/Cilo-260-x-260-px-2025-05-06T105307.490-1024x1024.png 1024w, https:\/\/listings.mybikeplan.ch\/wp-content\/uploads\/2025\/05\/Cilo-260-x-260-px-2025-05-06T105307.490-360x360.png 360w, https:\/\/listings.mybikeplan.ch\/wp-content\/uploads\/2025\/05\/Cilo-260-x-260-px-2025-05-06T105307.490-768x768.png 768w, https:\/\/listings.mybikeplan.ch\/wp-content\/uploads\/2025\/05\/Cilo-260-x-260-px-2025-05-06T105307.490-666x666.png 666w, https:\/\/listings.mybikeplan.ch\/wp-content\/uploads\/2025\/05\/Cilo-260-x-260-px-2025-05-06T105307.490-100x100.png 100w, https:\/\/listings.mybikeplan.ch\/wp-content\/uploads\/2025\/05\/Cilo-260-x-260-px-2025-05-06T105307.490.png 1080w\" sizes=\"auto, (max-width: 1024px) 100vw, 1024px\" \/><\/a><\/figure>\n\n<h2 class=\"wp-block-heading\">\ud83e\uddd8 Bike to You &#8211; Me-Time en selle<\/h2>\n\n<p>Respirer l&rsquo;air printanier, se vider la t\u00eate et partir tout seul \u00e0 v\u00e9lo. Avec de la musique dans les oreilles ou simplement les bruits de la nature &#8211; <strong>ton v\u00e9lo t&#8217;emm\u00e8ne exactement l\u00e0 o\u00f9 tu peux respirer \u00e0 fond<\/strong>. Le <a href=\"https:\/\/www.mybikeplan.ch\/fr\/produkt\/cresta-e-fiore-wave-grey\">Cresta eFiore<\/a> t&rsquo;accompagne dans ce voyage !<\/p>\n\n<figure class=\"wp-block-image size-large is-resized\"><a href=\"https:\/\/listings.mybikeplan.ch\/wp-content\/uploads\/2025\/05\/Cilo-260-x-260-px-2025-05-06T110409.590-1024x1024.png\"><img loading=\"lazy\" decoding=\"async\" width=\"1024\" height=\"1024\" src=\"https:\/\/listings.mybikeplan.ch\/wp-content\/uploads\/2025\/05\/Cilo-260-x-260-px-2025-05-06T110409.590-1024x1024.png\" alt=\"\" class=\"wp-image-71724\" style=\"object-fit:cover;width:200px;height:200px\" srcset=\"https:\/\/listings.mybikeplan.ch\/wp-content\/uploads\/2025\/05\/Cilo-260-x-260-px-2025-05-06T110409.590-1024x1024.png 1024w, https:\/\/listings.mybikeplan.ch\/wp-content\/uploads\/2025\/05\/Cilo-260-x-260-px-2025-05-06T110409.590-360x360.png 360w, https:\/\/listings.mybikeplan.ch\/wp-content\/uploads\/2025\/05\/Cilo-260-x-260-px-2025-05-06T110409.590-768x768.png 768w, https:\/\/listings.mybikeplan.ch\/wp-content\/uploads\/2025\/05\/Cilo-260-x-260-px-2025-05-06T110409.590-666x666.png 666w, https:\/\/listings.mybikeplan.ch\/wp-content\/uploads\/2025\/05\/Cilo-260-x-260-px-2025-05-06T110409.590-100x100.png 100w, https:\/\/listings.mybikeplan.ch\/wp-content\/uploads\/2025\/05\/Cilo-260-x-260-px-2025-05-06T110409.590.png 1080w\" sizes=\"auto, (max-width: 1024px) 100vw, 1024px\" \/><\/a><\/figure>\n\n<h2 class=\"wp-block-heading\">\ud83d\udca1 Conclusion : le printemps est la saison du v\u00e9lo<\/h2>\n\n<p>Peu importe ce que tu veux faire : <strong>Ton v\u00e9lo t&rsquo;y emm\u00e8nera &#8211; plus d\u00e9tendu, plus flexible et avec une vraie bonne vibe<\/strong>. Et s&rsquo;il te manque encore le mod\u00e8le ad\u00e9quat : <a href=\"https:\/\/www.mybikeplan.ch\/fr\/brand-world\/mybikeplan?categories=test-drive\">on te conseille volontiers dans notre showroom ou en ligne<\/a>. C&rsquo;est le meilleur moment pour (re)prendre la route !<\/p>\n\n<figure class=\"wp-block-image size-large is-resized\"><a href=\"https:\/\/listings.mybikeplan.ch\/wp-content\/uploads\/2025\/04\/Cilo-260-x-260-px-Instagram-Post-68-1024x1024.png\"><img loading=\"lazy\" decoding=\"async\" width=\"1024\" height=\"1024\" src=\"https:\/\/listings.mybikeplan.ch\/wp-content\/uploads\/2025\/04\/Cilo-260-x-260-px-Instagram-Post-68-1024x1024.png\" alt=\"\" class=\"wp-image-71404\" style=\"object-fit:cover;width:250px;height:300px\" srcset=\"https:\/\/listings.mybikeplan.ch\/wp-content\/uploads\/2025\/04\/Cilo-260-x-260-px-Instagram-Post-68-1024x1024.png 1024w, https:\/\/listings.mybikeplan.ch\/wp-content\/uploads\/2025\/04\/Cilo-260-x-260-px-Instagram-Post-68-360x360.png 360w, https:\/\/listings.mybikeplan.ch\/wp-content\/uploads\/2025\/04\/Cilo-260-x-260-px-Instagram-Post-68-768x768.png 768w, https:\/\/listings.mybikeplan.ch\/wp-content\/uploads\/2025\/04\/Cilo-260-x-260-px-Instagram-Post-68-666x666.png 666w, https:\/\/listings.mybikeplan.ch\/wp-content\/uploads\/2025\/04\/Cilo-260-x-260-px-Instagram-Post-68-100x100.png 100w, https:\/\/listings.mybikeplan.ch\/wp-content\/uploads\/2025\/04\/Cilo-260-x-260-px-Instagram-Post-68.png 1080w\" sizes=\"auto, (max-width: 1024px) 100vw, 1024px\" \/><\/a><\/figure>\n\n<p><\/p>\n","protected":false},"excerpt":{"rendered":"<p>Le soleil brille, les oiseaux chantent et ton (E)-Bike est pr\u00eat : il est temps de passer \u00e0 la vitesse sup\u00e9rieure ou plut\u00f4t d&rsquo;abandonner le quotidien. Car qu&rsquo;y a-t-il de mieux que de vivre le printemps avec ton v\u00e9lo ? Que ce soit pour aller au travail, au parc ou \u00e0 la salle de sport, [&hellip;]<\/p>\n","protected":false},"author":8,"featured_media":71730,"comment_status":"open","ping_status":"open","sticky":false,"template":"","format":"standard","meta":{"_acf_changed":false,"footnotes":""},"categories":[9728],"tags":[],"class_list":["post-71732","post","type-post","status-publish","format-standard","has-post-thumbnail","hentry","category-mybikeplan-fr-2"],"acf":[],"yoast_head":"<!-- This site is optimized with the Yoast SEO plugin v24.5 - https:\/\/yoast.com\/wordpress\/plugins\/seo\/ -->\n<title>Back to Bike - Tes exp\u00e9riences printani\u00e8res sur deux roues \u2600\ufe0f - MyBikePlan<\/title>\n<meta name=\"description\" content=\"D\u00e9couvre comment profiter pleinement du printemps avec ton E-Bike, que ce soit pour un pique-nique, pour aller \u00e0 la gym ou pour de petites aventures quotidiennes. P\u00e9dale maintenant et profite !\" \/>\n<meta name=\"robots\" content=\"noindex, follow, max-snippet:-1, max-image-preview:large, max-video-preview:-1\" \/>\n<meta property=\"og:locale\" content=\"fr_FR\" \/>\n<meta property=\"og:type\" content=\"article\" \/>\n<meta property=\"og:title\" content=\"Back to Bike - Tes exp\u00e9riences printani\u00e8res sur deux roues \u2600\ufe0f - MyBikePlan\" \/>\n<meta property=\"og:description\" content=\"D\u00e9couvre comment profiter pleinement du printemps avec ton E-Bike, que ce soit pour un pique-nique, pour aller \u00e0 la gym ou pour de petites aventures quotidiennes. P\u00e9dale maintenant et profite !\" \/>\n<meta property=\"og:url\" content=\"https:\/\/listings.mybikeplan.ch\/fr\/mybikeplan-fr-2\/back-to-bike-tes-experiences-printanieres-sur-deux-raedern%e2%98%80%ef%b8%8f\/\" \/>\n<meta property=\"og:site_name\" content=\"MyBikePlan\" \/>\n<meta property=\"article:published_time\" content=\"2025-05-06T09:31:02+00:00\" \/>\n<meta property=\"article:modified_time\" content=\"2025-05-12T15:34:04+00:00\" \/>\n<meta property=\"og:image\" content=\"https:\/\/listings.mybikeplan.ch\/wp-content\/uploads\/2025\/05\/Newsletter-Header-Design-gross-600-x-300-px-2025-05-06T112131.289.png\" \/>\n\t<meta property=\"og:image:width\" content=\"600\" \/>\n\t<meta property=\"og:image:height\" content=\"300\" \/>\n\t<meta property=\"og:image:type\" content=\"image\/png\" \/>\n<meta name=\"author\" content=\"Sarah Schurtenberger\" \/>\n<meta name=\"twitter:card\" content=\"summary_large_image\" \/>\n<meta name=\"twitter:label1\" content=\"\u00c9crit par\" \/>\n\t<meta name=\"twitter:data1\" content=\"Sarah Schurtenberger\" \/>\n\t<meta name=\"twitter:label2\" content=\"Dur\u00e9e de lecture estim\u00e9e\" \/>\n\t<meta name=\"twitter:data2\" content=\"2 minutes\" \/>\n<script type=\"application\/ld+json\" class=\"yoast-schema-graph\">{\"@context\":\"https:\/\/schema.org\",\"@graph\":[{\"@type\":\"WebPage\",\"@id\":\"https:\/\/listings.mybikeplan.ch\/fr\/mybikeplan-fr-2\/back-to-bike-tes-experiences-printanieres-sur-deux-raedern%e2%98%80%ef%b8%8f\/\",\"url\":\"https:\/\/listings.mybikeplan.ch\/fr\/mybikeplan-fr-2\/back-to-bike-tes-experiences-printanieres-sur-deux-raedern%e2%98%80%ef%b8%8f\/\",\"name\":\"Back to Bike - Tes exp\u00e9riences printani\u00e8res sur deux roues \u2600\ufe0f - MyBikePlan\",\"isPartOf\":{\"@id\":\"https:\/\/listings.mybikeplan.ch\/fr\/#website\"},\"primaryImageOfPage\":{\"@id\":\"https:\/\/listings.mybikeplan.ch\/fr\/mybikeplan-fr-2\/back-to-bike-tes-experiences-printanieres-sur-deux-raedern%e2%98%80%ef%b8%8f\/#primaryimage\"},\"image\":{\"@id\":\"https:\/\/listings.mybikeplan.ch\/fr\/mybikeplan-fr-2\/back-to-bike-tes-experiences-printanieres-sur-deux-raedern%e2%98%80%ef%b8%8f\/#primaryimage\"},\"thumbnailUrl\":\"https:\/\/listings.mybikeplan.ch\/wp-content\/uploads\/2025\/05\/Newsletter-Header-Design-gross-600-x-300-px-2025-05-06T112131.289.png\",\"datePublished\":\"2025-05-06T09:31:02+00:00\",\"dateModified\":\"2025-05-12T15:34:04+00:00\",\"author\":{\"@id\":\"https:\/\/listings.mybikeplan.ch\/fr\/#\/schema\/person\/e0e5a80791dfc91677276d6d84c09181\"},\"description\":\"D\u00e9couvre comment profiter pleinement du printemps avec ton E-Bike, que ce soit pour un pique-nique, pour aller \u00e0 la gym ou pour de petites aventures quotidiennes. P\u00e9dale maintenant et profite !\",\"breadcrumb\":{\"@id\":\"https:\/\/listings.mybikeplan.ch\/fr\/mybikeplan-fr-2\/back-to-bike-tes-experiences-printanieres-sur-deux-raedern%e2%98%80%ef%b8%8f\/#breadcrumb\"},\"inLanguage\":\"fr-FR\",\"potentialAction\":[{\"@type\":\"ReadAction\",\"target\":[\"https:\/\/listings.mybikeplan.ch\/fr\/mybikeplan-fr-2\/back-to-bike-tes-experiences-printanieres-sur-deux-raedern%e2%98%80%ef%b8%8f\/\"]}]},{\"@type\":\"ImageObject\",\"inLanguage\":\"fr-FR\",\"@id\":\"https:\/\/listings.mybikeplan.ch\/fr\/mybikeplan-fr-2\/back-to-bike-tes-experiences-printanieres-sur-deux-raedern%e2%98%80%ef%b8%8f\/#primaryimage\",\"url\":\"https:\/\/listings.mybikeplan.ch\/wp-content\/uploads\/2025\/05\/Newsletter-Header-Design-gross-600-x-300-px-2025-05-06T112131.289.png\",\"contentUrl\":\"https:\/\/listings.mybikeplan.ch\/wp-content\/uploads\/2025\/05\/Newsletter-Header-Design-gross-600-x-300-px-2025-05-06T112131.289.png\",\"width\":600,\"height\":300},{\"@type\":\"BreadcrumbList\",\"@id\":\"https:\/\/listings.mybikeplan.ch\/fr\/mybikeplan-fr-2\/back-to-bike-tes-experiences-printanieres-sur-deux-raedern%e2%98%80%ef%b8%8f\/#breadcrumb\",\"itemListElement\":[{\"@type\":\"ListItem\",\"position\":1,\"name\":\"Home\",\"item\":\"https:\/\/listings.mybikeplan.ch\/fr\/home\/\"},{\"@type\":\"ListItem\",\"position\":2,\"name\":\"Back to Bike &#8211; Tes exp\u00e9riences printani\u00e8res sur deux roues \u2600\ufe0f\"}]},{\"@type\":\"WebSite\",\"@id\":\"https:\/\/listings.mybikeplan.ch\/fr\/#website\",\"url\":\"https:\/\/listings.mybikeplan.ch\/fr\/\",\"name\":\"MyBikePlan\",\"description\":\"\",\"potentialAction\":[{\"@type\":\"SearchAction\",\"target\":{\"@type\":\"EntryPoint\",\"urlTemplate\":\"https:\/\/listings.mybikeplan.ch\/fr\/?s={search_term_string}\"},\"query-input\":{\"@type\":\"PropertyValueSpecification\",\"valueRequired\":true,\"valueName\":\"search_term_string\"}}],\"inLanguage\":\"fr-FR\"},{\"@type\":\"Person\",\"@id\":\"https:\/\/listings.mybikeplan.ch\/fr\/#\/schema\/person\/e0e5a80791dfc91677276d6d84c09181\",\"name\":\"Sarah Schurtenberger\",\"image\":{\"@type\":\"ImageObject\",\"inLanguage\":\"fr-FR\",\"@id\":\"https:\/\/listings.mybikeplan.ch\/fr\/#\/schema\/person\/image\/\",\"url\":\"https:\/\/secure.gravatar.com\/avatar\/28b25580dea59e0c2443e8568461a29c99aed901e3ec3e6087dd8411c7a1bcd9?s=96&d=mm&r=g\",\"contentUrl\":\"https:\/\/secure.gravatar.com\/avatar\/28b25580dea59e0c2443e8568461a29c99aed901e3ec3e6087dd8411c7a1bcd9?s=96&d=mm&r=g\",\"caption\":\"Sarah Schurtenberger\"},\"url\":\"https:\/\/listings.mybikeplan.ch\/fr\/author\/sarah-mybikeplan\/\"}]}<\/script>\n<!-- \/ Yoast SEO plugin. -->","yoast_head_json":{"title":"Back to Bike - Tes exp\u00e9riences printani\u00e8res sur deux roues \u2600\ufe0f - MyBikePlan","description":"D\u00e9couvre comment profiter pleinement du printemps avec ton E-Bike, que ce soit pour un pique-nique, pour aller \u00e0 la gym ou pour de petites aventures quotidiennes. P\u00e9dale maintenant et profite !","robots":{"index":"noindex","follow":"follow","max-snippet":"max-snippet:-1","max-image-preview":"max-image-preview:large","max-video-preview":"max-video-preview:-1"},"og_locale":"fr_FR","og_type":"article","og_title":"Back to Bike - Tes exp\u00e9riences printani\u00e8res sur deux roues \u2600\ufe0f - MyBikePlan","og_description":"D\u00e9couvre comment profiter pleinement du printemps avec ton E-Bike, que ce soit pour un pique-nique, pour aller \u00e0 la gym ou pour de petites aventures quotidiennes. P\u00e9dale maintenant et profite !","og_url":"https:\/\/listings.mybikeplan.ch\/fr\/mybikeplan-fr-2\/back-to-bike-tes-experiences-printanieres-sur-deux-raedern%e2%98%80%ef%b8%8f\/","og_site_name":"MyBikePlan","article_published_time":"2025-05-06T09:31:02+00:00","article_modified_time":"2025-05-12T15:34:04+00:00","og_image":[{"width":600,"height":300,"url":"https:\/\/listings.mybikeplan.ch\/wp-content\/uploads\/2025\/05\/Newsletter-Header-Design-gross-600-x-300-px-2025-05-06T112131.289.png","type":"image\/png"}],"author":"Sarah Schurtenberger","twitter_card":"summary_large_image","twitter_misc":{"\u00c9crit par":"Sarah Schurtenberger","Dur\u00e9e de lecture estim\u00e9e":"2 minutes"},"schema":{"@context":"https:\/\/schema.org","@graph":[{"@type":"WebPage","@id":"https:\/\/listings.mybikeplan.ch\/fr\/mybikeplan-fr-2\/back-to-bike-tes-experiences-printanieres-sur-deux-raedern%e2%98%80%ef%b8%8f\/","url":"https:\/\/listings.mybikeplan.ch\/fr\/mybikeplan-fr-2\/back-to-bike-tes-experiences-printanieres-sur-deux-raedern%e2%98%80%ef%b8%8f\/","name":"Back to Bike - Tes exp\u00e9riences printani\u00e8res sur deux roues \u2600\ufe0f - MyBikePlan","isPartOf":{"@id":"https:\/\/listings.mybikeplan.ch\/fr\/#website"},"primaryImageOfPage":{"@id":"https:\/\/listings.mybikeplan.ch\/fr\/mybikeplan-fr-2\/back-to-bike-tes-experiences-printanieres-sur-deux-raedern%e2%98%80%ef%b8%8f\/#primaryimage"},"image":{"@id":"https:\/\/listings.mybikeplan.ch\/fr\/mybikeplan-fr-2\/back-to-bike-tes-experiences-printanieres-sur-deux-raedern%e2%98%80%ef%b8%8f\/#primaryimage"},"thumbnailUrl":"https:\/\/listings.mybikeplan.ch\/wp-content\/uploads\/2025\/05\/Newsletter-Header-Design-gross-600-x-300-px-2025-05-06T112131.289.png","datePublished":"2025-05-06T09:31:02+00:00","dateModified":"2025-05-12T15:34:04+00:00","author":{"@id":"https:\/\/listings.mybikeplan.ch\/fr\/#\/schema\/person\/e0e5a80791dfc91677276d6d84c09181"},"description":"D\u00e9couvre comment profiter pleinement du printemps avec ton E-Bike, que ce soit pour un pique-nique, pour aller \u00e0 la gym ou pour de petites aventures quotidiennes. P\u00e9dale maintenant et profite !","breadcrumb":{"@id":"https:\/\/listings.mybikeplan.ch\/fr\/mybikeplan-fr-2\/back-to-bike-tes-experiences-printanieres-sur-deux-raedern%e2%98%80%ef%b8%8f\/#breadcrumb"},"inLanguage":"fr-FR","potentialAction":[{"@type":"ReadAction","target":["https:\/\/listings.mybikeplan.ch\/fr\/mybikeplan-fr-2\/back-to-bike-tes-experiences-printanieres-sur-deux-raedern%e2%98%80%ef%b8%8f\/"]}]},{"@type":"ImageObject","inLanguage":"fr-FR","@id":"https:\/\/listings.mybikeplan.ch\/fr\/mybikeplan-fr-2\/back-to-bike-tes-experiences-printanieres-sur-deux-raedern%e2%98%80%ef%b8%8f\/#primaryimage","url":"https:\/\/listings.mybikeplan.ch\/wp-content\/uploads\/2025\/05\/Newsletter-Header-Design-gross-600-x-300-px-2025-05-06T112131.289.png","contentUrl":"https:\/\/listings.mybikeplan.ch\/wp-content\/uploads\/2025\/05\/Newsletter-Header-Design-gross-600-x-300-px-2025-05-06T112131.289.png","width":600,"height":300},{"@type":"BreadcrumbList","@id":"https:\/\/listings.mybikeplan.ch\/fr\/mybikeplan-fr-2\/back-to-bike-tes-experiences-printanieres-sur-deux-raedern%e2%98%80%ef%b8%8f\/#breadcrumb","itemListElement":[{"@type":"ListItem","position":1,"name":"Home","item":"https:\/\/listings.mybikeplan.ch\/fr\/home\/"},{"@type":"ListItem","position":2,"name":"Back to Bike &#8211; Tes exp\u00e9riences printani\u00e8res sur deux roues \u2600\ufe0f"}]},{"@type":"WebSite","@id":"https:\/\/listings.mybikeplan.ch\/fr\/#website","url":"https:\/\/listings.mybikeplan.ch\/fr\/","name":"MyBikePlan","description":"","potentialAction":[{"@type":"SearchAction","target":{"@type":"EntryPoint","urlTemplate":"https:\/\/listings.mybikeplan.ch\/fr\/?s={search_term_string}"},"query-input":{"@type":"PropertyValueSpecification","valueRequired":true,"valueName":"search_term_string"}}],"inLanguage":"fr-FR"},{"@type":"Person","@id":"https:\/\/listings.mybikeplan.ch\/fr\/#\/schema\/person\/e0e5a80791dfc91677276d6d84c09181","name":"Sarah Schurtenberger","image":{"@type":"ImageObject","inLanguage":"fr-FR","@id":"https:\/\/listings.mybikeplan.ch\/fr\/#\/schema\/person\/image\/","url":"https:\/\/secure.gravatar.com\/avatar\/28b25580dea59e0c2443e8568461a29c99aed901e3ec3e6087dd8411c7a1bcd9?s=96&d=mm&r=g","contentUrl":"https:\/\/secure.gravatar.com\/avatar\/28b25580dea59e0c2443e8568461a29c99aed901e3ec3e6087dd8411c7a1bcd9?s=96&d=mm&r=g","caption":"Sarah Schurtenberger"},"url":"https:\/\/listings.mybikeplan.ch\/fr\/author\/sarah-mybikeplan\/"}]}},"locale":"fr","_links":{"self":[{"href":"https:\/\/listings.mybikeplan.ch\/fr\/wp-json\/wp\/v2\/posts\/71732","targetHints":{"allow":["GET"]}}],"collection":[{"href":"https:\/\/listings.mybikeplan.ch\/fr\/wp-json\/wp\/v2\/posts"}],"about":[{"href":"https:\/\/listings.mybikeplan.ch\/fr\/wp-json\/wp\/v2\/types\/post"}],"author":[{"embeddable":true,"href":"https:\/\/listings.mybikeplan.ch\/fr\/wp-json\/wp\/v2\/users\/8"}],"replies":[{"embeddable":true,"href":"https:\/\/listings.mybikeplan.ch\/fr\/wp-json\/wp\/v2\/comments?post=71732"}],"version-history":[{"count":4,"href":"https:\/\/listings.mybikeplan.ch\/fr\/wp-json\/wp\/v2\/posts\/71732\/revisions"}],"predecessor-version":[{"id":71754,"href":"https:\/\/listings.mybikeplan.ch\/fr\/wp-json\/wp\/v2\/posts\/71732\/revisions\/71754"}],"wp:featuredmedia":[{"embeddable":true,"href":"https:\/\/listings.mybikeplan.ch\/fr\/wp-json\/wp\/v2\/media\/71730"}],"wp:attachment":[{"href":"https:\/\/listings.mybikeplan.ch\/fr\/wp-json\/wp\/v2\/media?parent=71732"}],"wp:term":[{"taxonomy":"category","embeddable":true,"href":"https:\/\/listings.mybikeplan.ch\/fr\/wp-json\/wp\/v2\/categories?post=71732"},{"taxonomy":"post_tag","embeddable":true,"href":"https:\/\/listings.mybikeplan.ch\/fr\/wp-json\/wp\/v2\/tags?post=71732"}],"curies":[{"name":"wp","href":"https:\/\/api.w.org\/{rel}","templated":true}]}}