{"id":66878,"date":"2024-07-30T09:30:42","date_gmt":"2024-07-30T09:30:42","guid":{"rendered":"https:\/\/listings.mybikeplan.ch\/non-classifiee\/a-velo-a-travers-la-suisse-les-plus-beaux-itineraires-pour-le-1er-aout-%f0%9f%9a%b4%f0%9f%8f%bc%e2%99%82%ef%b8%8f\/"},"modified":"2024-07-30T11:59:46","modified_gmt":"2024-07-30T11:59:46","slug":"a-velo-a-travers-la-suisse-les-plus-beaux-itineraires-pour-le-1er-aout-%f0%9f%9a%b4%f0%9f%8f%bc%e2%99%82%ef%b8%8f","status":"publish","type":"post","link":"https:\/\/listings.mybikeplan.ch\/fr\/mybikeplan-fr-2\/a-velo-a-travers-la-suisse-les-plus-beaux-itineraires-pour-le-1er-aout-%f0%9f%9a%b4%f0%9f%8f%bc%e2%99%82%ef%b8%8f\/","title":{"rendered":"En v\u00e9lo \u00e0 travers la Suisse : Les plus beaux itin\u00e9raires pour le 1er ao\u00fbt \ud83d\udeb4\ud83c\udffc\u200d\u2642\ufe0f"},"content":{"rendered":"\n<p>Le 1er ao\u00fbt, la f\u00eate nationale suisse, est une occasion parfaite pour explorer les paysages vari\u00e9s et \u00e9poustouflants de la Suisse \u00e0 v\u00e9lo. Que tu sois un cycliste exp\u00e9riment\u00e9 ou un amateur de balades, la Suisse offre des itin\u00e9raires adapt\u00e9s \u00e0 tous les go\u00fbts. Voici quelques-unes des plus belles randonn\u00e9es \u00e0 v\u00e9lo que tu peux entreprendre le 1er ao\u00fbt, ainsi que des recommandations pour des marques de v\u00e9los suisses appropri\u00e9es.<\/p>\n\n<h2 class=\"wp-block-heading\"><h2>1. Le tour des quatre lacs en Suisse centrale<\/h2><\/h2>\n\n<h4 class=\"wp-block-heading\"><strong>Itin\u00e9raire<\/strong> :<\/h4>\n\n<ul class=\"wp-block-list\">\n<li><strong>D\u00e9part<\/strong> : Lucerne<\/li>\n\n\n\n<li><strong>Arriv\u00e9e<\/strong> : Interlaken<\/li>\n\n\n\n<li><strong>Longueur<\/strong> : environ 80 km<\/li>\n<\/ul>\n\n<p>Cet itin\u00e9raire pittoresque longe les lacs de Quatre-Cantons, Sarnersee, Lungernsee et Brienzersee. Le parcours offre des vues spectaculaires sur les Alpes et est \u00e0 la fois attrayant sur le plan paysager et techniquement exigeant. Une balade pour les v\u00e9ritables amateurs de paysages et les passionn\u00e9s de sensations fortes ! \u26a1<\/p>\n\n<h4 class=\"wp-block-heading\"><strong>Points d\u2019int\u00e9r\u00eat :<\/strong><\/h4>\n\n<ul class=\"wp-block-list\">\n<li><strong>Lucerne<\/strong> : Le Kapellbr\u00fccke et le Mus\u00e9e des Transports de Suisse.<\/li>\n\n\n\n<li><strong>Brienzersee<\/strong> : Une croisi\u00e8re sur le lac turquoise.<\/li>\n\n\n\n<li><strong>Interlaken<\/strong> : L&rsquo;endroit id\u00e9al pour conclure avec une vue sur les sommets de l&rsquo;Eiger, du M\u00f6nch et de la Jungfrau.<\/li>\n<\/ul>\n\n<h4 class=\"wp-block-heading\"><strong>Recommandation de v\u00e9lo :<\/strong><\/h4>\n\n<p>Pour cette excursion, un <a href=\"https:\/\/www.mybikeplan.ch\/fr\/alle-modelle-e-bike-schweiz?categories=e-trekking&amp;amp;brand=cresta%22&amp;brand=cresta\">Trekkinh E-Bike confortable de chez <strong>Cresta<\/strong> <\/a>est particuli\u00e8rement adapt\u00e9, offrant \u00e0 la fois un grand confort pour les longues distances et une performance optimale pour les pentes occasionnelles.<\/p>\n\n<h2 class=\"wp-block-heading\"><h2>2. L\u2019itin\u00e9raire de la vall\u00e9e du Rhin<\/h2><\/h2>\n\n<h4 class=\"wp-block-heading\"><strong>Itin\u00e9raire<\/strong> :<\/h4>\n\n<ul class=\"wp-block-list\">\n<li><strong>D\u00e9part<\/strong> : Chur<\/li>\n\n\n\n<li><strong>Arriv\u00e9e<\/strong> : Schaffhouse<\/li>\n\n\n\n<li><strong>Arriv\u00e9e<\/strong> : Schaffhouse<\/li>\n<\/ul>\n\n<p>Cet itin\u00e9raire suit le Rhin et propose un parcours plus plat, id\u00e9al pour les familles et les amateurs de balades tranquilles. Il traverse des villages viticoles pittoresques et passe devant des sites historiques.<\/p>\n\n<h4 class=\"wp-block-heading\"><strong>Points d\u2019int\u00e9r\u00eat :<\/strong><\/h4>\n\n<ul class=\"wp-block-list\">\n<li><strong>Chur<\/strong> : La plus ancienne ville de Suisse avec sa charmante vieille ville.<\/li>\n\n\n\n<li><strong>Rheinfall<\/strong> : La plus grande cascade d&rsquo;Europe, un incontournable.<\/li>\n\n\n\n<li><strong>Schaffhouse<\/strong> : la forteresse du Munot et la vieille ville pittoresque.<\/li>\n<\/ul>\n\n<h4 class=\"wp-block-heading\"><strong>Recommandation de v\u00e9lo :<\/strong><\/h4>\n\n<p>Un trekking E-Bike<a href=\"https:\/\/www.mybikeplan.ch\/fr\/produit\/cilo-rivertour-ctfu-06-oliv\">\u00a0l\u00e9ger et fiable de chez <strong>Cilo<\/strong><\/a> est id\u00e9al pour cet itin\u00e9raire, offrant \u00e0 la fois confort et performance sur les longues distances.<\/p>\n\n<figure class=\"wp-block-image size-large\"><a href=\"https:\/\/listings.mybikeplan.ch\/wp-content\/uploads\/2024\/07\/August_Lampion-1024x576.jpeg\"><img loading=\"lazy\" decoding=\"async\" width=\"1024\" height=\"576\" src=\"https:\/\/listings.mybikeplan.ch\/wp-content\/uploads\/2024\/07\/August_Lampion-1024x576.jpeg\" alt=\"\" class=\"wp-image-66871\" srcset=\"https:\/\/listings.mybikeplan.ch\/wp-content\/uploads\/2024\/07\/August_Lampion-1024x576.jpeg 1024w, https:\/\/listings.mybikeplan.ch\/wp-content\/uploads\/2024\/07\/August_Lampion-555x312.jpeg 555w, https:\/\/listings.mybikeplan.ch\/wp-content\/uploads\/2024\/07\/August_Lampion-570x320.jpeg 570w, https:\/\/listings.mybikeplan.ch\/wp-content\/uploads\/2024\/07\/August_Lampion-768x432.jpeg 768w, https:\/\/listings.mybikeplan.ch\/wp-content\/uploads\/2024\/07\/August_Lampion-666x375.jpeg 666w, https:\/\/listings.mybikeplan.ch\/wp-content\/uploads\/2024\/07\/August_Lampion.jpeg 1440w\" sizes=\"auto, (max-width: 1024px) 100vw, 1024px\" \/><\/a><\/figure>\n\n<h2 class=\"wp-block-heading\"><h2>3. L\u2019itin\u00e9raire de l\u2019Emmental<\/h2><\/h2>\n\n<h4 class=\"wp-block-heading\"><strong>Itin\u00e9raire<\/strong> :<\/h4>\n\n<ul class=\"wp-block-list\">\n<li><strong>D\u00e9part<\/strong> : Burgdorf<\/li>\n\n\n\n<li><strong>Arriv\u00e9e<\/strong> : Thou<\/li>\n\n\n\n<li><strong>Longueur<\/strong> : environ 70 km<\/li>\n<\/ul>\n\n<p>L\u2019Emmental est r\u00e9put\u00e9 pour ses paysages vallonn\u00e9s et ses sp\u00e9cialit\u00e9s culinaires. Cet itin\u00e9raire offre un m\u00e9lange de collines douces et de villages pittoresques.<\/p>\n\n<h4 class=\"wp-block-heading\"><strong>Points d\u2019int\u00e9r\u00eat :<\/strong><\/h4>\n\n<ul class=\"wp-block-list\">\n<li><strong>Burgdorf<\/strong> : Le ch\u00e2teau de Burgdorf et le mus\u00e9e historique.<\/li>\n\n\n\n<li><strong>Emmental<\/strong> : Visite d&rsquo;une fromagerie pour go\u00fbter le c\u00e9l\u00e8bre fromage Emmental.<\/li>\n\n\n\n<li><strong>Thoune<\/strong> : La vieille ville et le ch\u00e2teau de Thoune.<\/li>\n<\/ul>\n\n<h4 class=\"wp-block-heading\"><strong>Recommandation de v\u00e9lo :<\/strong><\/h4>\n\n<p><a href=\"https:\/\/www.mybikeplan.ch\/fr\/alle-modelle-e-bike-schweiz?categories=e-mountain,swiss-made&amp;brand=bergstrom\">Un Mountain E-Bike robuste de chez <strong>Bergstrom<\/strong><\/a> est parfait pour le paysage vallonn\u00e9 et vari\u00e9 de l\u2019Emmental.<\/p>\n\n<h2 class=\"wp-block-heading\"><h2>4. L\u2019itin\u00e9raire du Jura<\/h2><\/h2>\n\n<h4 class=\"wp-block-heading\"><strong>Itin\u00e9raire<\/strong> :<\/h4>\n\n<ul class=\"wp-block-list\">\n<li><strong>D\u00e9part<\/strong> : B\u00e2le<\/li>\n\n\n\n<li><strong>Arriv\u00e9e<\/strong> : Nyon<\/li>\n\n\n\n<li><strong>Longueur<\/strong> : environ 300 km<\/li>\n<\/ul>\n\n<p>Cet itin\u00e9raire traverse les r\u00e9gions bois\u00e9es du Jura et offre de nombreuses occasions d&rsquo;observer la nature et de se d\u00e9tendre loin des grands flux touristiques.<\/p>\n\n<h4 class=\"wp-block-heading\"><strong>Points d\u2019int\u00e9r\u00eat :<\/strong><\/h4>\n\n<ul class=\"wp-block-list\">\n<li><strong>B\u00e2le<\/strong> : Le mus\u00e9e des Beaux-Arts et la vieille ville.<\/li>\n\n\n\n<li><strong>Creux du Van<\/strong> : Un impressionnant cirque rocheux.<\/li>\n\n\n\n<li><strong>Nyon<\/strong> : Le ch\u00e2teau de Nyon et la promenade au bord du lac L\u00e9man.<\/li>\n<\/ul>\n\n<h4 class=\"wp-block-heading\"><strong>Recommandation de v\u00e9lo :<\/strong><\/h4>\n\n<p><a href=\"https:\/\/www.mybikeplan.ch\/fr\/alle-modelle-e-bike-schweiz?categories=45-km&amp;brand=stromer\">Un E-Bike 45 km\/h de chez <strong>Stromer<\/strong><\/a> est id\u00e9al pour cet itin\u00e9raire long et permet de gravir ais\u00e9ment les mont\u00e9es les plus exigeantes.<\/p>\n\n<h4 class=\"wp-block-heading\">Conclusion:<\/h4>\n\n<p>Peu importe l&rsquo;itin\u00e9raire que tu choisiras, la Suisse se d\u00e9voilera dans toute sa beaut\u00e9. C\u00e9l\u00e9brons la Suisse \u00e0 fond et profitons pleinement de son anniversaire !<\/p>\n\n<p>Nous vous souhaitons un merveilleux 1er ao\u00fbt.<\/p>\n","protected":false},"excerpt":{"rendered":"<p>Le 1er ao\u00fbt, la f\u00eate nationale suisse, est une occasion parfaite pour explorer les paysages vari\u00e9s et \u00e9poustouflants de la Suisse \u00e0 v\u00e9lo. Que tu sois un cycliste exp\u00e9riment\u00e9 ou un amateur de balades, la Suisse offre des itin\u00e9raires adapt\u00e9s \u00e0 tous les go\u00fbts. Voici quelques-unes des plus belles randonn\u00e9es \u00e0 v\u00e9lo que tu peux [&hellip;]<\/p>\n","protected":false},"author":15,"featured_media":66876,"comment_status":"open","ping_status":"open","sticky":false,"template":"","format":"standard","meta":{"_acf_changed":false,"footnotes":""},"categories":[9727,9728],"tags":[11430,11429,11427,11431,11182,11428],"class_list":["post-66878","post","type-post","status-publish","format-standard","has-post-thumbnail","hentry","category-conseils-et-astuces","category-mybikeplan-fr-2","tag-e-bike-fr","tag-excursions-en-suisse","tag-le-1er-aout","tag-marques-suisses","tag-suisse","tag-tours"],"acf":[],"yoast_head":"<!-- This site is optimized with the Yoast SEO plugin v24.5 - https:\/\/yoast.com\/wordpress\/plugins\/seo\/ -->\n<title>En v\u00e9lo \u00e0 travers la Suisse : Les plus beaux itin\u00e9raires pour le 1er ao\u00fbt \ud83d\udeb4\ud83c\udffc\u200d\u2642\ufe0f - MyBikePlan<\/title>\n<meta name=\"robots\" content=\"noindex, follow, max-snippet:-1, max-image-preview:large, max-video-preview:-1\" \/>\n<meta property=\"og:locale\" content=\"fr_FR\" \/>\n<meta property=\"og:type\" content=\"article\" \/>\n<meta property=\"og:title\" content=\"En v\u00e9lo \u00e0 travers la Suisse : Les plus beaux itin\u00e9raires pour le 1er ao\u00fbt \ud83d\udeb4\ud83c\udffc\u200d\u2642\ufe0f - MyBikePlan\" \/>\n<meta property=\"og:description\" content=\"Le 1er ao\u00fbt, la f\u00eate nationale suisse, est une occasion parfaite pour explorer les paysages vari\u00e9s et \u00e9poustouflants de la Suisse \u00e0 v\u00e9lo. Que tu sois un cycliste exp\u00e9riment\u00e9 ou un amateur de balades, la Suisse offre des itin\u00e9raires adapt\u00e9s \u00e0 tous les go\u00fbts. Voici quelques-unes des plus belles randonn\u00e9es \u00e0 v\u00e9lo que tu peux [&hellip;]\" \/>\n<meta property=\"og:url\" content=\"https:\/\/listings.mybikeplan.ch\/fr\/mybikeplan-fr-2\/a-velo-a-travers-la-suisse-les-plus-beaux-itineraires-pour-le-1er-aout-%f0%9f%9a%b4%f0%9f%8f%bc%e2%99%82%ef%b8%8f\/\" \/>\n<meta property=\"og:site_name\" content=\"MyBikePlan\" \/>\n<meta property=\"article:published_time\" content=\"2024-07-30T09:30:42+00:00\" \/>\n<meta property=\"article:modified_time\" content=\"2024-07-30T11:59:46+00:00\" \/>\n<meta property=\"og:image\" content=\"https:\/\/listings.mybikeplan.ch\/wp-content\/uploads\/2024\/07\/Schweiz.jpg\" \/>\n\t<meta property=\"og:image:width\" content=\"915\" \/>\n\t<meta property=\"og:image:height\" content=\"675\" \/>\n\t<meta property=\"og:image:type\" content=\"image\/jpeg\" \/>\n<meta name=\"author\" content=\"Evelyne Aschwanden\" \/>\n<meta name=\"twitter:card\" content=\"summary_large_image\" \/>\n<meta name=\"twitter:label1\" content=\"\u00c9crit par\" \/>\n\t<meta name=\"twitter:data1\" content=\"Evelyne Aschwanden\" \/>\n\t<meta name=\"twitter:label2\" content=\"Dur\u00e9e de lecture estim\u00e9e\" \/>\n\t<meta name=\"twitter:data2\" content=\"3 minutes\" \/>\n<script type=\"application\/ld+json\" class=\"yoast-schema-graph\">{\"@context\":\"https:\/\/schema.org\",\"@graph\":[{\"@type\":\"WebPage\",\"@id\":\"https:\/\/listings.mybikeplan.ch\/fr\/mybikeplan-fr-2\/a-velo-a-travers-la-suisse-les-plus-beaux-itineraires-pour-le-1er-aout-%f0%9f%9a%b4%f0%9f%8f%bc%e2%99%82%ef%b8%8f\/\",\"url\":\"https:\/\/listings.mybikeplan.ch\/fr\/mybikeplan-fr-2\/a-velo-a-travers-la-suisse-les-plus-beaux-itineraires-pour-le-1er-aout-%f0%9f%9a%b4%f0%9f%8f%bc%e2%99%82%ef%b8%8f\/\",\"name\":\"En v\u00e9lo \u00e0 travers la Suisse : Les plus beaux itin\u00e9raires pour le 1er ao\u00fbt \ud83d\udeb4\ud83c\udffc\u200d\u2642\ufe0f - MyBikePlan\",\"isPartOf\":{\"@id\":\"https:\/\/listings.mybikeplan.ch\/fr\/#website\"},\"primaryImageOfPage\":{\"@id\":\"https:\/\/listings.mybikeplan.ch\/fr\/mybikeplan-fr-2\/a-velo-a-travers-la-suisse-les-plus-beaux-itineraires-pour-le-1er-aout-%f0%9f%9a%b4%f0%9f%8f%bc%e2%99%82%ef%b8%8f\/#primaryimage\"},\"image\":{\"@id\":\"https:\/\/listings.mybikeplan.ch\/fr\/mybikeplan-fr-2\/a-velo-a-travers-la-suisse-les-plus-beaux-itineraires-pour-le-1er-aout-%f0%9f%9a%b4%f0%9f%8f%bc%e2%99%82%ef%b8%8f\/#primaryimage\"},\"thumbnailUrl\":\"https:\/\/listings.mybikeplan.ch\/wp-content\/uploads\/2024\/07\/Schweiz.jpg\",\"datePublished\":\"2024-07-30T09:30:42+00:00\",\"dateModified\":\"2024-07-30T11:59:46+00:00\",\"author\":{\"@id\":\"https:\/\/listings.mybikeplan.ch\/fr\/#\/schema\/person\/514a6130749cc58319f751509338dafd\"},\"breadcrumb\":{\"@id\":\"https:\/\/listings.mybikeplan.ch\/fr\/mybikeplan-fr-2\/a-velo-a-travers-la-suisse-les-plus-beaux-itineraires-pour-le-1er-aout-%f0%9f%9a%b4%f0%9f%8f%bc%e2%99%82%ef%b8%8f\/#breadcrumb\"},\"inLanguage\":\"fr-FR\",\"potentialAction\":[{\"@type\":\"ReadAction\",\"target\":[\"https:\/\/listings.mybikeplan.ch\/fr\/mybikeplan-fr-2\/a-velo-a-travers-la-suisse-les-plus-beaux-itineraires-pour-le-1er-aout-%f0%9f%9a%b4%f0%9f%8f%bc%e2%99%82%ef%b8%8f\/\"]}]},{\"@type\":\"ImageObject\",\"inLanguage\":\"fr-FR\",\"@id\":\"https:\/\/listings.mybikeplan.ch\/fr\/mybikeplan-fr-2\/a-velo-a-travers-la-suisse-les-plus-beaux-itineraires-pour-le-1er-aout-%f0%9f%9a%b4%f0%9f%8f%bc%e2%99%82%ef%b8%8f\/#primaryimage\",\"url\":\"https:\/\/listings.mybikeplan.ch\/wp-content\/uploads\/2024\/07\/Schweiz.jpg\",\"contentUrl\":\"https:\/\/listings.mybikeplan.ch\/wp-content\/uploads\/2024\/07\/Schweiz.jpg\",\"width\":915,\"height\":675,\"caption\":\"copyright by RedOrbiter www.Trail.ch Jede Verwendung, Gebrauch und Ver\u00f6ffentlichung des Fotos erfordert die ausdr\u00fcckliche Erlaubnis vom Rechteinhaber dieses Bildes. contact: redorbiter@Trail.ch www.Trail.ch\"},{\"@type\":\"BreadcrumbList\",\"@id\":\"https:\/\/listings.mybikeplan.ch\/fr\/mybikeplan-fr-2\/a-velo-a-travers-la-suisse-les-plus-beaux-itineraires-pour-le-1er-aout-%f0%9f%9a%b4%f0%9f%8f%bc%e2%99%82%ef%b8%8f\/#breadcrumb\",\"itemListElement\":[{\"@type\":\"ListItem\",\"position\":1,\"name\":\"Home\",\"item\":\"https:\/\/listings.mybikeplan.ch\/fr\/home\/\"},{\"@type\":\"ListItem\",\"position\":2,\"name\":\"En v\u00e9lo \u00e0 travers la Suisse : Les plus beaux itin\u00e9raires pour le 1er ao\u00fbt \ud83d\udeb4\ud83c\udffc\u200d\u2642\ufe0f\"}]},{\"@type\":\"WebSite\",\"@id\":\"https:\/\/listings.mybikeplan.ch\/fr\/#website\",\"url\":\"https:\/\/listings.mybikeplan.ch\/fr\/\",\"name\":\"MyBikePlan\",\"description\":\"\",\"potentialAction\":[{\"@type\":\"SearchAction\",\"target\":{\"@type\":\"EntryPoint\",\"urlTemplate\":\"https:\/\/listings.mybikeplan.ch\/fr\/?s={search_term_string}\"},\"query-input\":{\"@type\":\"PropertyValueSpecification\",\"valueRequired\":true,\"valueName\":\"search_term_string\"}}],\"inLanguage\":\"fr-FR\"},{\"@type\":\"Person\",\"@id\":\"https:\/\/listings.mybikeplan.ch\/fr\/#\/schema\/person\/514a6130749cc58319f751509338dafd\",\"name\":\"Evelyne Aschwanden\",\"image\":{\"@type\":\"ImageObject\",\"inLanguage\":\"fr-FR\",\"@id\":\"https:\/\/listings.mybikeplan.ch\/fr\/#\/schema\/person\/image\/\",\"url\":\"https:\/\/secure.gravatar.com\/avatar\/73f0cad78e1012b10bb7c10f05a99be7009e6621353849483b51025ae56a6b37?s=96&d=mm&r=g\",\"contentUrl\":\"https:\/\/secure.gravatar.com\/avatar\/73f0cad78e1012b10bb7c10f05a99be7009e6621353849483b51025ae56a6b37?s=96&d=mm&r=g\",\"caption\":\"Evelyne Aschwanden\"},\"url\":\"https:\/\/listings.mybikeplan.ch\/fr\/author\/evelyne-mybikeplan\/\"}]}<\/script>\n<!-- \/ Yoast SEO plugin. -->","yoast_head_json":{"title":"En v\u00e9lo \u00e0 travers la Suisse : Les plus beaux itin\u00e9raires pour le 1er ao\u00fbt \ud83d\udeb4\ud83c\udffc\u200d\u2642\ufe0f - MyBikePlan","robots":{"index":"noindex","follow":"follow","max-snippet":"max-snippet:-1","max-image-preview":"max-image-preview:large","max-video-preview":"max-video-preview:-1"},"og_locale":"fr_FR","og_type":"article","og_title":"En v\u00e9lo \u00e0 travers la Suisse : Les plus beaux itin\u00e9raires pour le 1er ao\u00fbt \ud83d\udeb4\ud83c\udffc\u200d\u2642\ufe0f - MyBikePlan","og_description":"Le 1er ao\u00fbt, la f\u00eate nationale suisse, est une occasion parfaite pour explorer les paysages vari\u00e9s et \u00e9poustouflants de la Suisse \u00e0 v\u00e9lo. Que tu sois un cycliste exp\u00e9riment\u00e9 ou un amateur de balades, la Suisse offre des itin\u00e9raires adapt\u00e9s \u00e0 tous les go\u00fbts. Voici quelques-unes des plus belles randonn\u00e9es \u00e0 v\u00e9lo que tu peux [&hellip;]","og_url":"https:\/\/listings.mybikeplan.ch\/fr\/mybikeplan-fr-2\/a-velo-a-travers-la-suisse-les-plus-beaux-itineraires-pour-le-1er-aout-%f0%9f%9a%b4%f0%9f%8f%bc%e2%99%82%ef%b8%8f\/","og_site_name":"MyBikePlan","article_published_time":"2024-07-30T09:30:42+00:00","article_modified_time":"2024-07-30T11:59:46+00:00","og_image":[{"width":915,"height":675,"url":"https:\/\/listings.mybikeplan.ch\/wp-content\/uploads\/2024\/07\/Schweiz.jpg","type":"image\/jpeg"}],"author":"Evelyne Aschwanden","twitter_card":"summary_large_image","twitter_misc":{"\u00c9crit par":"Evelyne Aschwanden","Dur\u00e9e de lecture estim\u00e9e":"3 minutes"},"schema":{"@context":"https:\/\/schema.org","@graph":[{"@type":"WebPage","@id":"https:\/\/listings.mybikeplan.ch\/fr\/mybikeplan-fr-2\/a-velo-a-travers-la-suisse-les-plus-beaux-itineraires-pour-le-1er-aout-%f0%9f%9a%b4%f0%9f%8f%bc%e2%99%82%ef%b8%8f\/","url":"https:\/\/listings.mybikeplan.ch\/fr\/mybikeplan-fr-2\/a-velo-a-travers-la-suisse-les-plus-beaux-itineraires-pour-le-1er-aout-%f0%9f%9a%b4%f0%9f%8f%bc%e2%99%82%ef%b8%8f\/","name":"En v\u00e9lo \u00e0 travers la Suisse : Les plus beaux itin\u00e9raires pour le 1er ao\u00fbt \ud83d\udeb4\ud83c\udffc\u200d\u2642\ufe0f - MyBikePlan","isPartOf":{"@id":"https:\/\/listings.mybikeplan.ch\/fr\/#website"},"primaryImageOfPage":{"@id":"https:\/\/listings.mybikeplan.ch\/fr\/mybikeplan-fr-2\/a-velo-a-travers-la-suisse-les-plus-beaux-itineraires-pour-le-1er-aout-%f0%9f%9a%b4%f0%9f%8f%bc%e2%99%82%ef%b8%8f\/#primaryimage"},"image":{"@id":"https:\/\/listings.mybikeplan.ch\/fr\/mybikeplan-fr-2\/a-velo-a-travers-la-suisse-les-plus-beaux-itineraires-pour-le-1er-aout-%f0%9f%9a%b4%f0%9f%8f%bc%e2%99%82%ef%b8%8f\/#primaryimage"},"thumbnailUrl":"https:\/\/listings.mybikeplan.ch\/wp-content\/uploads\/2024\/07\/Schweiz.jpg","datePublished":"2024-07-30T09:30:42+00:00","dateModified":"2024-07-30T11:59:46+00:00","author":{"@id":"https:\/\/listings.mybikeplan.ch\/fr\/#\/schema\/person\/514a6130749cc58319f751509338dafd"},"breadcrumb":{"@id":"https:\/\/listings.mybikeplan.ch\/fr\/mybikeplan-fr-2\/a-velo-a-travers-la-suisse-les-plus-beaux-itineraires-pour-le-1er-aout-%f0%9f%9a%b4%f0%9f%8f%bc%e2%99%82%ef%b8%8f\/#breadcrumb"},"inLanguage":"fr-FR","potentialAction":[{"@type":"ReadAction","target":["https:\/\/listings.mybikeplan.ch\/fr\/mybikeplan-fr-2\/a-velo-a-travers-la-suisse-les-plus-beaux-itineraires-pour-le-1er-aout-%f0%9f%9a%b4%f0%9f%8f%bc%e2%99%82%ef%b8%8f\/"]}]},{"@type":"ImageObject","inLanguage":"fr-FR","@id":"https:\/\/listings.mybikeplan.ch\/fr\/mybikeplan-fr-2\/a-velo-a-travers-la-suisse-les-plus-beaux-itineraires-pour-le-1er-aout-%f0%9f%9a%b4%f0%9f%8f%bc%e2%99%82%ef%b8%8f\/#primaryimage","url":"https:\/\/listings.mybikeplan.ch\/wp-content\/uploads\/2024\/07\/Schweiz.jpg","contentUrl":"https:\/\/listings.mybikeplan.ch\/wp-content\/uploads\/2024\/07\/Schweiz.jpg","width":915,"height":675,"caption":"copyright by RedOrbiter www.Trail.ch Jede Verwendung, Gebrauch und Ver\u00f6ffentlichung des Fotos erfordert die ausdr\u00fcckliche Erlaubnis vom Rechteinhaber dieses Bildes. contact: redorbiter@Trail.ch www.Trail.ch"},{"@type":"BreadcrumbList","@id":"https:\/\/listings.mybikeplan.ch\/fr\/mybikeplan-fr-2\/a-velo-a-travers-la-suisse-les-plus-beaux-itineraires-pour-le-1er-aout-%f0%9f%9a%b4%f0%9f%8f%bc%e2%99%82%ef%b8%8f\/#breadcrumb","itemListElement":[{"@type":"ListItem","position":1,"name":"Home","item":"https:\/\/listings.mybikeplan.ch\/fr\/home\/"},{"@type":"ListItem","position":2,"name":"En v\u00e9lo \u00e0 travers la Suisse : Les plus beaux itin\u00e9raires pour le 1er ao\u00fbt \ud83d\udeb4\ud83c\udffc\u200d\u2642\ufe0f"}]},{"@type":"WebSite","@id":"https:\/\/listings.mybikeplan.ch\/fr\/#website","url":"https:\/\/listings.mybikeplan.ch\/fr\/","name":"MyBikePlan","description":"","potentialAction":[{"@type":"SearchAction","target":{"@type":"EntryPoint","urlTemplate":"https:\/\/listings.mybikeplan.ch\/fr\/?s={search_term_string}"},"query-input":{"@type":"PropertyValueSpecification","valueRequired":true,"valueName":"search_term_string"}}],"inLanguage":"fr-FR"},{"@type":"Person","@id":"https:\/\/listings.mybikeplan.ch\/fr\/#\/schema\/person\/514a6130749cc58319f751509338dafd","name":"Evelyne Aschwanden","image":{"@type":"ImageObject","inLanguage":"fr-FR","@id":"https:\/\/listings.mybikeplan.ch\/fr\/#\/schema\/person\/image\/","url":"https:\/\/secure.gravatar.com\/avatar\/73f0cad78e1012b10bb7c10f05a99be7009e6621353849483b51025ae56a6b37?s=96&d=mm&r=g","contentUrl":"https:\/\/secure.gravatar.com\/avatar\/73f0cad78e1012b10bb7c10f05a99be7009e6621353849483b51025ae56a6b37?s=96&d=mm&r=g","caption":"Evelyne Aschwanden"},"url":"https:\/\/listings.mybikeplan.ch\/fr\/author\/evelyne-mybikeplan\/"}]}},"locale":"fr","_links":{"self":[{"href":"https:\/\/listings.mybikeplan.ch\/fr\/wp-json\/wp\/v2\/posts\/66878","targetHints":{"allow":["GET"]}}],"collection":[{"href":"https:\/\/listings.mybikeplan.ch\/fr\/wp-json\/wp\/v2\/posts"}],"about":[{"href":"https:\/\/listings.mybikeplan.ch\/fr\/wp-json\/wp\/v2\/types\/post"}],"author":[{"embeddable":true,"href":"https:\/\/listings.mybikeplan.ch\/fr\/wp-json\/wp\/v2\/users\/15"}],"replies":[{"embeddable":true,"href":"https:\/\/listings.mybikeplan.ch\/fr\/wp-json\/wp\/v2\/comments?post=66878"}],"version-history":[{"count":7,"href":"https:\/\/listings.mybikeplan.ch\/fr\/wp-json\/wp\/v2\/posts\/66878\/revisions"}],"predecessor-version":[{"id":66885,"href":"https:\/\/listings.mybikeplan.ch\/fr\/wp-json\/wp\/v2\/posts\/66878\/revisions\/66885"}],"wp:featuredmedia":[{"embeddable":true,"href":"https:\/\/listings.mybikeplan.ch\/fr\/wp-json\/wp\/v2\/media\/66876"}],"wp:attachment":[{"href":"https:\/\/listings.mybikeplan.ch\/fr\/wp-json\/wp\/v2\/media?parent=66878"}],"wp:term":[{"taxonomy":"category","embeddable":true,"href":"https:\/\/listings.mybikeplan.ch\/fr\/wp-json\/wp\/v2\/categories?post=66878"},{"taxonomy":"post_tag","embeddable":true,"href":"https:\/\/listings.mybikeplan.ch\/fr\/wp-json\/wp\/v2\/tags?post=66878"}],"curies":[{"name":"wp","href":"https:\/\/api.w.org\/{rel}","templated":true}]}}