{"id":66692,"date":"2024-07-18T13:18:51","date_gmt":"2024-07-18T13:18:51","guid":{"rendered":"https:\/\/listings.mybikeplan.ch\/non-classifiee\/pourquoi-un-velo-electrique-de-ville-est-fait-pour-tous-les-ages-%f0%9f%9a%b2\/"},"modified":"2024-07-18T13:19:17","modified_gmt":"2024-07-18T13:19:17","slug":"pourquoi-un-velo-electrique-de-ville-est-fait-pour-tous-les-ages-%f0%9f%9a%b2","status":"publish","type":"post","link":"https:\/\/listings.mybikeplan.ch\/fr\/mybikeplan-fr-2\/pourquoi-un-velo-electrique-de-ville-est-fait-pour-tous-les-ages-%f0%9f%9a%b2\/","title":{"rendered":"Pourquoi un v\u00e9lo \u00e9lectrique de ville est fait pour tous les \u00e2ges \ud83d\udeb2"},"content":{"rendered":"\n<p><p><a data-mce-href=\"https:\/\/www.mybikeplan.ch\/fr\/alle-modelle-e-bike-schweiz?categories=e-urban\" href=\"https:\/\/www.mybikeplan.ch\/fr\/alle-modelle-e-bike-schweiz?categories=e-urban\">Les v\u00e9los \u00e9lectriques de ville<\/a> sont le dernier cri, et \u00e0 juste titre ! Ces v\u00e9los \u00e9cologiques, pratiques et polyvalents offrent de nombreux avantages pour les personnes de tous \u00e2ges. Dans cet article de blog, nous expliquons pourquoi les v\u00e9los \u00e9lectriques de ville sont un excellent choix pour chaque tranche d&rsquo;\u00e2ge et comment ils peuvent am\u00e9liorer la vie des jeunes, des adultes et des seniors.<\/p><\/p>\n\n<figure class=\"wp-block-image size-large\"><a href=\"https:\/\/www.mybikeplan.ch\/fr\/alle-modelle-e-bike-schweiz?categories=e-urban\"><img loading=\"lazy\" decoding=\"async\" width=\"1024\" height=\"683\" src=\"https:\/\/listings.mybikeplan.ch\/wp-content\/uploads\/2024\/07\/man-6950831_1280-1024x683.jpg\" alt=\"\" class=\"wp-image-66656\" srcset=\"https:\/\/listings.mybikeplan.ch\/wp-content\/uploads\/2024\/07\/man-6950831_1280-1024x683.jpg 1024w, https:\/\/listings.mybikeplan.ch\/wp-content\/uploads\/2024\/07\/man-6950831_1280-540x360.jpg 540w, https:\/\/listings.mybikeplan.ch\/wp-content\/uploads\/2024\/07\/man-6950831_1280-768x512.jpg 768w, https:\/\/listings.mybikeplan.ch\/wp-content\/uploads\/2024\/07\/man-6950831_1280-666x444.jpg 666w, https:\/\/listings.mybikeplan.ch\/wp-content\/uploads\/2024\/07\/man-6950831_1280.jpg 1280w\" sizes=\"auto, (max-width: 1024px) 100vw, 1024px\" \/><\/a><\/figure>\n\n<h2 class=\"wp-block-heading\"><h2>\ud83d\udc68\ud83c\udffc\u200d\ud83e\uddb1\ud83d\udc69\ud83c\udffc\u200d\ud83e\uddb0 Adultes (26-50 ans)<\/h2><\/h2>\n\n<p><p><a data-mce-href=\"https:\/\/www.mybikeplan.ch\/fr\/alle-modelle-e-bike-schweiz?categories=e-urban\" href=\"https:\/\/www.mybikeplan.ch\/fr\/alle-modelle-e-bike-schweiz?categories=e-urban\">Les v\u00e9los \u00e9lectriques de ville<\/a> sont le compagnon parfait pour les citadins ! Pratiques et efficaces pour les trajets quotidiens, ils permettent de dire adieu aux embouteillages et de contourner la recherche de parking. Et tout cela tout en restant en bonne sant\u00e9 ! De nombreux adultes utilisent \u00e9galement les v\u00e9los \u00e9lectriques pendant leur temps libre pour rester en forme et explorer la ville d&rsquo;une nouvelle mani\u00e8re.<\/p><\/p>\n\n<p><h3>Avantages:<\/h3><\/p>\n\n<ul class=\"wp-block-list\">\n<li>Option de d\u00e9placement efficace et sans stress<\/li>\n\n\n\n<li>Bon pour la sant\u00e9 gr\u00e2ce \u00e0 l&rsquo;exercice suppl\u00e9mentaire<\/li>\n\n\n\n<li>Flexibilit\u00e9 et gain de temps<\/li>\n<\/ul>\n\n<h2 class=\"wp-block-heading\"><h2>\ud83d\udc66\ud83c\udffc\ud83d\udc67\ud83c\udffdJeunes adultes (16-25 ans)<\/h2><\/h2>\n\n<p><p><a data-mce-href=\"https:\/\/www.mybikeplan.ch\/fr\/alle-modelle-e-bike-schweiz?categories=e-urban\" href=\"https:\/\/www.mybikeplan.ch\/fr\/alle-modelle-e-bike-schweiz?categories=e-urban\">Les v\u00e9los \u00e9lectriques de ville<\/a> sont le must pour les jeunes ! Parfaits pour se rendre \u00e0 l&rsquo;\u00e9cole, \u00e0 l&rsquo;universit\u00e9 ou au travail \u2013 sans avoir besoin de permis de conduire ni de d\u00e9pendre des transports en commun. En plus, ils sont beaucoup moins chers qu&rsquo;une voiture et super \u00e9cologiques.<\/p><\/p>\n\n<p><h3>Avantages:<\/h3><\/p>\n\n<ul class=\"wp-block-list\">\n<li>Mobilit\u00e9 \u00e0 faible co\u00fbt<\/li>\n\n\n\n<li>Ind\u00e9pendance vis-\u00e0-vis des transports en commun<\/li>\n\n\n\n<li> Alternative \u00e9cologique \u00e0 la voiture<\/li>\n<\/ul>\n\n<h2 class=\"wp-block-heading\"><h2>\ud83d\udc68\ud83c\udffc\u200d\ud83e\uddb3\ud83d\udc75\ud83c\udffd Seniors (51 ans et plus)<\/h2><\/h2>\n\n<p>Les v\u00e9los \u00e9lectriques sont le secret des retrait\u00e9s en forme ! Gr\u00e2ce \u00e0 l&rsquo;assistance \u00e9lectrique, les longues distances et les pentes deviennent un jeu d&rsquo;enfant. Id\u00e9al pour les seniors actifs qui souhaitent rester mobiles sans trop solliciter leurs articulations.<\/p>\n\n<p><h3>Avantages:<\/h3><\/p>\n\n<ul class=\"wp-block-list\">\n<li>Mobilit\u00e9 assist\u00e9e et ind\u00e9pendance<\/li>\n\n\n\n<li>Activit\u00e9 physique douce<\/li>\n\n\n\n<li>Possibilit\u00e9 de parcourir de longues distances et de surmonter les pentes sans effort<\/li>\n<\/ul>\n\n<h2 class=\"wp-block-heading\"><h2>Pourquoi les v\u00e9los \u00e9lectriques de ville sont parfaits pour tous les \u00e2ges :<\/h2><\/h2>\n\n<ul class=\"wp-block-list\">\n<li>Les v\u00e9los \u00e9lectriques de ville sont de v\u00e9ritables polyvalents qui offrent quelque chose pour chacun. Voici pourquoi ils sont un excellent choix :<\/li>\n<\/ul>\n\n<ul class=\"wp-block-list\">\n<li>\u00c9cologique : z\u00e9ro \u00e9mission, moins de pollution. \u267b\ufe0f<\/li>\n<\/ul>\n\n<ul class=\"wp-block-list\">\n<li>Bon pour la sant\u00e9 : rester actif malgr\u00e9 l&rsquo;assistance \u00e9lectrique. \ud83c\udf4e<\/li>\n<\/ul>\n\n<ul class=\"wp-block-list\">\n<li>\u00c9conomies : moins cher que les voitures, co\u00fbts d&rsquo;entretien r\u00e9duits. \ud83d\udeb2<\/li>\n<\/ul>\n\n<ul class=\"wp-block-list\">\n<li>Flexibilit\u00e9 : rapide et flexible en ville, sans stress. \u26a1<\/li>\n<\/ul>\n\n<ul class=\"wp-block-list\">\n<li>Amusant : d\u00e9couvrez la ville d&rsquo;une mani\u00e8re nouvelle et cool ! \ud83d\ude80<\/li>\n<\/ul>\n\n<figure class=\"wp-block-image size-large is-resized\"><a href=\"https:\/\/listings.mybikeplan.ch\/wp-content\/uploads\/2024\/07\/san-francisco-6950828_1280-819x1024.jpg\"><img loading=\"lazy\" decoding=\"async\" width=\"819\" height=\"1024\" src=\"https:\/\/listings.mybikeplan.ch\/wp-content\/uploads\/2024\/07\/san-francisco-6950828_1280-819x1024.jpg\" alt=\"\" class=\"wp-image-66668\" style=\"width:571px;height:auto\" srcset=\"https:\/\/listings.mybikeplan.ch\/wp-content\/uploads\/2024\/07\/san-francisco-6950828_1280-819x1024.jpg 819w, https:\/\/listings.mybikeplan.ch\/wp-content\/uploads\/2024\/07\/san-francisco-6950828_1280-288x360.jpg 288w, https:\/\/listings.mybikeplan.ch\/wp-content\/uploads\/2024\/07\/san-francisco-6950828_1280-768x960.jpg 768w, https:\/\/listings.mybikeplan.ch\/wp-content\/uploads\/2024\/07\/san-francisco-6950828_1280-666x833.jpg 666w, https:\/\/listings.mybikeplan.ch\/wp-content\/uploads\/2024\/07\/san-francisco-6950828_1280.jpg 1024w\" sizes=\"auto, (max-width: 819px) 100vw, 819px\" \/><\/a><\/figure>\n\n<h2 class=\"wp-block-heading\">Conclusion<\/h2>\n\n<p><p>Les v\u00e9los \u00e9lectriques de ville ne sont pas une mode passag\u00e8re, mais le choix intelligent et durable pour la mobilit\u00e9 urbaine. Que vous soyez jeune ou jeune de c\u0153ur, ils offrent de nombreux avantages pour un mode de vie actif, sain et respectueux de l&rsquo;environnement. Si vous n&rsquo;avez pas encore adopt\u00e9 le v\u00e9lo \u00e9lectrique, c&rsquo;est le moment id\u00e9al pour d\u00e9couvrir ses bienfaits par vous-m\u00eame ! Enfourchez votre v\u00e9lo et d\u00e9couvrez la libert\u00e9 sur deux roues ! \ud83d\udeb4\u200d\u2642\ufe0f\ud83d\udca8<\/p><\/p>\n","protected":false},"excerpt":{"rendered":"<p>Les v\u00e9los \u00e9lectriques de ville sont le dernier cri, et \u00e0 juste titre ! Ces v\u00e9los \u00e9cologiques, pratiques et polyvalents offrent de nombreux avantages pour les personnes de tous \u00e2ges. Dans cet article de blog, nous expliquons pourquoi les v\u00e9los \u00e9lectriques de ville sont un excellent choix pour chaque tranche d&rsquo;\u00e2ge et comment ils peuvent [&hellip;]<\/p>\n","protected":false},"author":15,"featured_media":66681,"comment_status":"open","ping_status":"open","sticky":false,"template":"","format":"standard","meta":{"_acf_changed":false,"footnotes":""},"categories":[9727,9728],"tags":[11377,11376,11378],"class_list":["post-66692","post","type-post","status-publish","format-standard","has-post-thumbnail","hentry","category-conseils-et-astuces","category-mybikeplan-fr-2","tag-tout-age","tag-velos-electriques","tag-velos-electriques-urbains"],"acf":[],"yoast_head":"<!-- This site is optimized with the Yoast SEO plugin v24.5 - https:\/\/yoast.com\/wordpress\/plugins\/seo\/ -->\n<title>Pourquoi un v\u00e9lo \u00e9lectrique de ville est fait pour tous les \u00e2ges \ud83d\udeb2 - MyBikePlan<\/title>\n<meta name=\"robots\" content=\"noindex, follow, max-snippet:-1, max-image-preview:large, max-video-preview:-1\" \/>\n<meta property=\"og:locale\" content=\"fr_FR\" \/>\n<meta property=\"og:type\" content=\"article\" \/>\n<meta property=\"og:title\" content=\"Pourquoi un v\u00e9lo \u00e9lectrique de ville est fait pour tous les \u00e2ges \ud83d\udeb2 - MyBikePlan\" \/>\n<meta property=\"og:description\" content=\"Les v\u00e9los \u00e9lectriques de ville sont le dernier cri, et \u00e0 juste titre ! Ces v\u00e9los \u00e9cologiques, pratiques et polyvalents offrent de nombreux avantages pour les personnes de tous \u00e2ges. Dans cet article de blog, nous expliquons pourquoi les v\u00e9los \u00e9lectriques de ville sont un excellent choix pour chaque tranche d&rsquo;\u00e2ge et comment ils peuvent [&hellip;]\" \/>\n<meta property=\"og:url\" content=\"https:\/\/listings.mybikeplan.ch\/fr\/mybikeplan-fr-2\/pourquoi-un-velo-electrique-de-ville-est-fait-pour-tous-les-ages-%f0%9f%9a%b2\/\" \/>\n<meta property=\"og:site_name\" content=\"MyBikePlan\" \/>\n<meta property=\"article:published_time\" content=\"2024-07-18T13:18:51+00:00\" \/>\n<meta property=\"article:modified_time\" content=\"2024-07-18T13:19:17+00:00\" \/>\n<meta property=\"og:image\" content=\"https:\/\/listings.mybikeplan.ch\/wp-content\/uploads\/2024\/07\/e-bike-6401173_960_720.jpg\" \/>\n\t<meta property=\"og:image:width\" content=\"960\" \/>\n\t<meta property=\"og:image:height\" content=\"698\" \/>\n\t<meta property=\"og:image:type\" content=\"image\/jpeg\" \/>\n<meta name=\"author\" content=\"Evelyne Aschwanden\" \/>\n<meta name=\"twitter:card\" content=\"summary_large_image\" \/>\n<meta name=\"twitter:label1\" content=\"\u00c9crit par\" \/>\n\t<meta name=\"twitter:data1\" content=\"Evelyne Aschwanden\" \/>\n\t<meta name=\"twitter:label2\" content=\"Dur\u00e9e de lecture estim\u00e9e\" \/>\n\t<meta name=\"twitter:data2\" content=\"2 minutes\" \/>\n<script type=\"application\/ld+json\" class=\"yoast-schema-graph\">{\"@context\":\"https:\/\/schema.org\",\"@graph\":[{\"@type\":\"WebPage\",\"@id\":\"https:\/\/listings.mybikeplan.ch\/fr\/mybikeplan-fr-2\/pourquoi-un-velo-electrique-de-ville-est-fait-pour-tous-les-ages-%f0%9f%9a%b2\/\",\"url\":\"https:\/\/listings.mybikeplan.ch\/fr\/mybikeplan-fr-2\/pourquoi-un-velo-electrique-de-ville-est-fait-pour-tous-les-ages-%f0%9f%9a%b2\/\",\"name\":\"Pourquoi un v\u00e9lo \u00e9lectrique de ville est fait pour tous les \u00e2ges \ud83d\udeb2 - MyBikePlan\",\"isPartOf\":{\"@id\":\"https:\/\/listings.mybikeplan.ch\/fr\/#website\"},\"primaryImageOfPage\":{\"@id\":\"https:\/\/listings.mybikeplan.ch\/fr\/mybikeplan-fr-2\/pourquoi-un-velo-electrique-de-ville-est-fait-pour-tous-les-ages-%f0%9f%9a%b2\/#primaryimage\"},\"image\":{\"@id\":\"https:\/\/listings.mybikeplan.ch\/fr\/mybikeplan-fr-2\/pourquoi-un-velo-electrique-de-ville-est-fait-pour-tous-les-ages-%f0%9f%9a%b2\/#primaryimage\"},\"thumbnailUrl\":\"https:\/\/listings.mybikeplan.ch\/wp-content\/uploads\/2024\/07\/e-bike-6401173_960_720.jpg\",\"datePublished\":\"2024-07-18T13:18:51+00:00\",\"dateModified\":\"2024-07-18T13:19:17+00:00\",\"author\":{\"@id\":\"https:\/\/listings.mybikeplan.ch\/fr\/#\/schema\/person\/514a6130749cc58319f751509338dafd\"},\"breadcrumb\":{\"@id\":\"https:\/\/listings.mybikeplan.ch\/fr\/mybikeplan-fr-2\/pourquoi-un-velo-electrique-de-ville-est-fait-pour-tous-les-ages-%f0%9f%9a%b2\/#breadcrumb\"},\"inLanguage\":\"fr-FR\",\"potentialAction\":[{\"@type\":\"ReadAction\",\"target\":[\"https:\/\/listings.mybikeplan.ch\/fr\/mybikeplan-fr-2\/pourquoi-un-velo-electrique-de-ville-est-fait-pour-tous-les-ages-%f0%9f%9a%b2\/\"]}]},{\"@type\":\"ImageObject\",\"inLanguage\":\"fr-FR\",\"@id\":\"https:\/\/listings.mybikeplan.ch\/fr\/mybikeplan-fr-2\/pourquoi-un-velo-electrique-de-ville-est-fait-pour-tous-les-ages-%f0%9f%9a%b2\/#primaryimage\",\"url\":\"https:\/\/listings.mybikeplan.ch\/wp-content\/uploads\/2024\/07\/e-bike-6401173_960_720.jpg\",\"contentUrl\":\"https:\/\/listings.mybikeplan.ch\/wp-content\/uploads\/2024\/07\/e-bike-6401173_960_720.jpg\",\"width\":960,\"height\":698},{\"@type\":\"BreadcrumbList\",\"@id\":\"https:\/\/listings.mybikeplan.ch\/fr\/mybikeplan-fr-2\/pourquoi-un-velo-electrique-de-ville-est-fait-pour-tous-les-ages-%f0%9f%9a%b2\/#breadcrumb\",\"itemListElement\":[{\"@type\":\"ListItem\",\"position\":1,\"name\":\"Home\",\"item\":\"https:\/\/listings.mybikeplan.ch\/fr\/home\/\"},{\"@type\":\"ListItem\",\"position\":2,\"name\":\"Pourquoi un v\u00e9lo \u00e9lectrique de ville est fait pour tous les \u00e2ges \ud83d\udeb2\"}]},{\"@type\":\"WebSite\",\"@id\":\"https:\/\/listings.mybikeplan.ch\/fr\/#website\",\"url\":\"https:\/\/listings.mybikeplan.ch\/fr\/\",\"name\":\"MyBikePlan\",\"description\":\"\",\"potentialAction\":[{\"@type\":\"SearchAction\",\"target\":{\"@type\":\"EntryPoint\",\"urlTemplate\":\"https:\/\/listings.mybikeplan.ch\/fr\/?s={search_term_string}\"},\"query-input\":{\"@type\":\"PropertyValueSpecification\",\"valueRequired\":true,\"valueName\":\"search_term_string\"}}],\"inLanguage\":\"fr-FR\"},{\"@type\":\"Person\",\"@id\":\"https:\/\/listings.mybikeplan.ch\/fr\/#\/schema\/person\/514a6130749cc58319f751509338dafd\",\"name\":\"Evelyne Aschwanden\",\"image\":{\"@type\":\"ImageObject\",\"inLanguage\":\"fr-FR\",\"@id\":\"https:\/\/listings.mybikeplan.ch\/fr\/#\/schema\/person\/image\/\",\"url\":\"https:\/\/secure.gravatar.com\/avatar\/73f0cad78e1012b10bb7c10f05a99be7009e6621353849483b51025ae56a6b37?s=96&d=mm&r=g\",\"contentUrl\":\"https:\/\/secure.gravatar.com\/avatar\/73f0cad78e1012b10bb7c10f05a99be7009e6621353849483b51025ae56a6b37?s=96&d=mm&r=g\",\"caption\":\"Evelyne Aschwanden\"},\"url\":\"https:\/\/listings.mybikeplan.ch\/fr\/author\/evelyne-mybikeplan\/\"}]}<\/script>\n<!-- \/ Yoast SEO plugin. -->","yoast_head_json":{"title":"Pourquoi un v\u00e9lo \u00e9lectrique de ville est fait pour tous les \u00e2ges \ud83d\udeb2 - MyBikePlan","robots":{"index":"noindex","follow":"follow","max-snippet":"max-snippet:-1","max-image-preview":"max-image-preview:large","max-video-preview":"max-video-preview:-1"},"og_locale":"fr_FR","og_type":"article","og_title":"Pourquoi un v\u00e9lo \u00e9lectrique de ville est fait pour tous les \u00e2ges \ud83d\udeb2 - MyBikePlan","og_description":"Les v\u00e9los \u00e9lectriques de ville sont le dernier cri, et \u00e0 juste titre ! Ces v\u00e9los \u00e9cologiques, pratiques et polyvalents offrent de nombreux avantages pour les personnes de tous \u00e2ges. Dans cet article de blog, nous expliquons pourquoi les v\u00e9los \u00e9lectriques de ville sont un excellent choix pour chaque tranche d&rsquo;\u00e2ge et comment ils peuvent [&hellip;]","og_url":"https:\/\/listings.mybikeplan.ch\/fr\/mybikeplan-fr-2\/pourquoi-un-velo-electrique-de-ville-est-fait-pour-tous-les-ages-%f0%9f%9a%b2\/","og_site_name":"MyBikePlan","article_published_time":"2024-07-18T13:18:51+00:00","article_modified_time":"2024-07-18T13:19:17+00:00","og_image":[{"width":960,"height":698,"url":"https:\/\/listings.mybikeplan.ch\/wp-content\/uploads\/2024\/07\/e-bike-6401173_960_720.jpg","type":"image\/jpeg"}],"author":"Evelyne Aschwanden","twitter_card":"summary_large_image","twitter_misc":{"\u00c9crit par":"Evelyne Aschwanden","Dur\u00e9e de lecture estim\u00e9e":"2 minutes"},"schema":{"@context":"https:\/\/schema.org","@graph":[{"@type":"WebPage","@id":"https:\/\/listings.mybikeplan.ch\/fr\/mybikeplan-fr-2\/pourquoi-un-velo-electrique-de-ville-est-fait-pour-tous-les-ages-%f0%9f%9a%b2\/","url":"https:\/\/listings.mybikeplan.ch\/fr\/mybikeplan-fr-2\/pourquoi-un-velo-electrique-de-ville-est-fait-pour-tous-les-ages-%f0%9f%9a%b2\/","name":"Pourquoi un v\u00e9lo \u00e9lectrique de ville est fait pour tous les \u00e2ges \ud83d\udeb2 - MyBikePlan","isPartOf":{"@id":"https:\/\/listings.mybikeplan.ch\/fr\/#website"},"primaryImageOfPage":{"@id":"https:\/\/listings.mybikeplan.ch\/fr\/mybikeplan-fr-2\/pourquoi-un-velo-electrique-de-ville-est-fait-pour-tous-les-ages-%f0%9f%9a%b2\/#primaryimage"},"image":{"@id":"https:\/\/listings.mybikeplan.ch\/fr\/mybikeplan-fr-2\/pourquoi-un-velo-electrique-de-ville-est-fait-pour-tous-les-ages-%f0%9f%9a%b2\/#primaryimage"},"thumbnailUrl":"https:\/\/listings.mybikeplan.ch\/wp-content\/uploads\/2024\/07\/e-bike-6401173_960_720.jpg","datePublished":"2024-07-18T13:18:51+00:00","dateModified":"2024-07-18T13:19:17+00:00","author":{"@id":"https:\/\/listings.mybikeplan.ch\/fr\/#\/schema\/person\/514a6130749cc58319f751509338dafd"},"breadcrumb":{"@id":"https:\/\/listings.mybikeplan.ch\/fr\/mybikeplan-fr-2\/pourquoi-un-velo-electrique-de-ville-est-fait-pour-tous-les-ages-%f0%9f%9a%b2\/#breadcrumb"},"inLanguage":"fr-FR","potentialAction":[{"@type":"ReadAction","target":["https:\/\/listings.mybikeplan.ch\/fr\/mybikeplan-fr-2\/pourquoi-un-velo-electrique-de-ville-est-fait-pour-tous-les-ages-%f0%9f%9a%b2\/"]}]},{"@type":"ImageObject","inLanguage":"fr-FR","@id":"https:\/\/listings.mybikeplan.ch\/fr\/mybikeplan-fr-2\/pourquoi-un-velo-electrique-de-ville-est-fait-pour-tous-les-ages-%f0%9f%9a%b2\/#primaryimage","url":"https:\/\/listings.mybikeplan.ch\/wp-content\/uploads\/2024\/07\/e-bike-6401173_960_720.jpg","contentUrl":"https:\/\/listings.mybikeplan.ch\/wp-content\/uploads\/2024\/07\/e-bike-6401173_960_720.jpg","width":960,"height":698},{"@type":"BreadcrumbList","@id":"https:\/\/listings.mybikeplan.ch\/fr\/mybikeplan-fr-2\/pourquoi-un-velo-electrique-de-ville-est-fait-pour-tous-les-ages-%f0%9f%9a%b2\/#breadcrumb","itemListElement":[{"@type":"ListItem","position":1,"name":"Home","item":"https:\/\/listings.mybikeplan.ch\/fr\/home\/"},{"@type":"ListItem","position":2,"name":"Pourquoi un v\u00e9lo \u00e9lectrique de ville est fait pour tous les \u00e2ges \ud83d\udeb2"}]},{"@type":"WebSite","@id":"https:\/\/listings.mybikeplan.ch\/fr\/#website","url":"https:\/\/listings.mybikeplan.ch\/fr\/","name":"MyBikePlan","description":"","potentialAction":[{"@type":"SearchAction","target":{"@type":"EntryPoint","urlTemplate":"https:\/\/listings.mybikeplan.ch\/fr\/?s={search_term_string}"},"query-input":{"@type":"PropertyValueSpecification","valueRequired":true,"valueName":"search_term_string"}}],"inLanguage":"fr-FR"},{"@type":"Person","@id":"https:\/\/listings.mybikeplan.ch\/fr\/#\/schema\/person\/514a6130749cc58319f751509338dafd","name":"Evelyne Aschwanden","image":{"@type":"ImageObject","inLanguage":"fr-FR","@id":"https:\/\/listings.mybikeplan.ch\/fr\/#\/schema\/person\/image\/","url":"https:\/\/secure.gravatar.com\/avatar\/73f0cad78e1012b10bb7c10f05a99be7009e6621353849483b51025ae56a6b37?s=96&d=mm&r=g","contentUrl":"https:\/\/secure.gravatar.com\/avatar\/73f0cad78e1012b10bb7c10f05a99be7009e6621353849483b51025ae56a6b37?s=96&d=mm&r=g","caption":"Evelyne Aschwanden"},"url":"https:\/\/listings.mybikeplan.ch\/fr\/author\/evelyne-mybikeplan\/"}]}},"locale":"fr","_links":{"self":[{"href":"https:\/\/listings.mybikeplan.ch\/fr\/wp-json\/wp\/v2\/posts\/66692","targetHints":{"allow":["GET"]}}],"collection":[{"href":"https:\/\/listings.mybikeplan.ch\/fr\/wp-json\/wp\/v2\/posts"}],"about":[{"href":"https:\/\/listings.mybikeplan.ch\/fr\/wp-json\/wp\/v2\/types\/post"}],"author":[{"embeddable":true,"href":"https:\/\/listings.mybikeplan.ch\/fr\/wp-json\/wp\/v2\/users\/15"}],"replies":[{"embeddable":true,"href":"https:\/\/listings.mybikeplan.ch\/fr\/wp-json\/wp\/v2\/comments?post=66692"}],"version-history":[{"count":3,"href":"https:\/\/listings.mybikeplan.ch\/fr\/wp-json\/wp\/v2\/posts\/66692\/revisions"}],"predecessor-version":[{"id":66695,"href":"https:\/\/listings.mybikeplan.ch\/fr\/wp-json\/wp\/v2\/posts\/66692\/revisions\/66695"}],"wp:featuredmedia":[{"embeddable":true,"href":"https:\/\/listings.mybikeplan.ch\/fr\/wp-json\/wp\/v2\/media\/66681"}],"wp:attachment":[{"href":"https:\/\/listings.mybikeplan.ch\/fr\/wp-json\/wp\/v2\/media?parent=66692"}],"wp:term":[{"taxonomy":"category","embeddable":true,"href":"https:\/\/listings.mybikeplan.ch\/fr\/wp-json\/wp\/v2\/categories?post=66692"},{"taxonomy":"post_tag","embeddable":true,"href":"https:\/\/listings.mybikeplan.ch\/fr\/wp-json\/wp\/v2\/tags?post=66692"}],"curies":[{"name":"wp","href":"https:\/\/api.w.org\/{rel}","templated":true}]}}