{"id":63643,"date":"2024-05-10T11:49:54","date_gmt":"2024-05-10T11:49:54","guid":{"rendered":"https:\/\/listings.mybikeplan.ch\/non-classifiee\/fete-des-meres-les-meilleurs-velos-electriques-pour-les-mamans-occupees\/"},"modified":"2024-05-10T11:52:58","modified_gmt":"2024-05-10T11:52:58","slug":"fete-des-meres-les-meilleurs-velos-electriques-pour-les-mamans-occupees","status":"publish","type":"post","link":"https:\/\/listings.mybikeplan.ch\/fr\/mybikeplan-fr-2\/fete-des-meres-les-meilleurs-velos-electriques-pour-les-mamans-occupees\/","title":{"rendered":"F\u00eate des m\u00e8res : les meilleurs v\u00e9los \u00e9lectriques pour les mamans occup\u00e9es"},"content":{"rendered":"\n<p>Tu es \u00e0 la recherche du cadeau id\u00e9al pour la f\u00eate des m\u00e8res ? Ou peut-\u00eatre que tu es toi-m\u00eame une maman et que tu veux te faire plaisir ?<\/p>\n\n\n\n<p>Avec un v\u00e9lo \u00e9lectrique &#8230;<\/p>\n\n\n\n<ul class=\"wp-block-list\">\n<li>&#8230; tu vas plus vite de A \u00e0 B<\/li>\n\n\n\n<li>&#8230; tu peux tirer plus facilement des remorques de v\u00e9lo<\/li>\n\n\n\n<li>&#8230; tu fais quelque chose pour ta sant\u00e9<\/li>\n\n\n\n<li>&#8230; tu te d\u00e9places en ville de mani\u00e8re \u00e9cologique<\/li>\n<\/ul>\n\n\n\n<h2 class=\"wp-block-heading\">Pourquoi les v\u00e9los \u00e9lectriques sont-ils le cadeau id\u00e9al pour la f\u00eate des m\u00e8res ?<\/h2>\n\n\n\n<p>Les v\u00e9los \u00e9lectriques sont le cadeau id\u00e9al pour les mamans tr\u00e8s occup\u00e9es. Ils facilitent ton quotidien et te donnent plus de temps pour prendre soin de toi.<\/p>\n\n\n\n<p><strong>Savais-tu par exemple que les E-Bikes peuvent am\u00e9liorer ta sant\u00e9 ?<\/strong><\/p>\n\n\n\n<p>Oui, on dit souvent le contraire. Mais le fait est que lorsque tu roules \u00e0 v\u00e9lo \u00e9lectrique, tu stimules ta circulation sanguine et ton endurance presque autant qu&rsquo;avec un v\u00e9lo normal. Bien s\u00fbr, tu dois fournir moins d&rsquo;efforts gr\u00e2ce \u00e0 l&rsquo;assistance du moteur, mais les cyclistes \u00e0 v\u00e9lo \u00e9lectrique font en moyenne plus de kilom\u00e8tres par jour.<\/p>\n\n\n\n<p><strong>De plus, les E-Bikes sont une alternative \u00e9cologique \u00e0 la voiture.<\/strong><\/p>\n\n\n\n<p>Surtout si tu vis en ville, un v\u00e9lo \u00e9lectrique peut te faciliter \u00e9norm\u00e9ment la vie quotidienne. Il te permet par exemple de porter plus facilement tes courses \u00e0 la maison ou de tirer tes enfants avec la remorque \u00e0 v\u00e9lo. Souvent, tu peux aussi te faufiler dans le trafic bien plus rapidement qu&rsquo;en voiture ou m\u00eame en bus.<\/p>\n\n\n\n<p>En r\u00e9sum\u00e9 : Les v\u00e9los \u00e9lectriques sont bons pour ta sant\u00e9, pour l&rsquo;environnement et ils favorisent l&rsquo;ind\u00e9pendance au quotidien.<\/p>\n\n\n\n<p><strong>Mais, voil\u00e0 ce que tu te dis s\u00fbrement depuis le d\u00e9but : les E-Bikes sont aussi sacr\u00e9ment chers.<\/strong><\/p>\n\n\n\n<figure class=\"wp-block-image size-large\"><a href=\"https:\/\/listings.mybikeplan.ch\/wp-content\/uploads\/2024\/05\/Lichtgestaltung-2-1024x576.jpg\"><img loading=\"lazy\" decoding=\"async\" width=\"1024\" height=\"576\" src=\"https:\/\/listings.mybikeplan.ch\/wp-content\/uploads\/2024\/05\/Lichtgestaltung-2-1024x576.jpg\" alt=\"\" class=\"wp-image-63634\" srcset=\"https:\/\/listings.mybikeplan.ch\/wp-content\/uploads\/2024\/05\/Lichtgestaltung-2-1024x576.jpg 1024w, https:\/\/listings.mybikeplan.ch\/wp-content\/uploads\/2024\/05\/Lichtgestaltung-2-555x312.jpg 555w, https:\/\/listings.mybikeplan.ch\/wp-content\/uploads\/2024\/05\/Lichtgestaltung-2-570x320.jpg 570w, https:\/\/listings.mybikeplan.ch\/wp-content\/uploads\/2024\/05\/Lichtgestaltung-2-768x432.jpg 768w, https:\/\/listings.mybikeplan.ch\/wp-content\/uploads\/2024\/05\/Lichtgestaltung-2-1536x864.jpg 1536w, https:\/\/listings.mybikeplan.ch\/wp-content\/uploads\/2024\/05\/Lichtgestaltung-2-2048x1152.jpg 2048w, https:\/\/listings.mybikeplan.ch\/wp-content\/uploads\/2024\/05\/Lichtgestaltung-2-666x375.jpg 666w\" sizes=\"auto, (max-width: 1024px) 100vw, 1024px\" \/><\/a><\/figure>\n\n\n\n<h2 class=\"wp-block-heading\">Un E-Bike&nbsp; pour la f\u00eate des m\u00e8res ?<\/h2>\n\n\n\n<p>Oui, c\u2019est vrai, un v\u00e9lo \u00e9lectrique est tout de m\u00eame une id\u00e9e de cadeau tr\u00e8s ch\u00e8re pour la f\u00eate des m\u00e8res. Et cela ne vaut pas seulement pour la f\u00eate des m\u00e8res ! Un v\u00e9lo \u00e9lectrique n&rsquo;est pas \u00e0 la port\u00e9e de tout le monde. C&rsquo;est pr\u00e9cis\u00e9ment pour cette raison que nous proposons le paiement \u00e9chelonn\u00e9 chez MyBikePlan. Sans int\u00e9r\u00eats d&rsquo;ailleurs, car nous prenons en charge les int\u00e9r\u00eats pour toi.<\/p>\n\n\n\n<p>Depuis peu, nous avons \u00e9galement une autre possibilit\u00e9 de te faciliter l&rsquo;acc\u00e8s \u00e0 un v\u00e9lo \u00e9lectrique : le sponsoring.<\/p>\n\n\n\n<p><a href=\"https:\/\/www.mybikeplan.ch\/fr\/blog\/fais-financer-ton-velo-electrique-par-dautres\">Nous l&rsquo;avons d\u00e9j\u00e0 expliqu\u00e9 en d\u00e9tail dans ce blog post.<\/a><\/p>\n\n\n\n<p>En bref : avec la fonction de sponsoring, tu peux cr\u00e9er une page de dons pour le v\u00e9lo \u00e9lectrique de tes r\u00eaves, o\u00f9 tes amis et ta famille peuvent faire de petits dons pour le v\u00e9lo que tu souhaites.&nbsp;<\/p>\n\n\n\n<p>Peut-\u00eatre que cela serait aussi quelque chose pour ta maman ?<\/p>\n\n\n\n<h2 class=\"wp-block-heading\">Les meilleurs v\u00e9los \u00e9lectriques pour les mamans (et les papas)<\/h2>\n\n\n\n<p>Tu es une maman (ou un papa) et tu es encore \u00e0 la recherche d&rsquo;un v\u00e9lo \u00e9lectrique qui te convienne ? Pas de probl\u00e8me ! Voici quelques-unes de nos recommandations.<\/p>\n\n\n\n<h3 class=\"wp-block-heading\">V\u00e9los \u00e9lectriques urbains : des d\u00e9placements rapides dans le quotidien urbain<\/h3>\n\n\n\n<p>Un E-Bike de ville est exactement ce que son nom implique : Un v\u00e9lo \u00e9lectrique parfaitement adapt\u00e9 \u00e0 la ville. Ils sont rapides, maniables et ne n\u00e9cessitent pas de gros gadgets. Pour les v\u00e9los \u00e9lectriques de ville, l&rsquo;accent est souvent mis sur l&rsquo;esth\u00e9tique du v\u00e9lo &#8211; dans cette cat\u00e9gorie, on trouve par exemple un nombre remarquablement \u00e9lev\u00e9 de v\u00e9los \u00e9lectriques au charme r\u00e9tro ou vintage. De plus, les v\u00e9los \u00e9lectriques de ville sont souvent moins chers que les autres E-Bikes car ils disposent en moyenne de moteurs moins puissants et de batteries plus petites.<\/p>\n\n\n\n<figure class=\"wp-block-image size-large\"><a href=\"https:\/\/listings.mybikeplan.ch\/wp-content\/uploads\/2024\/05\/Lichtgestaltung-3-1024x576.jpg\"><img loading=\"lazy\" decoding=\"async\" width=\"1024\" height=\"576\" src=\"https:\/\/listings.mybikeplan.ch\/wp-content\/uploads\/2024\/05\/Lichtgestaltung-3-1024x576.jpg\" alt=\"\" class=\"wp-image-63637\" srcset=\"https:\/\/listings.mybikeplan.ch\/wp-content\/uploads\/2024\/05\/Lichtgestaltung-3-1024x576.jpg 1024w, https:\/\/listings.mybikeplan.ch\/wp-content\/uploads\/2024\/05\/Lichtgestaltung-3-555x312.jpg 555w, https:\/\/listings.mybikeplan.ch\/wp-content\/uploads\/2024\/05\/Lichtgestaltung-3-570x320.jpg 570w, https:\/\/listings.mybikeplan.ch\/wp-content\/uploads\/2024\/05\/Lichtgestaltung-3-768x432.jpg 768w, https:\/\/listings.mybikeplan.ch\/wp-content\/uploads\/2024\/05\/Lichtgestaltung-3-1536x864.jpg 1536w, https:\/\/listings.mybikeplan.ch\/wp-content\/uploads\/2024\/05\/Lichtgestaltung-3-2048x1152.jpg 2048w, https:\/\/listings.mybikeplan.ch\/wp-content\/uploads\/2024\/05\/Lichtgestaltung-3-666x375.jpg 666w\" sizes=\"auto, (max-width: 1024px) 100vw, 1024px\" \/><\/a><\/figure>\n\n\n\n<h3 class=\"wp-block-heading\">V\u00e9los \u00e9lectriques de randonn\u00e9e : les parfaits allrounders<\/h3>\n\n\n\n<p>Si tu es \u00e0 la recherche d&rsquo;un E-Bike&nbsp; que tu peux utiliser non seulement au quotidien, mais aussi pendant tes loisirs, un v\u00e9lo \u00e9lectrique de randonn\u00e9e est parfait. Ces v\u00e9los \u00e9lectriques sont parfaits pour faire les courses ou tirer des charges, mais ils permettent aussi de faire de superbes randonn\u00e9es \u00e0 v\u00e9lo. Le meilleur des deux mondes, en somme.<\/p>\n\n\n\n<h3 class=\"wp-block-heading\">V\u00e9los \u00e9lectriques cargo<\/h3>\n\n\n\n<p>Si tu vis en ville, tu as probablement d\u00e9j\u00e0 vu ces&nbsp; E-Bikes uniques en leur genre. Les v\u00e9los \u00e9lectriques cargo poss\u00e8dent une grande coque de transport qui te permet de transporter de grandes charges ainsi que des enfants ou des animaux domestiques. Ils peuvent donc souvent remplacer les voitures.<\/p>\n","protected":false},"excerpt":{"rendered":"<p>Tu es \u00e0 la recherche du cadeau id\u00e9al pour la f\u00eate des m\u00e8res ? Ou peut-\u00eatre que tu es toi-m\u00eame une maman et que tu veux te faire plaisir ? Avec un v\u00e9lo \u00e9lectrique &#8230; Pourquoi les v\u00e9los \u00e9lectriques sont-ils le cadeau id\u00e9al pour la f\u00eate des m\u00e8res ? Les v\u00e9los \u00e9lectriques sont le cadeau [&hellip;]<\/p>\n","protected":false},"author":15,"featured_media":63640,"comment_status":"open","ping_status":"open","sticky":false,"template":"","format":"standard","meta":{"_acf_changed":false,"footnotes":""},"categories":[9728],"tags":[],"class_list":["post-63643","post","type-post","status-publish","format-standard","has-post-thumbnail","hentry","category-mybikeplan-fr-2"],"acf":[],"yoast_head":"<!-- This site is optimized with the Yoast SEO plugin v24.5 - https:\/\/yoast.com\/wordpress\/plugins\/seo\/ -->\n<title>F\u00eate des m\u00e8res : les meilleurs E-Bikes pour les mamans occup\u00e9es<\/title>\n<meta name=\"description\" content=\"A la recherche d&#039;id\u00e9es de cadeaux pour la f\u00eate des m\u00e8res ? Que diriez-vous d&#039;un v\u00e9lo \u00e9lectrique ? Que diriez-vous d&#039;un v\u00e9lo \u00e9lectrique ?\" \/>\n<meta name=\"robots\" content=\"noindex, follow, max-snippet:-1, max-image-preview:large, max-video-preview:-1\" \/>\n<meta property=\"og:locale\" content=\"fr_FR\" \/>\n<meta property=\"og:type\" content=\"article\" \/>\n<meta property=\"og:title\" content=\"F\u00eate des m\u00e8res : les meilleurs E-Bikes pour les mamans occup\u00e9es\" \/>\n<meta property=\"og:description\" content=\"A la recherche d&#039;id\u00e9es de cadeaux pour la f\u00eate des m\u00e8res ? Que diriez-vous d&#039;un v\u00e9lo \u00e9lectrique ? Que diriez-vous d&#039;un v\u00e9lo \u00e9lectrique ?\" \/>\n<meta property=\"og:url\" content=\"https:\/\/listings.mybikeplan.ch\/fr\/mybikeplan-fr-2\/fete-des-meres-les-meilleurs-velos-electriques-pour-les-mamans-occupees\/\" \/>\n<meta property=\"og:site_name\" content=\"MyBikePlan\" \/>\n<meta property=\"article:published_time\" content=\"2024-05-10T11:49:54+00:00\" \/>\n<meta property=\"article:modified_time\" content=\"2024-05-10T11:52:58+00:00\" \/>\n<meta property=\"og:image\" content=\"https:\/\/listings.mybikeplan.ch\/wp-content\/uploads\/2024\/05\/Lichtgestaltung-1024x576.jpg\" \/>\n\t<meta property=\"og:image:width\" content=\"1024\" \/>\n\t<meta property=\"og:image:height\" content=\"576\" \/>\n\t<meta property=\"og:image:type\" content=\"image\/jpeg\" \/>\n<meta name=\"author\" content=\"Evelyne Aschwanden\" \/>\n<meta name=\"twitter:card\" content=\"summary_large_image\" \/>\n<meta name=\"twitter:label1\" content=\"\u00c9crit par\" \/>\n\t<meta name=\"twitter:data1\" content=\"Evelyne Aschwanden\" \/>\n\t<meta name=\"twitter:label2\" content=\"Dur\u00e9e de lecture estim\u00e9e\" \/>\n\t<meta name=\"twitter:data2\" content=\"4 minutes\" \/>\n<script type=\"application\/ld+json\" class=\"yoast-schema-graph\">{\"@context\":\"https:\/\/schema.org\",\"@graph\":[{\"@type\":\"WebPage\",\"@id\":\"https:\/\/listings.mybikeplan.ch\/fr\/mybikeplan-fr-2\/fete-des-meres-les-meilleurs-velos-electriques-pour-les-mamans-occupees\/\",\"url\":\"https:\/\/listings.mybikeplan.ch\/fr\/mybikeplan-fr-2\/fete-des-meres-les-meilleurs-velos-electriques-pour-les-mamans-occupees\/\",\"name\":\"F\u00eate des m\u00e8res : les meilleurs E-Bikes pour les mamans occup\u00e9es\",\"isPartOf\":{\"@id\":\"https:\/\/listings.mybikeplan.ch\/fr\/#website\"},\"primaryImageOfPage\":{\"@id\":\"https:\/\/listings.mybikeplan.ch\/fr\/mybikeplan-fr-2\/fete-des-meres-les-meilleurs-velos-electriques-pour-les-mamans-occupees\/#primaryimage\"},\"image\":{\"@id\":\"https:\/\/listings.mybikeplan.ch\/fr\/mybikeplan-fr-2\/fete-des-meres-les-meilleurs-velos-electriques-pour-les-mamans-occupees\/#primaryimage\"},\"thumbnailUrl\":\"https:\/\/listings.mybikeplan.ch\/wp-content\/uploads\/2024\/05\/Lichtgestaltung.jpg\",\"datePublished\":\"2024-05-10T11:49:54+00:00\",\"dateModified\":\"2024-05-10T11:52:58+00:00\",\"author\":{\"@id\":\"https:\/\/listings.mybikeplan.ch\/fr\/#\/schema\/person\/514a6130749cc58319f751509338dafd\"},\"description\":\"A la recherche d'id\u00e9es de cadeaux pour la f\u00eate des m\u00e8res ? Que diriez-vous d'un v\u00e9lo \u00e9lectrique ? Que diriez-vous d'un v\u00e9lo \u00e9lectrique ?\",\"breadcrumb\":{\"@id\":\"https:\/\/listings.mybikeplan.ch\/fr\/mybikeplan-fr-2\/fete-des-meres-les-meilleurs-velos-electriques-pour-les-mamans-occupees\/#breadcrumb\"},\"inLanguage\":\"fr-FR\",\"potentialAction\":[{\"@type\":\"ReadAction\",\"target\":[\"https:\/\/listings.mybikeplan.ch\/fr\/mybikeplan-fr-2\/fete-des-meres-les-meilleurs-velos-electriques-pour-les-mamans-occupees\/\"]}]},{\"@type\":\"ImageObject\",\"inLanguage\":\"fr-FR\",\"@id\":\"https:\/\/listings.mybikeplan.ch\/fr\/mybikeplan-fr-2\/fete-des-meres-les-meilleurs-velos-electriques-pour-les-mamans-occupees\/#primaryimage\",\"url\":\"https:\/\/listings.mybikeplan.ch\/wp-content\/uploads\/2024\/05\/Lichtgestaltung.jpg\",\"contentUrl\":\"https:\/\/listings.mybikeplan.ch\/wp-content\/uploads\/2024\/05\/Lichtgestaltung.jpg\",\"width\":2240,\"height\":1260},{\"@type\":\"BreadcrumbList\",\"@id\":\"https:\/\/listings.mybikeplan.ch\/fr\/mybikeplan-fr-2\/fete-des-meres-les-meilleurs-velos-electriques-pour-les-mamans-occupees\/#breadcrumb\",\"itemListElement\":[{\"@type\":\"ListItem\",\"position\":1,\"name\":\"Home\",\"item\":\"https:\/\/listings.mybikeplan.ch\/fr\/home\/\"},{\"@type\":\"ListItem\",\"position\":2,\"name\":\"F\u00eate des m\u00e8res : les meilleurs v\u00e9los \u00e9lectriques pour les mamans occup\u00e9es\"}]},{\"@type\":\"WebSite\",\"@id\":\"https:\/\/listings.mybikeplan.ch\/fr\/#website\",\"url\":\"https:\/\/listings.mybikeplan.ch\/fr\/\",\"name\":\"MyBikePlan\",\"description\":\"\",\"potentialAction\":[{\"@type\":\"SearchAction\",\"target\":{\"@type\":\"EntryPoint\",\"urlTemplate\":\"https:\/\/listings.mybikeplan.ch\/fr\/?s={search_term_string}\"},\"query-input\":{\"@type\":\"PropertyValueSpecification\",\"valueRequired\":true,\"valueName\":\"search_term_string\"}}],\"inLanguage\":\"fr-FR\"},{\"@type\":\"Person\",\"@id\":\"https:\/\/listings.mybikeplan.ch\/fr\/#\/schema\/person\/514a6130749cc58319f751509338dafd\",\"name\":\"Evelyne Aschwanden\",\"image\":{\"@type\":\"ImageObject\",\"inLanguage\":\"fr-FR\",\"@id\":\"https:\/\/listings.mybikeplan.ch\/fr\/#\/schema\/person\/image\/\",\"url\":\"https:\/\/secure.gravatar.com\/avatar\/73f0cad78e1012b10bb7c10f05a99be7009e6621353849483b51025ae56a6b37?s=96&d=mm&r=g\",\"contentUrl\":\"https:\/\/secure.gravatar.com\/avatar\/73f0cad78e1012b10bb7c10f05a99be7009e6621353849483b51025ae56a6b37?s=96&d=mm&r=g\",\"caption\":\"Evelyne Aschwanden\"},\"url\":\"https:\/\/listings.mybikeplan.ch\/fr\/author\/evelyne-mybikeplan\/\"}]}<\/script>\n<!-- \/ Yoast SEO plugin. -->","yoast_head_json":{"title":"F\u00eate des m\u00e8res : les meilleurs E-Bikes pour les mamans occup\u00e9es","description":"A la recherche d'id\u00e9es de cadeaux pour la f\u00eate des m\u00e8res ? Que diriez-vous d'un v\u00e9lo \u00e9lectrique ? Que diriez-vous d'un v\u00e9lo \u00e9lectrique ?","robots":{"index":"noindex","follow":"follow","max-snippet":"max-snippet:-1","max-image-preview":"max-image-preview:large","max-video-preview":"max-video-preview:-1"},"og_locale":"fr_FR","og_type":"article","og_title":"F\u00eate des m\u00e8res : les meilleurs E-Bikes pour les mamans occup\u00e9es","og_description":"A la recherche d'id\u00e9es de cadeaux pour la f\u00eate des m\u00e8res ? Que diriez-vous d'un v\u00e9lo \u00e9lectrique ? Que diriez-vous d'un v\u00e9lo \u00e9lectrique ?","og_url":"https:\/\/listings.mybikeplan.ch\/fr\/mybikeplan-fr-2\/fete-des-meres-les-meilleurs-velos-electriques-pour-les-mamans-occupees\/","og_site_name":"MyBikePlan","article_published_time":"2024-05-10T11:49:54+00:00","article_modified_time":"2024-05-10T11:52:58+00:00","og_image":[{"width":1024,"height":576,"url":"https:\/\/listings.mybikeplan.ch\/wp-content\/uploads\/2024\/05\/Lichtgestaltung-1024x576.jpg","type":"image\/jpeg"}],"author":"Evelyne Aschwanden","twitter_card":"summary_large_image","twitter_misc":{"\u00c9crit par":"Evelyne Aschwanden","Dur\u00e9e de lecture estim\u00e9e":"4 minutes"},"schema":{"@context":"https:\/\/schema.org","@graph":[{"@type":"WebPage","@id":"https:\/\/listings.mybikeplan.ch\/fr\/mybikeplan-fr-2\/fete-des-meres-les-meilleurs-velos-electriques-pour-les-mamans-occupees\/","url":"https:\/\/listings.mybikeplan.ch\/fr\/mybikeplan-fr-2\/fete-des-meres-les-meilleurs-velos-electriques-pour-les-mamans-occupees\/","name":"F\u00eate des m\u00e8res : les meilleurs E-Bikes pour les mamans occup\u00e9es","isPartOf":{"@id":"https:\/\/listings.mybikeplan.ch\/fr\/#website"},"primaryImageOfPage":{"@id":"https:\/\/listings.mybikeplan.ch\/fr\/mybikeplan-fr-2\/fete-des-meres-les-meilleurs-velos-electriques-pour-les-mamans-occupees\/#primaryimage"},"image":{"@id":"https:\/\/listings.mybikeplan.ch\/fr\/mybikeplan-fr-2\/fete-des-meres-les-meilleurs-velos-electriques-pour-les-mamans-occupees\/#primaryimage"},"thumbnailUrl":"https:\/\/listings.mybikeplan.ch\/wp-content\/uploads\/2024\/05\/Lichtgestaltung.jpg","datePublished":"2024-05-10T11:49:54+00:00","dateModified":"2024-05-10T11:52:58+00:00","author":{"@id":"https:\/\/listings.mybikeplan.ch\/fr\/#\/schema\/person\/514a6130749cc58319f751509338dafd"},"description":"A la recherche d'id\u00e9es de cadeaux pour la f\u00eate des m\u00e8res ? Que diriez-vous d'un v\u00e9lo \u00e9lectrique ? Que diriez-vous d'un v\u00e9lo \u00e9lectrique ?","breadcrumb":{"@id":"https:\/\/listings.mybikeplan.ch\/fr\/mybikeplan-fr-2\/fete-des-meres-les-meilleurs-velos-electriques-pour-les-mamans-occupees\/#breadcrumb"},"inLanguage":"fr-FR","potentialAction":[{"@type":"ReadAction","target":["https:\/\/listings.mybikeplan.ch\/fr\/mybikeplan-fr-2\/fete-des-meres-les-meilleurs-velos-electriques-pour-les-mamans-occupees\/"]}]},{"@type":"ImageObject","inLanguage":"fr-FR","@id":"https:\/\/listings.mybikeplan.ch\/fr\/mybikeplan-fr-2\/fete-des-meres-les-meilleurs-velos-electriques-pour-les-mamans-occupees\/#primaryimage","url":"https:\/\/listings.mybikeplan.ch\/wp-content\/uploads\/2024\/05\/Lichtgestaltung.jpg","contentUrl":"https:\/\/listings.mybikeplan.ch\/wp-content\/uploads\/2024\/05\/Lichtgestaltung.jpg","width":2240,"height":1260},{"@type":"BreadcrumbList","@id":"https:\/\/listings.mybikeplan.ch\/fr\/mybikeplan-fr-2\/fete-des-meres-les-meilleurs-velos-electriques-pour-les-mamans-occupees\/#breadcrumb","itemListElement":[{"@type":"ListItem","position":1,"name":"Home","item":"https:\/\/listings.mybikeplan.ch\/fr\/home\/"},{"@type":"ListItem","position":2,"name":"F\u00eate des m\u00e8res : les meilleurs v\u00e9los \u00e9lectriques pour les mamans occup\u00e9es"}]},{"@type":"WebSite","@id":"https:\/\/listings.mybikeplan.ch\/fr\/#website","url":"https:\/\/listings.mybikeplan.ch\/fr\/","name":"MyBikePlan","description":"","potentialAction":[{"@type":"SearchAction","target":{"@type":"EntryPoint","urlTemplate":"https:\/\/listings.mybikeplan.ch\/fr\/?s={search_term_string}"},"query-input":{"@type":"PropertyValueSpecification","valueRequired":true,"valueName":"search_term_string"}}],"inLanguage":"fr-FR"},{"@type":"Person","@id":"https:\/\/listings.mybikeplan.ch\/fr\/#\/schema\/person\/514a6130749cc58319f751509338dafd","name":"Evelyne Aschwanden","image":{"@type":"ImageObject","inLanguage":"fr-FR","@id":"https:\/\/listings.mybikeplan.ch\/fr\/#\/schema\/person\/image\/","url":"https:\/\/secure.gravatar.com\/avatar\/73f0cad78e1012b10bb7c10f05a99be7009e6621353849483b51025ae56a6b37?s=96&d=mm&r=g","contentUrl":"https:\/\/secure.gravatar.com\/avatar\/73f0cad78e1012b10bb7c10f05a99be7009e6621353849483b51025ae56a6b37?s=96&d=mm&r=g","caption":"Evelyne Aschwanden"},"url":"https:\/\/listings.mybikeplan.ch\/fr\/author\/evelyne-mybikeplan\/"}]}},"locale":"fr","_links":{"self":[{"href":"https:\/\/listings.mybikeplan.ch\/fr\/wp-json\/wp\/v2\/posts\/63643","targetHints":{"allow":["GET"]}}],"collection":[{"href":"https:\/\/listings.mybikeplan.ch\/fr\/wp-json\/wp\/v2\/posts"}],"about":[{"href":"https:\/\/listings.mybikeplan.ch\/fr\/wp-json\/wp\/v2\/types\/post"}],"author":[{"embeddable":true,"href":"https:\/\/listings.mybikeplan.ch\/fr\/wp-json\/wp\/v2\/users\/15"}],"replies":[{"embeddable":true,"href":"https:\/\/listings.mybikeplan.ch\/fr\/wp-json\/wp\/v2\/comments?post=63643"}],"version-history":[{"count":7,"href":"https:\/\/listings.mybikeplan.ch\/fr\/wp-json\/wp\/v2\/posts\/63643\/revisions"}],"predecessor-version":[{"id":63651,"href":"https:\/\/listings.mybikeplan.ch\/fr\/wp-json\/wp\/v2\/posts\/63643\/revisions\/63651"}],"wp:featuredmedia":[{"embeddable":true,"href":"https:\/\/listings.mybikeplan.ch\/fr\/wp-json\/wp\/v2\/media\/63640"}],"wp:attachment":[{"href":"https:\/\/listings.mybikeplan.ch\/fr\/wp-json\/wp\/v2\/media?parent=63643"}],"wp:term":[{"taxonomy":"category","embeddable":true,"href":"https:\/\/listings.mybikeplan.ch\/fr\/wp-json\/wp\/v2\/categories?post=63643"},{"taxonomy":"post_tag","embeddable":true,"href":"https:\/\/listings.mybikeplan.ch\/fr\/wp-json\/wp\/v2\/tags?post=63643"}],"curies":[{"name":"wp","href":"https:\/\/api.w.org\/{rel}","templated":true}]}}