{"id":61133,"date":"2024-04-05T14:19:17","date_gmt":"2024-04-05T14:19:17","guid":{"rendered":"https:\/\/listings.mybikeplan.ch\/?p=61133"},"modified":"2024-04-05T14:19:23","modified_gmt":"2024-04-05T14:19:23","slug":"instructions-pas-a-pas-pour-trouver-ton-parfait-e-bike","status":"publish","type":"post","link":"https:\/\/listings.mybikeplan.ch\/fr\/mybikeplan-fr\/instructions-pas-a-pas-pour-trouver-ton-parfait-e-bike\/","title":{"rendered":"Instructions pas \u00e0 pas pour trouver ton parfait E-Bike"},"content":{"rendered":"\n<p>Tu te sens submerg\u00e9 par le nombre de v\u00e9los \u00e9l\u00e9ctriques ?<\/p>\n\n\n\n<p>Les termes \u00ab\u00a0trap\u00e8ze\u00a0\u00bb, \u00ab\u00a0couple\u00a0\u00bb et \u00ab\u00a0capacit\u00e9 de la batterie\u00a0\u00bb t&rsquo;\u00e9chappent depuis longtemps ?<\/p>\n\n\n\n<p>Tu veux simplement un E-Bike qui te convient sans devoir faire des recherches pendant des heures ?<\/p>\n\n\n\n<p>Alors tu es au bon endroit ! Nous sommes l\u00e0 pour t&rsquo;aider. Gr\u00e2ce \u00e0 notre m\u00e9thode simple, \u00e9tape par \u00e9tape, tu trouveras le v\u00e9lo \u00e9lectrique parfait pour toi en un rien de temps !<\/p>\n\n\n\n<h2 class=\"wp-block-heading\">\u00c9tape 1 : D\u00e9termine la vitesse de ton E-Bike.<\/h2>\n\n\n\n<p>En principe, nous distinguons deux vitesses pour les v\u00e9los \u00e9lectriques :<\/p>\n\n\n\n<ul class=\"wp-block-list\">\n<li>Jusqu&rsquo;\u00e0 25 km\/h<\/li>\n\n\n\n<li>Jusqu&rsquo;\u00e0 45 km\/h<\/li>\n<\/ul>\n\n\n\n<p><strong>Un v\u00e9lo \u00e9lectrique de 25 km\/h<\/strong> est quasiment le standard d&rsquo;un E-Bike. L&rsquo;indication de la vitesse se r\u00e9f\u00e8re \u00e0 la vitesse jusqu&rsquo;\u00e0 laquelle le moteur t&rsquo;assiste. En descente, il se peut bien s\u00fbr que tu d\u00e9passes cette vitesse. Mais dans ce cas, le moteur se bloque automatiquement.<\/p>\n\n\n\n<p>Il existe des v\u00e9los \u00e9lectriques de 25 km\/h de tous types.<\/p>\n\n\n\n<p><strong>Les v\u00e9los \u00e9lectriques de 45 km\/h<\/strong> sont aussi appel\u00e9s speed-pedelecs ou S-pedelecs. Comme leur nom l&rsquo;indique, ils atteignent des vitesses maximales allant jusqu&rsquo;\u00e0 45 km\/h. En Suisse, ces v\u00e9los \u00e9lectriques font partie de la m\u00eame cat\u00e9gorie de v\u00e9hicules que les cyclomoteurs. C&rsquo;est pourquoi tu dois les d\u00e9clarer aupr\u00e8s du service des automobiles et poss\u00e9der un permis de conduire de la cat\u00e9gorie M.<\/p>\n\n\n\n<p>Les v\u00e9los \u00e9lectriques de 45 km\/h sont g\u00e9n\u00e9ralement des v\u00e9los de ville.<\/p>\n\n\n\n<h2 class=\"wp-block-heading\">\u00c9tape 2 : D\u00e9termine comment tu utiliseras ton E-Bike.<\/h2>\n\n\n\n<figure class=\"wp-block-image size-large\"><a href=\"https:\/\/listings.mybikeplan.ch\/wp-content\/uploads\/2024\/04\/E-Bike-kaufen-1024x576.jpg\"><img loading=\"lazy\" decoding=\"async\" width=\"1024\" height=\"576\" src=\"https:\/\/listings.mybikeplan.ch\/wp-content\/uploads\/2024\/04\/E-Bike-kaufen-1024x576.jpg\" alt=\"\" class=\"wp-image-61125\" srcset=\"https:\/\/listings.mybikeplan.ch\/wp-content\/uploads\/2024\/04\/E-Bike-kaufen-1024x576.jpg 1024w, https:\/\/listings.mybikeplan.ch\/wp-content\/uploads\/2024\/04\/E-Bike-kaufen-555x312.jpg 555w, https:\/\/listings.mybikeplan.ch\/wp-content\/uploads\/2024\/04\/E-Bike-kaufen-570x320.jpg 570w, https:\/\/listings.mybikeplan.ch\/wp-content\/uploads\/2024\/04\/E-Bike-kaufen-768x432.jpg 768w, https:\/\/listings.mybikeplan.ch\/wp-content\/uploads\/2024\/04\/E-Bike-kaufen-1536x864.jpg 1536w, https:\/\/listings.mybikeplan.ch\/wp-content\/uploads\/2024\/04\/E-Bike-kaufen-2048x1152.jpg 2048w, https:\/\/listings.mybikeplan.ch\/wp-content\/uploads\/2024\/04\/E-Bike-kaufen-666x375.jpg 666w\" sizes=\"auto, (max-width: 1024px) 100vw, 1024px\" \/><\/a><\/figure>\n\n\n\n<p>En fonction de la r\u00e9ponse, tu auras besoin d&rsquo;un v\u00e9lo \u00e9lectrique bien sp\u00e9cifique.<\/p>\n\n\n\n<p>Ces questions peuvent t&rsquo;aider \u00e0 prendre ta d\u00e9cision :<\/p>\n\n\n\n<ul class=\"wp-block-list\">\n<li>Tu habites en ville, tu roules majoritairement sur l&rsquo;asphalte et tu souhaites faire tes courses ou tes trajets domicile-travail avec ton v\u00e9lo \u00e9lectrique ? Dans ce cas, un City E-Bike est probablement ce qu&rsquo;il te faut.<\/li>\n\n\n\n<li>Tu ne veux pas seulement utiliser ton v\u00e9lo \u00e9lectrique au quotidien, mais aussi faire de longues randonn\u00e9es \u00e0 v\u00e9lo ? Choisis alors un Trekking E-Bike.<\/li>\n\n\n\n<li>Tu veux d\u00e9valer des pistes de downhill avec ton E-Bike ? L&rsquo;E-MTB est ton nouvel ami.<\/li>\n\n\n\n<li>Tu veux surtout transporter de grosses charges avec ton v\u00e9lo \u00e9lectrique ? Alors opte pour un v\u00e9lo \u00e9lectrique cargo.<\/li>\n<\/ul>\n\n\n\n<h2 class=\"wp-block-heading\">\u00c9tape 3 : D\u00e9finis le type de moteur que tu souhaites pour ton E-Bike.<\/h2>\n\n\n\n<p>En Suisse, tu peux acheter un v\u00e9lo \u00e9lectrique avec les moteurs suivants :<\/p>\n\n\n\n<ul class=\"wp-block-list\">\n<li>Moteur arri\u00e8re<\/li>\n\n\n\n<li>Moteur central<\/li>\n<\/ul>\n\n\n\n<p><strong>Le moteur arri\u00e8re<\/strong> est super adapt\u00e9 aux parcours plats ou l\u00e9g\u00e8rement vallonn\u00e9s. C&rsquo;est pourquoi tu le trouves souvent lorsque tu veux acheter un v\u00e9lo \u00e9lectrique de ville.<\/p>\n\n\n\n<p><strong>Le moteur central <\/strong>est celui qui est le plus souvent mont\u00e9 sur les v\u00e9los \u00e9lectriques, entre autres aussi sur la plupart des E-Bikes de randonn\u00e9e et de montagne.&nbsp;<\/p>\n\n\n\n<p>Un type de moteur que nous ne te recommandons pas pour l&rsquo;achat d&rsquo;un v\u00e9lo \u00e9lectrique est le moteur avant : ce type de moteur est exclusivement adapt\u00e9 aux parcours plats et n&rsquo;est donc pratiquement pas vendu en Suisse.<\/p>\n\n\n\n<p>Et qu&rsquo;en est-il de la puissance du moteur ? L\u00e0 aussi, il y a de grandes diff\u00e9rences ! De 35 Nm \u00e0 95 Nm, il y en a pour tous les go\u00fbts !<\/p>\n\n\n\n<ul class=\"wp-block-list\">\n<li>Pour les City E-Bikes, un moteur \u00e0 partir de 40-50 Nm suffit.<\/li>\n\n\n\n<li>Pour les Trekking E-Bikes, nous recommandons une puissance \u00e0 partir de 70 Nm.<\/li>\n\n\n\n<li>Pour les Mountains E-Bikes, il faut au moins 75 Nm ou, id\u00e9alement, plus.<\/li>\n<\/ul>\n\n\n\n<p>Tu trouveras plus d&rsquo;informations sur le th\u00e8me du moteur de v\u00e9lo \u00e9lectrique <a href=\"https:\/\/www.mybikeplan.ch\/fr\/blog\/quel-moteur-de-velo-electrique-pour-quel-velo-electrique\">dans cet article de blog<\/a>.<\/p>\n\n\n\n<h2 class=\"wp-block-heading\">\u00c9tape 4 : D\u00e9termine la puissance de la batterie dont ton E-Bike a besoin.<\/h2>\n\n\n\n<p>La batterie est le c\u0153ur de ton v\u00e9lo \u00e9lectrique. Sans une bonne batterie, m\u00eame le meilleur moteur ne sert \u00e0 rien. Mais comment reconna\u00eetre une batterie endurante ?<\/p>\n\n\n\n<p>En principe, la capacit\u00e9 de la batterie se calcule en Wh. <strong>Plus la capacit\u00e9 est \u00e9lev\u00e9e, plus tu peux aller loin avec ton v\u00e9lo \u00e9lectrique.<\/strong><\/p>\n\n\n\n<p>La plupart des v\u00e9los \u00e9lectriques ont une capacit\u00e9 de batterie comprise entre 400 et 750 Wh. Si la capacit\u00e9 de la batterie est inf\u00e9rieure \u00e0 cela, le v\u00e9lo \u00e9lectrique est g\u00e9n\u00e9ralement destin\u00e9 \u00e0 une utilisation en ville ou en plaine.<\/p>\n\n\n\n<h2 class=\"wp-block-heading\">\u00c9tape 5 : D\u00e9finis le cadre de ton E-Bike<\/h2>\n\n\n\n<figure class=\"wp-block-image size-large\"><a href=\"https:\/\/listings.mybikeplan.ch\/wp-content\/uploads\/2024\/04\/E-Bike-1024x576.jpg\"><img loading=\"lazy\" decoding=\"async\" width=\"1024\" height=\"576\" src=\"https:\/\/listings.mybikeplan.ch\/wp-content\/uploads\/2024\/04\/E-Bike-1024x576.jpg\" alt=\"\" class=\"wp-image-61128\" srcset=\"https:\/\/listings.mybikeplan.ch\/wp-content\/uploads\/2024\/04\/E-Bike-1024x576.jpg 1024w, https:\/\/listings.mybikeplan.ch\/wp-content\/uploads\/2024\/04\/E-Bike-555x312.jpg 555w, https:\/\/listings.mybikeplan.ch\/wp-content\/uploads\/2024\/04\/E-Bike-570x320.jpg 570w, https:\/\/listings.mybikeplan.ch\/wp-content\/uploads\/2024\/04\/E-Bike-768x432.jpg 768w, https:\/\/listings.mybikeplan.ch\/wp-content\/uploads\/2024\/04\/E-Bike-1536x864.jpg 1536w, https:\/\/listings.mybikeplan.ch\/wp-content\/uploads\/2024\/04\/E-Bike-2048x1152.jpg 2048w, https:\/\/listings.mybikeplan.ch\/wp-content\/uploads\/2024\/04\/E-Bike-666x375.jpg 666w\" sizes=\"auto, (max-width: 1024px) 100vw, 1024px\" \/><\/a><\/figure>\n\n\n\n<p>Autrefois, on faisait la diff\u00e9rence entre les cadres pour hommes et pour femmes lorsqu&rsquo;on faisait du v\u00e9lo. Aujourd&rsquo;hui, on ne proc\u00e8de plus ainsi, car : le cadre n&rsquo;a bien s\u00fbr rien \u00e0 voir avec ton sexe.<\/p>\n\n\n\n<p>Il existe diff\u00e9rents types de cadres de v\u00e9lo, class\u00e9s en diff\u00e9rentes cat\u00e9gories selon leur forme et leur stabilit\u00e9. Sur notre site web, tu trouveras des v\u00e9los \u00e9lectriques avec l&rsquo;un des 3 cadres de v\u00e9lo suivants :<\/p>\n\n\n\n<ul class=\"wp-block-list\">\n<li>Cadre Wave \/ cadre bas<\/li>\n\n\n\n<li>Cadre trap\u00e8ze<\/li>\n\n\n\n<li>Cadre diamant<\/li>\n<\/ul>\n\n\n\n<p>Choisis simplement le cadre qui est le plus confortable pour toi ! Si tu as besoin d&rsquo;une aide suppl\u00e9mentaire pour faire ton choix, <a href=\"https:\/\/www.mybikeplan.ch\/fr\/blog\/quel-cadre-de-velo-est-le-meilleur-pour-mon-velo-electrique\">tu peux aussi consulter ce blog post<\/a>.<\/p>\n\n\n\n<hr class=\"wp-block-separator has-alpha-channel-opacity\"\/>\n\n\n\n<p>Voil\u00e0, tu devrais maintenant avoir une id\u00e9e assez claire du E-Bike, dont tu as besoin et des points auxquels tu dois faire attention.<\/p>\n\n\n\n<p>Tu as encore des questions ? Pas de probl\u00e8me ! Nos professionnels du v\u00e9lo se feront un plaisir de t&rsquo;aider lors d&rsquo;un entretien t\u00e9l\u00e9phonique personnel, 100% gratuit et sans engagement. <strong>Nous pouvons ainsi aider 9 personnes sur 10 \u00e0 trouver le v\u00e9lo \u00e9lectrique parfait &#8211; peut-\u00eatre que ce sera bient\u00f4t ton cas aussi ?<\/strong><\/p>\n\n\n\n<div class=\"wp-block-buttons is-layout-flex wp-block-buttons-is-layout-flex\">\n<div class=\"wp-block-button\"><a class=\"wp-block-button__link wp-element-button\" href=\"https:\/\/meetings.hubspot.com\/mybikeplan\/consultation-de-30-minutes-?utm_campaign=24_MBP-Newsletter_April7&amp;utm_source=email&amp;utm_medium=consultation-fr&amp;utm_content=Newsletter%2017.04.2024\">Se faire conseiller<\/a><\/div>\n<\/div>\n","protected":false},"excerpt":{"rendered":"<p>Tu te sens submerg\u00e9 par le nombre de v\u00e9los \u00e9l\u00e9ctriques ? Les termes \u00ab\u00a0trap\u00e8ze\u00a0\u00bb, \u00ab\u00a0couple\u00a0\u00bb et \u00ab\u00a0capacit\u00e9 de la batterie\u00a0\u00bb t&rsquo;\u00e9chappent depuis longtemps ? Tu veux simplement un E-Bike qui te convient sans devoir faire des recherches pendant des heures ? Alors tu es au bon endroit ! Nous sommes l\u00e0 pour t&rsquo;aider. Gr\u00e2ce \u00e0 [&hellip;]<\/p>\n","protected":false},"author":15,"featured_media":61131,"comment_status":"open","ping_status":"open","sticky":false,"template":"","format":"standard","meta":{"_acf_changed":false,"footnotes":""},"categories":[4442],"tags":[],"class_list":["post-61133","post","type-post","status-publish","format-standard","has-post-thumbnail","hentry","category-mybikeplan-fr"],"acf":[],"yoast_head":"<!-- This site is optimized with the Yoast SEO plugin v24.5 - https:\/\/yoast.com\/wordpress\/plugins\/seo\/ -->\n<title>Guide \u00e9tape par \u00e9tape pour ton E-Bike parfait<\/title>\n<meta name=\"description\" content=\"Tu trouveras ainsi \u00e0 coup s\u00fbr le v\u00e9lo \u00e9lectrique parfait : Suis simplement nos instructions et r\u00e9alise ton r\u00eave d\u2019avoir un E-Bike !\" \/>\n<meta name=\"robots\" content=\"noindex, follow, max-snippet:-1, max-image-preview:large, max-video-preview:-1\" \/>\n<meta property=\"og:locale\" content=\"fr_FR\" \/>\n<meta property=\"og:type\" content=\"article\" \/>\n<meta property=\"og:title\" content=\"Guide \u00e9tape par \u00e9tape pour ton E-Bike parfait\" \/>\n<meta property=\"og:description\" content=\"Tu trouveras ainsi \u00e0 coup s\u00fbr le v\u00e9lo \u00e9lectrique parfait : Suis simplement nos instructions et r\u00e9alise ton r\u00eave d\u2019avoir un E-Bike !\" \/>\n<meta property=\"og:url\" content=\"https:\/\/listings.mybikeplan.ch\/fr\/mybikeplan-fr\/instructions-pas-a-pas-pour-trouver-ton-parfait-e-bike\/\" \/>\n<meta property=\"og:site_name\" content=\"MyBikePlan\" \/>\n<meta property=\"article:published_time\" content=\"2024-04-05T14:19:17+00:00\" \/>\n<meta property=\"article:modified_time\" content=\"2024-04-05T14:19:23+00:00\" \/>\n<meta property=\"og:image\" content=\"https:\/\/listings.mybikeplan.ch\/wp-content\/uploads\/2024\/04\/E-Bikes-1024x576.jpg\" \/>\n\t<meta property=\"og:image:width\" content=\"1024\" \/>\n\t<meta property=\"og:image:height\" content=\"576\" \/>\n\t<meta property=\"og:image:type\" content=\"image\/jpeg\" \/>\n<meta name=\"author\" content=\"Evelyne Aschwanden\" \/>\n<meta name=\"twitter:card\" content=\"summary_large_image\" \/>\n<meta name=\"twitter:label1\" content=\"\u00c9crit par\" \/>\n\t<meta name=\"twitter:data1\" content=\"Evelyne Aschwanden\" \/>\n\t<meta name=\"twitter:label2\" content=\"Dur\u00e9e de lecture estim\u00e9e\" \/>\n\t<meta name=\"twitter:data2\" content=\"5 minutes\" \/>\n<script type=\"application\/ld+json\" class=\"yoast-schema-graph\">{\"@context\":\"https:\/\/schema.org\",\"@graph\":[{\"@type\":\"WebPage\",\"@id\":\"https:\/\/listings.mybikeplan.ch\/fr\/mybikeplan-fr\/instructions-pas-a-pas-pour-trouver-ton-parfait-e-bike\/\",\"url\":\"https:\/\/listings.mybikeplan.ch\/fr\/mybikeplan-fr\/instructions-pas-a-pas-pour-trouver-ton-parfait-e-bike\/\",\"name\":\"Guide \u00e9tape par \u00e9tape pour ton E-Bike parfait\",\"isPartOf\":{\"@id\":\"https:\/\/listings.mybikeplan.ch\/fr\/#website\"},\"primaryImageOfPage\":{\"@id\":\"https:\/\/listings.mybikeplan.ch\/fr\/mybikeplan-fr\/instructions-pas-a-pas-pour-trouver-ton-parfait-e-bike\/#primaryimage\"},\"image\":{\"@id\":\"https:\/\/listings.mybikeplan.ch\/fr\/mybikeplan-fr\/instructions-pas-a-pas-pour-trouver-ton-parfait-e-bike\/#primaryimage\"},\"thumbnailUrl\":\"https:\/\/listings.mybikeplan.ch\/wp-content\/uploads\/2024\/04\/E-Bikes.jpg\",\"datePublished\":\"2024-04-05T14:19:17+00:00\",\"dateModified\":\"2024-04-05T14:19:23+00:00\",\"author\":{\"@id\":\"https:\/\/listings.mybikeplan.ch\/fr\/#\/schema\/person\/514a6130749cc58319f751509338dafd\"},\"description\":\"Tu trouveras ainsi \u00e0 coup s\u00fbr le v\u00e9lo \u00e9lectrique parfait : Suis simplement nos instructions et r\u00e9alise ton r\u00eave d\u2019avoir un E-Bike !\",\"breadcrumb\":{\"@id\":\"https:\/\/listings.mybikeplan.ch\/fr\/mybikeplan-fr\/instructions-pas-a-pas-pour-trouver-ton-parfait-e-bike\/#breadcrumb\"},\"inLanguage\":\"fr-FR\",\"potentialAction\":[{\"@type\":\"ReadAction\",\"target\":[\"https:\/\/listings.mybikeplan.ch\/fr\/mybikeplan-fr\/instructions-pas-a-pas-pour-trouver-ton-parfait-e-bike\/\"]}]},{\"@type\":\"ImageObject\",\"inLanguage\":\"fr-FR\",\"@id\":\"https:\/\/listings.mybikeplan.ch\/fr\/mybikeplan-fr\/instructions-pas-a-pas-pour-trouver-ton-parfait-e-bike\/#primaryimage\",\"url\":\"https:\/\/listings.mybikeplan.ch\/wp-content\/uploads\/2024\/04\/E-Bikes.jpg\",\"contentUrl\":\"https:\/\/listings.mybikeplan.ch\/wp-content\/uploads\/2024\/04\/E-Bikes.jpg\",\"width\":2240,\"height\":1260},{\"@type\":\"BreadcrumbList\",\"@id\":\"https:\/\/listings.mybikeplan.ch\/fr\/mybikeplan-fr\/instructions-pas-a-pas-pour-trouver-ton-parfait-e-bike\/#breadcrumb\",\"itemListElement\":[{\"@type\":\"ListItem\",\"position\":1,\"name\":\"Home\",\"item\":\"https:\/\/listings.mybikeplan.ch\/fr\/home\/\"},{\"@type\":\"ListItem\",\"position\":2,\"name\":\"Instructions pas \u00e0 pas pour trouver ton parfait E-Bike\"}]},{\"@type\":\"WebSite\",\"@id\":\"https:\/\/listings.mybikeplan.ch\/fr\/#website\",\"url\":\"https:\/\/listings.mybikeplan.ch\/fr\/\",\"name\":\"MyBikePlan\",\"description\":\"\",\"potentialAction\":[{\"@type\":\"SearchAction\",\"target\":{\"@type\":\"EntryPoint\",\"urlTemplate\":\"https:\/\/listings.mybikeplan.ch\/fr\/?s={search_term_string}\"},\"query-input\":{\"@type\":\"PropertyValueSpecification\",\"valueRequired\":true,\"valueName\":\"search_term_string\"}}],\"inLanguage\":\"fr-FR\"},{\"@type\":\"Person\",\"@id\":\"https:\/\/listings.mybikeplan.ch\/fr\/#\/schema\/person\/514a6130749cc58319f751509338dafd\",\"name\":\"Evelyne Aschwanden\",\"image\":{\"@type\":\"ImageObject\",\"inLanguage\":\"fr-FR\",\"@id\":\"https:\/\/listings.mybikeplan.ch\/fr\/#\/schema\/person\/image\/\",\"url\":\"https:\/\/secure.gravatar.com\/avatar\/73f0cad78e1012b10bb7c10f05a99be7009e6621353849483b51025ae56a6b37?s=96&d=mm&r=g\",\"contentUrl\":\"https:\/\/secure.gravatar.com\/avatar\/73f0cad78e1012b10bb7c10f05a99be7009e6621353849483b51025ae56a6b37?s=96&d=mm&r=g\",\"caption\":\"Evelyne Aschwanden\"},\"url\":\"https:\/\/listings.mybikeplan.ch\/fr\/author\/evelyne-mybikeplan\/\"}]}<\/script>\n<!-- \/ Yoast SEO plugin. -->","yoast_head_json":{"title":"Guide \u00e9tape par \u00e9tape pour ton E-Bike parfait","description":"Tu trouveras ainsi \u00e0 coup s\u00fbr le v\u00e9lo \u00e9lectrique parfait : Suis simplement nos instructions et r\u00e9alise ton r\u00eave d\u2019avoir un E-Bike !","robots":{"index":"noindex","follow":"follow","max-snippet":"max-snippet:-1","max-image-preview":"max-image-preview:large","max-video-preview":"max-video-preview:-1"},"og_locale":"fr_FR","og_type":"article","og_title":"Guide \u00e9tape par \u00e9tape pour ton E-Bike parfait","og_description":"Tu trouveras ainsi \u00e0 coup s\u00fbr le v\u00e9lo \u00e9lectrique parfait : Suis simplement nos instructions et r\u00e9alise ton r\u00eave d\u2019avoir un E-Bike !","og_url":"https:\/\/listings.mybikeplan.ch\/fr\/mybikeplan-fr\/instructions-pas-a-pas-pour-trouver-ton-parfait-e-bike\/","og_site_name":"MyBikePlan","article_published_time":"2024-04-05T14:19:17+00:00","article_modified_time":"2024-04-05T14:19:23+00:00","og_image":[{"width":1024,"height":576,"url":"https:\/\/listings.mybikeplan.ch\/wp-content\/uploads\/2024\/04\/E-Bikes-1024x576.jpg","type":"image\/jpeg"}],"author":"Evelyne Aschwanden","twitter_card":"summary_large_image","twitter_misc":{"\u00c9crit par":"Evelyne Aschwanden","Dur\u00e9e de lecture estim\u00e9e":"5 minutes"},"schema":{"@context":"https:\/\/schema.org","@graph":[{"@type":"WebPage","@id":"https:\/\/listings.mybikeplan.ch\/fr\/mybikeplan-fr\/instructions-pas-a-pas-pour-trouver-ton-parfait-e-bike\/","url":"https:\/\/listings.mybikeplan.ch\/fr\/mybikeplan-fr\/instructions-pas-a-pas-pour-trouver-ton-parfait-e-bike\/","name":"Guide \u00e9tape par \u00e9tape pour ton E-Bike parfait","isPartOf":{"@id":"https:\/\/listings.mybikeplan.ch\/fr\/#website"},"primaryImageOfPage":{"@id":"https:\/\/listings.mybikeplan.ch\/fr\/mybikeplan-fr\/instructions-pas-a-pas-pour-trouver-ton-parfait-e-bike\/#primaryimage"},"image":{"@id":"https:\/\/listings.mybikeplan.ch\/fr\/mybikeplan-fr\/instructions-pas-a-pas-pour-trouver-ton-parfait-e-bike\/#primaryimage"},"thumbnailUrl":"https:\/\/listings.mybikeplan.ch\/wp-content\/uploads\/2024\/04\/E-Bikes.jpg","datePublished":"2024-04-05T14:19:17+00:00","dateModified":"2024-04-05T14:19:23+00:00","author":{"@id":"https:\/\/listings.mybikeplan.ch\/fr\/#\/schema\/person\/514a6130749cc58319f751509338dafd"},"description":"Tu trouveras ainsi \u00e0 coup s\u00fbr le v\u00e9lo \u00e9lectrique parfait : Suis simplement nos instructions et r\u00e9alise ton r\u00eave d\u2019avoir un E-Bike !","breadcrumb":{"@id":"https:\/\/listings.mybikeplan.ch\/fr\/mybikeplan-fr\/instructions-pas-a-pas-pour-trouver-ton-parfait-e-bike\/#breadcrumb"},"inLanguage":"fr-FR","potentialAction":[{"@type":"ReadAction","target":["https:\/\/listings.mybikeplan.ch\/fr\/mybikeplan-fr\/instructions-pas-a-pas-pour-trouver-ton-parfait-e-bike\/"]}]},{"@type":"ImageObject","inLanguage":"fr-FR","@id":"https:\/\/listings.mybikeplan.ch\/fr\/mybikeplan-fr\/instructions-pas-a-pas-pour-trouver-ton-parfait-e-bike\/#primaryimage","url":"https:\/\/listings.mybikeplan.ch\/wp-content\/uploads\/2024\/04\/E-Bikes.jpg","contentUrl":"https:\/\/listings.mybikeplan.ch\/wp-content\/uploads\/2024\/04\/E-Bikes.jpg","width":2240,"height":1260},{"@type":"BreadcrumbList","@id":"https:\/\/listings.mybikeplan.ch\/fr\/mybikeplan-fr\/instructions-pas-a-pas-pour-trouver-ton-parfait-e-bike\/#breadcrumb","itemListElement":[{"@type":"ListItem","position":1,"name":"Home","item":"https:\/\/listings.mybikeplan.ch\/fr\/home\/"},{"@type":"ListItem","position":2,"name":"Instructions pas \u00e0 pas pour trouver ton parfait E-Bike"}]},{"@type":"WebSite","@id":"https:\/\/listings.mybikeplan.ch\/fr\/#website","url":"https:\/\/listings.mybikeplan.ch\/fr\/","name":"MyBikePlan","description":"","potentialAction":[{"@type":"SearchAction","target":{"@type":"EntryPoint","urlTemplate":"https:\/\/listings.mybikeplan.ch\/fr\/?s={search_term_string}"},"query-input":{"@type":"PropertyValueSpecification","valueRequired":true,"valueName":"search_term_string"}}],"inLanguage":"fr-FR"},{"@type":"Person","@id":"https:\/\/listings.mybikeplan.ch\/fr\/#\/schema\/person\/514a6130749cc58319f751509338dafd","name":"Evelyne Aschwanden","image":{"@type":"ImageObject","inLanguage":"fr-FR","@id":"https:\/\/listings.mybikeplan.ch\/fr\/#\/schema\/person\/image\/","url":"https:\/\/secure.gravatar.com\/avatar\/73f0cad78e1012b10bb7c10f05a99be7009e6621353849483b51025ae56a6b37?s=96&d=mm&r=g","contentUrl":"https:\/\/secure.gravatar.com\/avatar\/73f0cad78e1012b10bb7c10f05a99be7009e6621353849483b51025ae56a6b37?s=96&d=mm&r=g","caption":"Evelyne Aschwanden"},"url":"https:\/\/listings.mybikeplan.ch\/fr\/author\/evelyne-mybikeplan\/"}]}},"locale":"fr","_links":{"self":[{"href":"https:\/\/listings.mybikeplan.ch\/fr\/wp-json\/wp\/v2\/posts\/61133","targetHints":{"allow":["GET"]}}],"collection":[{"href":"https:\/\/listings.mybikeplan.ch\/fr\/wp-json\/wp\/v2\/posts"}],"about":[{"href":"https:\/\/listings.mybikeplan.ch\/fr\/wp-json\/wp\/v2\/types\/post"}],"author":[{"embeddable":true,"href":"https:\/\/listings.mybikeplan.ch\/fr\/wp-json\/wp\/v2\/users\/15"}],"replies":[{"embeddable":true,"href":"https:\/\/listings.mybikeplan.ch\/fr\/wp-json\/wp\/v2\/comments?post=61133"}],"version-history":[{"count":2,"href":"https:\/\/listings.mybikeplan.ch\/fr\/wp-json\/wp\/v2\/posts\/61133\/revisions"}],"predecessor-version":[{"id":61135,"href":"https:\/\/listings.mybikeplan.ch\/fr\/wp-json\/wp\/v2\/posts\/61133\/revisions\/61135"}],"wp:featuredmedia":[{"embeddable":true,"href":"https:\/\/listings.mybikeplan.ch\/fr\/wp-json\/wp\/v2\/media\/61131"}],"wp:attachment":[{"href":"https:\/\/listings.mybikeplan.ch\/fr\/wp-json\/wp\/v2\/media?parent=61133"}],"wp:term":[{"taxonomy":"category","embeddable":true,"href":"https:\/\/listings.mybikeplan.ch\/fr\/wp-json\/wp\/v2\/categories?post=61133"},{"taxonomy":"post_tag","embeddable":true,"href":"https:\/\/listings.mybikeplan.ch\/fr\/wp-json\/wp\/v2\/tags?post=61133"}],"curies":[{"name":"wp","href":"https:\/\/api.w.org\/{rel}","templated":true}]}}