{"id":59803,"date":"2024-03-14T14:57:26","date_gmt":"2024-03-14T14:57:26","guid":{"rendered":"https:\/\/listings.mybikeplan.ch\/?p=59803"},"modified":"2024-03-14T14:57:32","modified_gmt":"2024-03-14T14:57:32","slug":"ces-choses-sont-un-must-have-pour-les-randonnees-en-e-bike","status":"publish","type":"post","link":"https:\/\/listings.mybikeplan.ch\/fr\/mybikeplan-fr\/ces-choses-sont-un-must-have-pour-les-randonnees-en-e-bike\/","title":{"rendered":"Ces choses sont un must-have pour les randonn\u00e9es en E-Bike"},"content":{"rendered":"\n<p>M\u00eame si la m\u00e9t\u00e9o de ces derni\u00e8res semaines a \u00e9t\u00e9 capricieuse :<\/p>\n\n\n\n<p>Le printemps arrive !<\/p>\n\n\n\n<p>Peut-\u00eatre t&rsquo;es-tu d\u00e9j\u00e0 offert un E-Bike pour le d\u00e9but de la saison ? <a href=\"https:\/\/www.mybikeplan.ch\/blog\/10-gute-gruende-zum-saisonstart-2024-ein-e-bike-zu-kaufen\">Nous avons d\u00e9j\u00e0 r\u00e9sum\u00e9 quelques bonnes raisons dans notre dernier blog post.<\/a><\/p>\n\n\n\n<p>Quoi qu&rsquo;il en soit, c&rsquo;est le moment id\u00e9al pour se mettre en selle et profiter du soleil sur deux roues. Nous avons rassembl\u00e9 les incontournables pour ta prochaine randonn\u00e9e \u00e0 v\u00e9lo, \u00e9l\u00e9ctrique ou non.<\/p>\n\n\n\n<h2 class=\"wp-block-heading\">Must-have num\u00e9ro 1 : bien se prot\u00e9ger, et pas seulement sur un E-Bike<\/h2>\n\n\n\n<p>Important sur un v\u00e9lo, mais indispensable sur un E-Bike : un bon casque.<\/p>\n\n\n\n<p>La s\u00e9curit\u00e9 avant tout, que tu roules sur l&rsquo;asphalte, le gravier ou en tout-terrain. Pour les randonn\u00e9es \u00e0 v\u00e9lo en particulier, nous te recommandons de porter un casque de haute qualit\u00e9 avec ventilation. D&rsquo;une part, cela assure le confort en roulant, d&rsquo;autre part, cela pr\u00e9vient aussi les maux de t\u00eate ou la surchauffe. Et en m\u00eame temps, tu te prot\u00e8ges mieux en cas de chute ou de collision.<\/p>\n\n\n\n<h2 class=\"wp-block-heading\">Must-have num\u00e9ro 2 : des v\u00eatements respirants pour faire du v\u00e9lo.<\/h2>\n\n\n\n<p>C&rsquo;est justement si tu pr\u00e9vois d&rsquo;entreprendre de longues randonn\u00e9es en E-Bike ou peut-\u00eatre m\u00eame de rouler plusieurs jours que nous te recommandons de porter des v\u00eatements adapt\u00e9s. Des v\u00eatements de v\u00e9lo sp\u00e9ciaux, respirants et adapt\u00e9s aux conditions m\u00e9t\u00e9orologiques, peuvent am\u00e9liorer consid\u00e9rablement le confort lors de longs trajets. Il s&rsquo;agit notamment de cuissards rembourr\u00e9s, de t-shirts respirants et de vestes imperm\u00e9ables mais respirantes.<\/p>\n\n\n\n<p>\u00c9galement importants : les gants de v\u00e9lo. Ils offrent une protection en cas de chute et aident \u00e0 amortir les vibrations.<\/p>\n\n\n\n<h2 class=\"wp-block-heading\">Must-have num\u00e9ro 3 : des poign\u00e9es et une selle ergonomiques pour ton E-Bike ou ton v\u00e9lo.<\/h2>\n\n\n\n<p>Tu passes des heures sur ton E-Bike ou ton v\u00e9lo ? Alors le confort est essentiel si tu ne veux pas avoir de courbatures et de douleurs le soir ! Des poign\u00e9es ergonomiques et une bonne selle peuvent am\u00e9liorer le confort et le contr\u00f4le et r\u00e9duire le risque d&rsquo;engourdissement ou de douleur.<\/p>\n\n\n\n<figure class=\"wp-block-image size-large\"><a href=\"https:\/\/listings.mybikeplan.ch\/wp-content\/uploads\/2024\/03\/E-Bikes-1-1024x576.jpg\"><img loading=\"lazy\" decoding=\"async\" width=\"1024\" height=\"576\" src=\"https:\/\/listings.mybikeplan.ch\/wp-content\/uploads\/2024\/03\/E-Bikes-1-1024x576.jpg\" alt=\"\" class=\"wp-image-59798\" srcset=\"https:\/\/listings.mybikeplan.ch\/wp-content\/uploads\/2024\/03\/E-Bikes-1-1024x576.jpg 1024w, https:\/\/listings.mybikeplan.ch\/wp-content\/uploads\/2024\/03\/E-Bikes-1-555x312.jpg 555w, https:\/\/listings.mybikeplan.ch\/wp-content\/uploads\/2024\/03\/E-Bikes-1-570x320.jpg 570w, https:\/\/listings.mybikeplan.ch\/wp-content\/uploads\/2024\/03\/E-Bikes-1-768x432.jpg 768w, https:\/\/listings.mybikeplan.ch\/wp-content\/uploads\/2024\/03\/E-Bikes-1-1536x864.jpg 1536w, https:\/\/listings.mybikeplan.ch\/wp-content\/uploads\/2024\/03\/E-Bikes-1-2048x1152.jpg 2048w, https:\/\/listings.mybikeplan.ch\/wp-content\/uploads\/2024\/03\/E-Bikes-1-666x375.jpg 666w\" sizes=\"auto, (max-width: 1024px) 100vw, 1024px\" \/><\/a><\/figure>\n\n\n\n<h2 class=\"wp-block-heading\">Must-have num\u00e9ro 4 : antivol sp\u00e9cifique pour un E-Bike<\/h2>\n\n\n\n<p><a href=\"https:\/\/www.mybikeplan.ch\/blog\/e-bike-diebstahl-was-nun\">Nous avons d\u00e9j\u00e0 parl\u00e9 dans ce blog post de ce que tu peux faire en cas de vol de ton v\u00e9lo \u00e9lectrique.<\/a><\/p>\n\n\n\n<p>Mais le meilleur moyen de lutter contre le vol reste la pr\u00e9vention.&nbsp;<\/p>\n\n\n\n<p>C&rsquo;est justement parce que les v\u00e9los \u00e9lectriques sont un investissement co\u00fbteux que nous te recommandons de prot\u00e9ger ton v\u00e9lo le mieux possible. La premi\u00e8re \u00e9tape consiste \u00e0 utiliser un bon antivol sp\u00e9cifique au v\u00e9lo \u00e9lectrique. Les antivols \u00e0 cha\u00eene ou les antivols \u00e0 arceau offrent une bonne protection, m\u00eame sur les longs trajets.<\/p>\n\n\n\n<h2 class=\"wp-block-heading\">Must-have num\u00e9ro 5 : outil multifonctionnel pour E-Bike<\/h2>\n\n\n\n<p>Les v\u00e9los \u00e9lectriques int\u00e8grent beaucoup d&rsquo;\u00e9lectronique, de technologie et de technique. C&rsquo;est pourquoi tu dois \u00eatre bien \u00e9quip\u00e9, surtout pour les longs trajets, pour parer \u00e0 toute \u00e9ventualit\u00e9. Nous te recommandons un set d&rsquo;outils sp\u00e9cialement con\u00e7u pour les exigences des v\u00e9los \u00e9lectriques, y compris une cl\u00e9 dynamom\u00e9trique pour s&rsquo;assurer que toutes les vis sont serr\u00e9es au bon couple.<\/p>\n\n\n\n<p>Ne pas oublier : un pneu anti-crevaison ou un kit de r\u00e9paration de pneu ainsi qu&rsquo;une pompe portable pour les pneus de v\u00e9lo \u00e9lectrique !<\/p>\n\n\n\n<h2 class=\"wp-block-heading\">Must-have num\u00e9ro 6 : un bon syst\u00e8me d&rsquo;hydratation pour les longues randonn\u00e9es \u00e0 v\u00e9lo \u00e9lectrique.<\/h2>\n\n\n\n<p>Lors de longues randonn\u00e9es, il est important que tu t&rsquo;hydrates suffisamment. Pour cela, tu peux utiliser soit des bouteilles d&rsquo;eau traditionnelles avec des supports, soit un sac \u00e0 dos d&rsquo;hydratation qui permet de boire sans utiliser les mains.<\/p>\n\n\n\n<figure class=\"wp-block-image size-large\"><a href=\"https:\/\/listings.mybikeplan.ch\/wp-content\/uploads\/2024\/03\/Must-haves-auf-E-Bike-Touren-1024x576.jpg\"><img loading=\"lazy\" decoding=\"async\" width=\"1024\" height=\"576\" src=\"https:\/\/listings.mybikeplan.ch\/wp-content\/uploads\/2024\/03\/Must-haves-auf-E-Bike-Touren-1024x576.jpg\" alt=\"\" class=\"wp-image-59801\" srcset=\"https:\/\/listings.mybikeplan.ch\/wp-content\/uploads\/2024\/03\/Must-haves-auf-E-Bike-Touren-1024x576.jpg 1024w, https:\/\/listings.mybikeplan.ch\/wp-content\/uploads\/2024\/03\/Must-haves-auf-E-Bike-Touren-555x312.jpg 555w, https:\/\/listings.mybikeplan.ch\/wp-content\/uploads\/2024\/03\/Must-haves-auf-E-Bike-Touren-570x320.jpg 570w, https:\/\/listings.mybikeplan.ch\/wp-content\/uploads\/2024\/03\/Must-haves-auf-E-Bike-Touren-768x432.jpg 768w, https:\/\/listings.mybikeplan.ch\/wp-content\/uploads\/2024\/03\/Must-haves-auf-E-Bike-Touren-1536x864.jpg 1536w, https:\/\/listings.mybikeplan.ch\/wp-content\/uploads\/2024\/03\/Must-haves-auf-E-Bike-Touren-2048x1152.jpg 2048w, https:\/\/listings.mybikeplan.ch\/wp-content\/uploads\/2024\/03\/Must-haves-auf-E-Bike-Touren-666x375.jpg 666w\" sizes=\"auto, (max-width: 1024px) 100vw, 1024px\" \/><\/a><\/figure>\n\n\n\n<h2 class=\"wp-block-heading\">Must-have num\u00e9ro 7 : de bonnes solutions pour les bagages<\/h2>\n\n\n\n<p>Selon la longueur et le type de randonn\u00e9e, des porte-bagages, des sacoches de selle ou un sac \u00e0 dos peuvent \u00eatre n\u00e9cessaires pour transporter des v\u00eatements de rechange, des outils, de la nourriture et d&rsquo;autres ustensiles.<\/p>\n\n\n\n<p>Il existe aujourd&rsquo;hui de plus en plus de v\u00e9los et de v\u00e9los \u00e9lectriques qui disposent d&rsquo;un espace de rangement dans les tubes ou sur le v\u00e9lo lui-m\u00eame, par exemple le <a href=\"https:\/\/www.mybikeplan.ch\/produkt\/liv-devote-advanced-1?tab=beschreibung\">LIV Devote Advanced 1<\/a>.<\/p>\n\n\n\n<p>D&rsquo;ailleurs, les meilleurs E-Bikes pour les longues randonn\u00e9es sont les v\u00e9los \u00e9lectriques de trekking. Ceux-ci sont adapt\u00e9s \u00e0 tous les terrains, mais peuvent aussi \u00eatre utilis\u00e9s sans probl\u00e8me au quotidien. <a href=\"https:\/\/meetings.hubspot.com\/fabian62\/kostenlose-beratung-mit-mybikeplan\">Nos professionnels du v\u00e9lo se feront un plaisir de r\u00e9pondre \u00e0 toutes tes questions !<\/a><\/p>\n\n\n\n<div class=\"wp-block-buttons is-layout-flex wp-block-buttons-is-layout-flex\">\n<div class=\"wp-block-button\"><a class=\"wp-block-button__link wp-element-button\" href=\"https:\/\/www.mybikeplan.ch\/fr\/tous-les-modeles-e-bike-suisse\/categorie\/trekking-e-bike\/variantes-du-cadre\/-\/capacite-batterie\/-\/poids-maximal\/-\/accessoires\/-\/vitesse\/-\/marque\/-\/moteur-marque\/-\/couleur\/-\/taille-du-corps\/-\/fourchette-de-prix\/-\/disponible\/-\/rechercher\/-\/trier\/prix\/pertinence\/-\">Vers nos trekking E-Bikes<\/a><\/div>\n<\/div>\n","protected":false},"excerpt":{"rendered":"<p>M\u00eame si la m\u00e9t\u00e9o de ces derni\u00e8res semaines a \u00e9t\u00e9 capricieuse : Le printemps arrive ! Peut-\u00eatre t&rsquo;es-tu d\u00e9j\u00e0 offert un E-Bike pour le d\u00e9but de la saison ? Nous avons d\u00e9j\u00e0 r\u00e9sum\u00e9 quelques bonnes raisons dans notre dernier blog post. Quoi qu&rsquo;il en soit, c&rsquo;est le moment id\u00e9al pour se mettre en selle et [&hellip;]<\/p>\n","protected":false},"author":15,"featured_media":59795,"comment_status":"open","ping_status":"open","sticky":false,"template":"","format":"standard","meta":{"_acf_changed":false,"footnotes":""},"categories":[4442],"tags":[],"class_list":["post-59803","post","type-post","status-publish","format-standard","has-post-thumbnail","hentry","category-mybikeplan-fr"],"acf":[],"yoast_head":"<!-- This site is optimized with the Yoast SEO plugin v24.5 - https:\/\/yoast.com\/wordpress\/plugins\/seo\/ -->\n<title>Ces choses sont des must-have pour les randonn\u00e9es en E-Bike!<\/title>\n<meta name=\"description\" content=\"Pr\u00eat pour ton prochain tour \u00e0 v\u00e9lo ? Nous avons rassembl\u00e9 quelques incontournables dont tu auras certainement besoin !\" \/>\n<meta name=\"robots\" content=\"noindex, follow, max-snippet:-1, max-image-preview:large, max-video-preview:-1\" \/>\n<meta property=\"og:locale\" content=\"fr_FR\" \/>\n<meta property=\"og:type\" content=\"article\" \/>\n<meta property=\"og:title\" content=\"Ces choses sont des must-have pour les randonn\u00e9es en E-Bike!\" \/>\n<meta property=\"og:description\" content=\"Pr\u00eat pour ton prochain tour \u00e0 v\u00e9lo ? Nous avons rassembl\u00e9 quelques incontournables dont tu auras certainement besoin !\" \/>\n<meta property=\"og:url\" content=\"https:\/\/listings.mybikeplan.ch\/fr\/mybikeplan-fr\/ces-choses-sont-un-must-have-pour-les-randonnees-en-e-bike\/\" \/>\n<meta property=\"og:site_name\" content=\"MyBikePlan\" \/>\n<meta property=\"article:published_time\" content=\"2024-03-14T14:57:26+00:00\" \/>\n<meta property=\"article:modified_time\" content=\"2024-03-14T14:57:32+00:00\" \/>\n<meta property=\"og:image\" content=\"https:\/\/listings.mybikeplan.ch\/wp-content\/uploads\/2024\/03\/E-Bike-1.jpg\" \/>\n\t<meta property=\"og:image:width\" content=\"2240\" \/>\n\t<meta property=\"og:image:height\" content=\"1260\" \/>\n\t<meta property=\"og:image:type\" content=\"image\/jpeg\" \/>\n<meta name=\"author\" content=\"Evelyne Aschwanden\" \/>\n<meta name=\"twitter:card\" content=\"summary_large_image\" \/>\n<meta name=\"twitter:label1\" content=\"\u00c9crit par\" \/>\n\t<meta name=\"twitter:data1\" content=\"Evelyne Aschwanden\" \/>\n\t<meta name=\"twitter:label2\" content=\"Dur\u00e9e de lecture estim\u00e9e\" \/>\n\t<meta name=\"twitter:data2\" content=\"4 minutes\" \/>\n<script type=\"application\/ld+json\" class=\"yoast-schema-graph\">{\"@context\":\"https:\/\/schema.org\",\"@graph\":[{\"@type\":\"WebPage\",\"@id\":\"https:\/\/listings.mybikeplan.ch\/fr\/mybikeplan-fr\/ces-choses-sont-un-must-have-pour-les-randonnees-en-e-bike\/\",\"url\":\"https:\/\/listings.mybikeplan.ch\/fr\/mybikeplan-fr\/ces-choses-sont-un-must-have-pour-les-randonnees-en-e-bike\/\",\"name\":\"Ces choses sont des must-have pour les randonn\u00e9es en E-Bike!\",\"isPartOf\":{\"@id\":\"https:\/\/listings.mybikeplan.ch\/fr\/#website\"},\"primaryImageOfPage\":{\"@id\":\"https:\/\/listings.mybikeplan.ch\/fr\/mybikeplan-fr\/ces-choses-sont-un-must-have-pour-les-randonnees-en-e-bike\/#primaryimage\"},\"image\":{\"@id\":\"https:\/\/listings.mybikeplan.ch\/fr\/mybikeplan-fr\/ces-choses-sont-un-must-have-pour-les-randonnees-en-e-bike\/#primaryimage\"},\"thumbnailUrl\":\"https:\/\/listings.mybikeplan.ch\/wp-content\/uploads\/2024\/03\/E-Bike-1.jpg\",\"datePublished\":\"2024-03-14T14:57:26+00:00\",\"dateModified\":\"2024-03-14T14:57:32+00:00\",\"author\":{\"@id\":\"https:\/\/listings.mybikeplan.ch\/fr\/#\/schema\/person\/514a6130749cc58319f751509338dafd\"},\"description\":\"Pr\u00eat pour ton prochain tour \u00e0 v\u00e9lo ? Nous avons rassembl\u00e9 quelques incontournables dont tu auras certainement besoin !\",\"breadcrumb\":{\"@id\":\"https:\/\/listings.mybikeplan.ch\/fr\/mybikeplan-fr\/ces-choses-sont-un-must-have-pour-les-randonnees-en-e-bike\/#breadcrumb\"},\"inLanguage\":\"fr-FR\",\"potentialAction\":[{\"@type\":\"ReadAction\",\"target\":[\"https:\/\/listings.mybikeplan.ch\/fr\/mybikeplan-fr\/ces-choses-sont-un-must-have-pour-les-randonnees-en-e-bike\/\"]}]},{\"@type\":\"ImageObject\",\"inLanguage\":\"fr-FR\",\"@id\":\"https:\/\/listings.mybikeplan.ch\/fr\/mybikeplan-fr\/ces-choses-sont-un-must-have-pour-les-randonnees-en-e-bike\/#primaryimage\",\"url\":\"https:\/\/listings.mybikeplan.ch\/wp-content\/uploads\/2024\/03\/E-Bike-1.jpg\",\"contentUrl\":\"https:\/\/listings.mybikeplan.ch\/wp-content\/uploads\/2024\/03\/E-Bike-1.jpg\",\"width\":2240,\"height\":1260},{\"@type\":\"BreadcrumbList\",\"@id\":\"https:\/\/listings.mybikeplan.ch\/fr\/mybikeplan-fr\/ces-choses-sont-un-must-have-pour-les-randonnees-en-e-bike\/#breadcrumb\",\"itemListElement\":[{\"@type\":\"ListItem\",\"position\":1,\"name\":\"Home\",\"item\":\"https:\/\/listings.mybikeplan.ch\/fr\/home\/\"},{\"@type\":\"ListItem\",\"position\":2,\"name\":\"Ces choses sont un must-have pour les randonn\u00e9es en E-Bike\"}]},{\"@type\":\"WebSite\",\"@id\":\"https:\/\/listings.mybikeplan.ch\/fr\/#website\",\"url\":\"https:\/\/listings.mybikeplan.ch\/fr\/\",\"name\":\"MyBikePlan\",\"description\":\"\",\"potentialAction\":[{\"@type\":\"SearchAction\",\"target\":{\"@type\":\"EntryPoint\",\"urlTemplate\":\"https:\/\/listings.mybikeplan.ch\/fr\/?s={search_term_string}\"},\"query-input\":{\"@type\":\"PropertyValueSpecification\",\"valueRequired\":true,\"valueName\":\"search_term_string\"}}],\"inLanguage\":\"fr-FR\"},{\"@type\":\"Person\",\"@id\":\"https:\/\/listings.mybikeplan.ch\/fr\/#\/schema\/person\/514a6130749cc58319f751509338dafd\",\"name\":\"Evelyne Aschwanden\",\"image\":{\"@type\":\"ImageObject\",\"inLanguage\":\"fr-FR\",\"@id\":\"https:\/\/listings.mybikeplan.ch\/fr\/#\/schema\/person\/image\/\",\"url\":\"https:\/\/secure.gravatar.com\/avatar\/73f0cad78e1012b10bb7c10f05a99be7009e6621353849483b51025ae56a6b37?s=96&d=mm&r=g\",\"contentUrl\":\"https:\/\/secure.gravatar.com\/avatar\/73f0cad78e1012b10bb7c10f05a99be7009e6621353849483b51025ae56a6b37?s=96&d=mm&r=g\",\"caption\":\"Evelyne Aschwanden\"},\"url\":\"https:\/\/listings.mybikeplan.ch\/fr\/author\/evelyne-mybikeplan\/\"}]}<\/script>\n<!-- \/ Yoast SEO plugin. -->","yoast_head_json":{"title":"Ces choses sont des must-have pour les randonn\u00e9es en E-Bike!","description":"Pr\u00eat pour ton prochain tour \u00e0 v\u00e9lo ? Nous avons rassembl\u00e9 quelques incontournables dont tu auras certainement besoin !","robots":{"index":"noindex","follow":"follow","max-snippet":"max-snippet:-1","max-image-preview":"max-image-preview:large","max-video-preview":"max-video-preview:-1"},"og_locale":"fr_FR","og_type":"article","og_title":"Ces choses sont des must-have pour les randonn\u00e9es en E-Bike!","og_description":"Pr\u00eat pour ton prochain tour \u00e0 v\u00e9lo ? Nous avons rassembl\u00e9 quelques incontournables dont tu auras certainement besoin !","og_url":"https:\/\/listings.mybikeplan.ch\/fr\/mybikeplan-fr\/ces-choses-sont-un-must-have-pour-les-randonnees-en-e-bike\/","og_site_name":"MyBikePlan","article_published_time":"2024-03-14T14:57:26+00:00","article_modified_time":"2024-03-14T14:57:32+00:00","og_image":[{"width":2240,"height":1260,"url":"https:\/\/listings.mybikeplan.ch\/wp-content\/uploads\/2024\/03\/E-Bike-1.jpg","type":"image\/jpeg"}],"author":"Evelyne Aschwanden","twitter_card":"summary_large_image","twitter_misc":{"\u00c9crit par":"Evelyne Aschwanden","Dur\u00e9e de lecture estim\u00e9e":"4 minutes"},"schema":{"@context":"https:\/\/schema.org","@graph":[{"@type":"WebPage","@id":"https:\/\/listings.mybikeplan.ch\/fr\/mybikeplan-fr\/ces-choses-sont-un-must-have-pour-les-randonnees-en-e-bike\/","url":"https:\/\/listings.mybikeplan.ch\/fr\/mybikeplan-fr\/ces-choses-sont-un-must-have-pour-les-randonnees-en-e-bike\/","name":"Ces choses sont des must-have pour les randonn\u00e9es en E-Bike!","isPartOf":{"@id":"https:\/\/listings.mybikeplan.ch\/fr\/#website"},"primaryImageOfPage":{"@id":"https:\/\/listings.mybikeplan.ch\/fr\/mybikeplan-fr\/ces-choses-sont-un-must-have-pour-les-randonnees-en-e-bike\/#primaryimage"},"image":{"@id":"https:\/\/listings.mybikeplan.ch\/fr\/mybikeplan-fr\/ces-choses-sont-un-must-have-pour-les-randonnees-en-e-bike\/#primaryimage"},"thumbnailUrl":"https:\/\/listings.mybikeplan.ch\/wp-content\/uploads\/2024\/03\/E-Bike-1.jpg","datePublished":"2024-03-14T14:57:26+00:00","dateModified":"2024-03-14T14:57:32+00:00","author":{"@id":"https:\/\/listings.mybikeplan.ch\/fr\/#\/schema\/person\/514a6130749cc58319f751509338dafd"},"description":"Pr\u00eat pour ton prochain tour \u00e0 v\u00e9lo ? Nous avons rassembl\u00e9 quelques incontournables dont tu auras certainement besoin !","breadcrumb":{"@id":"https:\/\/listings.mybikeplan.ch\/fr\/mybikeplan-fr\/ces-choses-sont-un-must-have-pour-les-randonnees-en-e-bike\/#breadcrumb"},"inLanguage":"fr-FR","potentialAction":[{"@type":"ReadAction","target":["https:\/\/listings.mybikeplan.ch\/fr\/mybikeplan-fr\/ces-choses-sont-un-must-have-pour-les-randonnees-en-e-bike\/"]}]},{"@type":"ImageObject","inLanguage":"fr-FR","@id":"https:\/\/listings.mybikeplan.ch\/fr\/mybikeplan-fr\/ces-choses-sont-un-must-have-pour-les-randonnees-en-e-bike\/#primaryimage","url":"https:\/\/listings.mybikeplan.ch\/wp-content\/uploads\/2024\/03\/E-Bike-1.jpg","contentUrl":"https:\/\/listings.mybikeplan.ch\/wp-content\/uploads\/2024\/03\/E-Bike-1.jpg","width":2240,"height":1260},{"@type":"BreadcrumbList","@id":"https:\/\/listings.mybikeplan.ch\/fr\/mybikeplan-fr\/ces-choses-sont-un-must-have-pour-les-randonnees-en-e-bike\/#breadcrumb","itemListElement":[{"@type":"ListItem","position":1,"name":"Home","item":"https:\/\/listings.mybikeplan.ch\/fr\/home\/"},{"@type":"ListItem","position":2,"name":"Ces choses sont un must-have pour les randonn\u00e9es en E-Bike"}]},{"@type":"WebSite","@id":"https:\/\/listings.mybikeplan.ch\/fr\/#website","url":"https:\/\/listings.mybikeplan.ch\/fr\/","name":"MyBikePlan","description":"","potentialAction":[{"@type":"SearchAction","target":{"@type":"EntryPoint","urlTemplate":"https:\/\/listings.mybikeplan.ch\/fr\/?s={search_term_string}"},"query-input":{"@type":"PropertyValueSpecification","valueRequired":true,"valueName":"search_term_string"}}],"inLanguage":"fr-FR"},{"@type":"Person","@id":"https:\/\/listings.mybikeplan.ch\/fr\/#\/schema\/person\/514a6130749cc58319f751509338dafd","name":"Evelyne Aschwanden","image":{"@type":"ImageObject","inLanguage":"fr-FR","@id":"https:\/\/listings.mybikeplan.ch\/fr\/#\/schema\/person\/image\/","url":"https:\/\/secure.gravatar.com\/avatar\/73f0cad78e1012b10bb7c10f05a99be7009e6621353849483b51025ae56a6b37?s=96&d=mm&r=g","contentUrl":"https:\/\/secure.gravatar.com\/avatar\/73f0cad78e1012b10bb7c10f05a99be7009e6621353849483b51025ae56a6b37?s=96&d=mm&r=g","caption":"Evelyne Aschwanden"},"url":"https:\/\/listings.mybikeplan.ch\/fr\/author\/evelyne-mybikeplan\/"}]}},"locale":"fr","_links":{"self":[{"href":"https:\/\/listings.mybikeplan.ch\/fr\/wp-json\/wp\/v2\/posts\/59803","targetHints":{"allow":["GET"]}}],"collection":[{"href":"https:\/\/listings.mybikeplan.ch\/fr\/wp-json\/wp\/v2\/posts"}],"about":[{"href":"https:\/\/listings.mybikeplan.ch\/fr\/wp-json\/wp\/v2\/types\/post"}],"author":[{"embeddable":true,"href":"https:\/\/listings.mybikeplan.ch\/fr\/wp-json\/wp\/v2\/users\/15"}],"replies":[{"embeddable":true,"href":"https:\/\/listings.mybikeplan.ch\/fr\/wp-json\/wp\/v2\/comments?post=59803"}],"version-history":[{"count":2,"href":"https:\/\/listings.mybikeplan.ch\/fr\/wp-json\/wp\/v2\/posts\/59803\/revisions"}],"predecessor-version":[{"id":59805,"href":"https:\/\/listings.mybikeplan.ch\/fr\/wp-json\/wp\/v2\/posts\/59803\/revisions\/59805"}],"wp:featuredmedia":[{"embeddable":true,"href":"https:\/\/listings.mybikeplan.ch\/fr\/wp-json\/wp\/v2\/media\/59795"}],"wp:attachment":[{"href":"https:\/\/listings.mybikeplan.ch\/fr\/wp-json\/wp\/v2\/media?parent=59803"}],"wp:term":[{"taxonomy":"category","embeddable":true,"href":"https:\/\/listings.mybikeplan.ch\/fr\/wp-json\/wp\/v2\/categories?post=59803"},{"taxonomy":"post_tag","embeddable":true,"href":"https:\/\/listings.mybikeplan.ch\/fr\/wp-json\/wp\/v2\/tags?post=59803"}],"curies":[{"name":"wp","href":"https:\/\/api.w.org\/{rel}","templated":true}]}}