{"id":42435,"date":"2023-09-06T12:21:26","date_gmt":"2023-09-06T12:21:26","guid":{"rendered":"https:\/\/listings.mybikeplan.ch\/?p=42435"},"modified":"2023-09-06T12:21:31","modified_gmt":"2023-09-06T12:21:31","slug":"mtb-vs-e-mtb-les-vtt-electriques-rendent-ils-vraiment-peu-sportifs","status":"publish","type":"post","link":"https:\/\/listings.mybikeplan.ch\/fr\/mybikeplan-fr\/mtb-vs-e-mtb-les-vtt-electriques-rendent-ils-vraiment-peu-sportifs\/","title":{"rendered":"MTB vs. E-MTB : les VTT \u00e9lectriques rendent-ils vraiment peu sportifs ?"},"content":{"rendered":"\n<p>\u00ab\u00a0Mountain E-Bike\u00a0\u00bb ? Cela va \u00e0 l&rsquo;encontre du sens d&rsquo;un v\u00e9lo de montagne !\u00a0\u00bb<\/p>\n\n\n\n<p>C&rsquo;est quelque chose que nous entendons souvent lorsque nous parlons de nos VTT \u00e9lectriques. Mais est-ce vraiment le cas? Est-ce vraiment \u00ab\u00a0antisportif\u00a0\u00bb de miser sur un VTT avec un moteur?<\/p>\n\n\n\n<h2 class=\"wp-block-heading\">Les VTT \u00e9lectriques sont-ils utiles pour la sant\u00e9 ?<\/h2>\n\n\n\n<p>Le fait que le v\u00e9lo \u00e9lectrique ne rend pas paresseux &#8211; bien au contraire ! &#8211; <a href=\"https:\/\/www.mybikeplan.ch\/fr\/blog\/faire-du-velo-electrique-rend-il-paresseux\">nous l&rsquo;avons d\u00e9j\u00e0 prouv\u00e9 dans un autre post de blog<\/a>. Les m\u00eames arguments peuvent facilement \u00eatre appliqu\u00e9s aux VTT \u00e9lectriques :<\/p>\n\n\n\n<ul class=\"wp-block-list\">\n<li>Le moteur motive les gens \u00e0 faire de l&rsquo;exercice plus souvent.<\/li>\n\n\n\n<li>Gr\u00e2ce au moteur, de plus grandes distances sont parcourues.<\/li>\n\n\n\n<li>En moyenne, un cycliste \u00e9lectrique consomme moins de calories par kilom\u00e8tre, mais comme il parcourt de plus grandes distances, il consomme en fin de compte autant, voire plus de calories que les cyclistes r\u00e9guliers.<\/li>\n\n\n\n<li>Diverses \u00e9tudes ont prouv\u00e9 que les v\u00e9los \u00e9lectriques et les v\u00e9los non motoris\u00e9s ont un effet positif sur la sant\u00e9.<\/li>\n<\/ul>\n\n\n\n<p>Tu vois donc que rouler en VTT \u00e9lectrique est tout sauf antisportif. Mais examinons de plus pr\u00e8s les diff\u00e9rences ainsi que les avantages et les inconv\u00e9nients des VTT et des VTT \u00e9lectriques.<\/p>\n\n\n\n<h2 class=\"wp-block-heading\">VTT ou VTT \u00e9lectrique : qu&rsquo;est-ce qui me convient le mieux ?<\/h2>\n\n\n\n<p>Cela d\u00e9pend des souhaits et des attentes que tu as envers ton v\u00e9lo et des objectifs que tu veux atteindre. La principale diff\u00e9rence entre un VTT et un E-TB est \u00e9vidente : le VTT \u00e9lectrique poss\u00e8de un moteur qui t&rsquo;aide \u00e0 p\u00e9daler. Mais il y a encore quelques d\u00e9tails que tu dois prendre en compte avant de choisir un des mod\u00e8les.<\/p>\n\n\n\n<figure class=\"wp-block-image size-large\"><a href=\"https:\/\/listings.mybikeplan.ch\/wp-content\/uploads\/2023\/09\/Mountain-E-Bike-1024x577.jpg\"><img loading=\"lazy\" decoding=\"async\" width=\"1024\" height=\"577\" src=\"https:\/\/listings.mybikeplan.ch\/wp-content\/uploads\/2023\/09\/Mountain-E-Bike-1024x577.jpg\" alt=\"\" class=\"wp-image-42427\" srcset=\"https:\/\/listings.mybikeplan.ch\/wp-content\/uploads\/2023\/09\/Mountain-E-Bike-1024x577.jpg 1024w, https:\/\/listings.mybikeplan.ch\/wp-content\/uploads\/2023\/09\/Mountain-E-Bike-555x313.jpg 555w, https:\/\/listings.mybikeplan.ch\/wp-content\/uploads\/2023\/09\/Mountain-E-Bike-570x320.jpg 570w, https:\/\/listings.mybikeplan.ch\/wp-content\/uploads\/2023\/09\/Mountain-E-Bike-768x433.jpg 768w, https:\/\/listings.mybikeplan.ch\/wp-content\/uploads\/2023\/09\/Mountain-E-Bike-1536x865.jpg 1536w, https:\/\/listings.mybikeplan.ch\/wp-content\/uploads\/2023\/09\/Mountain-E-Bike-666x375.jpg 666w, https:\/\/listings.mybikeplan.ch\/wp-content\/uploads\/2023\/09\/Mountain-E-Bike.jpg 1640w\" sizes=\"auto, (max-width: 1024px) 100vw, 1024px\" \/><\/a><\/figure>\n\n\n\n<h2 class=\"wp-block-heading\">Un VTT \u00e9lectrique est parfait pour moi si je &#8230;<\/h2>\n\n\n\n<p><strong>&#8230; souhaite atteindre de nouveaux objectifs.<\/strong><\/p>\n\n\n\n<p>Le fait est qu&rsquo;avec l&rsquo;aide d&rsquo;un moteur, tu peux faire des randonn\u00e9es plus longues et plus nombreuses. Cela signifie aussi que tu peux explorer de nouveaux chemins et sentiers avec un VTT \u00e9lectrique, ce qui augmente ton plaisir de rouler et ta motivation.&nbsp;<\/p>\n\n\n\n<p><strong>&#8230; souhaite aussi utiliser le v\u00e9lo au quotidien.<\/strong><\/p>\n\n\n\n<p>Un autre avantage des VTT \u00e9lectriques : ils sont extr\u00eamement adapt\u00e9s \u00e0 la vie quotidienne. En plus du plaisir sur le trail, ils peuvent aussi \u00eatre utilis\u00e9s au quotidien. De nombreux VTT \u00e9lectriques peuvent \u00eatre \u00e9quip\u00e9s d&rsquo;une remorque. Tu peux ainsi faire des excursions \u00e0 v\u00e9lo avec ta famille ou faire tes courses. Gr\u00e2ce au moteur, les longues distances ne sont pas un probl\u00e8me.<\/p>\n\n\n\n<p><strong>&#8230; souhaite me d\u00e9placer en famille.<\/strong><\/p>\n\n\n\n<p>Cela va de pair avec le point pr\u00e9c\u00e9dent d\u00e9j\u00e0 mentionn\u00e9 : un E-TB est \u00e9galement id\u00e9al pour la vie quotidienne en dehors des singletrails. Avec un moteur, la charge est r\u00e9duite et les remorques sont plus faciles \u00e0 tirer. Ils sont donc \u00e9galement parfaits pour les sorties en famille.&nbsp;<\/p>\n\n\n\n<h2 class=\"wp-block-heading\">Un VTT r\u00e9gulier est parfait pour moi quand je &#8230;<\/h2>\n\n\n\n<p><strong>&#8230; souhaite gagner ma descente.<\/strong><\/p>\n\n\n\n<p>C&rsquo;est probablement une question de point de vue, mais beaucoup de v\u00e9t\u00e9tistes* ne veulent pas \u00eatre soulag\u00e9s en montant une c\u00f4te. Si pour toi, la priorit\u00e9 n&rsquo;est pas seulement le plaisir de la descente, mais aussi le d\u00e9fi physique et que tu aimes prendre ton temps lors des randonn\u00e9es, alors un E-TB est peut-\u00eatre moins pour toi.&nbsp;<\/p>\n\n\n\n<p><strong>&#8230; je pr\u00e9f\u00e8re un poids l\u00e9ger.<\/strong><\/p>\n\n\n\n<p>La plupart des VTT \u00e9lectriques semblent relativement l\u00e9gers sur le sentier, mais au plus tard lorsque tu dois porter le VTT \u00e9lectrique en haut d&rsquo;un escalier, tu remarqueras qu&rsquo;il est nettement plus lourd qu&rsquo;un VTT normal. Il existe certes des alternatives l\u00e9g\u00e8res, comme les E-TB l\u00e9gers, mais elles sont aussi tr\u00e8s ch\u00e8res.<\/p>\n\n\n\n<figure class=\"wp-block-image size-large\"><a href=\"https:\/\/listings.mybikeplan.ch\/wp-content\/uploads\/2023\/09\/Mountain-E-Bikes-1024x577.jpg\"><img loading=\"lazy\" decoding=\"async\" width=\"1024\" height=\"577\" src=\"https:\/\/listings.mybikeplan.ch\/wp-content\/uploads\/2023\/09\/Mountain-E-Bikes-1024x577.jpg\" alt=\"\" class=\"wp-image-42430\" srcset=\"https:\/\/listings.mybikeplan.ch\/wp-content\/uploads\/2023\/09\/Mountain-E-Bikes-1024x577.jpg 1024w, https:\/\/listings.mybikeplan.ch\/wp-content\/uploads\/2023\/09\/Mountain-E-Bikes-555x313.jpg 555w, https:\/\/listings.mybikeplan.ch\/wp-content\/uploads\/2023\/09\/Mountain-E-Bikes-570x320.jpg 570w, https:\/\/listings.mybikeplan.ch\/wp-content\/uploads\/2023\/09\/Mountain-E-Bikes-768x433.jpg 768w, https:\/\/listings.mybikeplan.ch\/wp-content\/uploads\/2023\/09\/Mountain-E-Bikes-1536x865.jpg 1536w, https:\/\/listings.mybikeplan.ch\/wp-content\/uploads\/2023\/09\/Mountain-E-Bikes-666x375.jpg 666w, https:\/\/listings.mybikeplan.ch\/wp-content\/uploads\/2023\/09\/Mountain-E-Bikes.jpg 1640w\" sizes=\"auto, (max-width: 1024px) 100vw, 1024px\" \/><\/a><\/figure>\n\n\n\n<h2 class=\"wp-block-heading\">Vue d&rsquo;ensemble : VTT contre VTT \u00e9lectrique<\/h2>\n\n\n\n<figure class=\"wp-block-table\"><table><tbody><tr><td><strong>VTT<\/strong><\/td><td><strong>E-MTB<\/strong><\/td><\/tr><tr><td>Sans assistance moteur<\/td><td>Soutien fiable du moteur en mont\u00e9e<\/td><\/tr><tr><td>Petit budget<\/td><td>Budget plus haut<\/td><\/tr><tr><td>Plut\u00f4t l\u00e9ger en poids<\/td><td>Plut\u00f4t lourd en poids<\/td><\/tr><tr><td>Exercice physique<\/td><td>Plus grande autonomie<\/td><\/tr><\/tbody><\/table><\/figure>\n\n\n\n<hr class=\"wp-block-separator has-alpha-channel-opacity\"\/>\n\n\n\n<p>Savais-tu que nous ne proposons pas seulement des E-TB sur notre site web, mais aussi des VTT r\u00e9guliers ? N&rsquo;h\u00e9site pas \u00e0 regarder autour de toi pour trouver le v\u00e9lo parfait pour toi !<\/p>\n\n\n\n<div class=\"wp-block-buttons is-layout-flex wp-block-buttons-is-layout-flex\">\n<div class=\"wp-block-button\"><a class=\"wp-block-button__link wp-element-button\" href=\"https:\/\/www.mybikeplan.ch\/kategorien\/mountain-e-bikes\">V\u00e9los \u00e9lectriques de montagne<\/a><\/div>\n\n\n\n<div class=\"wp-block-button\"><a class=\"wp-block-button__link wp-element-button\">V\u00e9los de montagne r\u00e9guliers<\/a><\/div>\n<\/div>\n","protected":false},"excerpt":{"rendered":"<p>\u00ab\u00a0Mountain E-Bike\u00a0\u00bb ? Cela va \u00e0 l&rsquo;encontre du sens d&rsquo;un v\u00e9lo de montagne !\u00a0\u00bb C&rsquo;est quelque chose que nous entendons souvent lorsque nous parlons de nos VTT \u00e9lectriques. Mais est-ce vraiment le cas? Est-ce vraiment \u00ab\u00a0antisportif\u00a0\u00bb de miser sur un VTT avec un moteur? Les VTT \u00e9lectriques sont-ils utiles pour la sant\u00e9 ? Le fait [&hellip;]<\/p>\n","protected":false},"author":15,"featured_media":42426,"comment_status":"open","ping_status":"open","sticky":false,"template":"","format":"standard","meta":{"_acf_changed":false,"footnotes":""},"categories":[4442],"tags":[],"class_list":["post-42435","post","type-post","status-publish","format-standard","has-post-thumbnail","hentry","category-mybikeplan-fr"],"acf":[],"yoast_head":"<!-- This site is optimized with the Yoast SEO plugin v24.5 - https:\/\/yoast.com\/wordpress\/plugins\/seo\/ -->\n<title>MTB vs. E-MTB : les VTT \u00e9lectriques sont-ils vraiment antisportifs ?<\/title>\n<meta name=\"description\" content=\"On dit souvent qu&#039;un moteur va \u00e0 l&#039;encontre de l&#039;esprit du VTT. Mais est-ce vraiment le cas ? Nous r\u00e9pondons \u00e0 toutes ces questions !\" \/>\n<meta name=\"robots\" content=\"noindex, follow, max-snippet:-1, max-image-preview:large, max-video-preview:-1\" \/>\n<meta property=\"og:locale\" content=\"fr_FR\" \/>\n<meta property=\"og:type\" content=\"article\" \/>\n<meta property=\"og:title\" content=\"MTB vs. E-MTB : les VTT \u00e9lectriques sont-ils vraiment antisportifs ?\" \/>\n<meta property=\"og:description\" content=\"On dit souvent qu&#039;un moteur va \u00e0 l&#039;encontre de l&#039;esprit du VTT. Mais est-ce vraiment le cas ? Nous r\u00e9pondons \u00e0 toutes ces questions !\" \/>\n<meta property=\"og:url\" content=\"https:\/\/listings.mybikeplan.ch\/fr\/mybikeplan-fr\/mtb-vs-e-mtb-les-vtt-electriques-rendent-ils-vraiment-peu-sportifs\/\" \/>\n<meta property=\"og:site_name\" content=\"MyBikePlan\" \/>\n<meta property=\"article:published_time\" content=\"2023-09-06T12:21:26+00:00\" \/>\n<meta property=\"article:modified_time\" content=\"2023-09-06T12:21:31+00:00\" \/>\n<meta property=\"og:image\" content=\"https:\/\/listings.mybikeplan.ch\/wp-content\/uploads\/2023\/09\/Mountainbike-vs.-E-MTB.jpg\" \/>\n\t<meta property=\"og:image:width\" content=\"1640\" \/>\n\t<meta property=\"og:image:height\" content=\"924\" \/>\n\t<meta property=\"og:image:type\" content=\"image\/jpeg\" \/>\n<meta name=\"author\" content=\"Evelyne Aschwanden\" \/>\n<meta name=\"twitter:card\" content=\"summary_large_image\" \/>\n<meta name=\"twitter:label1\" content=\"\u00c9crit par\" \/>\n\t<meta name=\"twitter:data1\" content=\"Evelyne Aschwanden\" \/>\n\t<meta name=\"twitter:label2\" content=\"Dur\u00e9e de lecture estim\u00e9e\" \/>\n\t<meta name=\"twitter:data2\" content=\"3 minutes\" \/>\n<script type=\"application\/ld+json\" class=\"yoast-schema-graph\">{\"@context\":\"https:\/\/schema.org\",\"@graph\":[{\"@type\":\"WebPage\",\"@id\":\"https:\/\/listings.mybikeplan.ch\/fr\/mybikeplan-fr\/mtb-vs-e-mtb-les-vtt-electriques-rendent-ils-vraiment-peu-sportifs\/\",\"url\":\"https:\/\/listings.mybikeplan.ch\/fr\/mybikeplan-fr\/mtb-vs-e-mtb-les-vtt-electriques-rendent-ils-vraiment-peu-sportifs\/\",\"name\":\"MTB vs. E-MTB : les VTT \u00e9lectriques sont-ils vraiment antisportifs ?\",\"isPartOf\":{\"@id\":\"https:\/\/listings.mybikeplan.ch\/fr\/#website\"},\"primaryImageOfPage\":{\"@id\":\"https:\/\/listings.mybikeplan.ch\/fr\/mybikeplan-fr\/mtb-vs-e-mtb-les-vtt-electriques-rendent-ils-vraiment-peu-sportifs\/#primaryimage\"},\"image\":{\"@id\":\"https:\/\/listings.mybikeplan.ch\/fr\/mybikeplan-fr\/mtb-vs-e-mtb-les-vtt-electriques-rendent-ils-vraiment-peu-sportifs\/#primaryimage\"},\"thumbnailUrl\":\"https:\/\/listings.mybikeplan.ch\/wp-content\/uploads\/2023\/09\/Mountainbike-vs.-E-MTB.jpg\",\"datePublished\":\"2023-09-06T12:21:26+00:00\",\"dateModified\":\"2023-09-06T12:21:31+00:00\",\"author\":{\"@id\":\"https:\/\/listings.mybikeplan.ch\/fr\/#\/schema\/person\/514a6130749cc58319f751509338dafd\"},\"description\":\"On dit souvent qu'un moteur va \u00e0 l'encontre de l'esprit du VTT. Mais est-ce vraiment le cas ? Nous r\u00e9pondons \u00e0 toutes ces questions !\",\"breadcrumb\":{\"@id\":\"https:\/\/listings.mybikeplan.ch\/fr\/mybikeplan-fr\/mtb-vs-e-mtb-les-vtt-electriques-rendent-ils-vraiment-peu-sportifs\/#breadcrumb\"},\"inLanguage\":\"fr-FR\",\"potentialAction\":[{\"@type\":\"ReadAction\",\"target\":[\"https:\/\/listings.mybikeplan.ch\/fr\/mybikeplan-fr\/mtb-vs-e-mtb-les-vtt-electriques-rendent-ils-vraiment-peu-sportifs\/\"]}]},{\"@type\":\"ImageObject\",\"inLanguage\":\"fr-FR\",\"@id\":\"https:\/\/listings.mybikeplan.ch\/fr\/mybikeplan-fr\/mtb-vs-e-mtb-les-vtt-electriques-rendent-ils-vraiment-peu-sportifs\/#primaryimage\",\"url\":\"https:\/\/listings.mybikeplan.ch\/wp-content\/uploads\/2023\/09\/Mountainbike-vs.-E-MTB.jpg\",\"contentUrl\":\"https:\/\/listings.mybikeplan.ch\/wp-content\/uploads\/2023\/09\/Mountainbike-vs.-E-MTB.jpg\",\"width\":1640,\"height\":924,\"caption\":\"Mann auf Mountainbike brettert Berg hinab\"},{\"@type\":\"BreadcrumbList\",\"@id\":\"https:\/\/listings.mybikeplan.ch\/fr\/mybikeplan-fr\/mtb-vs-e-mtb-les-vtt-electriques-rendent-ils-vraiment-peu-sportifs\/#breadcrumb\",\"itemListElement\":[{\"@type\":\"ListItem\",\"position\":1,\"name\":\"Home\",\"item\":\"https:\/\/listings.mybikeplan.ch\/fr\/home\/\"},{\"@type\":\"ListItem\",\"position\":2,\"name\":\"MTB vs. E-MTB : les VTT \u00e9lectriques rendent-ils vraiment peu sportifs ?\"}]},{\"@type\":\"WebSite\",\"@id\":\"https:\/\/listings.mybikeplan.ch\/fr\/#website\",\"url\":\"https:\/\/listings.mybikeplan.ch\/fr\/\",\"name\":\"MyBikePlan\",\"description\":\"\",\"potentialAction\":[{\"@type\":\"SearchAction\",\"target\":{\"@type\":\"EntryPoint\",\"urlTemplate\":\"https:\/\/listings.mybikeplan.ch\/fr\/?s={search_term_string}\"},\"query-input\":{\"@type\":\"PropertyValueSpecification\",\"valueRequired\":true,\"valueName\":\"search_term_string\"}}],\"inLanguage\":\"fr-FR\"},{\"@type\":\"Person\",\"@id\":\"https:\/\/listings.mybikeplan.ch\/fr\/#\/schema\/person\/514a6130749cc58319f751509338dafd\",\"name\":\"Evelyne Aschwanden\",\"image\":{\"@type\":\"ImageObject\",\"inLanguage\":\"fr-FR\",\"@id\":\"https:\/\/listings.mybikeplan.ch\/fr\/#\/schema\/person\/image\/\",\"url\":\"https:\/\/secure.gravatar.com\/avatar\/73f0cad78e1012b10bb7c10f05a99be7009e6621353849483b51025ae56a6b37?s=96&d=mm&r=g\",\"contentUrl\":\"https:\/\/secure.gravatar.com\/avatar\/73f0cad78e1012b10bb7c10f05a99be7009e6621353849483b51025ae56a6b37?s=96&d=mm&r=g\",\"caption\":\"Evelyne Aschwanden\"},\"url\":\"https:\/\/listings.mybikeplan.ch\/fr\/author\/evelyne-mybikeplan\/\"}]}<\/script>\n<!-- \/ Yoast SEO plugin. -->","yoast_head_json":{"title":"MTB vs. E-MTB : les VTT \u00e9lectriques sont-ils vraiment antisportifs ?","description":"On dit souvent qu'un moteur va \u00e0 l'encontre de l'esprit du VTT. Mais est-ce vraiment le cas ? Nous r\u00e9pondons \u00e0 toutes ces questions !","robots":{"index":"noindex","follow":"follow","max-snippet":"max-snippet:-1","max-image-preview":"max-image-preview:large","max-video-preview":"max-video-preview:-1"},"og_locale":"fr_FR","og_type":"article","og_title":"MTB vs. E-MTB : les VTT \u00e9lectriques sont-ils vraiment antisportifs ?","og_description":"On dit souvent qu'un moteur va \u00e0 l'encontre de l'esprit du VTT. Mais est-ce vraiment le cas ? Nous r\u00e9pondons \u00e0 toutes ces questions !","og_url":"https:\/\/listings.mybikeplan.ch\/fr\/mybikeplan-fr\/mtb-vs-e-mtb-les-vtt-electriques-rendent-ils-vraiment-peu-sportifs\/","og_site_name":"MyBikePlan","article_published_time":"2023-09-06T12:21:26+00:00","article_modified_time":"2023-09-06T12:21:31+00:00","og_image":[{"width":1640,"height":924,"url":"https:\/\/listings.mybikeplan.ch\/wp-content\/uploads\/2023\/09\/Mountainbike-vs.-E-MTB.jpg","type":"image\/jpeg"}],"author":"Evelyne Aschwanden","twitter_card":"summary_large_image","twitter_misc":{"\u00c9crit par":"Evelyne Aschwanden","Dur\u00e9e de lecture estim\u00e9e":"3 minutes"},"schema":{"@context":"https:\/\/schema.org","@graph":[{"@type":"WebPage","@id":"https:\/\/listings.mybikeplan.ch\/fr\/mybikeplan-fr\/mtb-vs-e-mtb-les-vtt-electriques-rendent-ils-vraiment-peu-sportifs\/","url":"https:\/\/listings.mybikeplan.ch\/fr\/mybikeplan-fr\/mtb-vs-e-mtb-les-vtt-electriques-rendent-ils-vraiment-peu-sportifs\/","name":"MTB vs. E-MTB : les VTT \u00e9lectriques sont-ils vraiment antisportifs ?","isPartOf":{"@id":"https:\/\/listings.mybikeplan.ch\/fr\/#website"},"primaryImageOfPage":{"@id":"https:\/\/listings.mybikeplan.ch\/fr\/mybikeplan-fr\/mtb-vs-e-mtb-les-vtt-electriques-rendent-ils-vraiment-peu-sportifs\/#primaryimage"},"image":{"@id":"https:\/\/listings.mybikeplan.ch\/fr\/mybikeplan-fr\/mtb-vs-e-mtb-les-vtt-electriques-rendent-ils-vraiment-peu-sportifs\/#primaryimage"},"thumbnailUrl":"https:\/\/listings.mybikeplan.ch\/wp-content\/uploads\/2023\/09\/Mountainbike-vs.-E-MTB.jpg","datePublished":"2023-09-06T12:21:26+00:00","dateModified":"2023-09-06T12:21:31+00:00","author":{"@id":"https:\/\/listings.mybikeplan.ch\/fr\/#\/schema\/person\/514a6130749cc58319f751509338dafd"},"description":"On dit souvent qu'un moteur va \u00e0 l'encontre de l'esprit du VTT. Mais est-ce vraiment le cas ? Nous r\u00e9pondons \u00e0 toutes ces questions !","breadcrumb":{"@id":"https:\/\/listings.mybikeplan.ch\/fr\/mybikeplan-fr\/mtb-vs-e-mtb-les-vtt-electriques-rendent-ils-vraiment-peu-sportifs\/#breadcrumb"},"inLanguage":"fr-FR","potentialAction":[{"@type":"ReadAction","target":["https:\/\/listings.mybikeplan.ch\/fr\/mybikeplan-fr\/mtb-vs-e-mtb-les-vtt-electriques-rendent-ils-vraiment-peu-sportifs\/"]}]},{"@type":"ImageObject","inLanguage":"fr-FR","@id":"https:\/\/listings.mybikeplan.ch\/fr\/mybikeplan-fr\/mtb-vs-e-mtb-les-vtt-electriques-rendent-ils-vraiment-peu-sportifs\/#primaryimage","url":"https:\/\/listings.mybikeplan.ch\/wp-content\/uploads\/2023\/09\/Mountainbike-vs.-E-MTB.jpg","contentUrl":"https:\/\/listings.mybikeplan.ch\/wp-content\/uploads\/2023\/09\/Mountainbike-vs.-E-MTB.jpg","width":1640,"height":924,"caption":"Mann auf Mountainbike brettert Berg hinab"},{"@type":"BreadcrumbList","@id":"https:\/\/listings.mybikeplan.ch\/fr\/mybikeplan-fr\/mtb-vs-e-mtb-les-vtt-electriques-rendent-ils-vraiment-peu-sportifs\/#breadcrumb","itemListElement":[{"@type":"ListItem","position":1,"name":"Home","item":"https:\/\/listings.mybikeplan.ch\/fr\/home\/"},{"@type":"ListItem","position":2,"name":"MTB vs. E-MTB : les VTT \u00e9lectriques rendent-ils vraiment peu sportifs ?"}]},{"@type":"WebSite","@id":"https:\/\/listings.mybikeplan.ch\/fr\/#website","url":"https:\/\/listings.mybikeplan.ch\/fr\/","name":"MyBikePlan","description":"","potentialAction":[{"@type":"SearchAction","target":{"@type":"EntryPoint","urlTemplate":"https:\/\/listings.mybikeplan.ch\/fr\/?s={search_term_string}"},"query-input":{"@type":"PropertyValueSpecification","valueRequired":true,"valueName":"search_term_string"}}],"inLanguage":"fr-FR"},{"@type":"Person","@id":"https:\/\/listings.mybikeplan.ch\/fr\/#\/schema\/person\/514a6130749cc58319f751509338dafd","name":"Evelyne Aschwanden","image":{"@type":"ImageObject","inLanguage":"fr-FR","@id":"https:\/\/listings.mybikeplan.ch\/fr\/#\/schema\/person\/image\/","url":"https:\/\/secure.gravatar.com\/avatar\/73f0cad78e1012b10bb7c10f05a99be7009e6621353849483b51025ae56a6b37?s=96&d=mm&r=g","contentUrl":"https:\/\/secure.gravatar.com\/avatar\/73f0cad78e1012b10bb7c10f05a99be7009e6621353849483b51025ae56a6b37?s=96&d=mm&r=g","caption":"Evelyne Aschwanden"},"url":"https:\/\/listings.mybikeplan.ch\/fr\/author\/evelyne-mybikeplan\/"}]}},"locale":"fr","_links":{"self":[{"href":"https:\/\/listings.mybikeplan.ch\/fr\/wp-json\/wp\/v2\/posts\/42435","targetHints":{"allow":["GET"]}}],"collection":[{"href":"https:\/\/listings.mybikeplan.ch\/fr\/wp-json\/wp\/v2\/posts"}],"about":[{"href":"https:\/\/listings.mybikeplan.ch\/fr\/wp-json\/wp\/v2\/types\/post"}],"author":[{"embeddable":true,"href":"https:\/\/listings.mybikeplan.ch\/fr\/wp-json\/wp\/v2\/users\/15"}],"replies":[{"embeddable":true,"href":"https:\/\/listings.mybikeplan.ch\/fr\/wp-json\/wp\/v2\/comments?post=42435"}],"version-history":[{"count":1,"href":"https:\/\/listings.mybikeplan.ch\/fr\/wp-json\/wp\/v2\/posts\/42435\/revisions"}],"predecessor-version":[{"id":42436,"href":"https:\/\/listings.mybikeplan.ch\/fr\/wp-json\/wp\/v2\/posts\/42435\/revisions\/42436"}],"wp:featuredmedia":[{"embeddable":true,"href":"https:\/\/listings.mybikeplan.ch\/fr\/wp-json\/wp\/v2\/media\/42426"}],"wp:attachment":[{"href":"https:\/\/listings.mybikeplan.ch\/fr\/wp-json\/wp\/v2\/media?parent=42435"}],"wp:term":[{"taxonomy":"category","embeddable":true,"href":"https:\/\/listings.mybikeplan.ch\/fr\/wp-json\/wp\/v2\/categories?post=42435"},{"taxonomy":"post_tag","embeddable":true,"href":"https:\/\/listings.mybikeplan.ch\/fr\/wp-json\/wp\/v2\/tags?post=42435"}],"curies":[{"name":"wp","href":"https:\/\/api.w.org\/{rel}","templated":true}]}}