{"id":41014,"date":"2023-08-17T14:12:14","date_gmt":"2023-08-17T14:12:14","guid":{"rendered":"https:\/\/listings.mybikeplan.ch\/?p=41014"},"modified":"2023-08-17T14:12:18","modified_gmt":"2023-08-17T14:12:18","slug":"cest-pourquoi-zurich-est-la-ville-parfaite-pour-le-velo-electrique","status":"publish","type":"post","link":"https:\/\/listings.mybikeplan.ch\/fr\/mybikeplan-fr\/cest-pourquoi-zurich-est-la-ville-parfaite-pour-le-velo-electrique\/","title":{"rendered":"C&rsquo;est pourquoi Zurich est la ville parfaite pour le v\u00e9lo \u00e9lectrique."},"content":{"rendered":"\n<p>Ces derni\u00e8res ann\u00e9es, Zurich ne s&rsquo;est pas seulement fait un nom en tant que m\u00e9tropole financi\u00e8re, mais elle se d\u00e9veloppe de plus en plus en tant que v\u00e9ritable ville du v\u00e9lo et du v\u00e9lo \u00e9lectrique. Pourquoi ? Nous te l\u2019expliquons !<\/p>\n\n\n\n<h2 class=\"wp-block-heading\">Se d\u00e9placer en v\u00e9lo \u00e9lectrique \u00e0 Zurich<\/h2>\n\n\n\n<figure class=\"wp-block-image size-large\"><a href=\"https:\/\/listings.mybikeplan.ch\/wp-content\/uploads\/2023\/08\/E-Bike-fahren-Zuerich-1024x577.jpg\"><img loading=\"lazy\" decoding=\"async\" width=\"1024\" height=\"577\" src=\"https:\/\/listings.mybikeplan.ch\/wp-content\/uploads\/2023\/08\/E-Bike-fahren-Zuerich-1024x577.jpg\" alt=\"E-Bike fahren in Z\u00fcrich\" class=\"wp-image-41006\" srcset=\"https:\/\/listings.mybikeplan.ch\/wp-content\/uploads\/2023\/08\/E-Bike-fahren-Zuerich-1024x577.jpg 1024w, https:\/\/listings.mybikeplan.ch\/wp-content\/uploads\/2023\/08\/E-Bike-fahren-Zuerich-555x313.jpg 555w, https:\/\/listings.mybikeplan.ch\/wp-content\/uploads\/2023\/08\/E-Bike-fahren-Zuerich-570x320.jpg 570w, https:\/\/listings.mybikeplan.ch\/wp-content\/uploads\/2023\/08\/E-Bike-fahren-Zuerich-768x433.jpg 768w, https:\/\/listings.mybikeplan.ch\/wp-content\/uploads\/2023\/08\/E-Bike-fahren-Zuerich-1536x865.jpg 1536w, https:\/\/listings.mybikeplan.ch\/wp-content\/uploads\/2023\/08\/E-Bike-fahren-Zuerich-666x375.jpg 666w, https:\/\/listings.mybikeplan.ch\/wp-content\/uploads\/2023\/08\/E-Bike-fahren-Zuerich.jpg 1640w\" sizes=\"auto, (max-width: 1024px) 100vw, 1024px\" \/><\/a><\/figure>\n\n\n\n<p>En 2021, Zurich a adopt\u00e9 la \u00ab\u00a0strat\u00e9gie v\u00e9lo 2030\u00a0\u00bb et d\u00e9cid\u00e9 de s&rsquo;attaquer \u00e0 la promotion du v\u00e9lo dans la ville. L&rsquo;objectif ? D\u00e9velopper, optimiser et rendre Zurich plus s\u00fbre pour les v\u00e9los \u00e9lectriques et les v\u00e9los.<\/p>\n\n\n\n<p>Par exemple, la ville a r\u00e9cemment commenc\u00e9 \u00e0 ajuster les bordures. La s\u00e9curit\u00e9 devrait ainsi \u00eatre am\u00e9lior\u00e9e lorsque l&rsquo;on se d\u00e9place \u00e0 Zurich en v\u00e9lo \u00e9lectrique ou \u00e0 v\u00e9lo.<\/p>\n\n\n\n<h2 class=\"wp-block-heading\">Tunnel pour v\u00e9los et e-bikes \u00e0 Zurich<\/h2>\n\n\n\n<p>D&rsquo;ici fin 2024, un tunnel pour v\u00e9los \u00e9lectriques et v\u00e9los sera construit \u00e0 la gare centrale. Il fera 192 m\u00e8tres au total et 25 m\u00e8tres de large. Le tunnel serpente le long de la rivi\u00e8re Sihl et passe sous les voies de la gare centrale. D&rsquo;ici fin 2024, ce tunnel urbain, initialement pr\u00e9vu pour le trafic automobile, sera transform\u00e9 en un tunnel pour les cyclistes* et les e-bikes.<\/p>\n\n\n\n<p>L&rsquo;introduction du tunnel pour v\u00e9los permettra donc de cr\u00e9er une liaison s\u00fbre et confortable entre les quartiers 4 et 5 de la ville. En plus du tunnel, il y aura \u00e9galement de la place pour 900 v\u00e9los et e-bikes, qui pourront y \u00eatre gar\u00e9s \u00e0 l&rsquo;abri et gratuitement. Le parking \u00e0 v\u00e9los sera directement reli\u00e9 au passage Sihlquai de la gare centrale.<\/p>\n\n\n\n<h2 class=\"wp-block-heading\">Itin\u00e9raires pr\u00e9f\u00e9rentiels pour les v\u00e9los \u00e0 Zurich<\/h2>\n\n\n\n<p>En 2020, les \u00e9lecteurs de Zurich ont d\u00e9cid\u00e9 \u00e0 une majorit\u00e9 claire d&rsquo;\u00e9tendre le r\u00e9seau d&rsquo;itin\u00e9raires cyclables pr\u00e9f\u00e9rentiels existants. Actuellement, l&rsquo;extension bat son plein. Surtout dans la section entre la L\u00f6wenplatz et la place de la gare, l&rsquo;espace pour les cyclistes \u00e9tait jusqu&rsquo;\u00e0 pr\u00e9sent limit\u00e9. La ville a r\u00e9agi en r\u00e9am\u00e9nageant la route pour y rem\u00e9dier. A partir de fin 2023, les cyclistes auront ainsi la possibilit\u00e9 de rouler sur une bande cyclable pouvant atteindre trois m\u00e8tres de large. Tu peux voir sur le graphique o\u00f9 il y aura encore plus d&rsquo;itin\u00e9raires pr\u00e9f\u00e9rentiels pour les v\u00e9los \u00e0 l&rsquo;avenir.<\/p>\n\n\n\n<figure class=\"wp-block-image size-large\"><a href=\"https:\/\/listings.mybikeplan.ch\/wp-content\/uploads\/2023\/08\/Velovorzugsrouten-Zuerich-1024x768.png\"><img loading=\"lazy\" decoding=\"async\" width=\"1024\" height=\"768\" src=\"https:\/\/listings.mybikeplan.ch\/wp-content\/uploads\/2023\/08\/Velovorzugsrouten-Zuerich-1024x768.png\" alt=\"Karte der Velovorzugsrouten in Z\u00fcrich\" class=\"wp-image-41003\" srcset=\"https:\/\/listings.mybikeplan.ch\/wp-content\/uploads\/2023\/08\/Velovorzugsrouten-Zuerich-1024x768.png 1024w, https:\/\/listings.mybikeplan.ch\/wp-content\/uploads\/2023\/08\/Velovorzugsrouten-Zuerich-480x360.png 480w, https:\/\/listings.mybikeplan.ch\/wp-content\/uploads\/2023\/08\/Velovorzugsrouten-Zuerich-768x576.png 768w, https:\/\/listings.mybikeplan.ch\/wp-content\/uploads\/2023\/08\/Velovorzugsrouten-Zuerich-666x500.png 666w, https:\/\/listings.mybikeplan.ch\/wp-content\/uploads\/2023\/08\/Velovorzugsrouten-Zuerich.png 1500w\" sizes=\"auto, (max-width: 1024px) 100vw, 1024px\" \/><\/a><\/figure>\n\n\n\n<h2 class=\"wp-block-heading\">Places de stationnement pour v\u00e9los \u00e9lectriques \u00e0 Zurich<\/h2>\n\n\n\n<p>En ce qui concerne les places de parking, Zurich est \u00e9galement la ville id\u00e9ale pour les v\u00e9los \u00e9lectriques et les v\u00e9los.<\/p>\n\n\n\n<p>Dans le parking \u00ab\u00a0Hohe Promenade\u00a0\u00bb, par exemple, 50 places de stationnement gratuites pour v\u00e9los t&rsquo;attendent ainsi que quatre emplacements pour les cargovelos ou les v\u00e9los \u00e9lectriques cargo.<\/p>\n\n\n\n<p>La station de v\u00e9los s\u00e9curis\u00e9e de la place de l&rsquo;Europe a une capacit\u00e9 d&rsquo;environ 1600 v\u00e9los et v\u00e9los \u00e9lectriques. Gr\u00e2ce aux installations \u00e0 deux \u00e9tages, les places de stationnement sont claires et faciles d&rsquo;acc\u00e8s. Il y a m\u00eame des espaces r\u00e9serv\u00e9s pour les v\u00e9los sp\u00e9ciaux, par exemple les cargovelos ou les v\u00e9los couch\u00e9s. De plus, des stations de recharge pour v\u00e9los \u00e9lectriques sont disponibles.<\/p>\n\n\n\n<p>Le passage de la gare d&rsquo;Oerlikon, large de 16 m\u00e8tres, s&rsquo;\u00e9tend le long de la rue Schul- et Therese-Giese-Strasse. Une rampe pratique et une piste cyclable s\u00e9par\u00e9e dans le passage Oerlikon te permettront d&rsquo;acc\u00e9der \u00e0 la station de v\u00e9los avec environ 380 places de stationnement. Cette connexion intelligente permet d&rsquo;atteindre facilement la gare d&rsquo;Oerlikon et de continuer ensuite avec les transports publics. La station offre \u00e0 la fois des places non s\u00e9curis\u00e9es et des boxes de location de v\u00e9los prot\u00e9g\u00e9s.<\/p>\n\n\n\n<p>L&rsquo;accueillante station de v\u00e9los de la Andreasstrasse offre environ 400 places de stationnement et a \u00e9t\u00e9 cr\u00e9\u00e9e avec le nouvel acc\u00e8s pr\u00e8s des voies 2 et 3. Cette extension facilite l&rsquo;acc\u00e8s \u00e0 la gare d&rsquo;Oerlikon pour les habitants de Seebach et de Leutschenbach. A l&rsquo;int\u00e9rieur de la station de v\u00e9los non s\u00e9curis\u00e9e, tu trouveras non seulement des possibilit\u00e9s de stationnement gratuit, mais aussi des boxes de location de v\u00e9los prot\u00e9g\u00e9s qui t&rsquo;offrent une s\u00e9curit\u00e9 suppl\u00e9mentaire.<\/p>\n\n\n\n<hr class=\"wp-block-separator has-alpha-channel-opacity\"\/>\n\n\n\n<p><strong>Conclusion <\/strong>: Zurich est un v\u00e9ritable paradis pour les v\u00e9los \u00e9lectriques et les v\u00e9los &#8211; et \u00e0 partir d&rsquo;ici, cela ne fera que s&rsquo;am\u00e9liorer \u00e0 l&rsquo;avenir ! Si tu vis \u00e0 Zurich et que tu veux passer \u00e0 un v\u00e9lo \u00e9lectrique, c&rsquo;est certainement le bon moment pour le faire \ud83d\ude09.<\/p>\n\n\n\n<div class=\"wp-block-buttons is-layout-flex wp-block-buttons-is-layout-flex\">\n<div class=\"wp-block-button\"><a class=\"wp-block-button__link wp-element-button\" href=\"https:\/\/www.mybikeplan.ch\/alle-modelle-e-bike-schweiz\/kategorie\/-\/rahmenvarianten\/-\/batterie-kapazitat\/-\/max-gewicht\/-\/zubehor\/-\/geschwindigkeit\/-\/marke\/-\/motor-marke\/-\/farbe\/-\/koerpergroesse\/-\/preisbereich\/-\/verfugbar\/-\/sortieren\/preis\/gunstigste\">Nos v\u00e9los \u00e9lectriques<\/a><\/div>\n<\/div>\n","protected":false},"excerpt":{"rendered":"<p>Ces derni\u00e8res ann\u00e9es, Zurich ne s&rsquo;est pas seulement fait un nom en tant que m\u00e9tropole financi\u00e8re, mais elle se d\u00e9veloppe de plus en plus en tant que v\u00e9ritable ville du v\u00e9lo et du v\u00e9lo \u00e9lectrique. Pourquoi ? Nous te l\u2019expliquons ! Se d\u00e9placer en v\u00e9lo \u00e9lectrique \u00e0 Zurich En 2021, Zurich a adopt\u00e9 la \u00ab\u00a0strat\u00e9gie [&hellip;]<\/p>\n","protected":false},"author":15,"featured_media":41011,"comment_status":"open","ping_status":"open","sticky":false,"template":"","format":"standard","meta":{"_acf_changed":false,"footnotes":""},"categories":[4442],"tags":[],"class_list":["post-41014","post","type-post","status-publish","format-standard","has-post-thumbnail","hentry","category-mybikeplan-fr"],"acf":[],"yoast_head":"<!-- This site is optimized with the Yoast SEO plugin v24.5 - https:\/\/yoast.com\/wordpress\/plugins\/seo\/ -->\n<title>C&#039;est pourquoi Zurich est la ville parfaite pour le v\u00e9lo \u00e9lectrique.<\/title>\n<meta name=\"description\" content=\"Nous avons rassembl\u00e9 quelques bonnes raisons pour lesquelles Zurich est la ville id\u00e9ale pour ton v\u00e9lo \u00e9lectrique !\" \/>\n<meta name=\"robots\" content=\"noindex, follow, max-snippet:-1, max-image-preview:large, max-video-preview:-1\" \/>\n<meta property=\"og:locale\" content=\"fr_FR\" \/>\n<meta property=\"og:type\" content=\"article\" \/>\n<meta property=\"og:title\" content=\"C&#039;est pourquoi Zurich est la ville parfaite pour le v\u00e9lo \u00e9lectrique.\" \/>\n<meta property=\"og:description\" content=\"Nous avons rassembl\u00e9 quelques bonnes raisons pour lesquelles Zurich est la ville id\u00e9ale pour ton v\u00e9lo \u00e9lectrique !\" \/>\n<meta property=\"og:url\" content=\"https:\/\/listings.mybikeplan.ch\/fr\/mybikeplan-fr\/cest-pourquoi-zurich-est-la-ville-parfaite-pour-le-velo-electrique\/\" \/>\n<meta property=\"og:site_name\" content=\"MyBikePlan\" \/>\n<meta property=\"article:published_time\" content=\"2023-08-17T14:12:14+00:00\" \/>\n<meta property=\"article:modified_time\" content=\"2023-08-17T14:12:18+00:00\" \/>\n<meta property=\"og:image\" content=\"https:\/\/listings.mybikeplan.ch\/wp-content\/uploads\/2023\/08\/E-Bikes-Zurich.jpg\" \/>\n\t<meta property=\"og:image:width\" content=\"1640\" \/>\n\t<meta property=\"og:image:height\" content=\"924\" \/>\n\t<meta property=\"og:image:type\" content=\"image\/jpeg\" \/>\n<meta name=\"author\" content=\"Evelyne Aschwanden\" \/>\n<meta name=\"twitter:card\" content=\"summary_large_image\" \/>\n<meta name=\"twitter:label1\" content=\"\u00c9crit par\" \/>\n\t<meta name=\"twitter:data1\" content=\"Evelyne Aschwanden\" \/>\n\t<meta name=\"twitter:label2\" content=\"Dur\u00e9e de lecture estim\u00e9e\" \/>\n\t<meta name=\"twitter:data2\" content=\"4 minutes\" \/>\n<script type=\"application\/ld+json\" class=\"yoast-schema-graph\">{\"@context\":\"https:\/\/schema.org\",\"@graph\":[{\"@type\":\"WebPage\",\"@id\":\"https:\/\/listings.mybikeplan.ch\/fr\/mybikeplan-fr\/cest-pourquoi-zurich-est-la-ville-parfaite-pour-le-velo-electrique\/\",\"url\":\"https:\/\/listings.mybikeplan.ch\/fr\/mybikeplan-fr\/cest-pourquoi-zurich-est-la-ville-parfaite-pour-le-velo-electrique\/\",\"name\":\"C'est pourquoi Zurich est la ville parfaite pour le v\u00e9lo \u00e9lectrique.\",\"isPartOf\":{\"@id\":\"https:\/\/listings.mybikeplan.ch\/fr\/#website\"},\"primaryImageOfPage\":{\"@id\":\"https:\/\/listings.mybikeplan.ch\/fr\/mybikeplan-fr\/cest-pourquoi-zurich-est-la-ville-parfaite-pour-le-velo-electrique\/#primaryimage\"},\"image\":{\"@id\":\"https:\/\/listings.mybikeplan.ch\/fr\/mybikeplan-fr\/cest-pourquoi-zurich-est-la-ville-parfaite-pour-le-velo-electrique\/#primaryimage\"},\"thumbnailUrl\":\"https:\/\/listings.mybikeplan.ch\/wp-content\/uploads\/2023\/08\/E-Bikes-Zurich.jpg\",\"datePublished\":\"2023-08-17T14:12:14+00:00\",\"dateModified\":\"2023-08-17T14:12:18+00:00\",\"author\":{\"@id\":\"https:\/\/listings.mybikeplan.ch\/fr\/#\/schema\/person\/514a6130749cc58319f751509338dafd\"},\"description\":\"Nous avons rassembl\u00e9 quelques bonnes raisons pour lesquelles Zurich est la ville id\u00e9ale pour ton v\u00e9lo \u00e9lectrique !\",\"breadcrumb\":{\"@id\":\"https:\/\/listings.mybikeplan.ch\/fr\/mybikeplan-fr\/cest-pourquoi-zurich-est-la-ville-parfaite-pour-le-velo-electrique\/#breadcrumb\"},\"inLanguage\":\"fr-FR\",\"potentialAction\":[{\"@type\":\"ReadAction\",\"target\":[\"https:\/\/listings.mybikeplan.ch\/fr\/mybikeplan-fr\/cest-pourquoi-zurich-est-la-ville-parfaite-pour-le-velo-electrique\/\"]}]},{\"@type\":\"ImageObject\",\"inLanguage\":\"fr-FR\",\"@id\":\"https:\/\/listings.mybikeplan.ch\/fr\/mybikeplan-fr\/cest-pourquoi-zurich-est-la-ville-parfaite-pour-le-velo-electrique\/#primaryimage\",\"url\":\"https:\/\/listings.mybikeplan.ch\/wp-content\/uploads\/2023\/08\/E-Bikes-Zurich.jpg\",\"contentUrl\":\"https:\/\/listings.mybikeplan.ch\/wp-content\/uploads\/2023\/08\/E-Bikes-Zurich.jpg\",\"width\":1640,\"height\":924,\"caption\":\"Z\u00fcrich E Bike\"},{\"@type\":\"BreadcrumbList\",\"@id\":\"https:\/\/listings.mybikeplan.ch\/fr\/mybikeplan-fr\/cest-pourquoi-zurich-est-la-ville-parfaite-pour-le-velo-electrique\/#breadcrumb\",\"itemListElement\":[{\"@type\":\"ListItem\",\"position\":1,\"name\":\"Home\",\"item\":\"https:\/\/listings.mybikeplan.ch\/fr\/home\/\"},{\"@type\":\"ListItem\",\"position\":2,\"name\":\"C&#8217;est pourquoi Zurich est la ville parfaite pour le v\u00e9lo \u00e9lectrique.\"}]},{\"@type\":\"WebSite\",\"@id\":\"https:\/\/listings.mybikeplan.ch\/fr\/#website\",\"url\":\"https:\/\/listings.mybikeplan.ch\/fr\/\",\"name\":\"MyBikePlan\",\"description\":\"\",\"potentialAction\":[{\"@type\":\"SearchAction\",\"target\":{\"@type\":\"EntryPoint\",\"urlTemplate\":\"https:\/\/listings.mybikeplan.ch\/fr\/?s={search_term_string}\"},\"query-input\":{\"@type\":\"PropertyValueSpecification\",\"valueRequired\":true,\"valueName\":\"search_term_string\"}}],\"inLanguage\":\"fr-FR\"},{\"@type\":\"Person\",\"@id\":\"https:\/\/listings.mybikeplan.ch\/fr\/#\/schema\/person\/514a6130749cc58319f751509338dafd\",\"name\":\"Evelyne Aschwanden\",\"image\":{\"@type\":\"ImageObject\",\"inLanguage\":\"fr-FR\",\"@id\":\"https:\/\/listings.mybikeplan.ch\/fr\/#\/schema\/person\/image\/\",\"url\":\"https:\/\/secure.gravatar.com\/avatar\/73f0cad78e1012b10bb7c10f05a99be7009e6621353849483b51025ae56a6b37?s=96&d=mm&r=g\",\"contentUrl\":\"https:\/\/secure.gravatar.com\/avatar\/73f0cad78e1012b10bb7c10f05a99be7009e6621353849483b51025ae56a6b37?s=96&d=mm&r=g\",\"caption\":\"Evelyne Aschwanden\"},\"url\":\"https:\/\/listings.mybikeplan.ch\/fr\/author\/evelyne-mybikeplan\/\"}]}<\/script>\n<!-- \/ Yoast SEO plugin. -->","yoast_head_json":{"title":"C'est pourquoi Zurich est la ville parfaite pour le v\u00e9lo \u00e9lectrique.","description":"Nous avons rassembl\u00e9 quelques bonnes raisons pour lesquelles Zurich est la ville id\u00e9ale pour ton v\u00e9lo \u00e9lectrique !","robots":{"index":"noindex","follow":"follow","max-snippet":"max-snippet:-1","max-image-preview":"max-image-preview:large","max-video-preview":"max-video-preview:-1"},"og_locale":"fr_FR","og_type":"article","og_title":"C'est pourquoi Zurich est la ville parfaite pour le v\u00e9lo \u00e9lectrique.","og_description":"Nous avons rassembl\u00e9 quelques bonnes raisons pour lesquelles Zurich est la ville id\u00e9ale pour ton v\u00e9lo \u00e9lectrique !","og_url":"https:\/\/listings.mybikeplan.ch\/fr\/mybikeplan-fr\/cest-pourquoi-zurich-est-la-ville-parfaite-pour-le-velo-electrique\/","og_site_name":"MyBikePlan","article_published_time":"2023-08-17T14:12:14+00:00","article_modified_time":"2023-08-17T14:12:18+00:00","og_image":[{"width":1640,"height":924,"url":"https:\/\/listings.mybikeplan.ch\/wp-content\/uploads\/2023\/08\/E-Bikes-Zurich.jpg","type":"image\/jpeg"}],"author":"Evelyne Aschwanden","twitter_card":"summary_large_image","twitter_misc":{"\u00c9crit par":"Evelyne Aschwanden","Dur\u00e9e de lecture estim\u00e9e":"4 minutes"},"schema":{"@context":"https:\/\/schema.org","@graph":[{"@type":"WebPage","@id":"https:\/\/listings.mybikeplan.ch\/fr\/mybikeplan-fr\/cest-pourquoi-zurich-est-la-ville-parfaite-pour-le-velo-electrique\/","url":"https:\/\/listings.mybikeplan.ch\/fr\/mybikeplan-fr\/cest-pourquoi-zurich-est-la-ville-parfaite-pour-le-velo-electrique\/","name":"C'est pourquoi Zurich est la ville parfaite pour le v\u00e9lo \u00e9lectrique.","isPartOf":{"@id":"https:\/\/listings.mybikeplan.ch\/fr\/#website"},"primaryImageOfPage":{"@id":"https:\/\/listings.mybikeplan.ch\/fr\/mybikeplan-fr\/cest-pourquoi-zurich-est-la-ville-parfaite-pour-le-velo-electrique\/#primaryimage"},"image":{"@id":"https:\/\/listings.mybikeplan.ch\/fr\/mybikeplan-fr\/cest-pourquoi-zurich-est-la-ville-parfaite-pour-le-velo-electrique\/#primaryimage"},"thumbnailUrl":"https:\/\/listings.mybikeplan.ch\/wp-content\/uploads\/2023\/08\/E-Bikes-Zurich.jpg","datePublished":"2023-08-17T14:12:14+00:00","dateModified":"2023-08-17T14:12:18+00:00","author":{"@id":"https:\/\/listings.mybikeplan.ch\/fr\/#\/schema\/person\/514a6130749cc58319f751509338dafd"},"description":"Nous avons rassembl\u00e9 quelques bonnes raisons pour lesquelles Zurich est la ville id\u00e9ale pour ton v\u00e9lo \u00e9lectrique !","breadcrumb":{"@id":"https:\/\/listings.mybikeplan.ch\/fr\/mybikeplan-fr\/cest-pourquoi-zurich-est-la-ville-parfaite-pour-le-velo-electrique\/#breadcrumb"},"inLanguage":"fr-FR","potentialAction":[{"@type":"ReadAction","target":["https:\/\/listings.mybikeplan.ch\/fr\/mybikeplan-fr\/cest-pourquoi-zurich-est-la-ville-parfaite-pour-le-velo-electrique\/"]}]},{"@type":"ImageObject","inLanguage":"fr-FR","@id":"https:\/\/listings.mybikeplan.ch\/fr\/mybikeplan-fr\/cest-pourquoi-zurich-est-la-ville-parfaite-pour-le-velo-electrique\/#primaryimage","url":"https:\/\/listings.mybikeplan.ch\/wp-content\/uploads\/2023\/08\/E-Bikes-Zurich.jpg","contentUrl":"https:\/\/listings.mybikeplan.ch\/wp-content\/uploads\/2023\/08\/E-Bikes-Zurich.jpg","width":1640,"height":924,"caption":"Z\u00fcrich E Bike"},{"@type":"BreadcrumbList","@id":"https:\/\/listings.mybikeplan.ch\/fr\/mybikeplan-fr\/cest-pourquoi-zurich-est-la-ville-parfaite-pour-le-velo-electrique\/#breadcrumb","itemListElement":[{"@type":"ListItem","position":1,"name":"Home","item":"https:\/\/listings.mybikeplan.ch\/fr\/home\/"},{"@type":"ListItem","position":2,"name":"C&#8217;est pourquoi Zurich est la ville parfaite pour le v\u00e9lo \u00e9lectrique."}]},{"@type":"WebSite","@id":"https:\/\/listings.mybikeplan.ch\/fr\/#website","url":"https:\/\/listings.mybikeplan.ch\/fr\/","name":"MyBikePlan","description":"","potentialAction":[{"@type":"SearchAction","target":{"@type":"EntryPoint","urlTemplate":"https:\/\/listings.mybikeplan.ch\/fr\/?s={search_term_string}"},"query-input":{"@type":"PropertyValueSpecification","valueRequired":true,"valueName":"search_term_string"}}],"inLanguage":"fr-FR"},{"@type":"Person","@id":"https:\/\/listings.mybikeplan.ch\/fr\/#\/schema\/person\/514a6130749cc58319f751509338dafd","name":"Evelyne Aschwanden","image":{"@type":"ImageObject","inLanguage":"fr-FR","@id":"https:\/\/listings.mybikeplan.ch\/fr\/#\/schema\/person\/image\/","url":"https:\/\/secure.gravatar.com\/avatar\/73f0cad78e1012b10bb7c10f05a99be7009e6621353849483b51025ae56a6b37?s=96&d=mm&r=g","contentUrl":"https:\/\/secure.gravatar.com\/avatar\/73f0cad78e1012b10bb7c10f05a99be7009e6621353849483b51025ae56a6b37?s=96&d=mm&r=g","caption":"Evelyne Aschwanden"},"url":"https:\/\/listings.mybikeplan.ch\/fr\/author\/evelyne-mybikeplan\/"}]}},"locale":"fr","_links":{"self":[{"href":"https:\/\/listings.mybikeplan.ch\/fr\/wp-json\/wp\/v2\/posts\/41014","targetHints":{"allow":["GET"]}}],"collection":[{"href":"https:\/\/listings.mybikeplan.ch\/fr\/wp-json\/wp\/v2\/posts"}],"about":[{"href":"https:\/\/listings.mybikeplan.ch\/fr\/wp-json\/wp\/v2\/types\/post"}],"author":[{"embeddable":true,"href":"https:\/\/listings.mybikeplan.ch\/fr\/wp-json\/wp\/v2\/users\/15"}],"replies":[{"embeddable":true,"href":"https:\/\/listings.mybikeplan.ch\/fr\/wp-json\/wp\/v2\/comments?post=41014"}],"version-history":[{"count":1,"href":"https:\/\/listings.mybikeplan.ch\/fr\/wp-json\/wp\/v2\/posts\/41014\/revisions"}],"predecessor-version":[{"id":41015,"href":"https:\/\/listings.mybikeplan.ch\/fr\/wp-json\/wp\/v2\/posts\/41014\/revisions\/41015"}],"wp:featuredmedia":[{"embeddable":true,"href":"https:\/\/listings.mybikeplan.ch\/fr\/wp-json\/wp\/v2\/media\/41011"}],"wp:attachment":[{"href":"https:\/\/listings.mybikeplan.ch\/fr\/wp-json\/wp\/v2\/media?parent=41014"}],"wp:term":[{"taxonomy":"category","embeddable":true,"href":"https:\/\/listings.mybikeplan.ch\/fr\/wp-json\/wp\/v2\/categories?post=41014"},{"taxonomy":"post_tag","embeddable":true,"href":"https:\/\/listings.mybikeplan.ch\/fr\/wp-json\/wp\/v2\/tags?post=41014"}],"curies":[{"name":"wp","href":"https:\/\/api.w.org\/{rel}","templated":true}]}}