{"id":37962,"date":"2023-08-09T12:29:07","date_gmt":"2023-08-09T12:29:07","guid":{"rendered":"https:\/\/listings.mybikeplan.ch\/?p=37962"},"modified":"2023-08-16T13:13:24","modified_gmt":"2023-08-16T13:13:24","slug":"faire-la-navette-en-velo-electrique-tu-dois-le-savoir","status":"publish","type":"post","link":"https:\/\/listings.mybikeplan.ch\/fr\/mybikeplan-fr\/faire-la-navette-en-velo-electrique-tu-dois-le-savoir\/","title":{"rendered":"Faire la navette en v\u00e9lo \u00e9lectrique ? Tu dois le savoir !"},"content":{"rendered":"\n<p>Tu es de retour de vacances, plein d&rsquo;\u00e9nergie et de dynamisme et tu souhaites \u00e0 l&rsquo;avenir faire la navette avec ton v\u00e9lo \u00e9lectrique pour aller au bureau ? Une id\u00e9e g\u00e9niale &#8211; nous avons r\u00e9sum\u00e9 tout ce que tu dois savoir pour bien d\u00e9marrer sur le chemin du travail !<\/p>\n\n\n\n<h2 class=\"wp-block-heading\">Quels sont les avantages de faire la navette en v\u00e9lo \u00e9lectrique ?<\/h2>\n\n\n\n<p>Le plus grand avantage est probablement \u00e9vident : si tu fais la navette avec le v\u00e9lo \u00e9lectrique pour aller au travail, tu seras \u00e0 l&rsquo;air libre et tu feras beaucoup plus d&rsquo;exercice dans ta vie quotidienne. Le v\u00e9lo \u00e9lectrique rend paresseux ? Pas du tout ! Des \u00e9tudes ont prouv\u00e9 que les utilisateurs de v\u00e9los \u00e9lectriques font autant de sport que les cyclistes r\u00e9guliers &#8211; et qu&rsquo;ils parcourent en moyenne des distances encore plus grandes.<\/p>\n\n\n\n<p>En ville, un v\u00e9lo \u00e9lectrique peut te faire avancer beaucoup plus vite qu&rsquo;une voiture ou, sur certains trajets, que les transports publics.<\/p>\n\n\n\n<h2 class=\"wp-block-heading\">Quel v\u00e9lo \u00e9lectrique est le plus adapt\u00e9 pour faire la navette ?<\/h2>\n\n\n\n<figure class=\"wp-block-image size-large\"><a href=\"https:\/\/listings.mybikeplan.ch\/wp-content\/uploads\/2023\/08\/E-Bikes-pendeln-1024x577.jpg\"><img loading=\"lazy\" decoding=\"async\" width=\"1024\" height=\"577\" src=\"https:\/\/listings.mybikeplan.ch\/wp-content\/uploads\/2023\/08\/E-Bikes-pendeln-1024x577.jpg\" alt=\"\" class=\"wp-image-37949\" srcset=\"https:\/\/listings.mybikeplan.ch\/wp-content\/uploads\/2023\/08\/E-Bikes-pendeln-1024x577.jpg 1024w, https:\/\/listings.mybikeplan.ch\/wp-content\/uploads\/2023\/08\/E-Bikes-pendeln-555x313.jpg 555w, https:\/\/listings.mybikeplan.ch\/wp-content\/uploads\/2023\/08\/E-Bikes-pendeln-570x320.jpg 570w, https:\/\/listings.mybikeplan.ch\/wp-content\/uploads\/2023\/08\/E-Bikes-pendeln-768x433.jpg 768w, https:\/\/listings.mybikeplan.ch\/wp-content\/uploads\/2023\/08\/E-Bikes-pendeln-1536x865.jpg 1536w, https:\/\/listings.mybikeplan.ch\/wp-content\/uploads\/2023\/08\/E-Bikes-pendeln-666x375.jpg 666w, https:\/\/listings.mybikeplan.ch\/wp-content\/uploads\/2023\/08\/E-Bikes-pendeln.jpg 1640w\" sizes=\"auto, (max-width: 1024px) 100vw, 1024px\" \/><\/a><\/figure>\n\n\n\n<p>Il existe diff\u00e9rents types de v\u00e9los \u00e9lectriques, qui sont fabriqu\u00e9s pour diff\u00e9rents objectifs et exigences. Si tu pr\u00e9vois d&rsquo;aller au travail en v\u00e9lo \u00e9lectrique \u00e0 l&rsquo;avenir, nous te recommanderions un v\u00e9lo \u00e9lectrique urbain (\u00e9galement appel\u00e9 Urban E-Bike). Ces v\u00e9los \u00e9lectriques sont parfaitement adapt\u00e9s aux d\u00e9fis de la jungle urbaine. Ils sont styl\u00e9s, \u00e9quip\u00e9s de porte-bagages et de b\u00e9quilles et sont souvent plut\u00f4t bon march\u00e9.<\/p>\n\n\n\n<p>Si tu veux aller particuli\u00e8rement vite, un v\u00e9lo \u00e9lectrique de 45 km\/h (ou S-Pedelec) pourrait aussi t&rsquo;int\u00e9resser. Comme le nom l&rsquo;indique, il s&rsquo;agit de v\u00e9los \u00e9lectriques pouvant atteindre une vitesse maximale de 45 km\/h. Ce sont donc des v\u00e9los \u00e9lectriques parfaits pour les navetteurs.<\/p>\n\n\n\n<h2 class=\"wp-block-heading\">O\u00f9 puis-je garer mon v\u00e9lo \u00e9lectrique en ville ?&nbsp;<\/h2>\n\n\n\n<p>La r\u00e8gle g\u00e9n\u00e9rale est la suivante : partout o\u00f9 cela n&rsquo;est pas explicitement interdit ou ne bloque pas les portes, les fen\u00eatres, etc. Dans de nombreuses villes, il existe aussi des parkings sp\u00e9ciaux pour v\u00e9los ou des parkings souterrains &#8211; certains disposent m\u00eame de stations de recharge gratuites.&nbsp;<\/p>\n\n\n\n<h3 class=\"wp-block-heading\">Parkings \u00e0 v\u00e9los \u00e0 Zurich<\/h3>\n\n\n\n<p>En ville de Zurich, tu trouveras de nombreux endroits o\u00f9 tu pourras garer ton v\u00e9lo ou ton v\u00e9lo \u00e9lectrique en toute s\u00e9curit\u00e9. Dans le parking \u00ab\u00a0Hohe Promenade\u00a0\u00bb \u00e0 Zurich, tu trouveras par exemple 50 places de stationnement pour v\u00e9los gratuites.<\/p>\n\n\n\n<p>De plus, il existe des stations de v\u00e9los \u00e0 la gare centrale et \u00e0 la gare d&rsquo;Oerlikon, o\u00f9 les v\u00e9los sp\u00e9ciaux comme les v\u00e9los couch\u00e9s ou les v\u00e9los \u00e9lectriques cargo peuvent \u00eatre rang\u00e9s.<\/p>\n\n\n\n<h2 class=\"wp-block-heading\">Comment verrouiller correctement mon v\u00e9lo \u00e9lectrique ?<\/h2>\n\n\n\n<figure class=\"wp-block-image size-large\"><a href=\"https:\/\/listings.mybikeplan.ch\/wp-content\/uploads\/2023\/08\/E-Bike-pendeln-1024x577.jpg\"><img loading=\"lazy\" decoding=\"async\" width=\"1024\" height=\"577\" src=\"https:\/\/listings.mybikeplan.ch\/wp-content\/uploads\/2023\/08\/E-Bike-pendeln-1024x577.jpg\" alt=\"\" class=\"wp-image-37946\" srcset=\"https:\/\/listings.mybikeplan.ch\/wp-content\/uploads\/2023\/08\/E-Bike-pendeln-1024x577.jpg 1024w, https:\/\/listings.mybikeplan.ch\/wp-content\/uploads\/2023\/08\/E-Bike-pendeln-555x313.jpg 555w, https:\/\/listings.mybikeplan.ch\/wp-content\/uploads\/2023\/08\/E-Bike-pendeln-570x320.jpg 570w, https:\/\/listings.mybikeplan.ch\/wp-content\/uploads\/2023\/08\/E-Bike-pendeln-768x433.jpg 768w, https:\/\/listings.mybikeplan.ch\/wp-content\/uploads\/2023\/08\/E-Bike-pendeln-1536x865.jpg 1536w, https:\/\/listings.mybikeplan.ch\/wp-content\/uploads\/2023\/08\/E-Bike-pendeln-666x375.jpg 666w, https:\/\/listings.mybikeplan.ch\/wp-content\/uploads\/2023\/08\/E-Bike-pendeln.jpg 1640w\" sizes=\"auto, (max-width: 1024px) 100vw, 1024px\" \/><\/a><\/figure>\n\n\n\n<p>Si tu ne peux pas garer ton v\u00e9lo \u00e9lectrique dans un parking \u00e0 v\u00e9los, tu dois t&rsquo;assurer de le verrouiller dans un endroit appropri\u00e9. Tu rendras ainsi la vie beaucoup plus difficile aux voleurs de v\u00e9los \u00e9lectriques. Assure-toi que tu &#8230;<\/p>\n\n\n\n<ul class=\"wp-block-list\">\n<li>Fixe le v\u00e9lo \u00e9lectrique \u00e0 un arbre, un panneau, une barri\u00e8re en bois ou un lampadaire.<\/li>\n\n\n\n<li>Utilise un antivol de qualit\u00e9.<\/li>\n\n\n\n<li>Avoir retir\u00e9 la batterie<\/li>\n<\/ul>\n\n\n\n<h2 class=\"wp-block-heading\">Quelles r\u00e8gles de circulation s&rsquo;appliquent aux v\u00e9los \u00e9lectriques ?<\/h2>\n\n\n\n<p>Il y a quelques particularit\u00e9s dont tu dois tenir compte si tu as l&rsquo;intention de faire la navette avec ton v\u00e9lo \u00e9lectrique.&nbsp;<\/p>\n\n\n\n<ul class=\"wp-block-list\">\n<li>Les v\u00e9los \u00e9lectriques doivent circuler sur la piste cyclable.<\/li>\n\n\n\n<li>Les v\u00e9los \u00e9lectriques doivent avoir des freins qui fonctionnent (un \u00e0 l&rsquo;avant, un \u00e0 l&rsquo;arri\u00e8re), une sonnette et un \u00e9clairage, y compris des catadioptres.<\/li>\n\n\n\n<li>Tu peux rouler sur les surfaces r\u00e9serv\u00e9es aux pi\u00e9tons qui sont marqu\u00e9es \u00ab\u00a0V\u00e9lo autoris\u00e9\u00a0\u00bb.<\/li>\n<\/ul>\n\n\n\n<p>Pour les v\u00e9los \u00e9lectriques de 45 km\/h, c&rsquo;est aussi valable :<\/p>\n\n\n\n<ul class=\"wp-block-list\">\n<li>Le casque est obligatoire.<\/li>\n\n\n\n<li>Le v\u00e9lo \u00e9lectrique doit \u00eatre \u00e9quip\u00e9 d&rsquo;un r\u00e9troviseur et d&rsquo;une plaque de contr\u00f4le jaune.<\/li>\n\n\n\n<li>Tu as besoin d&rsquo;un permis de conduire de cat\u00e9gorie M.<\/li>\n\n\n\n<li>Sur les routes interdites aux cyclomoteurs ainsi que sur les surfaces r\u00e9serv\u00e9es aux pi\u00e9tons, tu ne peux rouler qu&rsquo;avec le moteur arr\u00eat\u00e9.<\/li>\n<\/ul>\n\n\n\n<hr class=\"wp-block-separator has-alpha-channel-opacity\"\/>\n\n\n\n<p><strong><strong>Conclusion <\/strong>: <\/strong>faire la navette en v\u00e9lo \u00e9lectrique est bon pour l&rsquo;environnement et la sant\u00e9. Si tu fais attention \u00e0 quelques petites choses, plus rien ne s&rsquo;oppose \u00e0 ta nouvelle fa\u00e7on de te rendre au travail !<\/p>\n\n\n\n<div class=\"wp-block-buttons is-layout-flex wp-block-buttons-is-layout-flex\">\n<div class=\"wp-block-button\"><a class=\"wp-block-button__link wp-element-button\" href=\"https:\/\/www.mybikeplan.ch\/alle-modelle-e-bike-schweiz\/kategorie\/city-e-bike\/rahmenvarianten\/-\/batterie-kapazitat\/-\/max-gewicht\/-\/zubehor\/-\/geschwindigkeit\/-\/marke\/-\/motor-marke\/-\/farbe\/-\/koerpergroesse\/-\/preisbereich\/-\/verfugbar\/-\/sortieren\/preis\/gunstigste\">nos v\u00e9los \u00e9lectriques de ville<\/a><\/div>\n<\/div>\n","protected":false},"excerpt":{"rendered":"<p>Tu es de retour de vacances, plein d&rsquo;\u00e9nergie et de dynamisme et tu souhaites \u00e0 l&rsquo;avenir faire la navette avec ton v\u00e9lo \u00e9lectrique pour aller au bureau ? Une id\u00e9e g\u00e9niale &#8211; nous avons r\u00e9sum\u00e9 tout ce que tu dois savoir pour bien d\u00e9marrer sur le chemin du travail ! Quels sont les avantages de [&hellip;]<\/p>\n","protected":false},"author":15,"featured_media":37954,"comment_status":"open","ping_status":"open","sticky":false,"template":"","format":"standard","meta":{"_acf_changed":false,"footnotes":""},"categories":[4442],"tags":[],"class_list":["post-37962","post","type-post","status-publish","format-standard","has-post-thumbnail","hentry","category-mybikeplan-fr"],"acf":[],"yoast_head":"<!-- This site is optimized with the Yoast SEO plugin v24.5 - https:\/\/yoast.com\/wordpress\/plugins\/seo\/ -->\n<title>Faire la navette en v\u00e9lo \u00e9lectrique ? Tu dois le savoir !<\/title>\n<meta name=\"description\" content=\"Faire la navette en v\u00e9lo \u00e9lectrique est une bonne id\u00e9e - mais il y a quelques points auxquels tu dois absolument faire attention !\" \/>\n<meta name=\"robots\" content=\"noindex, follow, max-snippet:-1, max-image-preview:large, max-video-preview:-1\" \/>\n<meta property=\"og:locale\" content=\"fr_FR\" \/>\n<meta property=\"og:type\" content=\"article\" \/>\n<meta property=\"og:title\" content=\"Faire la navette en v\u00e9lo \u00e9lectrique ? Tu dois le savoir !\" \/>\n<meta property=\"og:description\" content=\"Faire la navette en v\u00e9lo \u00e9lectrique est une bonne id\u00e9e - mais il y a quelques points auxquels tu dois absolument faire attention !\" \/>\n<meta property=\"og:url\" content=\"https:\/\/listings.mybikeplan.ch\/fr\/mybikeplan-fr\/faire-la-navette-en-velo-electrique-tu-dois-le-savoir\/\" \/>\n<meta property=\"og:site_name\" content=\"MyBikePlan\" \/>\n<meta property=\"article:published_time\" content=\"2023-08-09T12:29:07+00:00\" \/>\n<meta property=\"article:modified_time\" content=\"2023-08-16T13:13:24+00:00\" \/>\n<meta property=\"og:image\" content=\"https:\/\/listings.mybikeplan.ch\/wp-content\/uploads\/2023\/08\/mit-dem-E-Bike-pendeln.jpg\" \/>\n\t<meta property=\"og:image:width\" content=\"1640\" \/>\n\t<meta property=\"og:image:height\" content=\"924\" \/>\n\t<meta property=\"og:image:type\" content=\"image\/jpeg\" \/>\n<meta name=\"author\" content=\"Evelyne Aschwanden\" \/>\n<meta name=\"twitter:card\" content=\"summary_large_image\" \/>\n<meta name=\"twitter:label1\" content=\"\u00c9crit par\" \/>\n\t<meta name=\"twitter:data1\" content=\"Evelyne Aschwanden\" \/>\n\t<meta name=\"twitter:label2\" content=\"Dur\u00e9e de lecture estim\u00e9e\" \/>\n\t<meta name=\"twitter:data2\" content=\"4 minutes\" \/>\n<script type=\"application\/ld+json\" class=\"yoast-schema-graph\">{\"@context\":\"https:\/\/schema.org\",\"@graph\":[{\"@type\":\"WebPage\",\"@id\":\"https:\/\/listings.mybikeplan.ch\/fr\/mybikeplan-fr\/faire-la-navette-en-velo-electrique-tu-dois-le-savoir\/\",\"url\":\"https:\/\/listings.mybikeplan.ch\/fr\/mybikeplan-fr\/faire-la-navette-en-velo-electrique-tu-dois-le-savoir\/\",\"name\":\"Faire la navette en v\u00e9lo \u00e9lectrique ? Tu dois le savoir !\",\"isPartOf\":{\"@id\":\"https:\/\/listings.mybikeplan.ch\/fr\/#website\"},\"primaryImageOfPage\":{\"@id\":\"https:\/\/listings.mybikeplan.ch\/fr\/mybikeplan-fr\/faire-la-navette-en-velo-electrique-tu-dois-le-savoir\/#primaryimage\"},\"image\":{\"@id\":\"https:\/\/listings.mybikeplan.ch\/fr\/mybikeplan-fr\/faire-la-navette-en-velo-electrique-tu-dois-le-savoir\/#primaryimage\"},\"thumbnailUrl\":\"https:\/\/listings.mybikeplan.ch\/wp-content\/uploads\/2023\/08\/mit-dem-E-Bike-pendeln.jpg\",\"datePublished\":\"2023-08-09T12:29:07+00:00\",\"dateModified\":\"2023-08-16T13:13:24+00:00\",\"author\":{\"@id\":\"https:\/\/listings.mybikeplan.ch\/fr\/#\/schema\/person\/514a6130749cc58319f751509338dafd\"},\"description\":\"Faire la navette en v\u00e9lo \u00e9lectrique est une bonne id\u00e9e - mais il y a quelques points auxquels tu dois absolument faire attention !\",\"breadcrumb\":{\"@id\":\"https:\/\/listings.mybikeplan.ch\/fr\/mybikeplan-fr\/faire-la-navette-en-velo-electrique-tu-dois-le-savoir\/#breadcrumb\"},\"inLanguage\":\"fr-FR\",\"potentialAction\":[{\"@type\":\"ReadAction\",\"target\":[\"https:\/\/listings.mybikeplan.ch\/fr\/mybikeplan-fr\/faire-la-navette-en-velo-electrique-tu-dois-le-savoir\/\"]}]},{\"@type\":\"ImageObject\",\"inLanguage\":\"fr-FR\",\"@id\":\"https:\/\/listings.mybikeplan.ch\/fr\/mybikeplan-fr\/faire-la-navette-en-velo-electrique-tu-dois-le-savoir\/#primaryimage\",\"url\":\"https:\/\/listings.mybikeplan.ch\/wp-content\/uploads\/2023\/08\/mit-dem-E-Bike-pendeln.jpg\",\"contentUrl\":\"https:\/\/listings.mybikeplan.ch\/wp-content\/uploads\/2023\/08\/mit-dem-E-Bike-pendeln.jpg\",\"width\":1640,\"height\":924},{\"@type\":\"BreadcrumbList\",\"@id\":\"https:\/\/listings.mybikeplan.ch\/fr\/mybikeplan-fr\/faire-la-navette-en-velo-electrique-tu-dois-le-savoir\/#breadcrumb\",\"itemListElement\":[{\"@type\":\"ListItem\",\"position\":1,\"name\":\"Home\",\"item\":\"https:\/\/listings.mybikeplan.ch\/fr\/home\/\"},{\"@type\":\"ListItem\",\"position\":2,\"name\":\"Faire la navette en v\u00e9lo \u00e9lectrique ? Tu dois le savoir !\"}]},{\"@type\":\"WebSite\",\"@id\":\"https:\/\/listings.mybikeplan.ch\/fr\/#website\",\"url\":\"https:\/\/listings.mybikeplan.ch\/fr\/\",\"name\":\"MyBikePlan\",\"description\":\"\",\"potentialAction\":[{\"@type\":\"SearchAction\",\"target\":{\"@type\":\"EntryPoint\",\"urlTemplate\":\"https:\/\/listings.mybikeplan.ch\/fr\/?s={search_term_string}\"},\"query-input\":{\"@type\":\"PropertyValueSpecification\",\"valueRequired\":true,\"valueName\":\"search_term_string\"}}],\"inLanguage\":\"fr-FR\"},{\"@type\":\"Person\",\"@id\":\"https:\/\/listings.mybikeplan.ch\/fr\/#\/schema\/person\/514a6130749cc58319f751509338dafd\",\"name\":\"Evelyne Aschwanden\",\"image\":{\"@type\":\"ImageObject\",\"inLanguage\":\"fr-FR\",\"@id\":\"https:\/\/listings.mybikeplan.ch\/fr\/#\/schema\/person\/image\/\",\"url\":\"https:\/\/secure.gravatar.com\/avatar\/73f0cad78e1012b10bb7c10f05a99be7009e6621353849483b51025ae56a6b37?s=96&d=mm&r=g\",\"contentUrl\":\"https:\/\/secure.gravatar.com\/avatar\/73f0cad78e1012b10bb7c10f05a99be7009e6621353849483b51025ae56a6b37?s=96&d=mm&r=g\",\"caption\":\"Evelyne Aschwanden\"},\"url\":\"https:\/\/listings.mybikeplan.ch\/fr\/author\/evelyne-mybikeplan\/\"}]}<\/script>\n<!-- \/ Yoast SEO plugin. -->","yoast_head_json":{"title":"Faire la navette en v\u00e9lo \u00e9lectrique ? Tu dois le savoir !","description":"Faire la navette en v\u00e9lo \u00e9lectrique est une bonne id\u00e9e - mais il y a quelques points auxquels tu dois absolument faire attention !","robots":{"index":"noindex","follow":"follow","max-snippet":"max-snippet:-1","max-image-preview":"max-image-preview:large","max-video-preview":"max-video-preview:-1"},"og_locale":"fr_FR","og_type":"article","og_title":"Faire la navette en v\u00e9lo \u00e9lectrique ? Tu dois le savoir !","og_description":"Faire la navette en v\u00e9lo \u00e9lectrique est une bonne id\u00e9e - mais il y a quelques points auxquels tu dois absolument faire attention !","og_url":"https:\/\/listings.mybikeplan.ch\/fr\/mybikeplan-fr\/faire-la-navette-en-velo-electrique-tu-dois-le-savoir\/","og_site_name":"MyBikePlan","article_published_time":"2023-08-09T12:29:07+00:00","article_modified_time":"2023-08-16T13:13:24+00:00","og_image":[{"width":1640,"height":924,"url":"https:\/\/listings.mybikeplan.ch\/wp-content\/uploads\/2023\/08\/mit-dem-E-Bike-pendeln.jpg","type":"image\/jpeg"}],"author":"Evelyne Aschwanden","twitter_card":"summary_large_image","twitter_misc":{"\u00c9crit par":"Evelyne Aschwanden","Dur\u00e9e de lecture estim\u00e9e":"4 minutes"},"schema":{"@context":"https:\/\/schema.org","@graph":[{"@type":"WebPage","@id":"https:\/\/listings.mybikeplan.ch\/fr\/mybikeplan-fr\/faire-la-navette-en-velo-electrique-tu-dois-le-savoir\/","url":"https:\/\/listings.mybikeplan.ch\/fr\/mybikeplan-fr\/faire-la-navette-en-velo-electrique-tu-dois-le-savoir\/","name":"Faire la navette en v\u00e9lo \u00e9lectrique ? Tu dois le savoir !","isPartOf":{"@id":"https:\/\/listings.mybikeplan.ch\/fr\/#website"},"primaryImageOfPage":{"@id":"https:\/\/listings.mybikeplan.ch\/fr\/mybikeplan-fr\/faire-la-navette-en-velo-electrique-tu-dois-le-savoir\/#primaryimage"},"image":{"@id":"https:\/\/listings.mybikeplan.ch\/fr\/mybikeplan-fr\/faire-la-navette-en-velo-electrique-tu-dois-le-savoir\/#primaryimage"},"thumbnailUrl":"https:\/\/listings.mybikeplan.ch\/wp-content\/uploads\/2023\/08\/mit-dem-E-Bike-pendeln.jpg","datePublished":"2023-08-09T12:29:07+00:00","dateModified":"2023-08-16T13:13:24+00:00","author":{"@id":"https:\/\/listings.mybikeplan.ch\/fr\/#\/schema\/person\/514a6130749cc58319f751509338dafd"},"description":"Faire la navette en v\u00e9lo \u00e9lectrique est une bonne id\u00e9e - mais il y a quelques points auxquels tu dois absolument faire attention !","breadcrumb":{"@id":"https:\/\/listings.mybikeplan.ch\/fr\/mybikeplan-fr\/faire-la-navette-en-velo-electrique-tu-dois-le-savoir\/#breadcrumb"},"inLanguage":"fr-FR","potentialAction":[{"@type":"ReadAction","target":["https:\/\/listings.mybikeplan.ch\/fr\/mybikeplan-fr\/faire-la-navette-en-velo-electrique-tu-dois-le-savoir\/"]}]},{"@type":"ImageObject","inLanguage":"fr-FR","@id":"https:\/\/listings.mybikeplan.ch\/fr\/mybikeplan-fr\/faire-la-navette-en-velo-electrique-tu-dois-le-savoir\/#primaryimage","url":"https:\/\/listings.mybikeplan.ch\/wp-content\/uploads\/2023\/08\/mit-dem-E-Bike-pendeln.jpg","contentUrl":"https:\/\/listings.mybikeplan.ch\/wp-content\/uploads\/2023\/08\/mit-dem-E-Bike-pendeln.jpg","width":1640,"height":924},{"@type":"BreadcrumbList","@id":"https:\/\/listings.mybikeplan.ch\/fr\/mybikeplan-fr\/faire-la-navette-en-velo-electrique-tu-dois-le-savoir\/#breadcrumb","itemListElement":[{"@type":"ListItem","position":1,"name":"Home","item":"https:\/\/listings.mybikeplan.ch\/fr\/home\/"},{"@type":"ListItem","position":2,"name":"Faire la navette en v\u00e9lo \u00e9lectrique ? Tu dois le savoir !"}]},{"@type":"WebSite","@id":"https:\/\/listings.mybikeplan.ch\/fr\/#website","url":"https:\/\/listings.mybikeplan.ch\/fr\/","name":"MyBikePlan","description":"","potentialAction":[{"@type":"SearchAction","target":{"@type":"EntryPoint","urlTemplate":"https:\/\/listings.mybikeplan.ch\/fr\/?s={search_term_string}"},"query-input":{"@type":"PropertyValueSpecification","valueRequired":true,"valueName":"search_term_string"}}],"inLanguage":"fr-FR"},{"@type":"Person","@id":"https:\/\/listings.mybikeplan.ch\/fr\/#\/schema\/person\/514a6130749cc58319f751509338dafd","name":"Evelyne Aschwanden","image":{"@type":"ImageObject","inLanguage":"fr-FR","@id":"https:\/\/listings.mybikeplan.ch\/fr\/#\/schema\/person\/image\/","url":"https:\/\/secure.gravatar.com\/avatar\/73f0cad78e1012b10bb7c10f05a99be7009e6621353849483b51025ae56a6b37?s=96&d=mm&r=g","contentUrl":"https:\/\/secure.gravatar.com\/avatar\/73f0cad78e1012b10bb7c10f05a99be7009e6621353849483b51025ae56a6b37?s=96&d=mm&r=g","caption":"Evelyne Aschwanden"},"url":"https:\/\/listings.mybikeplan.ch\/fr\/author\/evelyne-mybikeplan\/"}]}},"locale":"fr","_links":{"self":[{"href":"https:\/\/listings.mybikeplan.ch\/fr\/wp-json\/wp\/v2\/posts\/37962","targetHints":{"allow":["GET"]}}],"collection":[{"href":"https:\/\/listings.mybikeplan.ch\/fr\/wp-json\/wp\/v2\/posts"}],"about":[{"href":"https:\/\/listings.mybikeplan.ch\/fr\/wp-json\/wp\/v2\/types\/post"}],"author":[{"embeddable":true,"href":"https:\/\/listings.mybikeplan.ch\/fr\/wp-json\/wp\/v2\/users\/15"}],"replies":[{"embeddable":true,"href":"https:\/\/listings.mybikeplan.ch\/fr\/wp-json\/wp\/v2\/comments?post=37962"}],"version-history":[{"count":2,"href":"https:\/\/listings.mybikeplan.ch\/fr\/wp-json\/wp\/v2\/posts\/37962\/revisions"}],"predecessor-version":[{"id":40807,"href":"https:\/\/listings.mybikeplan.ch\/fr\/wp-json\/wp\/v2\/posts\/37962\/revisions\/40807"}],"wp:featuredmedia":[{"embeddable":true,"href":"https:\/\/listings.mybikeplan.ch\/fr\/wp-json\/wp\/v2\/media\/37954"}],"wp:attachment":[{"href":"https:\/\/listings.mybikeplan.ch\/fr\/wp-json\/wp\/v2\/media?parent=37962"}],"wp:term":[{"taxonomy":"category","embeddable":true,"href":"https:\/\/listings.mybikeplan.ch\/fr\/wp-json\/wp\/v2\/categories?post=37962"},{"taxonomy":"post_tag","embeddable":true,"href":"https:\/\/listings.mybikeplan.ch\/fr\/wp-json\/wp\/v2\/tags?post=37962"}],"curies":[{"name":"wp","href":"https:\/\/api.w.org\/{rel}","templated":true}]}}