{"id":37092,"date":"2023-08-03T09:13:19","date_gmt":"2023-08-03T09:13:19","guid":{"rendered":"https:\/\/listings.mybikeplan.ch\/?p=37092"},"modified":"2023-08-16T13:13:26","modified_gmt":"2023-08-16T13:13:26","slug":"cilo-des-velos-electriques-de-haute-qualite-en-provenance-de-suisse","status":"publish","type":"post","link":"https:\/\/listings.mybikeplan.ch\/fr\/non-classifiee\/cilo-des-velos-electriques-de-haute-qualite-en-provenance-de-suisse\/","title":{"rendered":"Cilo : des v\u00e9los \u00e9lectriques de haute qualit\u00e9 en provenance de Suisse"},"content":{"rendered":"\n<p>Cilo est l&rsquo;une des marques sur lesquelles nous misons depuis les d\u00e9buts de MyBikePlan. Pourquoi ? Parce que nous sommes de grands fans des marques de v\u00e9los suisses &#8211; et que Cilo ne cesse de nous enthousiasmer avec sa large gamme de v\u00e9los \u00e9lectriques et la suissitude qui transpara\u00eet dans chaque mod\u00e8le. Il est temps d&rsquo;examiner la marque d&rsquo;un peu plus pr\u00e8s.<\/p>\n\n\n\n<h2 class=\"wp-block-heading\">Ce qu&rsquo;est Cilo<\/h2>\n\n\n\n<p>Cilo est la marque de v\u00e9los leader en Suisse. L&rsquo;entreprise a \u00e9t\u00e9 fond\u00e9e en 1904 et dispose d&rsquo;un grand savoir-faire et de valeurs profond\u00e9ment enracin\u00e9es qui sont poursuivies jusqu&rsquo;\u00e0 aujourd&rsquo;hui avec les v\u00e9los \u00e9lectriques Cilo. Ainsi, l&rsquo;entreprise se d\u00e9veloppe constamment et souhaite offrir \u00e0 sa client\u00e8le le plus haut niveau de confort et de fonctionnalit\u00e9. L&rsquo;offre de Cilo E-Bikes est vaste et comprend des v\u00e9los \u00e9lectriques de montagne, des v\u00e9los \u00e9lectriques de trekking et des v\u00e9los \u00e9lectriques de ville.<\/p>\n\n\n\n<p><strong>Tu le savais d\u00e9j\u00e0 ?<\/strong><\/p>\n\n\n\n<p>Le nom Cilo vient du nom du fondateur de l&rsquo;entreprise : Charles Jean Lausanne Oron.&nbsp;<\/p>\n\n\n\n<h2 class=\"wp-block-heading\">L&rsquo;histoire de Cilo E-Bikes<\/h2>\n\n\n\n<p>Nous sommes en 1904 et c&rsquo;est l\u00e0 que commence l&rsquo;histoire de Cilo E-Bikes. La marque culte a \u00e9t\u00e9 fond\u00e9e il y a plus d&rsquo;un si\u00e8cle \u00e0 Romanel-sur-Lausanne, au bord du lac L\u00e9man. Tr\u00e8s vite, le fabricant de v\u00e9los, petit au d\u00e9part, est devenu un producteur de v\u00e9los de course dans toute la Suisse. Entre autres, Cilo fabriquait les cadres de l&rsquo;\u00e9quipe professionnelle Cilo Aufina, qui comptait parmi les \u00e9quipes de v\u00e9lo de course les plus performantes de Suisse.<\/p>\n\n\n\n<p>Au milieu des ann\u00e9es 90, Cilo a connu un v\u00e9ritable boom et \u00e9tait la marque de v\u00e9lo la plus forte de toute la Suisse. Plus tard, l&rsquo;entreprise s&rsquo;est calm\u00e9e avant de faire son grand retour en 2020 avec les v\u00e9los \u00e9lectriques Cilo. Avec plus de cent ans d&rsquo;exp\u00e9rience, combin\u00e9s \u00e0 une technologie innovante, les v\u00e9los \u00e9lectriques Cilo ont depuis r\u00e9ussi \u00e0 s&rsquo;\u00e9tablir sur le march\u00e9 suisse du v\u00e9lo.&nbsp;<\/p>\n\n\n\n<h2 class=\"wp-block-heading\">Nos v\u00e9los \u00e9lectriques Cilo pr\u00e9f\u00e9r\u00e9s<\/h2>\n\n\n\n<p>Notre s\u00e9lection de v\u00e9los \u00e9lectriques Cilo sur notre site web change constamment, car les v\u00e9los \u00e9lectriques suisses sont \u00e9norm\u00e9ment populaires. Voici quelques-uns de nos favoris personnels !<\/p>\n\n\n\n<h3 class=\"wp-block-heading\">Cilo Urbanflea CCL\u00b003<\/h3>\n\n\n\n<figure class=\"wp-block-image size-large\"><a href=\"https:\/\/www.mybikeplan.ch\/produkt\/cilo-urbanflea-ccl03-blue\"><img loading=\"lazy\" decoding=\"async\" width=\"1024\" height=\"577\" src=\"https:\/\/listings.mybikeplan.ch\/wp-content\/uploads\/2023\/08\/2-1024x577.jpg\" alt=\"\" class=\"wp-image-37079\" srcset=\"https:\/\/listings.mybikeplan.ch\/wp-content\/uploads\/2023\/08\/2-1024x577.jpg 1024w, https:\/\/listings.mybikeplan.ch\/wp-content\/uploads\/2023\/08\/2-555x313.jpg 555w, https:\/\/listings.mybikeplan.ch\/wp-content\/uploads\/2023\/08\/2-570x320.jpg 570w, https:\/\/listings.mybikeplan.ch\/wp-content\/uploads\/2023\/08\/2-768x433.jpg 768w, https:\/\/listings.mybikeplan.ch\/wp-content\/uploads\/2023\/08\/2-1536x865.jpg 1536w, https:\/\/listings.mybikeplan.ch\/wp-content\/uploads\/2023\/08\/2-666x375.jpg 666w, https:\/\/listings.mybikeplan.ch\/wp-content\/uploads\/2023\/08\/2.jpg 1640w\" sizes=\"auto, (max-width: 1024px) 100vw, 1024px\" \/><\/a><\/figure>\n\n\n\n<p>Le Cilo Urbanflea CCL\u00b003 est le compagnon id\u00e9al dans le trafic urbain et convient parfaitement \u00e0 tous ceux qui souhaitent \u00e0 l&rsquo;avenir se rendre au travail de mani\u00e8re plus durable. Le bleu harmonieux du cadre compl\u00e8te ton look dans tous les cas.<\/p>\n\n\n\n<div class=\"wp-block-buttons is-layout-flex wp-block-buttons-is-layout-flex\">\n<div class=\"wp-block-button\"><a class=\"wp-block-button__link wp-element-button\" href=\"https:\/\/www.mybikeplan.ch\/produkt\/cilo-urbanflea-ccl03-blue\">d\u00e9couvre le Cilo Urbanflea CCL\u00b003<\/a><\/div>\n<\/div>\n\n\n\n<h3 class=\"wp-block-heading\">Cilo Rivertour CTFL\u00b006 Oliv<\/h3>\n\n\n\n<figure class=\"wp-block-image size-large\"><a href=\"https:\/\/www.mybikeplan.ch\/produkt\/cilo-rivertour-ctfl06-oliv\"><img loading=\"lazy\" decoding=\"async\" width=\"1024\" height=\"577\" src=\"https:\/\/listings.mybikeplan.ch\/wp-content\/uploads\/2023\/08\/3-1024x577.jpg\" alt=\"\" class=\"wp-image-37082\" srcset=\"https:\/\/listings.mybikeplan.ch\/wp-content\/uploads\/2023\/08\/3-1024x577.jpg 1024w, https:\/\/listings.mybikeplan.ch\/wp-content\/uploads\/2023\/08\/3-555x313.jpg 555w, https:\/\/listings.mybikeplan.ch\/wp-content\/uploads\/2023\/08\/3-570x320.jpg 570w, https:\/\/listings.mybikeplan.ch\/wp-content\/uploads\/2023\/08\/3-768x433.jpg 768w, https:\/\/listings.mybikeplan.ch\/wp-content\/uploads\/2023\/08\/3-1536x865.jpg 1536w, https:\/\/listings.mybikeplan.ch\/wp-content\/uploads\/2023\/08\/3-666x375.jpg 666w, https:\/\/listings.mybikeplan.ch\/wp-content\/uploads\/2023\/08\/3.jpg 1640w\" sizes=\"auto, (max-width: 1024px) 100vw, 1024px\" \/><\/a><\/figure>\n\n\n\n<p>Cilo Rivertour CTFL\u00b006 est un v\u00e9lo \u00e9lectrique de trekking fiable de la marque de v\u00e9lo suisse \u00e9prouv\u00e9e Cilo. Il t&rsquo;accompagne de mani\u00e8re fiable non seulement au quotidien, mais aussi au-del\u00e0, par monts et par vaux.<\/p>\n\n\n\n<div class=\"wp-block-buttons is-layout-flex wp-block-buttons-is-layout-flex\">\n<div class=\"wp-block-button\"><a class=\"wp-block-button__link wp-element-button\" href=\"https:\/\/www.mybikeplan.ch\/produkt\/cilo-rivertour-ctfl06-oliv\">d\u00e9couvre le Cilo Rivertour CTFL\u00b006<\/a><\/div>\n<\/div>\n\n\n\n<h3 class=\"wp-block-heading\">Cilo Diamondcross CXF\u00b009+<\/h3>\n\n\n\n<figure class=\"wp-block-image size-large\"><a href=\"https:\/\/www.mybikeplan.ch\/produkt\/cilo-diamondcross-cxf-09\"><img loading=\"lazy\" decoding=\"async\" width=\"1024\" height=\"577\" src=\"https:\/\/listings.mybikeplan.ch\/wp-content\/uploads\/2023\/08\/4-1024x577.jpg\" alt=\"\" class=\"wp-image-37085\" srcset=\"https:\/\/listings.mybikeplan.ch\/wp-content\/uploads\/2023\/08\/4-1024x577.jpg 1024w, https:\/\/listings.mybikeplan.ch\/wp-content\/uploads\/2023\/08\/4-555x313.jpg 555w, https:\/\/listings.mybikeplan.ch\/wp-content\/uploads\/2023\/08\/4-570x320.jpg 570w, https:\/\/listings.mybikeplan.ch\/wp-content\/uploads\/2023\/08\/4-768x433.jpg 768w, https:\/\/listings.mybikeplan.ch\/wp-content\/uploads\/2023\/08\/4-1536x865.jpg 1536w, https:\/\/listings.mybikeplan.ch\/wp-content\/uploads\/2023\/08\/4-666x375.jpg 666w, https:\/\/listings.mybikeplan.ch\/wp-content\/uploads\/2023\/08\/4.jpg 1640w\" sizes=\"auto, (max-width: 1024px) 100vw, 1024px\" \/><\/a><\/figure>\n\n\n\n<p>Le Cilo Diamondcross CXF\u00b009+ est un VTT polyvalent de la marque Cilo et enthousiasme par son soutien moteur puissant et son confort dans toutes les situations !<\/p>\n\n\n\n<div class=\"wp-block-buttons is-layout-flex wp-block-buttons-is-layout-flex\">\n<div class=\"wp-block-button\"><a class=\"wp-block-button__link wp-element-button\" href=\"https:\/\/www.mybikeplan.ch\/produkt\/cilo-diamondcross-cxf-09\">d\u00e9couvre le Cilo Diamondcross CXF\u00b009+.<\/a><\/div>\n<\/div>\n\n\n\n<hr class=\"wp-block-separator has-alpha-channel-opacity\"\/>\n\n\n\n<p>Tu veux d\u00e9couvrir encore plus de v\u00e9los \u00e9lectriques Cilo ? Alors n&rsquo;h\u00e9site pas \u00e0 jeter un coup d&rsquo;\u0153il sur notre site web !<\/p>\n\n\n\n<div class=\"wp-block-buttons is-layout-flex wp-block-buttons-is-layout-flex\">\n<div class=\"wp-block-button\"><a class=\"wp-block-button__link wp-element-button\" href=\"https:\/\/www.mybikeplan.ch\/marken\/cilo-ebikes\">Vers nos v\u00e9los \u00e9lectriques Cilo<\/a><\/div>\n<\/div>\n","protected":false},"excerpt":{"rendered":"<p>Cilo est l&rsquo;une des marques sur lesquelles nous misons depuis les d\u00e9buts de MyBikePlan. Pourquoi ? Parce que nous sommes de grands fans des marques de v\u00e9los suisses &#8211; et que Cilo ne cesse de nous enthousiasmer avec sa large gamme de v\u00e9los \u00e9lectriques et la suissitude qui transpara\u00eet dans chaque mod\u00e8le. Il est temps [&hellip;]<\/p>\n","protected":false},"author":15,"featured_media":37090,"comment_status":"open","ping_status":"open","sticky":false,"template":"","format":"standard","meta":{"_acf_changed":false,"footnotes":""},"categories":[4442,291],"tags":[],"class_list":["post-37092","post","type-post","status-publish","format-standard","has-post-thumbnail","hentry","category-mybikeplan-fr","category-non-classifiee"],"acf":[],"yoast_head":"<!-- This site is optimized with the Yoast SEO plugin v24.5 - https:\/\/yoast.com\/wordpress\/plugins\/seo\/ -->\n<title>Cilo : des v\u00e9los \u00e9lectriques de Suisse<\/title>\n<meta name=\"description\" content=\"Voil\u00e0 ce que sont les v\u00e9los \u00e9lectriques Cilo ! Nous te montrons ce qui rend la marque de v\u00e9los suisse si sp\u00e9ciale.\" \/>\n<meta name=\"robots\" content=\"noindex, follow, max-snippet:-1, max-image-preview:large, max-video-preview:-1\" \/>\n<meta property=\"og:locale\" content=\"fr_FR\" \/>\n<meta property=\"og:type\" content=\"article\" \/>\n<meta property=\"og:title\" content=\"Cilo : des v\u00e9los \u00e9lectriques de Suisse\" \/>\n<meta property=\"og:description\" content=\"Voil\u00e0 ce que sont les v\u00e9los \u00e9lectriques Cilo ! Nous te montrons ce qui rend la marque de v\u00e9los suisse si sp\u00e9ciale.\" \/>\n<meta property=\"og:url\" content=\"https:\/\/listings.mybikeplan.ch\/fr\/non-classifiee\/cilo-des-velos-electriques-de-haute-qualite-en-provenance-de-suisse\/\" \/>\n<meta property=\"og:site_name\" content=\"MyBikePlan\" \/>\n<meta property=\"article:published_time\" content=\"2023-08-03T09:13:19+00:00\" \/>\n<meta property=\"article:modified_time\" content=\"2023-08-16T13:13:26+00:00\" \/>\n<meta property=\"og:image\" content=\"https:\/\/listings.mybikeplan.ch\/wp-content\/uploads\/2023\/08\/1.jpg\" \/>\n\t<meta property=\"og:image:width\" content=\"1640\" \/>\n\t<meta property=\"og:image:height\" content=\"924\" \/>\n\t<meta property=\"og:image:type\" content=\"image\/jpeg\" \/>\n<meta name=\"author\" content=\"Evelyne Aschwanden\" \/>\n<meta name=\"twitter:card\" content=\"summary_large_image\" \/>\n<meta name=\"twitter:label1\" content=\"\u00c9crit par\" \/>\n\t<meta name=\"twitter:data1\" content=\"Evelyne Aschwanden\" \/>\n\t<meta name=\"twitter:label2\" content=\"Dur\u00e9e de lecture estim\u00e9e\" \/>\n\t<meta name=\"twitter:data2\" content=\"3 minutes\" \/>\n<script type=\"application\/ld+json\" class=\"yoast-schema-graph\">{\"@context\":\"https:\/\/schema.org\",\"@graph\":[{\"@type\":\"WebPage\",\"@id\":\"https:\/\/listings.mybikeplan.ch\/fr\/non-classifiee\/cilo-des-velos-electriques-de-haute-qualite-en-provenance-de-suisse\/\",\"url\":\"https:\/\/listings.mybikeplan.ch\/fr\/non-classifiee\/cilo-des-velos-electriques-de-haute-qualite-en-provenance-de-suisse\/\",\"name\":\"Cilo : des v\u00e9los \u00e9lectriques de Suisse\",\"isPartOf\":{\"@id\":\"https:\/\/listings.mybikeplan.ch\/fr\/#website\"},\"primaryImageOfPage\":{\"@id\":\"https:\/\/listings.mybikeplan.ch\/fr\/non-classifiee\/cilo-des-velos-electriques-de-haute-qualite-en-provenance-de-suisse\/#primaryimage\"},\"image\":{\"@id\":\"https:\/\/listings.mybikeplan.ch\/fr\/non-classifiee\/cilo-des-velos-electriques-de-haute-qualite-en-provenance-de-suisse\/#primaryimage\"},\"thumbnailUrl\":\"https:\/\/listings.mybikeplan.ch\/wp-content\/uploads\/2023\/08\/1.jpg\",\"datePublished\":\"2023-08-03T09:13:19+00:00\",\"dateModified\":\"2023-08-16T13:13:26+00:00\",\"author\":{\"@id\":\"https:\/\/listings.mybikeplan.ch\/fr\/#\/schema\/person\/514a6130749cc58319f751509338dafd\"},\"description\":\"Voil\u00e0 ce que sont les v\u00e9los \u00e9lectriques Cilo ! Nous te montrons ce qui rend la marque de v\u00e9los suisse si sp\u00e9ciale.\",\"breadcrumb\":{\"@id\":\"https:\/\/listings.mybikeplan.ch\/fr\/non-classifiee\/cilo-des-velos-electriques-de-haute-qualite-en-provenance-de-suisse\/#breadcrumb\"},\"inLanguage\":\"fr-FR\",\"potentialAction\":[{\"@type\":\"ReadAction\",\"target\":[\"https:\/\/listings.mybikeplan.ch\/fr\/non-classifiee\/cilo-des-velos-electriques-de-haute-qualite-en-provenance-de-suisse\/\"]}]},{\"@type\":\"ImageObject\",\"inLanguage\":\"fr-FR\",\"@id\":\"https:\/\/listings.mybikeplan.ch\/fr\/non-classifiee\/cilo-des-velos-electriques-de-haute-qualite-en-provenance-de-suisse\/#primaryimage\",\"url\":\"https:\/\/listings.mybikeplan.ch\/wp-content\/uploads\/2023\/08\/1.jpg\",\"contentUrl\":\"https:\/\/listings.mybikeplan.ch\/wp-content\/uploads\/2023\/08\/1.jpg\",\"width\":1640,\"height\":924,\"caption\":\"Cilo E-Bikes\"},{\"@type\":\"BreadcrumbList\",\"@id\":\"https:\/\/listings.mybikeplan.ch\/fr\/non-classifiee\/cilo-des-velos-electriques-de-haute-qualite-en-provenance-de-suisse\/#breadcrumb\",\"itemListElement\":[{\"@type\":\"ListItem\",\"position\":1,\"name\":\"Home\",\"item\":\"https:\/\/listings.mybikeplan.ch\/fr\/home\/\"},{\"@type\":\"ListItem\",\"position\":2,\"name\":\"Cilo : des v\u00e9los \u00e9lectriques de haute qualit\u00e9 en provenance de Suisse\"}]},{\"@type\":\"WebSite\",\"@id\":\"https:\/\/listings.mybikeplan.ch\/fr\/#website\",\"url\":\"https:\/\/listings.mybikeplan.ch\/fr\/\",\"name\":\"MyBikePlan\",\"description\":\"\",\"potentialAction\":[{\"@type\":\"SearchAction\",\"target\":{\"@type\":\"EntryPoint\",\"urlTemplate\":\"https:\/\/listings.mybikeplan.ch\/fr\/?s={search_term_string}\"},\"query-input\":{\"@type\":\"PropertyValueSpecification\",\"valueRequired\":true,\"valueName\":\"search_term_string\"}}],\"inLanguage\":\"fr-FR\"},{\"@type\":\"Person\",\"@id\":\"https:\/\/listings.mybikeplan.ch\/fr\/#\/schema\/person\/514a6130749cc58319f751509338dafd\",\"name\":\"Evelyne Aschwanden\",\"image\":{\"@type\":\"ImageObject\",\"inLanguage\":\"fr-FR\",\"@id\":\"https:\/\/listings.mybikeplan.ch\/fr\/#\/schema\/person\/image\/\",\"url\":\"https:\/\/secure.gravatar.com\/avatar\/73f0cad78e1012b10bb7c10f05a99be7009e6621353849483b51025ae56a6b37?s=96&d=mm&r=g\",\"contentUrl\":\"https:\/\/secure.gravatar.com\/avatar\/73f0cad78e1012b10bb7c10f05a99be7009e6621353849483b51025ae56a6b37?s=96&d=mm&r=g\",\"caption\":\"Evelyne Aschwanden\"},\"url\":\"https:\/\/listings.mybikeplan.ch\/fr\/author\/evelyne-mybikeplan\/\"}]}<\/script>\n<!-- \/ Yoast SEO plugin. -->","yoast_head_json":{"title":"Cilo : des v\u00e9los \u00e9lectriques de Suisse","description":"Voil\u00e0 ce que sont les v\u00e9los \u00e9lectriques Cilo ! Nous te montrons ce qui rend la marque de v\u00e9los suisse si sp\u00e9ciale.","robots":{"index":"noindex","follow":"follow","max-snippet":"max-snippet:-1","max-image-preview":"max-image-preview:large","max-video-preview":"max-video-preview:-1"},"og_locale":"fr_FR","og_type":"article","og_title":"Cilo : des v\u00e9los \u00e9lectriques de Suisse","og_description":"Voil\u00e0 ce que sont les v\u00e9los \u00e9lectriques Cilo ! Nous te montrons ce qui rend la marque de v\u00e9los suisse si sp\u00e9ciale.","og_url":"https:\/\/listings.mybikeplan.ch\/fr\/non-classifiee\/cilo-des-velos-electriques-de-haute-qualite-en-provenance-de-suisse\/","og_site_name":"MyBikePlan","article_published_time":"2023-08-03T09:13:19+00:00","article_modified_time":"2023-08-16T13:13:26+00:00","og_image":[{"width":1640,"height":924,"url":"https:\/\/listings.mybikeplan.ch\/wp-content\/uploads\/2023\/08\/1.jpg","type":"image\/jpeg"}],"author":"Evelyne Aschwanden","twitter_card":"summary_large_image","twitter_misc":{"\u00c9crit par":"Evelyne Aschwanden","Dur\u00e9e de lecture estim\u00e9e":"3 minutes"},"schema":{"@context":"https:\/\/schema.org","@graph":[{"@type":"WebPage","@id":"https:\/\/listings.mybikeplan.ch\/fr\/non-classifiee\/cilo-des-velos-electriques-de-haute-qualite-en-provenance-de-suisse\/","url":"https:\/\/listings.mybikeplan.ch\/fr\/non-classifiee\/cilo-des-velos-electriques-de-haute-qualite-en-provenance-de-suisse\/","name":"Cilo : des v\u00e9los \u00e9lectriques de Suisse","isPartOf":{"@id":"https:\/\/listings.mybikeplan.ch\/fr\/#website"},"primaryImageOfPage":{"@id":"https:\/\/listings.mybikeplan.ch\/fr\/non-classifiee\/cilo-des-velos-electriques-de-haute-qualite-en-provenance-de-suisse\/#primaryimage"},"image":{"@id":"https:\/\/listings.mybikeplan.ch\/fr\/non-classifiee\/cilo-des-velos-electriques-de-haute-qualite-en-provenance-de-suisse\/#primaryimage"},"thumbnailUrl":"https:\/\/listings.mybikeplan.ch\/wp-content\/uploads\/2023\/08\/1.jpg","datePublished":"2023-08-03T09:13:19+00:00","dateModified":"2023-08-16T13:13:26+00:00","author":{"@id":"https:\/\/listings.mybikeplan.ch\/fr\/#\/schema\/person\/514a6130749cc58319f751509338dafd"},"description":"Voil\u00e0 ce que sont les v\u00e9los \u00e9lectriques Cilo ! Nous te montrons ce qui rend la marque de v\u00e9los suisse si sp\u00e9ciale.","breadcrumb":{"@id":"https:\/\/listings.mybikeplan.ch\/fr\/non-classifiee\/cilo-des-velos-electriques-de-haute-qualite-en-provenance-de-suisse\/#breadcrumb"},"inLanguage":"fr-FR","potentialAction":[{"@type":"ReadAction","target":["https:\/\/listings.mybikeplan.ch\/fr\/non-classifiee\/cilo-des-velos-electriques-de-haute-qualite-en-provenance-de-suisse\/"]}]},{"@type":"ImageObject","inLanguage":"fr-FR","@id":"https:\/\/listings.mybikeplan.ch\/fr\/non-classifiee\/cilo-des-velos-electriques-de-haute-qualite-en-provenance-de-suisse\/#primaryimage","url":"https:\/\/listings.mybikeplan.ch\/wp-content\/uploads\/2023\/08\/1.jpg","contentUrl":"https:\/\/listings.mybikeplan.ch\/wp-content\/uploads\/2023\/08\/1.jpg","width":1640,"height":924,"caption":"Cilo E-Bikes"},{"@type":"BreadcrumbList","@id":"https:\/\/listings.mybikeplan.ch\/fr\/non-classifiee\/cilo-des-velos-electriques-de-haute-qualite-en-provenance-de-suisse\/#breadcrumb","itemListElement":[{"@type":"ListItem","position":1,"name":"Home","item":"https:\/\/listings.mybikeplan.ch\/fr\/home\/"},{"@type":"ListItem","position":2,"name":"Cilo : des v\u00e9los \u00e9lectriques de haute qualit\u00e9 en provenance de Suisse"}]},{"@type":"WebSite","@id":"https:\/\/listings.mybikeplan.ch\/fr\/#website","url":"https:\/\/listings.mybikeplan.ch\/fr\/","name":"MyBikePlan","description":"","potentialAction":[{"@type":"SearchAction","target":{"@type":"EntryPoint","urlTemplate":"https:\/\/listings.mybikeplan.ch\/fr\/?s={search_term_string}"},"query-input":{"@type":"PropertyValueSpecification","valueRequired":true,"valueName":"search_term_string"}}],"inLanguage":"fr-FR"},{"@type":"Person","@id":"https:\/\/listings.mybikeplan.ch\/fr\/#\/schema\/person\/514a6130749cc58319f751509338dafd","name":"Evelyne Aschwanden","image":{"@type":"ImageObject","inLanguage":"fr-FR","@id":"https:\/\/listings.mybikeplan.ch\/fr\/#\/schema\/person\/image\/","url":"https:\/\/secure.gravatar.com\/avatar\/73f0cad78e1012b10bb7c10f05a99be7009e6621353849483b51025ae56a6b37?s=96&d=mm&r=g","contentUrl":"https:\/\/secure.gravatar.com\/avatar\/73f0cad78e1012b10bb7c10f05a99be7009e6621353849483b51025ae56a6b37?s=96&d=mm&r=g","caption":"Evelyne Aschwanden"},"url":"https:\/\/listings.mybikeplan.ch\/fr\/author\/evelyne-mybikeplan\/"}]}},"locale":"fr","_links":{"self":[{"href":"https:\/\/listings.mybikeplan.ch\/fr\/wp-json\/wp\/v2\/posts\/37092","targetHints":{"allow":["GET"]}}],"collection":[{"href":"https:\/\/listings.mybikeplan.ch\/fr\/wp-json\/wp\/v2\/posts"}],"about":[{"href":"https:\/\/listings.mybikeplan.ch\/fr\/wp-json\/wp\/v2\/types\/post"}],"author":[{"embeddable":true,"href":"https:\/\/listings.mybikeplan.ch\/fr\/wp-json\/wp\/v2\/users\/15"}],"replies":[{"embeddable":true,"href":"https:\/\/listings.mybikeplan.ch\/fr\/wp-json\/wp\/v2\/comments?post=37092"}],"version-history":[{"count":1,"href":"https:\/\/listings.mybikeplan.ch\/fr\/wp-json\/wp\/v2\/posts\/37092\/revisions"}],"predecessor-version":[{"id":37093,"href":"https:\/\/listings.mybikeplan.ch\/fr\/wp-json\/wp\/v2\/posts\/37092\/revisions\/37093"}],"wp:featuredmedia":[{"embeddable":true,"href":"https:\/\/listings.mybikeplan.ch\/fr\/wp-json\/wp\/v2\/media\/37090"}],"wp:attachment":[{"href":"https:\/\/listings.mybikeplan.ch\/fr\/wp-json\/wp\/v2\/media?parent=37092"}],"wp:term":[{"taxonomy":"category","embeddable":true,"href":"https:\/\/listings.mybikeplan.ch\/fr\/wp-json\/wp\/v2\/categories?post=37092"},{"taxonomy":"post_tag","embeddable":true,"href":"https:\/\/listings.mybikeplan.ch\/fr\/wp-json\/wp\/v2\/tags?post=37092"}],"curies":[{"name":"wp","href":"https:\/\/api.w.org\/{rel}","templated":true}]}}