{"id":36010,"date":"2023-07-20T07:37:43","date_gmt":"2023-07-20T07:37:43","guid":{"rendered":"https:\/\/listings.mybikeplan.ch\/?p=36010"},"modified":"2023-08-16T13:13:39","modified_gmt":"2023-08-16T13:13:39","slug":"les-3-plus-beaux-lieux-de-baignade-suisses-que-tu-pourras-atteindre-en-velo-electrique-en-2023","status":"publish","type":"post","link":"https:\/\/listings.mybikeplan.ch\/fr\/non-classifiee\/les-3-plus-beaux-lieux-de-baignade-suisses-que-tu-pourras-atteindre-en-velo-electrique-en-2023\/","title":{"rendered":"Les 3 plus beaux lieux de baignade suisses que tu pourras atteindre en v\u00e9lo \u00e9lectrique en 2023."},"content":{"rendered":"\n<p>L&rsquo;\u00e9t\u00e9 est l\u00e0 &#8211; c&rsquo;est le moment d&rsquo;aller \u00e0 la baignade, de d\u00e9guster des glaces et de profiter du soleil ! Voici les plus beaux lieux de baignade suisses que tu pourras atteindre avec ton v\u00e9lo \u00e9lectrique en 2023 !<\/p>\n\n\n\n<h2 class=\"wp-block-heading\">Isleten, Uri<\/h2>\n\n\n\n<figure class=\"wp-block-image size-large\"><a href=\"https:\/\/listings.mybikeplan.ch\/wp-content\/uploads\/2023\/07\/Isleten-Uri-1024x577.jpg\"><img loading=\"lazy\" decoding=\"async\" width=\"1024\" height=\"577\" src=\"https:\/\/listings.mybikeplan.ch\/wp-content\/uploads\/2023\/07\/Isleten-Uri-1024x577.jpg\" alt=\"\" class=\"wp-image-35997\" srcset=\"https:\/\/listings.mybikeplan.ch\/wp-content\/uploads\/2023\/07\/Isleten-Uri-1024x577.jpg 1024w, https:\/\/listings.mybikeplan.ch\/wp-content\/uploads\/2023\/07\/Isleten-Uri-555x313.jpg 555w, https:\/\/listings.mybikeplan.ch\/wp-content\/uploads\/2023\/07\/Isleten-Uri-570x320.jpg 570w, https:\/\/listings.mybikeplan.ch\/wp-content\/uploads\/2023\/07\/Isleten-Uri-768x433.jpg 768w, https:\/\/listings.mybikeplan.ch\/wp-content\/uploads\/2023\/07\/Isleten-Uri-1536x865.jpg 1536w, https:\/\/listings.mybikeplan.ch\/wp-content\/uploads\/2023\/07\/Isleten-Uri-666x375.jpg 666w, https:\/\/listings.mybikeplan.ch\/wp-content\/uploads\/2023\/07\/Isleten-Uri.jpg 1640w\" sizes=\"auto, (max-width: 1024px) 100vw, 1024px\" \/><\/a><\/figure>\n\n\n\n<p>En t\u00eate de notre liste des plus beaux lieux de baignade se trouve Isleten dans le canton d&rsquo;Uri. Ce petit coin du lac des Quatre-Cantons est encore presque totalement inconnu et est surtout utilis\u00e9 par les locaux. La plage de baignade se compose de grands bancs de gravier et d&rsquo;un delta de ruisseau. Il ne faut pas s&rsquo;attendre \u00e0 beaucoup de luxe ici, \u00e0 part quelques foyers, mais \u00e0 beaucoup de calme et un paysage unique qui, en raison de sa situation g\u00e9ographique particuli\u00e8re, pr\u00e9sente m\u00eame des temp\u00e9ratures et des plantes m\u00e9diterran\u00e9ennes.<\/p>\n\n\n\n<p>Il n&rsquo;est pas seulement possible de se baigner gratuitement ici &#8211; ces derni\u00e8res ann\u00e9es, l&rsquo;Isleten est devenue un v\u00e9ritable conseil d&rsquo;initi\u00e9 pour les surfeurs.<\/p>\n\n\n\n<p>Tu trouveras d&rsquo;autres possibilit\u00e9s de baignade au sud de l&rsquo;Isleten dans la plage \u00e0 c\u00f4t\u00e9 du restaurant Seegarten.<\/p>\n\n\n\n<p>Le trajet jusqu&rsquo;\u00e0 l&rsquo;Isleten fait d&rsquo;ailleurs partie des plus belles balades que l&rsquo;on peut faire en v\u00e9lo \u00e9lectrique en 2023. Notre conseil serait de commencer \u00e0 Brunnen SZ &#8211; la localit\u00e9 est super bien desservie par les transports publics depuis toutes les villes suisses. Depuis Brunnen, il suffit de suivre la rive du lac en direction de Fl\u00fcelen et d&rsquo;admirer les monuments historiques comme la Tellsplatte. De Fl\u00fcelen, tu traverses le delta de la Reuss jusqu&rsquo;\u00e0 Isleten. Ensuite, de Bauen, le bateau te ram\u00e8nera au point de d\u00e9part.<\/p>\n\n\n\n<h2 class=\"wp-block-heading\">Lac de Greifensee, Zurich<\/h2>\n\n\n\n<figure class=\"wp-block-image size-large\"><a href=\"https:\/\/listings.mybikeplan.ch\/wp-content\/uploads\/2023\/07\/Greifensee-1024x577.jpg\"><img loading=\"lazy\" decoding=\"async\" width=\"1024\" height=\"577\" src=\"https:\/\/listings.mybikeplan.ch\/wp-content\/uploads\/2023\/07\/Greifensee-1024x577.jpg\" alt=\"\" class=\"wp-image-36000\" srcset=\"https:\/\/listings.mybikeplan.ch\/wp-content\/uploads\/2023\/07\/Greifensee-1024x577.jpg 1024w, https:\/\/listings.mybikeplan.ch\/wp-content\/uploads\/2023\/07\/Greifensee-555x313.jpg 555w, https:\/\/listings.mybikeplan.ch\/wp-content\/uploads\/2023\/07\/Greifensee-570x320.jpg 570w, https:\/\/listings.mybikeplan.ch\/wp-content\/uploads\/2023\/07\/Greifensee-768x433.jpg 768w, https:\/\/listings.mybikeplan.ch\/wp-content\/uploads\/2023\/07\/Greifensee-1536x865.jpg 1536w, https:\/\/listings.mybikeplan.ch\/wp-content\/uploads\/2023\/07\/Greifensee-666x375.jpg 666w, https:\/\/listings.mybikeplan.ch\/wp-content\/uploads\/2023\/07\/Greifensee.jpg 1640w\" sizes=\"auto, (max-width: 1024px) 100vw, 1024px\" \/><\/a><\/figure>\n\n\n\n<p>Toute la rive du Greifensee est prot\u00e9g\u00e9e. Ainsi, la zone est enti\u00e8rement non am\u00e9nag\u00e9e et n&rsquo;est accessible qu&rsquo;\u00e0 quelques endroits. Les amoureux de la nature* y trouveront donc leur compte. Les lieux de baignade isol\u00e9s sur la rive sont am\u00e9nag\u00e9s avec soin et presque intacts. Si tu le souhaites, tu peux observer les nombreux oiseaux aquatiques en train de nicher.&nbsp;<\/p>\n\n\n\n<p>Si tu souhaites rendre visite au Greifensee en v\u00e9lo \u00e9lectrique 2023, nous te recommandons de faire le tour du lac en v\u00e9lo. Un joli chemin te conduira le long de la rive \u00e0 travers des champs en fleurs, des fermes locales et des paysages de roseaux. En chemin, il vaut la peine de s&rsquo;arr\u00eater aux nombreux points de baignade pour se rafra\u00eechir.&nbsp;<\/p>\n\n\n\n<h2 class=\"wp-block-heading\">Lac de Kl\u00f6ntal<\/h2>\n\n\n\n<figure class=\"wp-block-image size-large\"><a href=\"https:\/\/listings.mybikeplan.ch\/wp-content\/uploads\/2023\/07\/Kloentaler-See-1024x577.jpg\"><img loading=\"lazy\" decoding=\"async\" width=\"1024\" height=\"577\" src=\"https:\/\/listings.mybikeplan.ch\/wp-content\/uploads\/2023\/07\/Kloentaler-See-1024x577.jpg\" alt=\"\" class=\"wp-image-36003\" srcset=\"https:\/\/listings.mybikeplan.ch\/wp-content\/uploads\/2023\/07\/Kloentaler-See-1024x577.jpg 1024w, https:\/\/listings.mybikeplan.ch\/wp-content\/uploads\/2023\/07\/Kloentaler-See-555x313.jpg 555w, https:\/\/listings.mybikeplan.ch\/wp-content\/uploads\/2023\/07\/Kloentaler-See-570x320.jpg 570w, https:\/\/listings.mybikeplan.ch\/wp-content\/uploads\/2023\/07\/Kloentaler-See-768x433.jpg 768w, https:\/\/listings.mybikeplan.ch\/wp-content\/uploads\/2023\/07\/Kloentaler-See-1536x865.jpg 1536w, https:\/\/listings.mybikeplan.ch\/wp-content\/uploads\/2023\/07\/Kloentaler-See-666x375.jpg 666w, https:\/\/listings.mybikeplan.ch\/wp-content\/uploads\/2023\/07\/Kloentaler-See.jpg 1640w\" sizes=\"auto, (max-width: 1024px) 100vw, 1024px\" \/><\/a><\/figure>\n\n\n\n<p>Le lac Kl\u00f6ntaler est consid\u00e9r\u00e9 comme l&rsquo;un des plus beaux lacs de Suisse &#8211; et ce n&rsquo;est pas sans raison ! L&rsquo;eau est claire comme du cristal, les rives sont pratiquement vierges et le lac, avec ses hautes parois rocheuses \u00e0 gauche et \u00e0 droite, rappelle un fjord du nord.&nbsp;<\/p>\n\n\n\n<p>Pour ceux qui souhaitent explorer le lac de Kl\u00f6ntal en v\u00e9lo \u00e9lectrique 2023, nous recommandons l&rsquo;itin\u00e9raire \u00e0 partir de Stoos, Schwyz. De l\u00e0, tu montes \u00e0 travers la for\u00eat historique de B\u00f6demer jusqu&rsquo;au col de Pragel, d&rsquo;o\u00f9 le lac est d\u00e9j\u00e0 visible.<\/p>\n\n\n\n<p>Sur la rive, tu trouveras de nombreux restaurants et kiosques pour te restaurer. Ceux qui le souhaitent peuvent aussi camper ici en \u00e9t\u00e9.<\/p>\n\n\n\n<h2 class=\"wp-block-heading\">Quels sont les v\u00e9los \u00e9lectriques les plus adapt\u00e9s pour un tour \u00e0 v\u00e9lo ?&nbsp;<\/h2>\n\n\n\n<p>Bonne question !&nbsp;<\/p>\n\n\n\n<p>Si tu aimes faire de longues randonn\u00e9es ou si tu te prom\u00e8nes dans la nature avec ton v\u00e9lo le week-end, nous te recommanderions personnellement un v\u00e9lo \u00e9lectrique de randonn\u00e9e. Ces v\u00e9los sont tr\u00e8s polyvalents, poss\u00e8dent souvent les moteurs les plus puissants de toutes les cat\u00e9gories de v\u00e9los \u00e9lectriques et sont extr\u00eamement r\u00e9sistants &#8211; les compagnons parfaits pour chaque excursion !<\/p>\n\n\n\n<div class=\"wp-block-buttons is-layout-flex wp-block-buttons-is-layout-flex\">\n<div class=\"wp-block-button\"><a class=\"wp-block-button__link wp-element-button\" href=\"https:\/\/www.mybikeplan.ch\/kategorien\/trekking-e-bikes\">Vers nos v\u00e9los \u00e9lectriques de randonn\u00e9e<\/a><\/div>\n<\/div>\n","protected":false},"excerpt":{"rendered":"<p>L&rsquo;\u00e9t\u00e9 est l\u00e0 &#8211; c&rsquo;est le moment d&rsquo;aller \u00e0 la baignade, de d\u00e9guster des glaces et de profiter du soleil ! Voici les plus beaux lieux de baignade suisses que tu pourras atteindre avec ton v\u00e9lo \u00e9lectrique en 2023 ! Isleten, Uri En t\u00eate de notre liste des plus beaux lieux de baignade se trouve [&hellip;]<\/p>\n","protected":false},"author":15,"featured_media":36008,"comment_status":"open","ping_status":"open","sticky":false,"template":"","format":"standard","meta":{"_acf_changed":false,"footnotes":""},"categories":[4442,291],"tags":[],"class_list":["post-36010","post","type-post","status-publish","format-standard","has-post-thumbnail","hentry","category-mybikeplan-fr","category-non-classifiee"],"acf":[],"yoast_head":"<!-- This site is optimized with the Yoast SEO plugin v24.5 - https:\/\/yoast.com\/wordpress\/plugins\/seo\/ -->\n<title>Les plus beaux lieux de baignade suisses<\/title>\n<meta name=\"description\" content=\"Voici les plus beaux lieux de baignade que tu pourras atteindre avec ton v\u00e9lo \u00e9lectrique !\" \/>\n<meta name=\"robots\" content=\"noindex, follow, max-snippet:-1, max-image-preview:large, max-video-preview:-1\" \/>\n<meta property=\"og:locale\" content=\"fr_FR\" \/>\n<meta property=\"og:type\" content=\"article\" \/>\n<meta property=\"og:title\" content=\"Les plus beaux lieux de baignade suisses\" \/>\n<meta property=\"og:description\" content=\"Voici les plus beaux lieux de baignade que tu pourras atteindre avec ton v\u00e9lo \u00e9lectrique !\" \/>\n<meta property=\"og:url\" content=\"https:\/\/listings.mybikeplan.ch\/fr\/non-classifiee\/les-3-plus-beaux-lieux-de-baignade-suisses-que-tu-pourras-atteindre-en-velo-electrique-en-2023\/\" \/>\n<meta property=\"og:site_name\" content=\"MyBikePlan\" \/>\n<meta property=\"article:published_time\" content=\"2023-07-20T07:37:43+00:00\" \/>\n<meta property=\"article:modified_time\" content=\"2023-08-16T13:13:39+00:00\" \/>\n<meta property=\"og:image\" content=\"https:\/\/listings.mybikeplan.ch\/wp-content\/uploads\/2023\/07\/Badeplatze-Schweiz.jpg\" \/>\n\t<meta property=\"og:image:width\" content=\"1640\" \/>\n\t<meta property=\"og:image:height\" content=\"924\" \/>\n\t<meta property=\"og:image:type\" content=\"image\/jpeg\" \/>\n<meta name=\"author\" content=\"Evelyne Aschwanden\" \/>\n<meta name=\"twitter:card\" content=\"summary_large_image\" \/>\n<meta name=\"twitter:label1\" content=\"\u00c9crit par\" \/>\n\t<meta name=\"twitter:data1\" content=\"Evelyne Aschwanden\" \/>\n\t<meta name=\"twitter:label2\" content=\"Dur\u00e9e de lecture estim\u00e9e\" \/>\n\t<meta name=\"twitter:data2\" content=\"3 minutes\" \/>\n<script type=\"application\/ld+json\" class=\"yoast-schema-graph\">{\"@context\":\"https:\/\/schema.org\",\"@graph\":[{\"@type\":\"WebPage\",\"@id\":\"https:\/\/listings.mybikeplan.ch\/fr\/non-classifiee\/les-3-plus-beaux-lieux-de-baignade-suisses-que-tu-pourras-atteindre-en-velo-electrique-en-2023\/\",\"url\":\"https:\/\/listings.mybikeplan.ch\/fr\/non-classifiee\/les-3-plus-beaux-lieux-de-baignade-suisses-que-tu-pourras-atteindre-en-velo-electrique-en-2023\/\",\"name\":\"Les plus beaux lieux de baignade suisses\",\"isPartOf\":{\"@id\":\"https:\/\/listings.mybikeplan.ch\/fr\/#website\"},\"primaryImageOfPage\":{\"@id\":\"https:\/\/listings.mybikeplan.ch\/fr\/non-classifiee\/les-3-plus-beaux-lieux-de-baignade-suisses-que-tu-pourras-atteindre-en-velo-electrique-en-2023\/#primaryimage\"},\"image\":{\"@id\":\"https:\/\/listings.mybikeplan.ch\/fr\/non-classifiee\/les-3-plus-beaux-lieux-de-baignade-suisses-que-tu-pourras-atteindre-en-velo-electrique-en-2023\/#primaryimage\"},\"thumbnailUrl\":\"https:\/\/listings.mybikeplan.ch\/wp-content\/uploads\/2023\/07\/Badeplatze-Schweiz.jpg\",\"datePublished\":\"2023-07-20T07:37:43+00:00\",\"dateModified\":\"2023-08-16T13:13:39+00:00\",\"author\":{\"@id\":\"https:\/\/listings.mybikeplan.ch\/fr\/#\/schema\/person\/514a6130749cc58319f751509338dafd\"},\"description\":\"Voici les plus beaux lieux de baignade que tu pourras atteindre avec ton v\u00e9lo \u00e9lectrique !\",\"breadcrumb\":{\"@id\":\"https:\/\/listings.mybikeplan.ch\/fr\/non-classifiee\/les-3-plus-beaux-lieux-de-baignade-suisses-que-tu-pourras-atteindre-en-velo-electrique-en-2023\/#breadcrumb\"},\"inLanguage\":\"fr-FR\",\"potentialAction\":[{\"@type\":\"ReadAction\",\"target\":[\"https:\/\/listings.mybikeplan.ch\/fr\/non-classifiee\/les-3-plus-beaux-lieux-de-baignade-suisses-que-tu-pourras-atteindre-en-velo-electrique-en-2023\/\"]}]},{\"@type\":\"ImageObject\",\"inLanguage\":\"fr-FR\",\"@id\":\"https:\/\/listings.mybikeplan.ch\/fr\/non-classifiee\/les-3-plus-beaux-lieux-de-baignade-suisses-que-tu-pourras-atteindre-en-velo-electrique-en-2023\/#primaryimage\",\"url\":\"https:\/\/listings.mybikeplan.ch\/wp-content\/uploads\/2023\/07\/Badeplatze-Schweiz.jpg\",\"contentUrl\":\"https:\/\/listings.mybikeplan.ch\/wp-content\/uploads\/2023\/07\/Badeplatze-Schweiz.jpg\",\"width\":1640,\"height\":924},{\"@type\":\"BreadcrumbList\",\"@id\":\"https:\/\/listings.mybikeplan.ch\/fr\/non-classifiee\/les-3-plus-beaux-lieux-de-baignade-suisses-que-tu-pourras-atteindre-en-velo-electrique-en-2023\/#breadcrumb\",\"itemListElement\":[{\"@type\":\"ListItem\",\"position\":1,\"name\":\"Home\",\"item\":\"https:\/\/listings.mybikeplan.ch\/fr\/home\/\"},{\"@type\":\"ListItem\",\"position\":2,\"name\":\"Les 3 plus beaux lieux de baignade suisses que tu pourras atteindre en v\u00e9lo \u00e9lectrique en 2023.\"}]},{\"@type\":\"WebSite\",\"@id\":\"https:\/\/listings.mybikeplan.ch\/fr\/#website\",\"url\":\"https:\/\/listings.mybikeplan.ch\/fr\/\",\"name\":\"MyBikePlan\",\"description\":\"\",\"potentialAction\":[{\"@type\":\"SearchAction\",\"target\":{\"@type\":\"EntryPoint\",\"urlTemplate\":\"https:\/\/listings.mybikeplan.ch\/fr\/?s={search_term_string}\"},\"query-input\":{\"@type\":\"PropertyValueSpecification\",\"valueRequired\":true,\"valueName\":\"search_term_string\"}}],\"inLanguage\":\"fr-FR\"},{\"@type\":\"Person\",\"@id\":\"https:\/\/listings.mybikeplan.ch\/fr\/#\/schema\/person\/514a6130749cc58319f751509338dafd\",\"name\":\"Evelyne Aschwanden\",\"image\":{\"@type\":\"ImageObject\",\"inLanguage\":\"fr-FR\",\"@id\":\"https:\/\/listings.mybikeplan.ch\/fr\/#\/schema\/person\/image\/\",\"url\":\"https:\/\/secure.gravatar.com\/avatar\/73f0cad78e1012b10bb7c10f05a99be7009e6621353849483b51025ae56a6b37?s=96&d=mm&r=g\",\"contentUrl\":\"https:\/\/secure.gravatar.com\/avatar\/73f0cad78e1012b10bb7c10f05a99be7009e6621353849483b51025ae56a6b37?s=96&d=mm&r=g\",\"caption\":\"Evelyne Aschwanden\"},\"url\":\"https:\/\/listings.mybikeplan.ch\/fr\/author\/evelyne-mybikeplan\/\"}]}<\/script>\n<!-- \/ Yoast SEO plugin. -->","yoast_head_json":{"title":"Les plus beaux lieux de baignade suisses","description":"Voici les plus beaux lieux de baignade que tu pourras atteindre avec ton v\u00e9lo \u00e9lectrique !","robots":{"index":"noindex","follow":"follow","max-snippet":"max-snippet:-1","max-image-preview":"max-image-preview:large","max-video-preview":"max-video-preview:-1"},"og_locale":"fr_FR","og_type":"article","og_title":"Les plus beaux lieux de baignade suisses","og_description":"Voici les plus beaux lieux de baignade que tu pourras atteindre avec ton v\u00e9lo \u00e9lectrique !","og_url":"https:\/\/listings.mybikeplan.ch\/fr\/non-classifiee\/les-3-plus-beaux-lieux-de-baignade-suisses-que-tu-pourras-atteindre-en-velo-electrique-en-2023\/","og_site_name":"MyBikePlan","article_published_time":"2023-07-20T07:37:43+00:00","article_modified_time":"2023-08-16T13:13:39+00:00","og_image":[{"width":1640,"height":924,"url":"https:\/\/listings.mybikeplan.ch\/wp-content\/uploads\/2023\/07\/Badeplatze-Schweiz.jpg","type":"image\/jpeg"}],"author":"Evelyne Aschwanden","twitter_card":"summary_large_image","twitter_misc":{"\u00c9crit par":"Evelyne Aschwanden","Dur\u00e9e de lecture estim\u00e9e":"3 minutes"},"schema":{"@context":"https:\/\/schema.org","@graph":[{"@type":"WebPage","@id":"https:\/\/listings.mybikeplan.ch\/fr\/non-classifiee\/les-3-plus-beaux-lieux-de-baignade-suisses-que-tu-pourras-atteindre-en-velo-electrique-en-2023\/","url":"https:\/\/listings.mybikeplan.ch\/fr\/non-classifiee\/les-3-plus-beaux-lieux-de-baignade-suisses-que-tu-pourras-atteindre-en-velo-electrique-en-2023\/","name":"Les plus beaux lieux de baignade suisses","isPartOf":{"@id":"https:\/\/listings.mybikeplan.ch\/fr\/#website"},"primaryImageOfPage":{"@id":"https:\/\/listings.mybikeplan.ch\/fr\/non-classifiee\/les-3-plus-beaux-lieux-de-baignade-suisses-que-tu-pourras-atteindre-en-velo-electrique-en-2023\/#primaryimage"},"image":{"@id":"https:\/\/listings.mybikeplan.ch\/fr\/non-classifiee\/les-3-plus-beaux-lieux-de-baignade-suisses-que-tu-pourras-atteindre-en-velo-electrique-en-2023\/#primaryimage"},"thumbnailUrl":"https:\/\/listings.mybikeplan.ch\/wp-content\/uploads\/2023\/07\/Badeplatze-Schweiz.jpg","datePublished":"2023-07-20T07:37:43+00:00","dateModified":"2023-08-16T13:13:39+00:00","author":{"@id":"https:\/\/listings.mybikeplan.ch\/fr\/#\/schema\/person\/514a6130749cc58319f751509338dafd"},"description":"Voici les plus beaux lieux de baignade que tu pourras atteindre avec ton v\u00e9lo \u00e9lectrique !","breadcrumb":{"@id":"https:\/\/listings.mybikeplan.ch\/fr\/non-classifiee\/les-3-plus-beaux-lieux-de-baignade-suisses-que-tu-pourras-atteindre-en-velo-electrique-en-2023\/#breadcrumb"},"inLanguage":"fr-FR","potentialAction":[{"@type":"ReadAction","target":["https:\/\/listings.mybikeplan.ch\/fr\/non-classifiee\/les-3-plus-beaux-lieux-de-baignade-suisses-que-tu-pourras-atteindre-en-velo-electrique-en-2023\/"]}]},{"@type":"ImageObject","inLanguage":"fr-FR","@id":"https:\/\/listings.mybikeplan.ch\/fr\/non-classifiee\/les-3-plus-beaux-lieux-de-baignade-suisses-que-tu-pourras-atteindre-en-velo-electrique-en-2023\/#primaryimage","url":"https:\/\/listings.mybikeplan.ch\/wp-content\/uploads\/2023\/07\/Badeplatze-Schweiz.jpg","contentUrl":"https:\/\/listings.mybikeplan.ch\/wp-content\/uploads\/2023\/07\/Badeplatze-Schweiz.jpg","width":1640,"height":924},{"@type":"BreadcrumbList","@id":"https:\/\/listings.mybikeplan.ch\/fr\/non-classifiee\/les-3-plus-beaux-lieux-de-baignade-suisses-que-tu-pourras-atteindre-en-velo-electrique-en-2023\/#breadcrumb","itemListElement":[{"@type":"ListItem","position":1,"name":"Home","item":"https:\/\/listings.mybikeplan.ch\/fr\/home\/"},{"@type":"ListItem","position":2,"name":"Les 3 plus beaux lieux de baignade suisses que tu pourras atteindre en v\u00e9lo \u00e9lectrique en 2023."}]},{"@type":"WebSite","@id":"https:\/\/listings.mybikeplan.ch\/fr\/#website","url":"https:\/\/listings.mybikeplan.ch\/fr\/","name":"MyBikePlan","description":"","potentialAction":[{"@type":"SearchAction","target":{"@type":"EntryPoint","urlTemplate":"https:\/\/listings.mybikeplan.ch\/fr\/?s={search_term_string}"},"query-input":{"@type":"PropertyValueSpecification","valueRequired":true,"valueName":"search_term_string"}}],"inLanguage":"fr-FR"},{"@type":"Person","@id":"https:\/\/listings.mybikeplan.ch\/fr\/#\/schema\/person\/514a6130749cc58319f751509338dafd","name":"Evelyne Aschwanden","image":{"@type":"ImageObject","inLanguage":"fr-FR","@id":"https:\/\/listings.mybikeplan.ch\/fr\/#\/schema\/person\/image\/","url":"https:\/\/secure.gravatar.com\/avatar\/73f0cad78e1012b10bb7c10f05a99be7009e6621353849483b51025ae56a6b37?s=96&d=mm&r=g","contentUrl":"https:\/\/secure.gravatar.com\/avatar\/73f0cad78e1012b10bb7c10f05a99be7009e6621353849483b51025ae56a6b37?s=96&d=mm&r=g","caption":"Evelyne Aschwanden"},"url":"https:\/\/listings.mybikeplan.ch\/fr\/author\/evelyne-mybikeplan\/"}]}},"locale":"fr","_links":{"self":[{"href":"https:\/\/listings.mybikeplan.ch\/fr\/wp-json\/wp\/v2\/posts\/36010","targetHints":{"allow":["GET"]}}],"collection":[{"href":"https:\/\/listings.mybikeplan.ch\/fr\/wp-json\/wp\/v2\/posts"}],"about":[{"href":"https:\/\/listings.mybikeplan.ch\/fr\/wp-json\/wp\/v2\/types\/post"}],"author":[{"embeddable":true,"href":"https:\/\/listings.mybikeplan.ch\/fr\/wp-json\/wp\/v2\/users\/15"}],"replies":[{"embeddable":true,"href":"https:\/\/listings.mybikeplan.ch\/fr\/wp-json\/wp\/v2\/comments?post=36010"}],"version-history":[{"count":2,"href":"https:\/\/listings.mybikeplan.ch\/fr\/wp-json\/wp\/v2\/posts\/36010\/revisions"}],"predecessor-version":[{"id":37186,"href":"https:\/\/listings.mybikeplan.ch\/fr\/wp-json\/wp\/v2\/posts\/36010\/revisions\/37186"}],"wp:featuredmedia":[{"embeddable":true,"href":"https:\/\/listings.mybikeplan.ch\/fr\/wp-json\/wp\/v2\/media\/36008"}],"wp:attachment":[{"href":"https:\/\/listings.mybikeplan.ch\/fr\/wp-json\/wp\/v2\/media?parent=36010"}],"wp:term":[{"taxonomy":"category","embeddable":true,"href":"https:\/\/listings.mybikeplan.ch\/fr\/wp-json\/wp\/v2\/categories?post=36010"},{"taxonomy":"post_tag","embeddable":true,"href":"https:\/\/listings.mybikeplan.ch\/fr\/wp-json\/wp\/v2\/tags?post=36010"}],"curies":[{"name":"wp","href":"https:\/\/api.w.org\/{rel}","templated":true}]}}