{"id":35487,"date":"2023-06-22T13:58:10","date_gmt":"2023-06-22T13:58:10","guid":{"rendered":"https:\/\/listings.mybikeplan.ch\/?p=35487"},"modified":"2023-08-16T13:14:00","modified_gmt":"2023-08-16T13:14:00","slug":"specialized-e-bikes-la-marque-de-velos-passee-au-crible","status":"publish","type":"post","link":"https:\/\/listings.mybikeplan.ch\/fr\/non-classifiee\/specialized-e-bikes-la-marque-de-velos-passee-au-crible\/","title":{"rendered":"Specialized E-Bikes : la marque de v\u00e9los pass\u00e9e au crible"},"content":{"rendered":"\n<p>Chez MyBikePlan, nous sommes de grands fans des v\u00e9los \u00e9lectriques Specialized : les v\u00e9los \u00e9lectriques de la c\u00e9l\u00e8bre marque enthousiasment par leurs composants de haute qualit\u00e9, leur innovation impressionnante et leurs caract\u00e9ristiques ultramodernes.&nbsp;<\/p>\n\n\n\n<p>Il y a beaucoup de bonnes raisons d&rsquo;aimer les v\u00e9los \u00e9lectriques Specialized &#8211; nous t&rsquo;en montrons quelques-unes dans le post de blog suivant !<\/p>\n\n\n\n<h2 class=\"wp-block-heading\">Du fabricant de pneus de randonn\u00e9e aux v\u00e9los \u00e9lectriques Specialized<\/h2>\n\n\n\n<p>\u00ab\u00a0Par des riders, pour des riders\u00a0\u00bb &#8211; selon cette devise, Specialized d\u00e9veloppe des v\u00e9los \u00e9lectriques qui r\u00e9pondent exactement aux besoins des cyclistes*. Avec sa passion pour l&rsquo;innovation et son engagement pour l&rsquo;excellence, l&rsquo;entreprise est devenue l&rsquo;un des noms les plus importants dans le monde du cyclisme.<\/p>\n\n\n\n<p>L&rsquo;histoire des v\u00e9los \u00e9lectriques Specialized commence en 1974, lorsque l&rsquo;entreprise est fond\u00e9e par l&rsquo;Am\u00e9ricain Mike Sinyard. Au d\u00e9but, Specialized ne fabriquait pas encore de v\u00e9los, mais seulement des pneus de randonn\u00e9e.<\/p>\n\n\n\n<p>Ce n&rsquo;est qu&rsquo;en 1981 que Specialized est devenu c\u00e9l\u00e8bre, lorsque l&rsquo;\u00e9quipe a lanc\u00e9 le premier VTT produit en s\u00e9rie, le Stumpjumper, qui \u00e9tait alors r\u00e9volutionnaire. Il n&rsquo;a pas fallu longtemps pour que le nom de Specialized pour les VTT devienne \u00e9galement connu au niveau international.<\/p>\n\n\n\n<p>L&rsquo;innovation a marqu\u00e9 l&rsquo;entreprise d\u00e8s le d\u00e9but : Ainsi, en 1989, Specialized a construit le premier VTT avec un cadre en plastique renforc\u00e9 de fibres de carbone.<\/p>\n\n\n\n<p>Pendant longtemps, Specialized s&rsquo;est focalis\u00e9 sur les VTT. Ce n&rsquo;est que dans les ann\u00e9es 1990 qu&rsquo;elle a commenc\u00e9 \u00e0 fabriquer des v\u00e9los urbains et, plus tard, des v\u00e9los \u00e9lectriques Specialized. La marque est \u00e9galement l&rsquo;une des entreprises leaders en mati\u00e8re d&rsquo;optimisation de v\u00e9los : gr\u00e2ce \u00e0 leur syst\u00e8me sophistiqu\u00e9, ils ont am\u00e9lior\u00e9 durablement les performances d&rsquo;innombrables athl\u00e8tes de haut niveau*.<\/p>\n\n\n\n<p>Depuis 2017, Specialized n&rsquo;est pas seulement pr\u00e9sent aux Etats-Unis, mais aussi en Allemagne avec son propre site.<\/p>\n\n\n\n<figure class=\"wp-block-image size-large\"><a href=\"https:\/\/listings.mybikeplan.ch\/wp-content\/uploads\/2023\/06\/Blog-Header-16-1024x577.jpg\"><img loading=\"lazy\" decoding=\"async\" width=\"1024\" height=\"577\" src=\"https:\/\/listings.mybikeplan.ch\/wp-content\/uploads\/2023\/06\/Blog-Header-16-1024x577.jpg\" alt=\"Specialized E-Bikes\" class=\"wp-image-35474\" srcset=\"https:\/\/listings.mybikeplan.ch\/wp-content\/uploads\/2023\/06\/Blog-Header-16-1024x577.jpg 1024w, https:\/\/listings.mybikeplan.ch\/wp-content\/uploads\/2023\/06\/Blog-Header-16-555x313.jpg 555w, https:\/\/listings.mybikeplan.ch\/wp-content\/uploads\/2023\/06\/Blog-Header-16-570x320.jpg 570w, https:\/\/listings.mybikeplan.ch\/wp-content\/uploads\/2023\/06\/Blog-Header-16-768x433.jpg 768w, https:\/\/listings.mybikeplan.ch\/wp-content\/uploads\/2023\/06\/Blog-Header-16-1536x865.jpg 1536w, https:\/\/listings.mybikeplan.ch\/wp-content\/uploads\/2023\/06\/Blog-Header-16-666x375.jpg 666w, https:\/\/listings.mybikeplan.ch\/wp-content\/uploads\/2023\/06\/Blog-Header-16.jpg 1640w\" sizes=\"auto, (max-width: 1024px) 100vw, 1024px\" \/><\/a><\/figure>\n\n\n\n<h2 class=\"wp-block-heading\">Pourquoi nous aimons les v\u00e9los \u00e9lectriques Specialized<\/h2>\n\n\n\n<p><strong>Une marque qui a fait ses preuves<\/strong><\/p>\n\n\n\n<p>Les v\u00e9los \u00e9lectriques Specialized convainquent par ce qui caract\u00e9rise l&rsquo;entreprise depuis pr\u00e8s de 50 ans : Innovation, qualit\u00e9 sup\u00e9rieure et des v\u00e9los qui r\u00e9pondent exactement aux besoins des riders*.<\/p>\n\n\n\n<p><strong>Par des riders, pour des riders<\/strong><\/p>\n\n\n\n<p>Depuis les d\u00e9buts de l&rsquo;entreprise, Specialized s&rsquo;oriente vers ce que les coureurs demandent et ce qui manque encore sur le march\u00e9.<\/p>\n\n\n\n<p><strong>Plus qu&rsquo;un simple revendeur de v\u00e9los<\/strong><\/p>\n\n\n\n<p>Specialized s&rsquo;engage de diff\u00e9rentes mani\u00e8res dans le monde du v\u00e9lo. L&rsquo;entreprise ne se contente pas de sponsoriser de nombreux coureurs, elle a aussi \u00e9t\u00e9 l&rsquo;une des voix les plus importantes dans la mise en place de pistes de VTT dans les ann\u00e9es 80.<\/p>\n\n\n\n<h2 class=\"wp-block-heading\">D\u00e9couvre nos v\u00e9los \u00e9lectriques Specialized<\/h2>\n\n\n\n<p>Notre s\u00e9lection de v\u00e9los \u00e9lectriques Specialized sur notre site web change r\u00e9guli\u00e8rement. Cela vaut donc la peine de revenir r\u00e9guli\u00e8rement (<a href=\"https:\/\/share.hsforms.com\/1kbxNSkteSn23O5OkfICPeA42zet?__hstc=157387621.cf180c3c66cf68823f06e2d162b3c5e4.1664438295092.1687414887163.1687418873267.470&amp;__hssc=157387621.5.1687418873267&amp;__hsfp=1271058408\">ou de s&rsquo;abonner \u00e0 notre newsletter<\/a>) pour ne plus rien manquer.<\/p>\n\n\n\n<p>Ci-dessous, nous te pr\u00e9sentons une s\u00e9lection de nos v\u00e9los pr\u00e9f\u00e9r\u00e9s de Specialized !<\/p>\n\n\n\n<h2 class=\"wp-block-heading\">Specialized Turbo Como SL 4.0 Rouge<\/h2>\n\n\n\n<figure class=\"wp-block-image size-large\"><a href=\"https:\/\/www.mybikeplan.ch\/produkt\/specialized-turbo-como-sl-4-0-red\"><img loading=\"lazy\" decoding=\"async\" width=\"1024\" height=\"577\" src=\"https:\/\/listings.mybikeplan.ch\/wp-content\/uploads\/2023\/06\/Blog-Header-18-1024x577.jpg\" alt=\"\" class=\"wp-image-35477\" srcset=\"https:\/\/listings.mybikeplan.ch\/wp-content\/uploads\/2023\/06\/Blog-Header-18-1024x577.jpg 1024w, https:\/\/listings.mybikeplan.ch\/wp-content\/uploads\/2023\/06\/Blog-Header-18-555x313.jpg 555w, https:\/\/listings.mybikeplan.ch\/wp-content\/uploads\/2023\/06\/Blog-Header-18-570x320.jpg 570w, https:\/\/listings.mybikeplan.ch\/wp-content\/uploads\/2023\/06\/Blog-Header-18-768x433.jpg 768w, https:\/\/listings.mybikeplan.ch\/wp-content\/uploads\/2023\/06\/Blog-Header-18-1536x865.jpg 1536w, https:\/\/listings.mybikeplan.ch\/wp-content\/uploads\/2023\/06\/Blog-Header-18-666x375.jpg 666w, https:\/\/listings.mybikeplan.ch\/wp-content\/uploads\/2023\/06\/Blog-Header-18.jpg 1640w\" sizes=\"auto, (max-width: 1024px) 100vw, 1024px\" \/><\/a><\/figure>\n\n\n\n<p>Le Specialized Turbo Como SL 4.0 est ton compagnon id\u00e9al pour les aventures d\u00e9contract\u00e9es en ville ! En tant que poids plume, tu peux le porter sans effort dans les escaliers et le charger avec toutes les n\u00e9cessit\u00e9s de la vie.<\/p>\n\n\n\n<div class=\"wp-block-buttons is-layout-flex wp-block-buttons-is-layout-flex\">\n<div class=\"wp-block-button\"><a class=\"wp-block-button__link wp-element-button\" href=\"https:\/\/www.mybikeplan.ch\/produkt\/specialized-turbo-como-sl-4-0-red\">d\u00e9couvre ce v\u00e9lo \u00e9lectrique<\/a><\/div>\n<\/div>\n\n\n\n<h2 class=\"wp-block-heading\">Specialized Turbo Vado SL 5.0 Gris<\/h2>\n\n\n\n<figure class=\"wp-block-image size-large\"><a href=\"https:\/\/www.mybikeplan.ch\/produkt\/specialized-turbo-vado-sl-5-0-grey\"><img loading=\"lazy\" decoding=\"async\" width=\"1024\" height=\"577\" src=\"https:\/\/listings.mybikeplan.ch\/wp-content\/uploads\/2023\/06\/Blog-Header-19-1024x577.jpg\" alt=\"\" class=\"wp-image-35480\" srcset=\"https:\/\/listings.mybikeplan.ch\/wp-content\/uploads\/2023\/06\/Blog-Header-19-1024x577.jpg 1024w, https:\/\/listings.mybikeplan.ch\/wp-content\/uploads\/2023\/06\/Blog-Header-19-555x313.jpg 555w, https:\/\/listings.mybikeplan.ch\/wp-content\/uploads\/2023\/06\/Blog-Header-19-570x320.jpg 570w, https:\/\/listings.mybikeplan.ch\/wp-content\/uploads\/2023\/06\/Blog-Header-19-768x433.jpg 768w, https:\/\/listings.mybikeplan.ch\/wp-content\/uploads\/2023\/06\/Blog-Header-19-1536x865.jpg 1536w, https:\/\/listings.mybikeplan.ch\/wp-content\/uploads\/2023\/06\/Blog-Header-19-666x375.jpg 666w, https:\/\/listings.mybikeplan.ch\/wp-content\/uploads\/2023\/06\/Blog-Header-19.jpg 1640w\" sizes=\"auto, (max-width: 1024px) 100vw, 1024px\" \/><\/a><\/figure>\n\n\n\n<p>Le Specialized Turbo Vado SL 5.0 est un v\u00e9lo \u00e9lectrique polyvalent qui se joue de tous les terrains, qu&rsquo;il s&rsquo;agisse d&rsquo;asphalte, de gravier ou de chemins forestiers. Il est donc le compagnon id\u00e9al pour chaque aventure !<\/p>\n\n\n\n<div class=\"wp-block-buttons is-layout-flex wp-block-buttons-is-layout-flex\">\n<div class=\"wp-block-button\"><a class=\"wp-block-button__link wp-element-button\" href=\"https:\/\/www.mybikeplan.ch\/produkt\/specialized-turbo-vado-sl-5-0-grey\">d\u00e9couvre ce v\u00e9lo \u00e9lectrique<\/a><\/div>\n<\/div>\n\n\n\n<h2 class=\"wp-block-heading\">Specialized Turbo Levo SL Comp Alloy Bleu<\/h2>\n\n\n\n<figure class=\"wp-block-image size-large\"><a href=\"https:\/\/www.mybikeplan.ch\/produkt\/specialized-turbo-levo-sl-comp-alloy-blue\"><img loading=\"lazy\" decoding=\"async\" width=\"1024\" height=\"577\" src=\"https:\/\/listings.mybikeplan.ch\/wp-content\/uploads\/2023\/06\/Blog-Header-20-1024x577.jpg\" alt=\"\" class=\"wp-image-35483\" srcset=\"https:\/\/listings.mybikeplan.ch\/wp-content\/uploads\/2023\/06\/Blog-Header-20-1024x577.jpg 1024w, https:\/\/listings.mybikeplan.ch\/wp-content\/uploads\/2023\/06\/Blog-Header-20-555x313.jpg 555w, https:\/\/listings.mybikeplan.ch\/wp-content\/uploads\/2023\/06\/Blog-Header-20-570x320.jpg 570w, https:\/\/listings.mybikeplan.ch\/wp-content\/uploads\/2023\/06\/Blog-Header-20-768x433.jpg 768w, https:\/\/listings.mybikeplan.ch\/wp-content\/uploads\/2023\/06\/Blog-Header-20-1536x865.jpg 1536w, https:\/\/listings.mybikeplan.ch\/wp-content\/uploads\/2023\/06\/Blog-Header-20-666x375.jpg 666w, https:\/\/listings.mybikeplan.ch\/wp-content\/uploads\/2023\/06\/Blog-Header-20.jpg 1640w\" sizes=\"auto, (max-width: 1024px) 100vw, 1024px\" \/><\/a><\/figure>\n\n\n\n<p>Pr\u00eat pour une nouvelle g\u00e9n\u00e9ration de v\u00e9los \u00e9lectriques de montagne ? Le Specialized Turbo Levo SL Comp Alloy est un Stumpjumper qui peut tout faire et qui propulse ton plaisir et tes performances \u00e0 un tout nouveau niveau !<\/p>\n\n\n\n<div class=\"wp-block-buttons is-layout-flex wp-block-buttons-is-layout-flex\">\n<div class=\"wp-block-button\"><a class=\"wp-block-button__link wp-element-button\" href=\"https:\/\/www.mybikeplan.ch\/produkt\/specialized-turbo-levo-sl-comp-alloy-blue\">d\u00e9couvre ce v\u00e9lo \u00e9lectrique<\/a><\/div>\n<\/div>\n\n\n\n<p>Tu as encore des questions sur nos v\u00e9los \u00e9lectriques Specialized ou sur l&rsquo;une des autres marques de v\u00e9los \u00e9lectriques de notre site ? Alors appelle-nous au 043 505 13 18 ou r\u00e9serve ta consultation gratuite et sans engagement avec l&rsquo;un de nos professionnels du v\u00e9lo.<\/p>\n\n\n\n<div class=\"wp-block-buttons is-layout-flex wp-block-buttons-is-layout-flex\">\n<div class=\"wp-block-button\"><a class=\"wp-block-button__link wp-element-button\" href=\"https:\/\/www.mybikeplan.ch\/marken\/specialized-ebikes\">vers nos v\u00e9los \u00e9lectriques Specialized<\/a><\/div>\n<\/div>\n","protected":false},"excerpt":{"rendered":"<p>Chez MyBikePlan, nous sommes de grands fans des v\u00e9los \u00e9lectriques Specialized : les v\u00e9los \u00e9lectriques de la c\u00e9l\u00e8bre marque enthousiasment par leurs composants de haute qualit\u00e9, leur innovation impressionnante et leurs caract\u00e9ristiques ultramodernes.&nbsp; Il y a beaucoup de bonnes raisons d&rsquo;aimer les v\u00e9los \u00e9lectriques Specialized &#8211; nous t&rsquo;en montrons quelques-unes dans le post de blog [&hellip;]<\/p>\n","protected":false},"author":15,"featured_media":35488,"comment_status":"open","ping_status":"open","sticky":false,"template":"","format":"standard","meta":{"_acf_changed":false,"footnotes":""},"categories":[4442,291],"tags":[],"class_list":["post-35487","post","type-post","status-publish","format-standard","has-post-thumbnail","hentry","category-mybikeplan-fr","category-non-classifiee"],"acf":[],"yoast_head":"<!-- This site is optimized with the Yoast SEO plugin v24.5 - https:\/\/yoast.com\/wordpress\/plugins\/seo\/ -->\n<title>Specialized E-Bikes : la marque de v\u00e9los pass\u00e9e au crible<\/title>\n<meta name=\"description\" content=\"Les v\u00e9los \u00e9lectriques Specialized sont des v\u00e9los \u00e9lectriques de haute qualit\u00e9 avec lesquels tu peux repousser les limites. Nous te pr\u00e9sentons la marque plus en d\u00e9tail !\" \/>\n<meta name=\"robots\" content=\"noindex, follow, max-snippet:-1, max-image-preview:large, max-video-preview:-1\" \/>\n<meta property=\"og:locale\" content=\"fr_FR\" \/>\n<meta property=\"og:type\" content=\"article\" \/>\n<meta property=\"og:title\" content=\"Specialized E-Bikes : la marque de v\u00e9los pass\u00e9e au crible\" \/>\n<meta property=\"og:description\" content=\"Les v\u00e9los \u00e9lectriques Specialized sont des v\u00e9los \u00e9lectriques de haute qualit\u00e9 avec lesquels tu peux repousser les limites. Nous te pr\u00e9sentons la marque plus en d\u00e9tail !\" \/>\n<meta property=\"og:url\" content=\"https:\/\/listings.mybikeplan.ch\/fr\/non-classifiee\/specialized-e-bikes-la-marque-de-velos-passee-au-crible\/\" \/>\n<meta property=\"og:site_name\" content=\"MyBikePlan\" \/>\n<meta property=\"article:published_time\" content=\"2023-06-22T13:58:10+00:00\" \/>\n<meta property=\"article:modified_time\" content=\"2023-08-16T13:14:00+00:00\" \/>\n<meta property=\"og:image\" content=\"https:\/\/listings.mybikeplan.ch\/wp-content\/uploads\/2023\/06\/Blog-Header-14-1.jpg\" \/>\n\t<meta property=\"og:image:width\" content=\"1640\" \/>\n\t<meta property=\"og:image:height\" content=\"924\" \/>\n\t<meta property=\"og:image:type\" content=\"image\/jpeg\" \/>\n<meta name=\"author\" content=\"Evelyne Aschwanden\" \/>\n<meta name=\"twitter:card\" content=\"summary_large_image\" \/>\n<meta name=\"twitter:label1\" content=\"\u00c9crit par\" \/>\n\t<meta name=\"twitter:data1\" content=\"Evelyne Aschwanden\" \/>\n\t<meta name=\"twitter:label2\" content=\"Dur\u00e9e de lecture estim\u00e9e\" \/>\n\t<meta name=\"twitter:data2\" content=\"4 minutes\" \/>\n<script type=\"application\/ld+json\" class=\"yoast-schema-graph\">{\"@context\":\"https:\/\/schema.org\",\"@graph\":[{\"@type\":\"WebPage\",\"@id\":\"https:\/\/listings.mybikeplan.ch\/fr\/non-classifiee\/specialized-e-bikes-la-marque-de-velos-passee-au-crible\/\",\"url\":\"https:\/\/listings.mybikeplan.ch\/fr\/non-classifiee\/specialized-e-bikes-la-marque-de-velos-passee-au-crible\/\",\"name\":\"Specialized E-Bikes : la marque de v\u00e9los pass\u00e9e au crible\",\"isPartOf\":{\"@id\":\"https:\/\/listings.mybikeplan.ch\/fr\/#website\"},\"primaryImageOfPage\":{\"@id\":\"https:\/\/listings.mybikeplan.ch\/fr\/non-classifiee\/specialized-e-bikes-la-marque-de-velos-passee-au-crible\/#primaryimage\"},\"image\":{\"@id\":\"https:\/\/listings.mybikeplan.ch\/fr\/non-classifiee\/specialized-e-bikes-la-marque-de-velos-passee-au-crible\/#primaryimage\"},\"thumbnailUrl\":\"https:\/\/listings.mybikeplan.ch\/wp-content\/uploads\/2023\/06\/Blog-Header-14-1.jpg\",\"datePublished\":\"2023-06-22T13:58:10+00:00\",\"dateModified\":\"2023-08-16T13:14:00+00:00\",\"author\":{\"@id\":\"https:\/\/listings.mybikeplan.ch\/fr\/#\/schema\/person\/514a6130749cc58319f751509338dafd\"},\"description\":\"Les v\u00e9los \u00e9lectriques Specialized sont des v\u00e9los \u00e9lectriques de haute qualit\u00e9 avec lesquels tu peux repousser les limites. Nous te pr\u00e9sentons la marque plus en d\u00e9tail !\",\"breadcrumb\":{\"@id\":\"https:\/\/listings.mybikeplan.ch\/fr\/non-classifiee\/specialized-e-bikes-la-marque-de-velos-passee-au-crible\/#breadcrumb\"},\"inLanguage\":\"fr-FR\",\"potentialAction\":[{\"@type\":\"ReadAction\",\"target\":[\"https:\/\/listings.mybikeplan.ch\/fr\/non-classifiee\/specialized-e-bikes-la-marque-de-velos-passee-au-crible\/\"]}]},{\"@type\":\"ImageObject\",\"inLanguage\":\"fr-FR\",\"@id\":\"https:\/\/listings.mybikeplan.ch\/fr\/non-classifiee\/specialized-e-bikes-la-marque-de-velos-passee-au-crible\/#primaryimage\",\"url\":\"https:\/\/listings.mybikeplan.ch\/wp-content\/uploads\/2023\/06\/Blog-Header-14-1.jpg\",\"contentUrl\":\"https:\/\/listings.mybikeplan.ch\/wp-content\/uploads\/2023\/06\/Blog-Header-14-1.jpg\",\"width\":1640,\"height\":924},{\"@type\":\"BreadcrumbList\",\"@id\":\"https:\/\/listings.mybikeplan.ch\/fr\/non-classifiee\/specialized-e-bikes-la-marque-de-velos-passee-au-crible\/#breadcrumb\",\"itemListElement\":[{\"@type\":\"ListItem\",\"position\":1,\"name\":\"Home\",\"item\":\"https:\/\/listings.mybikeplan.ch\/fr\/home\/\"},{\"@type\":\"ListItem\",\"position\":2,\"name\":\"Specialized E-Bikes : la marque de v\u00e9los pass\u00e9e au crible\"}]},{\"@type\":\"WebSite\",\"@id\":\"https:\/\/listings.mybikeplan.ch\/fr\/#website\",\"url\":\"https:\/\/listings.mybikeplan.ch\/fr\/\",\"name\":\"MyBikePlan\",\"description\":\"\",\"potentialAction\":[{\"@type\":\"SearchAction\",\"target\":{\"@type\":\"EntryPoint\",\"urlTemplate\":\"https:\/\/listings.mybikeplan.ch\/fr\/?s={search_term_string}\"},\"query-input\":{\"@type\":\"PropertyValueSpecification\",\"valueRequired\":true,\"valueName\":\"search_term_string\"}}],\"inLanguage\":\"fr-FR\"},{\"@type\":\"Person\",\"@id\":\"https:\/\/listings.mybikeplan.ch\/fr\/#\/schema\/person\/514a6130749cc58319f751509338dafd\",\"name\":\"Evelyne Aschwanden\",\"image\":{\"@type\":\"ImageObject\",\"inLanguage\":\"fr-FR\",\"@id\":\"https:\/\/listings.mybikeplan.ch\/fr\/#\/schema\/person\/image\/\",\"url\":\"https:\/\/secure.gravatar.com\/avatar\/73f0cad78e1012b10bb7c10f05a99be7009e6621353849483b51025ae56a6b37?s=96&d=mm&r=g\",\"contentUrl\":\"https:\/\/secure.gravatar.com\/avatar\/73f0cad78e1012b10bb7c10f05a99be7009e6621353849483b51025ae56a6b37?s=96&d=mm&r=g\",\"caption\":\"Evelyne Aschwanden\"},\"url\":\"https:\/\/listings.mybikeplan.ch\/fr\/author\/evelyne-mybikeplan\/\"}]}<\/script>\n<!-- \/ Yoast SEO plugin. -->","yoast_head_json":{"title":"Specialized E-Bikes : la marque de v\u00e9los pass\u00e9e au crible","description":"Les v\u00e9los \u00e9lectriques Specialized sont des v\u00e9los \u00e9lectriques de haute qualit\u00e9 avec lesquels tu peux repousser les limites. Nous te pr\u00e9sentons la marque plus en d\u00e9tail !","robots":{"index":"noindex","follow":"follow","max-snippet":"max-snippet:-1","max-image-preview":"max-image-preview:large","max-video-preview":"max-video-preview:-1"},"og_locale":"fr_FR","og_type":"article","og_title":"Specialized E-Bikes : la marque de v\u00e9los pass\u00e9e au crible","og_description":"Les v\u00e9los \u00e9lectriques Specialized sont des v\u00e9los \u00e9lectriques de haute qualit\u00e9 avec lesquels tu peux repousser les limites. Nous te pr\u00e9sentons la marque plus en d\u00e9tail !","og_url":"https:\/\/listings.mybikeplan.ch\/fr\/non-classifiee\/specialized-e-bikes-la-marque-de-velos-passee-au-crible\/","og_site_name":"MyBikePlan","article_published_time":"2023-06-22T13:58:10+00:00","article_modified_time":"2023-08-16T13:14:00+00:00","og_image":[{"width":1640,"height":924,"url":"https:\/\/listings.mybikeplan.ch\/wp-content\/uploads\/2023\/06\/Blog-Header-14-1.jpg","type":"image\/jpeg"}],"author":"Evelyne Aschwanden","twitter_card":"summary_large_image","twitter_misc":{"\u00c9crit par":"Evelyne Aschwanden","Dur\u00e9e de lecture estim\u00e9e":"4 minutes"},"schema":{"@context":"https:\/\/schema.org","@graph":[{"@type":"WebPage","@id":"https:\/\/listings.mybikeplan.ch\/fr\/non-classifiee\/specialized-e-bikes-la-marque-de-velos-passee-au-crible\/","url":"https:\/\/listings.mybikeplan.ch\/fr\/non-classifiee\/specialized-e-bikes-la-marque-de-velos-passee-au-crible\/","name":"Specialized E-Bikes : la marque de v\u00e9los pass\u00e9e au crible","isPartOf":{"@id":"https:\/\/listings.mybikeplan.ch\/fr\/#website"},"primaryImageOfPage":{"@id":"https:\/\/listings.mybikeplan.ch\/fr\/non-classifiee\/specialized-e-bikes-la-marque-de-velos-passee-au-crible\/#primaryimage"},"image":{"@id":"https:\/\/listings.mybikeplan.ch\/fr\/non-classifiee\/specialized-e-bikes-la-marque-de-velos-passee-au-crible\/#primaryimage"},"thumbnailUrl":"https:\/\/listings.mybikeplan.ch\/wp-content\/uploads\/2023\/06\/Blog-Header-14-1.jpg","datePublished":"2023-06-22T13:58:10+00:00","dateModified":"2023-08-16T13:14:00+00:00","author":{"@id":"https:\/\/listings.mybikeplan.ch\/fr\/#\/schema\/person\/514a6130749cc58319f751509338dafd"},"description":"Les v\u00e9los \u00e9lectriques Specialized sont des v\u00e9los \u00e9lectriques de haute qualit\u00e9 avec lesquels tu peux repousser les limites. Nous te pr\u00e9sentons la marque plus en d\u00e9tail !","breadcrumb":{"@id":"https:\/\/listings.mybikeplan.ch\/fr\/non-classifiee\/specialized-e-bikes-la-marque-de-velos-passee-au-crible\/#breadcrumb"},"inLanguage":"fr-FR","potentialAction":[{"@type":"ReadAction","target":["https:\/\/listings.mybikeplan.ch\/fr\/non-classifiee\/specialized-e-bikes-la-marque-de-velos-passee-au-crible\/"]}]},{"@type":"ImageObject","inLanguage":"fr-FR","@id":"https:\/\/listings.mybikeplan.ch\/fr\/non-classifiee\/specialized-e-bikes-la-marque-de-velos-passee-au-crible\/#primaryimage","url":"https:\/\/listings.mybikeplan.ch\/wp-content\/uploads\/2023\/06\/Blog-Header-14-1.jpg","contentUrl":"https:\/\/listings.mybikeplan.ch\/wp-content\/uploads\/2023\/06\/Blog-Header-14-1.jpg","width":1640,"height":924},{"@type":"BreadcrumbList","@id":"https:\/\/listings.mybikeplan.ch\/fr\/non-classifiee\/specialized-e-bikes-la-marque-de-velos-passee-au-crible\/#breadcrumb","itemListElement":[{"@type":"ListItem","position":1,"name":"Home","item":"https:\/\/listings.mybikeplan.ch\/fr\/home\/"},{"@type":"ListItem","position":2,"name":"Specialized E-Bikes : la marque de v\u00e9los pass\u00e9e au crible"}]},{"@type":"WebSite","@id":"https:\/\/listings.mybikeplan.ch\/fr\/#website","url":"https:\/\/listings.mybikeplan.ch\/fr\/","name":"MyBikePlan","description":"","potentialAction":[{"@type":"SearchAction","target":{"@type":"EntryPoint","urlTemplate":"https:\/\/listings.mybikeplan.ch\/fr\/?s={search_term_string}"},"query-input":{"@type":"PropertyValueSpecification","valueRequired":true,"valueName":"search_term_string"}}],"inLanguage":"fr-FR"},{"@type":"Person","@id":"https:\/\/listings.mybikeplan.ch\/fr\/#\/schema\/person\/514a6130749cc58319f751509338dafd","name":"Evelyne Aschwanden","image":{"@type":"ImageObject","inLanguage":"fr-FR","@id":"https:\/\/listings.mybikeplan.ch\/fr\/#\/schema\/person\/image\/","url":"https:\/\/secure.gravatar.com\/avatar\/73f0cad78e1012b10bb7c10f05a99be7009e6621353849483b51025ae56a6b37?s=96&d=mm&r=g","contentUrl":"https:\/\/secure.gravatar.com\/avatar\/73f0cad78e1012b10bb7c10f05a99be7009e6621353849483b51025ae56a6b37?s=96&d=mm&r=g","caption":"Evelyne Aschwanden"},"url":"https:\/\/listings.mybikeplan.ch\/fr\/author\/evelyne-mybikeplan\/"}]}},"locale":"fr","_links":{"self":[{"href":"https:\/\/listings.mybikeplan.ch\/fr\/wp-json\/wp\/v2\/posts\/35487","targetHints":{"allow":["GET"]}}],"collection":[{"href":"https:\/\/listings.mybikeplan.ch\/fr\/wp-json\/wp\/v2\/posts"}],"about":[{"href":"https:\/\/listings.mybikeplan.ch\/fr\/wp-json\/wp\/v2\/types\/post"}],"author":[{"embeddable":true,"href":"https:\/\/listings.mybikeplan.ch\/fr\/wp-json\/wp\/v2\/users\/15"}],"replies":[{"embeddable":true,"href":"https:\/\/listings.mybikeplan.ch\/fr\/wp-json\/wp\/v2\/comments?post=35487"}],"version-history":[{"count":2,"href":"https:\/\/listings.mybikeplan.ch\/fr\/wp-json\/wp\/v2\/posts\/35487\/revisions"}],"predecessor-version":[{"id":37191,"href":"https:\/\/listings.mybikeplan.ch\/fr\/wp-json\/wp\/v2\/posts\/35487\/revisions\/37191"}],"wp:featuredmedia":[{"embeddable":true,"href":"https:\/\/listings.mybikeplan.ch\/fr\/wp-json\/wp\/v2\/media\/35488"}],"wp:attachment":[{"href":"https:\/\/listings.mybikeplan.ch\/fr\/wp-json\/wp\/v2\/media?parent=35487"}],"wp:term":[{"taxonomy":"category","embeddable":true,"href":"https:\/\/listings.mybikeplan.ch\/fr\/wp-json\/wp\/v2\/categories?post=35487"},{"taxonomy":"post_tag","embeddable":true,"href":"https:\/\/listings.mybikeplan.ch\/fr\/wp-json\/wp\/v2\/tags?post=35487"}],"curies":[{"name":"wp","href":"https:\/\/api.w.org\/{rel}","templated":true}]}}