{"id":35468,"date":"2023-06-22T13:41:19","date_gmt":"2023-06-22T13:41:19","guid":{"rendered":"https:\/\/listings.mybikeplan.ch\/?p=35468"},"modified":"2023-08-16T13:14:03","modified_gmt":"2023-08-16T13:14:03","slug":"top-6-des-campings-pour-tes-vacances-a-velo-avec-ton-velo-electrique","status":"publish","type":"post","link":"https:\/\/listings.mybikeplan.ch\/fr\/non-classifiee\/top-6-des-campings-pour-tes-vacances-a-velo-avec-ton-velo-electrique\/","title":{"rendered":"Top 6 des campings pour tes vacances \u00e0 v\u00e9lo avec ton v\u00e9lo \u00e9lectrique"},"content":{"rendered":"\n<p>Qui a dit que tu devais toujours passer tes vacances \u00e0 l&rsquo;ancienne ? As-tu d\u00e9j\u00e0 pens\u00e9 \u00e0 combiner tes vacances avec ton v\u00e9lo \u00e9lectrique et \u00e0 passer tes vacances dans l&rsquo;un des magnifiques campings de Suisse ? Dans ce blog post, nous te guidons \u00e0 travers les meilleurs campings pour tes vacances en v\u00e9lo \u00e9lectrique, qui te garantiront un \u00e9t\u00e9 absolument inoubliable.<\/p>\n\n\n\n<h2 class=\"wp-block-heading\">1) Bosco della Bella<\/h2>\n\n\n\n<p><a href=\"https:\/\/nomady.ch\/de-CH\/l\/bosco-della-bella\/5f1d685b-c4e9-46c2-b3b7-a858fb29f685\">Buche deinen Campingplatz &#8211; Bosco della Bella | Nomady<\/a><\/p>\n\n\n\n<p>Nous commen\u00e7ons notre liste par l&rsquo;un des campings les plus uniques de Suisse !<\/p>\n\n\n\n<p>Comme son nom l&rsquo;indique, le mini-camping Nomady \u00ab\u00a0Bosco della Bella\u00a0\u00bb (en fran\u00e7ais : for\u00eat de la beaut\u00e9) est un paradis pour les amoureux de la nature et les familles. Ce camping idyllique peut accueillir 10 groupes et est entour\u00e9 d&rsquo;arbres, situ\u00e9 directement sur la rivi\u00e8re Tresa qui coule entre Luino (I) sur le Lac Majeur et Ponte Tresa sur le Lac de Lugano. C&rsquo;est un endroit parfait pour partir \u00e0 la d\u00e9couverte du Tessin et de l&rsquo;Italie en v\u00e9lo \u00e9lectrique et vivre des aventures inoubliables.<\/p>\n\n\n\n<p>Un must pour tous les visiteurs est la montagne familiale Monte Tamaro, qui surplombe majestueusement le lac Majeur. En prenant le t\u00e9l\u00e9ph\u00e9rique, tu arriveras \u00e0 l&rsquo;Alpe Foppa, le point de d\u00e9part de nombreuses randonn\u00e9es panoramiques. Pour les plus aventureux, il y a une piste de luge, un terrain de jeux d&rsquo;aventure et une tyrolienne (\u00e0 partir de 9 ans). Un parcours d&rsquo;accrobranche, blotti entre d&rsquo;\u00e9normes h\u00eatres, se trouve pr\u00e8s de la station interm\u00e9diaire et offre des possibilit\u00e9s d&rsquo;escalade aux enfants \u00e0 partir de quatre ans.<\/p>\n\n\n\n<p>Une visite \u00e0 Melide est une bonne occasion d&rsquo;explorer la Swissminiatur &#8211; un mod\u00e8le miniature de la Suisse. Un voyage en bateau de Gandria au mus\u00e9e des douanes \u00e0 Cantine di Gandria est \u00e9galement une merveilleuse excursion d&rsquo;une journ\u00e9e pour les familles et offre un aper\u00e7u unique de l&rsquo;histoire locale.<\/p>\n\n\n\n<h2 class=\"wp-block-heading\">2) Camping Swiss Plage<\/h2>\n\n\n\n<p><a href=\"https:\/\/www.swissplage.ch\/de\/\">willkommen (swissplage.ch)<\/a><\/p>\n\n\n\n<p>Il est difficile d&rsquo;imaginer un meilleur endroit pour camper : Le camping Swiss Plage se trouve au c\u0153ur du Valais, juste \u00e0 c\u00f4t\u00e9 du Rh\u00f4ne et en bordure du parc naturel de Pfyn-Finges. Comme si cela ne suffisait pas, le site est \u00e9galement bord\u00e9 par un petit lac priv\u00e9. Ici, tu peux camper dans l&rsquo;une des r\u00e9gions les plus ensoleill\u00e9es de Suisse, entour\u00e9 d&rsquo;une nature fleurie et parfum\u00e9e. C&rsquo;est l&rsquo;endroit id\u00e9al pour passer des vacances de premi\u00e8re classe avec ta famille dans l&rsquo;un des plus beaux campings du Valais, avec la certitude de pouvoir compter sur une excellente infrastructure tout en profitant de la proximit\u00e9 imm\u00e9diate de la nature. Et si tu n&rsquo;as pas envie de la traditionnelle tente familiale, le camping Swiss Plage offre aussi la possibilit\u00e9 de louer un POD, un chalet ou une caravane et de transformer tes vacances en camping en une exp\u00e9rience confortable de glamping.<\/p>\n\n\n\n<p>Notre conseil secret : un tour en v\u00e9lo le long du Rh\u00f4ne vaut toujours la peine !<\/p>\n\n\n\n<h2 class=\"wp-block-heading\">3) Camping Bauernhof Manser<\/h2>\n\n\n\n<p><a href=\"https:\/\/www.manserferien.ch\/\"><strong>Manser Ferien \u2013 Ferien auf dem Bauernhof<\/strong><\/a><\/p>\n\n\n\n<p>Tu es plut\u00f4t du genre \u00e0 choisir des campings uniques et \u00e0 vivre des exp\u00e9riences uniques ? Nous avons quelque chose pour toi ici !<\/p>\n\n\n\n<p>Nich\u00e9 dans un magnifique paysage culturel, entour\u00e9 de prairies luxuriantes et d&rsquo;arbres majestueux, le camping Bauernhof Manser t&rsquo;accueille avec la vie idyllique de la campagne, remplie du meuglement des vaches et du caqu\u00e8tement des poules, envelopp\u00e9e de l&rsquo;odeur du foin frais et du lait. Dans ce paradis du camping, il y a chaque jour une nouvelle aventure pour les petits curieux. Ils peuvent assister \u00e0 l&rsquo;alimentation des petits animaux, regarder la traite ou rendre visite aux bovins et aux chevaux dans les p\u00e2turages.&nbsp;<\/p>\n\n\n\n<p>Entre-temps, il y a une excursion \u00e0 la super aire de jeux ou une belle balade \u00e0 v\u00e9lo \u00e9lectrique jusqu&rsquo;au lac de Constance tout proche pour un rafra\u00eechissement id\u00e9al les jours de grande chaleur.&nbsp;<\/p>\n\n\n\n<p>La r\u00e9gion est un paradis pour les cyclistes* et offre de nombreux itin\u00e9raires attrayants qui passent aussi par diff\u00e9rents campings &#8211; id\u00e9al pour des tours de plusieurs jours.<\/p>\n\n\n\n<figure class=\"wp-block-image size-large\"><a href=\"https:\/\/listings.mybikeplan.ch\/wp-content\/uploads\/2023\/06\/2-1024x577.jpg\"><img loading=\"lazy\" decoding=\"async\" width=\"1024\" height=\"577\" src=\"https:\/\/listings.mybikeplan.ch\/wp-content\/uploads\/2023\/06\/2-1024x577.jpg\" alt=\"E-Bikes auf Campingplatz\" class=\"wp-image-35464\" srcset=\"https:\/\/listings.mybikeplan.ch\/wp-content\/uploads\/2023\/06\/2-1024x577.jpg 1024w, https:\/\/listings.mybikeplan.ch\/wp-content\/uploads\/2023\/06\/2-555x313.jpg 555w, https:\/\/listings.mybikeplan.ch\/wp-content\/uploads\/2023\/06\/2-570x320.jpg 570w, https:\/\/listings.mybikeplan.ch\/wp-content\/uploads\/2023\/06\/2-768x433.jpg 768w, https:\/\/listings.mybikeplan.ch\/wp-content\/uploads\/2023\/06\/2-1536x865.jpg 1536w, https:\/\/listings.mybikeplan.ch\/wp-content\/uploads\/2023\/06\/2-666x375.jpg 666w, https:\/\/listings.mybikeplan.ch\/wp-content\/uploads\/2023\/06\/2.jpg 1640w\" sizes=\"auto, (max-width: 1024px) 100vw, 1024px\" \/><\/a><\/figure>\n\n\n\n<h2 class=\"wp-block-heading\">4) Camping (alpin) \u00e0 Churwalden<\/h2>\n\n\n\n<p><a href=\"https:\/\/pradafenz.ch\/\"><strong>Camping Pradafenz, Churwalden<\/strong><\/a><\/p>\n\n\n\n<p>Imagine que tu passes des vacances en camping entour\u00e9 de majestueux sommets de montagne, de douces marmottes, de lacs de montagne scintillants et de prairies alpines luxuriantes. C&rsquo;est exactement ce qui t&rsquo;attend au Camping Pradafenz \u00e0 Churwalden, au c\u0153ur de la r\u00e9gion sportive et de loisirs d&rsquo;Arosa Lenzerheide, nich\u00e9e dans le paysage montagneux \u00e9poustouflant des Grisons. Ici, au c\u0153ur des Alpes, tu as d&rsquo;innombrables possibilit\u00e9s, \u00e9t\u00e9 comme hiver, de faire du sport et de profiter de la nature dans l&rsquo;un des campings les plus rustiques de Suisse.<\/p>\n\n\n\n<p>Que ce soit pour un week-end ou un s\u00e9jour plus long, le camping alpin de Churwalden est le point de d\u00e9part id\u00e9al pour tes prochaines vacances en famille dans les montagnes. Ce camping familial offre le meilleur confort de camping et un service personnalis\u00e9. Malgr\u00e9 sa situation calme, il est situ\u00e9 au centre, \u00e0 seulement 300 m\u00e8tres du centre du village de Churwalden. En cinq minutes, tu peux atteindre le supermarch\u00e9, la boulangerie ainsi que diff\u00e9rents autres magasins et l&rsquo;arr\u00eat de bus. Le t\u00e9l\u00e9ph\u00e9rique panoramique Heidb\u00fcel, qui t&#8217;emm\u00e8ne dans la r\u00e9gion de randonn\u00e9e de Lenzerheide et sur le c\u00e9l\u00e8bre chemin de randonn\u00e9e de Globi, se trouve pratiquement \u00e0 la porte du camping. La station inf\u00e9rieure du t\u00e9l\u00e9ph\u00e9rique de Pradaschier se trouve \u00e9galement \u00e0 proximit\u00e9. La montagne d&rsquo;aventure de Pradaschier offre, en plus de magnifiques sentiers de randonn\u00e9e, la plus longue piste de luge du monde, un parc d&rsquo;accrobranche et une piste de billes g\u00e9antes pour tes enfants.<\/p>\n\n\n\n<p>D&rsquo;ailleurs, \u00e0 Lenzerheide, il y a beaucoup de supers sentiers pour faire du VTT et du v\u00e9lo &#8211; et plein d&rsquo;autres campings \u00e0 d\u00e9couvrir !<\/p>\n\n\n\n<h2 class=\"wp-block-heading\">5) TCS Camping Flaach am Rhein<\/h2>\n\n\n\n<p><a href=\"https:\/\/www.tcs.ch\/de\/camping-reisen\/camping-insider\/campingplaetze\/tcs-campingplaetze\/campingplatz-flaach-am-rhein.php\">TCS Camping Flaach am Rhein &#8211; TCS Schweiz<\/a><\/p>\n\n\n\n<p>Qu&rsquo;est-ce qui rend ce camping de Flaach si populaire ? Un facteur essentiel est le magnifique emplacement dans la r\u00e9serve naturelle Thurauen. Quoi de mieux que d&rsquo;explorer cet habitat fascinant au bord du Rhin ? Un autre point fort est l&rsquo;h\u00e9bergement insolite \u00e0 louer sur le camping, des tipis aux roulottes de cirque, dans lesquelles tu peux passer des vacances uniques.&nbsp;<\/p>\n\n\n\n<p>De tous les campings de cette liste, c&rsquo;est sans aucun doute celui qui propose les h\u00e9bergements les plus cr\u00e9atifs !<\/p>\n\n\n\n<h2 class=\"wp-block-heading\">6) Camping Seefeld Sarnen<\/h2>\n\n\n\n<p><a href=\"https:\/\/www.seefeldpark.ch\/\">Seefeld Park Sarnen &#8211; Seefeldpark Sarnen &#8211; Seefeldpark Sarnen<\/a><\/p>\n\n\n\n<p>En plein c\u0153ur de la Suisse centrale, \u00e0 Sarnen, tu trouveras le camping 5 \u00e9toiles Seefeld. Profite de l&#8217;emplacement exceptionnel entre le lac turquoise de Sarnen et la rivi\u00e8re Melchaa, couronn\u00e9 par une vue imprenable sur le massif alpin. Que tu arrives avec ta tente ou ta caravane ou que tu loues l&rsquo;un des luxueux h\u00e9bergements glamping, ce paradis de vacances familial comblera tous tes souhaits pour des vacances en camping inoubliables : Les spacieuses parcelles sont toutes \u00e9quip\u00e9es de l&rsquo;\u00e9lectricit\u00e9 et de l&rsquo;eau, certaines directement sur la rive du lac. A cela s&rsquo;ajoutent des installations modernes de douches et de toilettes et une aire de jeux pour enfants avec pataugeoire pour les plus petits. De nombreux barbecues, un restaurant self-service avec terrasse, une \u00e9picerie avec service de petits pains et un parc aquatique avec des bassins chauff\u00e9s font partie des nombreuses attractions que tu trouveras ici.\u00a0<\/p>\n\n\n\n<p><strong>Conclusion :<\/strong> tu veux passer l&rsquo;\u00e9t\u00e9 dans des campings suisses tout en faisant du sport avec ton v\u00e9lo \u00e9lectrique ? Nous pensons que oui : Cela promet d&rsquo;\u00eatre des vacances incroyablement vari\u00e9es et inoubliables !&nbsp;<\/p>\n\n\n\n<p>Tu cherches encore un v\u00e9lo \u00e9lectrique adapt\u00e9 pour tes vacances ? N&rsquo;h\u00e9site pas \u00e0 consulter notre s\u00e9lection !<\/p>\n\n\n\n<div class=\"wp-block-buttons is-layout-flex wp-block-buttons-is-layout-flex\">\n<div class=\"wp-block-button\"><a class=\"wp-block-button__link wp-element-button\" href=\"https:\/\/www.mybikeplan.ch\/alle-modelle-e-bike-schweiz\/kategorie\/-\/rahmenvarianten\/-\/batterie-kapazitat\/-\/max-gewicht\/-\/zubehor\/-\/geschwindigkeit\/-\/marke\/-\/motor-marke\/-\/farbe\/-\/koerpergroesse\/-\/preisbereich\/-\/verfugbar\/-\/sortieren\/preis\/gunstigste\">Vers nos v\u00e9los \u00e9lectriques<\/a><\/div>\n<\/div>\n","protected":false},"excerpt":{"rendered":"<p>Qui a dit que tu devais toujours passer tes vacances \u00e0 l&rsquo;ancienne ? As-tu d\u00e9j\u00e0 pens\u00e9 \u00e0 combiner tes vacances avec ton v\u00e9lo \u00e9lectrique et \u00e0 passer tes vacances dans l&rsquo;un des magnifiques campings de Suisse ? Dans ce blog post, nous te guidons \u00e0 travers les meilleurs campings pour tes vacances en v\u00e9lo \u00e9lectrique, [&hellip;]<\/p>\n","protected":false},"author":15,"featured_media":35463,"comment_status":"open","ping_status":"open","sticky":false,"template":"","format":"standard","meta":{"_acf_changed":false,"footnotes":""},"categories":[4442,291],"tags":[],"class_list":["post-35468","post","type-post","status-publish","format-standard","has-post-thumbnail","hentry","category-mybikeplan-fr","category-non-classifiee"],"acf":[],"yoast_head":"<!-- This site is optimized with the Yoast SEO plugin v24.5 - https:\/\/yoast.com\/wordpress\/plugins\/seo\/ -->\n<title>Top 6 des campings pour tes vacances \u00e0 v\u00e9lo avec ton E-Bike<\/title>\n<meta name=\"description\" content=\"Tu veux partir en vacances en E-Bike ? Alors voici nos conseils pour les meilleurs campings en Suisse !\" \/>\n<meta name=\"robots\" content=\"noindex, follow, max-snippet:-1, max-image-preview:large, max-video-preview:-1\" \/>\n<meta property=\"og:locale\" content=\"fr_FR\" \/>\n<meta property=\"og:type\" content=\"article\" \/>\n<meta property=\"og:title\" content=\"Top 6 des campings pour tes vacances \u00e0 v\u00e9lo avec ton E-Bike\" \/>\n<meta property=\"og:description\" content=\"Tu veux partir en vacances en E-Bike ? Alors voici nos conseils pour les meilleurs campings en Suisse !\" \/>\n<meta property=\"og:url\" content=\"https:\/\/listings.mybikeplan.ch\/fr\/non-classifiee\/top-6-des-campings-pour-tes-vacances-a-velo-avec-ton-velo-electrique\/\" \/>\n<meta property=\"og:site_name\" content=\"MyBikePlan\" \/>\n<meta property=\"article:published_time\" content=\"2023-06-22T13:41:19+00:00\" \/>\n<meta property=\"article:modified_time\" content=\"2023-08-16T13:14:03+00:00\" \/>\n<meta property=\"og:image\" content=\"https:\/\/listings.mybikeplan.ch\/wp-content\/uploads\/2023\/06\/3.jpg\" \/>\n\t<meta property=\"og:image:width\" content=\"1640\" \/>\n\t<meta property=\"og:image:height\" content=\"924\" \/>\n\t<meta property=\"og:image:type\" content=\"image\/jpeg\" \/>\n<meta name=\"author\" content=\"Evelyne Aschwanden\" \/>\n<meta name=\"twitter:card\" content=\"summary_large_image\" \/>\n<meta name=\"twitter:label1\" content=\"\u00c9crit par\" \/>\n\t<meta name=\"twitter:data1\" content=\"Evelyne Aschwanden\" \/>\n\t<meta name=\"twitter:label2\" content=\"Dur\u00e9e de lecture estim\u00e9e\" \/>\n\t<meta name=\"twitter:data2\" content=\"6 minutes\" \/>\n<script type=\"application\/ld+json\" class=\"yoast-schema-graph\">{\"@context\":\"https:\/\/schema.org\",\"@graph\":[{\"@type\":\"WebPage\",\"@id\":\"https:\/\/listings.mybikeplan.ch\/fr\/non-classifiee\/top-6-des-campings-pour-tes-vacances-a-velo-avec-ton-velo-electrique\/\",\"url\":\"https:\/\/listings.mybikeplan.ch\/fr\/non-classifiee\/top-6-des-campings-pour-tes-vacances-a-velo-avec-ton-velo-electrique\/\",\"name\":\"Top 6 des campings pour tes vacances \u00e0 v\u00e9lo avec ton E-Bike\",\"isPartOf\":{\"@id\":\"https:\/\/listings.mybikeplan.ch\/fr\/#website\"},\"primaryImageOfPage\":{\"@id\":\"https:\/\/listings.mybikeplan.ch\/fr\/non-classifiee\/top-6-des-campings-pour-tes-vacances-a-velo-avec-ton-velo-electrique\/#primaryimage\"},\"image\":{\"@id\":\"https:\/\/listings.mybikeplan.ch\/fr\/non-classifiee\/top-6-des-campings-pour-tes-vacances-a-velo-avec-ton-velo-electrique\/#primaryimage\"},\"thumbnailUrl\":\"https:\/\/listings.mybikeplan.ch\/wp-content\/uploads\/2023\/06\/3.jpg\",\"datePublished\":\"2023-06-22T13:41:19+00:00\",\"dateModified\":\"2023-08-16T13:14:03+00:00\",\"author\":{\"@id\":\"https:\/\/listings.mybikeplan.ch\/fr\/#\/schema\/person\/514a6130749cc58319f751509338dafd\"},\"description\":\"Tu veux partir en vacances en E-Bike ? Alors voici nos conseils pour les meilleurs campings en Suisse !\",\"breadcrumb\":{\"@id\":\"https:\/\/listings.mybikeplan.ch\/fr\/non-classifiee\/top-6-des-campings-pour-tes-vacances-a-velo-avec-ton-velo-electrique\/#breadcrumb\"},\"inLanguage\":\"fr-FR\",\"potentialAction\":[{\"@type\":\"ReadAction\",\"target\":[\"https:\/\/listings.mybikeplan.ch\/fr\/non-classifiee\/top-6-des-campings-pour-tes-vacances-a-velo-avec-ton-velo-electrique\/\"]}]},{\"@type\":\"ImageObject\",\"inLanguage\":\"fr-FR\",\"@id\":\"https:\/\/listings.mybikeplan.ch\/fr\/non-classifiee\/top-6-des-campings-pour-tes-vacances-a-velo-avec-ton-velo-electrique\/#primaryimage\",\"url\":\"https:\/\/listings.mybikeplan.ch\/wp-content\/uploads\/2023\/06\/3.jpg\",\"contentUrl\":\"https:\/\/listings.mybikeplan.ch\/wp-content\/uploads\/2023\/06\/3.jpg\",\"width\":1640,\"height\":924,\"caption\":\"Mann und Kind mit E-Bike auf Campingplatz\"},{\"@type\":\"BreadcrumbList\",\"@id\":\"https:\/\/listings.mybikeplan.ch\/fr\/non-classifiee\/top-6-des-campings-pour-tes-vacances-a-velo-avec-ton-velo-electrique\/#breadcrumb\",\"itemListElement\":[{\"@type\":\"ListItem\",\"position\":1,\"name\":\"Home\",\"item\":\"https:\/\/listings.mybikeplan.ch\/fr\/home\/\"},{\"@type\":\"ListItem\",\"position\":2,\"name\":\"Top 6 des campings pour tes vacances \u00e0 v\u00e9lo avec ton v\u00e9lo \u00e9lectrique\"}]},{\"@type\":\"WebSite\",\"@id\":\"https:\/\/listings.mybikeplan.ch\/fr\/#website\",\"url\":\"https:\/\/listings.mybikeplan.ch\/fr\/\",\"name\":\"MyBikePlan\",\"description\":\"\",\"potentialAction\":[{\"@type\":\"SearchAction\",\"target\":{\"@type\":\"EntryPoint\",\"urlTemplate\":\"https:\/\/listings.mybikeplan.ch\/fr\/?s={search_term_string}\"},\"query-input\":{\"@type\":\"PropertyValueSpecification\",\"valueRequired\":true,\"valueName\":\"search_term_string\"}}],\"inLanguage\":\"fr-FR\"},{\"@type\":\"Person\",\"@id\":\"https:\/\/listings.mybikeplan.ch\/fr\/#\/schema\/person\/514a6130749cc58319f751509338dafd\",\"name\":\"Evelyne Aschwanden\",\"image\":{\"@type\":\"ImageObject\",\"inLanguage\":\"fr-FR\",\"@id\":\"https:\/\/listings.mybikeplan.ch\/fr\/#\/schema\/person\/image\/\",\"url\":\"https:\/\/secure.gravatar.com\/avatar\/73f0cad78e1012b10bb7c10f05a99be7009e6621353849483b51025ae56a6b37?s=96&d=mm&r=g\",\"contentUrl\":\"https:\/\/secure.gravatar.com\/avatar\/73f0cad78e1012b10bb7c10f05a99be7009e6621353849483b51025ae56a6b37?s=96&d=mm&r=g\",\"caption\":\"Evelyne Aschwanden\"},\"url\":\"https:\/\/listings.mybikeplan.ch\/fr\/author\/evelyne-mybikeplan\/\"}]}<\/script>\n<!-- \/ Yoast SEO plugin. -->","yoast_head_json":{"title":"Top 6 des campings pour tes vacances \u00e0 v\u00e9lo avec ton E-Bike","description":"Tu veux partir en vacances en E-Bike ? Alors voici nos conseils pour les meilleurs campings en Suisse !","robots":{"index":"noindex","follow":"follow","max-snippet":"max-snippet:-1","max-image-preview":"max-image-preview:large","max-video-preview":"max-video-preview:-1"},"og_locale":"fr_FR","og_type":"article","og_title":"Top 6 des campings pour tes vacances \u00e0 v\u00e9lo avec ton E-Bike","og_description":"Tu veux partir en vacances en E-Bike ? Alors voici nos conseils pour les meilleurs campings en Suisse !","og_url":"https:\/\/listings.mybikeplan.ch\/fr\/non-classifiee\/top-6-des-campings-pour-tes-vacances-a-velo-avec-ton-velo-electrique\/","og_site_name":"MyBikePlan","article_published_time":"2023-06-22T13:41:19+00:00","article_modified_time":"2023-08-16T13:14:03+00:00","og_image":[{"width":1640,"height":924,"url":"https:\/\/listings.mybikeplan.ch\/wp-content\/uploads\/2023\/06\/3.jpg","type":"image\/jpeg"}],"author":"Evelyne Aschwanden","twitter_card":"summary_large_image","twitter_misc":{"\u00c9crit par":"Evelyne Aschwanden","Dur\u00e9e de lecture estim\u00e9e":"6 minutes"},"schema":{"@context":"https:\/\/schema.org","@graph":[{"@type":"WebPage","@id":"https:\/\/listings.mybikeplan.ch\/fr\/non-classifiee\/top-6-des-campings-pour-tes-vacances-a-velo-avec-ton-velo-electrique\/","url":"https:\/\/listings.mybikeplan.ch\/fr\/non-classifiee\/top-6-des-campings-pour-tes-vacances-a-velo-avec-ton-velo-electrique\/","name":"Top 6 des campings pour tes vacances \u00e0 v\u00e9lo avec ton E-Bike","isPartOf":{"@id":"https:\/\/listings.mybikeplan.ch\/fr\/#website"},"primaryImageOfPage":{"@id":"https:\/\/listings.mybikeplan.ch\/fr\/non-classifiee\/top-6-des-campings-pour-tes-vacances-a-velo-avec-ton-velo-electrique\/#primaryimage"},"image":{"@id":"https:\/\/listings.mybikeplan.ch\/fr\/non-classifiee\/top-6-des-campings-pour-tes-vacances-a-velo-avec-ton-velo-electrique\/#primaryimage"},"thumbnailUrl":"https:\/\/listings.mybikeplan.ch\/wp-content\/uploads\/2023\/06\/3.jpg","datePublished":"2023-06-22T13:41:19+00:00","dateModified":"2023-08-16T13:14:03+00:00","author":{"@id":"https:\/\/listings.mybikeplan.ch\/fr\/#\/schema\/person\/514a6130749cc58319f751509338dafd"},"description":"Tu veux partir en vacances en E-Bike ? Alors voici nos conseils pour les meilleurs campings en Suisse !","breadcrumb":{"@id":"https:\/\/listings.mybikeplan.ch\/fr\/non-classifiee\/top-6-des-campings-pour-tes-vacances-a-velo-avec-ton-velo-electrique\/#breadcrumb"},"inLanguage":"fr-FR","potentialAction":[{"@type":"ReadAction","target":["https:\/\/listings.mybikeplan.ch\/fr\/non-classifiee\/top-6-des-campings-pour-tes-vacances-a-velo-avec-ton-velo-electrique\/"]}]},{"@type":"ImageObject","inLanguage":"fr-FR","@id":"https:\/\/listings.mybikeplan.ch\/fr\/non-classifiee\/top-6-des-campings-pour-tes-vacances-a-velo-avec-ton-velo-electrique\/#primaryimage","url":"https:\/\/listings.mybikeplan.ch\/wp-content\/uploads\/2023\/06\/3.jpg","contentUrl":"https:\/\/listings.mybikeplan.ch\/wp-content\/uploads\/2023\/06\/3.jpg","width":1640,"height":924,"caption":"Mann und Kind mit E-Bike auf Campingplatz"},{"@type":"BreadcrumbList","@id":"https:\/\/listings.mybikeplan.ch\/fr\/non-classifiee\/top-6-des-campings-pour-tes-vacances-a-velo-avec-ton-velo-electrique\/#breadcrumb","itemListElement":[{"@type":"ListItem","position":1,"name":"Home","item":"https:\/\/listings.mybikeplan.ch\/fr\/home\/"},{"@type":"ListItem","position":2,"name":"Top 6 des campings pour tes vacances \u00e0 v\u00e9lo avec ton v\u00e9lo \u00e9lectrique"}]},{"@type":"WebSite","@id":"https:\/\/listings.mybikeplan.ch\/fr\/#website","url":"https:\/\/listings.mybikeplan.ch\/fr\/","name":"MyBikePlan","description":"","potentialAction":[{"@type":"SearchAction","target":{"@type":"EntryPoint","urlTemplate":"https:\/\/listings.mybikeplan.ch\/fr\/?s={search_term_string}"},"query-input":{"@type":"PropertyValueSpecification","valueRequired":true,"valueName":"search_term_string"}}],"inLanguage":"fr-FR"},{"@type":"Person","@id":"https:\/\/listings.mybikeplan.ch\/fr\/#\/schema\/person\/514a6130749cc58319f751509338dafd","name":"Evelyne Aschwanden","image":{"@type":"ImageObject","inLanguage":"fr-FR","@id":"https:\/\/listings.mybikeplan.ch\/fr\/#\/schema\/person\/image\/","url":"https:\/\/secure.gravatar.com\/avatar\/73f0cad78e1012b10bb7c10f05a99be7009e6621353849483b51025ae56a6b37?s=96&d=mm&r=g","contentUrl":"https:\/\/secure.gravatar.com\/avatar\/73f0cad78e1012b10bb7c10f05a99be7009e6621353849483b51025ae56a6b37?s=96&d=mm&r=g","caption":"Evelyne Aschwanden"},"url":"https:\/\/listings.mybikeplan.ch\/fr\/author\/evelyne-mybikeplan\/"}]}},"locale":"fr","_links":{"self":[{"href":"https:\/\/listings.mybikeplan.ch\/fr\/wp-json\/wp\/v2\/posts\/35468","targetHints":{"allow":["GET"]}}],"collection":[{"href":"https:\/\/listings.mybikeplan.ch\/fr\/wp-json\/wp\/v2\/posts"}],"about":[{"href":"https:\/\/listings.mybikeplan.ch\/fr\/wp-json\/wp\/v2\/types\/post"}],"author":[{"embeddable":true,"href":"https:\/\/listings.mybikeplan.ch\/fr\/wp-json\/wp\/v2\/users\/15"}],"replies":[{"embeddable":true,"href":"https:\/\/listings.mybikeplan.ch\/fr\/wp-json\/wp\/v2\/comments?post=35468"}],"version-history":[{"count":2,"href":"https:\/\/listings.mybikeplan.ch\/fr\/wp-json\/wp\/v2\/posts\/35468\/revisions"}],"predecessor-version":[{"id":37192,"href":"https:\/\/listings.mybikeplan.ch\/fr\/wp-json\/wp\/v2\/posts\/35468\/revisions\/37192"}],"wp:featuredmedia":[{"embeddable":true,"href":"https:\/\/listings.mybikeplan.ch\/fr\/wp-json\/wp\/v2\/media\/35463"}],"wp:attachment":[{"href":"https:\/\/listings.mybikeplan.ch\/fr\/wp-json\/wp\/v2\/media?parent=35468"}],"wp:term":[{"taxonomy":"category","embeddable":true,"href":"https:\/\/listings.mybikeplan.ch\/fr\/wp-json\/wp\/v2\/categories?post=35468"},{"taxonomy":"post_tag","embeddable":true,"href":"https:\/\/listings.mybikeplan.ch\/fr\/wp-json\/wp\/v2\/tags?post=35468"}],"curies":[{"name":"wp","href":"https:\/\/api.w.org\/{rel}","templated":true}]}}