{"id":35075,"date":"2023-06-15T08:49:26","date_gmt":"2023-06-15T08:49:26","guid":{"rendered":"https:\/\/listings.mybikeplan.ch\/?p=35075"},"modified":"2023-08-16T13:14:08","modified_gmt":"2023-08-16T13:14:08","slug":"lhistoire-du-tour-de-suisse","status":"publish","type":"post","link":"https:\/\/listings.mybikeplan.ch\/fr\/non-classifiee\/lhistoire-du-tour-de-suisse\/","title":{"rendered":"L&rsquo;histoire du Tour de Suisse"},"content":{"rendered":"\n<p>Il y a peu d&rsquo;\u00e9v\u00e9nements cyclistes dans le monde qui combinent autant de beaut\u00e9s de paysages diff\u00e9rents, de d\u00e9fis sportifs et de rebondissements historiques que le Tour de Suisse. Depuis son premier signal de d\u00e9part en 1933, cette prestigieuse \u00e9preuve a \u00e9crit d&rsquo;innombrables histoires de triomphe, de d\u00e9faite, de courage et de comp\u00e9tition impitoyable.<\/p>\n\n\n\n<p>Cette ann\u00e9e, le Tour de Suisse aura lieu du 11 au 18 juin, il est donc temps d&rsquo;examiner de plus pr\u00e8s cet \u00e9v\u00e9nement embl\u00e9matique !<\/p>\n\n\n\n<h2 class=\"wp-block-heading\">Histoire<\/h2>\n\n\n\n<p>L&rsquo;histoire du Tour de Suisse remonte \u00e0 1933, date \u00e0 laquelle le Tour de France et le Giro d&rsquo;Italia existaient tous deux depuis le d\u00e9but du si\u00e8cle. A l&rsquo;occasion de son 50\u00e8me anniversaire, la F\u00e9d\u00e9ration suisse des cyclistes et motocyclistes a d\u00e9cid\u00e9 en 1933 de cr\u00e9er le Tour de Suisse. La Neue Z\u00fcrcher Zeitung commentait \u00e0 l&rsquo;\u00e9poque que l&rsquo;\u00e9poque o\u00f9 les cyclistes \u00e9taient consid\u00e9r\u00e9s comme des perturbateurs sur les routes \u00e9tait r\u00e9volue.<\/p>\n\n\n\n<p>Pour organiser l&rsquo;\u00e9v\u00e9nement, il fallait des villes-\u00e9tapes, des prix (10 000 francs, dont 2 000 pour le vainqueur), des r\u00e8glements, des profils de parcours et des horaires. 5000 commissaires de route ont d\u00fb \u00eatre form\u00e9s. Lors du premier tour, un demi-million de spectateurs se sont rassembl\u00e9s le long du parcours. 46 des 64 participants ont atteint l&rsquo;arriv\u00e9e \u00e0 Zurich. Le premier vainqueur, Max Bulla, a \u00e9t\u00e9 c\u00e9l\u00e9br\u00e9 en tant que chroniqueur \u00e9minent du BLICK lors du 50\u00e8me anniversaire du TdS en 1986. Bulla s&rsquo;est attir\u00e9 le m\u00e9contentement des professionnels lorsqu&rsquo;il a \u00e9crit apr\u00e8s une \u00e9tape tranquille : \u00ab\u00a0A ce rythme, j&rsquo;aurais pu facilement suivre aujourd&rsquo;hui\u00a0\u00bb.<\/p>\n\n\n\n<p>En 1934, Paul Egli est devenu le premier Suisse \u00e0 remporter une \u00e9tape, cette fois \u00e0 Lucerne. En 1937, Karl Litschi a \u00e9t\u00e9 le premier Suisse \u00e0 remporter le classement g\u00e9n\u00e9ral. L&rsquo;association a suivi l&rsquo;ordre du g\u00e9n\u00e9ral Guisan selon lequel la vie en Suisse devait continuer malgr\u00e9 la guerre, et a continu\u00e9 \u00e0 organiser les courses pendant les ann\u00e9es 1940. Cependant, seuls des coureurs professionnels suisses participaient \u00e0 ce que l&rsquo;on appelle le \u00ab\u00a0petit Tour de Suisse\u00a0\u00bb.<\/p>\n\n\n\n<figure class=\"wp-block-image size-large\"><a href=\"https:\/\/listings.mybikeplan.ch\/wp-content\/uploads\/2023\/06\/TourDeSuisse-retro1-1024x577.jpg\"><img loading=\"lazy\" decoding=\"async\" width=\"1024\" height=\"577\" src=\"https:\/\/listings.mybikeplan.ch\/wp-content\/uploads\/2023\/06\/TourDeSuisse-retro1-1024x577.jpg\" alt=\"\" class=\"wp-image-35065\" srcset=\"https:\/\/listings.mybikeplan.ch\/wp-content\/uploads\/2023\/06\/TourDeSuisse-retro1-1024x577.jpg 1024w, https:\/\/listings.mybikeplan.ch\/wp-content\/uploads\/2023\/06\/TourDeSuisse-retro1-555x313.jpg 555w, https:\/\/listings.mybikeplan.ch\/wp-content\/uploads\/2023\/06\/TourDeSuisse-retro1-570x320.jpg 570w, https:\/\/listings.mybikeplan.ch\/wp-content\/uploads\/2023\/06\/TourDeSuisse-retro1-768x433.jpg 768w, https:\/\/listings.mybikeplan.ch\/wp-content\/uploads\/2023\/06\/TourDeSuisse-retro1-1536x865.jpg 1536w, https:\/\/listings.mybikeplan.ch\/wp-content\/uploads\/2023\/06\/TourDeSuisse-retro1-666x375.jpg 666w, https:\/\/listings.mybikeplan.ch\/wp-content\/uploads\/2023\/06\/TourDeSuisse-retro1.jpg 1640w\" sizes=\"auto, (max-width: 1024px) 100vw, 1024px\" \/><\/a><\/figure>\n\n\n\n<p>En 1942, \u00e0 l&rsquo;\u00e2ge de 23 ans, Ferdy K\u00fcbler a remport\u00e9 son premier des trois tours du pays, malgr\u00e9 le rationnement alimentaire et le manque de pneus de course ! En cinq jours, 1176 kilom\u00e8tres ont \u00e9t\u00e9 parcourus. En 1949, les organisateurs ont finalement r\u00e9ussi un grand coup : les quatre grands du cyclisme &#8211; Fausto Coppi, Gino Bartali, Ferdy K\u00fcbler et Hugo Koblet &#8211; \u00e9taient tous sur la liste de d\u00e9part. Bartali a gagn\u00e9 comme l&rsquo;ann\u00e9e derni\u00e8re avec une performance impressionnante.<\/p>\n\n\n\n<p>Alors que l&rsquo;Italie \u00e9tait fi\u00e8re de Coppi et Bartali, la Suisse brille avec Ferdy K\u00fcbler et Hugo Koblet. Hugo Koblet est consid\u00e9r\u00e9 comme la premi\u00e8re star du sport suisse. Il \u00e9tait c\u00e9l\u00e8bre aupr\u00e8s des femmes et menait une vie luxueuse, jusqu&rsquo;\u00e0 ce qu&rsquo;il finisse par manquer d&rsquo;argent. En 1950, il a \u00e9t\u00e9 le premier non-italien \u00e0 remporter le Giro, et un mois plus tard, son premier Tour de Suisse. En 1952, il a triomph\u00e9 dans le Tour de France.<\/p>\n\n\n\n<p>Mais l&rsquo;ascension de Koblet devait bient\u00f4t prendre fin : Pendant le tour de juin 1952, il est tomb\u00e9 malade. Carl Senn, le pr\u00e9sident de l&rsquo;association, a envoy\u00e9 un m\u00e9decin aupr\u00e8s de Koblet avec l&rsquo;instruction suivante : \u00ab\u00a0Remets-le en forme, quoi qu&rsquo;il en co\u00fbte\u00a0\u00bb. Contre sa volont\u00e9 et \u00e0 son insu, on a alors inject\u00e9 des amph\u00e9tamines \u00e0 Koblet. Le stimulant a endommag\u00e9 son c\u0153ur et sa capacit\u00e9 \u00e0 gravir des pentes a \u00e9t\u00e9 consid\u00e9rablement r\u00e9duite. A partir d&rsquo;une altitude de 1500 m\u00e8tres, il manquait d&rsquo;air.<\/p>\n\n\n\n<p>Apr\u00e8s le retrait de K\u00fcbler et Koblet, le cyclisme suisse perd de son importance dans les ann\u00e9es 60. Les moyens financiers se font de plus en plus rares et le Tour de Suisse menace de s&rsquo;\u00e9crouler. Mais c&rsquo;est alors que Sepp Voegeli, un repr\u00e9sentant en bi\u00e8re de Gippingen, arrive et donne une caution de 92 000 francs en 1966. Il travaille 24 heures sur 24 et est nomm\u00e9 directeur du Tour en 1967. Son premier grand succ\u00e8s : Louis Pfenninger (1968) bat les Italiens.&nbsp;<\/p>\n\n\n\n<figure class=\"wp-block-image size-large\"><a href=\"https:\/\/listings.mybikeplan.ch\/wp-content\/uploads\/2023\/06\/TourDeSuisse-retro-1024x577.jpg\"><img loading=\"lazy\" decoding=\"async\" width=\"1024\" height=\"577\" src=\"https:\/\/listings.mybikeplan.ch\/wp-content\/uploads\/2023\/06\/TourDeSuisse-retro-1024x577.jpg\" alt=\"\" class=\"wp-image-35068\" srcset=\"https:\/\/listings.mybikeplan.ch\/wp-content\/uploads\/2023\/06\/TourDeSuisse-retro-1024x577.jpg 1024w, https:\/\/listings.mybikeplan.ch\/wp-content\/uploads\/2023\/06\/TourDeSuisse-retro-555x313.jpg 555w, https:\/\/listings.mybikeplan.ch\/wp-content\/uploads\/2023\/06\/TourDeSuisse-retro-570x320.jpg 570w, https:\/\/listings.mybikeplan.ch\/wp-content\/uploads\/2023\/06\/TourDeSuisse-retro-768x433.jpg 768w, https:\/\/listings.mybikeplan.ch\/wp-content\/uploads\/2023\/06\/TourDeSuisse-retro-1536x865.jpg 1536w, https:\/\/listings.mybikeplan.ch\/wp-content\/uploads\/2023\/06\/TourDeSuisse-retro-666x375.jpg 666w, https:\/\/listings.mybikeplan.ch\/wp-content\/uploads\/2023\/06\/TourDeSuisse-retro.jpg 1640w\" sizes=\"auto, (max-width: 1024px) 100vw, 1024px\" \/><\/a><\/figure>\n\n\n\n<p>A cette \u00e9poque, la popularit\u00e9 du Tour de Suisse ne cesse de cro\u00eetre et Voegeli devient de plus en plus exigeant. Quelques anecdotes datent de cette \u00e9poque. Par exemple, Voegeli avait des id\u00e9es sp\u00e9cifiques sur la coiffure de \u00ab\u00a0ses\u00a0\u00bb coureurs et est connu pour ses crises de col\u00e8re lorsqu&rsquo;il disait qu&rsquo;il y avait trop de cheveux (Henk Lubberding des Pays-Bas) ou pas assez (Mario Beccia d&rsquo;Italie) sur le podium.<\/p>\n\n\n\n<p>Apr\u00e8s un quart de si\u00e8cle \u00e0 la t\u00eate, le directeur Sepp Voegeli quitte son poste en 1991 et transmet la barre de la quatri\u00e8me course cycliste la plus importante du monde \u00e0 son successeur Hugo Steinegger. A partir de l&rsquo;ann\u00e9e 2000, la course est g\u00e9r\u00e9e de mani\u00e8re professionnelle par les directeurs IMG Marc Biver et Tony Rominger : Des concepts, des plans d&rsquo;affaires et des strat\u00e9gies marketing voient le jour. La Suisse peut encore f\u00eater deux victoires au classement g\u00e9n\u00e9ral avec Oscar Camenzind en 2000 et Alex Z\u00fclle en 2002. Fabian Jeker de B\u00e2le n&rsquo;a pas de chance en 2004 : il termine deuxi\u00e8me derri\u00e8re Jan Ullrich, \u00e0 une seconde seulement.<\/p>\n\n\n\n<p>Les ann\u00e9es suivantes, l&rsquo;\u00e9v\u00e9nement conna\u00eet une p\u00e9riode de vaches maigres. Seul le talent exceptionnel de Fabian Cancellara apporte de nouveaux succ\u00e8s. Le Bernois, \u00e0 l&rsquo;origine un sp\u00e9cialiste du contre-la-montre, devient le vainqueur du classement g\u00e9n\u00e9ral du TdS en 2009. Jusqu&rsquo;\u00e0 pr\u00e9sent, c&rsquo;est la derni\u00e8re victoire suisse au classement g\u00e9n\u00e9ral &#8211; mais la l\u00e9gende du Tour de Suisse continue n\u00e9anmoins de vivre sans rel\u00e2che.<\/p>\n\n\n\n<hr class=\"wp-block-separator has-alpha-channel-opacity\"\/>\n\n\n\n<p>Nous aussi, chez MyBikePlan, nous suivons le Tour de Suisse de pr\u00e8s cette ann\u00e9e ! D&rsquo;ailleurs, savais-tu qu&rsquo;en plus des v\u00e9los \u00e9lectriques, nous avons aussi des v\u00e9los r\u00e9guliers de grandes marques connues dans notre assortiment, avec lesquels tu peux porter tes performances \u00e0 un autre niveau ? N&rsquo;h\u00e9site pas \u00e0 jeter un coup d&rsquo;\u0153il !<\/p>\n\n\n\n<div class=\"wp-block-buttons is-layout-flex wp-block-buttons-is-layout-flex\">\n<div class=\"wp-block-button\"><a class=\"wp-block-button__link wp-element-button\" href=\"https:\/\/www.mybikeplan.ch\/fr\/categories\/bikes-normaux\">Vers nos v\u00e9los<\/a><\/div>\n<\/div>\n","protected":false},"excerpt":{"rendered":"<p>Il y a peu d&rsquo;\u00e9v\u00e9nements cyclistes dans le monde qui combinent autant de beaut\u00e9s de paysages diff\u00e9rents, de d\u00e9fis sportifs et de rebondissements historiques que le Tour de Suisse. Depuis son premier signal de d\u00e9part en 1933, cette prestigieuse \u00e9preuve a \u00e9crit d&rsquo;innombrables histoires de triomphe, de d\u00e9faite, de courage et de comp\u00e9tition impitoyable. Cette [&hellip;]<\/p>\n","protected":false},"author":15,"featured_media":35073,"comment_status":"open","ping_status":"open","sticky":false,"template":"","format":"standard","meta":{"_acf_changed":false,"footnotes":""},"categories":[4442,291],"tags":[],"class_list":["post-35075","post","type-post","status-publish","format-standard","has-post-thumbnail","hentry","category-mybikeplan-fr","category-non-classifiee"],"acf":[],"yoast_head":"<!-- This site is optimized with the Yoast SEO plugin v24.5 - https:\/\/yoast.com\/wordpress\/plugins\/seo\/ -->\n<title>L&#039;histoire du Tour de Suisse<\/title>\n<meta name=\"description\" content=\"Le Tour de Suisse est probablement l&#039;un des \u00e9v\u00e9nements cyclistes les plus connus et les plus prestigieux du monde. Mais comment est-il n\u00e9 en r\u00e9alit\u00e9 ?\" \/>\n<meta name=\"robots\" content=\"noindex, follow, max-snippet:-1, max-image-preview:large, max-video-preview:-1\" \/>\n<meta property=\"og:locale\" content=\"fr_FR\" \/>\n<meta property=\"og:type\" content=\"article\" \/>\n<meta property=\"og:title\" content=\"L&#039;histoire du Tour de Suisse\" \/>\n<meta property=\"og:description\" content=\"Le Tour de Suisse est probablement l&#039;un des \u00e9v\u00e9nements cyclistes les plus connus et les plus prestigieux du monde. Mais comment est-il n\u00e9 en r\u00e9alit\u00e9 ?\" \/>\n<meta property=\"og:url\" content=\"https:\/\/listings.mybikeplan.ch\/fr\/non-classifiee\/lhistoire-du-tour-de-suisse\/\" \/>\n<meta property=\"og:site_name\" content=\"MyBikePlan\" \/>\n<meta property=\"article:published_time\" content=\"2023-06-15T08:49:26+00:00\" \/>\n<meta property=\"article:modified_time\" content=\"2023-08-16T13:14:08+00:00\" \/>\n<meta property=\"og:image\" content=\"https:\/\/listings.mybikeplan.ch\/wp-content\/uploads\/2023\/06\/Tour-De-Suisse.jpg\" \/>\n\t<meta property=\"og:image:width\" content=\"1640\" \/>\n\t<meta property=\"og:image:height\" content=\"924\" \/>\n\t<meta property=\"og:image:type\" content=\"image\/jpeg\" \/>\n<meta name=\"author\" content=\"Evelyne Aschwanden\" \/>\n<meta name=\"twitter:card\" content=\"summary_large_image\" \/>\n<meta name=\"twitter:label1\" content=\"\u00c9crit par\" \/>\n\t<meta name=\"twitter:data1\" content=\"Evelyne Aschwanden\" \/>\n\t<meta name=\"twitter:label2\" content=\"Dur\u00e9e de lecture estim\u00e9e\" \/>\n\t<meta name=\"twitter:data2\" content=\"5 minutes\" \/>\n<script type=\"application\/ld+json\" class=\"yoast-schema-graph\">{\"@context\":\"https:\/\/schema.org\",\"@graph\":[{\"@type\":\"WebPage\",\"@id\":\"https:\/\/listings.mybikeplan.ch\/fr\/non-classifiee\/lhistoire-du-tour-de-suisse\/\",\"url\":\"https:\/\/listings.mybikeplan.ch\/fr\/non-classifiee\/lhistoire-du-tour-de-suisse\/\",\"name\":\"L'histoire du Tour de Suisse\",\"isPartOf\":{\"@id\":\"https:\/\/listings.mybikeplan.ch\/fr\/#website\"},\"primaryImageOfPage\":{\"@id\":\"https:\/\/listings.mybikeplan.ch\/fr\/non-classifiee\/lhistoire-du-tour-de-suisse\/#primaryimage\"},\"image\":{\"@id\":\"https:\/\/listings.mybikeplan.ch\/fr\/non-classifiee\/lhistoire-du-tour-de-suisse\/#primaryimage\"},\"thumbnailUrl\":\"https:\/\/listings.mybikeplan.ch\/wp-content\/uploads\/2023\/06\/Tour-De-Suisse.jpg\",\"datePublished\":\"2023-06-15T08:49:26+00:00\",\"dateModified\":\"2023-08-16T13:14:08+00:00\",\"author\":{\"@id\":\"https:\/\/listings.mybikeplan.ch\/fr\/#\/schema\/person\/514a6130749cc58319f751509338dafd\"},\"description\":\"Le Tour de Suisse est probablement l'un des \u00e9v\u00e9nements cyclistes les plus connus et les plus prestigieux du monde. Mais comment est-il n\u00e9 en r\u00e9alit\u00e9 ?\",\"breadcrumb\":{\"@id\":\"https:\/\/listings.mybikeplan.ch\/fr\/non-classifiee\/lhistoire-du-tour-de-suisse\/#breadcrumb\"},\"inLanguage\":\"fr-FR\",\"potentialAction\":[{\"@type\":\"ReadAction\",\"target\":[\"https:\/\/listings.mybikeplan.ch\/fr\/non-classifiee\/lhistoire-du-tour-de-suisse\/\"]}]},{\"@type\":\"ImageObject\",\"inLanguage\":\"fr-FR\",\"@id\":\"https:\/\/listings.mybikeplan.ch\/fr\/non-classifiee\/lhistoire-du-tour-de-suisse\/#primaryimage\",\"url\":\"https:\/\/listings.mybikeplan.ch\/wp-content\/uploads\/2023\/06\/Tour-De-Suisse.jpg\",\"contentUrl\":\"https:\/\/listings.mybikeplan.ch\/wp-content\/uploads\/2023\/06\/Tour-De-Suisse.jpg\",\"width\":1640,\"height\":924},{\"@type\":\"BreadcrumbList\",\"@id\":\"https:\/\/listings.mybikeplan.ch\/fr\/non-classifiee\/lhistoire-du-tour-de-suisse\/#breadcrumb\",\"itemListElement\":[{\"@type\":\"ListItem\",\"position\":1,\"name\":\"Home\",\"item\":\"https:\/\/listings.mybikeplan.ch\/fr\/home\/\"},{\"@type\":\"ListItem\",\"position\":2,\"name\":\"L&#8217;histoire du Tour de Suisse\"}]},{\"@type\":\"WebSite\",\"@id\":\"https:\/\/listings.mybikeplan.ch\/fr\/#website\",\"url\":\"https:\/\/listings.mybikeplan.ch\/fr\/\",\"name\":\"MyBikePlan\",\"description\":\"\",\"potentialAction\":[{\"@type\":\"SearchAction\",\"target\":{\"@type\":\"EntryPoint\",\"urlTemplate\":\"https:\/\/listings.mybikeplan.ch\/fr\/?s={search_term_string}\"},\"query-input\":{\"@type\":\"PropertyValueSpecification\",\"valueRequired\":true,\"valueName\":\"search_term_string\"}}],\"inLanguage\":\"fr-FR\"},{\"@type\":\"Person\",\"@id\":\"https:\/\/listings.mybikeplan.ch\/fr\/#\/schema\/person\/514a6130749cc58319f751509338dafd\",\"name\":\"Evelyne Aschwanden\",\"image\":{\"@type\":\"ImageObject\",\"inLanguage\":\"fr-FR\",\"@id\":\"https:\/\/listings.mybikeplan.ch\/fr\/#\/schema\/person\/image\/\",\"url\":\"https:\/\/secure.gravatar.com\/avatar\/73f0cad78e1012b10bb7c10f05a99be7009e6621353849483b51025ae56a6b37?s=96&d=mm&r=g\",\"contentUrl\":\"https:\/\/secure.gravatar.com\/avatar\/73f0cad78e1012b10bb7c10f05a99be7009e6621353849483b51025ae56a6b37?s=96&d=mm&r=g\",\"caption\":\"Evelyne Aschwanden\"},\"url\":\"https:\/\/listings.mybikeplan.ch\/fr\/author\/evelyne-mybikeplan\/\"}]}<\/script>\n<!-- \/ Yoast SEO plugin. -->","yoast_head_json":{"title":"L'histoire du Tour de Suisse","description":"Le Tour de Suisse est probablement l'un des \u00e9v\u00e9nements cyclistes les plus connus et les plus prestigieux du monde. Mais comment est-il n\u00e9 en r\u00e9alit\u00e9 ?","robots":{"index":"noindex","follow":"follow","max-snippet":"max-snippet:-1","max-image-preview":"max-image-preview:large","max-video-preview":"max-video-preview:-1"},"og_locale":"fr_FR","og_type":"article","og_title":"L'histoire du Tour de Suisse","og_description":"Le Tour de Suisse est probablement l'un des \u00e9v\u00e9nements cyclistes les plus connus et les plus prestigieux du monde. Mais comment est-il n\u00e9 en r\u00e9alit\u00e9 ?","og_url":"https:\/\/listings.mybikeplan.ch\/fr\/non-classifiee\/lhistoire-du-tour-de-suisse\/","og_site_name":"MyBikePlan","article_published_time":"2023-06-15T08:49:26+00:00","article_modified_time":"2023-08-16T13:14:08+00:00","og_image":[{"width":1640,"height":924,"url":"https:\/\/listings.mybikeplan.ch\/wp-content\/uploads\/2023\/06\/Tour-De-Suisse.jpg","type":"image\/jpeg"}],"author":"Evelyne Aschwanden","twitter_card":"summary_large_image","twitter_misc":{"\u00c9crit par":"Evelyne Aschwanden","Dur\u00e9e de lecture estim\u00e9e":"5 minutes"},"schema":{"@context":"https:\/\/schema.org","@graph":[{"@type":"WebPage","@id":"https:\/\/listings.mybikeplan.ch\/fr\/non-classifiee\/lhistoire-du-tour-de-suisse\/","url":"https:\/\/listings.mybikeplan.ch\/fr\/non-classifiee\/lhistoire-du-tour-de-suisse\/","name":"L'histoire du Tour de Suisse","isPartOf":{"@id":"https:\/\/listings.mybikeplan.ch\/fr\/#website"},"primaryImageOfPage":{"@id":"https:\/\/listings.mybikeplan.ch\/fr\/non-classifiee\/lhistoire-du-tour-de-suisse\/#primaryimage"},"image":{"@id":"https:\/\/listings.mybikeplan.ch\/fr\/non-classifiee\/lhistoire-du-tour-de-suisse\/#primaryimage"},"thumbnailUrl":"https:\/\/listings.mybikeplan.ch\/wp-content\/uploads\/2023\/06\/Tour-De-Suisse.jpg","datePublished":"2023-06-15T08:49:26+00:00","dateModified":"2023-08-16T13:14:08+00:00","author":{"@id":"https:\/\/listings.mybikeplan.ch\/fr\/#\/schema\/person\/514a6130749cc58319f751509338dafd"},"description":"Le Tour de Suisse est probablement l'un des \u00e9v\u00e9nements cyclistes les plus connus et les plus prestigieux du monde. Mais comment est-il n\u00e9 en r\u00e9alit\u00e9 ?","breadcrumb":{"@id":"https:\/\/listings.mybikeplan.ch\/fr\/non-classifiee\/lhistoire-du-tour-de-suisse\/#breadcrumb"},"inLanguage":"fr-FR","potentialAction":[{"@type":"ReadAction","target":["https:\/\/listings.mybikeplan.ch\/fr\/non-classifiee\/lhistoire-du-tour-de-suisse\/"]}]},{"@type":"ImageObject","inLanguage":"fr-FR","@id":"https:\/\/listings.mybikeplan.ch\/fr\/non-classifiee\/lhistoire-du-tour-de-suisse\/#primaryimage","url":"https:\/\/listings.mybikeplan.ch\/wp-content\/uploads\/2023\/06\/Tour-De-Suisse.jpg","contentUrl":"https:\/\/listings.mybikeplan.ch\/wp-content\/uploads\/2023\/06\/Tour-De-Suisse.jpg","width":1640,"height":924},{"@type":"BreadcrumbList","@id":"https:\/\/listings.mybikeplan.ch\/fr\/non-classifiee\/lhistoire-du-tour-de-suisse\/#breadcrumb","itemListElement":[{"@type":"ListItem","position":1,"name":"Home","item":"https:\/\/listings.mybikeplan.ch\/fr\/home\/"},{"@type":"ListItem","position":2,"name":"L&#8217;histoire du Tour de Suisse"}]},{"@type":"WebSite","@id":"https:\/\/listings.mybikeplan.ch\/fr\/#website","url":"https:\/\/listings.mybikeplan.ch\/fr\/","name":"MyBikePlan","description":"","potentialAction":[{"@type":"SearchAction","target":{"@type":"EntryPoint","urlTemplate":"https:\/\/listings.mybikeplan.ch\/fr\/?s={search_term_string}"},"query-input":{"@type":"PropertyValueSpecification","valueRequired":true,"valueName":"search_term_string"}}],"inLanguage":"fr-FR"},{"@type":"Person","@id":"https:\/\/listings.mybikeplan.ch\/fr\/#\/schema\/person\/514a6130749cc58319f751509338dafd","name":"Evelyne Aschwanden","image":{"@type":"ImageObject","inLanguage":"fr-FR","@id":"https:\/\/listings.mybikeplan.ch\/fr\/#\/schema\/person\/image\/","url":"https:\/\/secure.gravatar.com\/avatar\/73f0cad78e1012b10bb7c10f05a99be7009e6621353849483b51025ae56a6b37?s=96&d=mm&r=g","contentUrl":"https:\/\/secure.gravatar.com\/avatar\/73f0cad78e1012b10bb7c10f05a99be7009e6621353849483b51025ae56a6b37?s=96&d=mm&r=g","caption":"Evelyne Aschwanden"},"url":"https:\/\/listings.mybikeplan.ch\/fr\/author\/evelyne-mybikeplan\/"}]}},"locale":"fr","_links":{"self":[{"href":"https:\/\/listings.mybikeplan.ch\/fr\/wp-json\/wp\/v2\/posts\/35075","targetHints":{"allow":["GET"]}}],"collection":[{"href":"https:\/\/listings.mybikeplan.ch\/fr\/wp-json\/wp\/v2\/posts"}],"about":[{"href":"https:\/\/listings.mybikeplan.ch\/fr\/wp-json\/wp\/v2\/types\/post"}],"author":[{"embeddable":true,"href":"https:\/\/listings.mybikeplan.ch\/fr\/wp-json\/wp\/v2\/users\/15"}],"replies":[{"embeddable":true,"href":"https:\/\/listings.mybikeplan.ch\/fr\/wp-json\/wp\/v2\/comments?post=35075"}],"version-history":[{"count":2,"href":"https:\/\/listings.mybikeplan.ch\/fr\/wp-json\/wp\/v2\/posts\/35075\/revisions"}],"predecessor-version":[{"id":37194,"href":"https:\/\/listings.mybikeplan.ch\/fr\/wp-json\/wp\/v2\/posts\/35075\/revisions\/37194"}],"wp:featuredmedia":[{"embeddable":true,"href":"https:\/\/listings.mybikeplan.ch\/fr\/wp-json\/wp\/v2\/media\/35073"}],"wp:attachment":[{"href":"https:\/\/listings.mybikeplan.ch\/fr\/wp-json\/wp\/v2\/media?parent=35075"}],"wp:term":[{"taxonomy":"category","embeddable":true,"href":"https:\/\/listings.mybikeplan.ch\/fr\/wp-json\/wp\/v2\/categories?post=35075"},{"taxonomy":"post_tag","embeddable":true,"href":"https:\/\/listings.mybikeplan.ch\/fr\/wp-json\/wp\/v2\/tags?post=35075"}],"curies":[{"name":"wp","href":"https:\/\/api.w.org\/{rel}","templated":true}]}}