{"id":34687,"date":"2023-06-08T12:46:33","date_gmt":"2023-06-08T12:46:33","guid":{"rendered":"https:\/\/listings.mybikeplan.ch\/?p=34687"},"modified":"2023-08-16T13:14:11","modified_gmt":"2023-08-16T13:14:11","slug":"5-facons-dont-les-velos-electriques-amelioreront-ta-vie-en-2023","status":"publish","type":"post","link":"https:\/\/listings.mybikeplan.ch\/fr\/non-classifiee\/5-facons-dont-les-velos-electriques-amelioreront-ta-vie-en-2023\/","title":{"rendered":"5 fa\u00e7ons dont les v\u00e9los \u00e9lectriques am\u00e9lioreront ta vie en 2023"},"content":{"rendered":"\n<p>Sur le march\u00e9 du v\u00e9lo, les v\u00e9los \u00e9lectriques ont continu\u00e9 \u00e0 gagner en popularit\u00e9 de mani\u00e8re sensible en 2023. Pas \u00e9tonnant, car les v\u00e9los \u00e9lectriques peuvent sans aucun doute changer la vie ! Dans ce blog post, tu d\u00e9couvriras comment les v\u00e9los \u00e9lectriques 2023 am\u00e9liorent la vie des gens &#8211; et comment l&rsquo;un de ces v\u00e9los ultramodernes pourrait peut-\u00eatre bient\u00f4t enrichir la tienne !<\/p>\n\n\n\n<h2 class=\"wp-block-heading\">Faire du bien \u00e0 l&rsquo;environnement avec les E-Bikes 2023<\/h2>\n\n\n\n<p>Les v\u00e9los \u00e9lectriques sont un moyen fantastique de contribuer activement \u00e0 la protection de l&rsquo;environnement. Ils ne produisent pas de gaz d&rsquo;\u00e9chappement nocifs et utilisent moins d&rsquo;\u00e9nergie que les voitures ou les motos. En utilisant un v\u00e9lo \u00e9lectrique, tu peux r\u00e9duire ton empreinte \u00e9cologique et contribuer activement \u00e0 la lutte contre le changement climatique.<\/p>\n\n\n\n<p>D&rsquo;ailleurs, en mati\u00e8re d&rsquo;\u00e9missions de CO2, les v\u00e9los \u00e9lectriques font m\u00eame mieux que les transports publics en 2023, selon une \u00e9tude !<\/p>\n\n\n\n<h2 class=\"wp-block-heading\">Sant\u00e9 et forme physique<\/h2>\n\n\n\n<p>Bien qu&rsquo;un v\u00e9lo \u00e9lectrique t&rsquo;aide \u00e0 p\u00e9daler, cela ne signifie pas que tu n&rsquo;auras pas d&rsquo;entra\u00eenement sur le parcours. Au contraire, il te permet d&rsquo;am\u00e9liorer ta condition physique de mani\u00e8re routini\u00e8re, sans avoir l&rsquo;impression de devoir faire un entra\u00eenement difficile. Tu peux am\u00e9liorer ton endurance tout en profitant de l&rsquo;air frais. En outre, diff\u00e9rentes \u00e9tudes ont prouv\u00e9 que l&rsquo;on ne fait pas moins de sport sur des v\u00e9los \u00e9lectriques en 2023, car on parcourt en moyenne de plus longues distances qu&rsquo;avec un v\u00e9lo ordinaire &#8211; et on br\u00fble donc en fin de compte autant de calories.<\/p>\n\n\n\n<h2 class=\"wp-block-heading\">\u00c9conomies de co\u00fbts<\/h2>\n\n\n\n<figure class=\"wp-block-image size-large\"><a href=\"https:\/\/listings.mybikeplan.ch\/wp-content\/uploads\/2023\/06\/Vorteile-von-E-Bikes-2023-1-1024x682.jpg\"><img loading=\"lazy\" decoding=\"async\" width=\"1024\" height=\"682\" src=\"https:\/\/listings.mybikeplan.ch\/wp-content\/uploads\/2023\/06\/Vorteile-von-E-Bikes-2023-1-1024x682.jpg\" alt=\"\" class=\"wp-image-34688\" srcset=\"https:\/\/listings.mybikeplan.ch\/wp-content\/uploads\/2023\/06\/Vorteile-von-E-Bikes-2023-1-1024x682.jpg 1024w, https:\/\/listings.mybikeplan.ch\/wp-content\/uploads\/2023\/06\/Vorteile-von-E-Bikes-2023-1-540x360.jpg 540w, https:\/\/listings.mybikeplan.ch\/wp-content\/uploads\/2023\/06\/Vorteile-von-E-Bikes-2023-1-768x512.jpg 768w, https:\/\/listings.mybikeplan.ch\/wp-content\/uploads\/2023\/06\/Vorteile-von-E-Bikes-2023-1-666x444.jpg 666w, https:\/\/listings.mybikeplan.ch\/wp-content\/uploads\/2023\/06\/Vorteile-von-E-Bikes-2023-1.jpg 1199w\" sizes=\"auto, (max-width: 1024px) 100vw, 1024px\" \/><\/a><\/figure>\n\n\n\n<p>A premi\u00e8re vue, le prix d&rsquo;achat des v\u00e9los \u00e9lectriques 2023 peut encore sembler \u00e9lev\u00e9. Mais consid\u00e8re les \u00e9conomies \u00e0 long terme : Le co\u00fbt de la recharge de la batterie est nettement inf\u00e9rieur \u00e0 celui de l&rsquo;essence ou du diesel. En outre, les v\u00e9los \u00e9lectriques n\u00e9cessitent moins d&rsquo;entretien que les voitures, ce qui signifie que tu peux aussi \u00e9conomiser de l&rsquo;argent sur les r\u00e9parations et les inspections. Et en ville, tu peux souvent remplacer compl\u00e8tement ta voiture ou ton ticket de transport public avec un E-Bike.<\/p>\n\n\n\n<h2 class=\"wp-block-heading\">Confort et commodit\u00e9<\/h2>\n\n\n\n<p>Les v\u00e9los \u00e9lectriques te permettent de parcourir de plus longues distances et de franchir plus facilement les mont\u00e9es sans que tu n&rsquo;arrives compl\u00e8tement \u00e9puis\u00e9 ou en sueur. C&rsquo;est particuli\u00e8rement utile si tu vas au travail ou faire des courses \u00e0 v\u00e9lo ou si tu veux transporter des enfants. En outre, les v\u00e9los \u00e9lectriques 2023 sont une excellente option pour les personnes limit\u00e9es par l&rsquo;\u00e2ge ou des probl\u00e8mes de sant\u00e9, mais qui souhaitent rester actives.<\/p>\n\n\n\n<h2 class=\"wp-block-heading\">Gain de temps et \u00e9vitement des embouteillages<\/h2>\n\n\n\n<p>Qui aimerait rester dans les embouteillages ? Avec un v\u00e9lo \u00e9lectrique, tu peux \u00e9viter les embouteillages tout en optimisant ton temps de trajet. Comme les v\u00e9los \u00e9lectriques sont plus petits et plus maniables, tu peux naviguer plus facilement dans le trafic et acc\u00e9l\u00e9rer consid\u00e9rablement ton trajet vers le travail ou d&rsquo;autres endroits. Dans ce cas, un v\u00e9lo \u00e9lectrique de 45 km\/h est le plus appropri\u00e9 lors de la s\u00e9lection des v\u00e9los \u00e9lectriques 2023.<\/p>\n\n\n\n<p><strong>Conclusion :<\/strong><\/p>\n\n\n\n<p>Il est clair que les avantages des v\u00e9los \u00e9lectriques sont nombreux. De la protection de l&rsquo;environnement et de la promotion de la sant\u00e9 \u00e0 l&rsquo;\u00e9conomie de co\u00fbts, en passant par un confort accru et l&rsquo;efficacit\u00e9 du temps, il y a de nombreuses raisons pour lesquelles les v\u00e9los \u00e9lectriques 2023 peuvent am\u00e9liorer ta vie. Tu as des questions sur les v\u00e9los \u00e9lectriques ? Nous sommes l\u00e0 pour toi avec plaisir !<\/p>\n\n\n\n<div class=\"wp-block-buttons is-layout-flex wp-block-buttons-is-layout-flex\">\n<div class=\"wp-block-button\"><a class=\"wp-block-button__link wp-element-button\" href=\"https:\/\/meetings.hubspot.com\/mybikeplan\/consultation-de-30-minutes-\">Laisse-toi conseiller<\/a><\/div>\n\n\n\n<div class=\"wp-block-button\"><a class=\"wp-block-button__link wp-element-button\" href=\"https:\/\/www.mybikeplan.ch\/fr\/tous-les-modeles-e-bike-suisse\/categorie\/-\/variantes-du-cadre\/-\/capacite-batterie\/-\/poids-maximal\/-\/accessoires\/-\/vitesse\/-\/marque\/-\/moteur-marque\/-\/couleur\/-\/taille-du-corps\/-\/fourchette-de-prix\/-\/disponible\/-\/trier\/prix\/moins-cher\">Vers nos v\u00e9los \u00e9lectriques 2023<\/a><\/div>\n<\/div>\n","protected":false},"excerpt":{"rendered":"<p>Sur le march\u00e9 du v\u00e9lo, les v\u00e9los \u00e9lectriques ont continu\u00e9 \u00e0 gagner en popularit\u00e9 de mani\u00e8re sensible en 2023. Pas \u00e9tonnant, car les v\u00e9los \u00e9lectriques peuvent sans aucun doute changer la vie ! Dans ce blog post, tu d\u00e9couvriras comment les v\u00e9los \u00e9lectriques 2023 am\u00e9liorent la vie des gens &#8211; et comment l&rsquo;un de ces [&hellip;]<\/p>\n","protected":false},"author":15,"featured_media":34691,"comment_status":"open","ping_status":"open","sticky":false,"template":"","format":"standard","meta":{"_acf_changed":false,"footnotes":""},"categories":[4442,291],"tags":[],"class_list":["post-34687","post","type-post","status-publish","format-standard","has-post-thumbnail","hentry","category-mybikeplan-fr","category-non-classifiee"],"acf":[],"yoast_head":"<!-- This site is optimized with the Yoast SEO plugin v24.5 - https:\/\/yoast.com\/wordpress\/plugins\/seo\/ -->\n<title>5 fa\u00e7ons dont les v\u00e9los \u00e9lectriques am\u00e9lioreront ta vie en 2023<\/title>\n<meta name=\"description\" content=\"Sur le march\u00e9 du v\u00e9lo, les v\u00e9los \u00e9lectriques ont continu\u00e9 \u00e0 gagner en popularit\u00e9 de mani\u00e8re sensible en 2023.\" \/>\n<meta name=\"robots\" content=\"noindex, follow, max-snippet:-1, max-image-preview:large, max-video-preview:-1\" \/>\n<meta property=\"og:locale\" content=\"fr_FR\" \/>\n<meta property=\"og:type\" content=\"article\" \/>\n<meta property=\"og:title\" content=\"5 fa\u00e7ons dont les v\u00e9los \u00e9lectriques am\u00e9lioreront ta vie en 2023\" \/>\n<meta property=\"og:description\" content=\"Sur le march\u00e9 du v\u00e9lo, les v\u00e9los \u00e9lectriques ont continu\u00e9 \u00e0 gagner en popularit\u00e9 de mani\u00e8re sensible en 2023.\" \/>\n<meta property=\"og:url\" content=\"https:\/\/listings.mybikeplan.ch\/fr\/non-classifiee\/5-facons-dont-les-velos-electriques-amelioreront-ta-vie-en-2023\/\" \/>\n<meta property=\"og:site_name\" content=\"MyBikePlan\" \/>\n<meta property=\"article:published_time\" content=\"2023-06-08T12:46:33+00:00\" \/>\n<meta property=\"article:modified_time\" content=\"2023-08-16T13:14:11+00:00\" \/>\n<meta property=\"og:image\" content=\"https:\/\/listings.mybikeplan.ch\/wp-content\/uploads\/2023\/06\/E-Bikes2023-1.jpg\" \/>\n\t<meta property=\"og:image:width\" content=\"1640\" \/>\n\t<meta property=\"og:image:height\" content=\"924\" \/>\n\t<meta property=\"og:image:type\" content=\"image\/jpeg\" \/>\n<meta name=\"author\" content=\"Evelyne Aschwanden\" \/>\n<meta name=\"twitter:card\" content=\"summary_large_image\" \/>\n<meta name=\"twitter:label1\" content=\"\u00c9crit par\" \/>\n\t<meta name=\"twitter:data1\" content=\"Evelyne Aschwanden\" \/>\n\t<meta name=\"twitter:label2\" content=\"Dur\u00e9e de lecture estim\u00e9e\" \/>\n\t<meta name=\"twitter:data2\" content=\"3 minutes\" \/>\n<script type=\"application\/ld+json\" class=\"yoast-schema-graph\">{\"@context\":\"https:\/\/schema.org\",\"@graph\":[{\"@type\":\"WebPage\",\"@id\":\"https:\/\/listings.mybikeplan.ch\/fr\/non-classifiee\/5-facons-dont-les-velos-electriques-amelioreront-ta-vie-en-2023\/\",\"url\":\"https:\/\/listings.mybikeplan.ch\/fr\/non-classifiee\/5-facons-dont-les-velos-electriques-amelioreront-ta-vie-en-2023\/\",\"name\":\"5 fa\u00e7ons dont les v\u00e9los \u00e9lectriques am\u00e9lioreront ta vie en 2023\",\"isPartOf\":{\"@id\":\"https:\/\/listings.mybikeplan.ch\/fr\/#website\"},\"primaryImageOfPage\":{\"@id\":\"https:\/\/listings.mybikeplan.ch\/fr\/non-classifiee\/5-facons-dont-les-velos-electriques-amelioreront-ta-vie-en-2023\/#primaryimage\"},\"image\":{\"@id\":\"https:\/\/listings.mybikeplan.ch\/fr\/non-classifiee\/5-facons-dont-les-velos-electriques-amelioreront-ta-vie-en-2023\/#primaryimage\"},\"thumbnailUrl\":\"https:\/\/listings.mybikeplan.ch\/wp-content\/uploads\/2023\/06\/E-Bikes2023-1.jpg\",\"datePublished\":\"2023-06-08T12:46:33+00:00\",\"dateModified\":\"2023-08-16T13:14:11+00:00\",\"author\":{\"@id\":\"https:\/\/listings.mybikeplan.ch\/fr\/#\/schema\/person\/514a6130749cc58319f751509338dafd\"},\"description\":\"Sur le march\u00e9 du v\u00e9lo, les v\u00e9los \u00e9lectriques ont continu\u00e9 \u00e0 gagner en popularit\u00e9 de mani\u00e8re sensible en 2023.\",\"breadcrumb\":{\"@id\":\"https:\/\/listings.mybikeplan.ch\/fr\/non-classifiee\/5-facons-dont-les-velos-electriques-amelioreront-ta-vie-en-2023\/#breadcrumb\"},\"inLanguage\":\"fr-FR\",\"potentialAction\":[{\"@type\":\"ReadAction\",\"target\":[\"https:\/\/listings.mybikeplan.ch\/fr\/non-classifiee\/5-facons-dont-les-velos-electriques-amelioreront-ta-vie-en-2023\/\"]}]},{\"@type\":\"ImageObject\",\"inLanguage\":\"fr-FR\",\"@id\":\"https:\/\/listings.mybikeplan.ch\/fr\/non-classifiee\/5-facons-dont-les-velos-electriques-amelioreront-ta-vie-en-2023\/#primaryimage\",\"url\":\"https:\/\/listings.mybikeplan.ch\/wp-content\/uploads\/2023\/06\/E-Bikes2023-1.jpg\",\"contentUrl\":\"https:\/\/listings.mybikeplan.ch\/wp-content\/uploads\/2023\/06\/E-Bikes2023-1.jpg\",\"width\":1640,\"height\":924},{\"@type\":\"BreadcrumbList\",\"@id\":\"https:\/\/listings.mybikeplan.ch\/fr\/non-classifiee\/5-facons-dont-les-velos-electriques-amelioreront-ta-vie-en-2023\/#breadcrumb\",\"itemListElement\":[{\"@type\":\"ListItem\",\"position\":1,\"name\":\"Home\",\"item\":\"https:\/\/listings.mybikeplan.ch\/fr\/home\/\"},{\"@type\":\"ListItem\",\"position\":2,\"name\":\"5 fa\u00e7ons dont les v\u00e9los \u00e9lectriques am\u00e9lioreront ta vie en 2023\"}]},{\"@type\":\"WebSite\",\"@id\":\"https:\/\/listings.mybikeplan.ch\/fr\/#website\",\"url\":\"https:\/\/listings.mybikeplan.ch\/fr\/\",\"name\":\"MyBikePlan\",\"description\":\"\",\"potentialAction\":[{\"@type\":\"SearchAction\",\"target\":{\"@type\":\"EntryPoint\",\"urlTemplate\":\"https:\/\/listings.mybikeplan.ch\/fr\/?s={search_term_string}\"},\"query-input\":{\"@type\":\"PropertyValueSpecification\",\"valueRequired\":true,\"valueName\":\"search_term_string\"}}],\"inLanguage\":\"fr-FR\"},{\"@type\":\"Person\",\"@id\":\"https:\/\/listings.mybikeplan.ch\/fr\/#\/schema\/person\/514a6130749cc58319f751509338dafd\",\"name\":\"Evelyne Aschwanden\",\"image\":{\"@type\":\"ImageObject\",\"inLanguage\":\"fr-FR\",\"@id\":\"https:\/\/listings.mybikeplan.ch\/fr\/#\/schema\/person\/image\/\",\"url\":\"https:\/\/secure.gravatar.com\/avatar\/73f0cad78e1012b10bb7c10f05a99be7009e6621353849483b51025ae56a6b37?s=96&d=mm&r=g\",\"contentUrl\":\"https:\/\/secure.gravatar.com\/avatar\/73f0cad78e1012b10bb7c10f05a99be7009e6621353849483b51025ae56a6b37?s=96&d=mm&r=g\",\"caption\":\"Evelyne Aschwanden\"},\"url\":\"https:\/\/listings.mybikeplan.ch\/fr\/author\/evelyne-mybikeplan\/\"}]}<\/script>\n<!-- \/ Yoast SEO plugin. -->","yoast_head_json":{"title":"5 fa\u00e7ons dont les v\u00e9los \u00e9lectriques am\u00e9lioreront ta vie en 2023","description":"Sur le march\u00e9 du v\u00e9lo, les v\u00e9los \u00e9lectriques ont continu\u00e9 \u00e0 gagner en popularit\u00e9 de mani\u00e8re sensible en 2023.","robots":{"index":"noindex","follow":"follow","max-snippet":"max-snippet:-1","max-image-preview":"max-image-preview:large","max-video-preview":"max-video-preview:-1"},"og_locale":"fr_FR","og_type":"article","og_title":"5 fa\u00e7ons dont les v\u00e9los \u00e9lectriques am\u00e9lioreront ta vie en 2023","og_description":"Sur le march\u00e9 du v\u00e9lo, les v\u00e9los \u00e9lectriques ont continu\u00e9 \u00e0 gagner en popularit\u00e9 de mani\u00e8re sensible en 2023.","og_url":"https:\/\/listings.mybikeplan.ch\/fr\/non-classifiee\/5-facons-dont-les-velos-electriques-amelioreront-ta-vie-en-2023\/","og_site_name":"MyBikePlan","article_published_time":"2023-06-08T12:46:33+00:00","article_modified_time":"2023-08-16T13:14:11+00:00","og_image":[{"width":1640,"height":924,"url":"https:\/\/listings.mybikeplan.ch\/wp-content\/uploads\/2023\/06\/E-Bikes2023-1.jpg","type":"image\/jpeg"}],"author":"Evelyne Aschwanden","twitter_card":"summary_large_image","twitter_misc":{"\u00c9crit par":"Evelyne Aschwanden","Dur\u00e9e de lecture estim\u00e9e":"3 minutes"},"schema":{"@context":"https:\/\/schema.org","@graph":[{"@type":"WebPage","@id":"https:\/\/listings.mybikeplan.ch\/fr\/non-classifiee\/5-facons-dont-les-velos-electriques-amelioreront-ta-vie-en-2023\/","url":"https:\/\/listings.mybikeplan.ch\/fr\/non-classifiee\/5-facons-dont-les-velos-electriques-amelioreront-ta-vie-en-2023\/","name":"5 fa\u00e7ons dont les v\u00e9los \u00e9lectriques am\u00e9lioreront ta vie en 2023","isPartOf":{"@id":"https:\/\/listings.mybikeplan.ch\/fr\/#website"},"primaryImageOfPage":{"@id":"https:\/\/listings.mybikeplan.ch\/fr\/non-classifiee\/5-facons-dont-les-velos-electriques-amelioreront-ta-vie-en-2023\/#primaryimage"},"image":{"@id":"https:\/\/listings.mybikeplan.ch\/fr\/non-classifiee\/5-facons-dont-les-velos-electriques-amelioreront-ta-vie-en-2023\/#primaryimage"},"thumbnailUrl":"https:\/\/listings.mybikeplan.ch\/wp-content\/uploads\/2023\/06\/E-Bikes2023-1.jpg","datePublished":"2023-06-08T12:46:33+00:00","dateModified":"2023-08-16T13:14:11+00:00","author":{"@id":"https:\/\/listings.mybikeplan.ch\/fr\/#\/schema\/person\/514a6130749cc58319f751509338dafd"},"description":"Sur le march\u00e9 du v\u00e9lo, les v\u00e9los \u00e9lectriques ont continu\u00e9 \u00e0 gagner en popularit\u00e9 de mani\u00e8re sensible en 2023.","breadcrumb":{"@id":"https:\/\/listings.mybikeplan.ch\/fr\/non-classifiee\/5-facons-dont-les-velos-electriques-amelioreront-ta-vie-en-2023\/#breadcrumb"},"inLanguage":"fr-FR","potentialAction":[{"@type":"ReadAction","target":["https:\/\/listings.mybikeplan.ch\/fr\/non-classifiee\/5-facons-dont-les-velos-electriques-amelioreront-ta-vie-en-2023\/"]}]},{"@type":"ImageObject","inLanguage":"fr-FR","@id":"https:\/\/listings.mybikeplan.ch\/fr\/non-classifiee\/5-facons-dont-les-velos-electriques-amelioreront-ta-vie-en-2023\/#primaryimage","url":"https:\/\/listings.mybikeplan.ch\/wp-content\/uploads\/2023\/06\/E-Bikes2023-1.jpg","contentUrl":"https:\/\/listings.mybikeplan.ch\/wp-content\/uploads\/2023\/06\/E-Bikes2023-1.jpg","width":1640,"height":924},{"@type":"BreadcrumbList","@id":"https:\/\/listings.mybikeplan.ch\/fr\/non-classifiee\/5-facons-dont-les-velos-electriques-amelioreront-ta-vie-en-2023\/#breadcrumb","itemListElement":[{"@type":"ListItem","position":1,"name":"Home","item":"https:\/\/listings.mybikeplan.ch\/fr\/home\/"},{"@type":"ListItem","position":2,"name":"5 fa\u00e7ons dont les v\u00e9los \u00e9lectriques am\u00e9lioreront ta vie en 2023"}]},{"@type":"WebSite","@id":"https:\/\/listings.mybikeplan.ch\/fr\/#website","url":"https:\/\/listings.mybikeplan.ch\/fr\/","name":"MyBikePlan","description":"","potentialAction":[{"@type":"SearchAction","target":{"@type":"EntryPoint","urlTemplate":"https:\/\/listings.mybikeplan.ch\/fr\/?s={search_term_string}"},"query-input":{"@type":"PropertyValueSpecification","valueRequired":true,"valueName":"search_term_string"}}],"inLanguage":"fr-FR"},{"@type":"Person","@id":"https:\/\/listings.mybikeplan.ch\/fr\/#\/schema\/person\/514a6130749cc58319f751509338dafd","name":"Evelyne Aschwanden","image":{"@type":"ImageObject","inLanguage":"fr-FR","@id":"https:\/\/listings.mybikeplan.ch\/fr\/#\/schema\/person\/image\/","url":"https:\/\/secure.gravatar.com\/avatar\/73f0cad78e1012b10bb7c10f05a99be7009e6621353849483b51025ae56a6b37?s=96&d=mm&r=g","contentUrl":"https:\/\/secure.gravatar.com\/avatar\/73f0cad78e1012b10bb7c10f05a99be7009e6621353849483b51025ae56a6b37?s=96&d=mm&r=g","caption":"Evelyne Aschwanden"},"url":"https:\/\/listings.mybikeplan.ch\/fr\/author\/evelyne-mybikeplan\/"}]}},"locale":"fr","_links":{"self":[{"href":"https:\/\/listings.mybikeplan.ch\/fr\/wp-json\/wp\/v2\/posts\/34687","targetHints":{"allow":["GET"]}}],"collection":[{"href":"https:\/\/listings.mybikeplan.ch\/fr\/wp-json\/wp\/v2\/posts"}],"about":[{"href":"https:\/\/listings.mybikeplan.ch\/fr\/wp-json\/wp\/v2\/types\/post"}],"author":[{"embeddable":true,"href":"https:\/\/listings.mybikeplan.ch\/fr\/wp-json\/wp\/v2\/users\/15"}],"replies":[{"embeddable":true,"href":"https:\/\/listings.mybikeplan.ch\/fr\/wp-json\/wp\/v2\/comments?post=34687"}],"version-history":[{"count":4,"href":"https:\/\/listings.mybikeplan.ch\/fr\/wp-json\/wp\/v2\/posts\/34687\/revisions"}],"predecessor-version":[{"id":34697,"href":"https:\/\/listings.mybikeplan.ch\/fr\/wp-json\/wp\/v2\/posts\/34687\/revisions\/34697"}],"wp:featuredmedia":[{"embeddable":true,"href":"https:\/\/listings.mybikeplan.ch\/fr\/wp-json\/wp\/v2\/media\/34691"}],"wp:attachment":[{"href":"https:\/\/listings.mybikeplan.ch\/fr\/wp-json\/wp\/v2\/media?parent=34687"}],"wp:term":[{"taxonomy":"category","embeddable":true,"href":"https:\/\/listings.mybikeplan.ch\/fr\/wp-json\/wp\/v2\/categories?post=34687"},{"taxonomy":"post_tag","embeddable":true,"href":"https:\/\/listings.mybikeplan.ch\/fr\/wp-json\/wp\/v2\/tags?post=34687"}],"curies":[{"name":"wp","href":"https:\/\/api.w.org\/{rel}","templated":true}]}}