{"id":33074,"date":"2023-04-27T09:15:23","date_gmt":"2023-04-27T09:15:23","guid":{"rendered":"https:\/\/listings.mybikeplan.ch\/?p=33074"},"modified":"2023-08-16T13:14:41","modified_gmt":"2023-08-16T13:14:41","slug":"7-cliches-sur-les-velos-electriques-que-nous-ne-pourrons-plus-entendre-en-2023","status":"publish","type":"post","link":"https:\/\/listings.mybikeplan.ch\/fr\/non-classifiee\/7-cliches-sur-les-velos-electriques-que-nous-ne-pourrons-plus-entendre-en-2023\/","title":{"rendered":"7 clich\u00e9s sur les v\u00e9los \u00e9lectriques que nous ne pourrons plus entendre en 2023"},"content":{"rendered":"\n<p>Une chose est s\u00fbre : il y a encore beaucoup de pr\u00e9jug\u00e9s autour des v\u00e9los \u00e9lectriques en 2023. Nous pensons que oui : il est temps de s&rsquo;en d\u00e9barrasser. Ces clich\u00e9s sur les v\u00e9los \u00e9lectriques 2023 sont \u00e0 jeter aux oubliettes depuis longtemps.<\/p>\n\n\n\n<h2 class=\"wp-block-heading\">1) Les v\u00e9los \u00e9lectriques rendent paresseux<\/h2>\n\n\n\n<p>C&rsquo;est l&rsquo;un des clich\u00e9s les plus courants que nous entendons encore sur les v\u00e9los \u00e9lectriques en 2023 !<\/p>\n\n\n\n<p>Les v\u00e9los \u00e9lectriques ne sont que pour les paresseux qui ne veulent pas p\u00e9daler ? Les v\u00e9los \u00e9lectriques, c&rsquo;est de la triche et \u00e7a ne fait rien pour la sant\u00e9 ?<\/p>\n\n\n\n<p><strong>En r\u00e9alit\u00e9, c&rsquo;est le contraire qui est vrai !<\/strong><\/p>\n\n\n\n<p>L&rsquo;Universit\u00e9 de m\u00e9decine de Hanovre s&rsquo;est pench\u00e9e sur le th\u00e8me de la sant\u00e9 et des v\u00e9los \u00e9lectriques en 2023 dans le cadre d&rsquo;une \u00e9tude de grande envergure. Les r\u00e9sultats peuvent certainement surprendre de nombreuses personnes qui ont encore des pr\u00e9jug\u00e9s contre les v\u00e9los \u00e9lectriques : ainsi, rouler en v\u00e9lo \u00e9lectrique r\u00e9duit le risque d&rsquo;infarctus de 40%.&nbsp;<\/p>\n\n\n\n<p>\u00c0 souligner \u00e9galement : Un tiers des participants \u00e0 l&rsquo;\u00e9tude avaient des maladies pr\u00e9existantes comme l&rsquo;hypertension. Le v\u00e9lo \u00e9lectrique les a aid\u00e9s \u00e0 reprendre une activit\u00e9 physique.\u00a0<\/p>\n\n\n\n<h2 class=\"wp-block-heading\">2) Les v\u00e9los \u00e9lectriques sont-ils encore trop chers en 2023 ?<\/h2>\n\n\n\n<p>Oui, bien s\u00fbr, les v\u00e9los \u00e9lectriques sont en moyenne plus chers que leurs fr\u00e8res et s\u0153urs non motoris\u00e9s. Mais c&rsquo;est tout \u00e0 fait logique si l&rsquo;on consid\u00e8re la quantit\u00e9 d&rsquo;\u00e9lectronique int\u00e9gr\u00e9e dans un v\u00e9lo \u00e9lectrique. Mais le fait est que les v\u00e9los \u00e9lectriques ne sont pas aussi chers qu&rsquo;on le pense souvent. Les mod\u00e8les urbains bon march\u00e9 commencent \u00e0 partir de CHF 1000 pour les v\u00e9los \u00e9lectriques 2023. Et avec les m\u00e9thodes de paiement flexibles que proposent d\u00e9sormais de nombreuses boutiques (par ex. un paiement mensuel par mensualit\u00e9s), les v\u00e9los \u00e9lectriques 2023 deviennent de plus en plus abordables.&nbsp;<\/p>\n\n\n\n<h2 class=\"wp-block-heading\">3) Les v\u00e9los \u00e9lectriques ne sont que pour les vieux.<\/h2>\n\n\n\n<p>C&rsquo;est ce que nous entendons encore trop souvent \u00e0 propos des v\u00e9los \u00e9lectriques 2023 : \u00ab\u00a0Les v\u00e9los \u00e9lectriques ne sont que des v\u00e9los pour les personnes \u00e2g\u00e9es\u00a0\u00bb !\u00a0<\/p>\n\n\n\n<p>Est-ce vrai ?<\/p>\n\n\n\n<p>Dans une \u00e9tude de Fahrrad XXL, les utilisateurs de v\u00e9los \u00e9lectriques ont \u00e9t\u00e9 class\u00e9s par \u00e2ge. Il en ressort qu&rsquo;\u00e0 peine 10% des conducteurs ont 60 ans ou plus. Les personnes \u00e2g\u00e9es de 30 \u00e0 39 ans repr\u00e9sentent la plus grande partie des utilisateurs de v\u00e9los \u00e9lectriques, avec environ 25%.&nbsp;<\/p>\n\n\n\n<p>Fun Fact : avec 14%, la cat\u00e9gorie des 18-29 ans repr\u00e9sente m\u00eame une plus grande part des utilisateurs de v\u00e9los \u00e9lectriques que les seniors.<\/p>\n\n\n\n<p>Il est donc certain qu&rsquo;en 2023, les v\u00e9los \u00e9lectriques seront souvent et r\u00e9guli\u00e8rement utilis\u00e9s et achet\u00e9s par tous les groupes d&rsquo;\u00e2ge.<\/p>\n\n\n\n<h2 class=\"wp-block-heading\">4) Les v\u00e9los \u00e9lectriques sont moches<\/h2>\n\n\n\n<p>Il faut bien l&rsquo;avouer : Ce point est probablement en grande partie une question d&rsquo;opinion. Mais l&rsquo;image du v\u00e9lo \u00e9lectrique encombrant appartient sans aucun doute au pass\u00e9. Aujourd&rsquo;hui, les designs de v\u00e9los \u00e9lectriques sont minces, ludiques et cr\u00e9atifs. Sur de nombreux mod\u00e8les, le moteur est si intelligemment int\u00e9gr\u00e9 au cadre qu&rsquo;en 2023, il sera impossible de les distinguer des v\u00e9los traditionnels.&nbsp;<\/p>\n\n\n\n<figure class=\"wp-block-image size-large\"><a href=\"https:\/\/listings.mybikeplan.ch\/wp-content\/uploads\/2023\/04\/Blog-Header-3-1024x577.jpg\"><img loading=\"lazy\" decoding=\"async\" width=\"1024\" height=\"577\" src=\"https:\/\/listings.mybikeplan.ch\/wp-content\/uploads\/2023\/04\/Blog-Header-3-1024x577.jpg\" alt=\"Deux hommes sur leurs v\u00e9los \u00e9lectriques dans un champ\" class=\"wp-image-33013\" srcset=\"https:\/\/listings.mybikeplan.ch\/wp-content\/uploads\/2023\/04\/Blog-Header-3-1024x577.jpg 1024w, https:\/\/listings.mybikeplan.ch\/wp-content\/uploads\/2023\/04\/Blog-Header-3-555x313.jpg 555w, https:\/\/listings.mybikeplan.ch\/wp-content\/uploads\/2023\/04\/Blog-Header-3-570x320.jpg 570w, https:\/\/listings.mybikeplan.ch\/wp-content\/uploads\/2023\/04\/Blog-Header-3-768x433.jpg 768w, https:\/\/listings.mybikeplan.ch\/wp-content\/uploads\/2023\/04\/Blog-Header-3-1536x865.jpg 1536w, https:\/\/listings.mybikeplan.ch\/wp-content\/uploads\/2023\/04\/Blog-Header-3-666x375.jpg 666w, https:\/\/listings.mybikeplan.ch\/wp-content\/uploads\/2023\/04\/Blog-Header-3.jpg 1640w\" sizes=\"auto, (max-width: 1024px) 100vw, 1024px\" \/><\/a><\/figure>\n\n\n\n<h2 class=\"wp-block-heading\">5) Les v\u00e9los \u00e9lectriques ne sont utilis\u00e9s que par les femmes.<\/h2>\n\n\n\n<p>Un autre clich\u00e9 qui doit \u00eatre enterr\u00e9 depuis longtemps est celui qui veut que les v\u00e9los \u00e9lectriques soient r\u00e9serv\u00e9s aux femmes. En fait, c&rsquo;est le contraire : environ 72% des cyclistes \u00e9lectriques sont &#8211; surprise ! &#8211; des hommes. Les femmes ne repr\u00e9sentent donc qu&rsquo;une petite partie des v\u00e9los \u00e9lectriques en 2023.\u00a0<\/p>\n\n\n\n<p>Autre point int\u00e9ressant : environ 80% des personnes interrog\u00e9es ont d\u00e9clar\u00e9 \u00eatre en couple. Lorsqu&rsquo;on leur demande ce qui les a incit\u00e9s \u00e0 acheter un v\u00e9lo \u00e9lectrique, ils r\u00e9pondent le plaisir, une plus grande autonomie et la promotion de la sant\u00e9.&nbsp;<\/p>\n\n\n\n<h2 class=\"wp-block-heading\">6) La batterie d&rsquo;un v\u00e9lo \u00e9lectrique se d\u00e9t\u00e9riore rapidement.<\/h2>\n\n\n\n<p>Ceux qui affirment que les batteries des v\u00e9los \u00e9lectriques 2023 ne sont pas performantes se trompent.<\/p>\n\n\n\n<p>La batterie est l&rsquo;un des composants les plus importants d&rsquo;un v\u00e9lo \u00e9lectrique. Cependant, il existe encore beaucoup d&rsquo;ignorance ou de fausses informations concernant la batterie des v\u00e9los \u00e9lectriques. En fait, les batteries traditionnelles des v\u00e9los \u00e9lectriques sont extr\u00eamement robustes et disposent en moyenne d&rsquo;environ 1000 cycles de charge. Si tu fais attention \u00e0 ta batterie et que tu \u00e9vites par exemple les grandes variations de temp\u00e9rature, tu peux m\u00eame la garder en vie beaucoup plus longtemps. <a href=\"https:\/\/www.mybikeplan.ch\/fr\/blog\/batterie-de-velo-electrique-jusquou-puis-je-aller-avec-mon-velo-electrique\">Pour en savoir plus sur la batterie des v\u00e9los \u00e9lectriques, consulte cet article de blog.<\/a><\/p>\n\n\n\n<h2 class=\"wp-block-heading\">7) Les v\u00e9los \u00e9lectriques sont trop lourds<\/h2>\n\n\n\n<p>Oui, les v\u00e9los \u00e9lectriques p\u00e8sent en moyenne plus qu&rsquo;un v\u00e9lo normal &#8211; car ils ont aussi beaucoup plus de composants qui y sont int\u00e9gr\u00e9s. Mais avec les progr\u00e8s de la technologie, les v\u00e9los \u00e9lectriques seront de plus en plus l\u00e9gers en 2023. Dans le domaine des v\u00e9los \u00e9lectriques urbains, les mod\u00e8les que l&rsquo;on peut porter sans probl\u00e8me en haut et en bas d&rsquo;un escalier sont de plus en plus standard. Et dans le domaine des v\u00e9los \u00e9lectriques de montagne, une tendance s&rsquo;est dessin\u00e9e sur le march\u00e9 qui nous occupera probablement aussi dans les ann\u00e9es \u00e0 venir : les v\u00e9los l\u00e9gers. Ces v\u00e9los \u00e9lectriques de montagne super l\u00e9gers sont con\u00e7us pour peser le moins possible sur la balance. Le mod\u00e8le phare actuel, <a href=\"https:\/\/www.mybikeplan.ch\/fr\/blog\/voici-les-vtt-electriques-les-plus-interessants-de-2023\">le Scott Lumen, est par exemple, avec ses 15,5 kg, un poids l\u00e9ger particuli\u00e8rement impressionnant parmi les v\u00e9los \u00e9lectriques 2023<\/a>.<\/p>\n\n\n\n<p>Conclusion : les v\u00e9los \u00e9lectriques ont sensiblement \u00e9volu\u00e9 ces derni\u00e8res ann\u00e9es &#8211; et de nombreux clich\u00e9s qui entourent encore les v\u00e9los \u00e9lectriques 2023 sont aujourd&rsquo;hui d\u00e9pass\u00e9s depuis longtemps.&nbsp;<\/p>\n\n\n\n<p>Tu veux en savoir plus sur les v\u00e9los \u00e9lectriques ? Nous sommes l\u00e0 pour toi : 043 505 13 18 !<\/p>\n\n\n\n<div class=\"wp-block-buttons is-layout-flex wp-block-buttons-is-layout-flex\">\n<div class=\"wp-block-button\"><a class=\"wp-block-button__link wp-element-button\" href=\"https:\/\/www.mybikeplan.ch\/fr\/tous-les-modeles-e-bike-suisse\/categorie\/-\/variantes-du-cadre\/-\/capacite-batterie\/-\/poids-maximal\/-\/accessoires\/-\/vitesse\/-\/marque\/-\/moteur-marque\/-\/taille-du-corps\/-\/fourchette-de-prix\/-\/disponible\/-\/trier\/prix\/moins-cher\">Nos v\u00e9los \u00e9lectriques 2023<\/a><\/div>\n<\/div>\n","protected":false},"excerpt":{"rendered":"<p>Une chose est s\u00fbre : il y a encore beaucoup de pr\u00e9jug\u00e9s autour des v\u00e9los \u00e9lectriques en 2023. Nous pensons que oui : il est temps de s&rsquo;en d\u00e9barrasser. Ces clich\u00e9s sur les v\u00e9los \u00e9lectriques 2023 sont \u00e0 jeter aux oubliettes depuis longtemps. 1) Les v\u00e9los \u00e9lectriques rendent paresseux C&rsquo;est l&rsquo;un des clich\u00e9s les plus [&hellip;]<\/p>\n","protected":false},"author":15,"featured_media":33021,"comment_status":"open","ping_status":"open","sticky":false,"template":"","format":"standard","meta":{"_acf_changed":false,"footnotes":""},"categories":[4442,291],"tags":[],"class_list":["post-33074","post","type-post","status-publish","format-standard","has-post-thumbnail","hentry","category-mybikeplan-fr","category-non-classifiee"],"acf":[],"yoast_head":"<!-- This site is optimized with the Yoast SEO plugin v24.5 - https:\/\/yoast.com\/wordpress\/plugins\/seo\/ -->\n<title>7 clich\u00e9s sur les v\u00e9los \u00e9lectriques<\/title>\n<meta name=\"description\" content=\"Ces clich\u00e9s d\u00e9pass\u00e9s sur les v\u00e9los \u00e9lectriques sont d\u00e9finitivement \u00e0 jeter aux orties en 2023 !\" \/>\n<meta name=\"robots\" content=\"noindex, follow, max-snippet:-1, max-image-preview:large, max-video-preview:-1\" \/>\n<meta property=\"og:locale\" content=\"fr_FR\" \/>\n<meta property=\"og:type\" content=\"article\" \/>\n<meta property=\"og:title\" content=\"7 clich\u00e9s sur les v\u00e9los \u00e9lectriques\" \/>\n<meta property=\"og:description\" content=\"Ces clich\u00e9s d\u00e9pass\u00e9s sur les v\u00e9los \u00e9lectriques sont d\u00e9finitivement \u00e0 jeter aux orties en 2023 !\" \/>\n<meta property=\"og:url\" content=\"https:\/\/listings.mybikeplan.ch\/fr\/non-classifiee\/7-cliches-sur-les-velos-electriques-que-nous-ne-pourrons-plus-entendre-en-2023\/\" \/>\n<meta property=\"og:site_name\" content=\"MyBikePlan\" \/>\n<meta property=\"article:published_time\" content=\"2023-04-27T09:15:23+00:00\" \/>\n<meta property=\"article:modified_time\" content=\"2023-08-16T13:14:41+00:00\" \/>\n<meta property=\"og:image\" content=\"https:\/\/listings.mybikeplan.ch\/wp-content\/uploads\/2023\/04\/E-Bikes2023.jpg\" \/>\n\t<meta property=\"og:image:width\" content=\"1640\" \/>\n\t<meta property=\"og:image:height\" content=\"924\" \/>\n\t<meta property=\"og:image:type\" content=\"image\/jpeg\" \/>\n<meta name=\"author\" content=\"Evelyne Aschwanden\" \/>\n<meta name=\"twitter:card\" content=\"summary_large_image\" \/>\n<meta name=\"twitter:label1\" content=\"\u00c9crit par\" \/>\n\t<meta name=\"twitter:data1\" content=\"Evelyne Aschwanden\" \/>\n\t<meta name=\"twitter:label2\" content=\"Dur\u00e9e de lecture estim\u00e9e\" \/>\n\t<meta name=\"twitter:data2\" content=\"5 minutes\" \/>\n<script type=\"application\/ld+json\" class=\"yoast-schema-graph\">{\"@context\":\"https:\/\/schema.org\",\"@graph\":[{\"@type\":\"WebPage\",\"@id\":\"https:\/\/listings.mybikeplan.ch\/fr\/non-classifiee\/7-cliches-sur-les-velos-electriques-que-nous-ne-pourrons-plus-entendre-en-2023\/\",\"url\":\"https:\/\/listings.mybikeplan.ch\/fr\/non-classifiee\/7-cliches-sur-les-velos-electriques-que-nous-ne-pourrons-plus-entendre-en-2023\/\",\"name\":\"7 clich\u00e9s sur les v\u00e9los \u00e9lectriques\",\"isPartOf\":{\"@id\":\"https:\/\/listings.mybikeplan.ch\/fr\/#website\"},\"primaryImageOfPage\":{\"@id\":\"https:\/\/listings.mybikeplan.ch\/fr\/non-classifiee\/7-cliches-sur-les-velos-electriques-que-nous-ne-pourrons-plus-entendre-en-2023\/#primaryimage\"},\"image\":{\"@id\":\"https:\/\/listings.mybikeplan.ch\/fr\/non-classifiee\/7-cliches-sur-les-velos-electriques-que-nous-ne-pourrons-plus-entendre-en-2023\/#primaryimage\"},\"thumbnailUrl\":\"https:\/\/listings.mybikeplan.ch\/wp-content\/uploads\/2023\/04\/E-Bikes2023.jpg\",\"datePublished\":\"2023-04-27T09:15:23+00:00\",\"dateModified\":\"2023-08-16T13:14:41+00:00\",\"author\":{\"@id\":\"https:\/\/listings.mybikeplan.ch\/fr\/#\/schema\/person\/514a6130749cc58319f751509338dafd\"},\"description\":\"Ces clich\u00e9s d\u00e9pass\u00e9s sur les v\u00e9los \u00e9lectriques sont d\u00e9finitivement \u00e0 jeter aux orties en 2023 !\",\"breadcrumb\":{\"@id\":\"https:\/\/listings.mybikeplan.ch\/fr\/non-classifiee\/7-cliches-sur-les-velos-electriques-que-nous-ne-pourrons-plus-entendre-en-2023\/#breadcrumb\"},\"inLanguage\":\"fr-FR\",\"potentialAction\":[{\"@type\":\"ReadAction\",\"target\":[\"https:\/\/listings.mybikeplan.ch\/fr\/non-classifiee\/7-cliches-sur-les-velos-electriques-que-nous-ne-pourrons-plus-entendre-en-2023\/\"]}]},{\"@type\":\"ImageObject\",\"inLanguage\":\"fr-FR\",\"@id\":\"https:\/\/listings.mybikeplan.ch\/fr\/non-classifiee\/7-cliches-sur-les-velos-electriques-que-nous-ne-pourrons-plus-entendre-en-2023\/#primaryimage\",\"url\":\"https:\/\/listings.mybikeplan.ch\/wp-content\/uploads\/2023\/04\/E-Bikes2023.jpg\",\"contentUrl\":\"https:\/\/listings.mybikeplan.ch\/wp-content\/uploads\/2023\/04\/E-Bikes2023.jpg\",\"width\":1640,\"height\":924,\"caption\":\"E-Bikes2023\"},{\"@type\":\"BreadcrumbList\",\"@id\":\"https:\/\/listings.mybikeplan.ch\/fr\/non-classifiee\/7-cliches-sur-les-velos-electriques-que-nous-ne-pourrons-plus-entendre-en-2023\/#breadcrumb\",\"itemListElement\":[{\"@type\":\"ListItem\",\"position\":1,\"name\":\"Home\",\"item\":\"https:\/\/listings.mybikeplan.ch\/fr\/home\/\"},{\"@type\":\"ListItem\",\"position\":2,\"name\":\"7 clich\u00e9s sur les v\u00e9los \u00e9lectriques que nous ne pourrons plus entendre en 2023\"}]},{\"@type\":\"WebSite\",\"@id\":\"https:\/\/listings.mybikeplan.ch\/fr\/#website\",\"url\":\"https:\/\/listings.mybikeplan.ch\/fr\/\",\"name\":\"MyBikePlan\",\"description\":\"\",\"potentialAction\":[{\"@type\":\"SearchAction\",\"target\":{\"@type\":\"EntryPoint\",\"urlTemplate\":\"https:\/\/listings.mybikeplan.ch\/fr\/?s={search_term_string}\"},\"query-input\":{\"@type\":\"PropertyValueSpecification\",\"valueRequired\":true,\"valueName\":\"search_term_string\"}}],\"inLanguage\":\"fr-FR\"},{\"@type\":\"Person\",\"@id\":\"https:\/\/listings.mybikeplan.ch\/fr\/#\/schema\/person\/514a6130749cc58319f751509338dafd\",\"name\":\"Evelyne Aschwanden\",\"image\":{\"@type\":\"ImageObject\",\"inLanguage\":\"fr-FR\",\"@id\":\"https:\/\/listings.mybikeplan.ch\/fr\/#\/schema\/person\/image\/\",\"url\":\"https:\/\/secure.gravatar.com\/avatar\/73f0cad78e1012b10bb7c10f05a99be7009e6621353849483b51025ae56a6b37?s=96&d=mm&r=g\",\"contentUrl\":\"https:\/\/secure.gravatar.com\/avatar\/73f0cad78e1012b10bb7c10f05a99be7009e6621353849483b51025ae56a6b37?s=96&d=mm&r=g\",\"caption\":\"Evelyne Aschwanden\"},\"url\":\"https:\/\/listings.mybikeplan.ch\/fr\/author\/evelyne-mybikeplan\/\"}]}<\/script>\n<!-- \/ Yoast SEO plugin. -->","yoast_head_json":{"title":"7 clich\u00e9s sur les v\u00e9los \u00e9lectriques","description":"Ces clich\u00e9s d\u00e9pass\u00e9s sur les v\u00e9los \u00e9lectriques sont d\u00e9finitivement \u00e0 jeter aux orties en 2023 !","robots":{"index":"noindex","follow":"follow","max-snippet":"max-snippet:-1","max-image-preview":"max-image-preview:large","max-video-preview":"max-video-preview:-1"},"og_locale":"fr_FR","og_type":"article","og_title":"7 clich\u00e9s sur les v\u00e9los \u00e9lectriques","og_description":"Ces clich\u00e9s d\u00e9pass\u00e9s sur les v\u00e9los \u00e9lectriques sont d\u00e9finitivement \u00e0 jeter aux orties en 2023 !","og_url":"https:\/\/listings.mybikeplan.ch\/fr\/non-classifiee\/7-cliches-sur-les-velos-electriques-que-nous-ne-pourrons-plus-entendre-en-2023\/","og_site_name":"MyBikePlan","article_published_time":"2023-04-27T09:15:23+00:00","article_modified_time":"2023-08-16T13:14:41+00:00","og_image":[{"width":1640,"height":924,"url":"https:\/\/listings.mybikeplan.ch\/wp-content\/uploads\/2023\/04\/E-Bikes2023.jpg","type":"image\/jpeg"}],"author":"Evelyne Aschwanden","twitter_card":"summary_large_image","twitter_misc":{"\u00c9crit par":"Evelyne Aschwanden","Dur\u00e9e de lecture estim\u00e9e":"5 minutes"},"schema":{"@context":"https:\/\/schema.org","@graph":[{"@type":"WebPage","@id":"https:\/\/listings.mybikeplan.ch\/fr\/non-classifiee\/7-cliches-sur-les-velos-electriques-que-nous-ne-pourrons-plus-entendre-en-2023\/","url":"https:\/\/listings.mybikeplan.ch\/fr\/non-classifiee\/7-cliches-sur-les-velos-electriques-que-nous-ne-pourrons-plus-entendre-en-2023\/","name":"7 clich\u00e9s sur les v\u00e9los \u00e9lectriques","isPartOf":{"@id":"https:\/\/listings.mybikeplan.ch\/fr\/#website"},"primaryImageOfPage":{"@id":"https:\/\/listings.mybikeplan.ch\/fr\/non-classifiee\/7-cliches-sur-les-velos-electriques-que-nous-ne-pourrons-plus-entendre-en-2023\/#primaryimage"},"image":{"@id":"https:\/\/listings.mybikeplan.ch\/fr\/non-classifiee\/7-cliches-sur-les-velos-electriques-que-nous-ne-pourrons-plus-entendre-en-2023\/#primaryimage"},"thumbnailUrl":"https:\/\/listings.mybikeplan.ch\/wp-content\/uploads\/2023\/04\/E-Bikes2023.jpg","datePublished":"2023-04-27T09:15:23+00:00","dateModified":"2023-08-16T13:14:41+00:00","author":{"@id":"https:\/\/listings.mybikeplan.ch\/fr\/#\/schema\/person\/514a6130749cc58319f751509338dafd"},"description":"Ces clich\u00e9s d\u00e9pass\u00e9s sur les v\u00e9los \u00e9lectriques sont d\u00e9finitivement \u00e0 jeter aux orties en 2023 !","breadcrumb":{"@id":"https:\/\/listings.mybikeplan.ch\/fr\/non-classifiee\/7-cliches-sur-les-velos-electriques-que-nous-ne-pourrons-plus-entendre-en-2023\/#breadcrumb"},"inLanguage":"fr-FR","potentialAction":[{"@type":"ReadAction","target":["https:\/\/listings.mybikeplan.ch\/fr\/non-classifiee\/7-cliches-sur-les-velos-electriques-que-nous-ne-pourrons-plus-entendre-en-2023\/"]}]},{"@type":"ImageObject","inLanguage":"fr-FR","@id":"https:\/\/listings.mybikeplan.ch\/fr\/non-classifiee\/7-cliches-sur-les-velos-electriques-que-nous-ne-pourrons-plus-entendre-en-2023\/#primaryimage","url":"https:\/\/listings.mybikeplan.ch\/wp-content\/uploads\/2023\/04\/E-Bikes2023.jpg","contentUrl":"https:\/\/listings.mybikeplan.ch\/wp-content\/uploads\/2023\/04\/E-Bikes2023.jpg","width":1640,"height":924,"caption":"E-Bikes2023"},{"@type":"BreadcrumbList","@id":"https:\/\/listings.mybikeplan.ch\/fr\/non-classifiee\/7-cliches-sur-les-velos-electriques-que-nous-ne-pourrons-plus-entendre-en-2023\/#breadcrumb","itemListElement":[{"@type":"ListItem","position":1,"name":"Home","item":"https:\/\/listings.mybikeplan.ch\/fr\/home\/"},{"@type":"ListItem","position":2,"name":"7 clich\u00e9s sur les v\u00e9los \u00e9lectriques que nous ne pourrons plus entendre en 2023"}]},{"@type":"WebSite","@id":"https:\/\/listings.mybikeplan.ch\/fr\/#website","url":"https:\/\/listings.mybikeplan.ch\/fr\/","name":"MyBikePlan","description":"","potentialAction":[{"@type":"SearchAction","target":{"@type":"EntryPoint","urlTemplate":"https:\/\/listings.mybikeplan.ch\/fr\/?s={search_term_string}"},"query-input":{"@type":"PropertyValueSpecification","valueRequired":true,"valueName":"search_term_string"}}],"inLanguage":"fr-FR"},{"@type":"Person","@id":"https:\/\/listings.mybikeplan.ch\/fr\/#\/schema\/person\/514a6130749cc58319f751509338dafd","name":"Evelyne Aschwanden","image":{"@type":"ImageObject","inLanguage":"fr-FR","@id":"https:\/\/listings.mybikeplan.ch\/fr\/#\/schema\/person\/image\/","url":"https:\/\/secure.gravatar.com\/avatar\/73f0cad78e1012b10bb7c10f05a99be7009e6621353849483b51025ae56a6b37?s=96&d=mm&r=g","contentUrl":"https:\/\/secure.gravatar.com\/avatar\/73f0cad78e1012b10bb7c10f05a99be7009e6621353849483b51025ae56a6b37?s=96&d=mm&r=g","caption":"Evelyne Aschwanden"},"url":"https:\/\/listings.mybikeplan.ch\/fr\/author\/evelyne-mybikeplan\/"}]}},"locale":"fr","_links":{"self":[{"href":"https:\/\/listings.mybikeplan.ch\/fr\/wp-json\/wp\/v2\/posts\/33074","targetHints":{"allow":["GET"]}}],"collection":[{"href":"https:\/\/listings.mybikeplan.ch\/fr\/wp-json\/wp\/v2\/posts"}],"about":[{"href":"https:\/\/listings.mybikeplan.ch\/fr\/wp-json\/wp\/v2\/types\/post"}],"author":[{"embeddable":true,"href":"https:\/\/listings.mybikeplan.ch\/fr\/wp-json\/wp\/v2\/users\/15"}],"replies":[{"embeddable":true,"href":"https:\/\/listings.mybikeplan.ch\/fr\/wp-json\/wp\/v2\/comments?post=33074"}],"version-history":[{"count":4,"href":"https:\/\/listings.mybikeplan.ch\/fr\/wp-json\/wp\/v2\/posts\/33074\/revisions"}],"predecessor-version":[{"id":33080,"href":"https:\/\/listings.mybikeplan.ch\/fr\/wp-json\/wp\/v2\/posts\/33074\/revisions\/33080"}],"wp:featuredmedia":[{"embeddable":true,"href":"https:\/\/listings.mybikeplan.ch\/fr\/wp-json\/wp\/v2\/media\/33021"}],"wp:attachment":[{"href":"https:\/\/listings.mybikeplan.ch\/fr\/wp-json\/wp\/v2\/media?parent=33074"}],"wp:term":[{"taxonomy":"category","embeddable":true,"href":"https:\/\/listings.mybikeplan.ch\/fr\/wp-json\/wp\/v2\/categories?post=33074"},{"taxonomy":"post_tag","embeddable":true,"href":"https:\/\/listings.mybikeplan.ch\/fr\/wp-json\/wp\/v2\/tags?post=33074"}],"curies":[{"name":"wp","href":"https:\/\/api.w.org\/{rel}","templated":true}]}}