{"id":32897,"date":"2023-04-25T13:32:42","date_gmt":"2023-04-25T13:32:42","guid":{"rendered":"https:\/\/listings.mybikeplan.ch\/?p=32897"},"modified":"2023-08-16T13:14:43","modified_gmt":"2023-08-16T13:14:43","slug":"velo-electrique-cargo-velo-de-transport-et-autres-le-parfait-substitut-a-la-voiture-en-ville","status":"publish","type":"post","link":"https:\/\/listings.mybikeplan.ch\/fr\/non-classifiee\/velo-electrique-cargo-velo-de-transport-et-autres-le-parfait-substitut-a-la-voiture-en-ville\/","title":{"rendered":"V\u00e9lo \u00e9lectrique cargo, v\u00e9lo de transport et autres : le parfait substitut \u00e0 la voiture en ville."},"content":{"rendered":"\n<p>Les v\u00e9los \u00e9lectriques cargo sont LA nouvelle tendance en mati\u00e8re d&rsquo;e-mobilit\u00e9. Pas \u00e9tonnant, car ils sont innovants, puissants et remplacent parfaitement les voitures dans la jungle urbaine.<\/p>\n\n\n\n<h2 class=\"wp-block-heading\">Qu&rsquo;est-ce qu&rsquo;un v\u00e9lo \u00e9lectrique cargo au juste ?<\/h2>\n\n\n\n<p>Les v\u00e9los \u00e9lectriques cargo sont des v\u00e9los \u00e9lectriques sp\u00e9cialement con\u00e7us pour transporter de grandes charges. Si tu vis en ville, tu as probablement d\u00e9j\u00e0 vu ces v\u00e9los \u00e9lectriques particuliers sans m\u00eame t&rsquo;en rendre compte. Ils disposent d&rsquo;un avant particuli\u00e8rement long qui contient une bo\u00eete de transport, un si\u00e8ge pour enfant ou simplement une surface de transport.<\/p>\n\n\n\n<figure class=\"wp-block-image size-large\"><a href=\"https:\/\/listings.mybikeplan.ch\/wp-content\/uploads\/2023\/04\/1-3-1024x577.jpg\"><img loading=\"lazy\" decoding=\"async\" width=\"1024\" height=\"577\" src=\"https:\/\/listings.mybikeplan.ch\/wp-content\/uploads\/2023\/04\/1-3-1024x577.jpg\" alt=\"V\u00e9lo \u00e9lectrique cargo\" class=\"wp-image-32881\" srcset=\"https:\/\/listings.mybikeplan.ch\/wp-content\/uploads\/2023\/04\/1-3-1024x577.jpg 1024w, https:\/\/listings.mybikeplan.ch\/wp-content\/uploads\/2023\/04\/1-3-555x313.jpg 555w, https:\/\/listings.mybikeplan.ch\/wp-content\/uploads\/2023\/04\/1-3-570x320.jpg 570w, https:\/\/listings.mybikeplan.ch\/wp-content\/uploads\/2023\/04\/1-3-768x433.jpg 768w, https:\/\/listings.mybikeplan.ch\/wp-content\/uploads\/2023\/04\/1-3-1536x865.jpg 1536w, https:\/\/listings.mybikeplan.ch\/wp-content\/uploads\/2023\/04\/1-3-666x375.jpg 666w, https:\/\/listings.mybikeplan.ch\/wp-content\/uploads\/2023\/04\/1-3.jpg 1640w\" sizes=\"auto, (max-width: 1024px) 100vw, 1024px\" \/><\/a><\/figure>\n\n\n\n<p>Les v\u00e9los \u00e9lectriques cargo sont principalement con\u00e7us pour le transport. Ce ne sont donc pas des v\u00e9los de loisirs classiques. Les v\u00e9los \u00e9lectriques cargo de haute qualit\u00e9 peuvent supporter des poids allant jusqu&rsquo;\u00e0 200 kg et sont souvent \u00e9quip\u00e9s de syst\u00e8mes de chargement innovants permettant de transporter diff\u00e9rents types de bagages ainsi que des enfants en toute s\u00e9curit\u00e9. En raison de leur charge \u00e9lev\u00e9e, ils disposent g\u00e9n\u00e9ralement d&rsquo;un moteur un peu plus puissant que les v\u00e9los \u00e9lectriques de ville traditionnels.<\/p>\n\n\n\n<h2 class=\"wp-block-heading\">O\u00f9 sont utilis\u00e9s les v\u00e9los \u00e9lectriques cargo ?<\/h2>\n\n\n\n<p>Les v\u00e9los \u00e9lectriques cargo ont \u00e9t\u00e9 invent\u00e9s et perfectionn\u00e9s pour la vie en ville. Ils sont le remplacement id\u00e9al de la voiture, car avec un v\u00e9lo \u00e9lectrique cargo :<\/p>\n\n\n\n<ul class=\"wp-block-list\">\n<li>Tu te d\u00e9places beaucoup plus vite dans la circulation urbaine agit\u00e9e.<\/li>\n\n\n\n<li>Tu n&rsquo;as jamais de probl\u00e8me pour trouver une place de parking.<\/li>\n\n\n\n<li>Tu fais du sport tout en accomplissant tes t\u00e2ches quotidiennes.<\/li>\n<\/ul>\n\n\n\n<p>Les v\u00e9los \u00e9lectriques cargo peuvent \u00eatre un investissement int\u00e9ressant, en particulier pour les familles avec enfants qui vivent en ville. Ils permettent d&#8217;emmener les enfants \u00e0 la cr\u00e8che, de faire les courses et m\u00eame de transporter des petits meubles sans probl\u00e8me. Comme on n&rsquo;a pas besoin de voiture, on \u00e9conomise de l&rsquo;argent et on se d\u00e9place souvent encore plus vite en ville qu&rsquo;avec un v\u00e9hicule \u00e0 quatre roues &#8211; sans parler de l&rsquo;aspect \u00e9cologique. Gr\u00e2ce au moteur, tu peux te rendre d&rsquo;un point A \u00e0 un point B sans transpirer, m\u00eame avec une lourde charge.<\/p>\n\n\n\n<h2 class=\"wp-block-heading\">\u00c9quipement des v\u00e9los \u00e9lectriques cargo<\/h2>\n\n\n\n<p>Un v\u00e9lo \u00e9lectrique cargo se caract\u00e9rise par une construction globale stable et des freins puissants. Ces v\u00e9los \u00e9lectriques doivent d&rsquo;une part \u00eatre rapides et maniables pour pouvoir se faufiler dans la circulation urbaine agit\u00e9e. D&rsquo;autre part, ils doivent \u00eatre suffisamment stables pour ne pas se renverser, m\u00eame lorsqu&rsquo;ils sont tr\u00e8s charg\u00e9s, et offrir au conducteur une sensation de conduite agr\u00e9able et \u00e9quilibr\u00e9e.<\/p>\n\n\n\n<p><strong>En r\u00e9sum\u00e9, les v\u00e9los \u00e9lectriques cargo sont de v\u00e9ritables merveilles en termes de design.<\/strong><\/p>\n\n\n\n<p>En plus d&rsquo;un moteur puissant, ils disposent souvent d&rsquo;une batterie endurante dont l&rsquo;autonomie est id\u00e9ale pour les distances en ville.<\/p>\n\n\n\n<figure class=\"wp-block-image size-large\"><a href=\"https:\/\/listings.mybikeplan.ch\/wp-content\/uploads\/2023\/04\/3-2-1024x577.jpg\"><img loading=\"lazy\" decoding=\"async\" width=\"1024\" height=\"577\" src=\"https:\/\/listings.mybikeplan.ch\/wp-content\/uploads\/2023\/04\/3-2-1024x577.jpg\" alt=\"v\u00e9los \u00e9lectriques cargo\" class=\"wp-image-32887\" srcset=\"https:\/\/listings.mybikeplan.ch\/wp-content\/uploads\/2023\/04\/3-2-1024x577.jpg 1024w, https:\/\/listings.mybikeplan.ch\/wp-content\/uploads\/2023\/04\/3-2-555x313.jpg 555w, https:\/\/listings.mybikeplan.ch\/wp-content\/uploads\/2023\/04\/3-2-570x320.jpg 570w, https:\/\/listings.mybikeplan.ch\/wp-content\/uploads\/2023\/04\/3-2-768x433.jpg 768w, https:\/\/listings.mybikeplan.ch\/wp-content\/uploads\/2023\/04\/3-2-1536x865.jpg 1536w, https:\/\/listings.mybikeplan.ch\/wp-content\/uploads\/2023\/04\/3-2-666x375.jpg 666w, https:\/\/listings.mybikeplan.ch\/wp-content\/uploads\/2023\/04\/3-2.jpg 1640w\" sizes=\"auto, (max-width: 1024px) 100vw, 1024px\" \/><\/a><\/figure>\n\n\n\n<h2 class=\"wp-block-heading\">Quels sont les types de v\u00e9los \u00e9lectriques cargo ?<\/h2>\n\n\n\n<p><strong>On distingue trois types de v\u00e9los \u00e9lectriques cargo.\u00a0<\/strong><\/p>\n\n\n\n<p>La premi\u00e8re variante est le v\u00e9lo de transport classique : ici, une grande bo\u00eete de transport se trouve entre le conducteur* et la roue avant. Ce sont les v\u00e9los \u00e9lectriques cargo traditionnels : beaucoup d&rsquo;espace de rangement, de nombreuses possibilit\u00e9s de chargement, un moteur puissant et un poids de transport pouvant atteindre 200 kg.<\/p>\n\n\n\n<p>Les v\u00e9los \u00e9lectriques Cargo de Ca Go, que nous venons d&rsquo;ajouter \u00e0 notre gamme, font partie de cette cat\u00e9gorie.<\/p>\n\n\n\n<figure class=\"wp-block-image size-large is-resized\"><a href=\"https:\/\/www.mybikeplan.ch\/produkt\/ca-go-fs200-vario-ex\"><img loading=\"lazy\" decoding=\"async\" src=\"https:\/\/listings.mybikeplan.ch\/wp-content\/uploads\/2023\/04\/4-1-1024x577.jpg\" alt=\"Ca Go FS200 Vario EX\" class=\"wp-image-32890\" width=\"840\" height=\"473\" srcset=\"https:\/\/listings.mybikeplan.ch\/wp-content\/uploads\/2023\/04\/4-1-1024x577.jpg 1024w, https:\/\/listings.mybikeplan.ch\/wp-content\/uploads\/2023\/04\/4-1-555x313.jpg 555w, https:\/\/listings.mybikeplan.ch\/wp-content\/uploads\/2023\/04\/4-1-570x320.jpg 570w, https:\/\/listings.mybikeplan.ch\/wp-content\/uploads\/2023\/04\/4-1-768x433.jpg 768w, https:\/\/listings.mybikeplan.ch\/wp-content\/uploads\/2023\/04\/4-1-1536x865.jpg 1536w, https:\/\/listings.mybikeplan.ch\/wp-content\/uploads\/2023\/04\/4-1-666x375.jpg 666w, https:\/\/listings.mybikeplan.ch\/wp-content\/uploads\/2023\/04\/4-1.jpg 1640w\" sizes=\"auto, (max-width: 840px) 100vw, 840px\" \/><\/a><\/figure>\n\n\n\n<div class=\"wp-block-buttons is-layout-flex wp-block-buttons-is-layout-flex\">\n<div class=\"wp-block-button\"><a class=\"wp-block-button__link has-text-align-center wp-element-button\" href=\"https:\/\/www.mybikeplan.ch\/alle-modelle-e-bike-schweiz\/kategorie\/-\/rahmenvarianten\/-\/batterie-kapazitat\/-\/max-gewicht\/-\/zubehor\/-\/geschwindigkeit\/-\/marke\/ca-go\/motor-marke\/-\/koerpergroesse\/-\/preisbereich\/-\/verfugbar\/-\/sortieren\/preis\/gunstigste\">Vers nos Ca Go E-Bikes<\/a><\/div>\n<\/div>\n\n\n\n<p>Le mod\u00e8le le plus simple ressemble le plus \u00e0 un v\u00e9lo \u00e9lectrique de ville traditionnel et poss\u00e8de deux grandes roues et 1 ou 2 porte-bagages surdimensionn\u00e9s.\u00a0<\/p>\n\n\n\n<figure class=\"wp-block-image size-large\"><a href=\"https:\/\/www.mybikeplan.ch\/produkt\/benno-boost-10d-cx-titanium-gray-trapez\"><img loading=\"lazy\" decoding=\"async\" width=\"1024\" height=\"577\" src=\"https:\/\/listings.mybikeplan.ch\/wp-content\/uploads\/2023\/04\/5-1-1024x577.jpg\" alt=\"Benno Boost 10D CX Titanium Gray Trapez\" class=\"wp-image-32893\" srcset=\"https:\/\/listings.mybikeplan.ch\/wp-content\/uploads\/2023\/04\/5-1-1024x577.jpg 1024w, https:\/\/listings.mybikeplan.ch\/wp-content\/uploads\/2023\/04\/5-1-555x313.jpg 555w, https:\/\/listings.mybikeplan.ch\/wp-content\/uploads\/2023\/04\/5-1-570x320.jpg 570w, https:\/\/listings.mybikeplan.ch\/wp-content\/uploads\/2023\/04\/5-1-768x433.jpg 768w, https:\/\/listings.mybikeplan.ch\/wp-content\/uploads\/2023\/04\/5-1-1536x865.jpg 1536w, https:\/\/listings.mybikeplan.ch\/wp-content\/uploads\/2023\/04\/5-1-666x375.jpg 666w, https:\/\/listings.mybikeplan.ch\/wp-content\/uploads\/2023\/04\/5-1.jpg 1640w\" sizes=\"auto, (max-width: 1024px) 100vw, 1024px\" \/><\/a><\/figure>\n\n\n\n<p>Le Benno Boost E 10D CX est un exemple de ce type de v\u00e9lo \u00e9lectrique cargo : il dispose de plus de place sur le porte-bagages que les v\u00e9los \u00e9lectriques r\u00e9guliers et a en outre une charge utile nettement plus importante. En m\u00eame temps, il est plus mince qu&rsquo;un v\u00e9lo \u00e9lectrique cargo avec une bo\u00eete de transport et peut donc encore \u00eatre utilis\u00e9 comme v\u00e9lo de loisirs.<\/p>\n\n\n\n<div class=\"wp-block-buttons is-layout-flex wp-block-buttons-is-layout-flex\">\n<div class=\"wp-block-button\"><a class=\"wp-block-button__link wp-element-button\" href=\"https:\/\/www.mybikeplan.ch\/produkt\/benno-boost-10d-cx-titanium-gray-trapez\">Vers le Benno Boost 10D CX<\/a><\/div>\n<\/div>\n\n\n\n<p>Un autre mod\u00e8le est le v\u00e9lo \u00e9lectrique cargo \u00e0 trois roues, qui offre une stabilit\u00e9 extra, mais qui est aussi un peu plus large que les autres variantes. Ce type de v\u00e9lo \u00e9lectrique cargo est utilis\u00e9 par exemple par les entreprises de transport.<\/p>\n\n\n\n<hr class=\"wp-block-separator has-alpha-channel-opacity\"\/>\n\n\n\n<p>Tu veux en savoir plus sur les v\u00e9los \u00e9lectriques cargo ? Alors nous sommes toujours l\u00e0 pour toi et r\u00e9pondons \u00e0 tes questions ! Appelle-nous : 043 505 13 18<\/p>\n\n\n\n<div class=\"wp-block-buttons is-layout-flex wp-block-buttons-is-layout-flex\">\n<div class=\"wp-block-button\"><a class=\"wp-block-button__link has-text-align-center wp-element-button\" href=\"https:\/\/www.mybikeplan.ch\/alle-modelle-e-bike-schweiz\/kategorie\/-\/rahmenvarianten\/-\/batterie-kapazitat\/-\/max-gewicht\/-\/zubehor\/-\/geschwindigkeit\/-\/marke\/ca-go\/motor-marke\/-\/koerpergroesse\/-\/preisbereich\/-\/verfugbar\/-\/sortieren\/preis\/gunstigste\">Vers nos v\u00e9los \u00e9lectriques cargo<\/a><\/div>\n<\/div>\n","protected":false},"excerpt":{"rendered":"<p>Les v\u00e9los \u00e9lectriques cargo sont LA nouvelle tendance en mati\u00e8re d&rsquo;e-mobilit\u00e9. Pas \u00e9tonnant, car ils sont innovants, puissants et remplacent parfaitement les voitures dans la jungle urbaine. Qu&rsquo;est-ce qu&rsquo;un v\u00e9lo \u00e9lectrique cargo au juste ? Les v\u00e9los \u00e9lectriques cargo sont des v\u00e9los \u00e9lectriques sp\u00e9cialement con\u00e7us pour transporter de grandes charges. Si tu vis en ville, [&hellip;]<\/p>\n","protected":false},"author":15,"featured_media":32886,"comment_status":"open","ping_status":"open","sticky":false,"template":"","format":"standard","meta":{"_acf_changed":false,"footnotes":""},"categories":[4442,291],"tags":[],"class_list":["post-32897","post","type-post","status-publish","format-standard","has-post-thumbnail","hentry","category-mybikeplan-fr","category-non-classifiee"],"acf":[],"yoast_head":"<!-- This site is optimized with the Yoast SEO plugin v24.5 - https:\/\/yoast.com\/wordpress\/plugins\/seo\/ -->\n<title>V\u00e9lo \u00e9lectrique cargo : le parfait substitut \u00e0 la voiture en ville.<\/title>\n<meta name=\"description\" content=\"Qu&#039;est-ce qu&#039;un v\u00e9lo \u00e9lectrique cargo ? Qu&#039;est-ce qui le diff\u00e9rencie d&#039;un v\u00e9lo de transport ? Et quels en sont les avantages ?\" \/>\n<meta name=\"robots\" content=\"noindex, follow, max-snippet:-1, max-image-preview:large, max-video-preview:-1\" \/>\n<meta property=\"og:locale\" content=\"fr_FR\" \/>\n<meta property=\"og:type\" content=\"article\" \/>\n<meta property=\"og:title\" content=\"V\u00e9lo \u00e9lectrique cargo : le parfait substitut \u00e0 la voiture en ville.\" \/>\n<meta property=\"og:description\" content=\"Qu&#039;est-ce qu&#039;un v\u00e9lo \u00e9lectrique cargo ? Qu&#039;est-ce qui le diff\u00e9rencie d&#039;un v\u00e9lo de transport ? Et quels en sont les avantages ?\" \/>\n<meta property=\"og:url\" content=\"https:\/\/listings.mybikeplan.ch\/fr\/non-classifiee\/velo-electrique-cargo-velo-de-transport-et-autres-le-parfait-substitut-a-la-voiture-en-ville\/\" \/>\n<meta property=\"og:site_name\" content=\"MyBikePlan\" \/>\n<meta property=\"article:published_time\" content=\"2023-04-25T13:32:42+00:00\" \/>\n<meta property=\"article:modified_time\" content=\"2023-08-16T13:14:43+00:00\" \/>\n<meta property=\"og:image\" content=\"https:\/\/listings.mybikeplan.ch\/wp-content\/uploads\/2023\/04\/2-1.jpg\" \/>\n\t<meta property=\"og:image:width\" content=\"1640\" \/>\n\t<meta property=\"og:image:height\" content=\"924\" \/>\n\t<meta property=\"og:image:type\" content=\"image\/jpeg\" \/>\n<meta name=\"author\" content=\"Evelyne Aschwanden\" \/>\n<meta name=\"twitter:card\" content=\"summary_large_image\" \/>\n<meta name=\"twitter:label1\" content=\"\u00c9crit par\" \/>\n\t<meta name=\"twitter:data1\" content=\"Evelyne Aschwanden\" \/>\n\t<meta name=\"twitter:label2\" content=\"Dur\u00e9e de lecture estim\u00e9e\" \/>\n\t<meta name=\"twitter:data2\" content=\"4 minutes\" \/>\n<script type=\"application\/ld+json\" class=\"yoast-schema-graph\">{\"@context\":\"https:\/\/schema.org\",\"@graph\":[{\"@type\":\"WebPage\",\"@id\":\"https:\/\/listings.mybikeplan.ch\/fr\/non-classifiee\/velo-electrique-cargo-velo-de-transport-et-autres-le-parfait-substitut-a-la-voiture-en-ville\/\",\"url\":\"https:\/\/listings.mybikeplan.ch\/fr\/non-classifiee\/velo-electrique-cargo-velo-de-transport-et-autres-le-parfait-substitut-a-la-voiture-en-ville\/\",\"name\":\"V\u00e9lo \u00e9lectrique cargo : le parfait substitut \u00e0 la voiture en ville.\",\"isPartOf\":{\"@id\":\"https:\/\/listings.mybikeplan.ch\/fr\/#website\"},\"primaryImageOfPage\":{\"@id\":\"https:\/\/listings.mybikeplan.ch\/fr\/non-classifiee\/velo-electrique-cargo-velo-de-transport-et-autres-le-parfait-substitut-a-la-voiture-en-ville\/#primaryimage\"},\"image\":{\"@id\":\"https:\/\/listings.mybikeplan.ch\/fr\/non-classifiee\/velo-electrique-cargo-velo-de-transport-et-autres-le-parfait-substitut-a-la-voiture-en-ville\/#primaryimage\"},\"thumbnailUrl\":\"https:\/\/listings.mybikeplan.ch\/wp-content\/uploads\/2023\/04\/2-1.jpg\",\"datePublished\":\"2023-04-25T13:32:42+00:00\",\"dateModified\":\"2023-08-16T13:14:43+00:00\",\"author\":{\"@id\":\"https:\/\/listings.mybikeplan.ch\/fr\/#\/schema\/person\/514a6130749cc58319f751509338dafd\"},\"description\":\"Qu'est-ce qu'un v\u00e9lo \u00e9lectrique cargo ? Qu'est-ce qui le diff\u00e9rencie d'un v\u00e9lo de transport ? Et quels en sont les avantages ?\",\"breadcrumb\":{\"@id\":\"https:\/\/listings.mybikeplan.ch\/fr\/non-classifiee\/velo-electrique-cargo-velo-de-transport-et-autres-le-parfait-substitut-a-la-voiture-en-ville\/#breadcrumb\"},\"inLanguage\":\"fr-FR\",\"potentialAction\":[{\"@type\":\"ReadAction\",\"target\":[\"https:\/\/listings.mybikeplan.ch\/fr\/non-classifiee\/velo-electrique-cargo-velo-de-transport-et-autres-le-parfait-substitut-a-la-voiture-en-ville\/\"]}]},{\"@type\":\"ImageObject\",\"inLanguage\":\"fr-FR\",\"@id\":\"https:\/\/listings.mybikeplan.ch\/fr\/non-classifiee\/velo-electrique-cargo-velo-de-transport-et-autres-le-parfait-substitut-a-la-voiture-en-ville\/#primaryimage\",\"url\":\"https:\/\/listings.mybikeplan.ch\/wp-content\/uploads\/2023\/04\/2-1.jpg\",\"contentUrl\":\"https:\/\/listings.mybikeplan.ch\/wp-content\/uploads\/2023\/04\/2-1.jpg\",\"width\":1640,\"height\":924,\"caption\":\"Cargo E-Bike\"},{\"@type\":\"BreadcrumbList\",\"@id\":\"https:\/\/listings.mybikeplan.ch\/fr\/non-classifiee\/velo-electrique-cargo-velo-de-transport-et-autres-le-parfait-substitut-a-la-voiture-en-ville\/#breadcrumb\",\"itemListElement\":[{\"@type\":\"ListItem\",\"position\":1,\"name\":\"Home\",\"item\":\"https:\/\/listings.mybikeplan.ch\/fr\/home\/\"},{\"@type\":\"ListItem\",\"position\":2,\"name\":\"V\u00e9lo \u00e9lectrique cargo, v\u00e9lo de transport et autres : le parfait substitut \u00e0 la voiture en ville.\"}]},{\"@type\":\"WebSite\",\"@id\":\"https:\/\/listings.mybikeplan.ch\/fr\/#website\",\"url\":\"https:\/\/listings.mybikeplan.ch\/fr\/\",\"name\":\"MyBikePlan\",\"description\":\"\",\"potentialAction\":[{\"@type\":\"SearchAction\",\"target\":{\"@type\":\"EntryPoint\",\"urlTemplate\":\"https:\/\/listings.mybikeplan.ch\/fr\/?s={search_term_string}\"},\"query-input\":{\"@type\":\"PropertyValueSpecification\",\"valueRequired\":true,\"valueName\":\"search_term_string\"}}],\"inLanguage\":\"fr-FR\"},{\"@type\":\"Person\",\"@id\":\"https:\/\/listings.mybikeplan.ch\/fr\/#\/schema\/person\/514a6130749cc58319f751509338dafd\",\"name\":\"Evelyne Aschwanden\",\"image\":{\"@type\":\"ImageObject\",\"inLanguage\":\"fr-FR\",\"@id\":\"https:\/\/listings.mybikeplan.ch\/fr\/#\/schema\/person\/image\/\",\"url\":\"https:\/\/secure.gravatar.com\/avatar\/73f0cad78e1012b10bb7c10f05a99be7009e6621353849483b51025ae56a6b37?s=96&d=mm&r=g\",\"contentUrl\":\"https:\/\/secure.gravatar.com\/avatar\/73f0cad78e1012b10bb7c10f05a99be7009e6621353849483b51025ae56a6b37?s=96&d=mm&r=g\",\"caption\":\"Evelyne Aschwanden\"},\"url\":\"https:\/\/listings.mybikeplan.ch\/fr\/author\/evelyne-mybikeplan\/\"}]}<\/script>\n<!-- \/ Yoast SEO plugin. -->","yoast_head_json":{"title":"V\u00e9lo \u00e9lectrique cargo : le parfait substitut \u00e0 la voiture en ville.","description":"Qu'est-ce qu'un v\u00e9lo \u00e9lectrique cargo ? Qu'est-ce qui le diff\u00e9rencie d'un v\u00e9lo de transport ? Et quels en sont les avantages ?","robots":{"index":"noindex","follow":"follow","max-snippet":"max-snippet:-1","max-image-preview":"max-image-preview:large","max-video-preview":"max-video-preview:-1"},"og_locale":"fr_FR","og_type":"article","og_title":"V\u00e9lo \u00e9lectrique cargo : le parfait substitut \u00e0 la voiture en ville.","og_description":"Qu'est-ce qu'un v\u00e9lo \u00e9lectrique cargo ? Qu'est-ce qui le diff\u00e9rencie d'un v\u00e9lo de transport ? Et quels en sont les avantages ?","og_url":"https:\/\/listings.mybikeplan.ch\/fr\/non-classifiee\/velo-electrique-cargo-velo-de-transport-et-autres-le-parfait-substitut-a-la-voiture-en-ville\/","og_site_name":"MyBikePlan","article_published_time":"2023-04-25T13:32:42+00:00","article_modified_time":"2023-08-16T13:14:43+00:00","og_image":[{"width":1640,"height":924,"url":"https:\/\/listings.mybikeplan.ch\/wp-content\/uploads\/2023\/04\/2-1.jpg","type":"image\/jpeg"}],"author":"Evelyne Aschwanden","twitter_card":"summary_large_image","twitter_misc":{"\u00c9crit par":"Evelyne Aschwanden","Dur\u00e9e de lecture estim\u00e9e":"4 minutes"},"schema":{"@context":"https:\/\/schema.org","@graph":[{"@type":"WebPage","@id":"https:\/\/listings.mybikeplan.ch\/fr\/non-classifiee\/velo-electrique-cargo-velo-de-transport-et-autres-le-parfait-substitut-a-la-voiture-en-ville\/","url":"https:\/\/listings.mybikeplan.ch\/fr\/non-classifiee\/velo-electrique-cargo-velo-de-transport-et-autres-le-parfait-substitut-a-la-voiture-en-ville\/","name":"V\u00e9lo \u00e9lectrique cargo : le parfait substitut \u00e0 la voiture en ville.","isPartOf":{"@id":"https:\/\/listings.mybikeplan.ch\/fr\/#website"},"primaryImageOfPage":{"@id":"https:\/\/listings.mybikeplan.ch\/fr\/non-classifiee\/velo-electrique-cargo-velo-de-transport-et-autres-le-parfait-substitut-a-la-voiture-en-ville\/#primaryimage"},"image":{"@id":"https:\/\/listings.mybikeplan.ch\/fr\/non-classifiee\/velo-electrique-cargo-velo-de-transport-et-autres-le-parfait-substitut-a-la-voiture-en-ville\/#primaryimage"},"thumbnailUrl":"https:\/\/listings.mybikeplan.ch\/wp-content\/uploads\/2023\/04\/2-1.jpg","datePublished":"2023-04-25T13:32:42+00:00","dateModified":"2023-08-16T13:14:43+00:00","author":{"@id":"https:\/\/listings.mybikeplan.ch\/fr\/#\/schema\/person\/514a6130749cc58319f751509338dafd"},"description":"Qu'est-ce qu'un v\u00e9lo \u00e9lectrique cargo ? Qu'est-ce qui le diff\u00e9rencie d'un v\u00e9lo de transport ? Et quels en sont les avantages ?","breadcrumb":{"@id":"https:\/\/listings.mybikeplan.ch\/fr\/non-classifiee\/velo-electrique-cargo-velo-de-transport-et-autres-le-parfait-substitut-a-la-voiture-en-ville\/#breadcrumb"},"inLanguage":"fr-FR","potentialAction":[{"@type":"ReadAction","target":["https:\/\/listings.mybikeplan.ch\/fr\/non-classifiee\/velo-electrique-cargo-velo-de-transport-et-autres-le-parfait-substitut-a-la-voiture-en-ville\/"]}]},{"@type":"ImageObject","inLanguage":"fr-FR","@id":"https:\/\/listings.mybikeplan.ch\/fr\/non-classifiee\/velo-electrique-cargo-velo-de-transport-et-autres-le-parfait-substitut-a-la-voiture-en-ville\/#primaryimage","url":"https:\/\/listings.mybikeplan.ch\/wp-content\/uploads\/2023\/04\/2-1.jpg","contentUrl":"https:\/\/listings.mybikeplan.ch\/wp-content\/uploads\/2023\/04\/2-1.jpg","width":1640,"height":924,"caption":"Cargo E-Bike"},{"@type":"BreadcrumbList","@id":"https:\/\/listings.mybikeplan.ch\/fr\/non-classifiee\/velo-electrique-cargo-velo-de-transport-et-autres-le-parfait-substitut-a-la-voiture-en-ville\/#breadcrumb","itemListElement":[{"@type":"ListItem","position":1,"name":"Home","item":"https:\/\/listings.mybikeplan.ch\/fr\/home\/"},{"@type":"ListItem","position":2,"name":"V\u00e9lo \u00e9lectrique cargo, v\u00e9lo de transport et autres : le parfait substitut \u00e0 la voiture en ville."}]},{"@type":"WebSite","@id":"https:\/\/listings.mybikeplan.ch\/fr\/#website","url":"https:\/\/listings.mybikeplan.ch\/fr\/","name":"MyBikePlan","description":"","potentialAction":[{"@type":"SearchAction","target":{"@type":"EntryPoint","urlTemplate":"https:\/\/listings.mybikeplan.ch\/fr\/?s={search_term_string}"},"query-input":{"@type":"PropertyValueSpecification","valueRequired":true,"valueName":"search_term_string"}}],"inLanguage":"fr-FR"},{"@type":"Person","@id":"https:\/\/listings.mybikeplan.ch\/fr\/#\/schema\/person\/514a6130749cc58319f751509338dafd","name":"Evelyne Aschwanden","image":{"@type":"ImageObject","inLanguage":"fr-FR","@id":"https:\/\/listings.mybikeplan.ch\/fr\/#\/schema\/person\/image\/","url":"https:\/\/secure.gravatar.com\/avatar\/73f0cad78e1012b10bb7c10f05a99be7009e6621353849483b51025ae56a6b37?s=96&d=mm&r=g","contentUrl":"https:\/\/secure.gravatar.com\/avatar\/73f0cad78e1012b10bb7c10f05a99be7009e6621353849483b51025ae56a6b37?s=96&d=mm&r=g","caption":"Evelyne Aschwanden"},"url":"https:\/\/listings.mybikeplan.ch\/fr\/author\/evelyne-mybikeplan\/"}]}},"locale":"fr","_links":{"self":[{"href":"https:\/\/listings.mybikeplan.ch\/fr\/wp-json\/wp\/v2\/posts\/32897","targetHints":{"allow":["GET"]}}],"collection":[{"href":"https:\/\/listings.mybikeplan.ch\/fr\/wp-json\/wp\/v2\/posts"}],"about":[{"href":"https:\/\/listings.mybikeplan.ch\/fr\/wp-json\/wp\/v2\/types\/post"}],"author":[{"embeddable":true,"href":"https:\/\/listings.mybikeplan.ch\/fr\/wp-json\/wp\/v2\/users\/15"}],"replies":[{"embeddable":true,"href":"https:\/\/listings.mybikeplan.ch\/fr\/wp-json\/wp\/v2\/comments?post=32897"}],"version-history":[{"count":2,"href":"https:\/\/listings.mybikeplan.ch\/fr\/wp-json\/wp\/v2\/posts\/32897\/revisions"}],"predecessor-version":[{"id":37203,"href":"https:\/\/listings.mybikeplan.ch\/fr\/wp-json\/wp\/v2\/posts\/32897\/revisions\/37203"}],"wp:featuredmedia":[{"embeddable":true,"href":"https:\/\/listings.mybikeplan.ch\/fr\/wp-json\/wp\/v2\/media\/32886"}],"wp:attachment":[{"href":"https:\/\/listings.mybikeplan.ch\/fr\/wp-json\/wp\/v2\/media?parent=32897"}],"wp:term":[{"taxonomy":"category","embeddable":true,"href":"https:\/\/listings.mybikeplan.ch\/fr\/wp-json\/wp\/v2\/categories?post=32897"},{"taxonomy":"post_tag","embeddable":true,"href":"https:\/\/listings.mybikeplan.ch\/fr\/wp-json\/wp\/v2\/tags?post=32897"}],"curies":[{"name":"wp","href":"https:\/\/api.w.org\/{rel}","templated":true}]}}