{"id":31555,"date":"2023-04-05T06:34:19","date_gmt":"2023-04-05T06:34:19","guid":{"rendered":"https:\/\/listings.mybikeplan.ch\/?p=31555"},"modified":"2023-08-16T13:15:02","modified_gmt":"2023-08-16T13:15:02","slug":"bikepacking-quest-ce-que-cest-au-juste","status":"publish","type":"post","link":"https:\/\/listings.mybikeplan.ch\/fr\/non-classifiee\/bikepacking-quest-ce-que-cest-au-juste\/","title":{"rendered":"Bikepacking : qu&rsquo;est-ce que c&rsquo;est au juste ?"},"content":{"rendered":"\n<p>Le bikepacking est probablement l&rsquo;une des plus grandes tendances cyclistes de ces derni\u00e8res ann\u00e9es. Mais qu&rsquo;est-ce que cela signifie exactement ? Et \u00e0 quoi faut-il faire attention en faisant du bikepacking ? Nous avons r\u00e9sum\u00e9 tout ce qui est important pour que tu sois bien pr\u00e9par\u00e9 pour ta prochaine aventure !<\/p>\n\n\n\n<h2 class=\"wp-block-heading\">Qu&rsquo;est-ce que le bikepacking ?<\/h2>\n\n\n\n<p>Le terme anglais bikepacking se compose des mots \u00ab\u00a0bike\u00a0\u00bb et \u00ab\u00a0packing\u00a0\u00bb. Tout comme le backpacking, l&rsquo;objectif de cette forme de voyage est d&rsquo;avancer avec le moins de bagages possible.&nbsp;<\/p>\n\n\n\n<p>Pour d\u00e9couvrir l&rsquo;origine du bikepacking, nous devons faire un petit saut de l&rsquo;autre c\u00f4t\u00e9 de l&rsquo;Atlantique. C&rsquo;est l\u00e0, dans les courses de VTT de longue distance aux Etats-Unis (\u00e9galement connues sous le nom de \u00ab\u00a0Self-Supported Races\u00a0\u00bb), que le Bikepacking a commenc\u00e9. La particularit\u00e9 de ces courses est qu&rsquo;elles durent plusieurs jours &#8211; et que pendant ce temps, toute aide ext\u00e9rieure est interdite. Cela signifie pour les participants qu\u2019ils doivent porter eux-m\u00eames tout l&rsquo;\u00e9quipement et la nourriture. Pour cela, les bagages sont attach\u00e9s au v\u00e9lo afin de ne pas perdre en maniabilit\u00e9 sur le terrain.<\/p>\n\n\n\n<p>Et voil\u00e0 : Le bikepacking est n\u00e9.<\/p>\n\n\n\n<h2 class=\"wp-block-heading\">Quelle est la diff\u00e9rence entre le bikepacking et le touring ?<\/h2>\n\n\n\n<p>Ou, pour le dire autrement, y a-t-il une diff\u00e9rence ?<\/p>\n\n\n\n<p>Il n&rsquo;y a pas de r\u00e9ponse toute faite. Le bikepacking et le touring sont tous deux des randonn\u00e9es \u00e0 v\u00e9lo de plusieurs jours. Dans le cas du cyclotourisme classique, on utilise plut\u00f4t des sacoches sur le porte-bagages et le guidon et on roule principalement sur la route.&nbsp;<\/p>\n\n\n\n<p>Ce n&rsquo;est pas le cas du bikepacking : on roule principalement hors de la route, par exemple sur des sentiers, et les bagages sont fix\u00e9s directement sur le v\u00e9lo. Le bikepacking est donc beaucoup plus aventureux et demande donc plus de pr\u00e9paration, de planification et d&rsquo;exp\u00e9rience que le touring ordinaire.<\/p>\n\n\n\n<h2 class=\"wp-block-heading\">Quels v\u00e9los sont adapt\u00e9s au bikepacking ?<\/h2>\n\n\n\n<figure class=\"wp-block-image size-large\"><a href=\"https:\/\/listings.mybikeplan.ch\/wp-content\/uploads\/2023\/04\/Bikepacking-1024x576.jpg\"><img loading=\"lazy\" decoding=\"async\" width=\"1024\" height=\"576\" src=\"https:\/\/listings.mybikeplan.ch\/wp-content\/uploads\/2023\/04\/Bikepacking-1024x576.jpg\" alt=\"\" class=\"wp-image-31551\" srcset=\"https:\/\/listings.mybikeplan.ch\/wp-content\/uploads\/2023\/04\/Bikepacking-1024x576.jpg 1024w, https:\/\/listings.mybikeplan.ch\/wp-content\/uploads\/2023\/04\/Bikepacking-555x312.jpg 555w, https:\/\/listings.mybikeplan.ch\/wp-content\/uploads\/2023\/04\/Bikepacking-570x320.jpg 570w, https:\/\/listings.mybikeplan.ch\/wp-content\/uploads\/2023\/04\/Bikepacking-768x432.jpg 768w, https:\/\/listings.mybikeplan.ch\/wp-content\/uploads\/2023\/04\/Bikepacking-1536x864.jpg 1536w, https:\/\/listings.mybikeplan.ch\/wp-content\/uploads\/2023\/04\/Bikepacking-2048x1152.jpg 2048w, https:\/\/listings.mybikeplan.ch\/wp-content\/uploads\/2023\/04\/Bikepacking-666x375.jpg 666w\" sizes=\"auto, (max-width: 1024px) 100vw, 1024px\" \/><\/a><\/figure>\n\n\n\n<p>En principe, nous recommandons pour le bikepacking des v\u00e9los qui se sentent \u00e0 l&rsquo;aise sur tous les terrains. Autrement dit : les v\u00e9los de course, les v\u00e9los de randonn\u00e9e classiques ou les v\u00e9los de ville ne sont pas adapt\u00e9s. Les VTT sont parfaits pour les terrains accident\u00e9s, mais pour ceux qui souhaitent un peu de diversit\u00e9 sur et hors route, il vaut mieux opter pour un gravel bike. Gr\u00e2ce \u00e0 leur g\u00e9om\u00e9trie particuli\u00e8re, ces derniers sont particuli\u00e8rement confortables pour une assise prolong\u00e9e et peuvent \u00eatre utilis\u00e9s sur tous les terrains.<\/p>\n\n\n\n<h2 class=\"wp-block-heading\">De quel \u00e9quipement ai-je besoin pour le bikepacking ?<\/h2>\n\n\n\n<p>Le mieux est de choisir ton \u00e9quipement en fonction des trois points suivants :<\/p>\n\n\n\n<ul class=\"wp-block-list\">\n<li>Durabilit\u00e9 \/ robustesse<\/li>\n\n\n\n<li>Poids<\/li>\n\n\n\n<li>Manipulation<\/li>\n<\/ul>\n\n\n\n<p>L&rsquo;avantage des sacs sp\u00e9ciaux pour le bikepacking est que le poids est plus proche du v\u00e9lo. Tu as ainsi plus de place dans et autour du cadre et tu peux ainsi renoncer \u00e0 un lourd porte-bagages.<\/p>\n\n\n\n<h3 class=\"wp-block-heading\">Quels sont les pneus les plus adapt\u00e9s ?<\/h3>\n\n\n\n<p>Comme le bikepacking peut \u00eatre un peu plus aventureux, nous te recommandons des pneus de VTT classiques. Si tu pr\u00e9vois de faire de la route, des pneus de crosscountry ou de gravel l\u00e9gers sont \u00e9galement un bon choix.&nbsp;<\/p>\n\n\n\n<h3 class=\"wp-block-heading\">Quels sacs pour le bikepacking ?<\/h3>\n\n\n\n<p>Nous distinguons trois types de sacs diff\u00e9rents :<\/p>\n\n\n\n<ul class=\"wp-block-list\">\n<li>Sacs de selle<\/li>\n\n\n\n<li>Sacs sur cadre<\/li>\n\n\n\n<li>Sacs d&rsquo;alimentation<\/li>\n<\/ul>\n\n\n\n<p><strong>Sacs de selle<\/strong><\/p>\n\n\n\n<p>Les sacoches de selle sont mont\u00e9es soit sur la tige de selle, soit directement sur la selle. Une bonne sacoche de selle maintient le poids au centre de gravit\u00e9 du v\u00e9lo, ce qui permet \u00e0 son tour une meilleure maniabilit\u00e9. Elles ont une capacit\u00e9 d&rsquo;environ 5 \u00e0 18 litres (selon le mod\u00e8le) et, dans les gammes de prix sup\u00e9rieures, elles sont souvent \u00e9quip\u00e9es d&rsquo;un syst\u00e8me de serrage pour \u00e9viter que les sacoches ne se balancent.&nbsp;<\/p>\n\n\n\n<p>Tr\u00e8s important aussi : la sacoche de selle doit absolument \u00eatre \u00e9tanche !<\/p>\n\n\n\n<p><strong>Sacs sur cadre<\/strong><\/p>\n\n\n\n<p>Avec un sac sur le cadre, tu peux mieux utiliser l&rsquo;espace inutilis\u00e9 \u00e0 l&rsquo;int\u00e9rieur du triangle du cadre. Mais fais attention au fait que les v\u00e9los fully n&rsquo;ont souvent qu&rsquo;un espace limit\u00e9 sur le cadre.<\/p>\n\n\n\n<p><strong>Sacs d&rsquo;alimentation<\/strong><\/p>\n\n\n\n<p>En backpacking, il est courant d&rsquo;attacher des bagages au guidon &#8211; par exemple des sacs de couchage et autres. Ces sacs sont appel\u00e9s \u00ab\u00a0feedbags\u00a0\u00bb. Il est important de veiller \u00e0 ce que les sacs soient correctement fix\u00e9s. Sinon, ils peuvent dans le pire des cas affecter le levier de frein.<\/p>\n\n\n\n<p>Il existe bien s\u00fbr de nombreuses autres possibilit\u00e9s pour fixer les bagages directement sur le v\u00e9lo. En mati\u00e8re de bikepacking, il s&rsquo;agit d&rsquo;\u00eatre cr\u00e9atif !<\/p>\n\n\n\n<h2 class=\"wp-block-heading\">Que dois-je emporter pour le bikepacking ?<\/h2>\n\n\n\n<figure class=\"wp-block-image size-large\"><a href=\"https:\/\/listings.mybikeplan.ch\/wp-content\/uploads\/2023\/04\/Bikepacking-Packen-1024x576.jpg\"><img loading=\"lazy\" decoding=\"async\" width=\"1024\" height=\"576\" src=\"https:\/\/listings.mybikeplan.ch\/wp-content\/uploads\/2023\/04\/Bikepacking-Packen-1024x576.jpg\" alt=\"\" class=\"wp-image-31548\" srcset=\"https:\/\/listings.mybikeplan.ch\/wp-content\/uploads\/2023\/04\/Bikepacking-Packen-1024x576.jpg 1024w, https:\/\/listings.mybikeplan.ch\/wp-content\/uploads\/2023\/04\/Bikepacking-Packen-555x312.jpg 555w, https:\/\/listings.mybikeplan.ch\/wp-content\/uploads\/2023\/04\/Bikepacking-Packen-570x320.jpg 570w, https:\/\/listings.mybikeplan.ch\/wp-content\/uploads\/2023\/04\/Bikepacking-Packen-768x432.jpg 768w, https:\/\/listings.mybikeplan.ch\/wp-content\/uploads\/2023\/04\/Bikepacking-Packen-1536x864.jpg 1536w, https:\/\/listings.mybikeplan.ch\/wp-content\/uploads\/2023\/04\/Bikepacking-Packen-2048x1152.jpg 2048w, https:\/\/listings.mybikeplan.ch\/wp-content\/uploads\/2023\/04\/Bikepacking-Packen-666x375.jpg 666w\" sizes=\"auto, (max-width: 1024px) 100vw, 1024px\" \/><\/a><\/figure>\n\n\n\n<p>Lors de l&#8217;emballage, il est important de veiller \u00e0 ce que l&rsquo;\u00e9quipement lourd soit rang\u00e9 le plus bas et le plus pr\u00e8s possible du v\u00e9lo. Le centre de gravit\u00e9 est ainsi mieux r\u00e9parti, ce qui permet un meilleur \u00e9quilibre et une meilleure maniabilit\u00e9 du v\u00e9lo. En m\u00eame temps, moins il y a de poids, mieux c&rsquo;est.<\/p>\n\n\n\n<p>Voici notre proposition de liste d&#8217;emballage pour ton prochain bikepacking :<\/p>\n\n\n\n<p><strong>Feedbags<\/strong><\/p>\n\n\n\n<p>On y met surtout des objets qui doivent \u00eatre facilement accessibles.<\/p>\n\n\n\n<ul class=\"wp-block-list\">\n<li>Trousse de secours<\/li>\n\n\n\n<li>Protection contre la pluie<\/li>\n\n\n\n<li>Des snacks pour la route<\/li>\n\n\n\n<li>Cartes et GPS<\/li>\n\n\n\n<li>Tapis de sol<\/li>\n<\/ul>\n\n\n\n<p><strong>Sac de selle<\/strong><\/p>\n\n\n\n<p>Dans le sac de selle, tu peux ranger tout ce dont tu n&rsquo;as pas vraiment besoin pendant le trajet ou des choses qui sont plut\u00f4t lourdes.<\/p>\n\n\n\n<ul class=\"wp-block-list\">\n<li>V\u00eatements (de pr\u00e9f\u00e9rence emball\u00e9s dans un Drybag \u00e9tanche)<\/li>\n\n\n\n<li>Sac de couchage<\/li>\n\n\n\n<li>Tarp<\/li>\n\n\n\n<li>Gaz<\/li>\n\n\n\n<li>Articles d&rsquo;hygi\u00e8ne<\/li>\n<\/ul>\n\n\n\n<p><strong>Sac sur cadre<\/strong><\/p>\n\n\n\n<p>Les objets les plus lourds vont dans le sac de cadre. Ainsi, le poids est r\u00e9parti profond\u00e9ment sur le v\u00e9lo et le centre de gravit\u00e9 est parfaitement \u00e9quilibr\u00e9.<\/p>\n\n\n\n<ul class=\"wp-block-list\">\n<li>Tente<\/li>\n\n\n\n<li>Provisions \/ r\u00e9serves<\/li>\n\n\n\n<li>Eau<\/li>\n\n\n\n<li>Outils \/ kit de r\u00e9paration<\/li>\n\n\n\n<li>\u00c9lectronique<\/li>\n\n\n\n<li>Ustensiles de cuisine<\/li>\n<\/ul>\n\n\n\n<h2 class=\"wp-block-heading\">Conseils et astuces pour le bikepacking<\/h2>\n\n\n\n<p>Pour finir, nous aimerions te donner quelques conseils avant ton premier trip de bikepacking :<\/p>\n\n\n\n<p><strong>Une bonne pr\u00e9paration, c&rsquo;est la moiti\u00e9 du travail.<\/strong><\/p>\n\n\n\n<p>V\u00e9rifie bien ton v\u00e9lo avant de partir ! Dans l&rsquo;id\u00e9al, emporte aussi quelques chambres \u00e0 air de rechange, si tu as de la place pour cela.<\/p>\n\n\n\n<p><strong>T\u00e9l\u00e9charge tes cartes hors ligne<\/strong><\/p>\n\n\n\n<p>Ou imprime-les directement. \u00c9galement important : une banque d&rsquo;\u00e9nergie pour ton t\u00e9l\u00e9phone portable afin de ne pas tomber \u00e0 court de jus en cours de route.<\/p>\n\n\n\n<p><strong>Planifier \u00e0 l&rsquo;avance permet de r\u00e9duire le poids.<\/strong><\/p>\n\n\n\n<p>Surtout si tu fais du bikepacking pendant plusieurs jours, tu auras besoin de beaucoup d&rsquo;eau, aussi bien pour boire que pour cuisiner. Pr\u00e9vois quelques arr\u00eats d&rsquo;eau en cours de route (par exemple \u00e0 des fontaines) pour remplir les r\u00e9serves et ne pas avoir \u00e0 en transporter autant.<\/p>\n\n\n\n<p><strong>Prot\u00e8ge le cadre du v\u00e9lo avec du ruban adh\u00e9sif ou de l&rsquo;isolation.<\/strong><\/p>\n\n\n\n<p>Tu \u00e9vites ainsi que les sacs de bikepacking ne laissent des rayures sur ton v\u00e9lo.<\/p>\n\n\n\n<p><strong>Support lat\u00e9ral pour bidon<\/strong><\/p>\n\n\n\n<p>En raison du sac sur le cadre, l&rsquo;espace dans le cadre peut \u00eatre limit\u00e9. Nous recommandons donc un porte-bidon lat\u00e9ral.<\/p>\n\n\n\n<p>Alors ? Tu as maintenant envie de te lancer dans l&rsquo;aventure ? Alors, \u00e0 tes p\u00e9dales, pr\u00eat, vas-y !&nbsp;<\/p>\n\n\n\n<p>D&rsquo;ailleurs, un v\u00e9lo \u00e9lectrique de randonn\u00e9e est \u00e9galement id\u00e9al pour le bikepacking. En particulier sur les longues distances vallonn\u00e9es, il permet de parcourir de plus grandes distances dans la journ\u00e9e et de m\u00e9nager les muscles et les articulations.<\/p>\n\n\n\n<div class=\"wp-block-buttons is-layout-flex wp-block-buttons-is-layout-flex\">\n<div class=\"wp-block-button\"><a class=\"wp-block-button__link has-text-align-center wp-element-button\" href=\"https:\/\/www.mybikeplan.ch\/fr\/categories\/trekking-e-bikes\">Vers nos v\u00e9los \u00e9lectriques de randonn\u00e9e<\/a><\/div>\n<\/div>\n","protected":false},"excerpt":{"rendered":"<p>Le bikepacking est probablement l&rsquo;une des plus grandes tendances cyclistes de ces derni\u00e8res ann\u00e9es. Mais qu&rsquo;est-ce que cela signifie exactement ? Et \u00e0 quoi faut-il faire attention en faisant du bikepacking ? Nous avons r\u00e9sum\u00e9 tout ce qui est important pour que tu sois bien pr\u00e9par\u00e9 pour ta prochaine aventure ! Qu&rsquo;est-ce que le bikepacking [&hellip;]<\/p>\n","protected":false},"author":15,"featured_media":31547,"comment_status":"open","ping_status":"open","sticky":false,"template":"","format":"standard","meta":{"_acf_changed":false,"footnotes":""},"categories":[4442,291],"tags":[],"class_list":["post-31555","post","type-post","status-publish","format-standard","has-post-thumbnail","hentry","category-mybikeplan-fr","category-non-classifiee"],"acf":[],"yoast_head":"<!-- This site is optimized with the Yoast SEO plugin v24.5 - https:\/\/yoast.com\/wordpress\/plugins\/seo\/ -->\n<title>Bikepacking : c&#039;est quoi au juste ?<\/title>\n<meta name=\"description\" content=\"Juste toi, ton v\u00e9lo et le vent dans tes cheveux : Avec le bikepacking, tu t&#039;embarques dans une aventure d&#039;un autre genre !\" \/>\n<meta name=\"robots\" content=\"noindex, follow, max-snippet:-1, max-image-preview:large, max-video-preview:-1\" \/>\n<meta property=\"og:locale\" content=\"fr_FR\" \/>\n<meta property=\"og:type\" content=\"article\" \/>\n<meta property=\"og:title\" content=\"Bikepacking : c&#039;est quoi au juste ?\" \/>\n<meta property=\"og:description\" content=\"Juste toi, ton v\u00e9lo et le vent dans tes cheveux : Avec le bikepacking, tu t&#039;embarques dans une aventure d&#039;un autre genre !\" \/>\n<meta property=\"og:url\" content=\"https:\/\/listings.mybikeplan.ch\/fr\/non-classifiee\/bikepacking-quest-ce-que-cest-au-juste\/\" \/>\n<meta property=\"og:site_name\" content=\"MyBikePlan\" \/>\n<meta property=\"article:published_time\" content=\"2023-04-05T06:34:19+00:00\" \/>\n<meta property=\"article:modified_time\" content=\"2023-08-16T13:15:02+00:00\" \/>\n<meta property=\"og:image\" content=\"https:\/\/listings.mybikeplan.ch\/wp-content\/uploads\/2023\/04\/Bikepacking-Banner.jpg\" \/>\n\t<meta property=\"og:image:width\" content=\"2240\" \/>\n\t<meta property=\"og:image:height\" content=\"1260\" \/>\n\t<meta property=\"og:image:type\" content=\"image\/jpeg\" \/>\n<meta name=\"author\" content=\"Evelyne Aschwanden\" \/>\n<meta name=\"twitter:card\" content=\"summary_large_image\" \/>\n<meta name=\"twitter:label1\" content=\"\u00c9crit par\" \/>\n\t<meta name=\"twitter:data1\" content=\"Evelyne Aschwanden\" \/>\n\t<meta name=\"twitter:label2\" content=\"Dur\u00e9e de lecture estim\u00e9e\" \/>\n\t<meta name=\"twitter:data2\" content=\"6 minutes\" \/>\n<script type=\"application\/ld+json\" class=\"yoast-schema-graph\">{\"@context\":\"https:\/\/schema.org\",\"@graph\":[{\"@type\":\"WebPage\",\"@id\":\"https:\/\/listings.mybikeplan.ch\/fr\/non-classifiee\/bikepacking-quest-ce-que-cest-au-juste\/\",\"url\":\"https:\/\/listings.mybikeplan.ch\/fr\/non-classifiee\/bikepacking-quest-ce-que-cest-au-juste\/\",\"name\":\"Bikepacking : c'est quoi au juste ?\",\"isPartOf\":{\"@id\":\"https:\/\/listings.mybikeplan.ch\/fr\/#website\"},\"primaryImageOfPage\":{\"@id\":\"https:\/\/listings.mybikeplan.ch\/fr\/non-classifiee\/bikepacking-quest-ce-que-cest-au-juste\/#primaryimage\"},\"image\":{\"@id\":\"https:\/\/listings.mybikeplan.ch\/fr\/non-classifiee\/bikepacking-quest-ce-que-cest-au-juste\/#primaryimage\"},\"thumbnailUrl\":\"https:\/\/listings.mybikeplan.ch\/wp-content\/uploads\/2023\/04\/Bikepacking-Banner.jpg\",\"datePublished\":\"2023-04-05T06:34:19+00:00\",\"dateModified\":\"2023-08-16T13:15:02+00:00\",\"author\":{\"@id\":\"https:\/\/listings.mybikeplan.ch\/fr\/#\/schema\/person\/514a6130749cc58319f751509338dafd\"},\"description\":\"Juste toi, ton v\u00e9lo et le vent dans tes cheveux : Avec le bikepacking, tu t'embarques dans une aventure d'un autre genre !\",\"breadcrumb\":{\"@id\":\"https:\/\/listings.mybikeplan.ch\/fr\/non-classifiee\/bikepacking-quest-ce-que-cest-au-juste\/#breadcrumb\"},\"inLanguage\":\"fr-FR\",\"potentialAction\":[{\"@type\":\"ReadAction\",\"target\":[\"https:\/\/listings.mybikeplan.ch\/fr\/non-classifiee\/bikepacking-quest-ce-que-cest-au-juste\/\"]}]},{\"@type\":\"ImageObject\",\"inLanguage\":\"fr-FR\",\"@id\":\"https:\/\/listings.mybikeplan.ch\/fr\/non-classifiee\/bikepacking-quest-ce-que-cest-au-juste\/#primaryimage\",\"url\":\"https:\/\/listings.mybikeplan.ch\/wp-content\/uploads\/2023\/04\/Bikepacking-Banner.jpg\",\"contentUrl\":\"https:\/\/listings.mybikeplan.ch\/wp-content\/uploads\/2023\/04\/Bikepacking-Banner.jpg\",\"width\":2240,\"height\":1260,\"caption\":\"Bikepacking\"},{\"@type\":\"BreadcrumbList\",\"@id\":\"https:\/\/listings.mybikeplan.ch\/fr\/non-classifiee\/bikepacking-quest-ce-que-cest-au-juste\/#breadcrumb\",\"itemListElement\":[{\"@type\":\"ListItem\",\"position\":1,\"name\":\"Home\",\"item\":\"https:\/\/listings.mybikeplan.ch\/fr\/home\/\"},{\"@type\":\"ListItem\",\"position\":2,\"name\":\"Bikepacking : qu&#8217;est-ce que c&#8217;est au juste ?\"}]},{\"@type\":\"WebSite\",\"@id\":\"https:\/\/listings.mybikeplan.ch\/fr\/#website\",\"url\":\"https:\/\/listings.mybikeplan.ch\/fr\/\",\"name\":\"MyBikePlan\",\"description\":\"\",\"potentialAction\":[{\"@type\":\"SearchAction\",\"target\":{\"@type\":\"EntryPoint\",\"urlTemplate\":\"https:\/\/listings.mybikeplan.ch\/fr\/?s={search_term_string}\"},\"query-input\":{\"@type\":\"PropertyValueSpecification\",\"valueRequired\":true,\"valueName\":\"search_term_string\"}}],\"inLanguage\":\"fr-FR\"},{\"@type\":\"Person\",\"@id\":\"https:\/\/listings.mybikeplan.ch\/fr\/#\/schema\/person\/514a6130749cc58319f751509338dafd\",\"name\":\"Evelyne Aschwanden\",\"image\":{\"@type\":\"ImageObject\",\"inLanguage\":\"fr-FR\",\"@id\":\"https:\/\/listings.mybikeplan.ch\/fr\/#\/schema\/person\/image\/\",\"url\":\"https:\/\/secure.gravatar.com\/avatar\/73f0cad78e1012b10bb7c10f05a99be7009e6621353849483b51025ae56a6b37?s=96&d=mm&r=g\",\"contentUrl\":\"https:\/\/secure.gravatar.com\/avatar\/73f0cad78e1012b10bb7c10f05a99be7009e6621353849483b51025ae56a6b37?s=96&d=mm&r=g\",\"caption\":\"Evelyne Aschwanden\"},\"url\":\"https:\/\/listings.mybikeplan.ch\/fr\/author\/evelyne-mybikeplan\/\"}]}<\/script>\n<!-- \/ Yoast SEO plugin. -->","yoast_head_json":{"title":"Bikepacking : c'est quoi au juste ?","description":"Juste toi, ton v\u00e9lo et le vent dans tes cheveux : Avec le bikepacking, tu t'embarques dans une aventure d'un autre genre !","robots":{"index":"noindex","follow":"follow","max-snippet":"max-snippet:-1","max-image-preview":"max-image-preview:large","max-video-preview":"max-video-preview:-1"},"og_locale":"fr_FR","og_type":"article","og_title":"Bikepacking : c'est quoi au juste ?","og_description":"Juste toi, ton v\u00e9lo et le vent dans tes cheveux : Avec le bikepacking, tu t'embarques dans une aventure d'un autre genre !","og_url":"https:\/\/listings.mybikeplan.ch\/fr\/non-classifiee\/bikepacking-quest-ce-que-cest-au-juste\/","og_site_name":"MyBikePlan","article_published_time":"2023-04-05T06:34:19+00:00","article_modified_time":"2023-08-16T13:15:02+00:00","og_image":[{"width":2240,"height":1260,"url":"https:\/\/listings.mybikeplan.ch\/wp-content\/uploads\/2023\/04\/Bikepacking-Banner.jpg","type":"image\/jpeg"}],"author":"Evelyne Aschwanden","twitter_card":"summary_large_image","twitter_misc":{"\u00c9crit par":"Evelyne Aschwanden","Dur\u00e9e de lecture estim\u00e9e":"6 minutes"},"schema":{"@context":"https:\/\/schema.org","@graph":[{"@type":"WebPage","@id":"https:\/\/listings.mybikeplan.ch\/fr\/non-classifiee\/bikepacking-quest-ce-que-cest-au-juste\/","url":"https:\/\/listings.mybikeplan.ch\/fr\/non-classifiee\/bikepacking-quest-ce-que-cest-au-juste\/","name":"Bikepacking : c'est quoi au juste ?","isPartOf":{"@id":"https:\/\/listings.mybikeplan.ch\/fr\/#website"},"primaryImageOfPage":{"@id":"https:\/\/listings.mybikeplan.ch\/fr\/non-classifiee\/bikepacking-quest-ce-que-cest-au-juste\/#primaryimage"},"image":{"@id":"https:\/\/listings.mybikeplan.ch\/fr\/non-classifiee\/bikepacking-quest-ce-que-cest-au-juste\/#primaryimage"},"thumbnailUrl":"https:\/\/listings.mybikeplan.ch\/wp-content\/uploads\/2023\/04\/Bikepacking-Banner.jpg","datePublished":"2023-04-05T06:34:19+00:00","dateModified":"2023-08-16T13:15:02+00:00","author":{"@id":"https:\/\/listings.mybikeplan.ch\/fr\/#\/schema\/person\/514a6130749cc58319f751509338dafd"},"description":"Juste toi, ton v\u00e9lo et le vent dans tes cheveux : Avec le bikepacking, tu t'embarques dans une aventure d'un autre genre !","breadcrumb":{"@id":"https:\/\/listings.mybikeplan.ch\/fr\/non-classifiee\/bikepacking-quest-ce-que-cest-au-juste\/#breadcrumb"},"inLanguage":"fr-FR","potentialAction":[{"@type":"ReadAction","target":["https:\/\/listings.mybikeplan.ch\/fr\/non-classifiee\/bikepacking-quest-ce-que-cest-au-juste\/"]}]},{"@type":"ImageObject","inLanguage":"fr-FR","@id":"https:\/\/listings.mybikeplan.ch\/fr\/non-classifiee\/bikepacking-quest-ce-que-cest-au-juste\/#primaryimage","url":"https:\/\/listings.mybikeplan.ch\/wp-content\/uploads\/2023\/04\/Bikepacking-Banner.jpg","contentUrl":"https:\/\/listings.mybikeplan.ch\/wp-content\/uploads\/2023\/04\/Bikepacking-Banner.jpg","width":2240,"height":1260,"caption":"Bikepacking"},{"@type":"BreadcrumbList","@id":"https:\/\/listings.mybikeplan.ch\/fr\/non-classifiee\/bikepacking-quest-ce-que-cest-au-juste\/#breadcrumb","itemListElement":[{"@type":"ListItem","position":1,"name":"Home","item":"https:\/\/listings.mybikeplan.ch\/fr\/home\/"},{"@type":"ListItem","position":2,"name":"Bikepacking : qu&#8217;est-ce que c&#8217;est au juste ?"}]},{"@type":"WebSite","@id":"https:\/\/listings.mybikeplan.ch\/fr\/#website","url":"https:\/\/listings.mybikeplan.ch\/fr\/","name":"MyBikePlan","description":"","potentialAction":[{"@type":"SearchAction","target":{"@type":"EntryPoint","urlTemplate":"https:\/\/listings.mybikeplan.ch\/fr\/?s={search_term_string}"},"query-input":{"@type":"PropertyValueSpecification","valueRequired":true,"valueName":"search_term_string"}}],"inLanguage":"fr-FR"},{"@type":"Person","@id":"https:\/\/listings.mybikeplan.ch\/fr\/#\/schema\/person\/514a6130749cc58319f751509338dafd","name":"Evelyne Aschwanden","image":{"@type":"ImageObject","inLanguage":"fr-FR","@id":"https:\/\/listings.mybikeplan.ch\/fr\/#\/schema\/person\/image\/","url":"https:\/\/secure.gravatar.com\/avatar\/73f0cad78e1012b10bb7c10f05a99be7009e6621353849483b51025ae56a6b37?s=96&d=mm&r=g","contentUrl":"https:\/\/secure.gravatar.com\/avatar\/73f0cad78e1012b10bb7c10f05a99be7009e6621353849483b51025ae56a6b37?s=96&d=mm&r=g","caption":"Evelyne Aschwanden"},"url":"https:\/\/listings.mybikeplan.ch\/fr\/author\/evelyne-mybikeplan\/"}]}},"locale":"fr","_links":{"self":[{"href":"https:\/\/listings.mybikeplan.ch\/fr\/wp-json\/wp\/v2\/posts\/31555","targetHints":{"allow":["GET"]}}],"collection":[{"href":"https:\/\/listings.mybikeplan.ch\/fr\/wp-json\/wp\/v2\/posts"}],"about":[{"href":"https:\/\/listings.mybikeplan.ch\/fr\/wp-json\/wp\/v2\/types\/post"}],"author":[{"embeddable":true,"href":"https:\/\/listings.mybikeplan.ch\/fr\/wp-json\/wp\/v2\/users\/15"}],"replies":[{"embeddable":true,"href":"https:\/\/listings.mybikeplan.ch\/fr\/wp-json\/wp\/v2\/comments?post=31555"}],"version-history":[{"count":2,"href":"https:\/\/listings.mybikeplan.ch\/fr\/wp-json\/wp\/v2\/posts\/31555\/revisions"}],"predecessor-version":[{"id":37209,"href":"https:\/\/listings.mybikeplan.ch\/fr\/wp-json\/wp\/v2\/posts\/31555\/revisions\/37209"}],"wp:featuredmedia":[{"embeddable":true,"href":"https:\/\/listings.mybikeplan.ch\/fr\/wp-json\/wp\/v2\/media\/31547"}],"wp:attachment":[{"href":"https:\/\/listings.mybikeplan.ch\/fr\/wp-json\/wp\/v2\/media?parent=31555"}],"wp:term":[{"taxonomy":"category","embeddable":true,"href":"https:\/\/listings.mybikeplan.ch\/fr\/wp-json\/wp\/v2\/categories?post=31555"},{"taxonomy":"post_tag","embeddable":true,"href":"https:\/\/listings.mybikeplan.ch\/fr\/wp-json\/wp\/v2\/tags?post=31555"}],"curies":[{"name":"wp","href":"https:\/\/api.w.org\/{rel}","templated":true}]}}