{"id":30995,"date":"2023-03-28T13:59:37","date_gmt":"2023-03-28T13:59:37","guid":{"rendered":"https:\/\/listings.mybikeplan.ch\/?p=30995"},"modified":"2023-08-16T13:15:09","modified_gmt":"2023-08-16T13:15:09","slug":"velos-electriques-de-montagne-attention-a-ces-elements-avant-lachat","status":"publish","type":"post","link":"https:\/\/listings.mybikeplan.ch\/fr\/non-classifiee\/velos-electriques-de-montagne-attention-a-ces-elements-avant-lachat\/","title":{"rendered":"V\u00e9los \u00e9lectriques de montagne : attention \u00e0 ces \u00e9l\u00e9ments avant l&rsquo;achat !"},"content":{"rendered":"\n<p>Tu t&rsquo;int\u00e9resses \u00e0 un VTT \u00e9lectrique, mais tu te sens un peu perdu avec toutes les possibilit\u00e9s et les termes techniques ? Pas de probl\u00e8me ! Dans cet article, tu trouveras tout ce que tu dois savoir sur les VTT \u00e9lectriques.<\/p>\n\n\n\n<h2 class=\"wp-block-heading\">Que sont les VTT \u00e9lectriques ?<\/h2>\n\n\n\n<p>Commen\u00e7ons par les bases !<\/p>\n\n\n\n<p>Un mountain E-Bike (\u00e9galement appel\u00e9 E-MTB) est un v\u00e9lo tout terrain \u00e9quip\u00e9 d&rsquo;un moteur \u00e9lectrique. Contrairement aux E-Bikes ordinaires, les E-Bikes de montagne disposent souvent d&rsquo;une meilleure suspension, de moteurs plus puissants et d&rsquo;un design plus fin.&nbsp;<\/p>\n\n\n\n<p>&nbsp;Les VTT \u00e9lectriques conviennent aux v\u00e9t\u00e9tistes qui :<\/p>\n\n\n\n<ul class=\"wp-block-list\">\n<li>recherchent une certaine assistance au p\u00e9dalage dans les pentes raides<\/li>\n\n\n\n<li>veulent parcourir une plus grande distance<\/li>\n\n\n\n<li>veulent faire monter leur taux d&rsquo;adr\u00e9naline au niveau sup\u00e9rieur<\/li>\n<\/ul>\n\n\n\n<hr class=\"wp-block-separator has-alpha-channel-opacity\"\/>\n\n\n\n<h3 class=\"has-text-align-center wp-block-heading\">Bon \u00e0 savoir !<\/h3>\n\n\n\n<p class=\"has-text-align-center\"><em>Les VTT \u00e9lectriques ne poss\u00e8dent pas de b\u00e9quille et sont g\u00e9n\u00e9ralement livr\u00e9s sans p\u00e9dales et sans \u00e9clairage (chez nous, les p\u00e9dales sont incluses dans la livraison).<\/em><\/p>\n\n\n\n<hr class=\"wp-block-separator has-alpha-channel-opacity\"\/>\n\n\n\n<h2 class=\"wp-block-heading\">Combien co\u00fbtent en moyenne les VTT \u00e9lectriques ?<\/h2>\n\n\n\n<p>Cela d\u00e9pend de ce que tu attends de ton VTT \u00e9lectrique.<\/p>\n\n\n\n<p>Tu pr\u00e9f\u00e8res miser sur l&rsquo;endurance lors de longues randonn\u00e9es en for\u00eat ? Dans ce cas, un VTT hardtail moins cher pourrait d\u00e9j\u00e0 te convenir.<\/p>\n\n\n\n<p>Tu souhaites plut\u00f4t vivre des mont\u00e9es d&rsquo;adr\u00e9naline sur les sentiers ? Dans ce cas, tu devrais plut\u00f4t opter pour un VTT \u00e9lectrique robuste (et donc plus cher).<\/p>\n\n\n\n<p>La fourchette de prix des VTT \u00e9lectriques se situe en moyenne entre 2500 et 10 000 francs, voire plus pour certains mod\u00e8les haut de gamme. D&rsquo;apr\u00e8s notre exp\u00e9rience, tu ne trouveras pas de bons VTT \u00e9lectriques en dessous de 2000 CHF.<\/p>\n\n\n\n<h2 class=\"wp-block-heading\">Quelle est la diff\u00e9rence entre les v\u00e9los \u00e9lectriques hardtail et fully mountain ?<\/h2>\n\n\n\n<figure class=\"wp-block-image size-large\"><a href=\"https:\/\/listings.mybikeplan.ch\/wp-content\/uploads\/2023\/03\/Mountain-E-Bike-2-1024x576.jpg\"><img loading=\"lazy\" decoding=\"async\" width=\"1024\" height=\"576\" src=\"https:\/\/listings.mybikeplan.ch\/wp-content\/uploads\/2023\/03\/Mountain-E-Bike-2-1024x576.jpg\" alt=\"\" class=\"wp-image-30988\" srcset=\"https:\/\/listings.mybikeplan.ch\/wp-content\/uploads\/2023\/03\/Mountain-E-Bike-2-1024x576.jpg 1024w, https:\/\/listings.mybikeplan.ch\/wp-content\/uploads\/2023\/03\/Mountain-E-Bike-2-555x312.jpg 555w, https:\/\/listings.mybikeplan.ch\/wp-content\/uploads\/2023\/03\/Mountain-E-Bike-2-570x320.jpg 570w, https:\/\/listings.mybikeplan.ch\/wp-content\/uploads\/2023\/03\/Mountain-E-Bike-2-768x432.jpg 768w, https:\/\/listings.mybikeplan.ch\/wp-content\/uploads\/2023\/03\/Mountain-E-Bike-2-1536x864.jpg 1536w, https:\/\/listings.mybikeplan.ch\/wp-content\/uploads\/2023\/03\/Mountain-E-Bike-2-2048x1152.jpg 2048w, https:\/\/listings.mybikeplan.ch\/wp-content\/uploads\/2023\/03\/Mountain-E-Bike-2-666x375.jpg 666w\" sizes=\"auto, (max-width: 1024px) 100vw, 1024px\" \/><\/a><\/figure>\n\n\n\n<p>Un hardtail mountain E-Bike d\u00e9signe un v\u00e9lo \u00e9lectrique qui ne poss\u00e8de qu&rsquo;une fourche \u00e0 ressort. Il n&rsquo;a donc pas de suspension \u00e0 l&rsquo;arri\u00e8re.&nbsp;<\/p>\n\n\n\n<p>Un v\u00e9lo \u00e9lectrique Fully Mountain est, comme son nom l&rsquo;indique, enti\u00e8rement suspendu, \u00e0 la fois \u00e0 l&rsquo;avant et \u00e0 l&rsquo;arri\u00e8re. Les chocs sont ainsi mieux absorb\u00e9s lors de la conduite, mais cela se r\u00e9percute bien s\u00fbr sensiblement sur le prix.<\/p>\n\n\n\n<p>Pour les VTT \u00e9lectriques, il y a d&rsquo;autres choses \u00e0 prendre en compte que pour les VTT non motoris\u00e9s lorsqu&rsquo;il s&rsquo;agit de savoir s&rsquo;il vaut mieux acheter un hardtail ou un fully. Car si un VTT hardtail sans moteur permet d&rsquo;\u00e9conomiser de la force sur le terrain et en mont\u00e9e, cet avantage dispara\u00eet compl\u00e8tement avec une version motoris\u00e9e. Acheter un hardtail ou un fully mountain E-Bike est donc avant tout une d\u00e9cision budg\u00e9taire.<\/p>\n\n\n\n<p><strong>Quels sont les avantages et les inconv\u00e9nients d&rsquo;un v\u00e9lo \u00e9lectrique de montagne hardtail ?<\/strong><\/p>\n\n\n\n<ul class=\"wp-block-list\">\n<li>Moins cher que les fullys<\/li>\n\n\n\n<li>N\u00e9cessitent moins d&rsquo;entretien<\/li>\n\n\n\n<li>Pas recommand\u00e9 pour les randonn\u00e9es longues ou intensives.<\/li>\n<\/ul>\n\n\n\n<p><strong>Quels sont les avantages et les inconv\u00e9nients d&rsquo;un VTT \u00e9lectrique \u00e0 full suspension ?<\/strong><\/p>\n\n\n\n<ul class=\"wp-block-list\">\n<li>Conduite confortable, et plus d&rsquo;amortissement pour vos articulations<\/li>\n\n\n\n<li>Plus grande s\u00e9curit\u00e9, surtout en descente<\/li>\n\n\n\n<li>En revanche, beaucoup plus cher<\/li>\n<\/ul>\n\n\n\n<h2 class=\"wp-block-heading\">Les composants du VTT \u00e9lectrique<\/h2>\n\n\n\n<p>Combien de vitesses mon v\u00e9lo \u00e9lectrique de montagne doit-il avoir ? Quelle est la selle la plus adapt\u00e9e ? Et pour quel moteur vais-je opter ? Voici un petit aper\u00e7u des composants les plus importants pour que tu puisses trouver le VTT \u00e9lectrique parfait pour toi.<\/p>\n\n\n\n<h3 class=\"wp-block-heading\">Les freins sur les VTT \u00e9lectriques<\/h3>\n\n\n\n<p>Sur un VTT \u00e9lectrique, les freins doivent \u00eatre r\u00e9sistants. C&rsquo;est pourquoi nous recommandons de ne pas \u00e9conomiser sur ce point et de miser sur de bons freins, puissants et stables. Les freins \u00e0 disques hydrauliques avec de grands disques de frein sont les plus adapt\u00e9s. Autrement dit : au moins 200 mm \u00e0 l&rsquo;avant et \u00e0 l&rsquo;arri\u00e8re.<\/p>\n\n\n\n<h3 class=\"wp-block-heading\">Combien de vitesses faut-il aux v\u00e9los \u00e9lectriques de montagne ?<\/h3>\n\n\n\n<p>M\u00eame si un VTT \u00e9lectrique est assist\u00e9 par un moteur \u00e9lectrique, le changement de vitesse reste l&rsquo;un des composants les plus importants. Un changement de vitesse r\u00e9gulier t&rsquo;aide \u00e0 maintenir une cadence r\u00e9guli\u00e8re et \u00e0 augmenter l&rsquo;autonomie du VTT \u00e9lectrique. Un d\u00e9railleur de 8 \u00e0 12 vitesses est id\u00e9al pour cela.<\/p>\n\n\n\n<h3 class=\"wp-block-heading\">Quelle position de selle pour les VTT \u00e9lectriques ?<\/h3>\n\n\n\n<p>La selle est \u00e0 nos yeux l&rsquo;un des \u00e9l\u00e9ments les plus sous-estim\u00e9s d&rsquo;un mountain E-Bike. Pourtant, la selle contribue beaucoup \u00e0 une conduite agr\u00e9able : dans une descente raide, une position basse de la selle aide \u00e0 rouler de mani\u00e8re plus s\u00fbre et plus contr\u00f4l\u00e9e.<\/p>\n\n\n\n<p>De nombreux VTT \u00e9lectriques sont d\u00e9sormais \u00e9quip\u00e9s en standard d&rsquo;une tige de selle abaissable. Souvent, celle-ci peut \u00eatre command\u00e9e \u00e0 distance depuis le guidon. Tu augmentes ainsi ton confort et ton plaisir de conduire. Nous te recommandons les tiges de selle variables ou au moins un dispositif de serrage rapide si tu as un petit budget.<\/p>\n\n\n\n<figure class=\"wp-block-image size-large\"><a href=\"https:\/\/listings.mybikeplan.ch\/wp-content\/uploads\/2023\/03\/Mountain-E-Bike-3-1024x576.jpg\"><img loading=\"lazy\" decoding=\"async\" width=\"1024\" height=\"576\" src=\"https:\/\/listings.mybikeplan.ch\/wp-content\/uploads\/2023\/03\/Mountain-E-Bike-3-1024x576.jpg\" alt=\"\" class=\"wp-image-30991\" srcset=\"https:\/\/listings.mybikeplan.ch\/wp-content\/uploads\/2023\/03\/Mountain-E-Bike-3-1024x576.jpg 1024w, https:\/\/listings.mybikeplan.ch\/wp-content\/uploads\/2023\/03\/Mountain-E-Bike-3-555x312.jpg 555w, https:\/\/listings.mybikeplan.ch\/wp-content\/uploads\/2023\/03\/Mountain-E-Bike-3-570x320.jpg 570w, https:\/\/listings.mybikeplan.ch\/wp-content\/uploads\/2023\/03\/Mountain-E-Bike-3-768x432.jpg 768w, https:\/\/listings.mybikeplan.ch\/wp-content\/uploads\/2023\/03\/Mountain-E-Bike-3-1536x864.jpg 1536w, https:\/\/listings.mybikeplan.ch\/wp-content\/uploads\/2023\/03\/Mountain-E-Bike-3-2048x1152.jpg 2048w, https:\/\/listings.mybikeplan.ch\/wp-content\/uploads\/2023\/03\/Mountain-E-Bike-3-666x375.jpg 666w\" sizes=\"auto, (max-width: 1024px) 100vw, 1024px\" \/><\/a><\/figure>\n\n\n\n<h3 class=\"wp-block-heading\">Quel type de moteur et de batterie dois-je choisir ?<\/h3>\n\n\n\n<p>Lors du choix de la batterie, tu devrais te poser les questions suivantes :<\/p>\n\n\n\n<ul class=\"wp-block-list\">\n<li>Est-ce que je veux faire de longues randonn\u00e9es avec mon VTT \u00e9lectrique ou suis-je plut\u00f4t un adepte des sentiers ?<\/li>\n\n\n\n<li>Est-il important pour moi que la batterie soit amovible ?<\/li>\n\n\n\n<li>Ai-je besoin de la possibilit\u00e9 d&rsquo;installer une deuxi\u00e8me batterie ?<\/li>\n<\/ul>\n\n\n\n<p>Plus la batterie a de watts, plus elle est puissante.<\/p>\n\n\n\n<hr class=\"wp-block-separator has-alpha-channel-opacity\"\/>\n\n\n\n<h3 class=\"has-text-align-center wp-block-heading\">Bon \u00e0 savoir !<\/h3>\n\n\n\n<p class=\"has-text-align-center\"><em>Bosch et Shimano utilisent g\u00e9n\u00e9ralement des batteries standard qui peuvent \u00eatre facilement remplac\u00e9es en cas de probl\u00e8me.<\/em><\/p>\n\n\n\n<hr class=\"wp-block-separator has-alpha-channel-opacity\"\/>\n\n\n\n<p>Pour le moteur, notre recommandation est de miser sur la puissance. Un bon VTT \u00e9lectrique commence avec une puissance de moteur de 80 Nm. Selon que tu roules sur des sentiers ou que tu utilises le VTT \u00e9lectrique plut\u00f4t pour des randonn\u00e9es d&rsquo;endurance, un peu moins peut suffire.&nbsp;<\/p>\n\n\n\n<h3 class=\"wp-block-heading\">Taille des pneus : le 29\u00a0\u00bb est-il n\u00e9cessaire ?<\/h3>\n\n\n\n<p>Lorsqu&rsquo;il s&rsquo;agit de la taille des pneus, on peut retenir la r\u00e8gle g\u00e9n\u00e9rale suivante :<\/p>\n\n\n\n<p>27,5\u00a0\u00bb est agile et ludique et offre beaucoup d&rsquo;adh\u00e9rence et de s\u00e9curit\u00e9.<\/p>\n\n\n\n<p>Le 29\u00a0\u00bb est plus adapt\u00e9 aux grands cyclistes et en particulier \u00e0 la conduite dans la boue.<\/p>\n\n\n\n<p>En principe, comme pour beaucoup de choses, ce n&rsquo;est pas la taille qui compte en fin de compte, mais la structure du VTT \u00e9lectrique. M\u00eame si l&rsquo;on mise de plus en plus sur des roues de 27,5\u00a0\u00bb pour les VTT \u00e9lectriques, celles-ci ne sont pas toujours le bon choix, surtout dans la boue et sur un sol particuli\u00e8rement mou.&nbsp;<\/p>\n\n\n\n<p>Autre point important : les pneus plus larges sont plus confortables sur les VTT hardtail, o\u00f9 la roue arri\u00e8re doit amortir de nombreux chocs.<\/p>\n\n\n\n<p><strong>Conclusion <\/strong>: si tu as le choix, tu as l&#8217;embarras du choix. Il est donc d&rsquo;autant plus important de savoir ce \u00e0 quoi tu dois faire attention lors de l&rsquo;achat de ton nouveau VTT \u00e9lectrique.&nbsp;<\/p>\n\n\n\n<p>Tu as encore des questions ou tu souhaites un conseil personnalis\u00e9 1:1 ? Alors nous sommes l\u00e0 pour toi : 043 505 13 18.<\/p>\n","protected":false},"excerpt":{"rendered":"<p>Tu t&rsquo;int\u00e9resses \u00e0 un VTT \u00e9lectrique, mais tu te sens un peu perdu avec toutes les possibilit\u00e9s et les termes techniques ? Pas de probl\u00e8me ! Dans cet article, tu trouveras tout ce que tu dois savoir sur les VTT \u00e9lectriques. Que sont les VTT \u00e9lectriques ? Commen\u00e7ons par les bases ! Un mountain E-Bike [&hellip;]<\/p>\n","protected":false},"author":15,"featured_media":30987,"comment_status":"open","ping_status":"open","sticky":false,"template":"","format":"standard","meta":{"_acf_changed":false,"footnotes":""},"categories":[4442,291],"tags":[],"class_list":["post-30995","post","type-post","status-publish","format-standard","has-post-thumbnail","hentry","category-mybikeplan-fr","category-non-classifiee"],"acf":[],"yoast_head":"<!-- This site is optimized with the Yoast SEO plugin v24.5 - https:\/\/yoast.com\/wordpress\/plugins\/seo\/ -->\n<title>V\u00e9los \u00e9lectriques de montagne : attention \u00e0 ces choses !<\/title>\n<meta name=\"description\" content=\"\u00c0 quoi dois-tu faire attention avant d&#039;acheter ton VTT \u00e9lectrique ? Nous avons r\u00e9sum\u00e9 les points les plus importants !\" \/>\n<meta name=\"robots\" content=\"noindex, follow, max-snippet:-1, max-image-preview:large, max-video-preview:-1\" \/>\n<meta property=\"og:locale\" content=\"fr_FR\" \/>\n<meta property=\"og:type\" content=\"article\" \/>\n<meta property=\"og:title\" content=\"V\u00e9los \u00e9lectriques de montagne : attention \u00e0 ces choses !\" \/>\n<meta property=\"og:description\" content=\"\u00c0 quoi dois-tu faire attention avant d&#039;acheter ton VTT \u00e9lectrique ? Nous avons r\u00e9sum\u00e9 les points les plus importants !\" \/>\n<meta property=\"og:url\" content=\"https:\/\/listings.mybikeplan.ch\/fr\/non-classifiee\/velos-electriques-de-montagne-attention-a-ces-elements-avant-lachat\/\" \/>\n<meta property=\"og:site_name\" content=\"MyBikePlan\" \/>\n<meta property=\"article:published_time\" content=\"2023-03-28T13:59:37+00:00\" \/>\n<meta property=\"article:modified_time\" content=\"2023-08-16T13:15:09+00:00\" \/>\n<meta property=\"og:image\" content=\"https:\/\/listings.mybikeplan.ch\/wp-content\/uploads\/2023\/03\/Mountain-E-Bike-1.jpg\" \/>\n\t<meta property=\"og:image:width\" content=\"2240\" \/>\n\t<meta property=\"og:image:height\" content=\"1260\" \/>\n\t<meta property=\"og:image:type\" content=\"image\/jpeg\" \/>\n<meta name=\"author\" content=\"Evelyne Aschwanden\" \/>\n<meta name=\"twitter:card\" content=\"summary_large_image\" \/>\n<meta name=\"twitter:label1\" content=\"\u00c9crit par\" \/>\n\t<meta name=\"twitter:data1\" content=\"Evelyne Aschwanden\" \/>\n\t<meta name=\"twitter:label2\" content=\"Dur\u00e9e de lecture estim\u00e9e\" \/>\n\t<meta name=\"twitter:data2\" content=\"6 minutes\" \/>\n<script type=\"application\/ld+json\" class=\"yoast-schema-graph\">{\"@context\":\"https:\/\/schema.org\",\"@graph\":[{\"@type\":\"WebPage\",\"@id\":\"https:\/\/listings.mybikeplan.ch\/fr\/non-classifiee\/velos-electriques-de-montagne-attention-a-ces-elements-avant-lachat\/\",\"url\":\"https:\/\/listings.mybikeplan.ch\/fr\/non-classifiee\/velos-electriques-de-montagne-attention-a-ces-elements-avant-lachat\/\",\"name\":\"V\u00e9los \u00e9lectriques de montagne : attention \u00e0 ces choses !\",\"isPartOf\":{\"@id\":\"https:\/\/listings.mybikeplan.ch\/fr\/#website\"},\"primaryImageOfPage\":{\"@id\":\"https:\/\/listings.mybikeplan.ch\/fr\/non-classifiee\/velos-electriques-de-montagne-attention-a-ces-elements-avant-lachat\/#primaryimage\"},\"image\":{\"@id\":\"https:\/\/listings.mybikeplan.ch\/fr\/non-classifiee\/velos-electriques-de-montagne-attention-a-ces-elements-avant-lachat\/#primaryimage\"},\"thumbnailUrl\":\"https:\/\/listings.mybikeplan.ch\/wp-content\/uploads\/2023\/03\/Mountain-E-Bike-1.jpg\",\"datePublished\":\"2023-03-28T13:59:37+00:00\",\"dateModified\":\"2023-08-16T13:15:09+00:00\",\"author\":{\"@id\":\"https:\/\/listings.mybikeplan.ch\/fr\/#\/schema\/person\/514a6130749cc58319f751509338dafd\"},\"description\":\"\u00c0 quoi dois-tu faire attention avant d'acheter ton VTT \u00e9lectrique ? Nous avons r\u00e9sum\u00e9 les points les plus importants !\",\"breadcrumb\":{\"@id\":\"https:\/\/listings.mybikeplan.ch\/fr\/non-classifiee\/velos-electriques-de-montagne-attention-a-ces-elements-avant-lachat\/#breadcrumb\"},\"inLanguage\":\"fr-FR\",\"potentialAction\":[{\"@type\":\"ReadAction\",\"target\":[\"https:\/\/listings.mybikeplan.ch\/fr\/non-classifiee\/velos-electriques-de-montagne-attention-a-ces-elements-avant-lachat\/\"]}]},{\"@type\":\"ImageObject\",\"inLanguage\":\"fr-FR\",\"@id\":\"https:\/\/listings.mybikeplan.ch\/fr\/non-classifiee\/velos-electriques-de-montagne-attention-a-ces-elements-avant-lachat\/#primaryimage\",\"url\":\"https:\/\/listings.mybikeplan.ch\/wp-content\/uploads\/2023\/03\/Mountain-E-Bike-1.jpg\",\"contentUrl\":\"https:\/\/listings.mybikeplan.ch\/wp-content\/uploads\/2023\/03\/Mountain-E-Bike-1.jpg\",\"width\":2240,\"height\":1260,\"caption\":\"Mountain E-Bikes\"},{\"@type\":\"BreadcrumbList\",\"@id\":\"https:\/\/listings.mybikeplan.ch\/fr\/non-classifiee\/velos-electriques-de-montagne-attention-a-ces-elements-avant-lachat\/#breadcrumb\",\"itemListElement\":[{\"@type\":\"ListItem\",\"position\":1,\"name\":\"Home\",\"item\":\"https:\/\/listings.mybikeplan.ch\/fr\/home\/\"},{\"@type\":\"ListItem\",\"position\":2,\"name\":\"V\u00e9los \u00e9lectriques de montagne : attention \u00e0 ces \u00e9l\u00e9ments avant l&#8217;achat !\"}]},{\"@type\":\"WebSite\",\"@id\":\"https:\/\/listings.mybikeplan.ch\/fr\/#website\",\"url\":\"https:\/\/listings.mybikeplan.ch\/fr\/\",\"name\":\"MyBikePlan\",\"description\":\"\",\"potentialAction\":[{\"@type\":\"SearchAction\",\"target\":{\"@type\":\"EntryPoint\",\"urlTemplate\":\"https:\/\/listings.mybikeplan.ch\/fr\/?s={search_term_string}\"},\"query-input\":{\"@type\":\"PropertyValueSpecification\",\"valueRequired\":true,\"valueName\":\"search_term_string\"}}],\"inLanguage\":\"fr-FR\"},{\"@type\":\"Person\",\"@id\":\"https:\/\/listings.mybikeplan.ch\/fr\/#\/schema\/person\/514a6130749cc58319f751509338dafd\",\"name\":\"Evelyne Aschwanden\",\"image\":{\"@type\":\"ImageObject\",\"inLanguage\":\"fr-FR\",\"@id\":\"https:\/\/listings.mybikeplan.ch\/fr\/#\/schema\/person\/image\/\",\"url\":\"https:\/\/secure.gravatar.com\/avatar\/73f0cad78e1012b10bb7c10f05a99be7009e6621353849483b51025ae56a6b37?s=96&d=mm&r=g\",\"contentUrl\":\"https:\/\/secure.gravatar.com\/avatar\/73f0cad78e1012b10bb7c10f05a99be7009e6621353849483b51025ae56a6b37?s=96&d=mm&r=g\",\"caption\":\"Evelyne Aschwanden\"},\"url\":\"https:\/\/listings.mybikeplan.ch\/fr\/author\/evelyne-mybikeplan\/\"}]}<\/script>\n<!-- \/ Yoast SEO plugin. -->","yoast_head_json":{"title":"V\u00e9los \u00e9lectriques de montagne : attention \u00e0 ces choses !","description":"\u00c0 quoi dois-tu faire attention avant d'acheter ton VTT \u00e9lectrique ? Nous avons r\u00e9sum\u00e9 les points les plus importants !","robots":{"index":"noindex","follow":"follow","max-snippet":"max-snippet:-1","max-image-preview":"max-image-preview:large","max-video-preview":"max-video-preview:-1"},"og_locale":"fr_FR","og_type":"article","og_title":"V\u00e9los \u00e9lectriques de montagne : attention \u00e0 ces choses !","og_description":"\u00c0 quoi dois-tu faire attention avant d'acheter ton VTT \u00e9lectrique ? Nous avons r\u00e9sum\u00e9 les points les plus importants !","og_url":"https:\/\/listings.mybikeplan.ch\/fr\/non-classifiee\/velos-electriques-de-montagne-attention-a-ces-elements-avant-lachat\/","og_site_name":"MyBikePlan","article_published_time":"2023-03-28T13:59:37+00:00","article_modified_time":"2023-08-16T13:15:09+00:00","og_image":[{"width":2240,"height":1260,"url":"https:\/\/listings.mybikeplan.ch\/wp-content\/uploads\/2023\/03\/Mountain-E-Bike-1.jpg","type":"image\/jpeg"}],"author":"Evelyne Aschwanden","twitter_card":"summary_large_image","twitter_misc":{"\u00c9crit par":"Evelyne Aschwanden","Dur\u00e9e de lecture estim\u00e9e":"6 minutes"},"schema":{"@context":"https:\/\/schema.org","@graph":[{"@type":"WebPage","@id":"https:\/\/listings.mybikeplan.ch\/fr\/non-classifiee\/velos-electriques-de-montagne-attention-a-ces-elements-avant-lachat\/","url":"https:\/\/listings.mybikeplan.ch\/fr\/non-classifiee\/velos-electriques-de-montagne-attention-a-ces-elements-avant-lachat\/","name":"V\u00e9los \u00e9lectriques de montagne : attention \u00e0 ces choses !","isPartOf":{"@id":"https:\/\/listings.mybikeplan.ch\/fr\/#website"},"primaryImageOfPage":{"@id":"https:\/\/listings.mybikeplan.ch\/fr\/non-classifiee\/velos-electriques-de-montagne-attention-a-ces-elements-avant-lachat\/#primaryimage"},"image":{"@id":"https:\/\/listings.mybikeplan.ch\/fr\/non-classifiee\/velos-electriques-de-montagne-attention-a-ces-elements-avant-lachat\/#primaryimage"},"thumbnailUrl":"https:\/\/listings.mybikeplan.ch\/wp-content\/uploads\/2023\/03\/Mountain-E-Bike-1.jpg","datePublished":"2023-03-28T13:59:37+00:00","dateModified":"2023-08-16T13:15:09+00:00","author":{"@id":"https:\/\/listings.mybikeplan.ch\/fr\/#\/schema\/person\/514a6130749cc58319f751509338dafd"},"description":"\u00c0 quoi dois-tu faire attention avant d'acheter ton VTT \u00e9lectrique ? Nous avons r\u00e9sum\u00e9 les points les plus importants !","breadcrumb":{"@id":"https:\/\/listings.mybikeplan.ch\/fr\/non-classifiee\/velos-electriques-de-montagne-attention-a-ces-elements-avant-lachat\/#breadcrumb"},"inLanguage":"fr-FR","potentialAction":[{"@type":"ReadAction","target":["https:\/\/listings.mybikeplan.ch\/fr\/non-classifiee\/velos-electriques-de-montagne-attention-a-ces-elements-avant-lachat\/"]}]},{"@type":"ImageObject","inLanguage":"fr-FR","@id":"https:\/\/listings.mybikeplan.ch\/fr\/non-classifiee\/velos-electriques-de-montagne-attention-a-ces-elements-avant-lachat\/#primaryimage","url":"https:\/\/listings.mybikeplan.ch\/wp-content\/uploads\/2023\/03\/Mountain-E-Bike-1.jpg","contentUrl":"https:\/\/listings.mybikeplan.ch\/wp-content\/uploads\/2023\/03\/Mountain-E-Bike-1.jpg","width":2240,"height":1260,"caption":"Mountain E-Bikes"},{"@type":"BreadcrumbList","@id":"https:\/\/listings.mybikeplan.ch\/fr\/non-classifiee\/velos-electriques-de-montagne-attention-a-ces-elements-avant-lachat\/#breadcrumb","itemListElement":[{"@type":"ListItem","position":1,"name":"Home","item":"https:\/\/listings.mybikeplan.ch\/fr\/home\/"},{"@type":"ListItem","position":2,"name":"V\u00e9los \u00e9lectriques de montagne : attention \u00e0 ces \u00e9l\u00e9ments avant l&#8217;achat !"}]},{"@type":"WebSite","@id":"https:\/\/listings.mybikeplan.ch\/fr\/#website","url":"https:\/\/listings.mybikeplan.ch\/fr\/","name":"MyBikePlan","description":"","potentialAction":[{"@type":"SearchAction","target":{"@type":"EntryPoint","urlTemplate":"https:\/\/listings.mybikeplan.ch\/fr\/?s={search_term_string}"},"query-input":{"@type":"PropertyValueSpecification","valueRequired":true,"valueName":"search_term_string"}}],"inLanguage":"fr-FR"},{"@type":"Person","@id":"https:\/\/listings.mybikeplan.ch\/fr\/#\/schema\/person\/514a6130749cc58319f751509338dafd","name":"Evelyne Aschwanden","image":{"@type":"ImageObject","inLanguage":"fr-FR","@id":"https:\/\/listings.mybikeplan.ch\/fr\/#\/schema\/person\/image\/","url":"https:\/\/secure.gravatar.com\/avatar\/73f0cad78e1012b10bb7c10f05a99be7009e6621353849483b51025ae56a6b37?s=96&d=mm&r=g","contentUrl":"https:\/\/secure.gravatar.com\/avatar\/73f0cad78e1012b10bb7c10f05a99be7009e6621353849483b51025ae56a6b37?s=96&d=mm&r=g","caption":"Evelyne Aschwanden"},"url":"https:\/\/listings.mybikeplan.ch\/fr\/author\/evelyne-mybikeplan\/"}]}},"locale":"fr","_links":{"self":[{"href":"https:\/\/listings.mybikeplan.ch\/fr\/wp-json\/wp\/v2\/posts\/30995","targetHints":{"allow":["GET"]}}],"collection":[{"href":"https:\/\/listings.mybikeplan.ch\/fr\/wp-json\/wp\/v2\/posts"}],"about":[{"href":"https:\/\/listings.mybikeplan.ch\/fr\/wp-json\/wp\/v2\/types\/post"}],"author":[{"embeddable":true,"href":"https:\/\/listings.mybikeplan.ch\/fr\/wp-json\/wp\/v2\/users\/15"}],"replies":[{"embeddable":true,"href":"https:\/\/listings.mybikeplan.ch\/fr\/wp-json\/wp\/v2\/comments?post=30995"}],"version-history":[{"count":2,"href":"https:\/\/listings.mybikeplan.ch\/fr\/wp-json\/wp\/v2\/posts\/30995\/revisions"}],"predecessor-version":[{"id":31001,"href":"https:\/\/listings.mybikeplan.ch\/fr\/wp-json\/wp\/v2\/posts\/30995\/revisions\/31001"}],"wp:featuredmedia":[{"embeddable":true,"href":"https:\/\/listings.mybikeplan.ch\/fr\/wp-json\/wp\/v2\/media\/30987"}],"wp:attachment":[{"href":"https:\/\/listings.mybikeplan.ch\/fr\/wp-json\/wp\/v2\/media?parent=30995"}],"wp:term":[{"taxonomy":"category","embeddable":true,"href":"https:\/\/listings.mybikeplan.ch\/fr\/wp-json\/wp\/v2\/categories?post=30995"},{"taxonomy":"post_tag","embeddable":true,"href":"https:\/\/listings.mybikeplan.ch\/fr\/wp-json\/wp\/v2\/tags?post=30995"}],"curies":[{"name":"wp","href":"https:\/\/api.w.org\/{rel}","templated":true}]}}