{"id":30978,"date":"2023-03-28T14:05:53","date_gmt":"2023-03-28T14:05:53","guid":{"rendered":"https:\/\/listings.mybikeplan.ch\/?p=30978"},"modified":"2023-08-16T13:15:05","modified_gmt":"2023-08-16T13:15:05","slug":"test-dun-velo-electrique-focus-focus-aventura%c2%b2-6-7","status":"publish","type":"post","link":"https:\/\/listings.mybikeplan.ch\/fr\/non-classifiee\/test-dun-velo-electrique-focus-focus-aventura%c2%b2-6-7\/","title":{"rendered":"Test d\u2019un v\u00e9lo \u00e9lectrique Focus : Focus Aventura\u00b2 6.7"},"content":{"rendered":"\n<p>Nous aimons les v\u00e9los \u00e9lectriques ! Et nous aimons presque autant les examiner de plus pr\u00e8s &#8211; car tous les v\u00e9los \u00e9lectriques ne se ressemblent pas. Nous avons demand\u00e9 \u00e0 notre \u00e9quipe de bureau quel \u00e9tait leur v\u00e9lo pr\u00e9f\u00e9r\u00e9.&nbsp;<\/p>\n\n\n\n<p>Aujourd&rsquo;hui, focus sur Anouk, notre experte en marketing. Elle a perdu son c\u0153ur pour l&rsquo;un de nos v\u00e9los \u00e9lectriques Focus, \u00e0 savoir le <strong>Focus Aventura\u00b2 6.7<\/strong>.<\/p>\n\n\n\n<figure class=\"wp-block-image size-full\"><a href=\"https:\/\/listings.mybikeplan.ch\/wp-content\/uploads\/2023\/03\/AnoukXFocusAventura-2.jpg\"><img loading=\"lazy\" decoding=\"async\" width=\"1000\" height=\"562\" src=\"https:\/\/listings.mybikeplan.ch\/wp-content\/uploads\/2023\/03\/AnoukXFocusAventura-2.jpg\" alt=\"\" class=\"wp-image-30953\" srcset=\"https:\/\/listings.mybikeplan.ch\/wp-content\/uploads\/2023\/03\/AnoukXFocusAventura-2.jpg 1000w, https:\/\/listings.mybikeplan.ch\/wp-content\/uploads\/2023\/03\/AnoukXFocusAventura-2-555x312.jpg 555w, https:\/\/listings.mybikeplan.ch\/wp-content\/uploads\/2023\/03\/AnoukXFocusAventura-2-570x320.jpg 570w, https:\/\/listings.mybikeplan.ch\/wp-content\/uploads\/2023\/03\/AnoukXFocusAventura-2-768x432.jpg 768w, https:\/\/listings.mybikeplan.ch\/wp-content\/uploads\/2023\/03\/AnoukXFocusAventura-2-666x374.jpg 666w\" sizes=\"auto, (max-width: 1000px) 100vw, 1000px\" \/><\/a><\/figure>\n\n\n\n<blockquote class=\"wp-block-quote is-layout-flow wp-block-quote-is-layout-flow\">\n<p><em>\u00ab\u00a0J&rsquo;ai eu l&rsquo;occasion de tester le Focus Aventura\u00b2 6.7 lors d&rsquo;un \u00e9v\u00e9nement organis\u00e9 par Focus E-Bikes. J&rsquo;ai \u00e9t\u00e9 surpris par la puissance qu&rsquo;il offre sans avoir \u00e0 p\u00e9daler fortement. Il est super confortable et facile \u00e0 conduire &#8211; exactement ce dont on a besoin quand on veut se promener dans la nature avec un v\u00e9lo \u00e9lectrique\u00a0\u00bb.<\/em><\/p>\n<\/blockquote>\n\n\n\n<p><\/p>\n\n\n\n<h2 class=\"wp-block-heading\">\u00c0 propos des v\u00e9los \u00e9lectriques Focus<\/h2>\n\n\n\n<p>\u00ab\u00a0Ride ensemble &#8211; Ride au-del\u00e0\u00a0\u00bb &#8211; telle est la devise de la marque de v\u00e9los allemande Focus E-Bikes. L&rsquo;objectif de Focus E-Bikes est de faire d\u00e9couvrir \u00e0 tout le monde le bonheur de faire du v\u00e9lo avec des v\u00e9los de haute qualit\u00e9.<\/p>\n\n\n\n<p>Tous les v\u00e9los \u00e9lectriques Focus sont d\u00e9velopp\u00e9s dans leurs propres usines de production. Ils sont ensuite test\u00e9s directement sur les diff\u00e9rents trails autour de Stuttgart. Cela permet de garantir la haute qualit\u00e9 dont les v\u00e9los \u00e9lectriques Focus sont synonymes.<\/p>\n\n\n\n<p>Voil\u00e0 pour l&rsquo;arri\u00e8re-plan &#8211; mais comment se comportent les v\u00e9los \u00e9lectriques Focus dans la r\u00e9alit\u00e9 ? Nous l&rsquo;avons test\u00e9 !<\/p>\n\n\n\n<h2 class=\"wp-block-heading\">Design du Focus Aventura\u00b2 6.7<\/h2>\n\n\n\n<figure class=\"wp-block-image size-large\"><a href=\"https:\/\/listings.mybikeplan.ch\/wp-content\/uploads\/2023\/03\/FocusAventura-Design-1024x576.jpg\"><img loading=\"lazy\" decoding=\"async\" width=\"1024\" height=\"576\" src=\"https:\/\/listings.mybikeplan.ch\/wp-content\/uploads\/2023\/03\/FocusAventura-Design-1024x576.jpg\" alt=\"\" class=\"wp-image-30956\" srcset=\"https:\/\/listings.mybikeplan.ch\/wp-content\/uploads\/2023\/03\/FocusAventura-Design-1024x576.jpg 1024w, https:\/\/listings.mybikeplan.ch\/wp-content\/uploads\/2023\/03\/FocusAventura-Design-555x312.jpg 555w, https:\/\/listings.mybikeplan.ch\/wp-content\/uploads\/2023\/03\/FocusAventura-Design-570x320.jpg 570w, https:\/\/listings.mybikeplan.ch\/wp-content\/uploads\/2023\/03\/FocusAventura-Design-768x432.jpg 768w, https:\/\/listings.mybikeplan.ch\/wp-content\/uploads\/2023\/03\/FocusAventura-Design-1536x864.jpg 1536w, https:\/\/listings.mybikeplan.ch\/wp-content\/uploads\/2023\/03\/FocusAventura-Design-2048x1152.jpg 2048w, https:\/\/listings.mybikeplan.ch\/wp-content\/uploads\/2023\/03\/FocusAventura-Design-666x375.jpg 666w\" sizes=\"auto, (max-width: 1024px) 100vw, 1024px\" \/><\/a><\/figure>\n\n\n\n<p>Le look du Focus Aventura\u00b2 6.7 est tr\u00e8s attrayant. Le v\u00e9lo \u00e9lectrique donne une impression sportive et ordonn\u00e9e, la batterie est \u00e9l\u00e9gamment dissimul\u00e9e dans le tube diagonal. En tant que v\u00e9lo \u00e9lectrique de trekking, il dispose d&rsquo;un \u00e9clairage, d&rsquo;un porte-bagages et de garde-boue &#8211; ces derniers sont m\u00eame fabriqu\u00e9s en aluminium et sont donc de meilleure qualit\u00e9 et plus l\u00e9gers que les mod\u00e8les habituels en plastique. Cela souligne une fois de plus la grande qualit\u00e9 des v\u00e9los \u00e9lectriques Focus. L&rsquo;Aventura\u00b2 6.7 dispose en outre d&rsquo;une selle d\u00e9contract\u00e9e qui assure un grand confort de conduite.<\/p>\n\n\n\n<figure class=\"wp-block-image size-large\"><a href=\"https:\/\/listings.mybikeplan.ch\/wp-content\/uploads\/2023\/03\/3-3-1024x1024.jpg\"><img loading=\"lazy\" decoding=\"async\" width=\"1024\" height=\"1024\" src=\"https:\/\/listings.mybikeplan.ch\/wp-content\/uploads\/2023\/03\/3-3-1024x1024.jpg\" alt=\"\" class=\"wp-image-30968\" srcset=\"https:\/\/listings.mybikeplan.ch\/wp-content\/uploads\/2023\/03\/3-3-1024x1024.jpg 1024w, https:\/\/listings.mybikeplan.ch\/wp-content\/uploads\/2023\/03\/3-3-360x360.jpg 360w, https:\/\/listings.mybikeplan.ch\/wp-content\/uploads\/2023\/03\/3-3-768x768.jpg 768w, https:\/\/listings.mybikeplan.ch\/wp-content\/uploads\/2023\/03\/3-3-666x666.jpg 666w, https:\/\/listings.mybikeplan.ch\/wp-content\/uploads\/2023\/03\/3-3-100x100.jpg 100w, https:\/\/listings.mybikeplan.ch\/wp-content\/uploads\/2023\/03\/3-3.jpg 1080w\" sizes=\"auto, (max-width: 1024px) 100vw, 1024px\" \/><\/a><\/figure>\n\n\n\n<h2 class=\"wp-block-heading\">Domaine d&rsquo;utilisation du Focus Aventura\u00b2 6.7<\/h2>\n\n\n\n<ul class=\"wp-block-list\">\n<li><strong>Surface <\/strong>: asphalte, chemin de gravier, cailloux, chemin forestier, chemin de prairie<\/li>\n\n\n\n<li><strong>Id\u00e9alement adapt\u00e9 pour <\/strong>: Faire les courses, faire la navette, les longues randonn\u00e9es \u00e0 v\u00e9lo<\/li>\n<\/ul>\n\n\n\n<p>Le Focus Aventura\u00b2 6.7 est con\u00e7u pour \u00eatre polyvalent et utilisable dans toutes les situations possibles. Et comme tous les v\u00e9los \u00e9lectriques Focus, il est si bien \u00e9quip\u00e9 que ce serait presque du gaspillage de ne l&rsquo;utiliser que pour faire les courses ou la navette : le Focus Aventura\u00b2 6.7 ne demande qu&rsquo;\u00e0 \u00eatre emmen\u00e9 pour de longues randonn\u00e9es \u00e0 v\u00e9lo et des excursions relaxantes le week-end.<\/p>\n\n\n\n<figure class=\"wp-block-image size-large\"><a href=\"https:\/\/listings.mybikeplan.ch\/wp-content\/uploads\/2023\/03\/FocusAventura-1024x576.jpg\"><img loading=\"lazy\" decoding=\"async\" width=\"1024\" height=\"576\" src=\"https:\/\/listings.mybikeplan.ch\/wp-content\/uploads\/2023\/03\/FocusAventura-1024x576.jpg\" alt=\"\" class=\"wp-image-30959\" srcset=\"https:\/\/listings.mybikeplan.ch\/wp-content\/uploads\/2023\/03\/FocusAventura-1024x576.jpg 1024w, https:\/\/listings.mybikeplan.ch\/wp-content\/uploads\/2023\/03\/FocusAventura-555x312.jpg 555w, https:\/\/listings.mybikeplan.ch\/wp-content\/uploads\/2023\/03\/FocusAventura-570x320.jpg 570w, https:\/\/listings.mybikeplan.ch\/wp-content\/uploads\/2023\/03\/FocusAventura-768x432.jpg 768w, https:\/\/listings.mybikeplan.ch\/wp-content\/uploads\/2023\/03\/FocusAventura-1536x864.jpg 1536w, https:\/\/listings.mybikeplan.ch\/wp-content\/uploads\/2023\/03\/FocusAventura-2048x1152.jpg 2048w, https:\/\/listings.mybikeplan.ch\/wp-content\/uploads\/2023\/03\/FocusAventura-666x375.jpg 666w\" sizes=\"auto, (max-width: 1024px) 100vw, 1024px\" \/><\/a><\/figure>\n\n\n\n<p>Non seulement le Focus Aventura\u00b2 6.7 offre une super sensation de conduite, m\u00eame dans les passages escarp\u00e9s, gr\u00e2ce \u00e0 plusieurs niveaux d&rsquo;assistance, mais il est aussi, \u00e0 notre avis, l&rsquo;un des v\u00e9los \u00e9lectriques Focus les plus adaptables qui soient. Par exemple, la fourche \u00e0 suspension peut \u00eatre bloqu\u00e9e \u00e0 l&rsquo;avant pour activer ou d\u00e9sactiver la suspension en roulant. Le garde-boue prot\u00e8ge bien m\u00eame dans les \u00e9boulis et le v\u00e9lo \u00e9lectrique est autoris\u00e9 jusqu&rsquo;\u00e0 un poids total de 150 kg &#8211; bien plus que les v\u00e9los \u00e9lectriques trekking moyens. Il peut donc \u00eatre \u00e9quip\u00e9 sans probl\u00e8me de plusieurs sacoches lat\u00e9rales et convient donc parfaitement aux randonn\u00e9es de plusieurs jours.<\/p>\n\n\n\n<h2 class=\"wp-block-heading\">Composants du Focus Aventura\u00b2 6.7<\/h2>\n\n\n\n<p>En ce qui concerne les composants de ce v\u00e9lo \u00e9lectrique Focus, il est clair une fois de plus que la bonne r\u00e9putation des v\u00e9los \u00e9lectriques Focus n&rsquo;est pas le fruit du hasard. Une qualit\u00e9 sup\u00e9rieure nous attend ici, qui convainc \u00e0 tous les niveaux.<\/p>\n\n\n\n<h3 class=\"wp-block-heading\">Moteur<\/h3>\n\n\n\n<figure class=\"wp-block-image size-large\"><a href=\"https:\/\/listings.mybikeplan.ch\/wp-content\/uploads\/2023\/03\/2-3-1024x1024.jpg\"><img loading=\"lazy\" decoding=\"async\" width=\"1024\" height=\"1024\" src=\"https:\/\/listings.mybikeplan.ch\/wp-content\/uploads\/2023\/03\/2-3-1024x1024.jpg\" alt=\"\" class=\"wp-image-30962\" srcset=\"https:\/\/listings.mybikeplan.ch\/wp-content\/uploads\/2023\/03\/2-3-1024x1024.jpg 1024w, https:\/\/listings.mybikeplan.ch\/wp-content\/uploads\/2023\/03\/2-3-360x360.jpg 360w, https:\/\/listings.mybikeplan.ch\/wp-content\/uploads\/2023\/03\/2-3-768x768.jpg 768w, https:\/\/listings.mybikeplan.ch\/wp-content\/uploads\/2023\/03\/2-3-666x666.jpg 666w, https:\/\/listings.mybikeplan.ch\/wp-content\/uploads\/2023\/03\/2-3-100x100.jpg 100w, https:\/\/listings.mybikeplan.ch\/wp-content\/uploads\/2023\/03\/2-3.jpg 1080w\" sizes=\"auto, (max-width: 1024px) 100vw, 1024px\" \/><\/a><\/figure>\n\n\n\n<p>Ce v\u00e9lo \u00e9lectrique Focus est \u00e9quip\u00e9 d&rsquo;un moteur Bosch moderne avec un couple puissant de 85 Nm.<\/p>\n\n\n\n<p>Le Focus Aventura\u00b2 6.7 dispose de plusieurs niveaux d&rsquo;assistance qui soulignent une fois de plus la polyvalence et le domaine d&rsquo;utilisation flexible de ce v\u00e9lo \u00e9lectrique Focus. Le mode e-MTB dynamique est particuli\u00e8rement remarquable : dans ce mode, le moteur adapte automatiquement l&rsquo;assistance \u00e0 la pression exerc\u00e9e sur les p\u00e9dales.&nbsp;<\/p>\n\n\n\n<p>Une autre caract\u00e9ristique g\u00e9niale : A partir d&rsquo;une vitesse de plus de 25 km\/h, le moteur s&rsquo;\u00e9teint automatiquement &#8211; et ce sans \u00e0-coups. Le passage du mode motoris\u00e9 au mode non motoris\u00e9 se fait pratiquement sans que tu t&rsquo;en rendes compte.<\/p>\n\n\n\n<h3 class=\"wp-block-heading\">Circuit<\/h3>\n\n\n\n<p>Le Focus Aventura\u00b2 6.7 poss\u00e8de un d\u00e9railleur Shimano Altus \u00e0 9 vitesses, ce qui est largement suffisant pour un tel v\u00e9lo \u00e9lectrique de randonn\u00e9e.<\/p>\n\n\n\n<h3 class=\"wp-block-heading\">\u00c9cran<\/h3>\n\n\n\n<figure class=\"wp-block-image size-large\"><a href=\"https:\/\/listings.mybikeplan.ch\/wp-content\/uploads\/2023\/03\/4-3-1024x1024.jpg\"><img loading=\"lazy\" decoding=\"async\" width=\"1024\" height=\"1024\" src=\"https:\/\/listings.mybikeplan.ch\/wp-content\/uploads\/2023\/03\/4-3-1024x1024.jpg\" alt=\"\" class=\"wp-image-30965\" srcset=\"https:\/\/listings.mybikeplan.ch\/wp-content\/uploads\/2023\/03\/4-3-1024x1024.jpg 1024w, https:\/\/listings.mybikeplan.ch\/wp-content\/uploads\/2023\/03\/4-3-360x360.jpg 360w, https:\/\/listings.mybikeplan.ch\/wp-content\/uploads\/2023\/03\/4-3-768x768.jpg 768w, https:\/\/listings.mybikeplan.ch\/wp-content\/uploads\/2023\/03\/4-3-666x666.jpg 666w, https:\/\/listings.mybikeplan.ch\/wp-content\/uploads\/2023\/03\/4-3-100x100.jpg 100w, https:\/\/listings.mybikeplan.ch\/wp-content\/uploads\/2023\/03\/4-3.jpg 1080w\" sizes=\"auto, (max-width: 1024px) 100vw, 1024px\" \/><\/a><\/figure>\n\n\n\n<p>L&rsquo;\u00e9cran de ce v\u00e9lo \u00e9lectrique Focus, tout comme le moteur, provient de Bosch. Il s&rsquo;agit d&rsquo;un \u00e9cran Bosch Purion, qui semble plut\u00f4t minimaliste par rapport au reste de ce v\u00e9lo \u00e9lectrique Focus. Il peut \u00eatre utilis\u00e9 facilement avec le pouce et donne des informations sur :<\/p>\n\n\n\n<ul class=\"wp-block-list\">\n<li>La charge de la batterie<\/li>\n\n\n\n<li>La vitesse<\/li>\n\n\n\n<li>Le mode d&rsquo;assistance<\/li>\n\n\n\n<li>La distance parcourue<\/li>\n\n\n\n<li>Les kilom\u00e8tres parcourus<\/li>\n<\/ul>\n\n\n\n<p>A souligner ici : Gr\u00e2ce \u00e0 l&rsquo;\u00e9cran \u00e9clair\u00e9 par l&rsquo;arri\u00e8re, les donn\u00e9es de conduite peuvent \u00eatre lues m\u00eame en plein soleil.<\/p>\n\n\n\n<p>L&rsquo;\u00e9cran a \u00e9galement la fonction d&rsquo;activer automatiquement la lumi\u00e8re (qui fonctionne sur la batterie et non sur la dynamo) lorsque tu l&rsquo;allumes.<\/p>\n\n\n\n<h3 class=\"wp-block-heading\">Batterie<\/h3>\n\n\n\n<p>Ici aussi, les v\u00e9los \u00e9lectriques Focus misent sur Bosch. Alors que le moteur est tr\u00e8s puissant, les 635 Wh de la batterie du Focus Aventura\u00b2 6.7 sont plut\u00f4t faibles. Mais cela est tout \u00e0 fait justifi\u00e9 pour le prix. Il est possible d&rsquo;ajouter une deuxi\u00e8me batterie. La batterie peut \u00eatre retir\u00e9e et ainsi facilement recharg\u00e9e chez soi.<\/p>\n\n\n\n<h3 class=\"wp-block-heading\">Pneus<\/h3>\n\n\n\n<p>Le Focus Aventura\u00b2 6.7 est \u00e9quip\u00e9 de pneus 29\u00a0\u00bb de Schwalbe, donc id\u00e9al pour une utilisation flexible. Sur l&rsquo;asphalte, le Focus Aventura\u00b2 6.7 est l\u00e9ger et confortable. L&rsquo;adh\u00e9rence sur les chemins de for\u00eat ou de gravier est \u00e9galement plus que suffisante.<\/p>\n\n\n\n<h3 class=\"wp-block-heading\">Suspension<\/h3>\n\n\n\n<p>Nous avons ici une fourche \u00e0 suspension SR Suntour XCM 34 r\u00e9guli\u00e8re qui, compar\u00e9e \u00e0 une fourche \u00e0 suspension pneumatique, est bon march\u00e9 et n\u00e9cessite peu d&rsquo;entretien. Le d\u00e9battement de 100 mm est sup\u00e9rieur \u00e0 la moyenne pour un v\u00e9lo \u00e9lectrique de trekking comme le Focus Aventura\u00b2 6.7.<\/p>\n\n\n\n<h3 class=\"wp-block-heading\">Freins<\/h3>\n\n\n\n<figure class=\"wp-block-image size-large\"><a href=\"https:\/\/listings.mybikeplan.ch\/wp-content\/uploads\/2023\/03\/1-4-1024x1024.jpg\"><img loading=\"lazy\" decoding=\"async\" width=\"1024\" height=\"1024\" src=\"https:\/\/listings.mybikeplan.ch\/wp-content\/uploads\/2023\/03\/1-4-1024x1024.jpg\" alt=\"\" class=\"wp-image-30971\" srcset=\"https:\/\/listings.mybikeplan.ch\/wp-content\/uploads\/2023\/03\/1-4-1024x1024.jpg 1024w, https:\/\/listings.mybikeplan.ch\/wp-content\/uploads\/2023\/03\/1-4-360x360.jpg 360w, https:\/\/listings.mybikeplan.ch\/wp-content\/uploads\/2023\/03\/1-4-768x768.jpg 768w, https:\/\/listings.mybikeplan.ch\/wp-content\/uploads\/2023\/03\/1-4-666x666.jpg 666w, https:\/\/listings.mybikeplan.ch\/wp-content\/uploads\/2023\/03\/1-4-100x100.jpg 100w, https:\/\/listings.mybikeplan.ch\/wp-content\/uploads\/2023\/03\/1-4.jpg 1080w\" sizes=\"auto, (max-width: 1024px) 100vw, 1024px\" \/><\/a><\/figure>\n\n\n\n<p>C&rsquo;est le seul point du Focus Aventura\u00b2 6.7 pour lequel nous devons retirer quelques points. Bien que l&rsquo;Aventura soit par ailleurs \u00e9quip\u00e9 d&rsquo;une qualit\u00e9 \u00e9norme, les freins \u00e0 disques \u00e0 piston de ce v\u00e9lo \u00e9lectrique Focus ne disposent que de deux plaquettes. Les v\u00e9los \u00e9lectriques de trekking de cette dimension en ont normalement 4.&nbsp;<\/p>\n\n\n\n<h2 class=\"wp-block-heading\">Conclusion<\/h2>\n\n\n\n<p>Le Focus Aventura\u00b2 6.7 est un v\u00e9lo \u00e9lectrique de trekking extr\u00eamement puissant et polyvalent, qui est d\u00e9finitivement \u00e0 la hauteur de la qualit\u00e9 \u00e9lev\u00e9e des v\u00e9los \u00e9lectriques Focus. Il convainc par son fantastique rapport qualit\u00e9-prix, ses composants de haute qualit\u00e9 et son design \u00e9pur\u00e9. Seul point faible : les freins de ce v\u00e9lo \u00e9lectrique Focus pourraient \u00eatre un peu meilleurs. Nous donnons donc 4,5 chilis sur 5 au Focus Aventura\u00b2 6.7.<\/p>\n\n\n\n<figure class=\"wp-block-image size-large\"><a href=\"https:\/\/listings.mybikeplan.ch\/wp-content\/uploads\/2023\/03\/ScoreChili-1024x225.jpg\"><img loading=\"lazy\" decoding=\"async\" width=\"1024\" height=\"225\" src=\"https:\/\/listings.mybikeplan.ch\/wp-content\/uploads\/2023\/03\/ScoreChili-1024x225.jpg\" alt=\"\" class=\"wp-image-30704\" srcset=\"https:\/\/listings.mybikeplan.ch\/wp-content\/uploads\/2023\/03\/ScoreChili-1024x225.jpg 1024w, https:\/\/listings.mybikeplan.ch\/wp-content\/uploads\/2023\/03\/ScoreChili-555x122.jpg 555w, https:\/\/listings.mybikeplan.ch\/wp-content\/uploads\/2023\/03\/ScoreChili-768x169.jpg 768w, https:\/\/listings.mybikeplan.ch\/wp-content\/uploads\/2023\/03\/ScoreChili-1536x338.jpg 1536w, https:\/\/listings.mybikeplan.ch\/wp-content\/uploads\/2023\/03\/ScoreChili-666x146.jpg 666w, https:\/\/listings.mybikeplan.ch\/wp-content\/uploads\/2023\/03\/ScoreChili.jpg 2048w\" sizes=\"auto, (max-width: 1024px) 100vw, 1024px\" \/><\/a><\/figure>\n\n\n\n<div class=\"wp-block-buttons is-layout-flex wp-block-buttons-is-layout-flex\">\n<div class=\"wp-block-button aligncenter\"><a class=\"wp-block-button__link wp-element-button\" href=\"https:\/\/www.mybikeplan.ch\/fr\/produit\/focus-aventura-2-6-7-schwarz\">Vers le Focus Aventura\u00b2 6.7<\/a><\/div>\n<\/div>\n","protected":false},"excerpt":{"rendered":"<p>Nous aimons les v\u00e9los \u00e9lectriques ! Et nous aimons presque autant les examiner de plus pr\u00e8s &#8211; car tous les v\u00e9los \u00e9lectriques ne se ressemblent pas. Nous avons demand\u00e9 \u00e0 notre \u00e9quipe de bureau quel \u00e9tait leur v\u00e9lo pr\u00e9f\u00e9r\u00e9.&nbsp; Aujourd&rsquo;hui, focus sur Anouk, notre experte en marketing. Elle a perdu son c\u0153ur pour l&rsquo;un de [&hellip;]<\/p>\n","protected":false},"author":15,"featured_media":30977,"comment_status":"open","ping_status":"open","sticky":false,"template":"","format":"standard","meta":{"_acf_changed":false,"footnotes":""},"categories":[4442,9728,291],"tags":[],"class_list":["post-30978","post","type-post","status-publish","format-standard","has-post-thumbnail","hentry","category-mybikeplan-fr","category-mybikeplan-fr-2","category-non-classifiee"],"acf":[],"yoast_head":"<!-- This site is optimized with the Yoast SEO plugin v24.5 - https:\/\/yoast.com\/wordpress\/plugins\/seo\/ -->\n<title>Test d\u2019un v\u00e9lo \u00e9lectrique Focus : Focus Aventura\u00b2 6.7<\/title>\n<meta name=\"description\" content=\"Nous testons des v\u00e9los \u00e9lectriques Focus ! Dans notre test de v\u00e9los \u00e9lectriques, nous avons examin\u00e9 de plus pr\u00e8s le Focus Aventura\u00b2 6.7 !\" \/>\n<meta name=\"robots\" content=\"noindex, follow, max-snippet:-1, max-image-preview:large, max-video-preview:-1\" \/>\n<meta property=\"og:locale\" content=\"fr_FR\" \/>\n<meta property=\"og:type\" content=\"article\" \/>\n<meta property=\"og:title\" content=\"Test d\u2019un v\u00e9lo \u00e9lectrique Focus : Focus Aventura\u00b2 6.7\" \/>\n<meta property=\"og:description\" content=\"Nous testons des v\u00e9los \u00e9lectriques Focus ! Dans notre test de v\u00e9los \u00e9lectriques, nous avons examin\u00e9 de plus pr\u00e8s le Focus Aventura\u00b2 6.7 !\" \/>\n<meta property=\"og:url\" content=\"https:\/\/listings.mybikeplan.ch\/fr\/non-classifiee\/test-dun-velo-electrique-focus-focus-aventura%c2%b2-6-7\/\" \/>\n<meta property=\"og:site_name\" content=\"MyBikePlan\" \/>\n<meta property=\"article:published_time\" content=\"2023-03-28T14:05:53+00:00\" \/>\n<meta property=\"article:modified_time\" content=\"2023-08-16T13:15:05+00:00\" \/>\n<meta property=\"og:image\" content=\"https:\/\/listings.mybikeplan.ch\/wp-content\/uploads\/2023\/03\/FocusAventura-Banner-1024x576.jpg\" \/>\n\t<meta property=\"og:image:width\" content=\"1024\" \/>\n\t<meta property=\"og:image:height\" content=\"576\" \/>\n\t<meta property=\"og:image:type\" content=\"image\/jpeg\" \/>\n<meta name=\"author\" content=\"Evelyne Aschwanden\" \/>\n<meta name=\"twitter:card\" content=\"summary_large_image\" \/>\n<meta name=\"twitter:label1\" content=\"\u00c9crit par\" \/>\n\t<meta name=\"twitter:data1\" content=\"Evelyne Aschwanden\" \/>\n\t<meta name=\"twitter:label2\" content=\"Dur\u00e9e de lecture estim\u00e9e\" \/>\n\t<meta name=\"twitter:data2\" content=\"6 minutes\" \/>\n<script type=\"application\/ld+json\" class=\"yoast-schema-graph\">{\"@context\":\"https:\/\/schema.org\",\"@graph\":[{\"@type\":\"WebPage\",\"@id\":\"https:\/\/listings.mybikeplan.ch\/fr\/non-classifiee\/test-dun-velo-electrique-focus-focus-aventura%c2%b2-6-7\/\",\"url\":\"https:\/\/listings.mybikeplan.ch\/fr\/non-classifiee\/test-dun-velo-electrique-focus-focus-aventura%c2%b2-6-7\/\",\"name\":\"Test d\u2019un v\u00e9lo \u00e9lectrique Focus : Focus Aventura\u00b2 6.7\",\"isPartOf\":{\"@id\":\"https:\/\/listings.mybikeplan.ch\/fr\/#website\"},\"primaryImageOfPage\":{\"@id\":\"https:\/\/listings.mybikeplan.ch\/fr\/non-classifiee\/test-dun-velo-electrique-focus-focus-aventura%c2%b2-6-7\/#primaryimage\"},\"image\":{\"@id\":\"https:\/\/listings.mybikeplan.ch\/fr\/non-classifiee\/test-dun-velo-electrique-focus-focus-aventura%c2%b2-6-7\/#primaryimage\"},\"thumbnailUrl\":\"https:\/\/listings.mybikeplan.ch\/wp-content\/uploads\/2023\/03\/FocusAventura-Banner.jpg\",\"datePublished\":\"2023-03-28T14:05:53+00:00\",\"dateModified\":\"2023-08-16T13:15:05+00:00\",\"author\":{\"@id\":\"https:\/\/listings.mybikeplan.ch\/fr\/#\/schema\/person\/514a6130749cc58319f751509338dafd\"},\"description\":\"Nous testons des v\u00e9los \u00e9lectriques Focus ! Dans notre test de v\u00e9los \u00e9lectriques, nous avons examin\u00e9 de plus pr\u00e8s le Focus Aventura\u00b2 6.7 !\",\"breadcrumb\":{\"@id\":\"https:\/\/listings.mybikeplan.ch\/fr\/non-classifiee\/test-dun-velo-electrique-focus-focus-aventura%c2%b2-6-7\/#breadcrumb\"},\"inLanguage\":\"fr-FR\",\"potentialAction\":[{\"@type\":\"ReadAction\",\"target\":[\"https:\/\/listings.mybikeplan.ch\/fr\/non-classifiee\/test-dun-velo-electrique-focus-focus-aventura%c2%b2-6-7\/\"]}]},{\"@type\":\"ImageObject\",\"inLanguage\":\"fr-FR\",\"@id\":\"https:\/\/listings.mybikeplan.ch\/fr\/non-classifiee\/test-dun-velo-electrique-focus-focus-aventura%c2%b2-6-7\/#primaryimage\",\"url\":\"https:\/\/listings.mybikeplan.ch\/wp-content\/uploads\/2023\/03\/FocusAventura-Banner.jpg\",\"contentUrl\":\"https:\/\/listings.mybikeplan.ch\/wp-content\/uploads\/2023\/03\/FocusAventura-Banner.jpg\",\"width\":2240,\"height\":1260,\"caption\":\"Focus Aventura\u00b2 6.7\"},{\"@type\":\"BreadcrumbList\",\"@id\":\"https:\/\/listings.mybikeplan.ch\/fr\/non-classifiee\/test-dun-velo-electrique-focus-focus-aventura%c2%b2-6-7\/#breadcrumb\",\"itemListElement\":[{\"@type\":\"ListItem\",\"position\":1,\"name\":\"Home\",\"item\":\"https:\/\/listings.mybikeplan.ch\/fr\/home\/\"},{\"@type\":\"ListItem\",\"position\":2,\"name\":\"Test d\u2019un v\u00e9lo \u00e9lectrique Focus : Focus Aventura\u00b2 6.7\"}]},{\"@type\":\"WebSite\",\"@id\":\"https:\/\/listings.mybikeplan.ch\/fr\/#website\",\"url\":\"https:\/\/listings.mybikeplan.ch\/fr\/\",\"name\":\"MyBikePlan\",\"description\":\"\",\"potentialAction\":[{\"@type\":\"SearchAction\",\"target\":{\"@type\":\"EntryPoint\",\"urlTemplate\":\"https:\/\/listings.mybikeplan.ch\/fr\/?s={search_term_string}\"},\"query-input\":{\"@type\":\"PropertyValueSpecification\",\"valueRequired\":true,\"valueName\":\"search_term_string\"}}],\"inLanguage\":\"fr-FR\"},{\"@type\":\"Person\",\"@id\":\"https:\/\/listings.mybikeplan.ch\/fr\/#\/schema\/person\/514a6130749cc58319f751509338dafd\",\"name\":\"Evelyne Aschwanden\",\"image\":{\"@type\":\"ImageObject\",\"inLanguage\":\"fr-FR\",\"@id\":\"https:\/\/listings.mybikeplan.ch\/fr\/#\/schema\/person\/image\/\",\"url\":\"https:\/\/secure.gravatar.com\/avatar\/73f0cad78e1012b10bb7c10f05a99be7009e6621353849483b51025ae56a6b37?s=96&d=mm&r=g\",\"contentUrl\":\"https:\/\/secure.gravatar.com\/avatar\/73f0cad78e1012b10bb7c10f05a99be7009e6621353849483b51025ae56a6b37?s=96&d=mm&r=g\",\"caption\":\"Evelyne Aschwanden\"},\"url\":\"https:\/\/listings.mybikeplan.ch\/fr\/author\/evelyne-mybikeplan\/\"}]}<\/script>\n<!-- \/ Yoast SEO plugin. -->","yoast_head_json":{"title":"Test d\u2019un v\u00e9lo \u00e9lectrique Focus : Focus Aventura\u00b2 6.7","description":"Nous testons des v\u00e9los \u00e9lectriques Focus ! Dans notre test de v\u00e9los \u00e9lectriques, nous avons examin\u00e9 de plus pr\u00e8s le Focus Aventura\u00b2 6.7 !","robots":{"index":"noindex","follow":"follow","max-snippet":"max-snippet:-1","max-image-preview":"max-image-preview:large","max-video-preview":"max-video-preview:-1"},"og_locale":"fr_FR","og_type":"article","og_title":"Test d\u2019un v\u00e9lo \u00e9lectrique Focus : Focus Aventura\u00b2 6.7","og_description":"Nous testons des v\u00e9los \u00e9lectriques Focus ! Dans notre test de v\u00e9los \u00e9lectriques, nous avons examin\u00e9 de plus pr\u00e8s le Focus Aventura\u00b2 6.7 !","og_url":"https:\/\/listings.mybikeplan.ch\/fr\/non-classifiee\/test-dun-velo-electrique-focus-focus-aventura%c2%b2-6-7\/","og_site_name":"MyBikePlan","article_published_time":"2023-03-28T14:05:53+00:00","article_modified_time":"2023-08-16T13:15:05+00:00","og_image":[{"width":1024,"height":576,"url":"https:\/\/listings.mybikeplan.ch\/wp-content\/uploads\/2023\/03\/FocusAventura-Banner-1024x576.jpg","type":"image\/jpeg"}],"author":"Evelyne Aschwanden","twitter_card":"summary_large_image","twitter_misc":{"\u00c9crit par":"Evelyne Aschwanden","Dur\u00e9e de lecture estim\u00e9e":"6 minutes"},"schema":{"@context":"https:\/\/schema.org","@graph":[{"@type":"WebPage","@id":"https:\/\/listings.mybikeplan.ch\/fr\/non-classifiee\/test-dun-velo-electrique-focus-focus-aventura%c2%b2-6-7\/","url":"https:\/\/listings.mybikeplan.ch\/fr\/non-classifiee\/test-dun-velo-electrique-focus-focus-aventura%c2%b2-6-7\/","name":"Test d\u2019un v\u00e9lo \u00e9lectrique Focus : Focus Aventura\u00b2 6.7","isPartOf":{"@id":"https:\/\/listings.mybikeplan.ch\/fr\/#website"},"primaryImageOfPage":{"@id":"https:\/\/listings.mybikeplan.ch\/fr\/non-classifiee\/test-dun-velo-electrique-focus-focus-aventura%c2%b2-6-7\/#primaryimage"},"image":{"@id":"https:\/\/listings.mybikeplan.ch\/fr\/non-classifiee\/test-dun-velo-electrique-focus-focus-aventura%c2%b2-6-7\/#primaryimage"},"thumbnailUrl":"https:\/\/listings.mybikeplan.ch\/wp-content\/uploads\/2023\/03\/FocusAventura-Banner.jpg","datePublished":"2023-03-28T14:05:53+00:00","dateModified":"2023-08-16T13:15:05+00:00","author":{"@id":"https:\/\/listings.mybikeplan.ch\/fr\/#\/schema\/person\/514a6130749cc58319f751509338dafd"},"description":"Nous testons des v\u00e9los \u00e9lectriques Focus ! Dans notre test de v\u00e9los \u00e9lectriques, nous avons examin\u00e9 de plus pr\u00e8s le Focus Aventura\u00b2 6.7 !","breadcrumb":{"@id":"https:\/\/listings.mybikeplan.ch\/fr\/non-classifiee\/test-dun-velo-electrique-focus-focus-aventura%c2%b2-6-7\/#breadcrumb"},"inLanguage":"fr-FR","potentialAction":[{"@type":"ReadAction","target":["https:\/\/listings.mybikeplan.ch\/fr\/non-classifiee\/test-dun-velo-electrique-focus-focus-aventura%c2%b2-6-7\/"]}]},{"@type":"ImageObject","inLanguage":"fr-FR","@id":"https:\/\/listings.mybikeplan.ch\/fr\/non-classifiee\/test-dun-velo-electrique-focus-focus-aventura%c2%b2-6-7\/#primaryimage","url":"https:\/\/listings.mybikeplan.ch\/wp-content\/uploads\/2023\/03\/FocusAventura-Banner.jpg","contentUrl":"https:\/\/listings.mybikeplan.ch\/wp-content\/uploads\/2023\/03\/FocusAventura-Banner.jpg","width":2240,"height":1260,"caption":"Focus Aventura\u00b2 6.7"},{"@type":"BreadcrumbList","@id":"https:\/\/listings.mybikeplan.ch\/fr\/non-classifiee\/test-dun-velo-electrique-focus-focus-aventura%c2%b2-6-7\/#breadcrumb","itemListElement":[{"@type":"ListItem","position":1,"name":"Home","item":"https:\/\/listings.mybikeplan.ch\/fr\/home\/"},{"@type":"ListItem","position":2,"name":"Test d\u2019un v\u00e9lo \u00e9lectrique Focus : Focus Aventura\u00b2 6.7"}]},{"@type":"WebSite","@id":"https:\/\/listings.mybikeplan.ch\/fr\/#website","url":"https:\/\/listings.mybikeplan.ch\/fr\/","name":"MyBikePlan","description":"","potentialAction":[{"@type":"SearchAction","target":{"@type":"EntryPoint","urlTemplate":"https:\/\/listings.mybikeplan.ch\/fr\/?s={search_term_string}"},"query-input":{"@type":"PropertyValueSpecification","valueRequired":true,"valueName":"search_term_string"}}],"inLanguage":"fr-FR"},{"@type":"Person","@id":"https:\/\/listings.mybikeplan.ch\/fr\/#\/schema\/person\/514a6130749cc58319f751509338dafd","name":"Evelyne Aschwanden","image":{"@type":"ImageObject","inLanguage":"fr-FR","@id":"https:\/\/listings.mybikeplan.ch\/fr\/#\/schema\/person\/image\/","url":"https:\/\/secure.gravatar.com\/avatar\/73f0cad78e1012b10bb7c10f05a99be7009e6621353849483b51025ae56a6b37?s=96&d=mm&r=g","contentUrl":"https:\/\/secure.gravatar.com\/avatar\/73f0cad78e1012b10bb7c10f05a99be7009e6621353849483b51025ae56a6b37?s=96&d=mm&r=g","caption":"Evelyne Aschwanden"},"url":"https:\/\/listings.mybikeplan.ch\/fr\/author\/evelyne-mybikeplan\/"}]}},"locale":"fr","_links":{"self":[{"href":"https:\/\/listings.mybikeplan.ch\/fr\/wp-json\/wp\/v2\/posts\/30978","targetHints":{"allow":["GET"]}}],"collection":[{"href":"https:\/\/listings.mybikeplan.ch\/fr\/wp-json\/wp\/v2\/posts"}],"about":[{"href":"https:\/\/listings.mybikeplan.ch\/fr\/wp-json\/wp\/v2\/types\/post"}],"author":[{"embeddable":true,"href":"https:\/\/listings.mybikeplan.ch\/fr\/wp-json\/wp\/v2\/users\/15"}],"replies":[{"embeddable":true,"href":"https:\/\/listings.mybikeplan.ch\/fr\/wp-json\/wp\/v2\/comments?post=30978"}],"version-history":[{"count":2,"href":"https:\/\/listings.mybikeplan.ch\/fr\/wp-json\/wp\/v2\/posts\/30978\/revisions"}],"predecessor-version":[{"id":30980,"href":"https:\/\/listings.mybikeplan.ch\/fr\/wp-json\/wp\/v2\/posts\/30978\/revisions\/30980"}],"wp:featuredmedia":[{"embeddable":true,"href":"https:\/\/listings.mybikeplan.ch\/fr\/wp-json\/wp\/v2\/media\/30977"}],"wp:attachment":[{"href":"https:\/\/listings.mybikeplan.ch\/fr\/wp-json\/wp\/v2\/media?parent=30978"}],"wp:term":[{"taxonomy":"category","embeddable":true,"href":"https:\/\/listings.mybikeplan.ch\/fr\/wp-json\/wp\/v2\/categories?post=30978"},{"taxonomy":"post_tag","embeddable":true,"href":"https:\/\/listings.mybikeplan.ch\/fr\/wp-json\/wp\/v2\/tags?post=30978"}],"curies":[{"name":"wp","href":"https:\/\/api.w.org\/{rel}","templated":true}]}}