{"id":29652,"date":"2023-02-21T08:48:19","date_gmt":"2023-02-21T08:48:19","guid":{"rendered":"https:\/\/listings.mybikeplan.ch\/?p=29652"},"modified":"2023-08-16T13:15:40","modified_gmt":"2023-08-16T13:15:40","slug":"les-velos-electriques-en-2023-voici-pourquoi-il-vaut-la-peine-dacheter-maintenant","status":"publish","type":"post","link":"https:\/\/listings.mybikeplan.ch\/fr\/non-classifiee\/les-velos-electriques-en-2023-voici-pourquoi-il-vaut-la-peine-dacheter-maintenant\/","title":{"rendered":"Les v\u00e9los \u00e9lectriques en 2023 : Voici pourquoi il vaut la peine d&rsquo;acheter maintenant"},"content":{"rendered":"\n<p>Nous pensons que 2023 sera une ann\u00e9e favorable pour les v\u00e9los \u00e9lectriques. Nous t&rsquo;avons r\u00e9cemment pr\u00e9sent\u00e9 les meilleurs v\u00e9los \u00e9lectriques de 2023 ainsi que les tendances de la saison \u00e0 venir &#8211; et il y a certainement encore beaucoup \u00e0 venir cette ann\u00e9e ! Nous pensons que oui : Il n&rsquo;y a pas de meilleur moment que maintenant pour acheter un v\u00e9lo \u00e9lectrique !&nbsp;<\/p>\n\n\n\n<p>Nous avons rassembl\u00e9 quelques bonnes raisons pour lesquelles tu devrais d\u00e9finitivement garder un \u0153il sur les v\u00e9los \u00e9lectriques en 2023.<\/p>\n\n\n\n<h2 class=\"wp-block-heading\">Le march\u00e9 des v\u00e9los \u00e9lectriques 2023 : Plus rapide, plus fin, meilleur&nbsp;<\/h2>\n\n\n\n<p>Ce qui a vraiment d\u00e9marr\u00e9 avec la pand\u00e9mie est maintenant \u00e0 son plus haut niveau de tous les temps. Le march\u00e9 des v\u00e9los \u00e9lectriques en 2023 se r\u00e9sume en un mot ?<\/p>\n\n\n\n<p><strong>Rapidement !<\/strong><\/p>\n\n\n\n<p>En effet, la popularit\u00e9 des v\u00e9los \u00e9lectriques continue de cro\u00eetre cette ann\u00e9e et de plus en plus de personnes, notamment dans les villes, passent \u00e0 l&rsquo;alternative motoris\u00e9e au v\u00e9lo classique. \u00c0 cela s&rsquo;ajoutent les tendances actuelles pour les v\u00e9los \u00e9lectriques en 2023, qui promettent beaucoup d&rsquo;innovation et d&rsquo;esprit pionnier dans les mois \u00e0 venir. Nous sommes en tout cas impatients !<\/p>\n\n\n\n<h2 class=\"wp-block-heading\">Pistes cyclables : \u00e9galement un th\u00e8me pour les v\u00e9los \u00e9lectriques 2023<\/h2>\n\n\n\n<p>Ce n&rsquo;est que r\u00e9cemment que la nouvelle loi f\u00e9d\u00e9rale sur les voies cyclables est entr\u00e9e en vigueur. Concr\u00e8tement, cela signifie qu&rsquo;au cours des prochaines ann\u00e9es, encore plus d&rsquo;argent sera investi dans le d\u00e9veloppement et l&rsquo;extension des pistes cyclables en Suisse. Cela concerne \u00e9galement les v\u00e9los \u00e9lectriques 2023. Car plus de pistes cyclables signifient encore plus de libert\u00e9 pour se d\u00e9placer en ville ou en tout-terrain.<\/p>\n\n\n\n<h2 class=\"wp-block-heading\">Des v\u00e9los \u00e9lectriques ultramodernes en 2023<\/h2>\n\n\n\n<figure class=\"wp-block-image size-large\"><a href=\"https:\/\/listings.mybikeplan.ch\/wp-content\/uploads\/2023\/02\/2-8-1024x576.jpg\"><img loading=\"lazy\" decoding=\"async\" width=\"1024\" height=\"576\" src=\"https:\/\/listings.mybikeplan.ch\/wp-content\/uploads\/2023\/02\/2-8-1024x576.jpg\" alt=\"\" class=\"wp-image-29645\" srcset=\"https:\/\/listings.mybikeplan.ch\/wp-content\/uploads\/2023\/02\/2-8-1024x576.jpg 1024w, https:\/\/listings.mybikeplan.ch\/wp-content\/uploads\/2023\/02\/2-8-555x312.jpg 555w, https:\/\/listings.mybikeplan.ch\/wp-content\/uploads\/2023\/02\/2-8-570x320.jpg 570w, https:\/\/listings.mybikeplan.ch\/wp-content\/uploads\/2023\/02\/2-8-768x432.jpg 768w, https:\/\/listings.mybikeplan.ch\/wp-content\/uploads\/2023\/02\/2-8-1536x864.jpg 1536w, https:\/\/listings.mybikeplan.ch\/wp-content\/uploads\/2023\/02\/2-8-2048x1152.jpg 2048w, https:\/\/listings.mybikeplan.ch\/wp-content\/uploads\/2023\/02\/2-8-666x375.jpg 666w\" sizes=\"auto, (max-width: 1024px) 100vw, 1024px\" \/><\/a><\/figure>\n\n\n\n<p>Les v\u00e9los \u00e9lectriques se sont continuellement d\u00e9velopp\u00e9s au cours des derni\u00e8res ann\u00e9es. Nous sommes depuis longtemps loin des v\u00e9los \u00e9lectriques encombrants et lourds avec une batterie r\u00e9calcitrante. Les mod\u00e8les des nouveaux v\u00e9los \u00e9lectriques 2023 le prouvent : aujourd&rsquo;hui, les v\u00e9los \u00e9lectriques sont des moyens de transport modernes, technologiquement avanc\u00e9s et futuristes, qui ouvrent la voie \u00e0 un nouvel avenir pour l&rsquo;e-mobilit\u00e9.<\/p>\n\n\n\n<p>D&rsquo;ailleurs, tu peux d\u00e9j\u00e0 trouver quelques-uns des meilleurs mod\u00e8les de v\u00e9los \u00e9lectriques 2023 sur notre site web.<\/p>\n\n\n\n<div class=\"wp-block-buttons is-layout-flex wp-block-buttons-is-layout-flex\">\n<div class=\"wp-block-button aligncenter\"><a class=\"wp-block-button__link wp-element-button\" href=\"https:\/\/www.mybikeplan.ch\/fr\/categories\/e-bikes-2023\" target=\"_blank\" rel=\"noreferrer noopener\">Vers l&rsquo;aper\u00e7u des E-Bikes<\/a><\/div>\n<\/div>\n\n\n\n<h2 class=\"wp-block-heading\">Des v\u00e9los \u00e9lectriques intelligents en 2023<\/h2>\n\n\n\n<p>La connectivit\u00e9 est le mot magique pour les v\u00e9los \u00e9lectriques 2023. Les v\u00e9los \u00e9lectriques intelligents gagnent du terrain et pourraient d\u00e9j\u00e0 devenir la norme dans les ann\u00e9es \u00e0 venir. Les mod\u00e8les de v\u00e9los \u00e9lectriques actuels disposent d\u00e9j\u00e0 d&rsquo;une technologie intelligente et moderne qui peut \u00eatre connect\u00e9e \u00e0 d&rsquo;autres appareils num\u00e9riques. Il existe par exemple des v\u00e9los \u00e9lectriques qui se d\u00e9verrouillent automatiquement lorsqu&rsquo;on s&rsquo;en approche \u00e0 une certaine distance ou qui appellent la police lorsqu&rsquo;un conducteur inconnu les conduit. Les v\u00e9los \u00e9lectriques 2023 peuvent \u00e9galement \u00eatre \u00e9quip\u00e9s de toutes sortes d&rsquo;accessoires, par exemple un casque intelligent. Ce qui deviendra de plus en plus actuel avec les v\u00e9los \u00e9lectriques 2023, ce sont les syst\u00e8mes ABS pour une s\u00e9curit\u00e9 routi\u00e8re accrue.<\/p>\n\n\n\n<p>En bref : les v\u00e9los \u00e9lectriques sont d\u00e9j\u00e0 plus que de \u00ab\u00a0simples\u00a0\u00bb v\u00e9los avec un moteur \u00e9lectrique. Dans les ann\u00e9es \u00e0 venir, ils franchiront sans aucun doute de nombreuses \u00e9tapes et continueront \u00e0 se d\u00e9velopper pour devenir un moyen de transport moderne. En achetant un v\u00e9lo \u00e9lectrique d\u00e8s maintenant, tu investis donc dans l&rsquo;avenir.<\/p>\n\n\n\n<h2 class=\"wp-block-heading\">Les v\u00e9los \u00e9lectriques pour remplacer la voiture<\/h2>\n\n\n\n<figure class=\"wp-block-image size-large\"><a href=\"https:\/\/listings.mybikeplan.ch\/wp-content\/uploads\/2023\/02\/3-7-1024x576.jpg\"><img loading=\"lazy\" decoding=\"async\" width=\"1024\" height=\"576\" src=\"https:\/\/listings.mybikeplan.ch\/wp-content\/uploads\/2023\/02\/3-7-1024x576.jpg\" alt=\"\" class=\"wp-image-29648\" srcset=\"https:\/\/listings.mybikeplan.ch\/wp-content\/uploads\/2023\/02\/3-7-1024x576.jpg 1024w, https:\/\/listings.mybikeplan.ch\/wp-content\/uploads\/2023\/02\/3-7-555x312.jpg 555w, https:\/\/listings.mybikeplan.ch\/wp-content\/uploads\/2023\/02\/3-7-570x320.jpg 570w, https:\/\/listings.mybikeplan.ch\/wp-content\/uploads\/2023\/02\/3-7-768x432.jpg 768w, https:\/\/listings.mybikeplan.ch\/wp-content\/uploads\/2023\/02\/3-7-1536x864.jpg 1536w, https:\/\/listings.mybikeplan.ch\/wp-content\/uploads\/2023\/02\/3-7-2048x1152.jpg 2048w, https:\/\/listings.mybikeplan.ch\/wp-content\/uploads\/2023\/02\/3-7-666x375.jpg 666w\" sizes=\"auto, (max-width: 1024px) 100vw, 1024px\" \/><\/a><\/figure>\n\n\n\n<p>Remplacer la voiture avec un v\u00e9lo \u00e9lectrique ?<\/p>\n\n\n\n<p>Ce qui semble tr\u00e8s ambitieux pour la premi\u00e8re fois est devenu une r\u00e9alit\u00e9 depuis longtemps !&nbsp;<\/p>\n\n\n\n<p>Dans les villes, les v\u00e9los \u00e9lectriques s&rsquo;\u00e9tablissent de plus en plus comme le parfait substitut \u00e0 une voiture en 2023. Pourquoi ? Parce qu&rsquo;ils sont nettement plus rapides et plus agiles dans le trafic urbain. En comparaison : une voiture avance en moyenne \u00e0 12 km\/h en ville, un v\u00e9lo \u00e9lectrique \u00e0 environ 20 km\/h. A cela s&rsquo;ajoute le fait qu&rsquo;un v\u00e9lo \u00e9lectrique est nettement plus \u00e9cologique qu&rsquo;un v\u00e9lo \u00e9lectrique &#8211; oui, m\u00eame si l&rsquo;on prend en compte le transport et le mat\u00e9riel.<\/p>\n\n\n\n<p>Un autre point important qui parle en faveur des v\u00e9los \u00e9lectriques est le prix &#8211; car si tu laisses ta voiture pour un v\u00e9lo \u00e9lectrique, tu \u00e9conomises plusieurs milliers de francs par an. D\u00e9finitivement un bon investissement !<\/p>\n\n\n\n<h2 class=\"wp-block-heading\">Les v\u00e9los \u00e9lectriques en 2023 : Durable et respectueux de l&rsquo;environnement<\/h2>\n\n\n\n<p>Qu&rsquo;un v\u00e9lo \u00e9lectrique soit plus durable et plus respectueux de l&rsquo;environnement qu&rsquo;une voiture &#8211; c&rsquo;est probablement ce que la plupart des gens savent. Mais savais-tu qu&rsquo;en mati\u00e8re de durabilit\u00e9, le v\u00e9lo \u00e9lectrique surpasse m\u00eame les transports publics ?<\/p>\n\n\n\n<p>Une \u00e9tude de l&rsquo;Institut pour l&rsquo;\u00e9nergie et la recherche environnementale de Heidelberg (IFEU) a r\u00e9v\u00e9l\u00e9 que l&rsquo;impact climatique d&rsquo;un v\u00e9lo \u00e9lectrique est environ 5 fois moins important que celui des transports publics. Par rapport \u00e0 une voiture \u00e9lectrique, le v\u00e9lo \u00e9lectrique est \u00e9galement bien meilleur et 15 fois plus \u00e9cologique.&nbsp;<\/p>\n\n\n\n<p>Ceux qui aiment se d\u00e9placer de mani\u00e8re durable sont donc bien servis avec un v\u00e9lo \u00e9lectrique.<\/p>\n\n\n\n<hr class=\"wp-block-separator has-alpha-channel-opacity\"\/>\n\n\n\n<p><strong>Conclusion <\/strong>: les d\u00e9veloppements actuels autour des v\u00e9los \u00e9lectriques 2023 le prouvent : C&rsquo;est le moment id\u00e9al pour sauter sur la tendance !<\/p>\n\n\n\n<div class=\"wp-block-buttons is-layout-flex wp-block-buttons-is-layout-flex\">\n<div class=\"wp-block-button aligncenter\"><a class=\"wp-block-button__link wp-element-button\" href=\"https:\/\/www.mybikeplan.ch\/fr\/categories\/e-bikes-2023\" target=\"_blank\" rel=\"noreferrer noopener\">Vers nos v\u00e9los \u00e9lectriques<\/a><\/div>\n<\/div>\n","protected":false},"excerpt":{"rendered":"<p>Nous pensons que 2023 sera une ann\u00e9e favorable pour les v\u00e9los \u00e9lectriques. Nous t&rsquo;avons r\u00e9cemment pr\u00e9sent\u00e9 les meilleurs v\u00e9los \u00e9lectriques de 2023 ainsi que les tendances de la saison \u00e0 venir &#8211; et il y a certainement encore beaucoup \u00e0 venir cette ann\u00e9e ! Nous pensons que oui : Il n&rsquo;y a pas de meilleur [&hellip;]<\/p>\n","protected":false},"author":15,"featured_media":29644,"comment_status":"open","ping_status":"open","sticky":false,"template":"","format":"standard","meta":{"_acf_changed":false,"footnotes":""},"categories":[4442,291],"tags":[],"class_list":["post-29652","post","type-post","status-publish","format-standard","has-post-thumbnail","hentry","category-mybikeplan-fr","category-non-classifiee"],"acf":[],"yoast_head":"<!-- This site is optimized with the Yoast SEO plugin v24.5 - https:\/\/yoast.com\/wordpress\/plugins\/seo\/ -->\n<title>C&#039;est pourquoi il vaut la peine d&#039;acheter maintenant<\/title>\n<meta name=\"description\" content=\"Il vaut la peine d&#039;acheter des v\u00e9los \u00e9lectriques en 2023 - nous montrons pourquoi c&#039;est le meilleur moment !\" \/>\n<meta name=\"robots\" content=\"noindex, follow, max-snippet:-1, max-image-preview:large, max-video-preview:-1\" \/>\n<meta property=\"og:locale\" content=\"fr_FR\" \/>\n<meta property=\"og:type\" content=\"article\" \/>\n<meta property=\"og:title\" content=\"C&#039;est pourquoi il vaut la peine d&#039;acheter maintenant\" \/>\n<meta property=\"og:description\" content=\"Il vaut la peine d&#039;acheter des v\u00e9los \u00e9lectriques en 2023 - nous montrons pourquoi c&#039;est le meilleur moment !\" \/>\n<meta property=\"og:url\" content=\"https:\/\/listings.mybikeplan.ch\/fr\/non-classifiee\/les-velos-electriques-en-2023-voici-pourquoi-il-vaut-la-peine-dacheter-maintenant\/\" \/>\n<meta property=\"og:site_name\" content=\"MyBikePlan\" \/>\n<meta property=\"article:published_time\" content=\"2023-02-21T08:48:19+00:00\" \/>\n<meta property=\"article:modified_time\" content=\"2023-08-16T13:15:40+00:00\" \/>\n<meta property=\"og:image\" content=\"https:\/\/listings.mybikeplan.ch\/wp-content\/uploads\/2023\/02\/1-9.jpg\" \/>\n\t<meta property=\"og:image:width\" content=\"2240\" \/>\n\t<meta property=\"og:image:height\" content=\"1260\" \/>\n\t<meta property=\"og:image:type\" content=\"image\/jpeg\" \/>\n<meta name=\"author\" content=\"Evelyne Aschwanden\" \/>\n<meta name=\"twitter:card\" content=\"summary_large_image\" \/>\n<meta name=\"twitter:label1\" content=\"\u00c9crit par\" \/>\n\t<meta name=\"twitter:data1\" content=\"Evelyne Aschwanden\" \/>\n\t<meta name=\"twitter:label2\" content=\"Dur\u00e9e de lecture estim\u00e9e\" \/>\n\t<meta name=\"twitter:data2\" content=\"4 minutes\" \/>\n<script type=\"application\/ld+json\" class=\"yoast-schema-graph\">{\"@context\":\"https:\/\/schema.org\",\"@graph\":[{\"@type\":\"WebPage\",\"@id\":\"https:\/\/listings.mybikeplan.ch\/fr\/non-classifiee\/les-velos-electriques-en-2023-voici-pourquoi-il-vaut-la-peine-dacheter-maintenant\/\",\"url\":\"https:\/\/listings.mybikeplan.ch\/fr\/non-classifiee\/les-velos-electriques-en-2023-voici-pourquoi-il-vaut-la-peine-dacheter-maintenant\/\",\"name\":\"C'est pourquoi il vaut la peine d'acheter maintenant\",\"isPartOf\":{\"@id\":\"https:\/\/listings.mybikeplan.ch\/fr\/#website\"},\"primaryImageOfPage\":{\"@id\":\"https:\/\/listings.mybikeplan.ch\/fr\/non-classifiee\/les-velos-electriques-en-2023-voici-pourquoi-il-vaut-la-peine-dacheter-maintenant\/#primaryimage\"},\"image\":{\"@id\":\"https:\/\/listings.mybikeplan.ch\/fr\/non-classifiee\/les-velos-electriques-en-2023-voici-pourquoi-il-vaut-la-peine-dacheter-maintenant\/#primaryimage\"},\"thumbnailUrl\":\"https:\/\/listings.mybikeplan.ch\/wp-content\/uploads\/2023\/02\/1-9.jpg\",\"datePublished\":\"2023-02-21T08:48:19+00:00\",\"dateModified\":\"2023-08-16T13:15:40+00:00\",\"author\":{\"@id\":\"https:\/\/listings.mybikeplan.ch\/fr\/#\/schema\/person\/514a6130749cc58319f751509338dafd\"},\"description\":\"Il vaut la peine d'acheter des v\u00e9los \u00e9lectriques en 2023 - nous montrons pourquoi c'est le meilleur moment !\",\"breadcrumb\":{\"@id\":\"https:\/\/listings.mybikeplan.ch\/fr\/non-classifiee\/les-velos-electriques-en-2023-voici-pourquoi-il-vaut-la-peine-dacheter-maintenant\/#breadcrumb\"},\"inLanguage\":\"fr-FR\",\"potentialAction\":[{\"@type\":\"ReadAction\",\"target\":[\"https:\/\/listings.mybikeplan.ch\/fr\/non-classifiee\/les-velos-electriques-en-2023-voici-pourquoi-il-vaut-la-peine-dacheter-maintenant\/\"]}]},{\"@type\":\"ImageObject\",\"inLanguage\":\"fr-FR\",\"@id\":\"https:\/\/listings.mybikeplan.ch\/fr\/non-classifiee\/les-velos-electriques-en-2023-voici-pourquoi-il-vaut-la-peine-dacheter-maintenant\/#primaryimage\",\"url\":\"https:\/\/listings.mybikeplan.ch\/wp-content\/uploads\/2023\/02\/1-9.jpg\",\"contentUrl\":\"https:\/\/listings.mybikeplan.ch\/wp-content\/uploads\/2023\/02\/1-9.jpg\",\"width\":2240,\"height\":1260,\"caption\":\"Mann mit E-Bike\"},{\"@type\":\"BreadcrumbList\",\"@id\":\"https:\/\/listings.mybikeplan.ch\/fr\/non-classifiee\/les-velos-electriques-en-2023-voici-pourquoi-il-vaut-la-peine-dacheter-maintenant\/#breadcrumb\",\"itemListElement\":[{\"@type\":\"ListItem\",\"position\":1,\"name\":\"Home\",\"item\":\"https:\/\/listings.mybikeplan.ch\/fr\/home\/\"},{\"@type\":\"ListItem\",\"position\":2,\"name\":\"Les v\u00e9los \u00e9lectriques en 2023 : Voici pourquoi il vaut la peine d&#8217;acheter maintenant\"}]},{\"@type\":\"WebSite\",\"@id\":\"https:\/\/listings.mybikeplan.ch\/fr\/#website\",\"url\":\"https:\/\/listings.mybikeplan.ch\/fr\/\",\"name\":\"MyBikePlan\",\"description\":\"\",\"potentialAction\":[{\"@type\":\"SearchAction\",\"target\":{\"@type\":\"EntryPoint\",\"urlTemplate\":\"https:\/\/listings.mybikeplan.ch\/fr\/?s={search_term_string}\"},\"query-input\":{\"@type\":\"PropertyValueSpecification\",\"valueRequired\":true,\"valueName\":\"search_term_string\"}}],\"inLanguage\":\"fr-FR\"},{\"@type\":\"Person\",\"@id\":\"https:\/\/listings.mybikeplan.ch\/fr\/#\/schema\/person\/514a6130749cc58319f751509338dafd\",\"name\":\"Evelyne Aschwanden\",\"image\":{\"@type\":\"ImageObject\",\"inLanguage\":\"fr-FR\",\"@id\":\"https:\/\/listings.mybikeplan.ch\/fr\/#\/schema\/person\/image\/\",\"url\":\"https:\/\/secure.gravatar.com\/avatar\/73f0cad78e1012b10bb7c10f05a99be7009e6621353849483b51025ae56a6b37?s=96&d=mm&r=g\",\"contentUrl\":\"https:\/\/secure.gravatar.com\/avatar\/73f0cad78e1012b10bb7c10f05a99be7009e6621353849483b51025ae56a6b37?s=96&d=mm&r=g\",\"caption\":\"Evelyne Aschwanden\"},\"url\":\"https:\/\/listings.mybikeplan.ch\/fr\/author\/evelyne-mybikeplan\/\"}]}<\/script>\n<!-- \/ Yoast SEO plugin. -->","yoast_head_json":{"title":"C'est pourquoi il vaut la peine d'acheter maintenant","description":"Il vaut la peine d'acheter des v\u00e9los \u00e9lectriques en 2023 - nous montrons pourquoi c'est le meilleur moment !","robots":{"index":"noindex","follow":"follow","max-snippet":"max-snippet:-1","max-image-preview":"max-image-preview:large","max-video-preview":"max-video-preview:-1"},"og_locale":"fr_FR","og_type":"article","og_title":"C'est pourquoi il vaut la peine d'acheter maintenant","og_description":"Il vaut la peine d'acheter des v\u00e9los \u00e9lectriques en 2023 - nous montrons pourquoi c'est le meilleur moment !","og_url":"https:\/\/listings.mybikeplan.ch\/fr\/non-classifiee\/les-velos-electriques-en-2023-voici-pourquoi-il-vaut-la-peine-dacheter-maintenant\/","og_site_name":"MyBikePlan","article_published_time":"2023-02-21T08:48:19+00:00","article_modified_time":"2023-08-16T13:15:40+00:00","og_image":[{"width":2240,"height":1260,"url":"https:\/\/listings.mybikeplan.ch\/wp-content\/uploads\/2023\/02\/1-9.jpg","type":"image\/jpeg"}],"author":"Evelyne Aschwanden","twitter_card":"summary_large_image","twitter_misc":{"\u00c9crit par":"Evelyne Aschwanden","Dur\u00e9e de lecture estim\u00e9e":"4 minutes"},"schema":{"@context":"https:\/\/schema.org","@graph":[{"@type":"WebPage","@id":"https:\/\/listings.mybikeplan.ch\/fr\/non-classifiee\/les-velos-electriques-en-2023-voici-pourquoi-il-vaut-la-peine-dacheter-maintenant\/","url":"https:\/\/listings.mybikeplan.ch\/fr\/non-classifiee\/les-velos-electriques-en-2023-voici-pourquoi-il-vaut-la-peine-dacheter-maintenant\/","name":"C'est pourquoi il vaut la peine d'acheter maintenant","isPartOf":{"@id":"https:\/\/listings.mybikeplan.ch\/fr\/#website"},"primaryImageOfPage":{"@id":"https:\/\/listings.mybikeplan.ch\/fr\/non-classifiee\/les-velos-electriques-en-2023-voici-pourquoi-il-vaut-la-peine-dacheter-maintenant\/#primaryimage"},"image":{"@id":"https:\/\/listings.mybikeplan.ch\/fr\/non-classifiee\/les-velos-electriques-en-2023-voici-pourquoi-il-vaut-la-peine-dacheter-maintenant\/#primaryimage"},"thumbnailUrl":"https:\/\/listings.mybikeplan.ch\/wp-content\/uploads\/2023\/02\/1-9.jpg","datePublished":"2023-02-21T08:48:19+00:00","dateModified":"2023-08-16T13:15:40+00:00","author":{"@id":"https:\/\/listings.mybikeplan.ch\/fr\/#\/schema\/person\/514a6130749cc58319f751509338dafd"},"description":"Il vaut la peine d'acheter des v\u00e9los \u00e9lectriques en 2023 - nous montrons pourquoi c'est le meilleur moment !","breadcrumb":{"@id":"https:\/\/listings.mybikeplan.ch\/fr\/non-classifiee\/les-velos-electriques-en-2023-voici-pourquoi-il-vaut-la-peine-dacheter-maintenant\/#breadcrumb"},"inLanguage":"fr-FR","potentialAction":[{"@type":"ReadAction","target":["https:\/\/listings.mybikeplan.ch\/fr\/non-classifiee\/les-velos-electriques-en-2023-voici-pourquoi-il-vaut-la-peine-dacheter-maintenant\/"]}]},{"@type":"ImageObject","inLanguage":"fr-FR","@id":"https:\/\/listings.mybikeplan.ch\/fr\/non-classifiee\/les-velos-electriques-en-2023-voici-pourquoi-il-vaut-la-peine-dacheter-maintenant\/#primaryimage","url":"https:\/\/listings.mybikeplan.ch\/wp-content\/uploads\/2023\/02\/1-9.jpg","contentUrl":"https:\/\/listings.mybikeplan.ch\/wp-content\/uploads\/2023\/02\/1-9.jpg","width":2240,"height":1260,"caption":"Mann mit E-Bike"},{"@type":"BreadcrumbList","@id":"https:\/\/listings.mybikeplan.ch\/fr\/non-classifiee\/les-velos-electriques-en-2023-voici-pourquoi-il-vaut-la-peine-dacheter-maintenant\/#breadcrumb","itemListElement":[{"@type":"ListItem","position":1,"name":"Home","item":"https:\/\/listings.mybikeplan.ch\/fr\/home\/"},{"@type":"ListItem","position":2,"name":"Les v\u00e9los \u00e9lectriques en 2023 : Voici pourquoi il vaut la peine d&#8217;acheter maintenant"}]},{"@type":"WebSite","@id":"https:\/\/listings.mybikeplan.ch\/fr\/#website","url":"https:\/\/listings.mybikeplan.ch\/fr\/","name":"MyBikePlan","description":"","potentialAction":[{"@type":"SearchAction","target":{"@type":"EntryPoint","urlTemplate":"https:\/\/listings.mybikeplan.ch\/fr\/?s={search_term_string}"},"query-input":{"@type":"PropertyValueSpecification","valueRequired":true,"valueName":"search_term_string"}}],"inLanguage":"fr-FR"},{"@type":"Person","@id":"https:\/\/listings.mybikeplan.ch\/fr\/#\/schema\/person\/514a6130749cc58319f751509338dafd","name":"Evelyne Aschwanden","image":{"@type":"ImageObject","inLanguage":"fr-FR","@id":"https:\/\/listings.mybikeplan.ch\/fr\/#\/schema\/person\/image\/","url":"https:\/\/secure.gravatar.com\/avatar\/73f0cad78e1012b10bb7c10f05a99be7009e6621353849483b51025ae56a6b37?s=96&d=mm&r=g","contentUrl":"https:\/\/secure.gravatar.com\/avatar\/73f0cad78e1012b10bb7c10f05a99be7009e6621353849483b51025ae56a6b37?s=96&d=mm&r=g","caption":"Evelyne Aschwanden"},"url":"https:\/\/listings.mybikeplan.ch\/fr\/author\/evelyne-mybikeplan\/"}]}},"locale":"fr","_links":{"self":[{"href":"https:\/\/listings.mybikeplan.ch\/fr\/wp-json\/wp\/v2\/posts\/29652","targetHints":{"allow":["GET"]}}],"collection":[{"href":"https:\/\/listings.mybikeplan.ch\/fr\/wp-json\/wp\/v2\/posts"}],"about":[{"href":"https:\/\/listings.mybikeplan.ch\/fr\/wp-json\/wp\/v2\/types\/post"}],"author":[{"embeddable":true,"href":"https:\/\/listings.mybikeplan.ch\/fr\/wp-json\/wp\/v2\/users\/15"}],"replies":[{"embeddable":true,"href":"https:\/\/listings.mybikeplan.ch\/fr\/wp-json\/wp\/v2\/comments?post=29652"}],"version-history":[{"count":2,"href":"https:\/\/listings.mybikeplan.ch\/fr\/wp-json\/wp\/v2\/posts\/29652\/revisions"}],"predecessor-version":[{"id":29654,"href":"https:\/\/listings.mybikeplan.ch\/fr\/wp-json\/wp\/v2\/posts\/29652\/revisions\/29654"}],"wp:featuredmedia":[{"embeddable":true,"href":"https:\/\/listings.mybikeplan.ch\/fr\/wp-json\/wp\/v2\/media\/29644"}],"wp:attachment":[{"href":"https:\/\/listings.mybikeplan.ch\/fr\/wp-json\/wp\/v2\/media?parent=29652"}],"wp:term":[{"taxonomy":"category","embeddable":true,"href":"https:\/\/listings.mybikeplan.ch\/fr\/wp-json\/wp\/v2\/categories?post=29652"},{"taxonomy":"post_tag","embeddable":true,"href":"https:\/\/listings.mybikeplan.ch\/fr\/wp-json\/wp\/v2\/tags?post=29652"}],"curies":[{"name":"wp","href":"https:\/\/api.w.org\/{rel}","templated":true}]}}