{"id":29291,"date":"2023-02-08T13:26:23","date_gmt":"2023-02-08T13:26:23","guid":{"rendered":"https:\/\/listings.mybikeplan.ch\/?p=29291"},"modified":"2023-08-16T13:15:54","modified_gmt":"2023-08-16T13:15:54","slug":"quel-moteur-de-velo-electrique-pour-quel-velo-electrique","status":"publish","type":"post","link":"https:\/\/listings.mybikeplan.ch\/fr\/non-classifiee\/quel-moteur-de-velo-electrique-pour-quel-velo-electrique\/","title":{"rendered":"Quel moteur de v\u00e9lo \u00e9lectrique pour quel v\u00e9lo \u00e9lectrique ?"},"content":{"rendered":"\n<p>Lorsqu&rsquo;il s&rsquo;agit du moteur d&rsquo;un v\u00e9lo \u00e9lectrique, il existe de nombreux types et mod\u00e8les diff\u00e9rents qui peuvent \u00eatre install\u00e9s dans ton v\u00e9lo \u00e9lectrique. D\u00e9couvre ci-dessous quels types de moteurs existent et quel moteur de v\u00e9lo \u00e9lectrique est le bon pour toi.<\/p>\n\n\n\n<h2 class=\"wp-block-heading\">Quels sont les diff\u00e9rents types de moteurs pour v\u00e9los \u00e9lectriques ?<\/h2>\n\n\n\n<p>Bonne question ! En fait, il n&rsquo;y a pas UN moteur de v\u00e9lo \u00e9lectrique. Au lieu de cela, il existe toute une gamme de moteurs diff\u00e9rents qui ont \u00e9t\u00e9 cr\u00e9\u00e9s pour r\u00e9pondre \u00e0 diff\u00e9rents besoins. Voici les 3 cat\u00e9gories existantes :<\/p>\n\n\n\n<ul class=\"wp-block-list\">\n<li>Moteur arri\u00e8re<\/li>\n\n\n\n<li>Moteur central<\/li>\n\n\n\n<li>Moteur avant&nbsp;<\/li>\n<\/ul>\n\n\n\n<h2 class=\"wp-block-heading\">Quelles sont les diff\u00e9rences entre le moteur arri\u00e8re, le moteur central et le moteur avant ?<\/h2>\n\n\n\n<p>Tous les moteurs de v\u00e9los \u00e9lectriques ne sont pas identiques. Chaque moteur a ses propres forces et faiblesses, ce qui fait qu&rsquo;il est plus ou moins adapt\u00e9 \u00e0 certains types de terrains ou de pentes.<\/p>\n\n\n\n<figure class=\"wp-block-image size-large\"><a href=\"https:\/\/listings.mybikeplan.ch\/wp-content\/uploads\/2023\/02\/2-4-1024x576.jpg\"><img loading=\"lazy\" decoding=\"async\" width=\"1024\" height=\"576\" src=\"https:\/\/listings.mybikeplan.ch\/wp-content\/uploads\/2023\/02\/2-4-1024x576.jpg\" alt=\"e-bike motor\" class=\"wp-image-29282\" srcset=\"https:\/\/listings.mybikeplan.ch\/wp-content\/uploads\/2023\/02\/2-4-1024x576.jpg 1024w, https:\/\/listings.mybikeplan.ch\/wp-content\/uploads\/2023\/02\/2-4-555x312.jpg 555w, https:\/\/listings.mybikeplan.ch\/wp-content\/uploads\/2023\/02\/2-4-570x320.jpg 570w, https:\/\/listings.mybikeplan.ch\/wp-content\/uploads\/2023\/02\/2-4-768x432.jpg 768w, https:\/\/listings.mybikeplan.ch\/wp-content\/uploads\/2023\/02\/2-4-1536x864.jpg 1536w, https:\/\/listings.mybikeplan.ch\/wp-content\/uploads\/2023\/02\/2-4-2048x1152.jpg 2048w, https:\/\/listings.mybikeplan.ch\/wp-content\/uploads\/2023\/02\/2-4-666x375.jpg 666w\" sizes=\"auto, (max-width: 1024px) 100vw, 1024px\" \/><\/a><figcaption class=\"wp-element-caption\">e-bike motor<\/figcaption><\/figure>\n\n\n\n<h3 class=\"wp-block-heading\">Avantages et inconv\u00e9nients du moteur arri\u00e8re<\/h3>\n\n\n\n<p>Le moteur arri\u00e8re, ou moteur de roue arri\u00e8re, se trouve, comme son nom l&rsquo;indique, \u00e0 l&rsquo;arri\u00e8re du v\u00e9lo \u00e9lectrique, ce qui signifie que la force motrice agit \u00e0 cet endroit. Les pouss\u00e9es de l&rsquo;arri\u00e8re donnent une sensation sportive lorsqu&rsquo;on roule avec ce moteur de v\u00e9lo \u00e9lectrique. Tu trouveras souvent ce type de moteur sur les v\u00e9los \u00e9lectriques urbains, par exemple sur les v\u00e9los BIRD ou nos v\u00e9los \u00e9lectriques Allegro.<\/p>\n\n\n\n<p>Les avantages :<\/p>\n\n\n\n<ul class=\"wp-block-list\">\n<li>La cha\u00eene est moins sollicit\u00e9e. Cela permet de r\u00e9duire l&rsquo;usure.<\/li>\n\n\n\n<li>Entra\u00eenement silencieux<\/li>\n\n\n\n<li>Id\u00e9al pour les parcours plats ou vallonn\u00e9s<\/li>\n\n\n\n<li>Convient pour le transport de charges<\/li>\n<\/ul>\n\n\n\n<p>Inconv\u00e9nients :<\/p>\n\n\n\n<ul class=\"wp-block-list\">\n<li>Pas id\u00e9al pour les parcours escarp\u00e9s<\/li>\n\n\n\n<li>Ne convient pas aux v\u00e9los \u00e9lectriques de montagne, car ce moteur de v\u00e9lo \u00e9lectrique n&rsquo;apporte pas assez d&rsquo;aide.<\/li>\n\n\n\n<li>Le poids \u00e9lev\u00e9 \u00e0 l&rsquo;arri\u00e8re du v\u00e9lo \u00e9lectrique a un effet n\u00e9gatif sur les performances de conduite sur le terrain.<\/li>\n<\/ul>\n\n\n\n<h3 class=\"wp-block-heading\">Avantages et inconv\u00e9nients du moteur central<\/h3>\n\n\n\n<p>Le moteur central est de loin le moteur de v\u00e9lo \u00e9lectrique le plus courant. Tu le trouves surtout sur les v\u00e9los \u00e9lectriques de trekking et de montagne, par exemple sur nos v\u00e9los \u00e9lectriques FISCHER ou sur les v\u00e9los de montagne CILO.&nbsp;<\/p>\n\n\n\n<p>Le moteur central se trouve au milieu du v\u00e9lo \u00e9lectrique &#8211; plut\u00f4t logique, non ?&nbsp;<\/p>\n\n\n\n<p>Les avantages :<\/p>\n\n\n\n<ul class=\"wp-block-list\">\n<li>Bonne r\u00e9partition du poids entre la roue avant et la roue arri\u00e8re<\/li>\n\n\n\n<li>Maniement agile et excellente dynamique de conduite<\/li>\n\n\n\n<li>Id\u00e9al aussi pour les sauts ou pour rouler sur des terrains accident\u00e9s.<\/li>\n\n\n\n<li>R\u00e9activit\u00e9 rapide<\/li>\n\n\n\n<li>Choix flexible de la transmission : les vitesses \u00e0 cha\u00eene et au moyeu sont toutes deux possibles.<\/li>\n<\/ul>\n\n\n\n<p>Inconv\u00e9nients :<\/p>\n\n\n\n<ul class=\"wp-block-list\">\n<li>Pas d&rsquo;\u00e9quipement ult\u00e9rieur possible<\/li>\n\n\n\n<li>Construction complexe du cadre<\/li>\n\n\n\n<li>Usure importante de la cha\u00eene et du pignon<\/li>\n\n\n\n<li>Plut\u00f4t cher<\/li>\n\n\n\n<li>Plus lourd qu&rsquo;un moteur avant<\/li>\n\n\n\n<li>Pas forc\u00e9ment silencieux<\/li>\n<\/ul>\n\n\n\n<h3 class=\"wp-block-heading\">Avantages et inconv\u00e9nients d&rsquo;un moteur avant<\/h3>\n\n\n\n<p>Il est rare de trouver un moteur avant comme moteur de v\u00e9lo \u00e9lectrique. Nous ne vendons pas non plus de v\u00e9los \u00e9lectriques avec moteur avant sur notre site web, car en Suisse, ce type de moteur pour v\u00e9lo \u00e9lectrique est plut\u00f4t d\u00e9favorable, car nous vivons dans un pays avec beaucoup de collines et de montagnes. Ce n&rsquo;est pas un terrain tr\u00e8s id\u00e9al pour le moteur avant, qui brille bien plus dans les plaines. N\u00e9anmoins, nous voulons bien s\u00fbr te pr\u00e9senter les avantages et les inconv\u00e9nients de ce moteur de v\u00e9lo \u00e9lectrique.<\/p>\n\n\n\n<p>Les avantages :<\/p>\n\n\n\n<ul class=\"wp-block-list\">\n<li>Le moteur de v\u00e9lo \u00e9lectrique le moins cher<\/li>\n\n\n\n<li>Peut \u00eatre combin\u00e9 avec tous les syst\u00e8mes de changement de vitesse<\/li>\n\n\n\n<li>Aide d\u00e8s le d\u00e9marrage, ind\u00e9pendamment de la vitesse.<\/li>\n\n\n\n<li>N\u00e9cessite moins d&rsquo;entretien que les autres moteurs<\/li>\n\n\n\n<li>Poids plume<\/li>\n\n\n\n<li>Efficace en \u00e9nergie<\/li>\n<\/ul>\n\n\n\n<p>Inconv\u00e9nients :<\/p>\n\n\n\n<ul class=\"wp-block-list\">\n<li>Risque de glissade plus \u00e9lev\u00e9<\/li>\n\n\n\n<li>Moins de puissance<\/li>\n\n\n\n<li>Transfert du poids sur l&rsquo;avant du v\u00e9lo<\/li>\n\n\n\n<li>Ne convient pas aux r\u00e9gions montagneuses<\/li>\n\n\n\n<li>Sensation de conduite moins naturelle<\/li>\n<\/ul>\n\n\n\n<h2 class=\"wp-block-heading\">Quel est donc le meilleur moteur de v\u00e9lo \u00e9lectrique : central, arri\u00e8re ou post\u00e9rieur ?<\/h2>\n\n\n\n<p>Comme pour beaucoup de choses, on peut dire que cela d\u00e9pend. Chaque moteur de v\u00e9lo \u00e9lectrique pr\u00e9sente des avantages et des inconv\u00e9nients diff\u00e9rents qu&rsquo;il faut mettre en balance. Alors que les moteurs avant sont plut\u00f4t adapt\u00e9s aux r\u00e9gions plates, mais sont peu co\u00fbteux, ce sont surtout les moteurs centraux et arri\u00e8re qui sont vendus ici en Suisse &#8211; le moteur central \u00e9tant g\u00e9n\u00e9ralement le moteur de v\u00e9lo \u00e9lectrique le plus r\u00e9pandu. Tout d\u00e9pend de ce que tu attends de ton moteur et de ton v\u00e9lo \u00e9lectrique.<\/p>\n\n\n\n<p>Tu n&rsquo;es pas s\u00fbr(e) de savoir quel moteur de v\u00e9lo \u00e9lectrique est le bon pour toi ? Nous te conseillons volontiers. Contacte-nous pour r\u00e9server une consultation gratuite !<\/p>\n\n\n\n<div class=\"wp-block-buttons is-layout-flex wp-block-buttons-is-layout-flex\">\n<div class=\"wp-block-button aligncenter\"><a class=\"wp-block-button__link wp-element-button\" href=\"https:\/\/meetings.hubspot.com\/mybikeplan\/consultation-de-30-minutes-\" target=\"_blank\" rel=\"noreferrer noopener\">R\u00e9serve maintenant une consultation gratuite<\/a><\/div>\n<\/div>\n","protected":false},"excerpt":{"rendered":"<p>Lorsqu&rsquo;il s&rsquo;agit du moteur d&rsquo;un v\u00e9lo \u00e9lectrique, il existe de nombreux types et mod\u00e8les diff\u00e9rents qui peuvent \u00eatre install\u00e9s dans ton v\u00e9lo \u00e9lectrique. D\u00e9couvre ci-dessous quels types de moteurs existent et quel moteur de v\u00e9lo \u00e9lectrique est le bon pour toi. Quels sont les diff\u00e9rents types de moteurs pour v\u00e9los \u00e9lectriques ? Bonne question ! [&hellip;]<\/p>\n","protected":false},"author":15,"featured_media":29280,"comment_status":"open","ping_status":"open","sticky":false,"template":"","format":"standard","meta":{"_acf_changed":false,"footnotes":""},"categories":[4442,291],"tags":[],"class_list":["post-29291","post","type-post","status-publish","format-standard","has-post-thumbnail","hentry","category-mybikeplan-fr","category-non-classifiee"],"acf":[],"yoast_head":"<!-- This site is optimized with the Yoast SEO plugin v24.5 - https:\/\/yoast.com\/wordpress\/plugins\/seo\/ -->\n<title>Quel moteur de v\u00e9lo \u00e9lectrique pour quel v\u00e9lo \u00e9lectrique ?<\/title>\n<meta name=\"description\" content=\"Moteur central, moteur arri\u00e8re ou moteur de roue arri\u00e8re : quel moteur de v\u00e9lo \u00e9lectrique convient le mieux \u00e0 mon v\u00e9lo ?\" \/>\n<meta name=\"robots\" content=\"noindex, follow, max-snippet:-1, max-image-preview:large, max-video-preview:-1\" \/>\n<meta property=\"og:locale\" content=\"fr_FR\" \/>\n<meta property=\"og:type\" content=\"article\" \/>\n<meta property=\"og:title\" content=\"Quel moteur de v\u00e9lo \u00e9lectrique pour quel v\u00e9lo \u00e9lectrique ?\" \/>\n<meta property=\"og:description\" content=\"Moteur central, moteur arri\u00e8re ou moteur de roue arri\u00e8re : quel moteur de v\u00e9lo \u00e9lectrique convient le mieux \u00e0 mon v\u00e9lo ?\" \/>\n<meta property=\"og:url\" content=\"https:\/\/listings.mybikeplan.ch\/fr\/non-classifiee\/quel-moteur-de-velo-electrique-pour-quel-velo-electrique\/\" \/>\n<meta property=\"og:site_name\" content=\"MyBikePlan\" \/>\n<meta property=\"article:published_time\" content=\"2023-02-08T13:26:23+00:00\" \/>\n<meta property=\"article:modified_time\" content=\"2023-08-16T13:15:54+00:00\" \/>\n<meta property=\"og:image\" content=\"https:\/\/listings.mybikeplan.ch\/wp-content\/uploads\/2023\/02\/1-4.jpg\" \/>\n\t<meta property=\"og:image:width\" content=\"2240\" \/>\n\t<meta property=\"og:image:height\" content=\"1260\" \/>\n\t<meta property=\"og:image:type\" content=\"image\/jpeg\" \/>\n<meta name=\"author\" content=\"Evelyne Aschwanden\" \/>\n<meta name=\"twitter:card\" content=\"summary_large_image\" \/>\n<meta name=\"twitter:label1\" content=\"\u00c9crit par\" \/>\n\t<meta name=\"twitter:data1\" content=\"Evelyne Aschwanden\" \/>\n\t<meta name=\"twitter:label2\" content=\"Dur\u00e9e de lecture estim\u00e9e\" \/>\n\t<meta name=\"twitter:data2\" content=\"4 minutes\" \/>\n<script type=\"application\/ld+json\" class=\"yoast-schema-graph\">{\"@context\":\"https:\/\/schema.org\",\"@graph\":[{\"@type\":\"WebPage\",\"@id\":\"https:\/\/listings.mybikeplan.ch\/fr\/non-classifiee\/quel-moteur-de-velo-electrique-pour-quel-velo-electrique\/\",\"url\":\"https:\/\/listings.mybikeplan.ch\/fr\/non-classifiee\/quel-moteur-de-velo-electrique-pour-quel-velo-electrique\/\",\"name\":\"Quel moteur de v\u00e9lo \u00e9lectrique pour quel v\u00e9lo \u00e9lectrique ?\",\"isPartOf\":{\"@id\":\"https:\/\/listings.mybikeplan.ch\/fr\/#website\"},\"primaryImageOfPage\":{\"@id\":\"https:\/\/listings.mybikeplan.ch\/fr\/non-classifiee\/quel-moteur-de-velo-electrique-pour-quel-velo-electrique\/#primaryimage\"},\"image\":{\"@id\":\"https:\/\/listings.mybikeplan.ch\/fr\/non-classifiee\/quel-moteur-de-velo-electrique-pour-quel-velo-electrique\/#primaryimage\"},\"thumbnailUrl\":\"https:\/\/listings.mybikeplan.ch\/wp-content\/uploads\/2023\/02\/1-4.jpg\",\"datePublished\":\"2023-02-08T13:26:23+00:00\",\"dateModified\":\"2023-08-16T13:15:54+00:00\",\"author\":{\"@id\":\"https:\/\/listings.mybikeplan.ch\/fr\/#\/schema\/person\/514a6130749cc58319f751509338dafd\"},\"description\":\"Moteur central, moteur arri\u00e8re ou moteur de roue arri\u00e8re : quel moteur de v\u00e9lo \u00e9lectrique convient le mieux \u00e0 mon v\u00e9lo ?\",\"breadcrumb\":{\"@id\":\"https:\/\/listings.mybikeplan.ch\/fr\/non-classifiee\/quel-moteur-de-velo-electrique-pour-quel-velo-electrique\/#breadcrumb\"},\"inLanguage\":\"fr-FR\",\"potentialAction\":[{\"@type\":\"ReadAction\",\"target\":[\"https:\/\/listings.mybikeplan.ch\/fr\/non-classifiee\/quel-moteur-de-velo-electrique-pour-quel-velo-electrique\/\"]}]},{\"@type\":\"ImageObject\",\"inLanguage\":\"fr-FR\",\"@id\":\"https:\/\/listings.mybikeplan.ch\/fr\/non-classifiee\/quel-moteur-de-velo-electrique-pour-quel-velo-electrique\/#primaryimage\",\"url\":\"https:\/\/listings.mybikeplan.ch\/wp-content\/uploads\/2023\/02\/1-4.jpg\",\"contentUrl\":\"https:\/\/listings.mybikeplan.ch\/wp-content\/uploads\/2023\/02\/1-4.jpg\",\"width\":2240,\"height\":1260,\"caption\":\"e-bike motor\"},{\"@type\":\"BreadcrumbList\",\"@id\":\"https:\/\/listings.mybikeplan.ch\/fr\/non-classifiee\/quel-moteur-de-velo-electrique-pour-quel-velo-electrique\/#breadcrumb\",\"itemListElement\":[{\"@type\":\"ListItem\",\"position\":1,\"name\":\"Home\",\"item\":\"https:\/\/listings.mybikeplan.ch\/fr\/home\/\"},{\"@type\":\"ListItem\",\"position\":2,\"name\":\"Quel moteur de v\u00e9lo \u00e9lectrique pour quel v\u00e9lo \u00e9lectrique ?\"}]},{\"@type\":\"WebSite\",\"@id\":\"https:\/\/listings.mybikeplan.ch\/fr\/#website\",\"url\":\"https:\/\/listings.mybikeplan.ch\/fr\/\",\"name\":\"MyBikePlan\",\"description\":\"\",\"potentialAction\":[{\"@type\":\"SearchAction\",\"target\":{\"@type\":\"EntryPoint\",\"urlTemplate\":\"https:\/\/listings.mybikeplan.ch\/fr\/?s={search_term_string}\"},\"query-input\":{\"@type\":\"PropertyValueSpecification\",\"valueRequired\":true,\"valueName\":\"search_term_string\"}}],\"inLanguage\":\"fr-FR\"},{\"@type\":\"Person\",\"@id\":\"https:\/\/listings.mybikeplan.ch\/fr\/#\/schema\/person\/514a6130749cc58319f751509338dafd\",\"name\":\"Evelyne Aschwanden\",\"image\":{\"@type\":\"ImageObject\",\"inLanguage\":\"fr-FR\",\"@id\":\"https:\/\/listings.mybikeplan.ch\/fr\/#\/schema\/person\/image\/\",\"url\":\"https:\/\/secure.gravatar.com\/avatar\/73f0cad78e1012b10bb7c10f05a99be7009e6621353849483b51025ae56a6b37?s=96&d=mm&r=g\",\"contentUrl\":\"https:\/\/secure.gravatar.com\/avatar\/73f0cad78e1012b10bb7c10f05a99be7009e6621353849483b51025ae56a6b37?s=96&d=mm&r=g\",\"caption\":\"Evelyne Aschwanden\"},\"url\":\"https:\/\/listings.mybikeplan.ch\/fr\/author\/evelyne-mybikeplan\/\"}]}<\/script>\n<!-- \/ Yoast SEO plugin. -->","yoast_head_json":{"title":"Quel moteur de v\u00e9lo \u00e9lectrique pour quel v\u00e9lo \u00e9lectrique ?","description":"Moteur central, moteur arri\u00e8re ou moteur de roue arri\u00e8re : quel moteur de v\u00e9lo \u00e9lectrique convient le mieux \u00e0 mon v\u00e9lo ?","robots":{"index":"noindex","follow":"follow","max-snippet":"max-snippet:-1","max-image-preview":"max-image-preview:large","max-video-preview":"max-video-preview:-1"},"og_locale":"fr_FR","og_type":"article","og_title":"Quel moteur de v\u00e9lo \u00e9lectrique pour quel v\u00e9lo \u00e9lectrique ?","og_description":"Moteur central, moteur arri\u00e8re ou moteur de roue arri\u00e8re : quel moteur de v\u00e9lo \u00e9lectrique convient le mieux \u00e0 mon v\u00e9lo ?","og_url":"https:\/\/listings.mybikeplan.ch\/fr\/non-classifiee\/quel-moteur-de-velo-electrique-pour-quel-velo-electrique\/","og_site_name":"MyBikePlan","article_published_time":"2023-02-08T13:26:23+00:00","article_modified_time":"2023-08-16T13:15:54+00:00","og_image":[{"width":2240,"height":1260,"url":"https:\/\/listings.mybikeplan.ch\/wp-content\/uploads\/2023\/02\/1-4.jpg","type":"image\/jpeg"}],"author":"Evelyne Aschwanden","twitter_card":"summary_large_image","twitter_misc":{"\u00c9crit par":"Evelyne Aschwanden","Dur\u00e9e de lecture estim\u00e9e":"4 minutes"},"schema":{"@context":"https:\/\/schema.org","@graph":[{"@type":"WebPage","@id":"https:\/\/listings.mybikeplan.ch\/fr\/non-classifiee\/quel-moteur-de-velo-electrique-pour-quel-velo-electrique\/","url":"https:\/\/listings.mybikeplan.ch\/fr\/non-classifiee\/quel-moteur-de-velo-electrique-pour-quel-velo-electrique\/","name":"Quel moteur de v\u00e9lo \u00e9lectrique pour quel v\u00e9lo \u00e9lectrique ?","isPartOf":{"@id":"https:\/\/listings.mybikeplan.ch\/fr\/#website"},"primaryImageOfPage":{"@id":"https:\/\/listings.mybikeplan.ch\/fr\/non-classifiee\/quel-moteur-de-velo-electrique-pour-quel-velo-electrique\/#primaryimage"},"image":{"@id":"https:\/\/listings.mybikeplan.ch\/fr\/non-classifiee\/quel-moteur-de-velo-electrique-pour-quel-velo-electrique\/#primaryimage"},"thumbnailUrl":"https:\/\/listings.mybikeplan.ch\/wp-content\/uploads\/2023\/02\/1-4.jpg","datePublished":"2023-02-08T13:26:23+00:00","dateModified":"2023-08-16T13:15:54+00:00","author":{"@id":"https:\/\/listings.mybikeplan.ch\/fr\/#\/schema\/person\/514a6130749cc58319f751509338dafd"},"description":"Moteur central, moteur arri\u00e8re ou moteur de roue arri\u00e8re : quel moteur de v\u00e9lo \u00e9lectrique convient le mieux \u00e0 mon v\u00e9lo ?","breadcrumb":{"@id":"https:\/\/listings.mybikeplan.ch\/fr\/non-classifiee\/quel-moteur-de-velo-electrique-pour-quel-velo-electrique\/#breadcrumb"},"inLanguage":"fr-FR","potentialAction":[{"@type":"ReadAction","target":["https:\/\/listings.mybikeplan.ch\/fr\/non-classifiee\/quel-moteur-de-velo-electrique-pour-quel-velo-electrique\/"]}]},{"@type":"ImageObject","inLanguage":"fr-FR","@id":"https:\/\/listings.mybikeplan.ch\/fr\/non-classifiee\/quel-moteur-de-velo-electrique-pour-quel-velo-electrique\/#primaryimage","url":"https:\/\/listings.mybikeplan.ch\/wp-content\/uploads\/2023\/02\/1-4.jpg","contentUrl":"https:\/\/listings.mybikeplan.ch\/wp-content\/uploads\/2023\/02\/1-4.jpg","width":2240,"height":1260,"caption":"e-bike motor"},{"@type":"BreadcrumbList","@id":"https:\/\/listings.mybikeplan.ch\/fr\/non-classifiee\/quel-moteur-de-velo-electrique-pour-quel-velo-electrique\/#breadcrumb","itemListElement":[{"@type":"ListItem","position":1,"name":"Home","item":"https:\/\/listings.mybikeplan.ch\/fr\/home\/"},{"@type":"ListItem","position":2,"name":"Quel moteur de v\u00e9lo \u00e9lectrique pour quel v\u00e9lo \u00e9lectrique ?"}]},{"@type":"WebSite","@id":"https:\/\/listings.mybikeplan.ch\/fr\/#website","url":"https:\/\/listings.mybikeplan.ch\/fr\/","name":"MyBikePlan","description":"","potentialAction":[{"@type":"SearchAction","target":{"@type":"EntryPoint","urlTemplate":"https:\/\/listings.mybikeplan.ch\/fr\/?s={search_term_string}"},"query-input":{"@type":"PropertyValueSpecification","valueRequired":true,"valueName":"search_term_string"}}],"inLanguage":"fr-FR"},{"@type":"Person","@id":"https:\/\/listings.mybikeplan.ch\/fr\/#\/schema\/person\/514a6130749cc58319f751509338dafd","name":"Evelyne Aschwanden","image":{"@type":"ImageObject","inLanguage":"fr-FR","@id":"https:\/\/listings.mybikeplan.ch\/fr\/#\/schema\/person\/image\/","url":"https:\/\/secure.gravatar.com\/avatar\/73f0cad78e1012b10bb7c10f05a99be7009e6621353849483b51025ae56a6b37?s=96&d=mm&r=g","contentUrl":"https:\/\/secure.gravatar.com\/avatar\/73f0cad78e1012b10bb7c10f05a99be7009e6621353849483b51025ae56a6b37?s=96&d=mm&r=g","caption":"Evelyne Aschwanden"},"url":"https:\/\/listings.mybikeplan.ch\/fr\/author\/evelyne-mybikeplan\/"}]}},"locale":"fr","_links":{"self":[{"href":"https:\/\/listings.mybikeplan.ch\/fr\/wp-json\/wp\/v2\/posts\/29291","targetHints":{"allow":["GET"]}}],"collection":[{"href":"https:\/\/listings.mybikeplan.ch\/fr\/wp-json\/wp\/v2\/posts"}],"about":[{"href":"https:\/\/listings.mybikeplan.ch\/fr\/wp-json\/wp\/v2\/types\/post"}],"author":[{"embeddable":true,"href":"https:\/\/listings.mybikeplan.ch\/fr\/wp-json\/wp\/v2\/users\/15"}],"replies":[{"embeddable":true,"href":"https:\/\/listings.mybikeplan.ch\/fr\/wp-json\/wp\/v2\/comments?post=29291"}],"version-history":[{"count":1,"href":"https:\/\/listings.mybikeplan.ch\/fr\/wp-json\/wp\/v2\/posts\/29291\/revisions"}],"predecessor-version":[{"id":29292,"href":"https:\/\/listings.mybikeplan.ch\/fr\/wp-json\/wp\/v2\/posts\/29291\/revisions\/29292"}],"wp:featuredmedia":[{"embeddable":true,"href":"https:\/\/listings.mybikeplan.ch\/fr\/wp-json\/wp\/v2\/media\/29280"}],"wp:attachment":[{"href":"https:\/\/listings.mybikeplan.ch\/fr\/wp-json\/wp\/v2\/media?parent=29291"}],"wp:term":[{"taxonomy":"category","embeddable":true,"href":"https:\/\/listings.mybikeplan.ch\/fr\/wp-json\/wp\/v2\/categories?post=29291"},{"taxonomy":"post_tag","embeddable":true,"href":"https:\/\/listings.mybikeplan.ch\/fr\/wp-json\/wp\/v2\/tags?post=29291"}],"curies":[{"name":"wp","href":"https:\/\/api.w.org\/{rel}","templated":true}]}}