{"id":29271,"date":"2023-02-07T14:13:50","date_gmt":"2023-02-07T14:13:50","guid":{"rendered":"https:\/\/listings.mybikeplan.ch\/?p=29271"},"modified":"2023-08-16T13:15:57","modified_gmt":"2023-08-16T13:15:57","slug":"flyer-e-bikes-vs-stromer-e-bikes-quel-s-pedelec-me-convient-le-mieux","status":"publish","type":"post","link":"https:\/\/listings.mybikeplan.ch\/fr\/non-classifiee\/flyer-e-bikes-vs-stromer-e-bikes-quel-s-pedelec-me-convient-le-mieux\/","title":{"rendered":"FLYER E-Bikes vs. Stromer E-Bikes : Quel S-Pedelec me convient le mieux ?"},"content":{"rendered":"\n<p>Deux marques suisses dominent actuellement le march\u00e9 lorsqu&rsquo;il s&rsquo;agit de v\u00e9los \u00e9lectriques 45 km\/h : FLYER E-Bikes et Stromer E-Bikes. Quiconque cherche un S-Pedelec ne peut tout simplement pas passer \u00e0 c\u00f4t\u00e9 de ces deux marques. Mais quels sont les v\u00e9los \u00e9lectriques les mieux adapt\u00e9s \u00e0 quels besoins ? Nous avons mis les v\u00e9los \u00e9lectriques FLYER et les v\u00e9los \u00e9lectriques Stromer au banc d&rsquo;essai pour trouver une r\u00e9ponse !<\/p>\n\n\n\n<h2 class=\"wp-block-heading\">FLYER E-Bikes : des v\u00e9los \u00e9lectriques suisses haut de gamme depuis 1995<\/h2>\n\n\n\n<figure class=\"wp-block-image size-large\"><a href=\"https:\/\/listings.mybikeplan.ch\/wp-content\/uploads\/2023\/02\/3-3-1024x576.jpg\"><img loading=\"lazy\" decoding=\"async\" width=\"1024\" height=\"576\" src=\"https:\/\/listings.mybikeplan.ch\/wp-content\/uploads\/2023\/02\/3-3-1024x576.jpg\" alt=\"Mann mit Flyer E-Bike\" class=\"wp-image-29261\" srcset=\"https:\/\/listings.mybikeplan.ch\/wp-content\/uploads\/2023\/02\/3-3-1024x576.jpg 1024w, https:\/\/listings.mybikeplan.ch\/wp-content\/uploads\/2023\/02\/3-3-555x312.jpg 555w, https:\/\/listings.mybikeplan.ch\/wp-content\/uploads\/2023\/02\/3-3-570x320.jpg 570w, https:\/\/listings.mybikeplan.ch\/wp-content\/uploads\/2023\/02\/3-3-768x432.jpg 768w, https:\/\/listings.mybikeplan.ch\/wp-content\/uploads\/2023\/02\/3-3-1536x864.jpg 1536w, https:\/\/listings.mybikeplan.ch\/wp-content\/uploads\/2023\/02\/3-3-2048x1152.jpg 2048w, https:\/\/listings.mybikeplan.ch\/wp-content\/uploads\/2023\/02\/3-3-666x375.jpg 666w\" sizes=\"auto, (max-width: 1024px) 100vw, 1024px\" \/><\/a><\/figure>\n\n\n\n<p>FLYER a \u00e9t\u00e9 fond\u00e9 au d\u00e9but des ann\u00e9es 1990 et se distingue par son esprit de pionnier, sa pr\u00e9cision et sa qualit\u00e9 sup\u00e9rieure. Que ce soit en ville, \u00e0 la campagne ou en montagne, les v\u00e9los \u00e9lectriques FLYER sont adapt\u00e9s \u00e0 tous les terrains possibles. Gr\u00e2ce \u00e0 ses innovations pionni\u00e8res, l&rsquo;entreprise a marqu\u00e9 l&rsquo;\u00e9volution du v\u00e9lo \u00e9lectrique et est aujourd&rsquo;hui leader du march\u00e9 en Suisse.<\/p>\n\n\n\n<p>La marque mise sur la durabilit\u00e9 et la protection de l&rsquo;environnement : 65 % de tous les v\u00e9los \u00e9lectriques FLYER contiennent des mat\u00e9riaux et des composants respectueux de l&rsquo;environnement &#8211; et ce chiffre ne cesse d&rsquo;augmenter. De plus, tous les v\u00e9los \u00e9lectriques FLYER sont con\u00e7us et fabriqu\u00e9s en Suisse.&nbsp;<\/p>\n\n\n\n<p>Le si\u00e8ge principal de FLYER E-Bikes prouve \u00e9galement que l&rsquo;entreprise vit sa vision. L&rsquo;usine de Huttwil dispose d&rsquo;une installation photovolta\u00efque qui produit 149 kw d&rsquo;\u00e9lectricit\u00e9 par jour, soit environ la consommation annuelle de 30 maisons individuelles. Le chauffage est assur\u00e9 par une installation de sondes g\u00e9othermiques et l&rsquo;eau de l&rsquo;installation est produite pour moiti\u00e9 \u00e0 partir d&rsquo;eau de pluie et r\u00e9chauff\u00e9e par l&rsquo;\u00e9nergie solaire.<\/p>\n\n\n\n<h2 class=\"wp-block-heading\">Des v\u00e9los \u00e9lectriques Stromer : Innovation et technique de pointe combin\u00e9es<\/h2>\n\n\n\n<figure class=\"wp-block-image size-large\"><a href=\"https:\/\/listings.mybikeplan.ch\/wp-content\/uploads\/2023\/02\/1-3-1024x576.jpg\"><img loading=\"lazy\" decoding=\"async\" width=\"1024\" height=\"576\" src=\"https:\/\/listings.mybikeplan.ch\/wp-content\/uploads\/2023\/02\/1-3-1024x576.jpg\" alt=\"mann mit stromer e-bike\" class=\"wp-image-29255\" srcset=\"https:\/\/listings.mybikeplan.ch\/wp-content\/uploads\/2023\/02\/1-3-1024x576.jpg 1024w, https:\/\/listings.mybikeplan.ch\/wp-content\/uploads\/2023\/02\/1-3-555x312.jpg 555w, https:\/\/listings.mybikeplan.ch\/wp-content\/uploads\/2023\/02\/1-3-570x320.jpg 570w, https:\/\/listings.mybikeplan.ch\/wp-content\/uploads\/2023\/02\/1-3-768x432.jpg 768w, https:\/\/listings.mybikeplan.ch\/wp-content\/uploads\/2023\/02\/1-3-1536x864.jpg 1536w, https:\/\/listings.mybikeplan.ch\/wp-content\/uploads\/2023\/02\/1-3-2048x1152.jpg 2048w, https:\/\/listings.mybikeplan.ch\/wp-content\/uploads\/2023\/02\/1-3-666x375.jpg 666w\" sizes=\"auto, (max-width: 1024px) 100vw, 1024px\" \/><\/a><figcaption class=\"wp-element-caption\">stromer e-bike<\/figcaption><\/figure>\n\n\n\n<p>La soci\u00e9t\u00e9 Stromer E-Bikes a \u00e9t\u00e9 fond\u00e9e en 2009 par le Suisse Thomas Binggeli. Avec sa propulsion arri\u00e8re, sa puissance exceptionnellement \u00e9lev\u00e9e, son design sportif et sa batterie int\u00e9gr\u00e9e, Stromer E-Bikes s&rsquo;est fait un nom en tant que marque suisse d&rsquo;E-Bikes bien connue.<\/p>\n\n\n\n<p>Les E-Bikes Stromer sont surtout connus pour leur connectivit\u00e9 : ils ne sont pas seulement ultra-rapides, mais aussi ultra-modernes. Tu peux les piloter depuis ton t\u00e9l\u00e9phone portable gr\u00e2ce \u00e0 l&rsquo;application Stromer OMNI et m\u00eame les connecter \u00e0 ton casque intelligent. En outre, les v\u00e9los \u00e9lectriques Stromer sont id\u00e9aux pour remplacer une voiture.<\/p>\n\n\n\n<p>Stromer E-Bikes a d\u00e9j\u00e0 remport\u00e9 plusieurs prix pour le design et l&rsquo;innovation de ses S-Pedelecs, dont le prix du meilleur design d&rsquo;E-Bike 2022.<\/p>\n\n\n\n<h2 class=\"wp-block-heading\">V\u00e9los \u00e9lectriques FLYER ou v\u00e9los \u00e9lectriques Stromer : quelles sont les diff\u00e9rences ?<\/h2>\n\n\n\n<figure class=\"wp-block-image size-large\"><a href=\"https:\/\/listings.mybikeplan.ch\/wp-content\/uploads\/2023\/02\/2-3-1024x576.jpg\"><img loading=\"lazy\" decoding=\"async\" width=\"1024\" height=\"576\" src=\"https:\/\/listings.mybikeplan.ch\/wp-content\/uploads\/2023\/02\/2-3-1024x576.jpg\" alt=\"flyer e-bikes, stromer e-bikes\" class=\"wp-image-29258\" srcset=\"https:\/\/listings.mybikeplan.ch\/wp-content\/uploads\/2023\/02\/2-3-1024x576.jpg 1024w, https:\/\/listings.mybikeplan.ch\/wp-content\/uploads\/2023\/02\/2-3-555x312.jpg 555w, https:\/\/listings.mybikeplan.ch\/wp-content\/uploads\/2023\/02\/2-3-570x320.jpg 570w, https:\/\/listings.mybikeplan.ch\/wp-content\/uploads\/2023\/02\/2-3-768x432.jpg 768w, https:\/\/listings.mybikeplan.ch\/wp-content\/uploads\/2023\/02\/2-3-1536x864.jpg 1536w, https:\/\/listings.mybikeplan.ch\/wp-content\/uploads\/2023\/02\/2-3-2048x1152.jpg 2048w, https:\/\/listings.mybikeplan.ch\/wp-content\/uploads\/2023\/02\/2-3-666x375.jpg 666w\" sizes=\"auto, (max-width: 1024px) 100vw, 1024px\" \/><\/a><figcaption class=\"wp-element-caption\">flyer e-bikes, stromer e-bikes<\/figcaption><\/figure>\n\n\n\n<p>Commen\u00e7ons d&rsquo;abord par les points communs : Les deux sont des marques suisses qui misent sur la qualit\u00e9 et la suissitude et ont d\u00e9j\u00e0 remport\u00e9 plusieurs prix de design. Les deux entreprises sont des pionni\u00e8res sur le march\u00e9 des v\u00e9los \u00e9lectriques et se distinguent par leur innovation et leur flair pour les nouvelles tendances. Et : les v\u00e9los \u00e9lectriques FLYER et les v\u00e9los \u00e9lectriques Stromer sont tous deux des leaders absolus lorsqu&rsquo;il s&rsquo;agit de S-Pedelecs.<\/p>\n\n\n\n<p>Qu&rsquo;est-ce qui diff\u00e9rencie donc les deux marques ? Examinons tout cela \u00e0 l&rsquo;aide d&rsquo;un exemple concret, en comparant le Stromer ST1 et le FLYER Goroc3 6.50.<\/p>\n\n\n\n<h3 class=\"wp-block-heading\">Stromer ST1<\/h3>\n\n\n\n<figure class=\"wp-block-image size-large\"><a href=\"https:\/\/listings.mybikeplan.ch\/wp-content\/uploads\/2023\/02\/BlogBanner-6-1024x576.jpg\"><img loading=\"lazy\" decoding=\"async\" width=\"1024\" height=\"576\" src=\"https:\/\/listings.mybikeplan.ch\/wp-content\/uploads\/2023\/02\/BlogBanner-6-1024x576.jpg\" alt=\"Stromer E-Bike, Stromer ST1\" class=\"wp-image-29246\" srcset=\"https:\/\/listings.mybikeplan.ch\/wp-content\/uploads\/2023\/02\/BlogBanner-6-1024x576.jpg 1024w, https:\/\/listings.mybikeplan.ch\/wp-content\/uploads\/2023\/02\/BlogBanner-6-555x312.jpg 555w, https:\/\/listings.mybikeplan.ch\/wp-content\/uploads\/2023\/02\/BlogBanner-6-570x320.jpg 570w, https:\/\/listings.mybikeplan.ch\/wp-content\/uploads\/2023\/02\/BlogBanner-6-768x432.jpg 768w, https:\/\/listings.mybikeplan.ch\/wp-content\/uploads\/2023\/02\/BlogBanner-6-1536x864.jpg 1536w, https:\/\/listings.mybikeplan.ch\/wp-content\/uploads\/2023\/02\/BlogBanner-6-2048x1152.jpg 2048w, https:\/\/listings.mybikeplan.ch\/wp-content\/uploads\/2023\/02\/BlogBanner-6-666x375.jpg 666w\" sizes=\"auto, (max-width: 1024px) 100vw, 1024px\" \/><\/a><\/figure>\n\n\n\n<ul class=\"wp-block-list\">\n<li>V\u00e9lo \u00e9lectrique de ville<\/li>\n\n\n\n<li>Id\u00e9al pour la circulation en ville<\/li>\n\n\n\n<li>Max. Poids : 130 kg<\/li>\n\n\n\n<li>Nombre de kilom\u00e8tres max. Autonomie : environ 100 km<\/li>\n\n\n\n<li>Remorque et si\u00e8ge enfant compatibles<\/li>\n\n\n\n<li>Le confort en point de mire<\/li>\n\n\n\n<li>CHF 6&rsquo;489<\/li>\n<\/ul>\n\n\n\n<div class=\"wp-block-buttons is-layout-flex wp-block-buttons-is-layout-flex\">\n<div class=\"wp-block-button aligncenter\"><a class=\"wp-block-button__link wp-element-button\" href=\"https:\/\/www.mybikeplan.ch\/produkt\/stromer-st1-deep-petrol-sport-814wh\" target=\"_blank\" rel=\"noreferrer noopener\">En savoir plus<\/a><\/div>\n<\/div>\n\n\n\n<h3 class=\"wp-block-heading\">FLYER Goroc3 6.50<\/h3>\n\n\n\n<figure class=\"wp-block-image size-large\"><a href=\"https:\/\/listings.mybikeplan.ch\/wp-content\/uploads\/2023\/02\/BlogBanner-7-1024x576.jpg\"><img loading=\"lazy\" decoding=\"async\" width=\"1024\" height=\"576\" src=\"https:\/\/listings.mybikeplan.ch\/wp-content\/uploads\/2023\/02\/BlogBanner-7-1024x576.jpg\" alt=\"flyer e-bike, flyer goroc\" class=\"wp-image-29249\" srcset=\"https:\/\/listings.mybikeplan.ch\/wp-content\/uploads\/2023\/02\/BlogBanner-7-1024x576.jpg 1024w, https:\/\/listings.mybikeplan.ch\/wp-content\/uploads\/2023\/02\/BlogBanner-7-555x312.jpg 555w, https:\/\/listings.mybikeplan.ch\/wp-content\/uploads\/2023\/02\/BlogBanner-7-570x320.jpg 570w, https:\/\/listings.mybikeplan.ch\/wp-content\/uploads\/2023\/02\/BlogBanner-7-768x432.jpg 768w, https:\/\/listings.mybikeplan.ch\/wp-content\/uploads\/2023\/02\/BlogBanner-7-1536x864.jpg 1536w, https:\/\/listings.mybikeplan.ch\/wp-content\/uploads\/2023\/02\/BlogBanner-7-2048x1152.jpg 2048w, https:\/\/listings.mybikeplan.ch\/wp-content\/uploads\/2023\/02\/BlogBanner-7-666x375.jpg 666w\" sizes=\"auto, (max-width: 1024px) 100vw, 1024px\" \/><\/a><\/figure>\n\n\n\n<ul class=\"wp-block-list\">\n<li>V\u00e9lo \u00e9lectrique de randonn\u00e9e<\/li>\n\n\n\n<li>Allrounder pour diff\u00e9rents terrains<\/li>\n\n\n\n<li>Max. Poids : 150 kg<\/li>\n\n\n\n<li>Nombre de kilom\u00e8tres max. Autonomie : 100 km<\/li>\n\n\n\n<li>Compatible avec une remorque<\/li>\n\n\n\n<li>Tout suspendu<\/li>\n\n\n\n<li>CHF 6&rsquo;799<\/li>\n<\/ul>\n\n\n\n<div class=\"wp-block-buttons is-layout-flex wp-block-buttons-is-layout-flex\">\n<div class=\"wp-block-button aligncenter\"><a class=\"wp-block-button__link wp-element-button\" href=\"https:\/\/www.mybikeplan.ch\/produkt\/flyer-goroc-3-6-50-fs\" target=\"_blank\" rel=\"noreferrer noopener\">En savoir plus<\/a><\/div>\n<\/div>\n\n\n\n<h2 class=\"wp-block-heading\">Voici les avantages des v\u00e9los \u00e9lectriques FLYER et des v\u00e9los \u00e9lectriques Stromer<\/h2>\n\n\n\n<p>Les v\u00e9los \u00e9lectriques Stromer sont des v\u00e9los \u00e9lectriques urbains parfaits : ils sont parfaits pour les personnes qui vivent en ville et qui cherchent un moyen de faire la navette plus facilement et sans stress. Ils sont \u00e9galement parfaits pour remplacer la voiture. Le Stromer ST1 a une capacit\u00e9 de charge l\u00e9g\u00e8rement inf\u00e9rieure \u00e0 celle du FLYER Goroc3 6.50, mais il est aussi compatible avec un si\u00e8ge enfant.&nbsp;<\/p>\n\n\n\n<p>Les v\u00e9los \u00e9lectriques FLYER sont des appareils polyvalents et flexibles qui peuvent \u00eatre utilis\u00e9s aussi bien en ville que pour des excursions dans la nature. Le FLYER Goroc3 6.50 a un poids de charge \u00e9lev\u00e9 et est compatible avec une remorque, mais ne peut pas \u00eatre charg\u00e9 avec un si\u00e8ge enfant. En revanche, il est dot\u00e9 de toutes les suspensions et conduit donc sur tous les terrains avec un maximum de confort.<\/p>\n\n\n\n<hr class=\"wp-block-separator has-alpha-channel-opacity\"\/>\n\n\n\n<p>Conclusion : les v\u00e9los \u00e9lectriques FLYER et les v\u00e9los \u00e9lectriques Stromer sont des produits de qualit\u00e9 suisse. En fonction de tes souhaits et de tes exigences concernant ton futur v\u00e9lo \u00e9lectrique, un FLYER ou un Stromer sera plus adapt\u00e9. Notre conseil personnel : informe-toi bien sur les avantages et les inconv\u00e9nients des diff\u00e9rents S-Pedelecs avant d&rsquo;acheter. <a href=\"https:\/\/meetings.hubspot.com\/mybikeplan\/consultation-de-30-minutes-\" target=\"_blank\" rel=\"noreferrer noopener\">Ou demande conseil \u00e0 l&rsquo;un de nos experts en v\u00e9los \u00e9lectriques<\/a> &#8211; nous t&rsquo;aiderons volontiers \u00e0 trouver le v\u00e9lo \u00e9lectrique parfait pour toi.<\/p>\n","protected":false},"excerpt":{"rendered":"<p>Deux marques suisses dominent actuellement le march\u00e9 lorsqu&rsquo;il s&rsquo;agit de v\u00e9los \u00e9lectriques 45 km\/h : FLYER E-Bikes et Stromer E-Bikes. Quiconque cherche un S-Pedelec ne peut tout simplement pas passer \u00e0 c\u00f4t\u00e9 de ces deux marques. Mais quels sont les v\u00e9los \u00e9lectriques les mieux adapt\u00e9s \u00e0 quels besoins ? Nous avons mis les v\u00e9los \u00e9lectriques [&hellip;]<\/p>\n","protected":false},"author":15,"featured_media":29266,"comment_status":"open","ping_status":"open","sticky":false,"template":"","format":"standard","meta":{"_acf_changed":false,"footnotes":""},"categories":[4442,291],"tags":[],"class_list":["post-29271","post","type-post","status-publish","format-standard","has-post-thumbnail","hentry","category-mybikeplan-fr","category-non-classifiee"],"acf":[],"yoast_head":"<!-- This site is optimized with the Yoast SEO plugin v24.5 - https:\/\/yoast.com\/wordpress\/plugins\/seo\/ -->\n<title>FLYER E-Bikes vs. Stromer E-Bikes<\/title>\n<meta name=\"description\" content=\"Plut\u00f4t des v\u00e9los \u00e9lectriques FLYER ou des v\u00e9los \u00e9lectriques Stromer ? Nous mettons les deux marques au banc d&#039;essai.\" \/>\n<meta name=\"robots\" content=\"noindex, follow, max-snippet:-1, max-image-preview:large, max-video-preview:-1\" \/>\n<meta property=\"og:locale\" content=\"fr_FR\" \/>\n<meta property=\"og:type\" content=\"article\" \/>\n<meta property=\"og:title\" content=\"FLYER E-Bikes vs. Stromer E-Bikes\" \/>\n<meta property=\"og:description\" content=\"Plut\u00f4t des v\u00e9los \u00e9lectriques FLYER ou des v\u00e9los \u00e9lectriques Stromer ? Nous mettons les deux marques au banc d&#039;essai.\" \/>\n<meta property=\"og:url\" content=\"https:\/\/listings.mybikeplan.ch\/fr\/non-classifiee\/flyer-e-bikes-vs-stromer-e-bikes-quel-s-pedelec-me-convient-le-mieux\/\" \/>\n<meta property=\"og:site_name\" content=\"MyBikePlan\" \/>\n<meta property=\"article:published_time\" content=\"2023-02-07T14:13:50+00:00\" \/>\n<meta property=\"article:modified_time\" content=\"2023-08-16T13:15:57+00:00\" \/>\n<meta property=\"og:image\" content=\"https:\/\/listings.mybikeplan.ch\/wp-content\/uploads\/2023\/02\/4-3.jpg\" \/>\n\t<meta property=\"og:image:width\" content=\"2240\" \/>\n\t<meta property=\"og:image:height\" content=\"1260\" \/>\n\t<meta property=\"og:image:type\" content=\"image\/jpeg\" \/>\n<meta name=\"author\" content=\"Evelyne Aschwanden\" \/>\n<meta name=\"twitter:card\" content=\"summary_large_image\" \/>\n<meta name=\"twitter:label1\" content=\"\u00c9crit par\" \/>\n\t<meta name=\"twitter:data1\" content=\"Evelyne Aschwanden\" \/>\n\t<meta name=\"twitter:label2\" content=\"Dur\u00e9e de lecture estim\u00e9e\" \/>\n\t<meta name=\"twitter:data2\" content=\"4 minutes\" \/>\n<script type=\"application\/ld+json\" class=\"yoast-schema-graph\">{\"@context\":\"https:\/\/schema.org\",\"@graph\":[{\"@type\":\"WebPage\",\"@id\":\"https:\/\/listings.mybikeplan.ch\/fr\/non-classifiee\/flyer-e-bikes-vs-stromer-e-bikes-quel-s-pedelec-me-convient-le-mieux\/\",\"url\":\"https:\/\/listings.mybikeplan.ch\/fr\/non-classifiee\/flyer-e-bikes-vs-stromer-e-bikes-quel-s-pedelec-me-convient-le-mieux\/\",\"name\":\"FLYER E-Bikes vs. Stromer E-Bikes\",\"isPartOf\":{\"@id\":\"https:\/\/listings.mybikeplan.ch\/fr\/#website\"},\"primaryImageOfPage\":{\"@id\":\"https:\/\/listings.mybikeplan.ch\/fr\/non-classifiee\/flyer-e-bikes-vs-stromer-e-bikes-quel-s-pedelec-me-convient-le-mieux\/#primaryimage\"},\"image\":{\"@id\":\"https:\/\/listings.mybikeplan.ch\/fr\/non-classifiee\/flyer-e-bikes-vs-stromer-e-bikes-quel-s-pedelec-me-convient-le-mieux\/#primaryimage\"},\"thumbnailUrl\":\"https:\/\/listings.mybikeplan.ch\/wp-content\/uploads\/2023\/02\/4-3.jpg\",\"datePublished\":\"2023-02-07T14:13:50+00:00\",\"dateModified\":\"2023-08-16T13:15:57+00:00\",\"author\":{\"@id\":\"https:\/\/listings.mybikeplan.ch\/fr\/#\/schema\/person\/514a6130749cc58319f751509338dafd\"},\"description\":\"Plut\u00f4t des v\u00e9los \u00e9lectriques FLYER ou des v\u00e9los \u00e9lectriques Stromer ? Nous mettons les deux marques au banc d'essai.\",\"breadcrumb\":{\"@id\":\"https:\/\/listings.mybikeplan.ch\/fr\/non-classifiee\/flyer-e-bikes-vs-stromer-e-bikes-quel-s-pedelec-me-convient-le-mieux\/#breadcrumb\"},\"inLanguage\":\"fr-FR\",\"potentialAction\":[{\"@type\":\"ReadAction\",\"target\":[\"https:\/\/listings.mybikeplan.ch\/fr\/non-classifiee\/flyer-e-bikes-vs-stromer-e-bikes-quel-s-pedelec-me-convient-le-mieux\/\"]}]},{\"@type\":\"ImageObject\",\"inLanguage\":\"fr-FR\",\"@id\":\"https:\/\/listings.mybikeplan.ch\/fr\/non-classifiee\/flyer-e-bikes-vs-stromer-e-bikes-quel-s-pedelec-me-convient-le-mieux\/#primaryimage\",\"url\":\"https:\/\/listings.mybikeplan.ch\/wp-content\/uploads\/2023\/02\/4-3.jpg\",\"contentUrl\":\"https:\/\/listings.mybikeplan.ch\/wp-content\/uploads\/2023\/02\/4-3.jpg\",\"width\":2240,\"height\":1260,\"caption\":\"flyer e-bikes\"},{\"@type\":\"BreadcrumbList\",\"@id\":\"https:\/\/listings.mybikeplan.ch\/fr\/non-classifiee\/flyer-e-bikes-vs-stromer-e-bikes-quel-s-pedelec-me-convient-le-mieux\/#breadcrumb\",\"itemListElement\":[{\"@type\":\"ListItem\",\"position\":1,\"name\":\"Home\",\"item\":\"https:\/\/listings.mybikeplan.ch\/fr\/home\/\"},{\"@type\":\"ListItem\",\"position\":2,\"name\":\"FLYER E-Bikes vs. Stromer E-Bikes : Quel S-Pedelec me convient le mieux ?\"}]},{\"@type\":\"WebSite\",\"@id\":\"https:\/\/listings.mybikeplan.ch\/fr\/#website\",\"url\":\"https:\/\/listings.mybikeplan.ch\/fr\/\",\"name\":\"MyBikePlan\",\"description\":\"\",\"potentialAction\":[{\"@type\":\"SearchAction\",\"target\":{\"@type\":\"EntryPoint\",\"urlTemplate\":\"https:\/\/listings.mybikeplan.ch\/fr\/?s={search_term_string}\"},\"query-input\":{\"@type\":\"PropertyValueSpecification\",\"valueRequired\":true,\"valueName\":\"search_term_string\"}}],\"inLanguage\":\"fr-FR\"},{\"@type\":\"Person\",\"@id\":\"https:\/\/listings.mybikeplan.ch\/fr\/#\/schema\/person\/514a6130749cc58319f751509338dafd\",\"name\":\"Evelyne Aschwanden\",\"image\":{\"@type\":\"ImageObject\",\"inLanguage\":\"fr-FR\",\"@id\":\"https:\/\/listings.mybikeplan.ch\/fr\/#\/schema\/person\/image\/\",\"url\":\"https:\/\/secure.gravatar.com\/avatar\/73f0cad78e1012b10bb7c10f05a99be7009e6621353849483b51025ae56a6b37?s=96&d=mm&r=g\",\"contentUrl\":\"https:\/\/secure.gravatar.com\/avatar\/73f0cad78e1012b10bb7c10f05a99be7009e6621353849483b51025ae56a6b37?s=96&d=mm&r=g\",\"caption\":\"Evelyne Aschwanden\"},\"url\":\"https:\/\/listings.mybikeplan.ch\/fr\/author\/evelyne-mybikeplan\/\"}]}<\/script>\n<!-- \/ Yoast SEO plugin. -->","yoast_head_json":{"title":"FLYER E-Bikes vs. Stromer E-Bikes","description":"Plut\u00f4t des v\u00e9los \u00e9lectriques FLYER ou des v\u00e9los \u00e9lectriques Stromer ? Nous mettons les deux marques au banc d'essai.","robots":{"index":"noindex","follow":"follow","max-snippet":"max-snippet:-1","max-image-preview":"max-image-preview:large","max-video-preview":"max-video-preview:-1"},"og_locale":"fr_FR","og_type":"article","og_title":"FLYER E-Bikes vs. Stromer E-Bikes","og_description":"Plut\u00f4t des v\u00e9los \u00e9lectriques FLYER ou des v\u00e9los \u00e9lectriques Stromer ? Nous mettons les deux marques au banc d'essai.","og_url":"https:\/\/listings.mybikeplan.ch\/fr\/non-classifiee\/flyer-e-bikes-vs-stromer-e-bikes-quel-s-pedelec-me-convient-le-mieux\/","og_site_name":"MyBikePlan","article_published_time":"2023-02-07T14:13:50+00:00","article_modified_time":"2023-08-16T13:15:57+00:00","og_image":[{"width":2240,"height":1260,"url":"https:\/\/listings.mybikeplan.ch\/wp-content\/uploads\/2023\/02\/4-3.jpg","type":"image\/jpeg"}],"author":"Evelyne Aschwanden","twitter_card":"summary_large_image","twitter_misc":{"\u00c9crit par":"Evelyne Aschwanden","Dur\u00e9e de lecture estim\u00e9e":"4 minutes"},"schema":{"@context":"https:\/\/schema.org","@graph":[{"@type":"WebPage","@id":"https:\/\/listings.mybikeplan.ch\/fr\/non-classifiee\/flyer-e-bikes-vs-stromer-e-bikes-quel-s-pedelec-me-convient-le-mieux\/","url":"https:\/\/listings.mybikeplan.ch\/fr\/non-classifiee\/flyer-e-bikes-vs-stromer-e-bikes-quel-s-pedelec-me-convient-le-mieux\/","name":"FLYER E-Bikes vs. Stromer E-Bikes","isPartOf":{"@id":"https:\/\/listings.mybikeplan.ch\/fr\/#website"},"primaryImageOfPage":{"@id":"https:\/\/listings.mybikeplan.ch\/fr\/non-classifiee\/flyer-e-bikes-vs-stromer-e-bikes-quel-s-pedelec-me-convient-le-mieux\/#primaryimage"},"image":{"@id":"https:\/\/listings.mybikeplan.ch\/fr\/non-classifiee\/flyer-e-bikes-vs-stromer-e-bikes-quel-s-pedelec-me-convient-le-mieux\/#primaryimage"},"thumbnailUrl":"https:\/\/listings.mybikeplan.ch\/wp-content\/uploads\/2023\/02\/4-3.jpg","datePublished":"2023-02-07T14:13:50+00:00","dateModified":"2023-08-16T13:15:57+00:00","author":{"@id":"https:\/\/listings.mybikeplan.ch\/fr\/#\/schema\/person\/514a6130749cc58319f751509338dafd"},"description":"Plut\u00f4t des v\u00e9los \u00e9lectriques FLYER ou des v\u00e9los \u00e9lectriques Stromer ? Nous mettons les deux marques au banc d'essai.","breadcrumb":{"@id":"https:\/\/listings.mybikeplan.ch\/fr\/non-classifiee\/flyer-e-bikes-vs-stromer-e-bikes-quel-s-pedelec-me-convient-le-mieux\/#breadcrumb"},"inLanguage":"fr-FR","potentialAction":[{"@type":"ReadAction","target":["https:\/\/listings.mybikeplan.ch\/fr\/non-classifiee\/flyer-e-bikes-vs-stromer-e-bikes-quel-s-pedelec-me-convient-le-mieux\/"]}]},{"@type":"ImageObject","inLanguage":"fr-FR","@id":"https:\/\/listings.mybikeplan.ch\/fr\/non-classifiee\/flyer-e-bikes-vs-stromer-e-bikes-quel-s-pedelec-me-convient-le-mieux\/#primaryimage","url":"https:\/\/listings.mybikeplan.ch\/wp-content\/uploads\/2023\/02\/4-3.jpg","contentUrl":"https:\/\/listings.mybikeplan.ch\/wp-content\/uploads\/2023\/02\/4-3.jpg","width":2240,"height":1260,"caption":"flyer e-bikes"},{"@type":"BreadcrumbList","@id":"https:\/\/listings.mybikeplan.ch\/fr\/non-classifiee\/flyer-e-bikes-vs-stromer-e-bikes-quel-s-pedelec-me-convient-le-mieux\/#breadcrumb","itemListElement":[{"@type":"ListItem","position":1,"name":"Home","item":"https:\/\/listings.mybikeplan.ch\/fr\/home\/"},{"@type":"ListItem","position":2,"name":"FLYER E-Bikes vs. Stromer E-Bikes : Quel S-Pedelec me convient le mieux ?"}]},{"@type":"WebSite","@id":"https:\/\/listings.mybikeplan.ch\/fr\/#website","url":"https:\/\/listings.mybikeplan.ch\/fr\/","name":"MyBikePlan","description":"","potentialAction":[{"@type":"SearchAction","target":{"@type":"EntryPoint","urlTemplate":"https:\/\/listings.mybikeplan.ch\/fr\/?s={search_term_string}"},"query-input":{"@type":"PropertyValueSpecification","valueRequired":true,"valueName":"search_term_string"}}],"inLanguage":"fr-FR"},{"@type":"Person","@id":"https:\/\/listings.mybikeplan.ch\/fr\/#\/schema\/person\/514a6130749cc58319f751509338dafd","name":"Evelyne Aschwanden","image":{"@type":"ImageObject","inLanguage":"fr-FR","@id":"https:\/\/listings.mybikeplan.ch\/fr\/#\/schema\/person\/image\/","url":"https:\/\/secure.gravatar.com\/avatar\/73f0cad78e1012b10bb7c10f05a99be7009e6621353849483b51025ae56a6b37?s=96&d=mm&r=g","contentUrl":"https:\/\/secure.gravatar.com\/avatar\/73f0cad78e1012b10bb7c10f05a99be7009e6621353849483b51025ae56a6b37?s=96&d=mm&r=g","caption":"Evelyne Aschwanden"},"url":"https:\/\/listings.mybikeplan.ch\/fr\/author\/evelyne-mybikeplan\/"}]}},"locale":"fr","_links":{"self":[{"href":"https:\/\/listings.mybikeplan.ch\/fr\/wp-json\/wp\/v2\/posts\/29271","targetHints":{"allow":["GET"]}}],"collection":[{"href":"https:\/\/listings.mybikeplan.ch\/fr\/wp-json\/wp\/v2\/posts"}],"about":[{"href":"https:\/\/listings.mybikeplan.ch\/fr\/wp-json\/wp\/v2\/types\/post"}],"author":[{"embeddable":true,"href":"https:\/\/listings.mybikeplan.ch\/fr\/wp-json\/wp\/v2\/users\/15"}],"replies":[{"embeddable":true,"href":"https:\/\/listings.mybikeplan.ch\/fr\/wp-json\/wp\/v2\/comments?post=29271"}],"version-history":[{"count":2,"href":"https:\/\/listings.mybikeplan.ch\/fr\/wp-json\/wp\/v2\/posts\/29271\/revisions"}],"predecessor-version":[{"id":29276,"href":"https:\/\/listings.mybikeplan.ch\/fr\/wp-json\/wp\/v2\/posts\/29271\/revisions\/29276"}],"wp:featuredmedia":[{"embeddable":true,"href":"https:\/\/listings.mybikeplan.ch\/fr\/wp-json\/wp\/v2\/media\/29266"}],"wp:attachment":[{"href":"https:\/\/listings.mybikeplan.ch\/fr\/wp-json\/wp\/v2\/media?parent=29271"}],"wp:term":[{"taxonomy":"category","embeddable":true,"href":"https:\/\/listings.mybikeplan.ch\/fr\/wp-json\/wp\/v2\/categories?post=29271"},{"taxonomy":"post_tag","embeddable":true,"href":"https:\/\/listings.mybikeplan.ch\/fr\/wp-json\/wp\/v2\/tags?post=29271"}],"curies":[{"name":"wp","href":"https:\/\/api.w.org\/{rel}","templated":true}]}}