{"id":24462,"date":"2023-01-11T08:35:02","date_gmt":"2023-01-11T08:35:02","guid":{"rendered":"https:\/\/listings.mybikeplan.ch\/?p=24462"},"modified":"2023-08-16T13:16:15","modified_gmt":"2023-08-16T13:16:15","slug":"voici-les-meilleurs-velos-electriques-2023","status":"publish","type":"post","link":"https:\/\/listings.mybikeplan.ch\/fr\/mybikeplan-fr-2\/voici-les-meilleurs-velos-electriques-2023\/","title":{"rendered":"Voici les meilleurs v\u00e9los \u00e9lectriques 2023"},"content":{"rendered":"\n<p>Nouvelle ann\u00e9e, nouveaux v\u00e9los \u00e9lectriques 2023 : apr\u00e8s que 2022 ait \u00e9t\u00e9 sans aucun doute une ann\u00e9e de v\u00e9los \u00e9lectriques de classe exceptionnelle, nous sommes d&rsquo;autant plus impatients de d\u00e9couvrir les innovations r\u00e9volutionnaires et les nouveaux v\u00e9los \u00e9lectriques 2023. Nous pouvons d\u00e9j\u00e0 en dire autant : <strong>ce ne sera certainement pas ennuyeux !<\/strong> Pour te mettre dans l&rsquo;ambiance de la nouvelle ann\u00e9e de l&rsquo;E-Bike, nous avons d\u00e9j\u00e0 pr\u00e9par\u00e9 notre s\u00e9lection des meilleurs v\u00e9los \u00e9lectriques 2023 que tu peux attendre avec impatience pour la nouvelle ann\u00e9e &#8211; amuse-toi bien en d\u00e9couvrant !<\/p>\n\n\n\n<h2 class=\"wp-block-heading\">Top 3 des VTT \u00e9lectriques 2023<\/h2>\n\n\n\n<figure class=\"wp-block-image size-large\"><a href=\"https:\/\/listings.mybikeplan.ch\/wp-content\/uploads\/2023\/01\/2-1024x576.jpg\"><img loading=\"lazy\" decoding=\"async\" width=\"1024\" height=\"576\" src=\"https:\/\/listings.mybikeplan.ch\/wp-content\/uploads\/2023\/01\/2-1024x576.jpg\" alt=\"\" class=\"wp-image-24433\" srcset=\"https:\/\/listings.mybikeplan.ch\/wp-content\/uploads\/2023\/01\/2-1024x576.jpg 1024w, https:\/\/listings.mybikeplan.ch\/wp-content\/uploads\/2023\/01\/2-555x312.jpg 555w, https:\/\/listings.mybikeplan.ch\/wp-content\/uploads\/2023\/01\/2-570x320.jpg 570w, https:\/\/listings.mybikeplan.ch\/wp-content\/uploads\/2023\/01\/2-768x432.jpg 768w, https:\/\/listings.mybikeplan.ch\/wp-content\/uploads\/2023\/01\/2-1536x864.jpg 1536w, https:\/\/listings.mybikeplan.ch\/wp-content\/uploads\/2023\/01\/2-2048x1152.jpg 2048w, https:\/\/listings.mybikeplan.ch\/wp-content\/uploads\/2023\/01\/2-666x375.jpg 666w\" sizes=\"auto, (max-width: 1024px) 100vw, 1024px\" \/><\/a><\/figure>\n\n\n\n<p>Cette ann\u00e9e, les fabricants de VTT \u00e9lectriques se concentrent sur ce qu&rsquo;ils ont d\u00e9j\u00e0 commenc\u00e9 \u00e0 faire en 2022 : plus de puissance avec moins de poids pour les v\u00e9los \u00e9lectriques 2023. Les v\u00e9los \u00e9lectriques de montagne sont con\u00e7us pour \u00eatre aussi l\u00e9gers que possible sans perdre en qualit\u00e9 au niveau du moteur. Il en r\u00e9sulte des mod\u00e8les qui nous \u00e9patent tout simplement &#8211; et qui n&rsquo;attendent que de pouvoir d\u00e9valer la prochaine colline !<\/p>\n\n\n\n<h3 class=\"wp-block-heading\">R Raymon HardRay E 5.0<\/h3>\n\n\n\n<figure class=\"wp-block-image size-large\"><a href=\"https:\/\/listings.mybikeplan.ch\/wp-content\/uploads\/2023\/01\/5-1024x576.jpg\"><img loading=\"lazy\" decoding=\"async\" width=\"1024\" height=\"576\" src=\"https:\/\/listings.mybikeplan.ch\/wp-content\/uploads\/2023\/01\/5-1024x576.jpg\" alt=\"\" class=\"wp-image-24439\" srcset=\"https:\/\/listings.mybikeplan.ch\/wp-content\/uploads\/2023\/01\/5-1024x576.jpg 1024w, https:\/\/listings.mybikeplan.ch\/wp-content\/uploads\/2023\/01\/5-555x312.jpg 555w, https:\/\/listings.mybikeplan.ch\/wp-content\/uploads\/2023\/01\/5-570x320.jpg 570w, https:\/\/listings.mybikeplan.ch\/wp-content\/uploads\/2023\/01\/5-768x432.jpg 768w, https:\/\/listings.mybikeplan.ch\/wp-content\/uploads\/2023\/01\/5-1536x864.jpg 1536w, https:\/\/listings.mybikeplan.ch\/wp-content\/uploads\/2023\/01\/5-2048x1152.jpg 2048w, https:\/\/listings.mybikeplan.ch\/wp-content\/uploads\/2023\/01\/5-666x375.jpg 666w\" sizes=\"auto, (max-width: 1024px) 100vw, 1024px\" \/><\/a><\/figure>\n\n\n\n<p>Le R Raymon HardRay E 5.0 devrait sortir en juillet 2023 &#8211; et il a d\u00e9j\u00e0 attir\u00e9 notre attention. Il convainc avec un puissant Yamaha PW-ST de 70 Nm, une batterie tout aussi sportive et un design \u00e9l\u00e9gant en deux couleurs. Le tout pour un excellent rapport qualit\u00e9-prix qui fait de ce v\u00e9lo \u00e9lectrique de montagne 2023 l&rsquo;un des plus abordables de sa cat\u00e9gorie. Dans l&rsquo;ensemble, c&rsquo;est un v\u00e9lo \u00e9lectrique \u00e0 surveiller de pr\u00e8s.<\/p>\n\n\n\n<div class=\"wp-block-buttons is-layout-flex wp-block-buttons-is-layout-flex\">\n<div class=\"wp-block-button aligncenter\"><a class=\"wp-block-button__link wp-element-button\" href=\"https:\/\/www.mybikeplan.ch\/fr\/marques\/rraymon-ebikes\" target=\"_blank\" rel=\"noreferrer noopener\">R Raymon v\u00e9los \u00e9lectriques 2023<\/a><\/div>\n<\/div>\n\n\n\n<h3 class=\"wp-block-heading\">CILO ROCKTRAIL CXL\u00b006<\/h3>\n\n\n\n<figure class=\"wp-block-image size-large\"><a href=\"https:\/\/listings.mybikeplan.ch\/wp-content\/uploads\/2023\/01\/6-1024x576.jpg\"><img loading=\"lazy\" decoding=\"async\" width=\"2240\" height=\"1260\" src=\"https:\/\/listings.mybikeplan.ch\/wp-content\/uploads\/2023\/01\/6-1024x576.jpg\" alt=\"\" class=\"wp-image-24441\" srcset=\"https:\/\/listings.mybikeplan.ch\/wp-content\/uploads\/2023\/01\/6-1024x576.jpg 1024w, https:\/\/listings.mybikeplan.ch\/wp-content\/uploads\/2023\/01\/6-555x312.jpg 555w, https:\/\/listings.mybikeplan.ch\/wp-content\/uploads\/2023\/01\/6-570x320.jpg 570w, https:\/\/listings.mybikeplan.ch\/wp-content\/uploads\/2023\/01\/6-768x432.jpg 768w, https:\/\/listings.mybikeplan.ch\/wp-content\/uploads\/2023\/01\/6-1536x864.jpg 1536w, https:\/\/listings.mybikeplan.ch\/wp-content\/uploads\/2023\/01\/6-2048x1152.jpg 2048w, https:\/\/listings.mybikeplan.ch\/wp-content\/uploads\/2023\/01\/6-666x375.jpg 666w\" sizes=\"auto, (max-width: 2240px) 100vw, 2240px\" \/><\/a><\/figure>\n\n\n\n<p>Le CILO ROCKTRAIL CXL\u00b006 se d\u00e9crit lui-m\u00eame comme un \u00ab\u00a0compagnon optimal pour tous niveaux\u00a0\u00bb &#8211; et cela r\u00e9sume en fait parfaitement ce v\u00e9lo \u00e9lectrique hardtail mountain. Il est parfait pour les sorties sportives, les longues excursions ou m\u00eame pour le trail. Il est dot\u00e9 d&rsquo;une puissante transmission Shimano, d&rsquo;un d\u00e9railleur 11 vitesses, d&rsquo;un d\u00e9battement de 120 mm et d&rsquo;une batterie endurante de 504 Wh, avec laquelle les pentes raides ne posent aucun probl\u00e8me. Sans aucun doute l&rsquo;un des meilleurs v\u00e9los \u00e9lectriques 2023 qui nous attend cette ann\u00e9e !<\/p>\n\n\n\n<div class=\"wp-block-buttons is-layout-flex wp-block-buttons-is-layout-flex\">\n<div class=\"wp-block-button aligncenter\"><a class=\"wp-block-button__link wp-element-button\" href=\"https:\/\/www.mybikeplan.ch\/fr\/marques\/cilo-ebikes\" target=\"_blank\" rel=\"noreferrer noopener\">CILO v\u00e9los \u00e9lectriques 2023<\/a><\/div>\n<\/div>\n\n\n\n<h3 class=\"wp-block-heading\">Focus JAM\u00b2 SL<\/h3>\n\n\n\n<figure class=\"wp-block-image size-large\"><a href=\"https:\/\/listings.mybikeplan.ch\/wp-content\/uploads\/2023\/01\/7-1024x576.jpg\"><img loading=\"lazy\" decoding=\"async\" width=\"1024\" height=\"576\" src=\"https:\/\/listings.mybikeplan.ch\/wp-content\/uploads\/2023\/01\/7-1024x576.jpg\" alt=\"\" class=\"wp-image-24443\" srcset=\"https:\/\/listings.mybikeplan.ch\/wp-content\/uploads\/2023\/01\/7-1024x576.jpg 1024w, https:\/\/listings.mybikeplan.ch\/wp-content\/uploads\/2023\/01\/7-555x312.jpg 555w, https:\/\/listings.mybikeplan.ch\/wp-content\/uploads\/2023\/01\/7-570x320.jpg 570w, https:\/\/listings.mybikeplan.ch\/wp-content\/uploads\/2023\/01\/7-768x432.jpg 768w, https:\/\/listings.mybikeplan.ch\/wp-content\/uploads\/2023\/01\/7-1536x864.jpg 1536w, https:\/\/listings.mybikeplan.ch\/wp-content\/uploads\/2023\/01\/7-2048x1152.jpg 2048w, https:\/\/listings.mybikeplan.ch\/wp-content\/uploads\/2023\/01\/7-666x375.jpg 666w\" sizes=\"auto, (max-width: 1024px) 100vw, 1024px\" \/><\/a><\/figure>\n\n\n\n<p>Si tu cherches la qualit\u00e9, tu ne peux pas te tromper avec les Focus v\u00e9los \u00e9lectriques 2023. Avec le Focus JAM\u00b2 SL, l&rsquo;entreprise allemande a maintenant gagn\u00e9 &#8211; du moins \u00e0 nos yeux &#8211; la premi\u00e8re place parmi les meilleurs v\u00e9los \u00e9lectriques 2023. Le nouveau v\u00e9lo \u00e9lectrique Focus est innovant et styl\u00e9, il poss\u00e8de un d\u00e9battement de 160 mm et, avec ses 17,9 kg, il est d&rsquo;une l\u00e9g\u00e8ret\u00e9 absolue. Le Range Extender en option, dont la sortie est pr\u00e9vue au printemps de cette ann\u00e9e, \u00e9tend en outre la port\u00e9e maximale de la batterie. Le plaisir sur les sentiers et dans les descentes est d\u00e9finitivement garanti avec ce v\u00e9lo \u00e9lectrique de montagne rapide et rac\u00e9 !<\/p>\n\n\n\n<div class=\"wp-block-buttons is-layout-flex wp-block-buttons-is-layout-flex\">\n<div class=\"wp-block-button aligncenter\"><a class=\"wp-block-button__link wp-element-button\" href=\"https:\/\/www.mybikeplan.ch\/fr\/marques\/focus-ebikes\" target=\"_blank\" rel=\"noreferrer noopener\">regarde nos Focus v\u00e9los \u00e9lectriques 2023<\/a><\/div>\n<\/div>\n\n\n\n<h2 class=\"wp-block-heading\">Les meilleurs v\u00e9los \u00e9lectriques de trekking 2023<\/h2>\n\n\n\n<figure class=\"wp-block-image size-large\"><a href=\"https:\/\/listings.mybikeplan.ch\/wp-content\/uploads\/2023\/01\/3-1-1024x576.jpg\"><img loading=\"lazy\" decoding=\"async\" width=\"1024\" height=\"576\" src=\"https:\/\/listings.mybikeplan.ch\/wp-content\/uploads\/2023\/01\/3-1-1024x576.jpg\" alt=\"\" class=\"wp-image-24445\" srcset=\"https:\/\/listings.mybikeplan.ch\/wp-content\/uploads\/2023\/01\/3-1-1024x576.jpg 1024w, https:\/\/listings.mybikeplan.ch\/wp-content\/uploads\/2023\/01\/3-1-555x312.jpg 555w, https:\/\/listings.mybikeplan.ch\/wp-content\/uploads\/2023\/01\/3-1-570x320.jpg 570w, https:\/\/listings.mybikeplan.ch\/wp-content\/uploads\/2023\/01\/3-1-768x432.jpg 768w, https:\/\/listings.mybikeplan.ch\/wp-content\/uploads\/2023\/01\/3-1-1536x864.jpg 1536w, https:\/\/listings.mybikeplan.ch\/wp-content\/uploads\/2023\/01\/3-1-2048x1152.jpg 2048w, https:\/\/listings.mybikeplan.ch\/wp-content\/uploads\/2023\/01\/3-1-666x375.jpg 666w\" sizes=\"auto, (max-width: 1024px) 100vw, 1024px\" \/><\/a><\/figure>\n\n\n\n<p>Les v\u00e9los \u00e9lectriques de randonn\u00e9e 2023 font \u00e9galement preuve de beaucoup d&rsquo;innovation en cette nouvelle ann\u00e9e. Les couleurs vives et les moteurs puissants sont tr\u00e8s tendance. Et si tu aimes rouler vite, tu trouveras aussi un grand choix de S-Pedelecs 45 km\/h parmi les v\u00e9los \u00e9lectriques 2023.<\/p>\n\n\n\n<h3 class=\"wp-block-heading\">Flyer Goroc2 2.10 Comf HT<\/h3>\n\n\n\n<figure class=\"wp-block-image size-large\"><a href=\"https:\/\/listings.mybikeplan.ch\/wp-content\/uploads\/2023\/01\/8-1024x576.jpg\"><img loading=\"lazy\" decoding=\"async\" width=\"1024\" height=\"576\" src=\"https:\/\/listings.mybikeplan.ch\/wp-content\/uploads\/2023\/01\/8-1024x576.jpg\" alt=\"\" class=\"wp-image-24447\" srcset=\"https:\/\/listings.mybikeplan.ch\/wp-content\/uploads\/2023\/01\/8-1024x576.jpg 1024w, https:\/\/listings.mybikeplan.ch\/wp-content\/uploads\/2023\/01\/8-555x312.jpg 555w, https:\/\/listings.mybikeplan.ch\/wp-content\/uploads\/2023\/01\/8-570x320.jpg 570w, https:\/\/listings.mybikeplan.ch\/wp-content\/uploads\/2023\/01\/8-768x432.jpg 768w, https:\/\/listings.mybikeplan.ch\/wp-content\/uploads\/2023\/01\/8-1536x864.jpg 1536w, https:\/\/listings.mybikeplan.ch\/wp-content\/uploads\/2023\/01\/8-2048x1152.jpg 2048w, https:\/\/listings.mybikeplan.ch\/wp-content\/uploads\/2023\/01\/8-666x375.jpg 666w\" sizes=\"auto, (max-width: 1024px) 100vw, 1024px\" \/><\/a><\/figure>\n\n\n\n<p>Nous commen\u00e7ons notre liste des meilleurs v\u00e9los \u00e9lectriques de trekking 2023 avec un v\u00e9lo polyvalent et flexible : le Flyer Goroc2 2.10 Comf HT poss\u00e8de l&rsquo;un des moteurs les plus puissants de notre liste avec 95 Nm et vient ainsi \u00e0 bout de toutes les mont\u00e9es sans effort &#8211; notamment gr\u00e2ce au mode \u00ab\u00a0Boost\u00a0\u00bb int\u00e9gr\u00e9. La batterie amovible de 750 Wh est id\u00e9ale pour les longues randonn\u00e9es et les pneus extra larges assurent encore plus d&rsquo;adh\u00e9rence sur les terrains accident\u00e9s. Une troisi\u00e8me place bien m\u00e9rit\u00e9e et une preuve suppl\u00e9mentaire de la qualit\u00e9 avec laquelle les v\u00e9los \u00e9lectriques 2023 de Flyer savent se d\u00e9marquer.<\/p>\n\n\n\n<div class=\"wp-block-buttons is-layout-flex wp-block-buttons-is-layout-flex\">\n<div class=\"wp-block-button aligncenter\"><a class=\"wp-block-button__link wp-element-button\" href=\"https:\/\/www.mybikeplan.ch\/fr\/produit\/flyer-goroc2-2-10-ht\" target=\"_blank\" rel=\"noreferrer noopener\">D\u00e9couvre le Flyer Goroc2 2.10 Comf HT<\/a><\/div>\n<\/div>\n\n\n\n<h3 class=\"wp-block-heading\">Kalkhoff Endeavour 7.B. Move+ 750 XXL<\/h3>\n\n\n\n<figure class=\"wp-block-image size-large\"><a href=\"https:\/\/listings.mybikeplan.ch\/wp-content\/uploads\/2023\/01\/9-1024x576.jpg\"><img loading=\"lazy\" decoding=\"async\" width=\"1024\" height=\"576\" src=\"https:\/\/listings.mybikeplan.ch\/wp-content\/uploads\/2023\/01\/9-1024x576.jpg\" alt=\"\" class=\"wp-image-24449\" srcset=\"https:\/\/listings.mybikeplan.ch\/wp-content\/uploads\/2023\/01\/9-1024x576.jpg 1024w, https:\/\/listings.mybikeplan.ch\/wp-content\/uploads\/2023\/01\/9-555x312.jpg 555w, https:\/\/listings.mybikeplan.ch\/wp-content\/uploads\/2023\/01\/9-570x320.jpg 570w, https:\/\/listings.mybikeplan.ch\/wp-content\/uploads\/2023\/01\/9-768x432.jpg 768w, https:\/\/listings.mybikeplan.ch\/wp-content\/uploads\/2023\/01\/9-1536x864.jpg 1536w, https:\/\/listings.mybikeplan.ch\/wp-content\/uploads\/2023\/01\/9-2048x1152.jpg 2048w, https:\/\/listings.mybikeplan.ch\/wp-content\/uploads\/2023\/01\/9-666x375.jpg 666w\" sizes=\"auto, (max-width: 1024px) 100vw, 1024px\" \/><\/a><\/figure>\n\n\n\n<p>Le Kalkhoff Endeavour 7.B. Move+ nous avait d\u00e9j\u00e0 enthousiasm\u00e9s en 2022 &#8211; aujourd&rsquo;hui, les v\u00e9los \u00e9lectriques 2023 de Kalkhoff double la mise en am\u00e9liorant le mod\u00e8le pr\u00e9c\u00e9dent ! Le Kalkhoff Endeavour 7.B. Move+ 750 XXL enthousiasme avec un poids total incroyable de 170 kg &#8211; le \u00ab\u00a0XXL\u00a0\u00bb dans le nom est d\u00e9finitivement appropri\u00e9 ! Avec la puissante batterie PowerTube de 750 Wh et le puissant moteur Bosch de 85 Nm, tu peux parcourir de grandes distances et gravir des pentes sans probl\u00e8me. Ainsi, les randonn\u00e9es exigeantes avec une charge de poids \u00e9lev\u00e9e ne seront plus un probl\u00e8me \u00e0 l&rsquo;avenir !<\/p>\n\n\n\n<div class=\"wp-block-buttons is-layout-flex wp-block-buttons-is-layout-flex\">\n<div class=\"wp-block-button aligncenter\"><a class=\"wp-block-button__link wp-element-button\" href=\"https:\/\/www.mybikeplan.ch\/fr\/marques\/kalkhoff-ebikes\" target=\"_blank\" rel=\"noreferrer noopener\">Kalkhoff v\u00e9los \u00e9lectriques 2023<\/a><\/div>\n<\/div>\n\n\n\n<h3 class=\"wp-block-heading\">Focus Aventura\u00b2 6.7<\/h3>\n\n\n\n<figure class=\"wp-block-image size-large\"><a href=\"https:\/\/listings.mybikeplan.ch\/wp-content\/uploads\/2023\/01\/10-1024x576.jpg\"><img loading=\"lazy\" decoding=\"async\" width=\"1024\" height=\"576\" src=\"https:\/\/listings.mybikeplan.ch\/wp-content\/uploads\/2023\/01\/10-1024x576.jpg\" alt=\"\" class=\"wp-image-24451\" srcset=\"https:\/\/listings.mybikeplan.ch\/wp-content\/uploads\/2023\/01\/10-1024x576.jpg 1024w, https:\/\/listings.mybikeplan.ch\/wp-content\/uploads\/2023\/01\/10-555x312.jpg 555w, https:\/\/listings.mybikeplan.ch\/wp-content\/uploads\/2023\/01\/10-570x320.jpg 570w, https:\/\/listings.mybikeplan.ch\/wp-content\/uploads\/2023\/01\/10-768x432.jpg 768w, https:\/\/listings.mybikeplan.ch\/wp-content\/uploads\/2023\/01\/10-1536x864.jpg 1536w, https:\/\/listings.mybikeplan.ch\/wp-content\/uploads\/2023\/01\/10-2048x1152.jpg 2048w, https:\/\/listings.mybikeplan.ch\/wp-content\/uploads\/2023\/01\/10-666x375.jpg 666w\" sizes=\"auto, (max-width: 1024px) 100vw, 1024px\" \/><\/a><\/figure>\n\n\n\n<p>Le Focus Aventura\u00b2 6.7 est un v\u00e9lo \u00e9lectrique de trekking de classe exceptionnelle : tu y trouveras une batterie endurante de 625 Wh ainsi qu&rsquo;un moteur Bosch puissant avec un sensationnel 85 Nm &#8211; ainsi, chaque mont\u00e9e devient un jeu d&rsquo;enfant ! La combinaison des deux fait de ce v\u00e9lo \u00e9lectrique Focus un v\u00e9lo polyvalent et flexible, aussi performant sur le terrain qu&rsquo;en ville. De plus, il est possible de monter une deuxi\u00e8me batterie pour atteindre une autonomie \u00e9poustouflante de 300 km. Nous pensons que c&rsquo;est le cas : Ce fait \u00e0 lui seul fait de ce v\u00e9lo \u00e9lectrique 2023 l&rsquo;un des meilleurs v\u00e9los \u00e9lectriques de randonn\u00e9e qui soient !<\/p>\n\n\n\n<div class=\"wp-block-buttons is-layout-flex wp-block-buttons-is-layout-flex\">\n<div class=\"wp-block-button aligncenter\"><a class=\"wp-block-button__link wp-element-button\" href=\"https:\/\/www.mybikeplan.ch\/fr\/produit\/focus-aventura-2-6-7-blau\" target=\"_blank\" rel=\"noreferrer noopener\">Regarde le Focus Aventura\u00b2 6.7<\/a><\/div>\n<\/div>\n\n\n\n<h2 class=\"wp-block-heading\">V\u00e9los \u00e9lectriques urbains 2023 : Ce sont nos favoris<\/h2>\n\n\n\n<figure class=\"wp-block-image size-large\"><a href=\"https:\/\/listings.mybikeplan.ch\/wp-content\/uploads\/2023\/01\/4-1-1024x576.jpg\"><img loading=\"lazy\" decoding=\"async\" width=\"1024\" height=\"576\" src=\"https:\/\/listings.mybikeplan.ch\/wp-content\/uploads\/2023\/01\/4-1-1024x576.jpg\" alt=\"\" class=\"wp-image-24453\" srcset=\"https:\/\/listings.mybikeplan.ch\/wp-content\/uploads\/2023\/01\/4-1-1024x576.jpg 1024w, https:\/\/listings.mybikeplan.ch\/wp-content\/uploads\/2023\/01\/4-1-555x312.jpg 555w, https:\/\/listings.mybikeplan.ch\/wp-content\/uploads\/2023\/01\/4-1-570x320.jpg 570w, https:\/\/listings.mybikeplan.ch\/wp-content\/uploads\/2023\/01\/4-1-768x432.jpg 768w, https:\/\/listings.mybikeplan.ch\/wp-content\/uploads\/2023\/01\/4-1-1536x864.jpg 1536w, https:\/\/listings.mybikeplan.ch\/wp-content\/uploads\/2023\/01\/4-1-2048x1152.jpg 2048w, https:\/\/listings.mybikeplan.ch\/wp-content\/uploads\/2023\/01\/4-1-666x375.jpg 666w\" sizes=\"auto, (max-width: 1024px) 100vw, 1024px\" \/><\/a><\/figure>\n\n\n\n<p>Les v\u00e9los \u00e9lectriques de ville sont parfaitement adapt\u00e9s \u00e0 la vie en ville : ils sont maniables, faciles \u00e0 enfourcher et t&#8217;emm\u00e8nent de A \u00e0 B en toute fiabilit\u00e9. Dans la cat\u00e9gorie des v\u00e9los \u00e9lectriques 2023, tu trouveras \u00e9galement quelques v\u00e9los \u00e9lectriques de ville qui changeront \u00e0 coup s\u00fbr ta mobilit\u00e9 au quotidien.<\/p>\n\n\n\n<h3 class=\"wp-block-heading\">HNF NICOLAI SD3 URBAN<\/h3>\n\n\n\n<figure class=\"wp-block-image size-large\"><a href=\"https:\/\/listings.mybikeplan.ch\/wp-content\/uploads\/2023\/01\/11-1024x576.jpg\"><img loading=\"lazy\" decoding=\"async\" width=\"1024\" height=\"576\" src=\"https:\/\/listings.mybikeplan.ch\/wp-content\/uploads\/2023\/01\/11-1024x576.jpg\" alt=\"\" class=\"wp-image-24455\" srcset=\"https:\/\/listings.mybikeplan.ch\/wp-content\/uploads\/2023\/01\/11-1024x576.jpg 1024w, https:\/\/listings.mybikeplan.ch\/wp-content\/uploads\/2023\/01\/11-555x312.jpg 555w, https:\/\/listings.mybikeplan.ch\/wp-content\/uploads\/2023\/01\/11-570x320.jpg 570w, https:\/\/listings.mybikeplan.ch\/wp-content\/uploads\/2023\/01\/11-768x432.jpg 768w, https:\/\/listings.mybikeplan.ch\/wp-content\/uploads\/2023\/01\/11-1536x864.jpg 1536w, https:\/\/listings.mybikeplan.ch\/wp-content\/uploads\/2023\/01\/11-2048x1152.jpg 2048w, https:\/\/listings.mybikeplan.ch\/wp-content\/uploads\/2023\/01\/11-666x375.jpg 666w\" sizes=\"auto, (max-width: 1024px) 100vw, 1024px\" \/><\/a><\/figure>\n\n\n\n<p>Avec ce mod\u00e8le, HNF NICOLAI a mis sur le march\u00e9 un v\u00e9lo \u00e9lectrique de ville qui est presque silencieux. Le puissant moteur Bosch Performance est silencieux avec une r\u00e9sistance au p\u00e9dalage minimale. Une courroie en carbone de haute qualit\u00e9 et des composants de qualit\u00e9 garantissent \u00e0 ce v\u00e9lo \u00e9lectrique HNF NICOLAI une dur\u00e9e de vie extra longue pour ton v\u00e9lo \u00e9lectrique. Gr\u00e2ce \u00e0 la transmission \u00e0 variation continue, tu ne transpires pas trop vite, m\u00eame lors de longues randonn\u00e9es \u00e0 v\u00e9lo. En bref : un v\u00e9lo \u00e9lectrique de ville parfait pour toutes les situations !<\/p>\n\n\n\n<div class=\"wp-block-buttons is-layout-flex wp-block-buttons-is-layout-flex\">\n<div class=\"wp-block-button aligncenter\"><a class=\"wp-block-button__link wp-element-button\" href=\"https:\/\/www.mybikeplan.ch\/fr\/produit\/hnf-nicolai-sd3-urban-weiss\" target=\"_blank\" rel=\"noreferrer noopener\">Vers le HNF NICOLAI SD3 URBAN<\/a><\/div>\n<\/div>\n\n\n\n<h3 class=\"wp-block-heading\">Kalkhoff Image Modelle<\/h3>\n\n\n\n<figure class=\"wp-block-image size-large\"><a href=\"https:\/\/listings.mybikeplan.ch\/wp-content\/uploads\/2023\/01\/12-1024x576.jpg\"><img loading=\"lazy\" decoding=\"async\" width=\"1024\" height=\"576\" src=\"https:\/\/listings.mybikeplan.ch\/wp-content\/uploads\/2023\/01\/12-1024x576.jpg\" alt=\"\" class=\"wp-image-24457\" srcset=\"https:\/\/listings.mybikeplan.ch\/wp-content\/uploads\/2023\/01\/12-1024x576.jpg 1024w, https:\/\/listings.mybikeplan.ch\/wp-content\/uploads\/2023\/01\/12-555x312.jpg 555w, https:\/\/listings.mybikeplan.ch\/wp-content\/uploads\/2023\/01\/12-570x320.jpg 570w, https:\/\/listings.mybikeplan.ch\/wp-content\/uploads\/2023\/01\/12-768x432.jpg 768w, https:\/\/listings.mybikeplan.ch\/wp-content\/uploads\/2023\/01\/12-1536x864.jpg 1536w, https:\/\/listings.mybikeplan.ch\/wp-content\/uploads\/2023\/01\/12-2048x1152.jpg 2048w, https:\/\/listings.mybikeplan.ch\/wp-content\/uploads\/2023\/01\/12-666x375.jpg 666w\" sizes=\"auto, (max-width: 1024px) 100vw, 1024px\" \/><\/a><\/figure>\n\n\n\n<p>En 2023, Kalkhoff E-Bikes \u00e9largit les variantes de l&rsquo;\u00e9l\u00e9gant v\u00e9lo \u00e9lectrique de ville IMAGE. Les nouveaux mod\u00e8les promettent encore plus de confort et de plaisir de conduite lorsque l&rsquo;on se d\u00e9place dans l&rsquo;Urban Jungle. Une bonne suspension, un style de conduite agr\u00e9ablement droit et un moteur Bosch puissant, pour lequel on peut choisir entre 400 Wh et 750 Wh, font de ce v\u00e9lo \u00e9lectrique Kalkhoff l&rsquo;un des meilleurs v\u00e9los \u00e9lectriques urbains 2023.<\/p>\n\n\n\n<div class=\"wp-block-buttons is-layout-flex wp-block-buttons-is-layout-flex\">\n<div class=\"wp-block-button aligncenter\"><a class=\"wp-block-button__link wp-element-button\" href=\"https:\/\/www.mybikeplan.ch\/fr\/marques\/kalkhoff-ebikes\" target=\"_blank\" rel=\"noreferrer noopener\">Kalkhoff v\u00e9los \u00e9lectriques 2023<\/a><\/div>\n<\/div>\n\n\n\n<h3 class=\"wp-block-heading\">Stromer ST3<\/h3>\n\n\n\n<figure class=\"wp-block-image size-large\"><a href=\"https:\/\/listings.mybikeplan.ch\/wp-content\/uploads\/2023\/01\/13-1024x576.jpg\"><img loading=\"lazy\" decoding=\"async\" width=\"1024\" height=\"576\" src=\"https:\/\/listings.mybikeplan.ch\/wp-content\/uploads\/2023\/01\/13-1024x576.jpg\" alt=\"\" class=\"wp-image-24459\" srcset=\"https:\/\/listings.mybikeplan.ch\/wp-content\/uploads\/2023\/01\/13-1024x576.jpg 1024w, https:\/\/listings.mybikeplan.ch\/wp-content\/uploads\/2023\/01\/13-555x312.jpg 555w, https:\/\/listings.mybikeplan.ch\/wp-content\/uploads\/2023\/01\/13-570x320.jpg 570w, https:\/\/listings.mybikeplan.ch\/wp-content\/uploads\/2023\/01\/13-768x432.jpg 768w, https:\/\/listings.mybikeplan.ch\/wp-content\/uploads\/2023\/01\/13-1536x864.jpg 1536w, https:\/\/listings.mybikeplan.ch\/wp-content\/uploads\/2023\/01\/13-2048x1152.jpg 2048w, https:\/\/listings.mybikeplan.ch\/wp-content\/uploads\/2023\/01\/13-666x375.jpg 666w\" sizes=\"auto, (max-width: 1024px) 100vw, 1024px\" \/><\/a><\/figure>\n\n\n\n<p>Avec la troisi\u00e8me g\u00e9n\u00e9ration, Stromer mise sur la polyvalence pour ses v\u00e9los \u00e9lectriques 2023 : une batterie durable de 814 Wh, un cadre sport pour une stabilit\u00e9 suppl\u00e9mentaire et des vitesses allant jusqu&rsquo;\u00e0 45 km\/h font du Stromer ST3 un v\u00e9lo \u00e9lectrique urbain de classe exceptionnelle. Le Stromer ST 3 combine les meilleurs atouts du ST1 et du ST2 : il poss\u00e8de le moteur et la batterie les plus puissants (jusqu&rsquo;\u00e0 150 km d&rsquo;autonomie) des trois mod\u00e8les et a un \u00e9cran enti\u00e8rement int\u00e9gr\u00e9. Le v\u00e9lo \u00e9lectrique urbain parfait en 2023 pour remplacer la voiture &#8211; et donc la premi\u00e8re place de nos favoris de cette cat\u00e9gorie !<\/p>\n\n\n\n<div class=\"wp-block-buttons is-layout-flex wp-block-buttons-is-layout-flex\">\n<div class=\"wp-block-button aligncenter\"><a class=\"wp-block-button__link wp-element-button\" href=\"https:\/\/www.mybikeplan.ch\/fr\/produit\/stromer-st3-cool-white-sport-983-wh\" target=\"_blank\" rel=\"noreferrer noopener\">D\u00e9couvre le Stromer ST3<\/a><\/div>\n<\/div>\n\n\n\n<p><strong>Conclusion : <\/strong>R\u00e9jouis-toi d&rsquo;une quantit\u00e9 de grands v\u00e9los \u00e9lectriques 2023 &#8211; des v\u00e9los \u00e9lectriques de montagne ultra-l\u00e9gers aux v\u00e9los \u00e9lectriques urbains rapides comme l&rsquo;\u00e9clair, parfaitement adapt\u00e9s \u00e0 la vie dans les grandes et petites villes. Les moteurs puissants sont tout aussi tendances que les \u201clight mountain\u201d et promettent d&rsquo;autres v\u00e9los \u00e9lectriques 2023 superbes et passionnants !<\/p>\n\n\n\n<p>PS : Tu ne veux pas manquer les nouveaux mod\u00e8les de v\u00e9los \u00e9lectriques 2023? Alors abonne-toi directement \u00e0 notre newsletter &#8211; nous t&rsquo;informerons ainsi en premier lorsqu&rsquo;il y aura de nouveaux v\u00e9los \u00e9lectriques sur notre site web !<\/p>\n\n\n\n<div class=\"wp-block-buttons is-layout-flex wp-block-buttons-is-layout-flex\">\n<div class=\"wp-block-button aligncenter\"><a class=\"wp-block-button__link wp-element-button\" href=\"https:\/\/share.hsforms.com\/1bpNyu9LtTtOjWnwDQB6yxQ42zet\" target=\"_blank\" rel=\"noreferrer noopener\">Abonne-toi maintenant<\/a><\/div>\n<\/div>\n","protected":false},"excerpt":{"rendered":"<p>Nouvelle ann\u00e9e, nouveaux v\u00e9los \u00e9lectriques 2023 : apr\u00e8s que 2022 ait \u00e9t\u00e9 sans aucun doute une ann\u00e9e de v\u00e9los \u00e9lectriques de classe exceptionnelle, nous sommes d&rsquo;autant plus impatients de d\u00e9couvrir les innovations r\u00e9volutionnaires et les nouveaux v\u00e9los \u00e9lectriques 2023. Nous pouvons d\u00e9j\u00e0 en dire autant : ce ne sera certainement pas ennuyeux ! Pour te [&hellip;]<\/p>\n","protected":false},"author":15,"featured_media":24432,"comment_status":"open","ping_status":"open","sticky":false,"template":"","format":"standard","meta":{"_acf_changed":false,"footnotes":""},"categories":[4442,9728,291],"tags":[],"class_list":["post-24462","post","type-post","status-publish","format-standard","has-post-thumbnail","hentry","category-mybikeplan-fr","category-mybikeplan-fr-2","category-non-classifiee"],"acf":[],"yoast_head":"<!-- This site is optimized with the Yoast SEO plugin v24.5 - https:\/\/yoast.com\/wordpress\/plugins\/seo\/ -->\n<title>Voici les meilleurs v\u00e9los \u00e9lectriques 2023<\/title>\n<meta name=\"description\" content=\"Nous avons d\u00e9j\u00e0 pr\u00e9par\u00e9 notre s\u00e9lection des meilleurs v\u00e9los \u00e9lectriques 2023 que tu peux attendre avec impatience pour la nouvelle ann\u00e9e !\" \/>\n<meta name=\"robots\" content=\"noindex, follow, max-snippet:-1, max-image-preview:large, max-video-preview:-1\" \/>\n<meta property=\"og:locale\" content=\"fr_FR\" \/>\n<meta property=\"og:type\" content=\"article\" \/>\n<meta property=\"og:title\" content=\"Voici les meilleurs v\u00e9los \u00e9lectriques 2023\" \/>\n<meta property=\"og:description\" content=\"Nous avons d\u00e9j\u00e0 pr\u00e9par\u00e9 notre s\u00e9lection des meilleurs v\u00e9los \u00e9lectriques 2023 que tu peux attendre avec impatience pour la nouvelle ann\u00e9e !\" \/>\n<meta property=\"og:url\" content=\"https:\/\/listings.mybikeplan.ch\/fr\/mybikeplan-fr-2\/voici-les-meilleurs-velos-electriques-2023\/\" \/>\n<meta property=\"og:site_name\" content=\"MyBikePlan\" \/>\n<meta property=\"article:published_time\" content=\"2023-01-11T08:35:02+00:00\" \/>\n<meta property=\"article:modified_time\" content=\"2023-08-16T13:16:15+00:00\" \/>\n<meta property=\"og:image\" content=\"https:\/\/listings.mybikeplan.ch\/wp-content\/uploads\/2023\/01\/1.jpg\" \/>\n\t<meta property=\"og:image:width\" content=\"2240\" \/>\n\t<meta property=\"og:image:height\" content=\"1260\" \/>\n\t<meta property=\"og:image:type\" content=\"image\/jpeg\" \/>\n<meta name=\"author\" content=\"Evelyne Aschwanden\" \/>\n<meta name=\"twitter:card\" content=\"summary_large_image\" \/>\n<meta name=\"twitter:label1\" content=\"\u00c9crit par\" \/>\n\t<meta name=\"twitter:data1\" content=\"Evelyne Aschwanden\" \/>\n\t<meta name=\"twitter:label2\" content=\"Dur\u00e9e de lecture estim\u00e9e\" \/>\n\t<meta name=\"twitter:data2\" content=\"7 minutes\" \/>\n<script type=\"application\/ld+json\" class=\"yoast-schema-graph\">{\"@context\":\"https:\/\/schema.org\",\"@graph\":[{\"@type\":\"WebPage\",\"@id\":\"https:\/\/listings.mybikeplan.ch\/fr\/mybikeplan-fr-2\/voici-les-meilleurs-velos-electriques-2023\/\",\"url\":\"https:\/\/listings.mybikeplan.ch\/fr\/mybikeplan-fr-2\/voici-les-meilleurs-velos-electriques-2023\/\",\"name\":\"Voici les meilleurs v\u00e9los \u00e9lectriques 2023\",\"isPartOf\":{\"@id\":\"https:\/\/listings.mybikeplan.ch\/fr\/#website\"},\"primaryImageOfPage\":{\"@id\":\"https:\/\/listings.mybikeplan.ch\/fr\/mybikeplan-fr-2\/voici-les-meilleurs-velos-electriques-2023\/#primaryimage\"},\"image\":{\"@id\":\"https:\/\/listings.mybikeplan.ch\/fr\/mybikeplan-fr-2\/voici-les-meilleurs-velos-electriques-2023\/#primaryimage\"},\"thumbnailUrl\":\"https:\/\/listings.mybikeplan.ch\/wp-content\/uploads\/2023\/01\/1.jpg\",\"datePublished\":\"2023-01-11T08:35:02+00:00\",\"dateModified\":\"2023-08-16T13:16:15+00:00\",\"author\":{\"@id\":\"https:\/\/listings.mybikeplan.ch\/fr\/#\/schema\/person\/514a6130749cc58319f751509338dafd\"},\"description\":\"Nous avons d\u00e9j\u00e0 pr\u00e9par\u00e9 notre s\u00e9lection des meilleurs v\u00e9los \u00e9lectriques 2023 que tu peux attendre avec impatience pour la nouvelle ann\u00e9e !\",\"breadcrumb\":{\"@id\":\"https:\/\/listings.mybikeplan.ch\/fr\/mybikeplan-fr-2\/voici-les-meilleurs-velos-electriques-2023\/#breadcrumb\"},\"inLanguage\":\"fr-FR\",\"potentialAction\":[{\"@type\":\"ReadAction\",\"target\":[\"https:\/\/listings.mybikeplan.ch\/fr\/mybikeplan-fr-2\/voici-les-meilleurs-velos-electriques-2023\/\"]}]},{\"@type\":\"ImageObject\",\"inLanguage\":\"fr-FR\",\"@id\":\"https:\/\/listings.mybikeplan.ch\/fr\/mybikeplan-fr-2\/voici-les-meilleurs-velos-electriques-2023\/#primaryimage\",\"url\":\"https:\/\/listings.mybikeplan.ch\/wp-content\/uploads\/2023\/01\/1.jpg\",\"contentUrl\":\"https:\/\/listings.mybikeplan.ch\/wp-content\/uploads\/2023\/01\/1.jpg\",\"width\":2240,\"height\":1260,\"caption\":\"e-bike 2023\"},{\"@type\":\"BreadcrumbList\",\"@id\":\"https:\/\/listings.mybikeplan.ch\/fr\/mybikeplan-fr-2\/voici-les-meilleurs-velos-electriques-2023\/#breadcrumb\",\"itemListElement\":[{\"@type\":\"ListItem\",\"position\":1,\"name\":\"Home\",\"item\":\"https:\/\/listings.mybikeplan.ch\/fr\/home\/\"},{\"@type\":\"ListItem\",\"position\":2,\"name\":\"Voici les meilleurs v\u00e9los \u00e9lectriques 2023\"}]},{\"@type\":\"WebSite\",\"@id\":\"https:\/\/listings.mybikeplan.ch\/fr\/#website\",\"url\":\"https:\/\/listings.mybikeplan.ch\/fr\/\",\"name\":\"MyBikePlan\",\"description\":\"\",\"potentialAction\":[{\"@type\":\"SearchAction\",\"target\":{\"@type\":\"EntryPoint\",\"urlTemplate\":\"https:\/\/listings.mybikeplan.ch\/fr\/?s={search_term_string}\"},\"query-input\":{\"@type\":\"PropertyValueSpecification\",\"valueRequired\":true,\"valueName\":\"search_term_string\"}}],\"inLanguage\":\"fr-FR\"},{\"@type\":\"Person\",\"@id\":\"https:\/\/listings.mybikeplan.ch\/fr\/#\/schema\/person\/514a6130749cc58319f751509338dafd\",\"name\":\"Evelyne Aschwanden\",\"image\":{\"@type\":\"ImageObject\",\"inLanguage\":\"fr-FR\",\"@id\":\"https:\/\/listings.mybikeplan.ch\/fr\/#\/schema\/person\/image\/\",\"url\":\"https:\/\/secure.gravatar.com\/avatar\/73f0cad78e1012b10bb7c10f05a99be7009e6621353849483b51025ae56a6b37?s=96&d=mm&r=g\",\"contentUrl\":\"https:\/\/secure.gravatar.com\/avatar\/73f0cad78e1012b10bb7c10f05a99be7009e6621353849483b51025ae56a6b37?s=96&d=mm&r=g\",\"caption\":\"Evelyne Aschwanden\"},\"url\":\"https:\/\/listings.mybikeplan.ch\/fr\/author\/evelyne-mybikeplan\/\"}]}<\/script>\n<!-- \/ Yoast SEO plugin. -->","yoast_head_json":{"title":"Voici les meilleurs v\u00e9los \u00e9lectriques 2023","description":"Nous avons d\u00e9j\u00e0 pr\u00e9par\u00e9 notre s\u00e9lection des meilleurs v\u00e9los \u00e9lectriques 2023 que tu peux attendre avec impatience pour la nouvelle ann\u00e9e !","robots":{"index":"noindex","follow":"follow","max-snippet":"max-snippet:-1","max-image-preview":"max-image-preview:large","max-video-preview":"max-video-preview:-1"},"og_locale":"fr_FR","og_type":"article","og_title":"Voici les meilleurs v\u00e9los \u00e9lectriques 2023","og_description":"Nous avons d\u00e9j\u00e0 pr\u00e9par\u00e9 notre s\u00e9lection des meilleurs v\u00e9los \u00e9lectriques 2023 que tu peux attendre avec impatience pour la nouvelle ann\u00e9e !","og_url":"https:\/\/listings.mybikeplan.ch\/fr\/mybikeplan-fr-2\/voici-les-meilleurs-velos-electriques-2023\/","og_site_name":"MyBikePlan","article_published_time":"2023-01-11T08:35:02+00:00","article_modified_time":"2023-08-16T13:16:15+00:00","og_image":[{"width":2240,"height":1260,"url":"https:\/\/listings.mybikeplan.ch\/wp-content\/uploads\/2023\/01\/1.jpg","type":"image\/jpeg"}],"author":"Evelyne Aschwanden","twitter_card":"summary_large_image","twitter_misc":{"\u00c9crit par":"Evelyne Aschwanden","Dur\u00e9e de lecture estim\u00e9e":"7 minutes"},"schema":{"@context":"https:\/\/schema.org","@graph":[{"@type":"WebPage","@id":"https:\/\/listings.mybikeplan.ch\/fr\/mybikeplan-fr-2\/voici-les-meilleurs-velos-electriques-2023\/","url":"https:\/\/listings.mybikeplan.ch\/fr\/mybikeplan-fr-2\/voici-les-meilleurs-velos-electriques-2023\/","name":"Voici les meilleurs v\u00e9los \u00e9lectriques 2023","isPartOf":{"@id":"https:\/\/listings.mybikeplan.ch\/fr\/#website"},"primaryImageOfPage":{"@id":"https:\/\/listings.mybikeplan.ch\/fr\/mybikeplan-fr-2\/voici-les-meilleurs-velos-electriques-2023\/#primaryimage"},"image":{"@id":"https:\/\/listings.mybikeplan.ch\/fr\/mybikeplan-fr-2\/voici-les-meilleurs-velos-electriques-2023\/#primaryimage"},"thumbnailUrl":"https:\/\/listings.mybikeplan.ch\/wp-content\/uploads\/2023\/01\/1.jpg","datePublished":"2023-01-11T08:35:02+00:00","dateModified":"2023-08-16T13:16:15+00:00","author":{"@id":"https:\/\/listings.mybikeplan.ch\/fr\/#\/schema\/person\/514a6130749cc58319f751509338dafd"},"description":"Nous avons d\u00e9j\u00e0 pr\u00e9par\u00e9 notre s\u00e9lection des meilleurs v\u00e9los \u00e9lectriques 2023 que tu peux attendre avec impatience pour la nouvelle ann\u00e9e !","breadcrumb":{"@id":"https:\/\/listings.mybikeplan.ch\/fr\/mybikeplan-fr-2\/voici-les-meilleurs-velos-electriques-2023\/#breadcrumb"},"inLanguage":"fr-FR","potentialAction":[{"@type":"ReadAction","target":["https:\/\/listings.mybikeplan.ch\/fr\/mybikeplan-fr-2\/voici-les-meilleurs-velos-electriques-2023\/"]}]},{"@type":"ImageObject","inLanguage":"fr-FR","@id":"https:\/\/listings.mybikeplan.ch\/fr\/mybikeplan-fr-2\/voici-les-meilleurs-velos-electriques-2023\/#primaryimage","url":"https:\/\/listings.mybikeplan.ch\/wp-content\/uploads\/2023\/01\/1.jpg","contentUrl":"https:\/\/listings.mybikeplan.ch\/wp-content\/uploads\/2023\/01\/1.jpg","width":2240,"height":1260,"caption":"e-bike 2023"},{"@type":"BreadcrumbList","@id":"https:\/\/listings.mybikeplan.ch\/fr\/mybikeplan-fr-2\/voici-les-meilleurs-velos-electriques-2023\/#breadcrumb","itemListElement":[{"@type":"ListItem","position":1,"name":"Home","item":"https:\/\/listings.mybikeplan.ch\/fr\/home\/"},{"@type":"ListItem","position":2,"name":"Voici les meilleurs v\u00e9los \u00e9lectriques 2023"}]},{"@type":"WebSite","@id":"https:\/\/listings.mybikeplan.ch\/fr\/#website","url":"https:\/\/listings.mybikeplan.ch\/fr\/","name":"MyBikePlan","description":"","potentialAction":[{"@type":"SearchAction","target":{"@type":"EntryPoint","urlTemplate":"https:\/\/listings.mybikeplan.ch\/fr\/?s={search_term_string}"},"query-input":{"@type":"PropertyValueSpecification","valueRequired":true,"valueName":"search_term_string"}}],"inLanguage":"fr-FR"},{"@type":"Person","@id":"https:\/\/listings.mybikeplan.ch\/fr\/#\/schema\/person\/514a6130749cc58319f751509338dafd","name":"Evelyne Aschwanden","image":{"@type":"ImageObject","inLanguage":"fr-FR","@id":"https:\/\/listings.mybikeplan.ch\/fr\/#\/schema\/person\/image\/","url":"https:\/\/secure.gravatar.com\/avatar\/73f0cad78e1012b10bb7c10f05a99be7009e6621353849483b51025ae56a6b37?s=96&d=mm&r=g","contentUrl":"https:\/\/secure.gravatar.com\/avatar\/73f0cad78e1012b10bb7c10f05a99be7009e6621353849483b51025ae56a6b37?s=96&d=mm&r=g","caption":"Evelyne Aschwanden"},"url":"https:\/\/listings.mybikeplan.ch\/fr\/author\/evelyne-mybikeplan\/"}]}},"locale":"fr","_links":{"self":[{"href":"https:\/\/listings.mybikeplan.ch\/fr\/wp-json\/wp\/v2\/posts\/24462","targetHints":{"allow":["GET"]}}],"collection":[{"href":"https:\/\/listings.mybikeplan.ch\/fr\/wp-json\/wp\/v2\/posts"}],"about":[{"href":"https:\/\/listings.mybikeplan.ch\/fr\/wp-json\/wp\/v2\/types\/post"}],"author":[{"embeddable":true,"href":"https:\/\/listings.mybikeplan.ch\/fr\/wp-json\/wp\/v2\/users\/15"}],"replies":[{"embeddable":true,"href":"https:\/\/listings.mybikeplan.ch\/fr\/wp-json\/wp\/v2\/comments?post=24462"}],"version-history":[{"count":2,"href":"https:\/\/listings.mybikeplan.ch\/fr\/wp-json\/wp\/v2\/posts\/24462\/revisions"}],"predecessor-version":[{"id":24464,"href":"https:\/\/listings.mybikeplan.ch\/fr\/wp-json\/wp\/v2\/posts\/24462\/revisions\/24464"}],"wp:featuredmedia":[{"embeddable":true,"href":"https:\/\/listings.mybikeplan.ch\/fr\/wp-json\/wp\/v2\/media\/24432"}],"wp:attachment":[{"href":"https:\/\/listings.mybikeplan.ch\/fr\/wp-json\/wp\/v2\/media?parent=24462"}],"wp:term":[{"taxonomy":"category","embeddable":true,"href":"https:\/\/listings.mybikeplan.ch\/fr\/wp-json\/wp\/v2\/categories?post=24462"},{"taxonomy":"post_tag","embeddable":true,"href":"https:\/\/listings.mybikeplan.ch\/fr\/wp-json\/wp\/v2\/tags?post=24462"}],"curies":[{"name":"wp","href":"https:\/\/api.w.org\/{rel}","templated":true}]}}