{"id":22776,"date":"2022-11-14T08:27:31","date_gmt":"2022-11-14T08:27:31","guid":{"rendered":"https:\/\/listings.mybikeplan.ch\/?p=22776"},"modified":"2023-08-16T13:16:38","modified_gmt":"2023-08-16T13:16:38","slug":"comment-choisir-son-velo-electrique","status":"publish","type":"post","link":"https:\/\/listings.mybikeplan.ch\/fr\/non-classifiee\/comment-choisir-son-velo-electrique\/","title":{"rendered":"Comment choisir son v\u00e9lo \u00e9lectrique ?"},"content":{"rendered":"\n<p>\u00c7a y est: tu veux acheter un E-Bike.. mais tu ne sais pas par o\u00f9 commencer.<\/p>\n\n\n\n<p>Ne t\u2019inqui\u00e8te pas! Nous sommes l\u00e0 pour t\u2019aider.<\/p>\n\n\n\n<p>Ce blog va t\u2019expliquer \u00e9tape par \u00e9tape comment choisir l\u2019E-Bike parfait pour toi.<\/p>\n\n\n\n<p>Apr\u00e8s avoir lu ce blog, tu sauras:<\/p>\n\n\n\n<ul class=\"wp-block-list\"><li>le type d\u2019E-Bike qu\u2019il te faut<\/li><li>la taille \u00e0 choisir<\/li><li>la vitesse du v\u00e9lo adapt\u00e9e pour toi<\/li><li>et d\u2019autres crit\u00e8res et astuces super utiles!<\/li><\/ul>\n\n\n\n<figure class=\"wp-block-gallery has-nested-images columns-default is-cropped wp-block-gallery-1 is-layout-flex wp-block-gallery-is-layout-flex\">\n<figure class=\"wp-block-image size-large\"><a href=\"https:\/\/listings.mybikeplan.ch\/wp-content\/uploads\/2022\/05\/1280_gWQk8z5YdsJ0-2-1024x683.png\"><img loading=\"lazy\" decoding=\"async\" width=\"1024\" height=\"683\" data-id=\"18181\" src=\"https:\/\/listings.mybikeplan.ch\/wp-content\/uploads\/2022\/05\/1280_gWQk8z5YdsJ0-2-1024x683.png\" alt=\"\" class=\"wp-image-18181\" srcset=\"https:\/\/listings.mybikeplan.ch\/wp-content\/uploads\/2022\/05\/1280_gWQk8z5YdsJ0-2-1024x683.png 1024w, https:\/\/listings.mybikeplan.ch\/wp-content\/uploads\/2022\/05\/1280_gWQk8z5YdsJ0-2-540x360.png 540w, https:\/\/listings.mybikeplan.ch\/wp-content\/uploads\/2022\/05\/1280_gWQk8z5YdsJ0-2-768x512.png 768w, https:\/\/listings.mybikeplan.ch\/wp-content\/uploads\/2022\/05\/1280_gWQk8z5YdsJ0-2-666x444.png 666w, https:\/\/listings.mybikeplan.ch\/wp-content\/uploads\/2022\/05\/1280_gWQk8z5YdsJ0-2.png 1279w\" sizes=\"auto, (max-width: 1024px) 100vw, 1024px\" \/><\/a><\/figure>\n<\/figure>\n\n\n\n<h2 class=\"wp-block-heading\"><strong>Guide pour choisir un E-Bike en fonction de tes envies et besoins<\/strong><\/h2>\n\n\n\n<p>Il existe <strong>3 types de v\u00e9los<\/strong>:<\/p>\n\n\n\n<ul class=\"wp-block-list\"><li><strong>Urbain <\/strong>pour des promenades en ville ou pour te rendre \u00e0 ton lieu de travail.<\/li><\/ul>\n\n\n\n<p>Les E-Bikes pour la ville t\u2019offrent une position de conduite droite, ainsi qu\u2019une position assise confortable et un enjambement facile.<\/p>\n\n\n\n<p>Ils sont recommand\u00e9s pour des trajets sur des distances courtes \u00e0 moyennes (maximum de 30 minutes).<\/p>\n\n\n\n<p>Les city E-Bikes sont \u00e9quip\u00e9s de garde-boue et de pneus tr\u00e8s fins afin de rendre ton exp\u00e9rience en ville aussi confortable que possible.<\/p>\n\n\n\n<ul class=\"wp-block-list\"><li><strong>Mountain <\/strong>pour des sorties en nature et des randonn\u00e9es.<\/li><\/ul>\n\n\n\n<p>Le VTT est con\u00e7u pour un entra\u00eenement sportif tout-terrain, quel que soit le chemin choisi. Il te permet de rouler en toute s\u00e9curit\u00e9 sur les routes, les sentiers, entre les cailloux et dans les descentes. Les VTTs poss\u00e8dent quelques caract\u00e9ristiques uniques :<\/p>\n\n\n\n<p>Une fourche avec un minimum de 80mm de d\u00e9battement qui permet d&rsquo;absorber toutes les asp\u00e9rit\u00e9s du terrain. Elle apporte \u00e9galement la stabilit\u00e9 et l&rsquo;adh\u00e9rence n\u00e9cessaires \u00e0 la pratique du VTT, notamment dans les descentes.<\/p>\n\n\n\n<p>Des pignons plus grands et des plateaux plus petits te permettront d&rsquo;affronter les mont\u00e9es les plus difficiles.<\/p>\n\n\n\n<p>Des pneus plus larges avec g\u00e9n\u00e9ralement une basse pression (2-3 bars).<\/p>\n\n\n\n<ul class=\"wp-block-list\"><li><strong>Trekking <\/strong>pour&#8230; les deux!\u00a0<\/li><\/ul>\n\n\n\n<p>Le VTC, comme son nom l&rsquo;indique, est id\u00e9al pour rouler sur tous les chemins (v\u00e9lo tout chemin). Il se situe entre les v\u00e9los de montagne et ceux pour la ville, et donc poss\u00e8de ses propres caract\u00e9ristiques:<\/p>\n\n\n\n<p>Leur cadres sont g\u00e9n\u00e9ralement faits d\u2019aluminium et ont une g\u00e9om\u00e9trie similaire aux VTTs, ce qui les rend confortables et adaptables. La position du cycliste est redress\u00e9e afin qu\u2019il puisse garder la t\u00eate haute et \u00eatre attentif aux \u00e9v\u00e9nements de la route.<\/p>\n\n\n\n<p>Le tube du cadre est inclin\u00e9 pour faciliter l\u2019enjambement et le cintre est au m\u00eame niveau que la selle.<\/p>\n\n\n\n<p>Les v\u00e9los de trekking sont g\u00e9n\u00e9ralement davantage recommand\u00e9s pour les <strong>remorques <\/strong>et les <strong>si\u00e8ges enfants <\/strong>que les v\u00e9los de ville. Que tu aies 1 ou 2 enfants, un animal de compagnie ou des colis, ces puissants E-Bikes t\u2019aideront \u00e0 les transporter. Tu peux voir nos recommandations de remorques <a href=\"https:\/\/www.mybikeplan.ch\/fr\/blog\/quelle-remorque-de-velo-pour-enfants\">ici<\/a>.<\/p>\n\n\n\n<p>Les <strong>tailles<\/strong> sont toujours indiqu\u00e9es sur la page du v\u00e9lo. Voici cependant un petit guide pour choisir un E-Bike adapt\u00e9 \u00e0 ta taille:<\/p>\n\n\n\n<figure class=\"wp-block-gallery has-nested-images columns-default is-cropped wp-block-gallery-2 is-layout-flex wp-block-gallery-is-layout-flex\">\n<figure class=\"wp-block-image size-large\"><a href=\"https:\/\/listings.mybikeplan.ch\/wp-content\/uploads\/2022\/05\/Capture-decran-2022-05-04-170820.png\"><img loading=\"lazy\" decoding=\"async\" width=\"858\" height=\"193\" data-id=\"18185\" src=\"https:\/\/listings.mybikeplan.ch\/wp-content\/uploads\/2022\/05\/Capture-decran-2022-05-04-170820.png\" alt=\"\" class=\"wp-image-18185\" srcset=\"https:\/\/listings.mybikeplan.ch\/wp-content\/uploads\/2022\/05\/Capture-decran-2022-05-04-170820.png 858w, https:\/\/listings.mybikeplan.ch\/wp-content\/uploads\/2022\/05\/Capture-decran-2022-05-04-170820-555x125.png 555w, https:\/\/listings.mybikeplan.ch\/wp-content\/uploads\/2022\/05\/Capture-decran-2022-05-04-170820-768x173.png 768w, https:\/\/listings.mybikeplan.ch\/wp-content\/uploads\/2022\/05\/Capture-decran-2022-05-04-170820-666x150.png 666w\" sizes=\"auto, (max-width: 858px) 100vw, 858px\" \/><\/a><\/figure>\n<\/figure>\n\n\n\n<p>(Attention! Les tailles peuvent varier selon la marque et le type de v\u00e9lo que tu choisis. Avant d\u2019acheter ton E-Bike, v\u00e9rifie toujours les recommandations de taille indiqu\u00e9es sur la page du v\u00e9lo.)<\/p>\n\n\n\n<p>La vitesse de ton E-Bike peut aller de <strong>25 \u00e0 45 km\/h<\/strong>.<\/p>\n\n\n\n<p>Si tu as un permis M, un v\u00e9lo de 45 km est parfait si tu veux te rendre d\u2019un point \u00e0 l\u2019autre rapidement. G\u00e9n\u00e9ralement, ils ont une autonomie beaucoup plus longue que les 25 km; elle peut aller jusqu\u2019\u00e0 200 km, comme c\u2019est le cas pour le <a href=\"https:\/\/www.mybikeplan.ch\/fr\/product\/simple-wirbelwind-stm08-4-grun?tab=description\">Simpel Wirbelwind<\/a>.<\/p>\n\n\n\n<h2 class=\"wp-block-heading\"><strong>Donn\u00e9es techniques: Batterie<\/strong><\/h2>\n\n\n\n<p>\u00c0 ce jour, les batteries lithium-ion sont les plus utilis\u00e9es. Il faut compter 3 \u00e0 7 heures de chargement en fonction du mod\u00e8le et du chargeur.<\/p>\n\n\n\n<p>Les batteries de plus de 500 Wh sont g\u00e9n\u00e9ralement utilis\u00e9es pour des longs trajets, alors que celles de 300 \u00e0 500 Wh sont principalement pour des petits trajets quotidiens.<\/p>\n\n\n\n<p>Quant \u00e0 l\u2019entretien, il n\u2019est pas conseill\u00e9 de garder sa batterie d\u00e9charg\u00e9e pendant trop longtemps et dans des environnements froids ou \u00e0 haute chaleur.<\/p>\n\n\n\n<p>\u201cPeut-on l\u2019enlever?\u201d Oui!<\/p>\n\n\n\n<p>Il existe 2 types de batteries: amovible et int\u00e9gr\u00e9e.<\/p>\n\n\n\n<p>Les batteries amovibles sont plus pratiques si tu habites en appartement et que tu ne veux pas monter\/descendre ton E-Bike \u00e0 chaque fois que tu en as besoin. Tu peux simplement l\u2019emmener chez toi et la recharger sans avoir besoin du v\u00e9lo lui-m\u00eame.<\/p>\n\n\n\n<p>Tous nos mod\u00e8les ont une batterie amovible. Tu peux en apprendre plus sur notre blog <a href=\"https:\/\/www.mybikeplan.ch\/fr\/blog\/duree-de-vie-de-la-batterie-d-un-e-bike\">Quelle est la dur\u00e9e de vie de la batterie d\u2019un E Bike ?<\/a><\/p>\n\n\n\n<figure class=\"wp-block-image size-large\"><a href=\"https:\/\/listings.mybikeplan.ch\/wp-content\/uploads\/2022\/05\/1280_kr7RG3BMhCz8-2-1024x683.jpg\"><img loading=\"lazy\" decoding=\"async\" width=\"1024\" height=\"683\" src=\"https:\/\/listings.mybikeplan.ch\/wp-content\/uploads\/2022\/05\/1280_kr7RG3BMhCz8-2-1024x683.jpg\" alt=\"\" class=\"wp-image-18183\" srcset=\"https:\/\/listings.mybikeplan.ch\/wp-content\/uploads\/2022\/05\/1280_kr7RG3BMhCz8-2-1024x683.jpg 1024w, https:\/\/listings.mybikeplan.ch\/wp-content\/uploads\/2022\/05\/1280_kr7RG3BMhCz8-2-540x360.jpg 540w, https:\/\/listings.mybikeplan.ch\/wp-content\/uploads\/2022\/05\/1280_kr7RG3BMhCz8-2-768x512.jpg 768w, https:\/\/listings.mybikeplan.ch\/wp-content\/uploads\/2022\/05\/1280_kr7RG3BMhCz8-2-666x444.jpg 666w, https:\/\/listings.mybikeplan.ch\/wp-content\/uploads\/2022\/05\/1280_kr7RG3BMhCz8-2.jpg 1279w\" sizes=\"auto, (max-width: 1024px) 100vw, 1024px\" \/><\/a><\/figure>\n\n\n\n<h2 class=\"wp-block-heading\"><strong>Moteur<\/strong><\/h2>\n\n\n\n<p>Central ou arri\u00e8re, quelle est la diff\u00e9rence?<\/p>\n\n\n\n<p>Les moteurs centraux, situ\u00e9s au milieu de ton E-Bike, donnent une sensation plus proche des v\u00e9los traditionnels au conducteur. Ils adaptent la puissance \u00e0 l\u2019effort du cycliste gr\u00e2ce \u00e0 des capteurs de force.<\/p>\n\n\n\n<p>D\u2019autre part, les moteurs situ\u00e9s sur la roue arri\u00e8re sont soit allum\u00e9s \u00e0 une puissance constante, soit \u00e9teints. Ils te fournissent avec une bonne acc\u00e9l\u00e9ration au d\u00e9marrage. Ils sont aussi g\u00e9n\u00e9ralement plus silencieux.<\/p>\n\n\n\n<h2 class=\"wp-block-heading\"><strong>Garantie et assurance<\/strong><\/h2>\n\n\n\n<p>Tous les E-Bikes que l\u2019on propose ont une garantie de 2 ans.<\/p>\n\n\n\n<p>Si tu vois que ton E-Bike a un probl\u00e8me, tu peux nous contacter ou directement le signaler \u00e0 notre service apr\u00e8s-vente. Nous viendrons ensuite chercher ton v\u00e9lo afin de le r\u00e9parer.<\/p>\n\n\n\n<p>En cas de vol ou de dommages pour les v\u00e9los de 25km, l\u2019assurance m\u00e9nage entrera en vigueur. Tu peux l\u2019acqu\u00e9rir apr\u00e8s avoir pass\u00e9 ta commande.<\/p>\n\n\n\n<p>Pour les E-Bikes de 45km, la plupart des assureurs consid\u00e8rent ce type de v\u00e9lo comme un cyclomoteur et ne couvrent donc pas les vols. Afin d\u2019assurer ton v\u00e9lo de 45km, tu peux t\u2019adresser aux biais de polices d&rsquo;assurance sp\u00e9cifiques pour les v\u00e9los.<\/p>\n\n\n\n<p>Si tu as des questions par rapport aux v\u00e9los que nous proposons, n\u2019h\u00e9site pas \u00e0 nous contacter \u00e0 <a href=\"mailto:sales@mybikeplan.ch\">sales@mybikeplan.ch<\/a>.<\/p>\n\n\n\n<p>\u00c0 bient\u00f4t!<\/p>\n","protected":false},"excerpt":{"rendered":"<p>\u00c7a y est: tu veux acheter un E-Bike.. mais tu ne sais pas par o\u00f9 commencer. Ne t\u2019inqui\u00e8te pas! Nous sommes l\u00e0 pour t\u2019aider. Ce blog va t\u2019expliquer \u00e9tape par \u00e9tape comment choisir l\u2019E-Bike parfait pour toi. Apr\u00e8s avoir lu ce blog, tu sauras: le type d\u2019E-Bike qu\u2019il te faut la taille \u00e0 choisir la [&hellip;]<\/p>\n","protected":false},"author":15,"featured_media":18167,"comment_status":"open","ping_status":"open","sticky":false,"template":"","format":"standard","meta":{"_acf_changed":false,"footnotes":""},"categories":[4442,291],"tags":[],"class_list":["post-22776","post","type-post","status-publish","format-standard","has-post-thumbnail","hentry","category-mybikeplan-fr","category-non-classifiee"],"acf":[],"yoast_head":"<!-- This site is optimized with the Yoast SEO plugin v24.5 - https:\/\/yoast.com\/wordpress\/plugins\/seo\/ -->\n<title>Comment choisir son v\u00e9lo \u00e9lectrique? | Blog | MyBikePlan<\/title>\n<meta name=\"description\" content=\"\u00c7a y est: tu veux acheter un E-Bike.. mais tu ne sais pas par o\u00f9 commencer.\" \/>\n<meta name=\"robots\" content=\"noindex, follow, max-snippet:-1, max-image-preview:large, max-video-preview:-1\" \/>\n<meta property=\"og:locale\" content=\"fr_FR\" \/>\n<meta property=\"og:type\" content=\"article\" \/>\n<meta property=\"og:title\" content=\"Comment choisir son v\u00e9lo \u00e9lectrique? | Blog | MyBikePlan\" \/>\n<meta property=\"og:description\" content=\"\u00c7a y est: tu veux acheter un E-Bike.. mais tu ne sais pas par o\u00f9 commencer.\" \/>\n<meta property=\"og:url\" content=\"https:\/\/listings.mybikeplan.ch\/fr\/non-classifiee\/comment-choisir-son-velo-electrique\/\" \/>\n<meta property=\"og:site_name\" content=\"MyBikePlan\" \/>\n<meta property=\"article:published_time\" content=\"2022-11-14T08:27:31+00:00\" \/>\n<meta property=\"article:modified_time\" content=\"2023-08-16T13:16:38+00:00\" \/>\n<meta property=\"og:image\" content=\"https:\/\/listings.mybikeplan.ch\/wp-content\/uploads\/2022\/05\/1280_gWQk8z5YdsJ0.png\" \/>\n\t<meta property=\"og:image:width\" content=\"1279\" \/>\n\t<meta property=\"og:image:height\" content=\"853\" \/>\n\t<meta property=\"og:image:type\" content=\"image\/png\" \/>\n<meta name=\"author\" content=\"Evelyne Aschwanden\" \/>\n<meta name=\"twitter:card\" content=\"summary_large_image\" \/>\n<meta name=\"twitter:label1\" content=\"\u00c9crit par\" \/>\n\t<meta name=\"twitter:data1\" content=\"Evelyne Aschwanden\" \/>\n\t<meta name=\"twitter:label2\" content=\"Dur\u00e9e de lecture estim\u00e9e\" \/>\n\t<meta name=\"twitter:data2\" content=\"5 minutes\" \/>\n<script type=\"application\/ld+json\" class=\"yoast-schema-graph\">{\"@context\":\"https:\/\/schema.org\",\"@graph\":[{\"@type\":\"WebPage\",\"@id\":\"https:\/\/listings.mybikeplan.ch\/fr\/non-classifiee\/comment-choisir-son-velo-electrique\/\",\"url\":\"https:\/\/listings.mybikeplan.ch\/fr\/non-classifiee\/comment-choisir-son-velo-electrique\/\",\"name\":\"Comment choisir son v\u00e9lo \u00e9lectrique? | Blog | MyBikePlan\",\"isPartOf\":{\"@id\":\"https:\/\/listings.mybikeplan.ch\/fr\/#website\"},\"primaryImageOfPage\":{\"@id\":\"https:\/\/listings.mybikeplan.ch\/fr\/non-classifiee\/comment-choisir-son-velo-electrique\/#primaryimage\"},\"image\":{\"@id\":\"https:\/\/listings.mybikeplan.ch\/fr\/non-classifiee\/comment-choisir-son-velo-electrique\/#primaryimage\"},\"thumbnailUrl\":\"https:\/\/listings.mybikeplan.ch\/wp-content\/uploads\/2022\/05\/1280_gWQk8z5YdsJ0.png\",\"datePublished\":\"2022-11-14T08:27:31+00:00\",\"dateModified\":\"2023-08-16T13:16:38+00:00\",\"author\":{\"@id\":\"https:\/\/listings.mybikeplan.ch\/fr\/#\/schema\/person\/514a6130749cc58319f751509338dafd\"},\"description\":\"\u00c7a y est: tu veux acheter un E-Bike.. mais tu ne sais pas par o\u00f9 commencer.\",\"breadcrumb\":{\"@id\":\"https:\/\/listings.mybikeplan.ch\/fr\/non-classifiee\/comment-choisir-son-velo-electrique\/#breadcrumb\"},\"inLanguage\":\"fr-FR\",\"potentialAction\":[{\"@type\":\"ReadAction\",\"target\":[\"https:\/\/listings.mybikeplan.ch\/fr\/non-classifiee\/comment-choisir-son-velo-electrique\/\"]}]},{\"@type\":\"ImageObject\",\"inLanguage\":\"fr-FR\",\"@id\":\"https:\/\/listings.mybikeplan.ch\/fr\/non-classifiee\/comment-choisir-son-velo-electrique\/#primaryimage\",\"url\":\"https:\/\/listings.mybikeplan.ch\/wp-content\/uploads\/2022\/05\/1280_gWQk8z5YdsJ0.png\",\"contentUrl\":\"https:\/\/listings.mybikeplan.ch\/wp-content\/uploads\/2022\/05\/1280_gWQk8z5YdsJ0.png\",\"width\":1279,\"height\":853,\"caption\":\"E-Bike\"},{\"@type\":\"BreadcrumbList\",\"@id\":\"https:\/\/listings.mybikeplan.ch\/fr\/non-classifiee\/comment-choisir-son-velo-electrique\/#breadcrumb\",\"itemListElement\":[{\"@type\":\"ListItem\",\"position\":1,\"name\":\"Home\",\"item\":\"https:\/\/listings.mybikeplan.ch\/fr\/home\/\"},{\"@type\":\"ListItem\",\"position\":2,\"name\":\"Comment choisir son v\u00e9lo \u00e9lectrique ?\"}]},{\"@type\":\"WebSite\",\"@id\":\"https:\/\/listings.mybikeplan.ch\/fr\/#website\",\"url\":\"https:\/\/listings.mybikeplan.ch\/fr\/\",\"name\":\"MyBikePlan\",\"description\":\"\",\"potentialAction\":[{\"@type\":\"SearchAction\",\"target\":{\"@type\":\"EntryPoint\",\"urlTemplate\":\"https:\/\/listings.mybikeplan.ch\/fr\/?s={search_term_string}\"},\"query-input\":{\"@type\":\"PropertyValueSpecification\",\"valueRequired\":true,\"valueName\":\"search_term_string\"}}],\"inLanguage\":\"fr-FR\"},{\"@type\":\"Person\",\"@id\":\"https:\/\/listings.mybikeplan.ch\/fr\/#\/schema\/person\/514a6130749cc58319f751509338dafd\",\"name\":\"Evelyne Aschwanden\",\"image\":{\"@type\":\"ImageObject\",\"inLanguage\":\"fr-FR\",\"@id\":\"https:\/\/listings.mybikeplan.ch\/fr\/#\/schema\/person\/image\/\",\"url\":\"https:\/\/secure.gravatar.com\/avatar\/73f0cad78e1012b10bb7c10f05a99be7009e6621353849483b51025ae56a6b37?s=96&d=mm&r=g\",\"contentUrl\":\"https:\/\/secure.gravatar.com\/avatar\/73f0cad78e1012b10bb7c10f05a99be7009e6621353849483b51025ae56a6b37?s=96&d=mm&r=g\",\"caption\":\"Evelyne Aschwanden\"},\"url\":\"https:\/\/listings.mybikeplan.ch\/fr\/author\/evelyne-mybikeplan\/\"}]}<\/script>\n<!-- \/ Yoast SEO plugin. -->","yoast_head_json":{"title":"Comment choisir son v\u00e9lo \u00e9lectrique? | Blog | MyBikePlan","description":"\u00c7a y est: tu veux acheter un E-Bike.. mais tu ne sais pas par o\u00f9 commencer.","robots":{"index":"noindex","follow":"follow","max-snippet":"max-snippet:-1","max-image-preview":"max-image-preview:large","max-video-preview":"max-video-preview:-1"},"og_locale":"fr_FR","og_type":"article","og_title":"Comment choisir son v\u00e9lo \u00e9lectrique? | Blog | MyBikePlan","og_description":"\u00c7a y est: tu veux acheter un E-Bike.. mais tu ne sais pas par o\u00f9 commencer.","og_url":"https:\/\/listings.mybikeplan.ch\/fr\/non-classifiee\/comment-choisir-son-velo-electrique\/","og_site_name":"MyBikePlan","article_published_time":"2022-11-14T08:27:31+00:00","article_modified_time":"2023-08-16T13:16:38+00:00","og_image":[{"width":1279,"height":853,"url":"https:\/\/listings.mybikeplan.ch\/wp-content\/uploads\/2022\/05\/1280_gWQk8z5YdsJ0.png","type":"image\/png"}],"author":"Evelyne Aschwanden","twitter_card":"summary_large_image","twitter_misc":{"\u00c9crit par":"Evelyne Aschwanden","Dur\u00e9e de lecture estim\u00e9e":"5 minutes"},"schema":{"@context":"https:\/\/schema.org","@graph":[{"@type":"WebPage","@id":"https:\/\/listings.mybikeplan.ch\/fr\/non-classifiee\/comment-choisir-son-velo-electrique\/","url":"https:\/\/listings.mybikeplan.ch\/fr\/non-classifiee\/comment-choisir-son-velo-electrique\/","name":"Comment choisir son v\u00e9lo \u00e9lectrique? | Blog | MyBikePlan","isPartOf":{"@id":"https:\/\/listings.mybikeplan.ch\/fr\/#website"},"primaryImageOfPage":{"@id":"https:\/\/listings.mybikeplan.ch\/fr\/non-classifiee\/comment-choisir-son-velo-electrique\/#primaryimage"},"image":{"@id":"https:\/\/listings.mybikeplan.ch\/fr\/non-classifiee\/comment-choisir-son-velo-electrique\/#primaryimage"},"thumbnailUrl":"https:\/\/listings.mybikeplan.ch\/wp-content\/uploads\/2022\/05\/1280_gWQk8z5YdsJ0.png","datePublished":"2022-11-14T08:27:31+00:00","dateModified":"2023-08-16T13:16:38+00:00","author":{"@id":"https:\/\/listings.mybikeplan.ch\/fr\/#\/schema\/person\/514a6130749cc58319f751509338dafd"},"description":"\u00c7a y est: tu veux acheter un E-Bike.. mais tu ne sais pas par o\u00f9 commencer.","breadcrumb":{"@id":"https:\/\/listings.mybikeplan.ch\/fr\/non-classifiee\/comment-choisir-son-velo-electrique\/#breadcrumb"},"inLanguage":"fr-FR","potentialAction":[{"@type":"ReadAction","target":["https:\/\/listings.mybikeplan.ch\/fr\/non-classifiee\/comment-choisir-son-velo-electrique\/"]}]},{"@type":"ImageObject","inLanguage":"fr-FR","@id":"https:\/\/listings.mybikeplan.ch\/fr\/non-classifiee\/comment-choisir-son-velo-electrique\/#primaryimage","url":"https:\/\/listings.mybikeplan.ch\/wp-content\/uploads\/2022\/05\/1280_gWQk8z5YdsJ0.png","contentUrl":"https:\/\/listings.mybikeplan.ch\/wp-content\/uploads\/2022\/05\/1280_gWQk8z5YdsJ0.png","width":1279,"height":853,"caption":"E-Bike"},{"@type":"BreadcrumbList","@id":"https:\/\/listings.mybikeplan.ch\/fr\/non-classifiee\/comment-choisir-son-velo-electrique\/#breadcrumb","itemListElement":[{"@type":"ListItem","position":1,"name":"Home","item":"https:\/\/listings.mybikeplan.ch\/fr\/home\/"},{"@type":"ListItem","position":2,"name":"Comment choisir son v\u00e9lo \u00e9lectrique ?"}]},{"@type":"WebSite","@id":"https:\/\/listings.mybikeplan.ch\/fr\/#website","url":"https:\/\/listings.mybikeplan.ch\/fr\/","name":"MyBikePlan","description":"","potentialAction":[{"@type":"SearchAction","target":{"@type":"EntryPoint","urlTemplate":"https:\/\/listings.mybikeplan.ch\/fr\/?s={search_term_string}"},"query-input":{"@type":"PropertyValueSpecification","valueRequired":true,"valueName":"search_term_string"}}],"inLanguage":"fr-FR"},{"@type":"Person","@id":"https:\/\/listings.mybikeplan.ch\/fr\/#\/schema\/person\/514a6130749cc58319f751509338dafd","name":"Evelyne Aschwanden","image":{"@type":"ImageObject","inLanguage":"fr-FR","@id":"https:\/\/listings.mybikeplan.ch\/fr\/#\/schema\/person\/image\/","url":"https:\/\/secure.gravatar.com\/avatar\/73f0cad78e1012b10bb7c10f05a99be7009e6621353849483b51025ae56a6b37?s=96&d=mm&r=g","contentUrl":"https:\/\/secure.gravatar.com\/avatar\/73f0cad78e1012b10bb7c10f05a99be7009e6621353849483b51025ae56a6b37?s=96&d=mm&r=g","caption":"Evelyne Aschwanden"},"url":"https:\/\/listings.mybikeplan.ch\/fr\/author\/evelyne-mybikeplan\/"}]}},"locale":"fr","_links":{"self":[{"href":"https:\/\/listings.mybikeplan.ch\/fr\/wp-json\/wp\/v2\/posts\/22776","targetHints":{"allow":["GET"]}}],"collection":[{"href":"https:\/\/listings.mybikeplan.ch\/fr\/wp-json\/wp\/v2\/posts"}],"about":[{"href":"https:\/\/listings.mybikeplan.ch\/fr\/wp-json\/wp\/v2\/types\/post"}],"author":[{"embeddable":true,"href":"https:\/\/listings.mybikeplan.ch\/fr\/wp-json\/wp\/v2\/users\/15"}],"replies":[{"embeddable":true,"href":"https:\/\/listings.mybikeplan.ch\/fr\/wp-json\/wp\/v2\/comments?post=22776"}],"version-history":[{"count":2,"href":"https:\/\/listings.mybikeplan.ch\/fr\/wp-json\/wp\/v2\/posts\/22776\/revisions"}],"predecessor-version":[{"id":22778,"href":"https:\/\/listings.mybikeplan.ch\/fr\/wp-json\/wp\/v2\/posts\/22776\/revisions\/22778"}],"wp:featuredmedia":[{"embeddable":true,"href":"https:\/\/listings.mybikeplan.ch\/fr\/wp-json\/wp\/v2\/media\/18167"}],"wp:attachment":[{"href":"https:\/\/listings.mybikeplan.ch\/fr\/wp-json\/wp\/v2\/media?parent=22776"}],"wp:term":[{"taxonomy":"category","embeddable":true,"href":"https:\/\/listings.mybikeplan.ch\/fr\/wp-json\/wp\/v2\/categories?post=22776"},{"taxonomy":"post_tag","embeddable":true,"href":"https:\/\/listings.mybikeplan.ch\/fr\/wp-json\/wp\/v2\/tags?post=22776"}],"curies":[{"name":"wp","href":"https:\/\/api.w.org\/{rel}","templated":true}]}}