{"id":21339,"date":"2022-07-26T12:54:41","date_gmt":"2022-07-26T12:54:41","guid":{"rendered":"https:\/\/listings.mybikeplan.ch\/?p=21339"},"modified":"2023-08-16T13:17:03","modified_gmt":"2023-08-16T13:17:03","slug":"flyer-e-bike-suisse","status":"publish","type":"post","link":"https:\/\/listings.mybikeplan.ch\/fr\/non-classifiee\/flyer-e-bike-suisse\/","title":{"rendered":"<strong>Flyer e Bike &#8211; la r\u00e9f\u00e9rence suisse<\/strong>"},"content":{"rendered":"\n<p>La marque suisse Flyer, fond\u00e9e au d\u00e9but des ann\u00e9es 90, est une marque suisse connue pour ses E-Bikes de tr\u00e8s haute qualit\u00e9. Du City E-Bike au Mountain E-Bike, en passant par le Trekking E-Bike, les Flyer E-Bikes r\u00e9pondent \u00e0 tous les besoins, peu importe la saison. La grande majorit\u00e9 de leurs mod\u00e8les est homologu\u00e9e pour \u00eatre compatible avec une remorque, dont le transport est id\u00e9al gr\u00e2ce \u00e0 la stabilit\u00e9 des cadres des Flyer E-Bikes.<\/p>\n\n\n\n<p>Ils ont notamment d\u00e9velopp\u00e9 leur propre technologie, intitul\u00e9e FIT (Flyer Intelligent Technology), avec laquelle ils \u00e9quipent tous leurs v\u00e9los \u00e9lectriques.<\/p>\n\n\n\n<p>Aujourd\u2019hui, la marque Flyer est r\u00e9pandue dans plusieurs pays diff\u00e9rents: la Suisse, l\u2019Autriche, l\u2019Allemagne, ainsi que les Pays-Bas. Elle est, aujourd\u2019hui, consid\u00e9r\u00e9e comme l\u2019une des meilleures marques en Suisse sur le march\u00e9 des v\u00e9los \u00e9lectriques.&nbsp;<\/p>\n\n\n\n<p>Voici \u00e0 pr\u00e9sent la liste des E-Bikes Flyer disponibles chez MyBikePlan:<\/p>\n\n\n\n<h2 class=\"wp-block-heading\"><a href=\"https:\/\/www.mybikeplan.ch\/fr\/produit\/flyer-upstreet6-7-10-gents-45km\"><strong>Flyer Upstreet6<\/strong><\/a><strong> 45 km\/h &#8211; un v\u00e9ritable rempla\u00e7ant de voiture<\/strong><\/h2>\n\n\n\n<p>Ce S-Pedelec poss\u00e8de vraiment toutes les caract\u00e9ristiques dont tu peux r\u00eaver.<\/p>\n\n\n\n<figure class=\"wp-block-image\"><img decoding=\"async\" src=\"https:\/\/lh5.googleusercontent.com\/Zaqq3jT_6AQBIqmeY2ssc12tqQ5b8DNy8z74SUBMD4ayt0UuAcjsQwqhh9FGufLVjGLxTykJO9jCiO0luwhXI4IasyilaR3h55J7bccxmrCurEjELrjs_-mDhrmM-95LmjO-VTQ9rn6MQtlvqV8qcc0\" alt=\"\"\/><\/figure>\n\n\n\n<p>Mais d\u00e9finissons d&rsquo;abord ce qu\u2019est un S-Pedelec. C\u2019est un v\u00e9lo \u00e9lectrique 45 km\/h, \u00e9galement appel\u00e9 S-Pedelec, qui n\u00e9cessitent de suivre quelques r\u00e8gles:<\/p>\n\n\n\n<ol class=\"wp-block-list\"><li>Un permis M est requis pour pour pouvoir en conduire&nbsp;<\/li><li>Ton E-Bike doit \u00eatre immatricul\u00e9<\/li><li>Le port du casque est obligatoire<\/li><\/ol>\n\n\n\n<p>Si tu veux en apprendre plus sur les r\u00e9gulations des v\u00e9los \u00e9lectriques 45 km\/h, ou l\u2019obtention de ton permis, tu peux te rendre sur ce blog: <a href=\"https:\/\/www.mybikeplan.ch\/fr\/blog\/s-pedelec-permis-de-conduire-et-casque-obligatoire-suisse-2\">S Pedelec : Comment obtenir ton permis de conduire?<\/a>.<\/p>\n\n\n\n<p>Maintenant d\u00e9couvre le Flyer Upstreet6. Cet E-Bike 45km\/h est le v\u00e9lo parfait si tu cherches une alternative \u00e0 la voiture. Sa batterie de 810Wh lui permet une autonomie de pr\u00e8s de 120 km, donc tu peux dire adieu \u00e0 devoir recharger ton E-Bike tous les jours! Ceci est \u00e9galement possible gr\u00e2ce \u00e0 son moteur, qui d\u2019ailleurs est tr\u00e8s silencieux. La batterie poss\u00e8de aussi un mode \u201clongue vie\u201d &#8211; elle ne se charge qu\u2019\u00e0 80 %, et lorsque la batterie atteint 20 %, le conducteur re\u00e7oit l\u2019information que la batterie doit \u00eatre recharg\u00e9e. Ce mode permet d\u2019optimiser l\u2019autonomie de ton E-Bike.<\/p>\n\n\n\n<p>Tu peux \u00e9galement y attacher un si\u00e8ge enfant, ainsi qu\u2019une remorque afin de transporter tes affaires avec efficacit\u00e9. Le Flyer Flyer Upstreet6 peut transporter jusqu\u2019\u00e0 150 kilos<\/p>\n\n\n\n<h2 class=\"wp-block-heading\"><a href=\"https:\/\/www.mybikeplan.ch\/fr\/produit\/flyer-upstreet5-3-12-pearl-white\"><strong>Flyer Upstreet5<\/strong><\/a><strong> &#8211; un E-Bike bien r\u00e9compens\u00e9!<\/strong><\/h2>\n\n\n\n<p>Ce Flyer E-Bike est un excellent moyen de d\u00e9placement si tu vis en ville; il a d\u2019ailleurs re\u00e7u 5 prix divers, notamment deux fois de la TCS en 2021 et 2022, ainsi que de Elektro Rad Test en 2021.<\/p>\n\n\n\n<figure class=\"wp-block-image\"><img decoding=\"async\" src=\"https:\/\/lh6.googleusercontent.com\/tQZoEcO7TdGXAQJiOH9KCfq-vd6HC9ehArnZCZ86zhCNatCRbbNgeabHhEBpaQymmXBU7eI7FVs0HYZIXwH07g6Wal6PS-hrUWfzpqcTFXq984e3VnZkkpylAtSy6WMBYUMuuRhDaGo5kNttF3GCCro\" alt=\"\"\/><\/figure>\n\n\n\n<p>Gr\u00e2ce \u00e0 sa batterie d\u2019une puissance de 630Wh et son moteur Panasonic, tu n\u2019auras aucune difficult\u00e9 durant les mont\u00e9es. La batterie est tr\u00e8s simple \u00e0 retirer &#8211; tu pourras la charger n\u2019importe o\u00f9, et n\u2019importe quand!&nbsp;<\/p>\n\n\n\n<p>Elle t\u2019offre une autonomie de 120 km, tu pourras donc conduire ton E-Bike sans avoir \u00e0 penser \u00e0 la recharge.<\/p>\n\n\n\n<p>De plus, ce Flyer E-Bike est dot\u00e9 d\u2019une transmission par courroie &#8211; elle ne rouille pas et n\u00e9cessite peu d\u2019entretien, ce qui rend ce v\u00e9lo \u00e9lectrique parfait pour les jours pluvieux.<\/p>\n\n\n\n<p>Son design a remport\u00e9 plusieurs prix, notamment celui du \u2018Design et de l\u2019Innovation\u2019 en 2018 avec un tr\u00e8s beau commentaire : \u00ab Chaque d\u00e9tail de cet e-bike suisse est con\u00e7u pour surmonter les d\u00e9fis de l\u2019environnement urbain. \u00bb<\/p>\n\n\n\n<p>Cet E-Bike de ville peut supporter une charge de 150 kilos et est \u00e9galement compatible avec les si\u00e8ges enfants et remorques.<\/p>\n\n\n\n<p>Si tu as des questions par rapport \u00e0 la marque Flyer ou les E-Bikes que nous proposons, n\u2019h\u00e9site pas \u00e0 nous appeler au 043 505 13 18 ou \u00e0 nous envoyer un mail \u00e0 <a href=\"mailto:sales@mybikeplan.ch\">sales@mybikeplan.ch<\/a>!<\/p>\n","protected":false},"excerpt":{"rendered":"<p>La marque suisse Flyer, fond\u00e9e au d\u00e9but des ann\u00e9es 90, est une marque suisse connue pour ses E-Bikes de tr\u00e8s haute qualit\u00e9. Du City E-Bike au Mountain E-Bike, en passant par le Trekking E-Bike, les Flyer E-Bikes r\u00e9pondent \u00e0 tous les besoins, peu importe la saison. La grande majorit\u00e9 de leurs mod\u00e8les est homologu\u00e9e pour [&hellip;]<\/p>\n","protected":false},"author":7,"featured_media":21337,"comment_status":"open","ping_status":"open","sticky":false,"template":"","format":"standard","meta":{"_acf_changed":false,"footnotes":""},"categories":[4442,291],"tags":[],"class_list":["post-21339","post","type-post","status-publish","format-standard","has-post-thumbnail","hentry","category-mybikeplan-fr","category-non-classifiee"],"acf":[],"yoast_head":"<!-- This site is optimized with the Yoast SEO plugin v24.5 - https:\/\/yoast.com\/wordpress\/plugins\/seo\/ -->\n<title>Flyer e Bike - la r\u00e9f\u00e9rence suisse | Blog | MyBikePlan<\/title>\n<meta name=\"description\" content=\"La marque suisse Flyer, fond\u00e9e au d\u00e9but des ann\u00e9es 90, est une marque suisse connue pour ses E-Bikes de tr\u00e8s haute qualit\u00e9. Du City E-Bike au\" \/>\n<meta name=\"robots\" content=\"noindex, follow, max-snippet:-1, max-image-preview:large, max-video-preview:-1\" \/>\n<meta property=\"og:locale\" content=\"fr_FR\" \/>\n<meta property=\"og:type\" content=\"article\" \/>\n<meta property=\"og:title\" content=\"Flyer e Bike - la r\u00e9f\u00e9rence suisse | Blog | MyBikePlan\" \/>\n<meta property=\"og:description\" content=\"La marque suisse Flyer, fond\u00e9e au d\u00e9but des ann\u00e9es 90, est une marque suisse connue pour ses E-Bikes de tr\u00e8s haute qualit\u00e9. Du City E-Bike au\" \/>\n<meta property=\"og:url\" content=\"https:\/\/listings.mybikeplan.ch\/fr\/non-classifiee\/flyer-e-bike-suisse\/\" \/>\n<meta property=\"og:site_name\" content=\"MyBikePlan\" \/>\n<meta property=\"article:published_time\" content=\"2022-07-26T12:54:41+00:00\" \/>\n<meta property=\"article:modified_time\" content=\"2023-08-16T13:17:03+00:00\" \/>\n<meta property=\"og:image\" content=\"https:\/\/listings.mybikeplan.ch\/wp-content\/uploads\/2022\/07\/webimage-AFFA5346-F8BF-455B-9CE641FD90856EBD-2.png\" \/>\n\t<meta property=\"og:image:width\" content=\"800\" \/>\n\t<meta property=\"og:image:height\" content=\"534\" \/>\n\t<meta property=\"og:image:type\" content=\"image\/png\" \/>\n<meta name=\"author\" content=\"Anouk Vaudoyer\" \/>\n<meta name=\"twitter:card\" content=\"summary_large_image\" \/>\n<meta name=\"twitter:label1\" content=\"\u00c9crit par\" \/>\n\t<meta name=\"twitter:data1\" content=\"Anouk Vaudoyer\" \/>\n\t<meta name=\"twitter:label2\" content=\"Dur\u00e9e de lecture estim\u00e9e\" \/>\n\t<meta name=\"twitter:data2\" content=\"3 minutes\" \/>\n<script type=\"application\/ld+json\" class=\"yoast-schema-graph\">{\"@context\":\"https:\/\/schema.org\",\"@graph\":[{\"@type\":\"WebPage\",\"@id\":\"https:\/\/listings.mybikeplan.ch\/fr\/non-classifiee\/flyer-e-bike-suisse\/\",\"url\":\"https:\/\/listings.mybikeplan.ch\/fr\/non-classifiee\/flyer-e-bike-suisse\/\",\"name\":\"Flyer e Bike - la r\u00e9f\u00e9rence suisse | Blog | MyBikePlan\",\"isPartOf\":{\"@id\":\"https:\/\/listings.mybikeplan.ch\/fr\/#website\"},\"primaryImageOfPage\":{\"@id\":\"https:\/\/listings.mybikeplan.ch\/fr\/non-classifiee\/flyer-e-bike-suisse\/#primaryimage\"},\"image\":{\"@id\":\"https:\/\/listings.mybikeplan.ch\/fr\/non-classifiee\/flyer-e-bike-suisse\/#primaryimage\"},\"thumbnailUrl\":\"https:\/\/listings.mybikeplan.ch\/wp-content\/uploads\/2022\/07\/webimage-AFFA5346-F8BF-455B-9CE641FD90856EBD-2.png\",\"datePublished\":\"2022-07-26T12:54:41+00:00\",\"dateModified\":\"2023-08-16T13:17:03+00:00\",\"author\":{\"@id\":\"https:\/\/listings.mybikeplan.ch\/fr\/#\/schema\/person\/af9ea95c7323c582a24df91d53b4d197\"},\"description\":\"La marque suisse Flyer, fond\u00e9e au d\u00e9but des ann\u00e9es 90, est une marque suisse connue pour ses E-Bikes de tr\u00e8s haute qualit\u00e9. Du City E-Bike au\",\"breadcrumb\":{\"@id\":\"https:\/\/listings.mybikeplan.ch\/fr\/non-classifiee\/flyer-e-bike-suisse\/#breadcrumb\"},\"inLanguage\":\"fr-FR\",\"potentialAction\":[{\"@type\":\"ReadAction\",\"target\":[\"https:\/\/listings.mybikeplan.ch\/fr\/non-classifiee\/flyer-e-bike-suisse\/\"]}]},{\"@type\":\"ImageObject\",\"inLanguage\":\"fr-FR\",\"@id\":\"https:\/\/listings.mybikeplan.ch\/fr\/non-classifiee\/flyer-e-bike-suisse\/#primaryimage\",\"url\":\"https:\/\/listings.mybikeplan.ch\/wp-content\/uploads\/2022\/07\/webimage-AFFA5346-F8BF-455B-9CE641FD90856EBD-2.png\",\"contentUrl\":\"https:\/\/listings.mybikeplan.ch\/wp-content\/uploads\/2022\/07\/webimage-AFFA5346-F8BF-455B-9CE641FD90856EBD-2.png\",\"width\":800,\"height\":534,\"caption\":\"Flyer E-Bike\"},{\"@type\":\"BreadcrumbList\",\"@id\":\"https:\/\/listings.mybikeplan.ch\/fr\/non-classifiee\/flyer-e-bike-suisse\/#breadcrumb\",\"itemListElement\":[{\"@type\":\"ListItem\",\"position\":1,\"name\":\"Home\",\"item\":\"https:\/\/listings.mybikeplan.ch\/fr\/home\/\"},{\"@type\":\"ListItem\",\"position\":2,\"name\":\"Flyer e Bike &#8211; la r\u00e9f\u00e9rence suisse\"}]},{\"@type\":\"WebSite\",\"@id\":\"https:\/\/listings.mybikeplan.ch\/fr\/#website\",\"url\":\"https:\/\/listings.mybikeplan.ch\/fr\/\",\"name\":\"MyBikePlan\",\"description\":\"\",\"potentialAction\":[{\"@type\":\"SearchAction\",\"target\":{\"@type\":\"EntryPoint\",\"urlTemplate\":\"https:\/\/listings.mybikeplan.ch\/fr\/?s={search_term_string}\"},\"query-input\":{\"@type\":\"PropertyValueSpecification\",\"valueRequired\":true,\"valueName\":\"search_term_string\"}}],\"inLanguage\":\"fr-FR\"},{\"@type\":\"Person\",\"@id\":\"https:\/\/listings.mybikeplan.ch\/fr\/#\/schema\/person\/af9ea95c7323c582a24df91d53b4d197\",\"name\":\"Anouk Vaudoyer\",\"image\":{\"@type\":\"ImageObject\",\"inLanguage\":\"fr-FR\",\"@id\":\"https:\/\/listings.mybikeplan.ch\/fr\/#\/schema\/person\/image\/\",\"url\":\"https:\/\/secure.gravatar.com\/avatar\/bfce9c1d9ed736e9f036fa97a03dbeada0f82bab5ede6a316f6786a85bf2a445?s=96&d=mm&r=g\",\"contentUrl\":\"https:\/\/secure.gravatar.com\/avatar\/bfce9c1d9ed736e9f036fa97a03dbeada0f82bab5ede6a316f6786a85bf2a445?s=96&d=mm&r=g\",\"caption\":\"Anouk Vaudoyer\"},\"url\":\"https:\/\/listings.mybikeplan.ch\/fr\/author\/anouk-mybikeplan\/\"}]}<\/script>\n<!-- \/ Yoast SEO plugin. -->","yoast_head_json":{"title":"Flyer e Bike - la r\u00e9f\u00e9rence suisse | Blog | MyBikePlan","description":"La marque suisse Flyer, fond\u00e9e au d\u00e9but des ann\u00e9es 90, est une marque suisse connue pour ses E-Bikes de tr\u00e8s haute qualit\u00e9. Du City E-Bike au","robots":{"index":"noindex","follow":"follow","max-snippet":"max-snippet:-1","max-image-preview":"max-image-preview:large","max-video-preview":"max-video-preview:-1"},"og_locale":"fr_FR","og_type":"article","og_title":"Flyer e Bike - la r\u00e9f\u00e9rence suisse | Blog | MyBikePlan","og_description":"La marque suisse Flyer, fond\u00e9e au d\u00e9but des ann\u00e9es 90, est une marque suisse connue pour ses E-Bikes de tr\u00e8s haute qualit\u00e9. Du City E-Bike au","og_url":"https:\/\/listings.mybikeplan.ch\/fr\/non-classifiee\/flyer-e-bike-suisse\/","og_site_name":"MyBikePlan","article_published_time":"2022-07-26T12:54:41+00:00","article_modified_time":"2023-08-16T13:17:03+00:00","og_image":[{"width":800,"height":534,"url":"https:\/\/listings.mybikeplan.ch\/wp-content\/uploads\/2022\/07\/webimage-AFFA5346-F8BF-455B-9CE641FD90856EBD-2.png","type":"image\/png"}],"author":"Anouk Vaudoyer","twitter_card":"summary_large_image","twitter_misc":{"\u00c9crit par":"Anouk Vaudoyer","Dur\u00e9e de lecture estim\u00e9e":"3 minutes"},"schema":{"@context":"https:\/\/schema.org","@graph":[{"@type":"WebPage","@id":"https:\/\/listings.mybikeplan.ch\/fr\/non-classifiee\/flyer-e-bike-suisse\/","url":"https:\/\/listings.mybikeplan.ch\/fr\/non-classifiee\/flyer-e-bike-suisse\/","name":"Flyer e Bike - la r\u00e9f\u00e9rence suisse | Blog | MyBikePlan","isPartOf":{"@id":"https:\/\/listings.mybikeplan.ch\/fr\/#website"},"primaryImageOfPage":{"@id":"https:\/\/listings.mybikeplan.ch\/fr\/non-classifiee\/flyer-e-bike-suisse\/#primaryimage"},"image":{"@id":"https:\/\/listings.mybikeplan.ch\/fr\/non-classifiee\/flyer-e-bike-suisse\/#primaryimage"},"thumbnailUrl":"https:\/\/listings.mybikeplan.ch\/wp-content\/uploads\/2022\/07\/webimage-AFFA5346-F8BF-455B-9CE641FD90856EBD-2.png","datePublished":"2022-07-26T12:54:41+00:00","dateModified":"2023-08-16T13:17:03+00:00","author":{"@id":"https:\/\/listings.mybikeplan.ch\/fr\/#\/schema\/person\/af9ea95c7323c582a24df91d53b4d197"},"description":"La marque suisse Flyer, fond\u00e9e au d\u00e9but des ann\u00e9es 90, est une marque suisse connue pour ses E-Bikes de tr\u00e8s haute qualit\u00e9. Du City E-Bike au","breadcrumb":{"@id":"https:\/\/listings.mybikeplan.ch\/fr\/non-classifiee\/flyer-e-bike-suisse\/#breadcrumb"},"inLanguage":"fr-FR","potentialAction":[{"@type":"ReadAction","target":["https:\/\/listings.mybikeplan.ch\/fr\/non-classifiee\/flyer-e-bike-suisse\/"]}]},{"@type":"ImageObject","inLanguage":"fr-FR","@id":"https:\/\/listings.mybikeplan.ch\/fr\/non-classifiee\/flyer-e-bike-suisse\/#primaryimage","url":"https:\/\/listings.mybikeplan.ch\/wp-content\/uploads\/2022\/07\/webimage-AFFA5346-F8BF-455B-9CE641FD90856EBD-2.png","contentUrl":"https:\/\/listings.mybikeplan.ch\/wp-content\/uploads\/2022\/07\/webimage-AFFA5346-F8BF-455B-9CE641FD90856EBD-2.png","width":800,"height":534,"caption":"Flyer E-Bike"},{"@type":"BreadcrumbList","@id":"https:\/\/listings.mybikeplan.ch\/fr\/non-classifiee\/flyer-e-bike-suisse\/#breadcrumb","itemListElement":[{"@type":"ListItem","position":1,"name":"Home","item":"https:\/\/listings.mybikeplan.ch\/fr\/home\/"},{"@type":"ListItem","position":2,"name":"Flyer e Bike &#8211; la r\u00e9f\u00e9rence suisse"}]},{"@type":"WebSite","@id":"https:\/\/listings.mybikeplan.ch\/fr\/#website","url":"https:\/\/listings.mybikeplan.ch\/fr\/","name":"MyBikePlan","description":"","potentialAction":[{"@type":"SearchAction","target":{"@type":"EntryPoint","urlTemplate":"https:\/\/listings.mybikeplan.ch\/fr\/?s={search_term_string}"},"query-input":{"@type":"PropertyValueSpecification","valueRequired":true,"valueName":"search_term_string"}}],"inLanguage":"fr-FR"},{"@type":"Person","@id":"https:\/\/listings.mybikeplan.ch\/fr\/#\/schema\/person\/af9ea95c7323c582a24df91d53b4d197","name":"Anouk Vaudoyer","image":{"@type":"ImageObject","inLanguage":"fr-FR","@id":"https:\/\/listings.mybikeplan.ch\/fr\/#\/schema\/person\/image\/","url":"https:\/\/secure.gravatar.com\/avatar\/bfce9c1d9ed736e9f036fa97a03dbeada0f82bab5ede6a316f6786a85bf2a445?s=96&d=mm&r=g","contentUrl":"https:\/\/secure.gravatar.com\/avatar\/bfce9c1d9ed736e9f036fa97a03dbeada0f82bab5ede6a316f6786a85bf2a445?s=96&d=mm&r=g","caption":"Anouk Vaudoyer"},"url":"https:\/\/listings.mybikeplan.ch\/fr\/author\/anouk-mybikeplan\/"}]}},"locale":"fr","_links":{"self":[{"href":"https:\/\/listings.mybikeplan.ch\/fr\/wp-json\/wp\/v2\/posts\/21339","targetHints":{"allow":["GET"]}}],"collection":[{"href":"https:\/\/listings.mybikeplan.ch\/fr\/wp-json\/wp\/v2\/posts"}],"about":[{"href":"https:\/\/listings.mybikeplan.ch\/fr\/wp-json\/wp\/v2\/types\/post"}],"author":[{"embeddable":true,"href":"https:\/\/listings.mybikeplan.ch\/fr\/wp-json\/wp\/v2\/users\/7"}],"replies":[{"embeddable":true,"href":"https:\/\/listings.mybikeplan.ch\/fr\/wp-json\/wp\/v2\/comments?post=21339"}],"version-history":[{"count":1,"href":"https:\/\/listings.mybikeplan.ch\/fr\/wp-json\/wp\/v2\/posts\/21339\/revisions"}],"predecessor-version":[{"id":21340,"href":"https:\/\/listings.mybikeplan.ch\/fr\/wp-json\/wp\/v2\/posts\/21339\/revisions\/21340"}],"wp:featuredmedia":[{"embeddable":true,"href":"https:\/\/listings.mybikeplan.ch\/fr\/wp-json\/wp\/v2\/media\/21337"}],"wp:attachment":[{"href":"https:\/\/listings.mybikeplan.ch\/fr\/wp-json\/wp\/v2\/media?parent=21339"}],"wp:term":[{"taxonomy":"category","embeddable":true,"href":"https:\/\/listings.mybikeplan.ch\/fr\/wp-json\/wp\/v2\/categories?post=21339"},{"taxonomy":"post_tag","embeddable":true,"href":"https:\/\/listings.mybikeplan.ch\/fr\/wp-json\/wp\/v2\/tags?post=21339"}],"curies":[{"name":"wp","href":"https:\/\/api.w.org\/{rel}","templated":true}]}}