{"id":11377,"date":"2021-08-03T08:15:54","date_gmt":"2021-08-03T08:15:54","guid":{"rendered":"https:\/\/listings.mybikeplan.ch\/?p=11377"},"modified":"2023-08-16T13:17:45","modified_gmt":"2023-08-16T13:17:45","slug":"nos-modeles-velos-electriques-focus","status":"publish","type":"post","link":"https:\/\/listings.mybikeplan.ch\/fr\/mybikeplan-fr\/nos-modeles-velos-electriques-focus\/","title":{"rendered":"Nos mod\u00e8les de v\u00e9los \u00e9lectriques Focus"},"content":{"rendered":"\n<p><em>As-tu d\u00e9j\u00e0 une bonne r\u00e9solution pour 2021 ? Si cela entre dans la cat\u00e9gorie \u00ab\u00a0faire plus de sport\u00a0\u00bb, nous avons quelque chose pour toi ! Nous avons re\u00e7u 2 nouveaux v\u00e9los \u00e9lectriques Focus: le Focus Jam2 6.7 Nine et le Focus Aventura2 6.7 au d\u00e9but de 2021 et encore mieux : tu peux commander ton pr\u00e9f\u00e9r\u00e9 d\u00e8s maintenant !\u00a0<\/em><\/p>\n\n\n\n<p>Les mod\u00e8les appartiennent tous deux \u00e0 des cat\u00e9gories diff\u00e9rentes. Le <a href=\"https:\/\/www.mybikeplan.ch\/fr\/produit\/focus-aventura-6-7\" target=\"_blank\" rel=\"noreferrer noopener\">Focus Aventura2 6.7<\/a> est un Trekking E Bike, tandis que le<a href=\"https:\/\/www.mybikeplan.ch\/fr\/produit\/focus-jam2-6-7-nine\" target=\"_blank\" rel=\"noreferrer noopener\"> Focus Jam2 6.7 Nine<\/a> est un e-MTB. La distinction fondamentale ici est de savoir si tu passes la plupart de ton temps sur des sentiers accident\u00e9s ou si tu roules plut\u00f4t sur des routes.&nbsp;<\/p>\n\n\n\n<p>Ce qui rend les mod\u00e8les fondamentalement diff\u00e9rents est d\u00e9j\u00e0 visible \u00e0 l&rsquo;\u0153il nu : la suspension. Le Focus Jam2 est dot\u00e9 d&rsquo;une suspension avant et arri\u00e8re, ce qui lui vaut \u00e9galement le nom de \u00ab\u00a0Fully MTB\u00a0\u00bb. Contrairement \u00e0 un v\u00e9lo de montagne hardtail, les chocs sont compl\u00e8tement absorb\u00e9s et tes articulations sont prot\u00e9g\u00e9es. Ces v\u00e9los de montagne \u00e0 alimentation \u00e9lectronique sont particuli\u00e8rement adapt\u00e9s aux sentiers accident\u00e9s et aux aventures en descente.&nbsp;<\/p>\n\n\n\n<p>La Focus Aventura2 6.7 est \u00e9galement adapt\u00e9e aux sentiers irr\u00e9guliers, mais n&rsquo;est pas confortable lorsqu&rsquo;elle roule sur des terrains rugueux et lisses. Contrairement \u00e0 la Fully, elle peut \u00eatre utilis\u00e9e tout aussi bien sur les routes et est donc un compagnon fid\u00e8le pour de nombreuses id\u00e9es de ta part.&nbsp;<\/p>\n\n\n\n<p>Maintenant, quelques donn\u00e9es plus d\u00e9taill\u00e9es d&rsquo;un point de vue technique :&nbsp;<\/p>\n\n\n\n<h4 class=\"wp-block-heading\">Focus Jam2 6.7 Nine<\/h4>\n\n\n\n<p>Le classique populaire parmi les E-MTB. Le Fully E Bike t&#8217;emm\u00e8nera plus loin avec un degr\u00e9 de plaisir que tu n&rsquo;as jamais connu auparavant. Il combine un look sportif avec des raffinements techniques et multiplie ton plaisir sans effort !<\/p>\n\n\n\n<p>Le moteur Bosch avec la derni\u00e8re mise \u00e0 jour du logiciel et un \u00e9norme 85 Nm te portera en haut de n&rsquo;importe quelle montagne avec facilit\u00e9. La batterie, \u00e9galement de Bosch, est \u00e9quip\u00e9e de 625Wh. L&rsquo;important est le d\u00e9battement de la suspension, qui est de 150 mm et est garanti par la fourche Rock Shox. Les amortisseurs sont \u00e9galement de la m\u00eame marque.<\/p>\n\n\n\n<p>Le syst\u00e8me d&rsquo;engrenage Shimano avec 12 vitesses te permet de r\u00e9gler facilement la r\u00e9sistance souhait\u00e9e et offre de nombreuses options.&nbsp;<\/p>\n\n\n\n<p>Les pneus ont \u00e9t\u00e9 choisis chez Maxxis, qui sont mont\u00e9s sur des roues de 29&Prime; au fonctionnement souple. En termes de technologie de freinage, le frein hydraulique BR-MT520 de Shimano a \u00e9t\u00e9 install\u00e9, ce qui te permet de descendre la montagne en toute s\u00e9curit\u00e9. Une nouveaut\u00e9 particuli\u00e8rement innovante est le guide-c\u00e2ble int\u00e9gr\u00e9, ce qui signifie qu&rsquo;aucun c\u00e2ble ne d\u00e9passe du guidon.<\/p>\n\n\n\n<h4 class=\"wp-block-heading\">Focus Aventura2 6,7<\/h4>\n\n\n\n<p>Ce mod\u00e8le t&#8217;emm\u00e8ne dans des aventures ambitieuses et prolong\u00e9es et te soutient avec jusqu&rsquo;\u00e0 2 batteries et une capacit\u00e9 de 1125 Wh. As-tu d\u00e9j\u00e0 essay\u00e9 la randonn\u00e9e \u00e0 v\u00e9lo ? Ce v\u00e9lo serait un bon choix pour cela !&nbsp;<\/p>\n\n\n\n<p>Le moteur est ici aussi dot\u00e9 du puissant 85 Nm que Bosch a r\u00e9cemment introduit sur le march\u00e9. Les montagnes et les pentes raides ne sont donc pas un probl\u00e8me avec cet e-bike et ne te feront plus transpirer (ou du moins pas autant).<\/p>\n\n\n\n<p>Le Focus Aventura2 6.7 est \u00e9quip\u00e9 de freins hydrauliques Shimano et de vitesses \u00e0 9 rapports. La course de la suspension est de 100 mm. Des pneus Schwalbe Smart Sam sont \u00e9galement mont\u00e9s, ainsi que de robustes garde-boue en m\u00e9tal et un porte-bagages.<\/p>\n\n\n\n<p><\/p>\n\n\n\n<p>Tu es int\u00e9ress\u00e9(e) par un de ces 2 nouveaux v\u00e9los \u00e9lectriques Focus ? Ou tu as des questions ? Contacte nous par courriel ou t\u00e9l\u00e9phone! Nous serons heureux de pouvoir t&rsquo;aider. <\/p>\n","protected":false},"excerpt":{"rendered":"<p>As-tu d\u00e9j\u00e0 une bonne r\u00e9solution pour 2021 ? Si cela entre dans la cat\u00e9gorie \u00ab\u00a0faire plus de sport\u00a0\u00bb, nous avons quelque chose pour toi ! Nous avons re\u00e7u 2 nouveaux v\u00e9los \u00e9lectriques Focus: le Focus Jam2 6.7 Nine et le Focus Aventura2 6.7 au d\u00e9but de 2021 et encore mieux : tu peux commander ton [&hellip;]<\/p>\n","protected":false},"author":7,"featured_media":11379,"comment_status":"open","ping_status":"open","sticky":false,"template":"","format":"standard","meta":{"_acf_changed":false,"footnotes":""},"categories":[4442],"tags":[],"class_list":["post-11377","post","type-post","status-publish","format-standard","has-post-thumbnail","hentry","category-mybikeplan-fr"],"acf":[],"yoast_head":"<!-- This site is optimized with the Yoast SEO plugin v24.5 - https:\/\/yoast.com\/wordpress\/plugins\/seo\/ -->\n<title>Nos mod\u00e8les de v\u00e9los \u00e9lectriques Focus | MyBikePlan<\/title>\n<meta name=\"description\" content=\"Nous avons re\u00e7u 2 nouveaux v\u00e9los \u00e9lectriques Focus : le Focus Jam2 6.7 Nine et le Focus Aventura2 6.7 au d\u00e9but de 2021.\" \/>\n<meta name=\"robots\" content=\"noindex, follow, max-snippet:-1, max-image-preview:large, max-video-preview:-1\" \/>\n<meta property=\"og:locale\" content=\"fr_FR\" \/>\n<meta property=\"og:type\" content=\"article\" \/>\n<meta property=\"og:title\" content=\"Nos mod\u00e8les de v\u00e9los \u00e9lectriques Focus | MyBikePlan\" \/>\n<meta property=\"og:description\" content=\"Nous avons re\u00e7u 2 nouveaux v\u00e9los \u00e9lectriques Focus : le Focus Jam2 6.7 Nine et le Focus Aventura2 6.7 au d\u00e9but de 2021.\" \/>\n<meta property=\"og:url\" content=\"https:\/\/listings.mybikeplan.ch\/fr\/mybikeplan-fr\/nos-modeles-velos-electriques-focus\/\" \/>\n<meta property=\"og:site_name\" content=\"MyBikePlan\" \/>\n<meta property=\"article:published_time\" content=\"2021-08-03T08:15:54+00:00\" \/>\n<meta property=\"article:modified_time\" content=\"2023-08-16T13:17:45+00:00\" \/>\n<meta property=\"og:image\" content=\"https:\/\/listings.mybikeplan.ch\/wp-content\/uploads\/2021\/08\/focus-bikes-olly-wilkins-iven-ebener-madeira-mtb-sam-jam-107-1-scaled-1.jpg\" \/>\n\t<meta property=\"og:image:width\" content=\"1386\" \/>\n\t<meta property=\"og:image:height\" content=\"924\" \/>\n\t<meta property=\"og:image:type\" content=\"image\/jpeg\" \/>\n<meta name=\"author\" content=\"Anouk Vaudoyer\" \/>\n<meta name=\"twitter:card\" content=\"summary_large_image\" \/>\n<meta name=\"twitter:label1\" content=\"\u00c9crit par\" \/>\n\t<meta name=\"twitter:data1\" content=\"Anouk Vaudoyer\" \/>\n\t<meta name=\"twitter:label2\" content=\"Dur\u00e9e de lecture estim\u00e9e\" \/>\n\t<meta name=\"twitter:data2\" content=\"3 minutes\" \/>\n<script type=\"application\/ld+json\" class=\"yoast-schema-graph\">{\"@context\":\"https:\/\/schema.org\",\"@graph\":[{\"@type\":\"WebPage\",\"@id\":\"https:\/\/listings.mybikeplan.ch\/fr\/mybikeplan-fr\/nos-modeles-velos-electriques-focus\/\",\"url\":\"https:\/\/listings.mybikeplan.ch\/fr\/mybikeplan-fr\/nos-modeles-velos-electriques-focus\/\",\"name\":\"Nos mod\u00e8les de v\u00e9los \u00e9lectriques Focus | MyBikePlan\",\"isPartOf\":{\"@id\":\"https:\/\/listings.mybikeplan.ch\/fr\/#website\"},\"primaryImageOfPage\":{\"@id\":\"https:\/\/listings.mybikeplan.ch\/fr\/mybikeplan-fr\/nos-modeles-velos-electriques-focus\/#primaryimage\"},\"image\":{\"@id\":\"https:\/\/listings.mybikeplan.ch\/fr\/mybikeplan-fr\/nos-modeles-velos-electriques-focus\/#primaryimage\"},\"thumbnailUrl\":\"https:\/\/listings.mybikeplan.ch\/wp-content\/uploads\/2021\/08\/focus-bikes-olly-wilkins-iven-ebener-madeira-mtb-sam-jam-107-1-scaled-1.jpg\",\"datePublished\":\"2021-08-03T08:15:54+00:00\",\"dateModified\":\"2023-08-16T13:17:45+00:00\",\"author\":{\"@id\":\"https:\/\/listings.mybikeplan.ch\/fr\/#\/schema\/person\/af9ea95c7323c582a24df91d53b4d197\"},\"description\":\"Nous avons re\u00e7u 2 nouveaux v\u00e9los \u00e9lectriques Focus : le Focus Jam2 6.7 Nine et le Focus Aventura2 6.7 au d\u00e9but de 2021.\",\"breadcrumb\":{\"@id\":\"https:\/\/listings.mybikeplan.ch\/fr\/mybikeplan-fr\/nos-modeles-velos-electriques-focus\/#breadcrumb\"},\"inLanguage\":\"fr-FR\",\"potentialAction\":[{\"@type\":\"ReadAction\",\"target\":[\"https:\/\/listings.mybikeplan.ch\/fr\/mybikeplan-fr\/nos-modeles-velos-electriques-focus\/\"]}]},{\"@type\":\"ImageObject\",\"inLanguage\":\"fr-FR\",\"@id\":\"https:\/\/listings.mybikeplan.ch\/fr\/mybikeplan-fr\/nos-modeles-velos-electriques-focus\/#primaryimage\",\"url\":\"https:\/\/listings.mybikeplan.ch\/wp-content\/uploads\/2021\/08\/focus-bikes-olly-wilkins-iven-ebener-madeira-mtb-sam-jam-107-1-scaled-1.jpg\",\"contentUrl\":\"https:\/\/listings.mybikeplan.ch\/wp-content\/uploads\/2021\/08\/focus-bikes-olly-wilkins-iven-ebener-madeira-mtb-sam-jam-107-1-scaled-1.jpg\",\"width\":1386,\"height\":924},{\"@type\":\"BreadcrumbList\",\"@id\":\"https:\/\/listings.mybikeplan.ch\/fr\/mybikeplan-fr\/nos-modeles-velos-electriques-focus\/#breadcrumb\",\"itemListElement\":[{\"@type\":\"ListItem\",\"position\":1,\"name\":\"Home\",\"item\":\"https:\/\/listings.mybikeplan.ch\/fr\/home\/\"},{\"@type\":\"ListItem\",\"position\":2,\"name\":\"Nos mod\u00e8les de v\u00e9los \u00e9lectriques Focus\"}]},{\"@type\":\"WebSite\",\"@id\":\"https:\/\/listings.mybikeplan.ch\/fr\/#website\",\"url\":\"https:\/\/listings.mybikeplan.ch\/fr\/\",\"name\":\"MyBikePlan\",\"description\":\"\",\"potentialAction\":[{\"@type\":\"SearchAction\",\"target\":{\"@type\":\"EntryPoint\",\"urlTemplate\":\"https:\/\/listings.mybikeplan.ch\/fr\/?s={search_term_string}\"},\"query-input\":{\"@type\":\"PropertyValueSpecification\",\"valueRequired\":true,\"valueName\":\"search_term_string\"}}],\"inLanguage\":\"fr-FR\"},{\"@type\":\"Person\",\"@id\":\"https:\/\/listings.mybikeplan.ch\/fr\/#\/schema\/person\/af9ea95c7323c582a24df91d53b4d197\",\"name\":\"Anouk Vaudoyer\",\"image\":{\"@type\":\"ImageObject\",\"inLanguage\":\"fr-FR\",\"@id\":\"https:\/\/listings.mybikeplan.ch\/fr\/#\/schema\/person\/image\/\",\"url\":\"https:\/\/secure.gravatar.com\/avatar\/bfce9c1d9ed736e9f036fa97a03dbeada0f82bab5ede6a316f6786a85bf2a445?s=96&d=mm&r=g\",\"contentUrl\":\"https:\/\/secure.gravatar.com\/avatar\/bfce9c1d9ed736e9f036fa97a03dbeada0f82bab5ede6a316f6786a85bf2a445?s=96&d=mm&r=g\",\"caption\":\"Anouk Vaudoyer\"},\"url\":\"https:\/\/listings.mybikeplan.ch\/fr\/author\/anouk-mybikeplan\/\"}]}<\/script>\n<!-- \/ Yoast SEO plugin. -->","yoast_head_json":{"title":"Nos mod\u00e8les de v\u00e9los \u00e9lectriques Focus | MyBikePlan","description":"Nous avons re\u00e7u 2 nouveaux v\u00e9los \u00e9lectriques Focus : le Focus Jam2 6.7 Nine et le Focus Aventura2 6.7 au d\u00e9but de 2021.","robots":{"index":"noindex","follow":"follow","max-snippet":"max-snippet:-1","max-image-preview":"max-image-preview:large","max-video-preview":"max-video-preview:-1"},"og_locale":"fr_FR","og_type":"article","og_title":"Nos mod\u00e8les de v\u00e9los \u00e9lectriques Focus | MyBikePlan","og_description":"Nous avons re\u00e7u 2 nouveaux v\u00e9los \u00e9lectriques Focus : le Focus Jam2 6.7 Nine et le Focus Aventura2 6.7 au d\u00e9but de 2021.","og_url":"https:\/\/listings.mybikeplan.ch\/fr\/mybikeplan-fr\/nos-modeles-velos-electriques-focus\/","og_site_name":"MyBikePlan","article_published_time":"2021-08-03T08:15:54+00:00","article_modified_time":"2023-08-16T13:17:45+00:00","og_image":[{"width":1386,"height":924,"url":"https:\/\/listings.mybikeplan.ch\/wp-content\/uploads\/2021\/08\/focus-bikes-olly-wilkins-iven-ebener-madeira-mtb-sam-jam-107-1-scaled-1.jpg","type":"image\/jpeg"}],"author":"Anouk Vaudoyer","twitter_card":"summary_large_image","twitter_misc":{"\u00c9crit par":"Anouk Vaudoyer","Dur\u00e9e de lecture estim\u00e9e":"3 minutes"},"schema":{"@context":"https:\/\/schema.org","@graph":[{"@type":"WebPage","@id":"https:\/\/listings.mybikeplan.ch\/fr\/mybikeplan-fr\/nos-modeles-velos-electriques-focus\/","url":"https:\/\/listings.mybikeplan.ch\/fr\/mybikeplan-fr\/nos-modeles-velos-electriques-focus\/","name":"Nos mod\u00e8les de v\u00e9los \u00e9lectriques Focus | MyBikePlan","isPartOf":{"@id":"https:\/\/listings.mybikeplan.ch\/fr\/#website"},"primaryImageOfPage":{"@id":"https:\/\/listings.mybikeplan.ch\/fr\/mybikeplan-fr\/nos-modeles-velos-electriques-focus\/#primaryimage"},"image":{"@id":"https:\/\/listings.mybikeplan.ch\/fr\/mybikeplan-fr\/nos-modeles-velos-electriques-focus\/#primaryimage"},"thumbnailUrl":"https:\/\/listings.mybikeplan.ch\/wp-content\/uploads\/2021\/08\/focus-bikes-olly-wilkins-iven-ebener-madeira-mtb-sam-jam-107-1-scaled-1.jpg","datePublished":"2021-08-03T08:15:54+00:00","dateModified":"2023-08-16T13:17:45+00:00","author":{"@id":"https:\/\/listings.mybikeplan.ch\/fr\/#\/schema\/person\/af9ea95c7323c582a24df91d53b4d197"},"description":"Nous avons re\u00e7u 2 nouveaux v\u00e9los \u00e9lectriques Focus : le Focus Jam2 6.7 Nine et le Focus Aventura2 6.7 au d\u00e9but de 2021.","breadcrumb":{"@id":"https:\/\/listings.mybikeplan.ch\/fr\/mybikeplan-fr\/nos-modeles-velos-electriques-focus\/#breadcrumb"},"inLanguage":"fr-FR","potentialAction":[{"@type":"ReadAction","target":["https:\/\/listings.mybikeplan.ch\/fr\/mybikeplan-fr\/nos-modeles-velos-electriques-focus\/"]}]},{"@type":"ImageObject","inLanguage":"fr-FR","@id":"https:\/\/listings.mybikeplan.ch\/fr\/mybikeplan-fr\/nos-modeles-velos-electriques-focus\/#primaryimage","url":"https:\/\/listings.mybikeplan.ch\/wp-content\/uploads\/2021\/08\/focus-bikes-olly-wilkins-iven-ebener-madeira-mtb-sam-jam-107-1-scaled-1.jpg","contentUrl":"https:\/\/listings.mybikeplan.ch\/wp-content\/uploads\/2021\/08\/focus-bikes-olly-wilkins-iven-ebener-madeira-mtb-sam-jam-107-1-scaled-1.jpg","width":1386,"height":924},{"@type":"BreadcrumbList","@id":"https:\/\/listings.mybikeplan.ch\/fr\/mybikeplan-fr\/nos-modeles-velos-electriques-focus\/#breadcrumb","itemListElement":[{"@type":"ListItem","position":1,"name":"Home","item":"https:\/\/listings.mybikeplan.ch\/fr\/home\/"},{"@type":"ListItem","position":2,"name":"Nos mod\u00e8les de v\u00e9los \u00e9lectriques Focus"}]},{"@type":"WebSite","@id":"https:\/\/listings.mybikeplan.ch\/fr\/#website","url":"https:\/\/listings.mybikeplan.ch\/fr\/","name":"MyBikePlan","description":"","potentialAction":[{"@type":"SearchAction","target":{"@type":"EntryPoint","urlTemplate":"https:\/\/listings.mybikeplan.ch\/fr\/?s={search_term_string}"},"query-input":{"@type":"PropertyValueSpecification","valueRequired":true,"valueName":"search_term_string"}}],"inLanguage":"fr-FR"},{"@type":"Person","@id":"https:\/\/listings.mybikeplan.ch\/fr\/#\/schema\/person\/af9ea95c7323c582a24df91d53b4d197","name":"Anouk Vaudoyer","image":{"@type":"ImageObject","inLanguage":"fr-FR","@id":"https:\/\/listings.mybikeplan.ch\/fr\/#\/schema\/person\/image\/","url":"https:\/\/secure.gravatar.com\/avatar\/bfce9c1d9ed736e9f036fa97a03dbeada0f82bab5ede6a316f6786a85bf2a445?s=96&d=mm&r=g","contentUrl":"https:\/\/secure.gravatar.com\/avatar\/bfce9c1d9ed736e9f036fa97a03dbeada0f82bab5ede6a316f6786a85bf2a445?s=96&d=mm&r=g","caption":"Anouk Vaudoyer"},"url":"https:\/\/listings.mybikeplan.ch\/fr\/author\/anouk-mybikeplan\/"}]}},"locale":"fr","_links":{"self":[{"href":"https:\/\/listings.mybikeplan.ch\/fr\/wp-json\/wp\/v2\/posts\/11377","targetHints":{"allow":["GET"]}}],"collection":[{"href":"https:\/\/listings.mybikeplan.ch\/fr\/wp-json\/wp\/v2\/posts"}],"about":[{"href":"https:\/\/listings.mybikeplan.ch\/fr\/wp-json\/wp\/v2\/types\/post"}],"author":[{"embeddable":true,"href":"https:\/\/listings.mybikeplan.ch\/fr\/wp-json\/wp\/v2\/users\/7"}],"replies":[{"embeddable":true,"href":"https:\/\/listings.mybikeplan.ch\/fr\/wp-json\/wp\/v2\/comments?post=11377"}],"version-history":[{"count":3,"href":"https:\/\/listings.mybikeplan.ch\/fr\/wp-json\/wp\/v2\/posts\/11377\/revisions"}],"predecessor-version":[{"id":13221,"href":"https:\/\/listings.mybikeplan.ch\/fr\/wp-json\/wp\/v2\/posts\/11377\/revisions\/13221"}],"wp:featuredmedia":[{"embeddable":true,"href":"https:\/\/listings.mybikeplan.ch\/fr\/wp-json\/wp\/v2\/media\/11379"}],"wp:attachment":[{"href":"https:\/\/listings.mybikeplan.ch\/fr\/wp-json\/wp\/v2\/media?parent=11377"}],"wp:term":[{"taxonomy":"category","embeddable":true,"href":"https:\/\/listings.mybikeplan.ch\/fr\/wp-json\/wp\/v2\/categories?post=11377"},{"taxonomy":"post_tag","embeddable":true,"href":"https:\/\/listings.mybikeplan.ch\/fr\/wp-json\/wp\/v2\/tags?post=11377"}],"curies":[{"name":"wp","href":"https:\/\/api.w.org\/{rel}","templated":true}]}}