{"id":11343,"date":"2021-08-02T15:01:42","date_gmt":"2021-08-02T15:01:42","guid":{"rendered":"https:\/\/listings.mybikeplan.ch\/?p=11343"},"modified":"2023-08-16T13:17:58","modified_gmt":"2023-08-16T13:17:58","slug":"a-quelle-vitesse-vont-les-e-bikes-et-les-s-pedelecs","status":"publish","type":"post","link":"https:\/\/listings.mybikeplan.ch\/fr\/non-classifiee\/a-quelle-vitesse-vont-les-e-bikes-et-les-s-pedelecs\/","title":{"rendered":"\u00c0 quelle vitesse vont les E Bikes et les S Pedelecs ?"},"content":{"rendered":"\n<p>Il existe toutes sortes de faits sur les v\u00e9los \u00e9lectriques que tu dois conna\u00eetre avant de te d\u00e9cider pour un mod\u00e8le. Bien que les diff\u00e9rents v\u00e9los \u00e9lectriques se ressemblent \u00e0 peu pr\u00e8s, il y a quand m\u00eame quelques diff\u00e9rences. Par exemple, savais-tu que les S Pedelecs appartiennent \u00e0 la cat\u00e9gorie des motos (M) ?<\/p>\n\n\n\n<h3 class=\"wp-block-heading\">\u00c0 quelle vitesse va un v\u00e9lo \u00e9lectrique ?<\/h3>\n\n\n\n<p>La r\u00e9ponse \u00e0 cette question d\u00e9pend du terrain et du moteur de ton mod\u00e8le et varie en cons\u00e9quence. En gros, il y a deux classifications : Les E Bikes qui te soutiennent jusqu&rsquo;\u00e0 25 km\/h et ceux qui te soutiennent jusqu&rsquo;\u00e0 une vitesse de 45 km\/h.<\/p>\n\n\n\n<h4 class=\"wp-block-heading\">Jusqu&rsquo;\u00e0 25 km\/h (motos l\u00e9g\u00e8res)<\/h4>\n\n\n\n<p>Un E Bike normal te supporte jusqu&rsquo;\u00e0 une vitesse de 25 km\/h. La puissance d&rsquo;un tel moteur ne doit pas d\u00e9passer cette vitesse. La puissance d&rsquo;un tel moteur ne doit pas d\u00e9passer 500W et on les appelle des motos l\u00e9g\u00e8res. L&rsquo;assistance au p\u00e9dalage ne doit pas \u00eatre sup\u00e9rieure \u00e0 20 km\/h.<\/p>\n\n\n\n<p>Aucune plaque d&rsquo;immatriculation n&rsquo;est requise pour cette cat\u00e9gorie et tu n&rsquo;as pas besoin de souscrire une assurance responsabilit\u00e9 civile. De plus, les casques ne sont pas obligatoires.<\/p>\n\n\n\n<h4 class=\"wp-block-heading\">Jusqu&rsquo;\u00e0 45 km\/h (motos)<\/h4>\n\n\n\n<p>Ces E Bikes sont consid\u00e9r\u00e9s comme de v\u00e9ritables v\u00e9los motoris\u00e9s et poss\u00e8dent un moteur d&rsquo;une puissance maximale de 1000 W, qui t&rsquo;assiste jusqu&rsquo;\u00e0 une vitesse de 45 km\/h. La vitesse maximale de l&rsquo;assistance au p\u00e9dalage ne peut pas d\u00e9passer 20 km\/h. Les v\u00e9los motoris\u00e9s ne sont pas soumis \u00e0 une plaque d&rsquo;immatriculation. La vitesse maximale de l&rsquo;assistance au p\u00e9dalage peut \u00eatre de 30 km\/h.<\/p>\n\n\n\n<p>Une plaque d&rsquo;immatriculation jaune et une assurance responsabilit\u00e9 civile sont obligatoires. Les casques sont \u00e9galement obligatoires. <a href=\"https:\/\/www.mybikeplan.ch\/fr\/blog\/s-pedelec-permis-de-conduire-et-casque-obligatoire-suisse-2\" target=\"_blank\" rel=\"noreferrer noopener\">D\u00e9couvre ici comment obtenir une plaque d&rsquo;immatriculation et ce que tu dois faire pour t&rsquo;enregistrer.<\/a><\/p>\n\n\n\n<div class=\"wp-block-image\"><figure class=\"aligncenter size-large is-resized\"><a href=\"https:\/\/listings.mybikeplan.ch\/wp-content\/uploads\/2021\/05\/Simpel-Wirbelwind-STM\u00b008-Gru\u0308n_1-1024x1024.jpg\"><img loading=\"lazy\" decoding=\"async\" src=\"https:\/\/listings.mybikeplan.ch\/wp-content\/uploads\/2021\/05\/Simpel-Wirbelwind-STM\u00b008-Gru\u0308n_1-1024x1024.jpg\" alt=\"Simpel Wirbelwind STM\u00b008 Vert 45km\/h\n\" class=\"wp-image-10946\" width=\"512\" height=\"512\" srcset=\"https:\/\/listings.mybikeplan.ch\/wp-content\/uploads\/2021\/05\/Simpel-Wirbelwind-STM\u00b008-Gru\u0308n_1-1024x1024.jpg 1024w, https:\/\/listings.mybikeplan.ch\/wp-content\/uploads\/2021\/05\/Simpel-Wirbelwind-STM\u00b008-Gru\u0308n_1-100x100.jpg 100w, https:\/\/listings.mybikeplan.ch\/wp-content\/uploads\/2021\/05\/Simpel-Wirbelwind-STM\u00b008-Gru\u0308n_1-600x600.jpg 600w, https:\/\/listings.mybikeplan.ch\/wp-content\/uploads\/2021\/05\/Simpel-Wirbelwind-STM\u00b008-Gru\u0308n_1-360x360.jpg 360w, https:\/\/listings.mybikeplan.ch\/wp-content\/uploads\/2021\/05\/Simpel-Wirbelwind-STM\u00b008-Gru\u0308n_1-768x768.jpg 768w, https:\/\/listings.mybikeplan.ch\/wp-content\/uploads\/2021\/05\/Simpel-Wirbelwind-STM\u00b008-Gru\u0308n_1-12x12.jpg 12w, https:\/\/listings.mybikeplan.ch\/wp-content\/uploads\/2021\/05\/Simpel-Wirbelwind-STM\u00b008-Gru\u0308n_1.jpg 1500w\" sizes=\"auto, (max-width: 512px) 100vw, 512px\" \/><\/a><figcaption>Simpel Wirbelwind STM\u00b008 Vert 45km\/h<\/figcaption><\/figure><\/div>\n\n\n\n<h4 class=\"wp-block-heading\">Quelle est la diff\u00e9rence entre les S Pedelecs et les E Bikes ?<\/h4>\n\n\n\n<p>Les v\u00e9los \u00e9lectriques peuvent aussi \u00eatre conduits \u00e0 la vitesse de la marche sans l&rsquo;aide de tes p\u00e9dales, alors que les p\u00e9daliers ne te soutiennent que lorsque tu p\u00e9dales. Pedelec signifie Pedal Electric Cycle et le S-Pedelec signifie Speed Pedal Electric Cycle. Ils appartiennent \u00e0 la cat\u00e9gorie des motos l\u00e9g\u00e8res (jusqu&rsquo;\u00e0 25km\/h) tandis qu&rsquo;un S Pedelec appartient \u00e0 la cat\u00e9gorie des motos (jusqu&rsquo;\u00e0 45km\/h).<\/p>\n\n\n\n<h4 class=\"wp-block-heading\">Diff\u00e9rences de prix<\/h4>\n\n\n\n<p>Il y a une diff\u00e9rence de prix entre les deux cat\u00e9gories pour les raisons suivantes.<\/p>\n\n\n\n<p>D&rsquo;une part, un moteur plus puissant est n\u00e9cessaire pour atteindre la vitesse plus \u00e9lev\u00e9e de 45 km\/h, ce qui entra\u00eene des co\u00fbts plus \u00e9lev\u00e9s. Deuxi\u00e8mement, l&rsquo;\u00e9quipement diff\u00e8re.<\/p>\n\n\n\n<p>Un E Bike rapide a souvent une batterie de plus grande capacit\u00e9, les freins sont plus puissants pour assurer la s\u00e9curit\u00e9 \u00e0 grande vitesse et un feu de route ne doit pas manquer non plus. La surtaxe est principalement constitu\u00e9e de ces perfectionnements techniques.<\/p>\n\n\n\n<h4 class=\"wp-block-heading\">\u00c0 qui convient un v\u00e9lo \u00e9lectrique de 45 km\/h ?<\/h4>\n\n\n\n<p>Si tu cherches un moyen de transport alternatif pour tes d\u00e9placements et que tu ne veux pas arriver en sueur \u00e0 ta destination, un E Bike 45 km\/h est le bon choix pour toi. Tu peux profiter du voyage sans perdre en efficacit\u00e9. La s\u00e9curit\u00e9 est d\u00e9finitivement plus importante avec un mod\u00e8le rapide qu&rsquo;avec les mod\u00e8les conventionnels. Nous te recommandons notre article sur les 8 points pour \u00eatre en s\u00e9curit\u00e9 sur la route avec un e-bike.<\/p>\n\n\n\n<p><a href=\"https:\/\/www.mybikeplan.ch\/fr\/tous-les-modeles-e-bike-suisse\/categorie\/-\/variantes-du-cadre\/-\/vitesse\/45-km-stunde\/marque\/-\/moteur-marque\/-\/trier\/prix\/-\" target=\"_blank\" rel=\"noreferrer noopener\">Tu peux trouver nos S Pedelecs ici.<\/a><\/p>\n","protected":false},"excerpt":{"rendered":"<p>Il existe toutes sortes de faits sur les v\u00e9los \u00e9lectriques que tu dois conna\u00eetre avant de te d\u00e9cider pour un mod\u00e8le. Bien que les diff\u00e9rents v\u00e9los \u00e9lectriques se ressemblent \u00e0 peu pr\u00e8s, il y a quand m\u00eame quelques diff\u00e9rences. Par exemple, savais-tu que les S Pedelecs appartiennent \u00e0 la cat\u00e9gorie des motos (M) ? \u00c0 [&hellip;]<\/p>\n","protected":false},"author":7,"featured_media":11396,"comment_status":"closed","ping_status":"open","sticky":false,"template":"","format":"standard","meta":{"_acf_changed":false,"footnotes":""},"categories":[4442,291],"tags":[],"class_list":["post-11343","post","type-post","status-publish","format-standard","has-post-thumbnail","hentry","category-mybikeplan-fr","category-non-classifiee"],"acf":[],"yoast_head":"<!-- This site is optimized with the Yoast SEO plugin v24.5 - https:\/\/yoast.com\/wordpress\/plugins\/seo\/ -->\n<title>\u00c0 quelle vitesse vont les E Bikes et les S Pedelecs ? |\u00a0MyBikePlan | Blog<\/title>\n<meta name=\"description\" content=\"Il ya beaucoup de diff\u00e9rents E Bikes. Savais-tu que les S Pedelecs appartiennent \u00e0 la cat\u00e9gorie des motos (M) ?\" \/>\n<meta name=\"robots\" content=\"noindex, follow, max-snippet:-1, max-image-preview:large, max-video-preview:-1\" \/>\n<meta property=\"og:locale\" content=\"fr_FR\" \/>\n<meta property=\"og:type\" content=\"article\" \/>\n<meta property=\"og:title\" content=\"\u00c0 quelle vitesse vont les E Bikes et les S Pedelecs ? |\u00a0MyBikePlan | Blog\" \/>\n<meta property=\"og:description\" content=\"Il ya beaucoup de diff\u00e9rents E Bikes. Savais-tu que les S Pedelecs appartiennent \u00e0 la cat\u00e9gorie des motos (M) ?\" \/>\n<meta property=\"og:url\" content=\"https:\/\/listings.mybikeplan.ch\/fr\/non-classifiee\/a-quelle-vitesse-vont-les-e-bikes-et-les-s-pedelecs\/\" \/>\n<meta property=\"og:site_name\" content=\"MyBikePlan\" \/>\n<meta property=\"article:published_time\" content=\"2021-08-02T15:01:42+00:00\" \/>\n<meta property=\"article:modified_time\" content=\"2023-08-16T13:17:58+00:00\" \/>\n<meta property=\"og:image\" content=\"https:\/\/listings.mybikeplan.ch\/wp-content\/uploads\/2021\/08\/Simpel-Wirbelwind-STM\u00b008-Gru\u0308n-570x320-1.jpg\" \/>\n\t<meta property=\"og:image:width\" content=\"570\" \/>\n\t<meta property=\"og:image:height\" content=\"320\" \/>\n\t<meta property=\"og:image:type\" content=\"image\/jpeg\" \/>\n<meta name=\"author\" content=\"Anouk Vaudoyer\" \/>\n<meta name=\"twitter:card\" content=\"summary_large_image\" \/>\n<meta name=\"twitter:label1\" content=\"\u00c9crit par\" \/>\n\t<meta name=\"twitter:data1\" content=\"Anouk Vaudoyer\" \/>\n\t<meta name=\"twitter:label2\" content=\"Dur\u00e9e de lecture estim\u00e9e\" \/>\n\t<meta name=\"twitter:data2\" content=\"3 minutes\" \/>\n<script type=\"application\/ld+json\" class=\"yoast-schema-graph\">{\"@context\":\"https:\/\/schema.org\",\"@graph\":[{\"@type\":\"WebPage\",\"@id\":\"https:\/\/listings.mybikeplan.ch\/fr\/non-classifiee\/a-quelle-vitesse-vont-les-e-bikes-et-les-s-pedelecs\/\",\"url\":\"https:\/\/listings.mybikeplan.ch\/fr\/non-classifiee\/a-quelle-vitesse-vont-les-e-bikes-et-les-s-pedelecs\/\",\"name\":\"\u00c0 quelle vitesse vont les E Bikes et les S Pedelecs ? |\u00a0MyBikePlan | Blog\",\"isPartOf\":{\"@id\":\"https:\/\/listings.mybikeplan.ch\/fr\/#website\"},\"primaryImageOfPage\":{\"@id\":\"https:\/\/listings.mybikeplan.ch\/fr\/non-classifiee\/a-quelle-vitesse-vont-les-e-bikes-et-les-s-pedelecs\/#primaryimage\"},\"image\":{\"@id\":\"https:\/\/listings.mybikeplan.ch\/fr\/non-classifiee\/a-quelle-vitesse-vont-les-e-bikes-et-les-s-pedelecs\/#primaryimage\"},\"thumbnailUrl\":\"https:\/\/listings.mybikeplan.ch\/wp-content\/uploads\/2021\/08\/Simpel-Wirbelwind-STM\u00b008-Gru\u0308n-570x320-1.jpg\",\"datePublished\":\"2021-08-02T15:01:42+00:00\",\"dateModified\":\"2023-08-16T13:17:58+00:00\",\"author\":{\"@id\":\"https:\/\/listings.mybikeplan.ch\/fr\/#\/schema\/person\/af9ea95c7323c582a24df91d53b4d197\"},\"description\":\"Il ya beaucoup de diff\u00e9rents E Bikes. Savais-tu que les S Pedelecs appartiennent \u00e0 la cat\u00e9gorie des motos (M) ?\",\"breadcrumb\":{\"@id\":\"https:\/\/listings.mybikeplan.ch\/fr\/non-classifiee\/a-quelle-vitesse-vont-les-e-bikes-et-les-s-pedelecs\/#breadcrumb\"},\"inLanguage\":\"fr-FR\",\"potentialAction\":[{\"@type\":\"ReadAction\",\"target\":[\"https:\/\/listings.mybikeplan.ch\/fr\/non-classifiee\/a-quelle-vitesse-vont-les-e-bikes-et-les-s-pedelecs\/\"]}]},{\"@type\":\"ImageObject\",\"inLanguage\":\"fr-FR\",\"@id\":\"https:\/\/listings.mybikeplan.ch\/fr\/non-classifiee\/a-quelle-vitesse-vont-les-e-bikes-et-les-s-pedelecs\/#primaryimage\",\"url\":\"https:\/\/listings.mybikeplan.ch\/wp-content\/uploads\/2021\/08\/Simpel-Wirbelwind-STM\u00b008-Gru\u0308n-570x320-1.jpg\",\"contentUrl\":\"https:\/\/listings.mybikeplan.ch\/wp-content\/uploads\/2021\/08\/Simpel-Wirbelwind-STM\u00b008-Gru\u0308n-570x320-1.jpg\",\"width\":570,\"height\":320,\"caption\":\"Simpel Wirbelwind STM\u00b008 Vert 45km\/h | MyBikePlan\"},{\"@type\":\"BreadcrumbList\",\"@id\":\"https:\/\/listings.mybikeplan.ch\/fr\/non-classifiee\/a-quelle-vitesse-vont-les-e-bikes-et-les-s-pedelecs\/#breadcrumb\",\"itemListElement\":[{\"@type\":\"ListItem\",\"position\":1,\"name\":\"Home\",\"item\":\"https:\/\/listings.mybikeplan.ch\/fr\/home\/\"},{\"@type\":\"ListItem\",\"position\":2,\"name\":\"\u00c0 quelle vitesse vont les E Bikes et les S Pedelecs ?\"}]},{\"@type\":\"WebSite\",\"@id\":\"https:\/\/listings.mybikeplan.ch\/fr\/#website\",\"url\":\"https:\/\/listings.mybikeplan.ch\/fr\/\",\"name\":\"MyBikePlan\",\"description\":\"\",\"potentialAction\":[{\"@type\":\"SearchAction\",\"target\":{\"@type\":\"EntryPoint\",\"urlTemplate\":\"https:\/\/listings.mybikeplan.ch\/fr\/?s={search_term_string}\"},\"query-input\":{\"@type\":\"PropertyValueSpecification\",\"valueRequired\":true,\"valueName\":\"search_term_string\"}}],\"inLanguage\":\"fr-FR\"},{\"@type\":\"Person\",\"@id\":\"https:\/\/listings.mybikeplan.ch\/fr\/#\/schema\/person\/af9ea95c7323c582a24df91d53b4d197\",\"name\":\"Anouk Vaudoyer\",\"image\":{\"@type\":\"ImageObject\",\"inLanguage\":\"fr-FR\",\"@id\":\"https:\/\/listings.mybikeplan.ch\/fr\/#\/schema\/person\/image\/\",\"url\":\"https:\/\/secure.gravatar.com\/avatar\/bfce9c1d9ed736e9f036fa97a03dbeada0f82bab5ede6a316f6786a85bf2a445?s=96&d=mm&r=g\",\"contentUrl\":\"https:\/\/secure.gravatar.com\/avatar\/bfce9c1d9ed736e9f036fa97a03dbeada0f82bab5ede6a316f6786a85bf2a445?s=96&d=mm&r=g\",\"caption\":\"Anouk Vaudoyer\"},\"url\":\"https:\/\/listings.mybikeplan.ch\/fr\/author\/anouk-mybikeplan\/\"}]}<\/script>\n<!-- \/ Yoast SEO plugin. -->","yoast_head_json":{"title":"\u00c0 quelle vitesse vont les E Bikes et les S Pedelecs ? |\u00a0MyBikePlan | Blog","description":"Il ya beaucoup de diff\u00e9rents E Bikes. Savais-tu que les S Pedelecs appartiennent \u00e0 la cat\u00e9gorie des motos (M) ?","robots":{"index":"noindex","follow":"follow","max-snippet":"max-snippet:-1","max-image-preview":"max-image-preview:large","max-video-preview":"max-video-preview:-1"},"og_locale":"fr_FR","og_type":"article","og_title":"\u00c0 quelle vitesse vont les E Bikes et les S Pedelecs ? |\u00a0MyBikePlan | Blog","og_description":"Il ya beaucoup de diff\u00e9rents E Bikes. Savais-tu que les S Pedelecs appartiennent \u00e0 la cat\u00e9gorie des motos (M) ?","og_url":"https:\/\/listings.mybikeplan.ch\/fr\/non-classifiee\/a-quelle-vitesse-vont-les-e-bikes-et-les-s-pedelecs\/","og_site_name":"MyBikePlan","article_published_time":"2021-08-02T15:01:42+00:00","article_modified_time":"2023-08-16T13:17:58+00:00","og_image":[{"width":570,"height":320,"url":"https:\/\/listings.mybikeplan.ch\/wp-content\/uploads\/2021\/08\/Simpel-Wirbelwind-STM\u00b008-Gru\u0308n-570x320-1.jpg","type":"image\/jpeg"}],"author":"Anouk Vaudoyer","twitter_card":"summary_large_image","twitter_misc":{"\u00c9crit par":"Anouk Vaudoyer","Dur\u00e9e de lecture estim\u00e9e":"3 minutes"},"schema":{"@context":"https:\/\/schema.org","@graph":[{"@type":"WebPage","@id":"https:\/\/listings.mybikeplan.ch\/fr\/non-classifiee\/a-quelle-vitesse-vont-les-e-bikes-et-les-s-pedelecs\/","url":"https:\/\/listings.mybikeplan.ch\/fr\/non-classifiee\/a-quelle-vitesse-vont-les-e-bikes-et-les-s-pedelecs\/","name":"\u00c0 quelle vitesse vont les E Bikes et les S Pedelecs ? |\u00a0MyBikePlan | Blog","isPartOf":{"@id":"https:\/\/listings.mybikeplan.ch\/fr\/#website"},"primaryImageOfPage":{"@id":"https:\/\/listings.mybikeplan.ch\/fr\/non-classifiee\/a-quelle-vitesse-vont-les-e-bikes-et-les-s-pedelecs\/#primaryimage"},"image":{"@id":"https:\/\/listings.mybikeplan.ch\/fr\/non-classifiee\/a-quelle-vitesse-vont-les-e-bikes-et-les-s-pedelecs\/#primaryimage"},"thumbnailUrl":"https:\/\/listings.mybikeplan.ch\/wp-content\/uploads\/2021\/08\/Simpel-Wirbelwind-STM\u00b008-Gru\u0308n-570x320-1.jpg","datePublished":"2021-08-02T15:01:42+00:00","dateModified":"2023-08-16T13:17:58+00:00","author":{"@id":"https:\/\/listings.mybikeplan.ch\/fr\/#\/schema\/person\/af9ea95c7323c582a24df91d53b4d197"},"description":"Il ya beaucoup de diff\u00e9rents E Bikes. Savais-tu que les S Pedelecs appartiennent \u00e0 la cat\u00e9gorie des motos (M) ?","breadcrumb":{"@id":"https:\/\/listings.mybikeplan.ch\/fr\/non-classifiee\/a-quelle-vitesse-vont-les-e-bikes-et-les-s-pedelecs\/#breadcrumb"},"inLanguage":"fr-FR","potentialAction":[{"@type":"ReadAction","target":["https:\/\/listings.mybikeplan.ch\/fr\/non-classifiee\/a-quelle-vitesse-vont-les-e-bikes-et-les-s-pedelecs\/"]}]},{"@type":"ImageObject","inLanguage":"fr-FR","@id":"https:\/\/listings.mybikeplan.ch\/fr\/non-classifiee\/a-quelle-vitesse-vont-les-e-bikes-et-les-s-pedelecs\/#primaryimage","url":"https:\/\/listings.mybikeplan.ch\/wp-content\/uploads\/2021\/08\/Simpel-Wirbelwind-STM\u00b008-Gru\u0308n-570x320-1.jpg","contentUrl":"https:\/\/listings.mybikeplan.ch\/wp-content\/uploads\/2021\/08\/Simpel-Wirbelwind-STM\u00b008-Gru\u0308n-570x320-1.jpg","width":570,"height":320,"caption":"Simpel Wirbelwind STM\u00b008 Vert 45km\/h | MyBikePlan"},{"@type":"BreadcrumbList","@id":"https:\/\/listings.mybikeplan.ch\/fr\/non-classifiee\/a-quelle-vitesse-vont-les-e-bikes-et-les-s-pedelecs\/#breadcrumb","itemListElement":[{"@type":"ListItem","position":1,"name":"Home","item":"https:\/\/listings.mybikeplan.ch\/fr\/home\/"},{"@type":"ListItem","position":2,"name":"\u00c0 quelle vitesse vont les E Bikes et les S Pedelecs ?"}]},{"@type":"WebSite","@id":"https:\/\/listings.mybikeplan.ch\/fr\/#website","url":"https:\/\/listings.mybikeplan.ch\/fr\/","name":"MyBikePlan","description":"","potentialAction":[{"@type":"SearchAction","target":{"@type":"EntryPoint","urlTemplate":"https:\/\/listings.mybikeplan.ch\/fr\/?s={search_term_string}"},"query-input":{"@type":"PropertyValueSpecification","valueRequired":true,"valueName":"search_term_string"}}],"inLanguage":"fr-FR"},{"@type":"Person","@id":"https:\/\/listings.mybikeplan.ch\/fr\/#\/schema\/person\/af9ea95c7323c582a24df91d53b4d197","name":"Anouk Vaudoyer","image":{"@type":"ImageObject","inLanguage":"fr-FR","@id":"https:\/\/listings.mybikeplan.ch\/fr\/#\/schema\/person\/image\/","url":"https:\/\/secure.gravatar.com\/avatar\/bfce9c1d9ed736e9f036fa97a03dbeada0f82bab5ede6a316f6786a85bf2a445?s=96&d=mm&r=g","contentUrl":"https:\/\/secure.gravatar.com\/avatar\/bfce9c1d9ed736e9f036fa97a03dbeada0f82bab5ede6a316f6786a85bf2a445?s=96&d=mm&r=g","caption":"Anouk Vaudoyer"},"url":"https:\/\/listings.mybikeplan.ch\/fr\/author\/anouk-mybikeplan\/"}]}},"locale":"fr","_links":{"self":[{"href":"https:\/\/listings.mybikeplan.ch\/fr\/wp-json\/wp\/v2\/posts\/11343","targetHints":{"allow":["GET"]}}],"collection":[{"href":"https:\/\/listings.mybikeplan.ch\/fr\/wp-json\/wp\/v2\/posts"}],"about":[{"href":"https:\/\/listings.mybikeplan.ch\/fr\/wp-json\/wp\/v2\/types\/post"}],"author":[{"embeddable":true,"href":"https:\/\/listings.mybikeplan.ch\/fr\/wp-json\/wp\/v2\/users\/7"}],"replies":[{"embeddable":true,"href":"https:\/\/listings.mybikeplan.ch\/fr\/wp-json\/wp\/v2\/comments?post=11343"}],"version-history":[{"count":5,"href":"https:\/\/listings.mybikeplan.ch\/fr\/wp-json\/wp\/v2\/posts\/11343\/revisions"}],"predecessor-version":[{"id":37224,"href":"https:\/\/listings.mybikeplan.ch\/fr\/wp-json\/wp\/v2\/posts\/11343\/revisions\/37224"}],"wp:featuredmedia":[{"embeddable":true,"href":"https:\/\/listings.mybikeplan.ch\/fr\/wp-json\/wp\/v2\/media\/11396"}],"wp:attachment":[{"href":"https:\/\/listings.mybikeplan.ch\/fr\/wp-json\/wp\/v2\/media?parent=11343"}],"wp:term":[{"taxonomy":"category","embeddable":true,"href":"https:\/\/listings.mybikeplan.ch\/fr\/wp-json\/wp\/v2\/categories?post=11343"},{"taxonomy":"post_tag","embeddable":true,"href":"https:\/\/listings.mybikeplan.ch\/fr\/wp-json\/wp\/v2\/tags?post=11343"}],"curies":[{"name":"wp","href":"https:\/\/api.w.org\/{rel}","templated":true}]}}