{"id":11285,"date":"2021-08-02T12:55:36","date_gmt":"2021-08-02T12:55:36","guid":{"rendered":"https:\/\/listings.mybikeplan.ch\/?p=11285"},"modified":"2023-08-16T13:18:29","modified_gmt":"2023-08-16T13:18:29","slug":"ce-que-monsieur-z-dit-de-nous-temoignage","status":"publish","type":"post","link":"https:\/\/listings.mybikeplan.ch\/fr\/non-classifiee\/ce-que-monsieur-z-dit-de-nous-temoignage\/","title":{"rendered":"Ce que Monsieur Z. dit de nous &#8211; T\u00e9moignage"},"content":{"rendered":"\n<h2 class=\"wp-block-heading\">Exp\u00e9rience client 1.0<\/h2>\n\n\n\n<p>Tu veux savoir comment nos clients nous per\u00e7oivent ? Monsieur Z. a accept\u00e9 de partager son exp\u00e9rience et voici son t\u00e9moignage ! Il a achet\u00e9 son Focus Jam2 6.7 chez nous au printemps 2020 et a beaucoup roul\u00e9 sur son VTT \u00e9lectrique l&rsquo;ann\u00e9e derni\u00e8re. Nous avons re\u00e7u son exp\u00e9rience \u00e0 travers des commentaires sous la forme d&rsquo;une vid\u00e9o &#8211; tu peux en trouver un extrait en lien ci-dessous !<\/p>\n\n\n\n<p>L&rsquo;interview suivante est la transcription des r\u00e9ponses de Monsieur Z. aux trois questions que nous lui avons envoy\u00e9.<\/p>\n\n\n\n<p><strong>Imagine qu&rsquo;un de tes coll\u00e8gues soit \u00e0 la recherche d&rsquo;un v\u00e9lo \u00e9lectrique. Comment lui parlerais-tu de nous ?&nbsp;<\/strong><\/p>\n\n\n\n<p>\u00ab\u00a0Je lui raconterai comment s&rsquo;est pass\u00e9e mon exp\u00e9rience avec MyBikePlan, comment j&rsquo;ai command\u00e9 mon v\u00e9lo \u00e9lectrique et que tout \u00e9tait parfait. De la commande \u00e0 la livraison, tout s&rsquo;est d\u00e9roul\u00e9 de mani\u00e8re impeccable et je vous le recommande vivement.\u00a0\u00bb<\/p>\n\n\n\n<p><strong>Comment s&rsquo;est pass\u00e9e ton exp\u00e9rience avec nous ?<\/strong><\/p>\n\n\n\n<p>\u00ab\u00a0Tout a \u00e9t\u00e9 tr\u00e8s positif ! Le remplissage de la demande, la signature num\u00e9rique, jusqu&rsquo;\u00e0 la livraison, tout \u00e9tait vraiment parfait. De plus, lorsque le v\u00e9lo est arriv\u00e9, il \u00e9tait d\u00e9j\u00e0 presque enti\u00e8rement mont\u00e9 &#8211; je n&rsquo;ai eu qu&rsquo;\u00e0 fixer les p\u00e9dales et \u00e0 redresser le volant. Mais m\u00eame pour un d\u00e9butant, il n&rsquo;y a eu aucun probl\u00e8me pour utiliser le v\u00e9lo en un rien de temps.\u00a0\u00bb<\/p>\n\n\n\n<p><strong>Qu&rsquo;est-ce qui te pla\u00eet le plus dans ton v\u00e9lo \u00e9lectrique ?<\/strong><\/p>\n\n\n\n<p>J&rsquo;ai command\u00e9 un Focus Jam2 6.7 Nine et j&rsquo;ai d\u00e9j\u00e0 pass\u00e9 tout l&rsquo;\u00e9t\u00e9 dernier \u00e0 faire de longues randonn\u00e9es \u00e0 v\u00e9lo sur plusieurs sentiers &#8211; des sentiers de montagne aux excursions en campagne &#8211; dans toutes les situations, le v\u00e9lo a \u00e9t\u00e9 tout simplement excellent. Je n&rsquo;ai pas regrett\u00e9 une seule seconde l&rsquo;achat de mon Focus Jams2&Prime;.<\/p>\n\n\n\n<figure class=\"wp-block-image\"><a href=\"https:\/\/www.videoask.com\/ah97v63thihjn1ybl879dih27vsqfo2ndpg968gn\"><img decoding=\"async\" src=\"https:\/\/listings.mybikeplan.ch\/wp-content\/uploads\/2021\/03\/Testimonial_1-1024x575.jpg\" alt=\"\"\/><\/a><\/figure>\n\n\n\n<p>Encore un grand merci \u00e0 M. Z pour son t\u00e9moignage, nous lui souhaitons encore de nombreuses belles aventures avec son E Bike ! \ud83d\ude42<\/p>\n","protected":false},"excerpt":{"rendered":"<p>Exp\u00e9rience client 1.0 Tu veux savoir comment nos clients nous per\u00e7oivent ? Monsieur Z. a accept\u00e9 de partager son exp\u00e9rience et voici son t\u00e9moignage ! Il a achet\u00e9 son Focus Jam2 6.7 chez nous au printemps 2020 et a beaucoup roul\u00e9 sur son VTT \u00e9lectrique l&rsquo;ann\u00e9e derni\u00e8re. Nous avons re\u00e7u son exp\u00e9rience \u00e0 travers des [&hellip;]<\/p>\n","protected":false},"author":7,"featured_media":11287,"comment_status":"open","ping_status":"open","sticky":false,"template":"","format":"standard","meta":{"_acf_changed":false,"footnotes":""},"categories":[4442,291],"tags":[],"class_list":["post-11285","post","type-post","status-publish","format-standard","has-post-thumbnail","hentry","category-mybikeplan-fr","category-non-classifiee"],"acf":[],"yoast_head":"<!-- This site is optimized with the Yoast SEO plugin v24.5 - https:\/\/yoast.com\/wordpress\/plugins\/seo\/ -->\n<title>MyBikePlan | T\u00e9moignage | Monsieur Z. \u00e0 propos de nous<\/title>\n<meta name=\"description\" content=\"Tu veux savoir comment ce que pensent nos clients de MyBikePlan ? Monsieur Z. a accept\u00e9 de partager son exp\u00e9rience ! Voici son t\u00e9moignage!\" \/>\n<meta name=\"robots\" content=\"noindex, follow, max-snippet:-1, max-image-preview:large, max-video-preview:-1\" \/>\n<meta property=\"og:locale\" content=\"fr_FR\" \/>\n<meta property=\"og:type\" content=\"article\" \/>\n<meta property=\"og:title\" content=\"MyBikePlan | T\u00e9moignage | Monsieur Z. \u00e0 propos de nous\" \/>\n<meta property=\"og:description\" content=\"Tu veux savoir comment ce que pensent nos clients de MyBikePlan ? Monsieur Z. a accept\u00e9 de partager son exp\u00e9rience ! Voici son t\u00e9moignage!\" \/>\n<meta property=\"og:url\" content=\"https:\/\/listings.mybikeplan.ch\/fr\/non-classifiee\/ce-que-monsieur-z-dit-de-nous-temoignage\/\" \/>\n<meta property=\"og:site_name\" content=\"MyBikePlan\" \/>\n<meta property=\"article:published_time\" content=\"2021-08-02T12:55:36+00:00\" \/>\n<meta property=\"article:modified_time\" content=\"2023-08-16T13:18:29+00:00\" \/>\n<meta property=\"og:image\" content=\"https:\/\/listings.mybikeplan.ch\/wp-content\/uploads\/2021\/08\/Testimonial_1.jpg\" \/>\n\t<meta property=\"og:image:width\" content=\"1280\" \/>\n\t<meta property=\"og:image:height\" content=\"719\" \/>\n\t<meta property=\"og:image:type\" content=\"image\/jpeg\" \/>\n<meta name=\"author\" content=\"Anouk Vaudoyer\" \/>\n<meta name=\"twitter:card\" content=\"summary_large_image\" \/>\n<meta name=\"twitter:label1\" content=\"\u00c9crit par\" \/>\n\t<meta name=\"twitter:data1\" content=\"Anouk Vaudoyer\" \/>\n\t<meta name=\"twitter:label2\" content=\"Dur\u00e9e de lecture estim\u00e9e\" \/>\n\t<meta name=\"twitter:data2\" content=\"2 minutes\" \/>\n<script type=\"application\/ld+json\" class=\"yoast-schema-graph\">{\"@context\":\"https:\/\/schema.org\",\"@graph\":[{\"@type\":\"WebPage\",\"@id\":\"https:\/\/listings.mybikeplan.ch\/fr\/non-classifiee\/ce-que-monsieur-z-dit-de-nous-temoignage\/\",\"url\":\"https:\/\/listings.mybikeplan.ch\/fr\/non-classifiee\/ce-que-monsieur-z-dit-de-nous-temoignage\/\",\"name\":\"MyBikePlan | T\u00e9moignage | Monsieur Z. \u00e0 propos de nous\",\"isPartOf\":{\"@id\":\"https:\/\/listings.mybikeplan.ch\/fr\/#website\"},\"primaryImageOfPage\":{\"@id\":\"https:\/\/listings.mybikeplan.ch\/fr\/non-classifiee\/ce-que-monsieur-z-dit-de-nous-temoignage\/#primaryimage\"},\"image\":{\"@id\":\"https:\/\/listings.mybikeplan.ch\/fr\/non-classifiee\/ce-que-monsieur-z-dit-de-nous-temoignage\/#primaryimage\"},\"thumbnailUrl\":\"https:\/\/listings.mybikeplan.ch\/wp-content\/uploads\/2021\/08\/Testimonial_1.jpg\",\"datePublished\":\"2021-08-02T12:55:36+00:00\",\"dateModified\":\"2023-08-16T13:18:29+00:00\",\"author\":{\"@id\":\"https:\/\/listings.mybikeplan.ch\/fr\/#\/schema\/person\/af9ea95c7323c582a24df91d53b4d197\"},\"description\":\"Tu veux savoir comment ce que pensent nos clients de MyBikePlan ? Monsieur Z. a accept\u00e9 de partager son exp\u00e9rience ! Voici son t\u00e9moignage!\",\"breadcrumb\":{\"@id\":\"https:\/\/listings.mybikeplan.ch\/fr\/non-classifiee\/ce-que-monsieur-z-dit-de-nous-temoignage\/#breadcrumb\"},\"inLanguage\":\"fr-FR\",\"potentialAction\":[{\"@type\":\"ReadAction\",\"target\":[\"https:\/\/listings.mybikeplan.ch\/fr\/non-classifiee\/ce-que-monsieur-z-dit-de-nous-temoignage\/\"]}]},{\"@type\":\"ImageObject\",\"inLanguage\":\"fr-FR\",\"@id\":\"https:\/\/listings.mybikeplan.ch\/fr\/non-classifiee\/ce-que-monsieur-z-dit-de-nous-temoignage\/#primaryimage\",\"url\":\"https:\/\/listings.mybikeplan.ch\/wp-content\/uploads\/2021\/08\/Testimonial_1.jpg\",\"contentUrl\":\"https:\/\/listings.mybikeplan.ch\/wp-content\/uploads\/2021\/08\/Testimonial_1.jpg\",\"width\":1280,\"height\":719},{\"@type\":\"BreadcrumbList\",\"@id\":\"https:\/\/listings.mybikeplan.ch\/fr\/non-classifiee\/ce-que-monsieur-z-dit-de-nous-temoignage\/#breadcrumb\",\"itemListElement\":[{\"@type\":\"ListItem\",\"position\":1,\"name\":\"Home\",\"item\":\"https:\/\/listings.mybikeplan.ch\/fr\/home\/\"},{\"@type\":\"ListItem\",\"position\":2,\"name\":\"Ce que Monsieur Z. dit de nous &#8211; T\u00e9moignage\"}]},{\"@type\":\"WebSite\",\"@id\":\"https:\/\/listings.mybikeplan.ch\/fr\/#website\",\"url\":\"https:\/\/listings.mybikeplan.ch\/fr\/\",\"name\":\"MyBikePlan\",\"description\":\"\",\"potentialAction\":[{\"@type\":\"SearchAction\",\"target\":{\"@type\":\"EntryPoint\",\"urlTemplate\":\"https:\/\/listings.mybikeplan.ch\/fr\/?s={search_term_string}\"},\"query-input\":{\"@type\":\"PropertyValueSpecification\",\"valueRequired\":true,\"valueName\":\"search_term_string\"}}],\"inLanguage\":\"fr-FR\"},{\"@type\":\"Person\",\"@id\":\"https:\/\/listings.mybikeplan.ch\/fr\/#\/schema\/person\/af9ea95c7323c582a24df91d53b4d197\",\"name\":\"Anouk Vaudoyer\",\"image\":{\"@type\":\"ImageObject\",\"inLanguage\":\"fr-FR\",\"@id\":\"https:\/\/listings.mybikeplan.ch\/fr\/#\/schema\/person\/image\/\",\"url\":\"https:\/\/secure.gravatar.com\/avatar\/bfce9c1d9ed736e9f036fa97a03dbeada0f82bab5ede6a316f6786a85bf2a445?s=96&d=mm&r=g\",\"contentUrl\":\"https:\/\/secure.gravatar.com\/avatar\/bfce9c1d9ed736e9f036fa97a03dbeada0f82bab5ede6a316f6786a85bf2a445?s=96&d=mm&r=g\",\"caption\":\"Anouk Vaudoyer\"},\"url\":\"https:\/\/listings.mybikeplan.ch\/fr\/author\/anouk-mybikeplan\/\"}]}<\/script>\n<!-- \/ Yoast SEO plugin. -->","yoast_head_json":{"title":"MyBikePlan | T\u00e9moignage | Monsieur Z. \u00e0 propos de nous","description":"Tu veux savoir comment ce que pensent nos clients de MyBikePlan ? Monsieur Z. a accept\u00e9 de partager son exp\u00e9rience ! Voici son t\u00e9moignage!","robots":{"index":"noindex","follow":"follow","max-snippet":"max-snippet:-1","max-image-preview":"max-image-preview:large","max-video-preview":"max-video-preview:-1"},"og_locale":"fr_FR","og_type":"article","og_title":"MyBikePlan | T\u00e9moignage | Monsieur Z. \u00e0 propos de nous","og_description":"Tu veux savoir comment ce que pensent nos clients de MyBikePlan ? Monsieur Z. a accept\u00e9 de partager son exp\u00e9rience ! Voici son t\u00e9moignage!","og_url":"https:\/\/listings.mybikeplan.ch\/fr\/non-classifiee\/ce-que-monsieur-z-dit-de-nous-temoignage\/","og_site_name":"MyBikePlan","article_published_time":"2021-08-02T12:55:36+00:00","article_modified_time":"2023-08-16T13:18:29+00:00","og_image":[{"width":1280,"height":719,"url":"https:\/\/listings.mybikeplan.ch\/wp-content\/uploads\/2021\/08\/Testimonial_1.jpg","type":"image\/jpeg"}],"author":"Anouk Vaudoyer","twitter_card":"summary_large_image","twitter_misc":{"\u00c9crit par":"Anouk Vaudoyer","Dur\u00e9e de lecture estim\u00e9e":"2 minutes"},"schema":{"@context":"https:\/\/schema.org","@graph":[{"@type":"WebPage","@id":"https:\/\/listings.mybikeplan.ch\/fr\/non-classifiee\/ce-que-monsieur-z-dit-de-nous-temoignage\/","url":"https:\/\/listings.mybikeplan.ch\/fr\/non-classifiee\/ce-que-monsieur-z-dit-de-nous-temoignage\/","name":"MyBikePlan | T\u00e9moignage | Monsieur Z. \u00e0 propos de nous","isPartOf":{"@id":"https:\/\/listings.mybikeplan.ch\/fr\/#website"},"primaryImageOfPage":{"@id":"https:\/\/listings.mybikeplan.ch\/fr\/non-classifiee\/ce-que-monsieur-z-dit-de-nous-temoignage\/#primaryimage"},"image":{"@id":"https:\/\/listings.mybikeplan.ch\/fr\/non-classifiee\/ce-que-monsieur-z-dit-de-nous-temoignage\/#primaryimage"},"thumbnailUrl":"https:\/\/listings.mybikeplan.ch\/wp-content\/uploads\/2021\/08\/Testimonial_1.jpg","datePublished":"2021-08-02T12:55:36+00:00","dateModified":"2023-08-16T13:18:29+00:00","author":{"@id":"https:\/\/listings.mybikeplan.ch\/fr\/#\/schema\/person\/af9ea95c7323c582a24df91d53b4d197"},"description":"Tu veux savoir comment ce que pensent nos clients de MyBikePlan ? Monsieur Z. a accept\u00e9 de partager son exp\u00e9rience ! Voici son t\u00e9moignage!","breadcrumb":{"@id":"https:\/\/listings.mybikeplan.ch\/fr\/non-classifiee\/ce-que-monsieur-z-dit-de-nous-temoignage\/#breadcrumb"},"inLanguage":"fr-FR","potentialAction":[{"@type":"ReadAction","target":["https:\/\/listings.mybikeplan.ch\/fr\/non-classifiee\/ce-que-monsieur-z-dit-de-nous-temoignage\/"]}]},{"@type":"ImageObject","inLanguage":"fr-FR","@id":"https:\/\/listings.mybikeplan.ch\/fr\/non-classifiee\/ce-que-monsieur-z-dit-de-nous-temoignage\/#primaryimage","url":"https:\/\/listings.mybikeplan.ch\/wp-content\/uploads\/2021\/08\/Testimonial_1.jpg","contentUrl":"https:\/\/listings.mybikeplan.ch\/wp-content\/uploads\/2021\/08\/Testimonial_1.jpg","width":1280,"height":719},{"@type":"BreadcrumbList","@id":"https:\/\/listings.mybikeplan.ch\/fr\/non-classifiee\/ce-que-monsieur-z-dit-de-nous-temoignage\/#breadcrumb","itemListElement":[{"@type":"ListItem","position":1,"name":"Home","item":"https:\/\/listings.mybikeplan.ch\/fr\/home\/"},{"@type":"ListItem","position":2,"name":"Ce que Monsieur Z. dit de nous &#8211; T\u00e9moignage"}]},{"@type":"WebSite","@id":"https:\/\/listings.mybikeplan.ch\/fr\/#website","url":"https:\/\/listings.mybikeplan.ch\/fr\/","name":"MyBikePlan","description":"","potentialAction":[{"@type":"SearchAction","target":{"@type":"EntryPoint","urlTemplate":"https:\/\/listings.mybikeplan.ch\/fr\/?s={search_term_string}"},"query-input":{"@type":"PropertyValueSpecification","valueRequired":true,"valueName":"search_term_string"}}],"inLanguage":"fr-FR"},{"@type":"Person","@id":"https:\/\/listings.mybikeplan.ch\/fr\/#\/schema\/person\/af9ea95c7323c582a24df91d53b4d197","name":"Anouk Vaudoyer","image":{"@type":"ImageObject","inLanguage":"fr-FR","@id":"https:\/\/listings.mybikeplan.ch\/fr\/#\/schema\/person\/image\/","url":"https:\/\/secure.gravatar.com\/avatar\/bfce9c1d9ed736e9f036fa97a03dbeada0f82bab5ede6a316f6786a85bf2a445?s=96&d=mm&r=g","contentUrl":"https:\/\/secure.gravatar.com\/avatar\/bfce9c1d9ed736e9f036fa97a03dbeada0f82bab5ede6a316f6786a85bf2a445?s=96&d=mm&r=g","caption":"Anouk Vaudoyer"},"url":"https:\/\/listings.mybikeplan.ch\/fr\/author\/anouk-mybikeplan\/"}]}},"locale":"fr","_links":{"self":[{"href":"https:\/\/listings.mybikeplan.ch\/fr\/wp-json\/wp\/v2\/posts\/11285","targetHints":{"allow":["GET"]}}],"collection":[{"href":"https:\/\/listings.mybikeplan.ch\/fr\/wp-json\/wp\/v2\/posts"}],"about":[{"href":"https:\/\/listings.mybikeplan.ch\/fr\/wp-json\/wp\/v2\/types\/post"}],"author":[{"embeddable":true,"href":"https:\/\/listings.mybikeplan.ch\/fr\/wp-json\/wp\/v2\/users\/7"}],"replies":[{"embeddable":true,"href":"https:\/\/listings.mybikeplan.ch\/fr\/wp-json\/wp\/v2\/comments?post=11285"}],"version-history":[{"count":1,"href":"https:\/\/listings.mybikeplan.ch\/fr\/wp-json\/wp\/v2\/posts\/11285\/revisions"}],"predecessor-version":[{"id":11286,"href":"https:\/\/listings.mybikeplan.ch\/fr\/wp-json\/wp\/v2\/posts\/11285\/revisions\/11286"}],"wp:featuredmedia":[{"embeddable":true,"href":"https:\/\/listings.mybikeplan.ch\/fr\/wp-json\/wp\/v2\/media\/11287"}],"wp:attachment":[{"href":"https:\/\/listings.mybikeplan.ch\/fr\/wp-json\/wp\/v2\/media?parent=11285"}],"wp:term":[{"taxonomy":"category","embeddable":true,"href":"https:\/\/listings.mybikeplan.ch\/fr\/wp-json\/wp\/v2\/categories?post=11285"},{"taxonomy":"post_tag","embeddable":true,"href":"https:\/\/listings.mybikeplan.ch\/fr\/wp-json\/wp\/v2\/tags?post=11285"}],"curies":[{"name":"wp","href":"https:\/\/api.w.org\/{rel}","templated":true}]}}