{"id":11274,"date":"2021-08-02T12:34:56","date_gmt":"2021-08-02T12:34:56","guid":{"rendered":"https:\/\/listings.mybikeplan.ch\/?p=11274"},"modified":"2023-08-16T13:18:40","modified_gmt":"2023-08-16T13:18:40","slug":"e-bike-a-lucerne-city-guide","status":"publish","type":"post","link":"https:\/\/listings.mybikeplan.ch\/fr\/non-classifiee\/e-bike-a-lucerne-city-guide\/","title":{"rendered":"City Guide : Lucerne \u00e0 v\u00e9lo"},"content":{"rendered":"\n<p>Nous avons r\u00e9dig\u00e9 notre tout premier City Guide pour toi et pour cela nous avons commenc\u00e9 par la ville sur l&rsquo;eau. Lucerne. Gr\u00e2ce \u00e0 ce City Guide, tu d\u00e9couvriras les meilleurs endroits \u00e0 d\u00e9couvrir en E Bike \u00e0 Lucerne.<\/p>\n\n\n\n<p>Nous t\u2019invitons fortement \u00e0 partir \u00e0 la d\u00e9couverte de cette belle ville en E Bike. Voici donc nos trois recommandations d\u2019itin\u00e9raires dans ce guide.<\/p>\n\n\n\n<h2 class=\"wp-block-heading\">Pont de la Chapelle &#8211; Lion de Lucerne &#8211; Ch\u00e2teau G\u00fctsch<\/h2>\n\n\n\n<h4 class=\"wp-block-heading\"><strong>Pont de la Chapelle:<\/strong><\/h4>\n\n\n\n<p>Commen\u00e7ons par la gare de Lucerne. De l\u00e0, tu peux commencer ton itin\u00e9raire avec ton E Bike \u00e0 Lucerne en direction le <a href=\"https:\/\/chapel-bridge.ch\/?_ga=2.94543836.1971659640.1618240833-195061652.1618240833\">Pont de la Chapelle.<\/a> Ce pont en bois est l&rsquo;un des plus anciens d&rsquo;Europe et un v\u00e9ritable embl\u00e8me de Lucerne. D&rsquo;une longueur d&rsquo;environ 204 m, il passe au-dessus de la rivi\u00e8re Reuss et relie la vieille ville \u00e0 la nouvelle. Cela vaut la peine de prendre le temps de regarder ce monument vieux de plusieurs si\u00e8cles avec ses anciennes inscriptions et peintures historiques.&nbsp;<\/p>\n\n\n\n<h4 class=\"wp-block-heading\"><strong>Le Monument du Lion<\/strong><\/h4>\n\n\n\n<p>En traversant le pont, on continue vers le Monument du Lion. Il a \u00e9t\u00e9 \u00e9rig\u00e9 en 1892 pour comm\u00e9morer la chute de la Garde suisse \u00e0 Paris lors de la Prise des Tuileries en 1792. Le lion en pierre mesure 10 m de long et est connu dans le monde entier. Par ailleurs, le <a href=\"https:\/\/gletschergarten.ch\/fr\">Glacier Garden<\/a> est \u00e9galement situ\u00e9 juste \u00e0 c\u00f4t\u00e9.&nbsp;<\/p>\n\n\n\n<p>Il y a 20 000 ans, Lucerne se trouvait sous une \u00e9paisse couche de glace, ce dont t\u00e9moignent les marmites glaciaires. Si tu remontes le temps de quelques mill\u00e9naires, cet endroit ressemblait \u00e0 une plage tropicale. D&rsquo;ailleurs tu peux le voir de tes propres yeux l\u00e0-bas. Des feuilles de palmier et coquillages p\u00e9trifi\u00e9s ont \u00e9t\u00e9 retrouv\u00e9s exactement au m\u00eame endroit et peuvent y \u00eatre admir\u00e9s.&nbsp;<\/p>\n\n\n\n<h4 class=\"wp-block-heading\"><strong>Ch\u00e2teau G\u00fctsch<\/strong><\/h4>\n\n\n\n<p>En route pour le <a href=\"https:\/\/www.chateau-guetsch.ch\/en\/restaurant-bar\/restaurant-terrace\/\">Ch\u00e2teau de G\u00fctsch<\/a> ! L\u2019itin\u00e9raire te fait repasser par le Pont de la Chapelle. Si tu le souhaites, tu peux \u00e9galement t\u2019arr\u00eater au pont Spreuerbr\u00fccke et admirer ce deuxi\u00e8me pont historique de Lucerne. L\u2019itin\u00e9raire nous fait traverser Lucerne sur 3,5 km et monter la colline jusqu&rsquo;au ch\u00e2teau de G\u00fctsch. L&rsquo;\u00e9tonnante ma\u00e7onnerie offre une vue \u00e9poustouflante qui invite \u00e0 faire une pause bien m\u00e9rit\u00e9e.<\/p>\n\n\n\n<iframe src=\"https:\/\/www.google.com\/maps\/embed?pb=!1m46!1m12!1m3!1d21746.49551098896!2d8.282043572418477!3d47.053730915705245!2m3!1f0!2f0!3f0!3m2!1i1024!2i768!4f13.1!4m31!3e1!4m5!1s0x478ffb98861b02a9%3A0x9c81ffcf202e488d!2sLuzern%2C%20Zentralstrasse%201%2C%206003%20Luzern!3m2!1d47.0494887!2d8.3103841!4m5!1s0x478ffb9f30ccc2e5%3A0x20b010d3c1d20e37!2sChapel%20Bridge%2C%20Kapellbr%C3%BCcke%2C%206002%20Luzern!3m2!1d47.051648899999996!2d8.307535099999999!4m5!1s0x478ffb9b5705eb8b%3A0x627afecb728fc384!2sLion%20Monument%2C%20Denkmalstrasse%204%2C%206002%20Luzern!3m2!1d47.0584263!2d8.310915099999999!4m5!1s0x478ffb7322a83821%3A0x98eea41c1118eea9!2sG%C3%BCtsch%2C%206003%20Lucerne!3m2!1d47.0519968!2d8.2937487!4m5!1s0x478ffb98861b02a9%3A0x9c81ffcf202e488d!2sLuzern%2C%20Zentralstrasse%201%2C%206003%20Luzern!3m2!1d47.0494887!2d8.3103841!5e0!3m2!1sen!2sch!4v1627905210840!5m2!1sen!2sch\" width=\"600\" height=\"450\" style=\"border:0;\" allowfullscreen=\"\" loading=\"lazy\"><\/iframe>\n\n\n\n<h2 class=\"wp-block-heading\">Mur de la Musegg &#8211; Mus\u00e9e Richard Wagner &#8211; Bireggwald<\/h2>\n\n\n\n<p>Nous partons \u00e0 nouveau de la gare de Lucerne. La premi\u00e8re \u00e9tape nous m\u00e8ne au mur de la Museggmauer. Premi\u00e8rement, imm\u00e9diatement apr\u00e8s la gare, tu peux d\u00e9j\u00e0 voir le Pont de la Chapelle.<\/p>\n\n\n\n<p>Comme dit pr\u00e9c\u00e9demment, un arr\u00eat est fortement recommand\u00e9. Le Spreuerbr\u00fccke se trouve \u00e9galement sur le chemin direct vers le Mur de la Musegg, si tu souhaites t\u2019y arr\u00eater.<\/p>\n\n\n\n<h4 class=\"wp-block-heading\"><strong>Le Mur de Musegg&nbsp;<\/strong><\/h4>\n\n\n\n<p>Ce monument du Moyen \u00c2ge s&rsquo;\u00e9tend sur 870 m \u00e0 travers Lucerne. Construite aux 14e et 15e si\u00e8cles, la muraille ne servait pas seulement \u00e0 des fins militaires mais surtout comme un signe de prosp\u00e9rit\u00e9. Les diff\u00e9rentes tours le long du mur sont partiellement accessibles. Il s&rsquo;agit notamment du M\u00e4nnliturm, du Wachtturm, du Schirmenturm et du Zeitturm.&nbsp;<\/p>\n\n\n\n<h4 class=\"wp-block-heading\"><strong>Le mus\u00e9e Richard Wagner<\/strong><\/h4>\n\n\n\n<p>Deuxi\u00e8mement, pour une dose d&rsquo;histoire, nous te recommandons le <a href=\"https:\/\/richard-wagner-museum.ch\/home-en-us\/\">mus\u00e9e Richard Wagner<\/a>. Un trajet de 15 minutes le long du lac des Quatre-Cantons m\u00e8ne \u00e0 son ancienne r\u00e9sidence, qui est ouverte aux visites.&nbsp;<\/p>\n\n\n\n<h4 class=\"wp-block-heading\"><strong>Bireggwald<\/strong><\/h4>\n\n\n\n<p>Pr\u00eat pour le pique-nique ? Beaucoup d&rsquo;explorations donnent faim ! Tu peux combiner la promenade au Bireggwald \u00e0 un d\u00e9licieux pique-nique. L&rsquo;avantage est que tu peux facilement le transporter sur ton E Bike. Imagine une journ\u00e9e ensoleill\u00e9e avec une vue imprenable sur le lac des Quatre-Cantons et le Mont Pilate. \u00c0 cela s&rsquo;ajoute un pique-nique copieux &#8211; que demander de plus ?&nbsp;<\/p>\n\n\n\n<iframe src=\"https:\/\/www.google.com\/maps\/embed?pb=!1m46!1m12!1m3!1d21750.887584374566!2d8.296581972394632!3d47.04295931566931!2m3!1f0!2f0!3f0!3m2!1i1024!2i768!4f13.1!4m31!3e1!4m5!1s0x478ffb98861b02a9%3A0x9c81ffcf202e488d!2sLuzern%2C%20Zentralstrasse%201%2C%206003%20Luzern!3m2!1d47.0494887!2d8.3103841!4m5!1s0x478ffb9e7fa2b0ff%3A0xa35ebf242217ebcf!2sMuseggmauer%2C%206004%20Luzern!3m2!1d47.053317899999996!2d8.3000717!4m5!1s0x478ffbc6a0d4b807%3A0x4ec32a6ad99e1eba!2sRichard%20Wagner%20Museum%20Lucerne%2C%20Richard-Wagner-Weg%2027%2C%206005%20Luzern!3m2!1d47.042369799999996!2d8.328962599999999!4m5!1s0x478ffbb55c8494b5%3A0x465b3cc6abb75920!2sBireggwald!3m2!1d47.0319356!2d8.3171418!4m5!1s0x478ffb98861b02a9%3A0x9c81ffcf202e488d!2sLuzern%2C%20Zentralstrasse%201%2C%206003%20Luzern!3m2!1d47.0494887!2d8.3103841!5e0!3m2!1sen!2sch!4v1627905244626!5m2!1sen!2sch\" width=\"600\" height=\"450\" style=\"border:0;\" allowfullscreen=\"\" loading=\"lazy\"><\/iframe>\n\n\n\n<h2 class=\"wp-block-heading\">Lucerne &#8211; B\u00fcrgenstock &#8211; Lucerne (comprenant une excursion en bateau)<\/h2>\n\n\n\n<p>Comme troisi\u00e8me suggestion, nous te recommandons une excursion le long du lac des Quatre-Cantons, au-dessous du B\u00fcrgenstock. Cet itin\u00e9raire se fait le long du lac pendant 1 heure, en fonction de ta vitesse.<\/p>\n\n\n\n<p>En partant de Lucerne, en passant par Kastanienbaum, en traversant la fronti\u00e8re cantonale jusqu&rsquo;\u00e0 Hergiswil Nidwalden et en continuant jusqu&rsquo;\u00e0 Stansstad, tu peux atteindre le lac avec ton E Bike dans ce laps de temps. Le <a href=\"https:\/\/www.lakelucerne.ch\/de\/\">retour en bateau<\/a> est une fa\u00e7on id\u00e9ale de compl\u00e9ter cette grande excursion.<\/p>\n\n\n\n<iframe src=\"https:\/\/www.google.com\/maps\/embed?pb=!1m34!1m12!1m3!1d43525.1478972562!2d8.304856860876953!3d47.01428921222675!2m3!1f0!2f0!3f0!3m2!1i1024!2i768!4f13.1!4m19!3e1!4m5!1s0x478ffb98861b02a9%3A0x9c81ffcf202e488d!2sLuzern%2C%20Zentralstrasse%201%2C%206003%20Luzern!3m2!1d47.0494887!2d8.3103841!4m5!1s0x478ff9cadc371a29%3A0xe6d08246bd895720!2sKehrsiten%20B%C3%BCrgenstock%2C%206365%20Stansstad!3m2!1d47.003065!2d8.38232!4m5!1s0x478ffb98f1911c51%3A0xfc608455f3e9feff!2sLuzern%20Bahnhofquai%2C%206003%20Luzern!3m2!1d47.051168999999994!2d8.31016!5e0!3m2!1sen!2sch!4v1627905281371!5m2!1sen!2sch\" width=\"600\" height=\"450\" style=\"border:0;\" allowfullscreen=\"\" loading=\"lazy\"><\/iframe>\n","protected":false},"excerpt":{"rendered":"<p>Nous avons r\u00e9dig\u00e9 notre tout premier City Guide pour toi et pour cela nous avons commenc\u00e9 par la ville sur l&rsquo;eau. Lucerne. Gr\u00e2ce \u00e0 ce City Guide, tu d\u00e9couvriras les meilleurs endroits \u00e0 d\u00e9couvrir en E Bike \u00e0 Lucerne. Nous t\u2019invitons fortement \u00e0 partir \u00e0 la d\u00e9couverte de cette belle ville en E Bike. Voici [&hellip;]<\/p>\n","protected":false},"author":7,"featured_media":10700,"comment_status":"open","ping_status":"open","sticky":false,"template":"","format":"standard","meta":{"_acf_changed":false,"footnotes":""},"categories":[4442,291],"tags":[],"class_list":["post-11274","post","type-post","status-publish","format-standard","has-post-thumbnail","hentry","category-mybikeplan-fr","category-non-classifiee"],"acf":[],"yoast_head":"<!-- This site is optimized with the Yoast SEO plugin v24.5 - https:\/\/yoast.com\/wordpress\/plugins\/seo\/ -->\n<title>E Bike \u00e0 Lucerne | City Guide |\u00a0MyBikePlan Suisse<\/title>\n<meta name=\"description\" content=\"Nous avons r\u00e9dig\u00e9 notre premier guide de la ville pour toi ! D\u00e9couvre nos 3 itin\u00e9raires en E Bike \u00e0 Lucerne d\u00e8s maintenant!\" \/>\n<meta name=\"robots\" content=\"noindex, follow, max-snippet:-1, max-image-preview:large, max-video-preview:-1\" \/>\n<meta property=\"og:locale\" content=\"fr_FR\" \/>\n<meta property=\"og:type\" content=\"article\" \/>\n<meta property=\"og:title\" content=\"E Bike \u00e0 Lucerne | City Guide |\u00a0MyBikePlan Suisse\" \/>\n<meta property=\"og:description\" content=\"Nous avons r\u00e9dig\u00e9 notre premier guide de la ville pour toi ! D\u00e9couvre nos 3 itin\u00e9raires en E Bike \u00e0 Lucerne d\u00e8s maintenant!\" \/>\n<meta property=\"og:url\" content=\"https:\/\/listings.mybikeplan.ch\/fr\/non-classifiee\/e-bike-a-lucerne-city-guide\/\" \/>\n<meta property=\"og:site_name\" content=\"MyBikePlan\" \/>\n<meta property=\"article:published_time\" content=\"2021-08-02T12:34:56+00:00\" \/>\n<meta property=\"article:modified_time\" content=\"2023-08-16T13:18:40+00:00\" \/>\n<meta property=\"og:image\" content=\"https:\/\/listings.mybikeplan.ch\/wp-content\/uploads\/2021\/04\/mehdi-noorzai-QeEAf-Gj8CM-unsplash-scaled.jpg\" \/>\n\t<meta property=\"og:image:width\" content=\"2560\" \/>\n\t<meta property=\"og:image:height\" content=\"1920\" \/>\n\t<meta property=\"og:image:type\" content=\"image\/jpeg\" \/>\n<meta name=\"author\" content=\"Anouk Vaudoyer\" \/>\n<meta name=\"twitter:card\" content=\"summary_large_image\" \/>\n<meta name=\"twitter:label1\" content=\"\u00c9crit par\" \/>\n\t<meta name=\"twitter:data1\" content=\"Anouk Vaudoyer\" \/>\n\t<meta name=\"twitter:label2\" content=\"Dur\u00e9e de lecture estim\u00e9e\" \/>\n\t<meta name=\"twitter:data2\" content=\"3 minutes\" \/>\n<script type=\"application\/ld+json\" class=\"yoast-schema-graph\">{\"@context\":\"https:\/\/schema.org\",\"@graph\":[{\"@type\":\"WebPage\",\"@id\":\"https:\/\/listings.mybikeplan.ch\/fr\/non-classifiee\/e-bike-a-lucerne-city-guide\/\",\"url\":\"https:\/\/listings.mybikeplan.ch\/fr\/non-classifiee\/e-bike-a-lucerne-city-guide\/\",\"name\":\"E Bike \u00e0 Lucerne | City Guide |\u00a0MyBikePlan Suisse\",\"isPartOf\":{\"@id\":\"https:\/\/listings.mybikeplan.ch\/fr\/#website\"},\"primaryImageOfPage\":{\"@id\":\"https:\/\/listings.mybikeplan.ch\/fr\/non-classifiee\/e-bike-a-lucerne-city-guide\/#primaryimage\"},\"image\":{\"@id\":\"https:\/\/listings.mybikeplan.ch\/fr\/non-classifiee\/e-bike-a-lucerne-city-guide\/#primaryimage\"},\"thumbnailUrl\":\"https:\/\/listings.mybikeplan.ch\/wp-content\/uploads\/2021\/04\/mehdi-noorzai-QeEAf-Gj8CM-unsplash-scaled.jpg\",\"datePublished\":\"2021-08-02T12:34:56+00:00\",\"dateModified\":\"2023-08-16T13:18:40+00:00\",\"author\":{\"@id\":\"https:\/\/listings.mybikeplan.ch\/fr\/#\/schema\/person\/af9ea95c7323c582a24df91d53b4d197\"},\"description\":\"Nous avons r\u00e9dig\u00e9 notre premier guide de la ville pour toi ! D\u00e9couvre nos 3 itin\u00e9raires en E Bike \u00e0 Lucerne d\u00e8s maintenant!\",\"breadcrumb\":{\"@id\":\"https:\/\/listings.mybikeplan.ch\/fr\/non-classifiee\/e-bike-a-lucerne-city-guide\/#breadcrumb\"},\"inLanguage\":\"fr-FR\",\"potentialAction\":[{\"@type\":\"ReadAction\",\"target\":[\"https:\/\/listings.mybikeplan.ch\/fr\/non-classifiee\/e-bike-a-lucerne-city-guide\/\"]}]},{\"@type\":\"ImageObject\",\"inLanguage\":\"fr-FR\",\"@id\":\"https:\/\/listings.mybikeplan.ch\/fr\/non-classifiee\/e-bike-a-lucerne-city-guide\/#primaryimage\",\"url\":\"https:\/\/listings.mybikeplan.ch\/wp-content\/uploads\/2021\/04\/mehdi-noorzai-QeEAf-Gj8CM-unsplash-scaled.jpg\",\"contentUrl\":\"https:\/\/listings.mybikeplan.ch\/wp-content\/uploads\/2021\/04\/mehdi-noorzai-QeEAf-Gj8CM-unsplash-scaled.jpg\",\"width\":2560,\"height\":1920,\"caption\":\"Lucerne \u00e0 v\u00e9lo | MyBikePlan\"},{\"@type\":\"BreadcrumbList\",\"@id\":\"https:\/\/listings.mybikeplan.ch\/fr\/non-classifiee\/e-bike-a-lucerne-city-guide\/#breadcrumb\",\"itemListElement\":[{\"@type\":\"ListItem\",\"position\":1,\"name\":\"Home\",\"item\":\"https:\/\/listings.mybikeplan.ch\/fr\/home\/\"},{\"@type\":\"ListItem\",\"position\":2,\"name\":\"City Guide : Lucerne \u00e0 v\u00e9lo\"}]},{\"@type\":\"WebSite\",\"@id\":\"https:\/\/listings.mybikeplan.ch\/fr\/#website\",\"url\":\"https:\/\/listings.mybikeplan.ch\/fr\/\",\"name\":\"MyBikePlan\",\"description\":\"\",\"potentialAction\":[{\"@type\":\"SearchAction\",\"target\":{\"@type\":\"EntryPoint\",\"urlTemplate\":\"https:\/\/listings.mybikeplan.ch\/fr\/?s={search_term_string}\"},\"query-input\":{\"@type\":\"PropertyValueSpecification\",\"valueRequired\":true,\"valueName\":\"search_term_string\"}}],\"inLanguage\":\"fr-FR\"},{\"@type\":\"Person\",\"@id\":\"https:\/\/listings.mybikeplan.ch\/fr\/#\/schema\/person\/af9ea95c7323c582a24df91d53b4d197\",\"name\":\"Anouk Vaudoyer\",\"image\":{\"@type\":\"ImageObject\",\"inLanguage\":\"fr-FR\",\"@id\":\"https:\/\/listings.mybikeplan.ch\/fr\/#\/schema\/person\/image\/\",\"url\":\"https:\/\/secure.gravatar.com\/avatar\/bfce9c1d9ed736e9f036fa97a03dbeada0f82bab5ede6a316f6786a85bf2a445?s=96&d=mm&r=g\",\"contentUrl\":\"https:\/\/secure.gravatar.com\/avatar\/bfce9c1d9ed736e9f036fa97a03dbeada0f82bab5ede6a316f6786a85bf2a445?s=96&d=mm&r=g\",\"caption\":\"Anouk Vaudoyer\"},\"url\":\"https:\/\/listings.mybikeplan.ch\/fr\/author\/anouk-mybikeplan\/\"}]}<\/script>\n<!-- \/ Yoast SEO plugin. -->","yoast_head_json":{"title":"E Bike \u00e0 Lucerne | City Guide |\u00a0MyBikePlan Suisse","description":"Nous avons r\u00e9dig\u00e9 notre premier guide de la ville pour toi ! D\u00e9couvre nos 3 itin\u00e9raires en E Bike \u00e0 Lucerne d\u00e8s maintenant!","robots":{"index":"noindex","follow":"follow","max-snippet":"max-snippet:-1","max-image-preview":"max-image-preview:large","max-video-preview":"max-video-preview:-1"},"og_locale":"fr_FR","og_type":"article","og_title":"E Bike \u00e0 Lucerne | City Guide |\u00a0MyBikePlan Suisse","og_description":"Nous avons r\u00e9dig\u00e9 notre premier guide de la ville pour toi ! D\u00e9couvre nos 3 itin\u00e9raires en E Bike \u00e0 Lucerne d\u00e8s maintenant!","og_url":"https:\/\/listings.mybikeplan.ch\/fr\/non-classifiee\/e-bike-a-lucerne-city-guide\/","og_site_name":"MyBikePlan","article_published_time":"2021-08-02T12:34:56+00:00","article_modified_time":"2023-08-16T13:18:40+00:00","og_image":[{"width":2560,"height":1920,"url":"https:\/\/listings.mybikeplan.ch\/wp-content\/uploads\/2021\/04\/mehdi-noorzai-QeEAf-Gj8CM-unsplash-scaled.jpg","type":"image\/jpeg"}],"author":"Anouk Vaudoyer","twitter_card":"summary_large_image","twitter_misc":{"\u00c9crit par":"Anouk Vaudoyer","Dur\u00e9e de lecture estim\u00e9e":"3 minutes"},"schema":{"@context":"https:\/\/schema.org","@graph":[{"@type":"WebPage","@id":"https:\/\/listings.mybikeplan.ch\/fr\/non-classifiee\/e-bike-a-lucerne-city-guide\/","url":"https:\/\/listings.mybikeplan.ch\/fr\/non-classifiee\/e-bike-a-lucerne-city-guide\/","name":"E Bike \u00e0 Lucerne | City Guide |\u00a0MyBikePlan Suisse","isPartOf":{"@id":"https:\/\/listings.mybikeplan.ch\/fr\/#website"},"primaryImageOfPage":{"@id":"https:\/\/listings.mybikeplan.ch\/fr\/non-classifiee\/e-bike-a-lucerne-city-guide\/#primaryimage"},"image":{"@id":"https:\/\/listings.mybikeplan.ch\/fr\/non-classifiee\/e-bike-a-lucerne-city-guide\/#primaryimage"},"thumbnailUrl":"https:\/\/listings.mybikeplan.ch\/wp-content\/uploads\/2021\/04\/mehdi-noorzai-QeEAf-Gj8CM-unsplash-scaled.jpg","datePublished":"2021-08-02T12:34:56+00:00","dateModified":"2023-08-16T13:18:40+00:00","author":{"@id":"https:\/\/listings.mybikeplan.ch\/fr\/#\/schema\/person\/af9ea95c7323c582a24df91d53b4d197"},"description":"Nous avons r\u00e9dig\u00e9 notre premier guide de la ville pour toi ! D\u00e9couvre nos 3 itin\u00e9raires en E Bike \u00e0 Lucerne d\u00e8s maintenant!","breadcrumb":{"@id":"https:\/\/listings.mybikeplan.ch\/fr\/non-classifiee\/e-bike-a-lucerne-city-guide\/#breadcrumb"},"inLanguage":"fr-FR","potentialAction":[{"@type":"ReadAction","target":["https:\/\/listings.mybikeplan.ch\/fr\/non-classifiee\/e-bike-a-lucerne-city-guide\/"]}]},{"@type":"ImageObject","inLanguage":"fr-FR","@id":"https:\/\/listings.mybikeplan.ch\/fr\/non-classifiee\/e-bike-a-lucerne-city-guide\/#primaryimage","url":"https:\/\/listings.mybikeplan.ch\/wp-content\/uploads\/2021\/04\/mehdi-noorzai-QeEAf-Gj8CM-unsplash-scaled.jpg","contentUrl":"https:\/\/listings.mybikeplan.ch\/wp-content\/uploads\/2021\/04\/mehdi-noorzai-QeEAf-Gj8CM-unsplash-scaled.jpg","width":2560,"height":1920,"caption":"Lucerne \u00e0 v\u00e9lo | MyBikePlan"},{"@type":"BreadcrumbList","@id":"https:\/\/listings.mybikeplan.ch\/fr\/non-classifiee\/e-bike-a-lucerne-city-guide\/#breadcrumb","itemListElement":[{"@type":"ListItem","position":1,"name":"Home","item":"https:\/\/listings.mybikeplan.ch\/fr\/home\/"},{"@type":"ListItem","position":2,"name":"City Guide : Lucerne \u00e0 v\u00e9lo"}]},{"@type":"WebSite","@id":"https:\/\/listings.mybikeplan.ch\/fr\/#website","url":"https:\/\/listings.mybikeplan.ch\/fr\/","name":"MyBikePlan","description":"","potentialAction":[{"@type":"SearchAction","target":{"@type":"EntryPoint","urlTemplate":"https:\/\/listings.mybikeplan.ch\/fr\/?s={search_term_string}"},"query-input":{"@type":"PropertyValueSpecification","valueRequired":true,"valueName":"search_term_string"}}],"inLanguage":"fr-FR"},{"@type":"Person","@id":"https:\/\/listings.mybikeplan.ch\/fr\/#\/schema\/person\/af9ea95c7323c582a24df91d53b4d197","name":"Anouk Vaudoyer","image":{"@type":"ImageObject","inLanguage":"fr-FR","@id":"https:\/\/listings.mybikeplan.ch\/fr\/#\/schema\/person\/image\/","url":"https:\/\/secure.gravatar.com\/avatar\/bfce9c1d9ed736e9f036fa97a03dbeada0f82bab5ede6a316f6786a85bf2a445?s=96&d=mm&r=g","contentUrl":"https:\/\/secure.gravatar.com\/avatar\/bfce9c1d9ed736e9f036fa97a03dbeada0f82bab5ede6a316f6786a85bf2a445?s=96&d=mm&r=g","caption":"Anouk Vaudoyer"},"url":"https:\/\/listings.mybikeplan.ch\/fr\/author\/anouk-mybikeplan\/"}]}},"locale":"fr","_links":{"self":[{"href":"https:\/\/listings.mybikeplan.ch\/fr\/wp-json\/wp\/v2\/posts\/11274","targetHints":{"allow":["GET"]}}],"collection":[{"href":"https:\/\/listings.mybikeplan.ch\/fr\/wp-json\/wp\/v2\/posts"}],"about":[{"href":"https:\/\/listings.mybikeplan.ch\/fr\/wp-json\/wp\/v2\/types\/post"}],"author":[{"embeddable":true,"href":"https:\/\/listings.mybikeplan.ch\/fr\/wp-json\/wp\/v2\/users\/7"}],"replies":[{"embeddable":true,"href":"https:\/\/listings.mybikeplan.ch\/fr\/wp-json\/wp\/v2\/comments?post=11274"}],"version-history":[{"count":2,"href":"https:\/\/listings.mybikeplan.ch\/fr\/wp-json\/wp\/v2\/posts\/11274\/revisions"}],"predecessor-version":[{"id":13247,"href":"https:\/\/listings.mybikeplan.ch\/fr\/wp-json\/wp\/v2\/posts\/11274\/revisions\/13247"}],"wp:featuredmedia":[{"embeddable":true,"href":"https:\/\/listings.mybikeplan.ch\/fr\/wp-json\/wp\/v2\/media\/10700"}],"wp:attachment":[{"href":"https:\/\/listings.mybikeplan.ch\/fr\/wp-json\/wp\/v2\/media?parent=11274"}],"wp:term":[{"taxonomy":"category","embeddable":true,"href":"https:\/\/listings.mybikeplan.ch\/fr\/wp-json\/wp\/v2\/categories?post=11274"},{"taxonomy":"post_tag","embeddable":true,"href":"https:\/\/listings.mybikeplan.ch\/fr\/wp-json\/wp\/v2\/tags?post=11274"}],"curies":[{"name":"wp","href":"https:\/\/api.w.org\/{rel}","templated":true}]}}