{"id":11256,"date":"2021-08-02T10:56:44","date_gmt":"2021-08-02T10:56:44","guid":{"rendered":"https:\/\/listings.mybikeplan.ch\/?p=11256"},"modified":"2023-08-16T13:18:54","modified_gmt":"2023-08-16T13:18:54","slug":"charges-tu-ta-batterie-d-e-bike-mal","status":"publish","type":"post","link":"https:\/\/listings.mybikeplan.ch\/fr\/unkategorisiert\/charges-tu-ta-batterie-d-e-bike-mal\/","title":{"rendered":"Batterie de ton E Bike : La charges-tu mal ?"},"content":{"rendered":"\n<h3 class=\"wp-block-heading\">5 conseils pour bien entretenir ton E Bike<\/h3>\n\n\n\n<p>Que faut-il pour garder la batterie de ton E Bike et le v\u00e9lo lui-m\u00eame en bon \u00e9tat ? Avec ces 5 points, tu peux t&rsquo;assurer qu&rsquo;il reste en pleine forme pendant de nombreuses ann\u00e9es !<\/p>\n\n\n\n<h3 class=\"wp-block-heading\">Quel est le meilleur endroit pour ranger mon v\u00e9lo \u00e9lectrique ?<\/h3>\n\n\n\n<p>En gros, il est judicieux de ranger ton E Bike dans un endroit sec et prot\u00e9g\u00e9. D&rsquo;une part, tu veux prot\u00e9ger la peinture et le v\u00e9lo lui-m\u00eame &#8211; comme tout v\u00e9lo normal &#8211; de la rouille et des dommages caus\u00e9s par les intemp\u00e9ries. D&rsquo;un autre c\u00f4t\u00e9, les composants \u00e9lectroniques d&rsquo;un E Bike sont le c\u0153ur du v\u00e9lo, et tu dois pr\u00eater une attention particuli\u00e8re \u00e0 la batterie. Tu peux en savoir plus sur la meilleure fa\u00e7on de prot\u00e9ger la batterie au point 4 ci-dessous.&nbsp;<\/p>\n\n\n\n<p>Une autre partie du rangement ou du stationnement de ton v\u00e9lo \u00e9lectrique consiste \u00e0 le verrouiller. Assure-toi d&rsquo;avoir un cadenas de v\u00e9lo de haute qualit\u00e9 pour prot\u00e9ger ton E Bike des voleurs potentiels. Il existe de grandes diff\u00e9rences entre les diff\u00e9rentes serrures qui peuvent faire la diff\u00e9rence entre une tentative de vol et un vol r\u00e9el.&nbsp;<\/p>\n\n\n\n<h3 class=\"wp-block-heading\">Comment charger correctement la batterie de ton E Bike?<\/h3>\n\n\n\n<p>La batterie est la partie la plus sensible de l&rsquo;E Bike. Si tu fais attention \u00e0 quelques \u00e9l\u00e9ments, tu peux prolonger consid\u00e9rablement la dur\u00e9e de vie de la batterie.&nbsp;<\/p>\n\n\n\n<p>Quel que soit l&rsquo;endroit o\u00f9 se trouve ton v\u00e9lo \u00e9lectrique, tu dois toujours stocker la batterie dans un endroit sec. La temp\u00e9rature id\u00e9ale pour la batterie est de 10-20\u00b0C. Cela signifie que m\u00eame si tu ranges ton v\u00e9lo \u00e9lectrique \u00e0 l&rsquo;ext\u00e9rieur, par exemple, tu dois prendre la batterie \u00e0 l&rsquo;int\u00e9rieur. C&rsquo;est une \u00e9tape simple mais essentielle qui peut faire une grande diff\u00e9rence.&nbsp;<\/p>\n\n\n\n<p>Il y a aussi quelques \u00e9l\u00e9ments \u00e0 prendre en compte pour charger la batterie : Charge-le sur une prise de courant avec le c\u00e2ble correct qui l&rsquo;accompagne. Si tu es sorti dans le froid, il est recommand\u00e9 d&rsquo;attendre au moins 30 minutes avant de recharger. Cela \u00e9vitera un choc thermique \u00e0 la batterie.<\/p>\n\n\n\n<h3 class=\"wp-block-heading\">Comment puis-je nettoyer mon v\u00e9lo \u00e9lectrique ?<\/h3>\n\n\n\n<p>Tu viens de faire un tour et ton v\u00e9lo a besoin d&rsquo;\u00eatre nettoy\u00e9 ? (tu trouveras ici un guide de la ville de Lucerne ou des id\u00e9es de visites en E Bike autour de Zurich).&nbsp;<\/p>\n\n\n\n<p>Avant de nettoyer, retire la batterie et les accessoires tels que les lumi\u00e8res et l&rsquo;\u00e9cran, si possible. Lave ton v\u00e9lo avec un chiffon ou une flanelle humide et de l&rsquo;eau savonneuse. \u00c9vite d&rsquo;utiliser un nettoyeur haute pression, car la peinture pourrait \u00eatre endommag\u00e9e ou l&rsquo;eau pourrait m\u00eame p\u00e9n\u00e9trer dans le bo\u00eetier du moteur. Cela peut entra\u00eener des dommages qui n\u00e9cessitent des r\u00e9parations co\u00fbteuses.&nbsp;<\/p>\n\n\n\n<p>Si tu dois nettoyer ton v\u00e9lo souvent, tu peux aussi acheter un shampooing pour v\u00e9lo sp\u00e9cialement con\u00e7u. Cela emp\u00eache les composants et les joints en plastique de s\u00e9cher et de se corroder.&nbsp;<\/p>\n\n\n\n<p>Pour enlever la salet\u00e9 tenace, nous te recommandons une brosse de taille petite ou moyenne. Une astuce \u00e9cologique pour cela : Une vieille brosse \u00e0 dents est l&rsquo;outil parfait !&nbsp;<\/p>\n\n\n\n<h3 class=\"wp-block-heading\">\u00c0 quelle fr\u00e9quence dois-je apporter mon v\u00e9lo \u00e9lectrique pour l&rsquo;entretien ?<\/h3>\n\n\n\n<p>Il est g\u00e9n\u00e9ralement recommand\u00e9 d&#8217;emmener ton v\u00e9lo \u00e0 un entretien et \u00e0 un contr\u00f4le au moins une fois par an. Tout peut y \u00eatre v\u00e9rifi\u00e9 et les petites r\u00e9parations peuvent \u00eatre effectu\u00e9es directement. Pour les v\u00e9los \u00e9lectriques en particulier, la derni\u00e8re mise \u00e0 jour du logiciel peut aussi \u00eatre effectu\u00e9e.&nbsp;<\/p>\n\n\n\n<p>Si tu fais l&rsquo;entretien annuel, ton fid\u00e8le compagnon de tous les jours sur deux roues est bien pr\u00e9par\u00e9 pour la saison apr\u00e8s la saison.&nbsp;<\/p>\n\n\n\n<p>Si tu re\u00e7ois des messages d&rsquo;erreur sur l&rsquo;ordinateur de bord, tu peux demander au fabricant ou \u00e0 ton revendeur le code d&rsquo;erreur et sa signification. Tu peux contacter notre service client directement en ligne et sans aucune complication.<\/p>\n\n\n\n<h3 class=\"wp-block-heading\">Comment puis-je ranger mon v\u00e9lo \u00e9lectrique lorsqu&rsquo;il n&rsquo;est pas utilis\u00e9 ?<\/h3>\n\n\n\n<p>Tu n&rsquo;as pas besoin de ton e-bike pour le moment ? Assure-toi qu&rsquo;il se trouve dans un endroit s\u00fbr et s\u00e9curis\u00e9. Si l&rsquo;environnement n&rsquo;est pas compl\u00e8tement sec, tu peux aussi utiliser une feuille de couverture plastifi\u00e9e pour assurer une protection optimale.&nbsp;<\/p>\n\n\n\n<p>Encore une fois, la batterie est la partie la plus sensible du v\u00e9lo. Par cons\u00e9quent, retire la batterie de son support et range-la dans un climat sec et entre 10 et 20\u00b0C.&nbsp;<\/p>\n\n\n\n<p>Un autre point est que la batterie ne doit jamais rester compl\u00e8tement d\u00e9charg\u00e9e. Cela peut causer des dommages et r\u00e9duire gravement la capacit\u00e9. Pour \u00e9viter cela, assure-toi que la batterie est charg\u00e9e entre 30 et 60 % \u00e0 ce moment-l\u00e0. De plus, il existe des protections sp\u00e9ciales de la batterie qui lui assurent une protection suppl\u00e9mentaire contre les influences ext\u00e9rieures.&nbsp;<\/p>\n\n\n\n<p>Un E Bike ne n\u00e9cessite qu&rsquo;un peu plus d&rsquo;attention qu&rsquo;un v\u00e9lo conventionnel. Avec ces quelques points en t\u00eate, ton fid\u00e8le compagnon sera parfaitement \u00e9quip\u00e9 pour chaque saison et pour de nombreuses ann\u00e9es \u00e0 venir.\u00a0<a href=\"https:\/\/listings.mybikeplan.ch\/fr\/non-classifiee\/comment-stocker-correctement-ton-velo-electrique-en-hiver-et-en-automne\/\">Tu trouveras d&rsquo;ailleurs ici de plus amples informations<\/a> sur le stockage de ton v\u00e9lo \u00e9lectrique.<\/p>\n","protected":false},"excerpt":{"rendered":"<p>5 conseils pour bien entretenir ton E Bike Que faut-il pour garder la batterie de ton E Bike et le v\u00e9lo lui-m\u00eame en bon \u00e9tat ? Avec ces 5 points, tu peux t&rsquo;assurer qu&rsquo;il reste en pleine forme pendant de nombreuses ann\u00e9es ! Quel est le meilleur endroit pour ranger mon v\u00e9lo \u00e9lectrique ? En [&hellip;]<\/p>\n","protected":false},"author":7,"featured_media":10115,"comment_status":"open","ping_status":"open","sticky":false,"template":"","format":"standard","meta":{"_acf_changed":false,"footnotes":""},"categories":[4442,291,1],"tags":[],"class_list":["post-11256","post","type-post","status-publish","format-standard","has-post-thumbnail","hentry","category-mybikeplan-fr","category-non-classifiee","category-unkategorisiert"],"acf":[],"yoast_head":"<!-- This site is optimized with the Yoast SEO plugin v24.5 - https:\/\/yoast.com\/wordpress\/plugins\/seo\/ -->\n<title>Batterie de ton E Bike : La charges-tu mal ? |\u00a0MyBikePlan |\u00a0Blog<\/title>\n<meta name=\"description\" content=\"Comment charger correctement la batterie de ton E Bike ? Tu trouveras la r\u00e9ponse dans nos 5 points sur le sujet de l&#039;entretien des E Bikes\" \/>\n<meta name=\"robots\" content=\"noindex, follow, max-snippet:-1, max-image-preview:large, max-video-preview:-1\" \/>\n<meta property=\"og:locale\" content=\"fr_FR\" \/>\n<meta property=\"og:type\" content=\"article\" \/>\n<meta property=\"og:title\" content=\"Batterie de ton E Bike : La charges-tu mal ? |\u00a0MyBikePlan |\u00a0Blog\" \/>\n<meta property=\"og:description\" content=\"Comment charger correctement la batterie de ton E Bike ? Tu trouveras la r\u00e9ponse dans nos 5 points sur le sujet de l&#039;entretien des E Bikes\" \/>\n<meta property=\"og:url\" content=\"https:\/\/listings.mybikeplan.ch\/fr\/unkategorisiert\/charges-tu-ta-batterie-d-e-bike-mal\/\" \/>\n<meta property=\"og:site_name\" content=\"MyBikePlan\" \/>\n<meta property=\"article:published_time\" content=\"2021-08-02T10:56:44+00:00\" \/>\n<meta property=\"article:modified_time\" content=\"2023-08-16T13:18:54+00:00\" \/>\n<meta property=\"og:image\" content=\"https:\/\/listings.mybikeplan.ch\/wp-content\/uploads\/2021\/05\/Untitled-design-3-1.png\" \/>\n\t<meta property=\"og:image:width\" content=\"940\" \/>\n\t<meta property=\"og:image:height\" content=\"788\" \/>\n\t<meta property=\"og:image:type\" content=\"image\/png\" \/>\n<meta name=\"author\" content=\"Anouk Vaudoyer\" \/>\n<meta name=\"twitter:card\" content=\"summary_large_image\" \/>\n<meta name=\"twitter:label1\" content=\"\u00c9crit par\" \/>\n\t<meta name=\"twitter:data1\" content=\"Anouk Vaudoyer\" \/>\n\t<meta name=\"twitter:label2\" content=\"Dur\u00e9e de lecture estim\u00e9e\" \/>\n\t<meta name=\"twitter:data2\" content=\"4 minutes\" \/>\n<script type=\"application\/ld+json\" class=\"yoast-schema-graph\">{\"@context\":\"https:\/\/schema.org\",\"@graph\":[{\"@type\":\"WebPage\",\"@id\":\"https:\/\/listings.mybikeplan.ch\/fr\/unkategorisiert\/charges-tu-ta-batterie-d-e-bike-mal\/\",\"url\":\"https:\/\/listings.mybikeplan.ch\/fr\/unkategorisiert\/charges-tu-ta-batterie-d-e-bike-mal\/\",\"name\":\"Batterie de ton E Bike : La charges-tu mal ? |\u00a0MyBikePlan |\u00a0Blog\",\"isPartOf\":{\"@id\":\"https:\/\/listings.mybikeplan.ch\/fr\/#website\"},\"primaryImageOfPage\":{\"@id\":\"https:\/\/listings.mybikeplan.ch\/fr\/unkategorisiert\/charges-tu-ta-batterie-d-e-bike-mal\/#primaryimage\"},\"image\":{\"@id\":\"https:\/\/listings.mybikeplan.ch\/fr\/unkategorisiert\/charges-tu-ta-batterie-d-e-bike-mal\/#primaryimage\"},\"thumbnailUrl\":\"https:\/\/listings.mybikeplan.ch\/wp-content\/uploads\/2021\/05\/Untitled-design-3-1.png\",\"datePublished\":\"2021-08-02T10:56:44+00:00\",\"dateModified\":\"2023-08-16T13:18:54+00:00\",\"author\":{\"@id\":\"https:\/\/listings.mybikeplan.ch\/fr\/#\/schema\/person\/af9ea95c7323c582a24df91d53b4d197\"},\"description\":\"Comment charger correctement la batterie de ton E Bike ? Tu trouveras la r\u00e9ponse dans nos 5 points sur le sujet de l'entretien des E Bikes\",\"breadcrumb\":{\"@id\":\"https:\/\/listings.mybikeplan.ch\/fr\/unkategorisiert\/charges-tu-ta-batterie-d-e-bike-mal\/#breadcrumb\"},\"inLanguage\":\"fr-FR\",\"potentialAction\":[{\"@type\":\"ReadAction\",\"target\":[\"https:\/\/listings.mybikeplan.ch\/fr\/unkategorisiert\/charges-tu-ta-batterie-d-e-bike-mal\/\"]}]},{\"@type\":\"ImageObject\",\"inLanguage\":\"fr-FR\",\"@id\":\"https:\/\/listings.mybikeplan.ch\/fr\/unkategorisiert\/charges-tu-ta-batterie-d-e-bike-mal\/#primaryimage\",\"url\":\"https:\/\/listings.mybikeplan.ch\/wp-content\/uploads\/2021\/05\/Untitled-design-3-1.png\",\"contentUrl\":\"https:\/\/listings.mybikeplan.ch\/wp-content\/uploads\/2021\/05\/Untitled-design-3-1.png\",\"width\":940,\"height\":788,\"caption\":\"E Bike Akku\"},{\"@type\":\"BreadcrumbList\",\"@id\":\"https:\/\/listings.mybikeplan.ch\/fr\/unkategorisiert\/charges-tu-ta-batterie-d-e-bike-mal\/#breadcrumb\",\"itemListElement\":[{\"@type\":\"ListItem\",\"position\":1,\"name\":\"Home\",\"item\":\"https:\/\/listings.mybikeplan.ch\/fr\/home\/\"},{\"@type\":\"ListItem\",\"position\":2,\"name\":\"Batterie de ton E Bike : La charges-tu mal ?\"}]},{\"@type\":\"WebSite\",\"@id\":\"https:\/\/listings.mybikeplan.ch\/fr\/#website\",\"url\":\"https:\/\/listings.mybikeplan.ch\/fr\/\",\"name\":\"MyBikePlan\",\"description\":\"\",\"potentialAction\":[{\"@type\":\"SearchAction\",\"target\":{\"@type\":\"EntryPoint\",\"urlTemplate\":\"https:\/\/listings.mybikeplan.ch\/fr\/?s={search_term_string}\"},\"query-input\":{\"@type\":\"PropertyValueSpecification\",\"valueRequired\":true,\"valueName\":\"search_term_string\"}}],\"inLanguage\":\"fr-FR\"},{\"@type\":\"Person\",\"@id\":\"https:\/\/listings.mybikeplan.ch\/fr\/#\/schema\/person\/af9ea95c7323c582a24df91d53b4d197\",\"name\":\"Anouk Vaudoyer\",\"image\":{\"@type\":\"ImageObject\",\"inLanguage\":\"fr-FR\",\"@id\":\"https:\/\/listings.mybikeplan.ch\/fr\/#\/schema\/person\/image\/\",\"url\":\"https:\/\/secure.gravatar.com\/avatar\/bfce9c1d9ed736e9f036fa97a03dbeada0f82bab5ede6a316f6786a85bf2a445?s=96&d=mm&r=g\",\"contentUrl\":\"https:\/\/secure.gravatar.com\/avatar\/bfce9c1d9ed736e9f036fa97a03dbeada0f82bab5ede6a316f6786a85bf2a445?s=96&d=mm&r=g\",\"caption\":\"Anouk Vaudoyer\"},\"url\":\"https:\/\/listings.mybikeplan.ch\/fr\/author\/anouk-mybikeplan\/\"}]}<\/script>\n<!-- \/ Yoast SEO plugin. -->","yoast_head_json":{"title":"Batterie de ton E Bike : La charges-tu mal ? |\u00a0MyBikePlan |\u00a0Blog","description":"Comment charger correctement la batterie de ton E Bike ? Tu trouveras la r\u00e9ponse dans nos 5 points sur le sujet de l'entretien des E Bikes","robots":{"index":"noindex","follow":"follow","max-snippet":"max-snippet:-1","max-image-preview":"max-image-preview:large","max-video-preview":"max-video-preview:-1"},"og_locale":"fr_FR","og_type":"article","og_title":"Batterie de ton E Bike : La charges-tu mal ? |\u00a0MyBikePlan |\u00a0Blog","og_description":"Comment charger correctement la batterie de ton E Bike ? Tu trouveras la r\u00e9ponse dans nos 5 points sur le sujet de l'entretien des E Bikes","og_url":"https:\/\/listings.mybikeplan.ch\/fr\/unkategorisiert\/charges-tu-ta-batterie-d-e-bike-mal\/","og_site_name":"MyBikePlan","article_published_time":"2021-08-02T10:56:44+00:00","article_modified_time":"2023-08-16T13:18:54+00:00","og_image":[{"width":940,"height":788,"url":"https:\/\/listings.mybikeplan.ch\/wp-content\/uploads\/2021\/05\/Untitled-design-3-1.png","type":"image\/png"}],"author":"Anouk Vaudoyer","twitter_card":"summary_large_image","twitter_misc":{"\u00c9crit par":"Anouk Vaudoyer","Dur\u00e9e de lecture estim\u00e9e":"4 minutes"},"schema":{"@context":"https:\/\/schema.org","@graph":[{"@type":"WebPage","@id":"https:\/\/listings.mybikeplan.ch\/fr\/unkategorisiert\/charges-tu-ta-batterie-d-e-bike-mal\/","url":"https:\/\/listings.mybikeplan.ch\/fr\/unkategorisiert\/charges-tu-ta-batterie-d-e-bike-mal\/","name":"Batterie de ton E Bike : La charges-tu mal ? |\u00a0MyBikePlan |\u00a0Blog","isPartOf":{"@id":"https:\/\/listings.mybikeplan.ch\/fr\/#website"},"primaryImageOfPage":{"@id":"https:\/\/listings.mybikeplan.ch\/fr\/unkategorisiert\/charges-tu-ta-batterie-d-e-bike-mal\/#primaryimage"},"image":{"@id":"https:\/\/listings.mybikeplan.ch\/fr\/unkategorisiert\/charges-tu-ta-batterie-d-e-bike-mal\/#primaryimage"},"thumbnailUrl":"https:\/\/listings.mybikeplan.ch\/wp-content\/uploads\/2021\/05\/Untitled-design-3-1.png","datePublished":"2021-08-02T10:56:44+00:00","dateModified":"2023-08-16T13:18:54+00:00","author":{"@id":"https:\/\/listings.mybikeplan.ch\/fr\/#\/schema\/person\/af9ea95c7323c582a24df91d53b4d197"},"description":"Comment charger correctement la batterie de ton E Bike ? Tu trouveras la r\u00e9ponse dans nos 5 points sur le sujet de l'entretien des E Bikes","breadcrumb":{"@id":"https:\/\/listings.mybikeplan.ch\/fr\/unkategorisiert\/charges-tu-ta-batterie-d-e-bike-mal\/#breadcrumb"},"inLanguage":"fr-FR","potentialAction":[{"@type":"ReadAction","target":["https:\/\/listings.mybikeplan.ch\/fr\/unkategorisiert\/charges-tu-ta-batterie-d-e-bike-mal\/"]}]},{"@type":"ImageObject","inLanguage":"fr-FR","@id":"https:\/\/listings.mybikeplan.ch\/fr\/unkategorisiert\/charges-tu-ta-batterie-d-e-bike-mal\/#primaryimage","url":"https:\/\/listings.mybikeplan.ch\/wp-content\/uploads\/2021\/05\/Untitled-design-3-1.png","contentUrl":"https:\/\/listings.mybikeplan.ch\/wp-content\/uploads\/2021\/05\/Untitled-design-3-1.png","width":940,"height":788,"caption":"E Bike Akku"},{"@type":"BreadcrumbList","@id":"https:\/\/listings.mybikeplan.ch\/fr\/unkategorisiert\/charges-tu-ta-batterie-d-e-bike-mal\/#breadcrumb","itemListElement":[{"@type":"ListItem","position":1,"name":"Home","item":"https:\/\/listings.mybikeplan.ch\/fr\/home\/"},{"@type":"ListItem","position":2,"name":"Batterie de ton E Bike : La charges-tu mal ?"}]},{"@type":"WebSite","@id":"https:\/\/listings.mybikeplan.ch\/fr\/#website","url":"https:\/\/listings.mybikeplan.ch\/fr\/","name":"MyBikePlan","description":"","potentialAction":[{"@type":"SearchAction","target":{"@type":"EntryPoint","urlTemplate":"https:\/\/listings.mybikeplan.ch\/fr\/?s={search_term_string}"},"query-input":{"@type":"PropertyValueSpecification","valueRequired":true,"valueName":"search_term_string"}}],"inLanguage":"fr-FR"},{"@type":"Person","@id":"https:\/\/listings.mybikeplan.ch\/fr\/#\/schema\/person\/af9ea95c7323c582a24df91d53b4d197","name":"Anouk Vaudoyer","image":{"@type":"ImageObject","inLanguage":"fr-FR","@id":"https:\/\/listings.mybikeplan.ch\/fr\/#\/schema\/person\/image\/","url":"https:\/\/secure.gravatar.com\/avatar\/bfce9c1d9ed736e9f036fa97a03dbeada0f82bab5ede6a316f6786a85bf2a445?s=96&d=mm&r=g","contentUrl":"https:\/\/secure.gravatar.com\/avatar\/bfce9c1d9ed736e9f036fa97a03dbeada0f82bab5ede6a316f6786a85bf2a445?s=96&d=mm&r=g","caption":"Anouk Vaudoyer"},"url":"https:\/\/listings.mybikeplan.ch\/fr\/author\/anouk-mybikeplan\/"}]}},"locale":"fr","_links":{"self":[{"href":"https:\/\/listings.mybikeplan.ch\/fr\/wp-json\/wp\/v2\/posts\/11256","targetHints":{"allow":["GET"]}}],"collection":[{"href":"https:\/\/listings.mybikeplan.ch\/fr\/wp-json\/wp\/v2\/posts"}],"about":[{"href":"https:\/\/listings.mybikeplan.ch\/fr\/wp-json\/wp\/v2\/types\/post"}],"author":[{"embeddable":true,"href":"https:\/\/listings.mybikeplan.ch\/fr\/wp-json\/wp\/v2\/users\/7"}],"replies":[{"embeddable":true,"href":"https:\/\/listings.mybikeplan.ch\/fr\/wp-json\/wp\/v2\/comments?post=11256"}],"version-history":[{"count":2,"href":"https:\/\/listings.mybikeplan.ch\/fr\/wp-json\/wp\/v2\/posts\/11256\/revisions"}],"predecessor-version":[{"id":22497,"href":"https:\/\/listings.mybikeplan.ch\/fr\/wp-json\/wp\/v2\/posts\/11256\/revisions\/22497"}],"wp:featuredmedia":[{"embeddable":true,"href":"https:\/\/listings.mybikeplan.ch\/fr\/wp-json\/wp\/v2\/media\/10115"}],"wp:attachment":[{"href":"https:\/\/listings.mybikeplan.ch\/fr\/wp-json\/wp\/v2\/media?parent=11256"}],"wp:term":[{"taxonomy":"category","embeddable":true,"href":"https:\/\/listings.mybikeplan.ch\/fr\/wp-json\/wp\/v2\/categories?post=11256"},{"taxonomy":"post_tag","embeddable":true,"href":"https:\/\/listings.mybikeplan.ch\/fr\/wp-json\/wp\/v2\/tags?post=11256"}],"curies":[{"name":"wp","href":"https:\/\/api.w.org\/{rel}","templated":true}]}}