{"id":11246,"date":"2021-08-02T09:24:33","date_gmt":"2021-08-02T09:24:33","guid":{"rendered":"https:\/\/listings.mybikeplan.ch\/?p=11246"},"modified":"2023-08-16T13:19:03","modified_gmt":"2023-08-16T13:19:03","slug":"tours-de-velo-en-suisse-3-idees-depuis-sion","status":"publish","type":"post","link":"https:\/\/listings.mybikeplan.ch\/fr\/unkategorisiert\/tours-de-velo-en-suisse-3-idees-depuis-sion\/","title":{"rendered":"Tours de v\u00e9lo en Suisse : 3 id\u00e9es depuis Sion"},"content":{"rendered":"\n<h3 class=\"wp-block-heading\">Notre premier tour de v\u00e9lo en Suisse pour le Valais<\/h3>\n\n\n\n<p>Voici le prochain guide de tours en v\u00e9lo en Suisse &#8211; nous continuons dans le canton du Valais !&nbsp;<\/p>\n\n\n\n<p>Une fois encore, nous avons rassembl\u00e9 trois itin\u00e9raires, de niveau facile \u00e0 difficile ou de d\u00e9butant \u00e0 expert.&nbsp;<\/p>\n\n\n\n<p>Pour tous, nous recommandons un Trekking E Bike. Celui-ci t&rsquo;accompagnera de mani\u00e8re optimale sur tous les sentiers et te prot\u00e9gera de tous les chocs gr\u00e2ce \u00e0 ses suspensions. Allons-y !<\/p>\n\n\n\n<h3 class=\"wp-block-heading\">D\u00e9butant : Une promenade au fil de l&rsquo;eau<\/h3>\n\n\n\n<p>La visite commence \u00e0 Sion. Gare ta voiture sur place, voyage en train ou commence ta visite directement en v\u00e9lo ou en E Bike si tu es d\u00e9j\u00e0 sur place.&nbsp;<\/p>\n\n\n\n<p>Ce premier itin\u00e9raire est l&rsquo;itin\u00e9raire du d\u00e9butant. Il t&#8217;emm\u00e8ne sur 40 km le long du Rh\u00f4ne jusqu&rsquo;\u00e0 Sierre, passe par le Ch\u00e2teau de Venth\u00f4ne et revient \u00e0 Sion. La diff\u00e9rence d&rsquo;altitude est d&rsquo;environ 400 m et est facilement g\u00e9rable sur un E Bike. Sans t&rsquo;arr\u00eater, tu arriveras au point de d\u00e9part en 1,5-2h environ. Cependant, il y a aussi plusieurs arr\u00eats en cours de route qui t&rsquo;invitent \u00e0 t&rsquo;attarder.<\/p>\n\n\n\n<h4 class=\"wp-block-heading\">Sierre<\/h4>\n\n\n\n<p><a href=\"https:\/\/www.sierre.ch\/\">Sierre &#8211; la ville du soleil<\/a>.&nbsp;La ville compte environ 17 000 habitants et est l&rsquo;une des villes les plus ensoleill\u00e9es de Suisse. L&rsquo;itin\u00e9raire te fait passer devant, mais tu peux bien s\u00fbr changer d&rsquo;itin\u00e9raire \u00e0 tout moment et explorer un peu la ville.&nbsp;<\/p>\n\n\n\n<p>Fais-toi plaisir en visitant un restaurant ou en te promenant dans les rues. Si tu veux continuer directement, la vue suivante offre une autre possibilit\u00e9 d&rsquo;escale.<\/p>\n\n\n\n<h4 class=\"wp-block-heading\">Ch\u00e2teau de Venth\u00f4ne<\/h4>\n\n\n\n<p>Le <a href=\"https:\/\/www.noble-contree.ch\/fr\/chateau-venthone-212.html\">Ch\u00e2teau de Venth\u00f4ne<\/a> est l&rsquo;une des nombreuses curiosit\u00e9s de cette r\u00e9gion. Le ch\u00e2teau est situ\u00e9 au-dessus de Mi\u00e8ge et se trouve au point le plus \u00e9lev\u00e9 de l&rsquo;itin\u00e9raire. Elle date du 13e si\u00e8cle et t\u00e9moigne de l&rsquo;histoire du chevalier Pierre de Venth\u00f4ne. Elle vaut le d\u00e9tour et t&rsquo;offre une vue imprenable sur la vall\u00e9e du Rh\u00f4ne.&nbsp;<\/p>\n\n\n\n<iframe src=\"https:\/\/www.google.com\/maps\/embed?pb=!1m52!1m12!1m3!1d176507.9592199096!2d7.313510878261134!3d46.27135901138466!2m3!1f0!2f0!3f0!3m2!1i1024!2i768!4f13.1!4m37!3e1!4m5!1s0x478ede85d8f91aaf%3A0xfe3fae7d36878aca!2sSion!3m2!1d46.233122099999996!2d7.360626!4m5!1s0x478ede54579127a7%3A0xee238cd30403ffc3!2s1967%20Bramois!3m2!1d46.2335613!2d7.4009712!4m5!1s0x478f1ee4758726e9%3A0xd680e1a4d24abc3d!2zTWnDqGdlLCBMZXMgVmVyZ2VycywgMzk3MiBNacOoZ2U!3m2!1d46.310724!2d7.546335999999999!4m5!1s0x478f1fa224359e7d%3A0xc2e9e7e0cada483!2sRte%20de%20Corin%2010%2C%203960%20Sierre!3m2!1d46.290074999999995!2d7.5189806!4m5!1s0x478ee01e041f099f%3A0xec4d0b99da73a959!2sRte%20Cantonale%2C%203971%20Crans-Montana!3m2!1d46.2853535!2d7.4782582!4m5!1s0x478ede85d8f91aaf%3A0xfe3fae7d36878aca!2sSion!3m2!1d46.233122099999996!2d7.360626!5e0!3m2!1sen!2sch!4v1627894996543!5m2!1sen!2sch\" width=\"600\" height=\"450\" style=\"border:0;\" allowfullscreen=\"\" loading=\"lazy\"><\/iframe>\n\n\n\n<h3 class=\"wp-block-heading\">Avanc\u00e9 : Panorama du Valais<\/h3>\n\n\n\n<p>La deuxi\u00e8me route m\u00e8ne \u00e0 travers toute la r\u00e9gion de Sion. Pendant environ 30 km mais deux fois plus de m\u00e8tres d&rsquo;altitude, il te fait passer devant de nombreux attrape-regards.&nbsp;<\/p>\n\n\n\n<p>La diff\u00e9rence d&rsquo;altitude signifie que cet itin\u00e9raire convient aux personnes plus athl\u00e9tiques &#8211; bien que cela d\u00e9pende aussi de ton v\u00e9lo \u00e9lectrique. Si tu as un v\u00e9lo \u00e9lectrique avec un moteur puissant, tu peux aussi g\u00e9rer la diff\u00e9rence d&rsquo;altitude avec plus d&rsquo;appui et ainsi \u00e9conomiser la puissance musculaire.&nbsp;<\/p>\n\n\n\n<h4 class=\"wp-block-heading\">Une touche de Ricola<\/h4>\n\n\n\n<p>Ici aussi, nous commen\u00e7ons \u00e0 Sion. En sortant de la ville, tu te diriges vers Ch\u00e2teauneuf. Puis tu suis la Morge jusqu&rsquo;\u00e0 la premi\u00e8re mont\u00e9e. Ici, tu peux d\u00e9j\u00e0 voir le premier vignoble, qui te ravira de plus en plus par sa vue.&nbsp;<\/p>\n\n\n\n<p>La premi\u00e8re destination est Savi\u00e8se. En passant par des zones pittoresques avec diff\u00e9rents d\u00e9cors naturels, tu atteindras Grimisuat. Les jardins d&rsquo;herbes que tu peux admirer (et sentir) ici sont utilis\u00e9s pour fabriquer de la Ricola !&nbsp;<\/p>\n\n\n\n<p>Le panorama compense tous les efforts fournis &#8211; cela vaut la peine d&rsquo;admirer la vue pendant une longue pause ! Les Alpes valaisannes continuent de se montrer jusqu&rsquo;\u00e0 ce que tu aies termin\u00e9 la mont\u00e9e vers Arbaz. Une fois que tu as atteint le village de St. Romain, la descente abrupte commence. Attention &#8211; sois prudent et ici aussi, la s\u00e9curit\u00e9 est toujours la chose la plus importante !&nbsp;<\/p>\n\n\n\n<p>Le chemin du retour te fait passer par la rivi\u00e8re Lienne pour revenir au Rh\u00f4ne et \u00e0 Sion.&nbsp;<\/p>\n\n\n\n<iframe src=\"https:\/\/www.google.com\/maps\/embed?pb=!1m46!1m12!1m3!1d44139.27886819011!2d7.3398054541651625!3d46.25609345414582!2m3!1f0!2f0!3f0!3m2!1i1024!2i768!4f13.1!4m31!3e1!4m5!1s0x478ede85d8f91aaf%3A0xfe3fae7d36878aca!2sSion!3m2!1d46.233122099999996!2d7.360626!4m5!1s0x478edc38e2ee68df%3A0x93250f1829fc4bf9!2sAv.%20de%20France%2054%2C%201950%20Sion!3m2!1d46.228879899999995!2d7.350829!4m5!1s0x478ee7390b0bb043%3A0xcd5e2e8e160baae!2sArbaz%2C%201974!3m2!1d46.2717615!2d7.3810394!4m5!1s0x478ee09909a2e141%3A0x68aa4b177f8fea06!2sSaint-Romain%20(Ayent)%2C%201966%20Ayent!3m2!1d46.283269999999995!2d7.4120099999999995!4m5!1s0x478edc302a758c8f%3A0xee09116a6107695d!2sRue%20du%20Grand-Pont%206%2C%201950%20Sion!3m2!1d46.2335722!2d7.3607238!5e0!3m2!1sen!2sch!4v1627895346114!5m2!1sen!2sch\" width=\"600\" height=\"450\" style=\"border:0;\" allowfullscreen=\"\" loading=\"lazy\"><\/iframe>\n\n\n\n<h3 class=\"wp-block-heading\">Expert : Crans-Montana<\/h3>\n\n\n\n<p>Le dernier itin\u00e9raire, et donc le plus p\u00e9nible, est le suivant avec trois ascensions \u00e0 <a href=\"https:\/\/www.crans-montana.ch\/\">Crans-Montana<\/a>.<\/p>\n\n\n\n<h4 class=\"wp-block-heading\">Les trois mont\u00e9es<\/h4>\n\n\n\n<p>Le d\u00e9but du parcours est pratiquement le m\u00eame qu&rsquo;avant : avec quelques coups de p\u00e9dale, tu pars en direction des vignobles et vers les hauteurs. Jusqu&rsquo;\u00e0 Arbaz, en passant par les jardins d&rsquo;herbes aromatiques (encore une fois les saveurs pour Ricola) et des paysages pittoresques.&nbsp;Mais au lieu d&rsquo;une descente, il y a maintenant une autre mont\u00e9e jusqu&rsquo;\u00e0 Anz\u00e8re. Depuis Icogne, la derni\u00e8re mont\u00e9e se fait \u00e0 Crans Montana, plus pr\u00e9cis\u00e9ment \u00e0 Place d&rsquo;Ycoor \u00e0 1500 m d&rsquo;altitude.&nbsp;<\/p>\n\n\n\n<p>Une pause apr\u00e8s cet effort est bien m\u00e9rit\u00e9e et ne doit \u00eatre manqu\u00e9e sous aucun pr\u00e9texte.<a href=\"https:\/\/www.crans-montana.ch\/\">&nbsp;Il y a de nombreuses offres sur le Crans Montana<\/a> !&nbsp;Il est pr\u00e9f\u00e9rable de s&rsquo;informer \u00e0 l&rsquo;avance pour pouvoir planifier un super voyage.&nbsp;<\/p>\n\n\n\n<p>La descente vers Sion te fait descendre dans la vall\u00e9e pour revenir \u00e0 Sion le long du Rh\u00f4ne.<\/p>\n\n\n\n<iframe src=\"https:\/\/www.google.com\/maps\/embed?pb=!1m58!1m12!1m3!1d88251.97056083592!2d7.343874363929348!3d46.27260666654723!2m3!1f0!2f0!3f0!3m2!1i1024!2i768!4f13.1!4m43!3e1!4m5!1s0x478ede85d8f91aaf%3A0xfe3fae7d36878aca!2sSion!3m2!1d46.233122099999996!2d7.360626!4m5!1s0x478edd8c5d8d1c13%3A0xe507d1c33a6dc8b2!2sMayens-de-la-Zour%2C%201965%20Savi%C3%A8se!3m2!1d46.27409!2d7.35607!4m5!1s0x478ee7390b0bb043%3A0xcd5e2e8e160baae!2sArbaz%2C%201974!3m2!1d46.2717615!2d7.3810394!4m5!1s0x478ee1b90bb8edf3%3A0x6229b3bf36e1f924!2sIcogne!3m2!1d46.290802!2d7.4381663!4m5!1s0x478ee072238800d9%3A0x2b601d2d09c86d9a!2sRte%20de%20Crans%2011%2C%201978%20Lens!3m2!1d46.2819092!2d7.448595999999999!4m5!1s0x478ee1d49eb521ad%3A0x732bedff3b68ff66!2sCaf%C3%A9%20d'Ycoor%2C%20Rte%20du%20Rawyl%2056%2C%203963%20Crans-Montana!3m2!1d46.312064199999995!2d7.4796339!4m5!1s0x478ede85d8f91aaf%3A0xfe3fae7d36878aca!2sSion!3m2!1d46.233122099999996!2d7.360626!5e0!3m2!1sen!2sch!4v1627895634549!5m2!1sen!2sch\" width=\"600\" height=\"450\" style=\"border:0;\" allowfullscreen=\"\" loading=\"lazy\"><\/iframe>\n\n\n\n<p>Tours de v\u00e9lo en Suisse &#8211; ce sont les trois premi\u00e8res id\u00e9es de circuits en Valais ! Si tu as des questions, n&rsquo;h\u00e9site pas \u00e0 nous contacter.<\/p>\n","protected":false},"excerpt":{"rendered":"<p>Notre premier tour de v\u00e9lo en Suisse pour le Valais Voici le prochain guide de tours en v\u00e9lo en Suisse &#8211; nous continuons dans le canton du Valais !&nbsp; Une fois encore, nous avons rassembl\u00e9 trois itin\u00e9raires, de niveau facile \u00e0 difficile ou de d\u00e9butant \u00e0 expert.&nbsp; Pour tous, nous recommandons un Trekking E Bike. [&hellip;]<\/p>\n","protected":false},"author":7,"featured_media":11424,"comment_status":"open","ping_status":"open","sticky":false,"template":"","format":"standard","meta":{"_acf_changed":false,"footnotes":""},"categories":[4442,291,1],"tags":[],"class_list":["post-11246","post","type-post","status-publish","format-standard","has-post-thumbnail","hentry","category-mybikeplan-fr","category-non-classifiee","category-unkategorisiert"],"acf":[],"yoast_head":"<!-- This site is optimized with the Yoast SEO plugin v24.5 - https:\/\/yoast.com\/wordpress\/plugins\/seo\/ -->\n<title>Tours de v\u00e9lo en Suisse | 3 id\u00e9es au d\u00e9part de Sion | MyBikePlan<\/title>\n<meta name=\"description\" content=\"Nos id\u00e9es de tours de v\u00e9lo en Suisse ! Nous sommes arriv\u00e9s en Valais et avons rassembl\u00e9 trois itin\u00e9raires au d\u00e9part de Sion.\" \/>\n<meta name=\"robots\" content=\"noindex, follow, max-snippet:-1, max-image-preview:large, max-video-preview:-1\" \/>\n<meta property=\"og:locale\" content=\"fr_FR\" \/>\n<meta property=\"og:type\" content=\"article\" \/>\n<meta property=\"og:title\" content=\"Tours de v\u00e9lo en Suisse | 3 id\u00e9es au d\u00e9part de Sion | MyBikePlan\" \/>\n<meta property=\"og:description\" content=\"Nos id\u00e9es de tours de v\u00e9lo en Suisse ! Nous sommes arriv\u00e9s en Valais et avons rassembl\u00e9 trois itin\u00e9raires au d\u00e9part de Sion.\" \/>\n<meta property=\"og:url\" content=\"https:\/\/listings.mybikeplan.ch\/fr\/unkategorisiert\/tours-de-velo-en-suisse-3-idees-depuis-sion\/\" \/>\n<meta property=\"og:site_name\" content=\"MyBikePlan\" \/>\n<meta property=\"article:published_time\" content=\"2021-08-02T09:24:33+00:00\" \/>\n<meta property=\"article:modified_time\" content=\"2023-08-16T13:19:03+00:00\" \/>\n<meta property=\"og:image\" content=\"https:\/\/listings.mybikeplan.ch\/wp-content\/uploads\/2021\/08\/E-Bike-Guide-Sitten-570x320-1.jpg\" \/>\n\t<meta property=\"og:image:width\" content=\"570\" \/>\n\t<meta property=\"og:image:height\" content=\"320\" \/>\n\t<meta property=\"og:image:type\" content=\"image\/jpeg\" \/>\n<meta name=\"author\" content=\"Anouk Vaudoyer\" \/>\n<meta name=\"twitter:card\" content=\"summary_large_image\" \/>\n<meta name=\"twitter:label1\" content=\"\u00c9crit par\" \/>\n\t<meta name=\"twitter:data1\" content=\"Anouk Vaudoyer\" \/>\n\t<meta name=\"twitter:label2\" content=\"Dur\u00e9e de lecture estim\u00e9e\" \/>\n\t<meta name=\"twitter:data2\" content=\"4 minutes\" \/>\n<script type=\"application\/ld+json\" class=\"yoast-schema-graph\">{\"@context\":\"https:\/\/schema.org\",\"@graph\":[{\"@type\":\"WebPage\",\"@id\":\"https:\/\/listings.mybikeplan.ch\/fr\/unkategorisiert\/tours-de-velo-en-suisse-3-idees-depuis-sion\/\",\"url\":\"https:\/\/listings.mybikeplan.ch\/fr\/unkategorisiert\/tours-de-velo-en-suisse-3-idees-depuis-sion\/\",\"name\":\"Tours de v\u00e9lo en Suisse | 3 id\u00e9es au d\u00e9part de Sion | MyBikePlan\",\"isPartOf\":{\"@id\":\"https:\/\/listings.mybikeplan.ch\/fr\/#website\"},\"primaryImageOfPage\":{\"@id\":\"https:\/\/listings.mybikeplan.ch\/fr\/unkategorisiert\/tours-de-velo-en-suisse-3-idees-depuis-sion\/#primaryimage\"},\"image\":{\"@id\":\"https:\/\/listings.mybikeplan.ch\/fr\/unkategorisiert\/tours-de-velo-en-suisse-3-idees-depuis-sion\/#primaryimage\"},\"thumbnailUrl\":\"https:\/\/listings.mybikeplan.ch\/wp-content\/uploads\/2021\/08\/E-Bike-Guide-Sitten-570x320-1.jpg\",\"datePublished\":\"2021-08-02T09:24:33+00:00\",\"dateModified\":\"2023-08-16T13:19:03+00:00\",\"author\":{\"@id\":\"https:\/\/listings.mybikeplan.ch\/fr\/#\/schema\/person\/af9ea95c7323c582a24df91d53b4d197\"},\"description\":\"Nos id\u00e9es de tours de v\u00e9lo en Suisse ! Nous sommes arriv\u00e9s en Valais et avons rassembl\u00e9 trois itin\u00e9raires au d\u00e9part de Sion.\",\"breadcrumb\":{\"@id\":\"https:\/\/listings.mybikeplan.ch\/fr\/unkategorisiert\/tours-de-velo-en-suisse-3-idees-depuis-sion\/#breadcrumb\"},\"inLanguage\":\"fr-FR\",\"potentialAction\":[{\"@type\":\"ReadAction\",\"target\":[\"https:\/\/listings.mybikeplan.ch\/fr\/unkategorisiert\/tours-de-velo-en-suisse-3-idees-depuis-sion\/\"]}]},{\"@type\":\"ImageObject\",\"inLanguage\":\"fr-FR\",\"@id\":\"https:\/\/listings.mybikeplan.ch\/fr\/unkategorisiert\/tours-de-velo-en-suisse-3-idees-depuis-sion\/#primaryimage\",\"url\":\"https:\/\/listings.mybikeplan.ch\/wp-content\/uploads\/2021\/08\/E-Bike-Guide-Sitten-570x320-1.jpg\",\"contentUrl\":\"https:\/\/listings.mybikeplan.ch\/wp-content\/uploads\/2021\/08\/E-Bike-Guide-Sitten-570x320-1.jpg\",\"width\":570,\"height\":320},{\"@type\":\"BreadcrumbList\",\"@id\":\"https:\/\/listings.mybikeplan.ch\/fr\/unkategorisiert\/tours-de-velo-en-suisse-3-idees-depuis-sion\/#breadcrumb\",\"itemListElement\":[{\"@type\":\"ListItem\",\"position\":1,\"name\":\"Home\",\"item\":\"https:\/\/listings.mybikeplan.ch\/fr\/home\/\"},{\"@type\":\"ListItem\",\"position\":2,\"name\":\"Tours de v\u00e9lo en Suisse : 3 id\u00e9es depuis Sion\"}]},{\"@type\":\"WebSite\",\"@id\":\"https:\/\/listings.mybikeplan.ch\/fr\/#website\",\"url\":\"https:\/\/listings.mybikeplan.ch\/fr\/\",\"name\":\"MyBikePlan\",\"description\":\"\",\"potentialAction\":[{\"@type\":\"SearchAction\",\"target\":{\"@type\":\"EntryPoint\",\"urlTemplate\":\"https:\/\/listings.mybikeplan.ch\/fr\/?s={search_term_string}\"},\"query-input\":{\"@type\":\"PropertyValueSpecification\",\"valueRequired\":true,\"valueName\":\"search_term_string\"}}],\"inLanguage\":\"fr-FR\"},{\"@type\":\"Person\",\"@id\":\"https:\/\/listings.mybikeplan.ch\/fr\/#\/schema\/person\/af9ea95c7323c582a24df91d53b4d197\",\"name\":\"Anouk Vaudoyer\",\"image\":{\"@type\":\"ImageObject\",\"inLanguage\":\"fr-FR\",\"@id\":\"https:\/\/listings.mybikeplan.ch\/fr\/#\/schema\/person\/image\/\",\"url\":\"https:\/\/secure.gravatar.com\/avatar\/bfce9c1d9ed736e9f036fa97a03dbeada0f82bab5ede6a316f6786a85bf2a445?s=96&d=mm&r=g\",\"contentUrl\":\"https:\/\/secure.gravatar.com\/avatar\/bfce9c1d9ed736e9f036fa97a03dbeada0f82bab5ede6a316f6786a85bf2a445?s=96&d=mm&r=g\",\"caption\":\"Anouk Vaudoyer\"},\"url\":\"https:\/\/listings.mybikeplan.ch\/fr\/author\/anouk-mybikeplan\/\"}]}<\/script>\n<!-- \/ Yoast SEO plugin. -->","yoast_head_json":{"title":"Tours de v\u00e9lo en Suisse | 3 id\u00e9es au d\u00e9part de Sion | MyBikePlan","description":"Nos id\u00e9es de tours de v\u00e9lo en Suisse ! Nous sommes arriv\u00e9s en Valais et avons rassembl\u00e9 trois itin\u00e9raires au d\u00e9part de Sion.","robots":{"index":"noindex","follow":"follow","max-snippet":"max-snippet:-1","max-image-preview":"max-image-preview:large","max-video-preview":"max-video-preview:-1"},"og_locale":"fr_FR","og_type":"article","og_title":"Tours de v\u00e9lo en Suisse | 3 id\u00e9es au d\u00e9part de Sion | MyBikePlan","og_description":"Nos id\u00e9es de tours de v\u00e9lo en Suisse ! Nous sommes arriv\u00e9s en Valais et avons rassembl\u00e9 trois itin\u00e9raires au d\u00e9part de Sion.","og_url":"https:\/\/listings.mybikeplan.ch\/fr\/unkategorisiert\/tours-de-velo-en-suisse-3-idees-depuis-sion\/","og_site_name":"MyBikePlan","article_published_time":"2021-08-02T09:24:33+00:00","article_modified_time":"2023-08-16T13:19:03+00:00","og_image":[{"width":570,"height":320,"url":"https:\/\/listings.mybikeplan.ch\/wp-content\/uploads\/2021\/08\/E-Bike-Guide-Sitten-570x320-1.jpg","type":"image\/jpeg"}],"author":"Anouk Vaudoyer","twitter_card":"summary_large_image","twitter_misc":{"\u00c9crit par":"Anouk Vaudoyer","Dur\u00e9e de lecture estim\u00e9e":"4 minutes"},"schema":{"@context":"https:\/\/schema.org","@graph":[{"@type":"WebPage","@id":"https:\/\/listings.mybikeplan.ch\/fr\/unkategorisiert\/tours-de-velo-en-suisse-3-idees-depuis-sion\/","url":"https:\/\/listings.mybikeplan.ch\/fr\/unkategorisiert\/tours-de-velo-en-suisse-3-idees-depuis-sion\/","name":"Tours de v\u00e9lo en Suisse | 3 id\u00e9es au d\u00e9part de Sion | MyBikePlan","isPartOf":{"@id":"https:\/\/listings.mybikeplan.ch\/fr\/#website"},"primaryImageOfPage":{"@id":"https:\/\/listings.mybikeplan.ch\/fr\/unkategorisiert\/tours-de-velo-en-suisse-3-idees-depuis-sion\/#primaryimage"},"image":{"@id":"https:\/\/listings.mybikeplan.ch\/fr\/unkategorisiert\/tours-de-velo-en-suisse-3-idees-depuis-sion\/#primaryimage"},"thumbnailUrl":"https:\/\/listings.mybikeplan.ch\/wp-content\/uploads\/2021\/08\/E-Bike-Guide-Sitten-570x320-1.jpg","datePublished":"2021-08-02T09:24:33+00:00","dateModified":"2023-08-16T13:19:03+00:00","author":{"@id":"https:\/\/listings.mybikeplan.ch\/fr\/#\/schema\/person\/af9ea95c7323c582a24df91d53b4d197"},"description":"Nos id\u00e9es de tours de v\u00e9lo en Suisse ! Nous sommes arriv\u00e9s en Valais et avons rassembl\u00e9 trois itin\u00e9raires au d\u00e9part de Sion.","breadcrumb":{"@id":"https:\/\/listings.mybikeplan.ch\/fr\/unkategorisiert\/tours-de-velo-en-suisse-3-idees-depuis-sion\/#breadcrumb"},"inLanguage":"fr-FR","potentialAction":[{"@type":"ReadAction","target":["https:\/\/listings.mybikeplan.ch\/fr\/unkategorisiert\/tours-de-velo-en-suisse-3-idees-depuis-sion\/"]}]},{"@type":"ImageObject","inLanguage":"fr-FR","@id":"https:\/\/listings.mybikeplan.ch\/fr\/unkategorisiert\/tours-de-velo-en-suisse-3-idees-depuis-sion\/#primaryimage","url":"https:\/\/listings.mybikeplan.ch\/wp-content\/uploads\/2021\/08\/E-Bike-Guide-Sitten-570x320-1.jpg","contentUrl":"https:\/\/listings.mybikeplan.ch\/wp-content\/uploads\/2021\/08\/E-Bike-Guide-Sitten-570x320-1.jpg","width":570,"height":320},{"@type":"BreadcrumbList","@id":"https:\/\/listings.mybikeplan.ch\/fr\/unkategorisiert\/tours-de-velo-en-suisse-3-idees-depuis-sion\/#breadcrumb","itemListElement":[{"@type":"ListItem","position":1,"name":"Home","item":"https:\/\/listings.mybikeplan.ch\/fr\/home\/"},{"@type":"ListItem","position":2,"name":"Tours de v\u00e9lo en Suisse : 3 id\u00e9es depuis Sion"}]},{"@type":"WebSite","@id":"https:\/\/listings.mybikeplan.ch\/fr\/#website","url":"https:\/\/listings.mybikeplan.ch\/fr\/","name":"MyBikePlan","description":"","potentialAction":[{"@type":"SearchAction","target":{"@type":"EntryPoint","urlTemplate":"https:\/\/listings.mybikeplan.ch\/fr\/?s={search_term_string}"},"query-input":{"@type":"PropertyValueSpecification","valueRequired":true,"valueName":"search_term_string"}}],"inLanguage":"fr-FR"},{"@type":"Person","@id":"https:\/\/listings.mybikeplan.ch\/fr\/#\/schema\/person\/af9ea95c7323c582a24df91d53b4d197","name":"Anouk Vaudoyer","image":{"@type":"ImageObject","inLanguage":"fr-FR","@id":"https:\/\/listings.mybikeplan.ch\/fr\/#\/schema\/person\/image\/","url":"https:\/\/secure.gravatar.com\/avatar\/bfce9c1d9ed736e9f036fa97a03dbeada0f82bab5ede6a316f6786a85bf2a445?s=96&d=mm&r=g","contentUrl":"https:\/\/secure.gravatar.com\/avatar\/bfce9c1d9ed736e9f036fa97a03dbeada0f82bab5ede6a316f6786a85bf2a445?s=96&d=mm&r=g","caption":"Anouk Vaudoyer"},"url":"https:\/\/listings.mybikeplan.ch\/fr\/author\/anouk-mybikeplan\/"}]}},"locale":"fr","_links":{"self":[{"href":"https:\/\/listings.mybikeplan.ch\/fr\/wp-json\/wp\/v2\/posts\/11246","targetHints":{"allow":["GET"]}}],"collection":[{"href":"https:\/\/listings.mybikeplan.ch\/fr\/wp-json\/wp\/v2\/posts"}],"about":[{"href":"https:\/\/listings.mybikeplan.ch\/fr\/wp-json\/wp\/v2\/types\/post"}],"author":[{"embeddable":true,"href":"https:\/\/listings.mybikeplan.ch\/fr\/wp-json\/wp\/v2\/users\/7"}],"replies":[{"embeddable":true,"href":"https:\/\/listings.mybikeplan.ch\/fr\/wp-json\/wp\/v2\/comments?post=11246"}],"version-history":[{"count":3,"href":"https:\/\/listings.mybikeplan.ch\/fr\/wp-json\/wp\/v2\/posts\/11246\/revisions"}],"predecessor-version":[{"id":11426,"href":"https:\/\/listings.mybikeplan.ch\/fr\/wp-json\/wp\/v2\/posts\/11246\/revisions\/11426"}],"wp:featuredmedia":[{"embeddable":true,"href":"https:\/\/listings.mybikeplan.ch\/fr\/wp-json\/wp\/v2\/media\/11424"}],"wp:attachment":[{"href":"https:\/\/listings.mybikeplan.ch\/fr\/wp-json\/wp\/v2\/media?parent=11246"}],"wp:term":[{"taxonomy":"category","embeddable":true,"href":"https:\/\/listings.mybikeplan.ch\/fr\/wp-json\/wp\/v2\/categories?post=11246"},{"taxonomy":"post_tag","embeddable":true,"href":"https:\/\/listings.mybikeplan.ch\/fr\/wp-json\/wp\/v2\/tags?post=11246"}],"curies":[{"name":"wp","href":"https:\/\/api.w.org\/{rel}","templated":true}]}}