{"id":11243,"date":"2021-08-02T08:44:01","date_gmt":"2021-08-02T08:44:01","guid":{"rendered":"https:\/\/listings.mybikeplan.ch\/?p=11243"},"modified":"2023-08-16T13:19:06","modified_gmt":"2023-08-16T13:19:06","slug":"faire-du-velo-en-ete","status":"publish","type":"post","link":"https:\/\/listings.mybikeplan.ch\/fr\/non-classifiee\/faire-du-velo-en-ete\/","title":{"rendered":"Faire du v\u00e9lo l&rsquo;\u00e9t\u00e9 : 5 conseils"},"content":{"rendered":"\n<p>Faire du v\u00e9lo en \u00e9t\u00e9 ? Voici 5 conseils pour faire du v\u00e9lo sous des temp\u00e9ratures \u00e9lev\u00e9es sans attraper d&rsquo;insolation.<\/p>\n\n\n\n<h3 class=\"wp-block-heading\">1. V\u00e9rifier l&rsquo;\u00e9tat de ton E Bike<\/h3>\n\n\n\n<p>Ces conseils s&rsquo;appliquent \u00e0 toutes les saisons. Cependant, c&rsquo;est encore plus conseill\u00e9 lorsque le soleil est fort. Certains composants sont plus sensibles, comme les pneus. S&rsquo;ils sont endommag\u00e9s, le soleil peut les user plus rapidement et provoquer une panne g\u00eanante et \u00e9vitable.<\/p>\n\n\n\n<p>V\u00e9rifie donc r\u00e9guli\u00e8rement les pneus de ton E Bike pour \u00eatre toujours en s\u00e9curit\u00e9 sur la route. Si la bande de roulement est tr\u00e8s aplatie (moins de 1 mm de profondeur), il est recommand\u00e9 de la remplacer.<\/p>\n\n\n\n<p>La pression des pneus est aussi un crit\u00e8re important pour rouler en toute s\u00e9curit\u00e9 sur la route. Car m\u00eame avec un v\u00e9lo en parfait \u00e9tat, une certaine pression est toujours perdue. Sur les surfaces non pav\u00e9es, o\u00f9 ton v\u00e9lo a besoin de plus d&rsquo;adh\u00e9rence, cette question est encore plus importante. C&rsquo;est particuli\u00e8rement vrai pour les <a href=\"https:\/\/www.mybikeplan.ch\/fr\/trekking-e-bikes\">Trekking E Bikes<\/a> et <a href=\"https:\/\/www.mybikeplan.ch\/mountain-e-bikes\">Mountain E Bikes<\/a>.<\/p>\n\n\n\n<h3 class=\"wp-block-heading\">2. Rester hydrat\u00e9(e)<\/h3>\n\n\n\n<p>La chaleur et les efforts physiques r\u00e9unis sont une cause certaine de perte d&rsquo;eau consid\u00e9rable. Par cons\u00e9quent, il est extr\u00eamement important de boire suffisamment d&rsquo;eau \u00e0 tout moment. Le corps est compos\u00e9 de plus de 70 % d&rsquo;eau, ce qui montre \u00e0 quel point les liquides sont extr\u00eamement importants pour nous. En \u00e9t\u00e9, nous transpirons tous beaucoup plus pour r\u00e9guler la temp\u00e9rature du corps, et l&rsquo;activit\u00e9 physique ajoute \u00e0 cela. Ne sous-estime jamais la perte d&rsquo;eau ! Il est pr\u00e9f\u00e9rable de toujours prendre une bouteille d&rsquo;eau avec toi lors de tes randonn\u00e9es.<\/p>\n\n\n\n<h3 class=\"wp-block-heading\">3. Attention aux fortes chaleurs<\/h3>\n\n\n\n<p>Par temps chaud, tu ne dois pas faire du v\u00e9lo trop longtemps sous un soleil de plomb. L&rsquo;insolation ou m\u00eame le coup de chaleur ne sont pas \u00e0 prendre \u00e0 la l\u00e9g\u00e8re. Tu vivras certainement une tr\u00e8s belle balades durant les premi\u00e8res heures de la journ\u00e9e, dans une atmosph\u00e8re chaleureuse et des temp\u00e9ratures agr\u00e9ables. Pour ceux qui ne sont pas des l\u00e8ve-t\u00f4t, faire du v\u00e9lo \u00e0 une heure plus tardive est bien s\u00fbr aussi une solution adapt\u00e9e. Tu peux aussi admirer les levers et couchers de soleil &#8211; une fa\u00e7on parfaite de commencer ou de terminer la journ\u00e9e.<\/p>\n\n\n\n<p>Cependant, si tu sors aux moments les plus chauds de la journ\u00e9e, nous te recommandons de porter de la cr\u00e8me solaire et de prot\u00e9ger tes yeux avec des lunettes de soleil et ta t\u00eate avec un casque ou un chapeau! <\/p>\n\n\n\n<h3 class=\"wp-block-heading\">\u00a04. Les v\u00eatements<\/h3>\n\n\n\n<p>M\u00eame par temps chaud, tu dois t&rsquo;assurer d&rsquo;avoir une certaine protection sous forme de v\u00eatements lorsque tu conduis ton E Bike. Surtout lorsque tu conduis un E Bike \u00e0 des vitesses allant jusqu&rsquo;\u00e0 45km\/h, des pantalons plus longs et des chaussures ferm\u00e9es sont un meilleur choix que des shorts et des tongs. Bien s\u00fbr, il arrive que les journ\u00e9es soient tr\u00e8s chaudes et que tu veuilles en porter le plus possible &#8211; mais fais attention et souviens-toi de ce conseil avant de monter sur ton E Bike la prochaine fois.<\/p>\n\n\n\n<h3 class=\"wp-block-heading\">5. L&rsquo;\u00e9clairage<\/h3>\n\n\n\n<p>La moiti\u00e9 chaude de l&rsquo;ann\u00e9e signifie \u00e9galement une lumi\u00e8re du jour plus importante et plus longue. Nous vivons donc de belles soir\u00e9es, avec le cr\u00e9puscule seulement \u00e0 l&rsquo;heure tardive de la soir\u00e9e. Il est donc tentant d&rsquo;oublier accidentellement tes feux de v\u00e9lo \u00e0 la maison et de rouler sans eux. N&rsquo;oublie pas les lumi\u00e8res sur ton v\u00e9lo (avant et arri\u00e8re !) m\u00eame par des soir\u00e9es relativement claires &#8211; nous voulons que tu sois en s\u00e9curit\u00e9 sur la route.<\/p>\n\n\n\n<p>Nous te souhaitons maintenant beaucoup de plaisir \u00e0 faire du v\u00e9lo en \u00e9t\u00e9 !<\/p>\n","protected":false},"excerpt":{"rendered":"<p>Faire du v\u00e9lo en \u00e9t\u00e9 ? Voici 5 conseils pour faire du v\u00e9lo sous des temp\u00e9ratures \u00e9lev\u00e9es sans attraper d&rsquo;insolation. 1. V\u00e9rifier l&rsquo;\u00e9tat de ton E Bike Ces conseils s&rsquo;appliquent \u00e0 toutes les saisons. Cependant, c&rsquo;est encore plus conseill\u00e9 lorsque le soleil est fort. Certains composants sont plus sensibles, comme les pneus. S&rsquo;ils sont endommag\u00e9s, [&hellip;]<\/p>\n","protected":false},"author":7,"featured_media":10801,"comment_status":"open","ping_status":"open","sticky":false,"template":"","format":"standard","meta":{"_acf_changed":false,"footnotes":""},"categories":[4442,291],"tags":[],"class_list":["post-11243","post","type-post","status-publish","format-standard","has-post-thumbnail","hentry","category-mybikeplan-fr","category-non-classifiee"],"acf":[],"yoast_head":"<!-- This site is optimized with the Yoast SEO plugin v24.5 - https:\/\/yoast.com\/wordpress\/plugins\/seo\/ -->\n<title>Faire du v\u00e9lo en \u00e9t\u00e9 | 5 conseils pour toi | MyBikePlan<\/title>\n<meta name=\"description\" content=\"Faire du v\u00e9lo en \u00e9t\u00e9 ? Voici nos 5 conseils pour faire du v\u00e9lo en toute s\u00e9curit\u00e9 sous des temp\u00e9ratures \u00e9lev\u00e9es sans attraper d&#039;insolation.\" \/>\n<meta name=\"robots\" content=\"noindex, follow, max-snippet:-1, max-image-preview:large, max-video-preview:-1\" \/>\n<meta property=\"og:locale\" content=\"fr_FR\" \/>\n<meta property=\"og:type\" content=\"article\" \/>\n<meta property=\"og:title\" content=\"Faire du v\u00e9lo en \u00e9t\u00e9 | 5 conseils pour toi | MyBikePlan\" \/>\n<meta property=\"og:description\" content=\"Faire du v\u00e9lo en \u00e9t\u00e9 ? Voici nos 5 conseils pour faire du v\u00e9lo en toute s\u00e9curit\u00e9 sous des temp\u00e9ratures \u00e9lev\u00e9es sans attraper d&#039;insolation.\" \/>\n<meta property=\"og:url\" content=\"https:\/\/listings.mybikeplan.ch\/fr\/non-classifiee\/faire-du-velo-en-ete\/\" \/>\n<meta property=\"og:site_name\" content=\"MyBikePlan\" \/>\n<meta property=\"article:published_time\" content=\"2021-08-02T08:44:01+00:00\" \/>\n<meta property=\"article:modified_time\" content=\"2023-08-16T13:19:06+00:00\" \/>\n<meta property=\"og:image\" content=\"https:\/\/listings.mybikeplan.ch\/wp-content\/uploads\/2021\/07\/Image5-Kalkhoff-2021-2126.jpg\" \/>\n\t<meta property=\"og:image:width\" content=\"1200\" \/>\n\t<meta property=\"og:image:height\" content=\"800\" \/>\n\t<meta property=\"og:image:type\" content=\"image\/jpeg\" \/>\n<meta name=\"author\" content=\"Anouk Vaudoyer\" \/>\n<meta name=\"twitter:card\" content=\"summary_large_image\" \/>\n<meta name=\"twitter:label1\" content=\"\u00c9crit par\" \/>\n\t<meta name=\"twitter:data1\" content=\"Anouk Vaudoyer\" \/>\n\t<meta name=\"twitter:label2\" content=\"Dur\u00e9e de lecture estim\u00e9e\" \/>\n\t<meta name=\"twitter:data2\" content=\"3 minutes\" \/>\n<script type=\"application\/ld+json\" class=\"yoast-schema-graph\">{\"@context\":\"https:\/\/schema.org\",\"@graph\":[{\"@type\":\"WebPage\",\"@id\":\"https:\/\/listings.mybikeplan.ch\/fr\/non-classifiee\/faire-du-velo-en-ete\/\",\"url\":\"https:\/\/listings.mybikeplan.ch\/fr\/non-classifiee\/faire-du-velo-en-ete\/\",\"name\":\"Faire du v\u00e9lo en \u00e9t\u00e9 | 5 conseils pour toi | MyBikePlan\",\"isPartOf\":{\"@id\":\"https:\/\/listings.mybikeplan.ch\/fr\/#website\"},\"primaryImageOfPage\":{\"@id\":\"https:\/\/listings.mybikeplan.ch\/fr\/non-classifiee\/faire-du-velo-en-ete\/#primaryimage\"},\"image\":{\"@id\":\"https:\/\/listings.mybikeplan.ch\/fr\/non-classifiee\/faire-du-velo-en-ete\/#primaryimage\"},\"thumbnailUrl\":\"https:\/\/listings.mybikeplan.ch\/wp-content\/uploads\/2021\/07\/Image5-Kalkhoff-2021-2126.jpg\",\"datePublished\":\"2021-08-02T08:44:01+00:00\",\"dateModified\":\"2023-08-16T13:19:06+00:00\",\"author\":{\"@id\":\"https:\/\/listings.mybikeplan.ch\/fr\/#\/schema\/person\/af9ea95c7323c582a24df91d53b4d197\"},\"description\":\"Faire du v\u00e9lo en \u00e9t\u00e9 ? Voici nos 5 conseils pour faire du v\u00e9lo en toute s\u00e9curit\u00e9 sous des temp\u00e9ratures \u00e9lev\u00e9es sans attraper d'insolation.\",\"breadcrumb\":{\"@id\":\"https:\/\/listings.mybikeplan.ch\/fr\/non-classifiee\/faire-du-velo-en-ete\/#breadcrumb\"},\"inLanguage\":\"fr-FR\",\"potentialAction\":[{\"@type\":\"ReadAction\",\"target\":[\"https:\/\/listings.mybikeplan.ch\/fr\/non-classifiee\/faire-du-velo-en-ete\/\"]}]},{\"@type\":\"ImageObject\",\"inLanguage\":\"fr-FR\",\"@id\":\"https:\/\/listings.mybikeplan.ch\/fr\/non-classifiee\/faire-du-velo-en-ete\/#primaryimage\",\"url\":\"https:\/\/listings.mybikeplan.ch\/wp-content\/uploads\/2021\/07\/Image5-Kalkhoff-2021-2126.jpg\",\"contentUrl\":\"https:\/\/listings.mybikeplan.ch\/wp-content\/uploads\/2021\/07\/Image5-Kalkhoff-2021-2126.jpg\",\"width\":1200,\"height\":800,\"caption\":\"Fahrradfahren im Sommer\"},{\"@type\":\"BreadcrumbList\",\"@id\":\"https:\/\/listings.mybikeplan.ch\/fr\/non-classifiee\/faire-du-velo-en-ete\/#breadcrumb\",\"itemListElement\":[{\"@type\":\"ListItem\",\"position\":1,\"name\":\"Home\",\"item\":\"https:\/\/listings.mybikeplan.ch\/fr\/home\/\"},{\"@type\":\"ListItem\",\"position\":2,\"name\":\"Faire du v\u00e9lo l&#8217;\u00e9t\u00e9 : 5 conseils\"}]},{\"@type\":\"WebSite\",\"@id\":\"https:\/\/listings.mybikeplan.ch\/fr\/#website\",\"url\":\"https:\/\/listings.mybikeplan.ch\/fr\/\",\"name\":\"MyBikePlan\",\"description\":\"\",\"potentialAction\":[{\"@type\":\"SearchAction\",\"target\":{\"@type\":\"EntryPoint\",\"urlTemplate\":\"https:\/\/listings.mybikeplan.ch\/fr\/?s={search_term_string}\"},\"query-input\":{\"@type\":\"PropertyValueSpecification\",\"valueRequired\":true,\"valueName\":\"search_term_string\"}}],\"inLanguage\":\"fr-FR\"},{\"@type\":\"Person\",\"@id\":\"https:\/\/listings.mybikeplan.ch\/fr\/#\/schema\/person\/af9ea95c7323c582a24df91d53b4d197\",\"name\":\"Anouk Vaudoyer\",\"image\":{\"@type\":\"ImageObject\",\"inLanguage\":\"fr-FR\",\"@id\":\"https:\/\/listings.mybikeplan.ch\/fr\/#\/schema\/person\/image\/\",\"url\":\"https:\/\/secure.gravatar.com\/avatar\/bfce9c1d9ed736e9f036fa97a03dbeada0f82bab5ede6a316f6786a85bf2a445?s=96&d=mm&r=g\",\"contentUrl\":\"https:\/\/secure.gravatar.com\/avatar\/bfce9c1d9ed736e9f036fa97a03dbeada0f82bab5ede6a316f6786a85bf2a445?s=96&d=mm&r=g\",\"caption\":\"Anouk Vaudoyer\"},\"url\":\"https:\/\/listings.mybikeplan.ch\/fr\/author\/anouk-mybikeplan\/\"}]}<\/script>\n<!-- \/ Yoast SEO plugin. -->","yoast_head_json":{"title":"Faire du v\u00e9lo en \u00e9t\u00e9 | 5 conseils pour toi | MyBikePlan","description":"Faire du v\u00e9lo en \u00e9t\u00e9 ? Voici nos 5 conseils pour faire du v\u00e9lo en toute s\u00e9curit\u00e9 sous des temp\u00e9ratures \u00e9lev\u00e9es sans attraper d'insolation.","robots":{"index":"noindex","follow":"follow","max-snippet":"max-snippet:-1","max-image-preview":"max-image-preview:large","max-video-preview":"max-video-preview:-1"},"og_locale":"fr_FR","og_type":"article","og_title":"Faire du v\u00e9lo en \u00e9t\u00e9 | 5 conseils pour toi | MyBikePlan","og_description":"Faire du v\u00e9lo en \u00e9t\u00e9 ? Voici nos 5 conseils pour faire du v\u00e9lo en toute s\u00e9curit\u00e9 sous des temp\u00e9ratures \u00e9lev\u00e9es sans attraper d'insolation.","og_url":"https:\/\/listings.mybikeplan.ch\/fr\/non-classifiee\/faire-du-velo-en-ete\/","og_site_name":"MyBikePlan","article_published_time":"2021-08-02T08:44:01+00:00","article_modified_time":"2023-08-16T13:19:06+00:00","og_image":[{"width":1200,"height":800,"url":"https:\/\/listings.mybikeplan.ch\/wp-content\/uploads\/2021\/07\/Image5-Kalkhoff-2021-2126.jpg","type":"image\/jpeg"}],"author":"Anouk Vaudoyer","twitter_card":"summary_large_image","twitter_misc":{"\u00c9crit par":"Anouk Vaudoyer","Dur\u00e9e de lecture estim\u00e9e":"3 minutes"},"schema":{"@context":"https:\/\/schema.org","@graph":[{"@type":"WebPage","@id":"https:\/\/listings.mybikeplan.ch\/fr\/non-classifiee\/faire-du-velo-en-ete\/","url":"https:\/\/listings.mybikeplan.ch\/fr\/non-classifiee\/faire-du-velo-en-ete\/","name":"Faire du v\u00e9lo en \u00e9t\u00e9 | 5 conseils pour toi | MyBikePlan","isPartOf":{"@id":"https:\/\/listings.mybikeplan.ch\/fr\/#website"},"primaryImageOfPage":{"@id":"https:\/\/listings.mybikeplan.ch\/fr\/non-classifiee\/faire-du-velo-en-ete\/#primaryimage"},"image":{"@id":"https:\/\/listings.mybikeplan.ch\/fr\/non-classifiee\/faire-du-velo-en-ete\/#primaryimage"},"thumbnailUrl":"https:\/\/listings.mybikeplan.ch\/wp-content\/uploads\/2021\/07\/Image5-Kalkhoff-2021-2126.jpg","datePublished":"2021-08-02T08:44:01+00:00","dateModified":"2023-08-16T13:19:06+00:00","author":{"@id":"https:\/\/listings.mybikeplan.ch\/fr\/#\/schema\/person\/af9ea95c7323c582a24df91d53b4d197"},"description":"Faire du v\u00e9lo en \u00e9t\u00e9 ? Voici nos 5 conseils pour faire du v\u00e9lo en toute s\u00e9curit\u00e9 sous des temp\u00e9ratures \u00e9lev\u00e9es sans attraper d'insolation.","breadcrumb":{"@id":"https:\/\/listings.mybikeplan.ch\/fr\/non-classifiee\/faire-du-velo-en-ete\/#breadcrumb"},"inLanguage":"fr-FR","potentialAction":[{"@type":"ReadAction","target":["https:\/\/listings.mybikeplan.ch\/fr\/non-classifiee\/faire-du-velo-en-ete\/"]}]},{"@type":"ImageObject","inLanguage":"fr-FR","@id":"https:\/\/listings.mybikeplan.ch\/fr\/non-classifiee\/faire-du-velo-en-ete\/#primaryimage","url":"https:\/\/listings.mybikeplan.ch\/wp-content\/uploads\/2021\/07\/Image5-Kalkhoff-2021-2126.jpg","contentUrl":"https:\/\/listings.mybikeplan.ch\/wp-content\/uploads\/2021\/07\/Image5-Kalkhoff-2021-2126.jpg","width":1200,"height":800,"caption":"Fahrradfahren im Sommer"},{"@type":"BreadcrumbList","@id":"https:\/\/listings.mybikeplan.ch\/fr\/non-classifiee\/faire-du-velo-en-ete\/#breadcrumb","itemListElement":[{"@type":"ListItem","position":1,"name":"Home","item":"https:\/\/listings.mybikeplan.ch\/fr\/home\/"},{"@type":"ListItem","position":2,"name":"Faire du v\u00e9lo l&#8217;\u00e9t\u00e9 : 5 conseils"}]},{"@type":"WebSite","@id":"https:\/\/listings.mybikeplan.ch\/fr\/#website","url":"https:\/\/listings.mybikeplan.ch\/fr\/","name":"MyBikePlan","description":"","potentialAction":[{"@type":"SearchAction","target":{"@type":"EntryPoint","urlTemplate":"https:\/\/listings.mybikeplan.ch\/fr\/?s={search_term_string}"},"query-input":{"@type":"PropertyValueSpecification","valueRequired":true,"valueName":"search_term_string"}}],"inLanguage":"fr-FR"},{"@type":"Person","@id":"https:\/\/listings.mybikeplan.ch\/fr\/#\/schema\/person\/af9ea95c7323c582a24df91d53b4d197","name":"Anouk Vaudoyer","image":{"@type":"ImageObject","inLanguage":"fr-FR","@id":"https:\/\/listings.mybikeplan.ch\/fr\/#\/schema\/person\/image\/","url":"https:\/\/secure.gravatar.com\/avatar\/bfce9c1d9ed736e9f036fa97a03dbeada0f82bab5ede6a316f6786a85bf2a445?s=96&d=mm&r=g","contentUrl":"https:\/\/secure.gravatar.com\/avatar\/bfce9c1d9ed736e9f036fa97a03dbeada0f82bab5ede6a316f6786a85bf2a445?s=96&d=mm&r=g","caption":"Anouk Vaudoyer"},"url":"https:\/\/listings.mybikeplan.ch\/fr\/author\/anouk-mybikeplan\/"}]}},"locale":"fr","_links":{"self":[{"href":"https:\/\/listings.mybikeplan.ch\/fr\/wp-json\/wp\/v2\/posts\/11243","targetHints":{"allow":["GET"]}}],"collection":[{"href":"https:\/\/listings.mybikeplan.ch\/fr\/wp-json\/wp\/v2\/posts"}],"about":[{"href":"https:\/\/listings.mybikeplan.ch\/fr\/wp-json\/wp\/v2\/types\/post"}],"author":[{"embeddable":true,"href":"https:\/\/listings.mybikeplan.ch\/fr\/wp-json\/wp\/v2\/users\/7"}],"replies":[{"embeddable":true,"href":"https:\/\/listings.mybikeplan.ch\/fr\/wp-json\/wp\/v2\/comments?post=11243"}],"version-history":[{"count":1,"href":"https:\/\/listings.mybikeplan.ch\/fr\/wp-json\/wp\/v2\/posts\/11243\/revisions"}],"predecessor-version":[{"id":11245,"href":"https:\/\/listings.mybikeplan.ch\/fr\/wp-json\/wp\/v2\/posts\/11243\/revisions\/11245"}],"wp:featuredmedia":[{"embeddable":true,"href":"https:\/\/listings.mybikeplan.ch\/fr\/wp-json\/wp\/v2\/media\/10801"}],"wp:attachment":[{"href":"https:\/\/listings.mybikeplan.ch\/fr\/wp-json\/wp\/v2\/media?parent=11243"}],"wp:term":[{"taxonomy":"category","embeddable":true,"href":"https:\/\/listings.mybikeplan.ch\/fr\/wp-json\/wp\/v2\/categories?post=11243"},{"taxonomy":"post_tag","embeddable":true,"href":"https:\/\/listings.mybikeplan.ch\/fr\/wp-json\/wp\/v2\/tags?post=11243"}],"curies":[{"name":"wp","href":"https:\/\/api.w.org\/{rel}","templated":true}]}}