{"id":71756,"date":"2025-05-27T09:33:38","date_gmt":"2025-05-27T09:33:38","guid":{"rendered":"https:\/\/listings.mybikeplan.ch\/?p=71756"},"modified":"2025-05-27T09:34:50","modified_gmt":"2025-05-27T09:34:50","slug":"cycle-week-2025-sonne-speed-street-culture-unser-recap-aus-zuerich","status":"publish","type":"post","link":"https:\/\/listings.mybikeplan.ch\/de\/mybikeplan\/cycle-week-2025-sonne-speed-street-culture-unser-recap-aus-zuerich\/","title":{"rendered":"Cycle Week 2025: Danke f\u00fcr dieses unvergessliche Wochenende! \ud83d\udeb4\u200d\u2640\ufe0f\u2600\ufe0f"},"content":{"rendered":"\n<h3 class=\"wp-block-heading\"><strong>Donnerstag: Regen, Aufbau, Durchziehen.<\/strong>\ud83c\udf27\ufe0f<\/h3>\n\n\n\n<p>W\u00e4hrend Z\u00fcrich noch unter grauem Himmel lag, haben wir im Regen unseren Stand aufgebaut. Mit nassen Schuhen, viel Kaffee und guter Laune. P\u00fcnktlich ab 15:00 Uhr konnten wir er\u00f6ffnen und direkt ein erstes Highlight feiern: <strong>die Er\u00f6ffnung des neuen Velo-Tunnels unter dem HB Z\u00fcrich<\/strong>. Ein St\u00fcck Stadtgeschichte, das wir mit euch erleben durften.<\/p>\n\n\n\n<figure class=\"wp-block-image size-large is-resized\"><a href=\"https:\/\/listings.mybikeplan.ch\/wp-content\/uploads\/2025\/05\/Cilo-260-x-260-px-Instagram-Post-91.png\"><img loading=\"lazy\" decoding=\"async\" width=\"1024\" height=\"1024\" src=\"https:\/\/listings.mybikeplan.ch\/wp-content\/uploads\/2025\/05\/Cilo-260-x-260-px-Instagram-Post-91-1024x1024.png\" alt=\"\" class=\"wp-image-71757\" style=\"width:267px;height:auto\" srcset=\"https:\/\/listings.mybikeplan.ch\/wp-content\/uploads\/2025\/05\/Cilo-260-x-260-px-Instagram-Post-91-1024x1024.png 1024w, https:\/\/listings.mybikeplan.ch\/wp-content\/uploads\/2025\/05\/Cilo-260-x-260-px-Instagram-Post-91-360x360.png 360w, https:\/\/listings.mybikeplan.ch\/wp-content\/uploads\/2025\/05\/Cilo-260-x-260-px-Instagram-Post-91-768x768.png 768w, https:\/\/listings.mybikeplan.ch\/wp-content\/uploads\/2025\/05\/Cilo-260-x-260-px-Instagram-Post-91-666x666.png 666w, https:\/\/listings.mybikeplan.ch\/wp-content\/uploads\/2025\/05\/Cilo-260-x-260-px-Instagram-Post-91-100x100.png 100w, https:\/\/listings.mybikeplan.ch\/wp-content\/uploads\/2025\/05\/Cilo-260-x-260-px-Instagram-Post-91.png 1080w\" sizes=\"auto, (max-width: 1024px) 100vw, 1024px\" \/><\/a><\/figure>\n\n\n\n<h3 class=\"wp-block-heading\"><strong>Freitag bis Sonntag: Sonne, Testfahrten und richtig gute Gespr\u00e4che<\/strong> \ud83d\udc9b<\/h3>\n\n\n\n<p>Mit dem Wetter kam die Stimmung: strahlender Sonnenschein, viele bekannte und neue Gesichter \u2013 und unz\u00e4hlige <strong>Testfahrten<\/strong>, <strong>E-Bike-Beratungen<\/strong> und tolle Gespr\u00e4che.<br>Ob Cilo, Raymon oder Specter \u2013 ihr habt unsere Bikes auf Herz und Akku gepr\u00fcft.<\/p>\n\n\n\n<figure class=\"wp-block-image size-large is-resized\"><a href=\"https:\/\/listings.mybikeplan.ch\/wp-content\/uploads\/2025\/05\/Cilo-260-x-260-px-Instagram-Post-92.png\"><img loading=\"lazy\" decoding=\"async\" width=\"1024\" height=\"1024\" src=\"https:\/\/listings.mybikeplan.ch\/wp-content\/uploads\/2025\/05\/Cilo-260-x-260-px-Instagram-Post-92-1024x1024.png\" alt=\"\" class=\"wp-image-71766\" style=\"width:313px;height:auto\" srcset=\"https:\/\/listings.mybikeplan.ch\/wp-content\/uploads\/2025\/05\/Cilo-260-x-260-px-Instagram-Post-92-1024x1024.png 1024w, https:\/\/listings.mybikeplan.ch\/wp-content\/uploads\/2025\/05\/Cilo-260-x-260-px-Instagram-Post-92-360x360.png 360w, https:\/\/listings.mybikeplan.ch\/wp-content\/uploads\/2025\/05\/Cilo-260-x-260-px-Instagram-Post-92-768x768.png 768w, https:\/\/listings.mybikeplan.ch\/wp-content\/uploads\/2025\/05\/Cilo-260-x-260-px-Instagram-Post-92-666x666.png 666w, https:\/\/listings.mybikeplan.ch\/wp-content\/uploads\/2025\/05\/Cilo-260-x-260-px-Instagram-Post-92-100x100.png 100w, https:\/\/listings.mybikeplan.ch\/wp-content\/uploads\/2025\/05\/Cilo-260-x-260-px-Instagram-Post-92.png 1080w\" sizes=\"auto, (max-width: 1024px) 100vw, 1024px\" \/><\/a><\/figure>\n\n\n\n<h3 class=\"wp-block-heading\"><strong>Ein besonderes Highlight: BMX Battle meets Hip Hop<\/strong><\/h3>\n\n\n\n<p>Wer da war, weiss: Das BMX Battle war wild! Besonders in Kombination mit Live-Freestyle und Beats mitten in der Stadt. Urban Mobility trifft Street Culture? Genau unser Ding.<\/p>\n\n\n\n<figure class=\"wp-block-image size-large is-resized\"><a href=\"https:\/\/listings.mybikeplan.ch\/wp-content\/uploads\/2025\/05\/Cilo-260-x-260-px-Instagram-Post-93.png\"><img loading=\"lazy\" decoding=\"async\" width=\"1024\" height=\"1024\" src=\"https:\/\/listings.mybikeplan.ch\/wp-content\/uploads\/2025\/05\/Cilo-260-x-260-px-Instagram-Post-93-1024x1024.png\" alt=\"\" class=\"wp-image-71775\" style=\"width:326px;height:auto\" srcset=\"https:\/\/listings.mybikeplan.ch\/wp-content\/uploads\/2025\/05\/Cilo-260-x-260-px-Instagram-Post-93-1024x1024.png 1024w, https:\/\/listings.mybikeplan.ch\/wp-content\/uploads\/2025\/05\/Cilo-260-x-260-px-Instagram-Post-93-360x360.png 360w, https:\/\/listings.mybikeplan.ch\/wp-content\/uploads\/2025\/05\/Cilo-260-x-260-px-Instagram-Post-93-768x768.png 768w, https:\/\/listings.mybikeplan.ch\/wp-content\/uploads\/2025\/05\/Cilo-260-x-260-px-Instagram-Post-93-666x666.png 666w, https:\/\/listings.mybikeplan.ch\/wp-content\/uploads\/2025\/05\/Cilo-260-x-260-px-Instagram-Post-93-100x100.png 100w, https:\/\/listings.mybikeplan.ch\/wp-content\/uploads\/2025\/05\/Cilo-260-x-260-px-Instagram-Post-93.png 1080w\" sizes=\"auto, (max-width: 1024px) 100vw, 1024px\" \/><\/a><\/figure>\n\n\n\n<h3 class=\"wp-block-heading\"><strong>Kodak Moments \u2013 ganz w\u00f6rtlich \ud83d\udcf8<\/strong><\/h3>\n\n\n\n<p>Ein weiteres Special: Unsere kostenlosen <strong>Kodak Einwegkameras<\/strong>, mit denen ihr eure eigenen Cycle Week Erinnerungen festhalten konntet. Die entwickelten Fotos kommen bald, wir sind genauso gespannt wie ihr!<\/p>\n\n\n\n<figure class=\"wp-block-image size-large is-resized\"><a href=\"https:\/\/listings.mybikeplan.ch\/wp-content\/uploads\/2025\/05\/Cilo-260-x-260-px-Instagram-Post-90-2.png\"><img loading=\"lazy\" decoding=\"async\" width=\"1024\" height=\"1024\" src=\"https:\/\/listings.mybikeplan.ch\/wp-content\/uploads\/2025\/05\/Cilo-260-x-260-px-Instagram-Post-90-2-1024x1024.png\" alt=\"\" class=\"wp-image-71778\" style=\"width:327px;height:auto\" srcset=\"https:\/\/listings.mybikeplan.ch\/wp-content\/uploads\/2025\/05\/Cilo-260-x-260-px-Instagram-Post-90-2-1024x1024.png 1024w, https:\/\/listings.mybikeplan.ch\/wp-content\/uploads\/2025\/05\/Cilo-260-x-260-px-Instagram-Post-90-2-360x360.png 360w, https:\/\/listings.mybikeplan.ch\/wp-content\/uploads\/2025\/05\/Cilo-260-x-260-px-Instagram-Post-90-2-768x768.png 768w, https:\/\/listings.mybikeplan.ch\/wp-content\/uploads\/2025\/05\/Cilo-260-x-260-px-Instagram-Post-90-2-666x666.png 666w, https:\/\/listings.mybikeplan.ch\/wp-content\/uploads\/2025\/05\/Cilo-260-x-260-px-Instagram-Post-90-2-100x100.png 100w, https:\/\/listings.mybikeplan.ch\/wp-content\/uploads\/2025\/05\/Cilo-260-x-260-px-Instagram-Post-90-2.png 1080w\" sizes=\"auto, (max-width: 1024px) 100vw, 1024px\" \/><\/a><\/figure>\n\n\n\n<h2 class=\"wp-block-heading\"><strong>Danke!<\/strong><\/h2>\n\n\n\n<p>An alle, die vorbeigekommen sind, mit uns geredet, gelacht, getestet und erlebt haben: <strong>Danke!<\/strong><br>Ihr habt diesen Event zu etwas Besonderem gemacht.<br>Bis zur n\u00e4chsten Ride \u2013 <a href=\"https:\/\/www.mybikeplan.ch\/brand-world\/mybikeplan?categories=test_drive\">oder gerne fr\u00fcher in unserem Showroom in Z\u00fcrich.<\/a> \ud83d\udeb2<\/p>\n\n\n\n<figure class=\"wp-block-image size-large is-resized\"><a href=\"https:\/\/listings.mybikeplan.ch\/wp-content\/uploads\/2025\/03\/Cilo-260-x-260-px-Instagram-Post-59.png\"><img loading=\"lazy\" decoding=\"async\" width=\"1024\" height=\"1024\" src=\"https:\/\/listings.mybikeplan.ch\/wp-content\/uploads\/2025\/03\/Cilo-260-x-260-px-Instagram-Post-59-1024x1024.png\" alt=\"\" class=\"wp-image-71278\" style=\"width:209px;height:auto\" srcset=\"https:\/\/listings.mybikeplan.ch\/wp-content\/uploads\/2025\/03\/Cilo-260-x-260-px-Instagram-Post-59-1024x1024.png 1024w, https:\/\/listings.mybikeplan.ch\/wp-content\/uploads\/2025\/03\/Cilo-260-x-260-px-Instagram-Post-59-360x360.png 360w, https:\/\/listings.mybikeplan.ch\/wp-content\/uploads\/2025\/03\/Cilo-260-x-260-px-Instagram-Post-59-768x768.png 768w, https:\/\/listings.mybikeplan.ch\/wp-content\/uploads\/2025\/03\/Cilo-260-x-260-px-Instagram-Post-59-666x666.png 666w, https:\/\/listings.mybikeplan.ch\/wp-content\/uploads\/2025\/03\/Cilo-260-x-260-px-Instagram-Post-59-100x100.png 100w, https:\/\/listings.mybikeplan.ch\/wp-content\/uploads\/2025\/03\/Cilo-260-x-260-px-Instagram-Post-59.png 1080w\" sizes=\"auto, (max-width: 1024px) 100vw, 1024px\" \/><\/a><\/figure>\n\n\n\n<p><\/p>\n","protected":false},"excerpt":{"rendered":"<p>Donnerstag: Regen, Aufbau, Durchziehen.\ud83c\udf27\ufe0f W\u00e4hrend Z\u00fcrich noch unter grauem Himmel lag, haben wir im Regen unseren Stand aufgebaut. Mit nassen Schuhen, viel Kaffee und guter Laune. P\u00fcnktlich ab 15:00 Uhr konnten wir er\u00f6ffnen und direkt ein erstes Highlight feiern: die Er\u00f6ffnung des neuen Velo-Tunnels unter dem HB Z\u00fcrich. Ein St\u00fcck Stadtgeschichte, das wir mit euch [&hellip;]<\/p>\n","protected":false},"author":8,"featured_media":71781,"comment_status":"open","ping_status":"open","sticky":false,"template":"","format":"standard","meta":{"_acf_changed":false,"footnotes":""},"categories":[4441],"tags":[],"class_list":["post-71756","post","type-post","status-publish","format-standard","has-post-thumbnail","hentry","category-mybikeplan"],"acf":[],"yoast_head":"<!-- This site is optimized with the Yoast SEO plugin v24.5 - https:\/\/yoast.com\/wordpress\/plugins\/seo\/ -->\n<title>Cycle Week 2025: Danke f\u00fcr dieses unvergessliche Wochenende! \ud83d\udeb4\u200d\u2640\ufe0f\u2600\ufe0f - MyBikePlan C<\/title>\n<meta name=\"description\" content=\"Erlebe den R\u00fcckblick auf unsere Cycle Week 2025: von regnerischem Aufbau bis Sonnenschein, Testfahrten, Kodak-Momenten und dem BMX-Hip-Hop-Highlight. Danke, Z\u00fcrich!\" \/>\n<meta name=\"robots\" content=\"noindex, follow, max-snippet:-1, max-image-preview:large, max-video-preview:-1\" \/>\n<meta property=\"og:locale\" content=\"de_DE\" \/>\n<meta property=\"og:type\" content=\"article\" \/>\n<meta property=\"og:title\" content=\"Cycle Week 2025: Danke f\u00fcr dieses unvergessliche Wochenende! \ud83d\udeb4\u200d\u2640\ufe0f\u2600\ufe0f - MyBikePlan C\" \/>\n<meta property=\"og:description\" content=\"Erlebe den R\u00fcckblick auf unsere Cycle Week 2025: von regnerischem Aufbau bis Sonnenschein, Testfahrten, Kodak-Momenten und dem BMX-Hip-Hop-Highlight. Danke, Z\u00fcrich!\" \/>\n<meta property=\"og:url\" content=\"https:\/\/listings.mybikeplan.ch\/de\/mybikeplan\/cycle-week-2025-sonne-speed-street-culture-unser-recap-aus-zuerich\/\" \/>\n<meta property=\"og:site_name\" content=\"MyBikePlan\" \/>\n<meta property=\"article:published_time\" content=\"2025-05-27T09:33:38+00:00\" \/>\n<meta property=\"article:modified_time\" content=\"2025-05-27T09:34:50+00:00\" \/>\n<meta property=\"og:image\" content=\"https:\/\/listings.mybikeplan.ch\/wp-content\/uploads\/2025\/05\/Cilo-260-x-260-px-Instagram-Post-94.png\" \/>\n\t<meta property=\"og:image:width\" content=\"1080\" \/>\n\t<meta property=\"og:image:height\" content=\"1080\" \/>\n\t<meta property=\"og:image:type\" content=\"image\/png\" \/>\n<meta name=\"author\" content=\"Sarah Schurtenberger\" \/>\n<meta name=\"twitter:card\" content=\"summary_large_image\" \/>\n<meta name=\"twitter:label1\" content=\"Verfasst von\" \/>\n\t<meta name=\"twitter:data1\" content=\"Sarah Schurtenberger\" \/>\n\t<meta name=\"twitter:label2\" content=\"Gesch\u00e4tzte Lesezeit\" \/>\n\t<meta name=\"twitter:data2\" content=\"1\u00a0Minute\" \/>\n<script type=\"application\/ld+json\" class=\"yoast-schema-graph\">{\"@context\":\"https:\/\/schema.org\",\"@graph\":[{\"@type\":\"WebPage\",\"@id\":\"https:\/\/listings.mybikeplan.ch\/de\/mybikeplan\/cycle-week-2025-sonne-speed-street-culture-unser-recap-aus-zuerich\/\",\"url\":\"https:\/\/listings.mybikeplan.ch\/de\/mybikeplan\/cycle-week-2025-sonne-speed-street-culture-unser-recap-aus-zuerich\/\",\"name\":\"Cycle Week 2025: Danke f\u00fcr dieses unvergessliche Wochenende! \ud83d\udeb4\u200d\u2640\ufe0f\u2600\ufe0f - MyBikePlan C\",\"isPartOf\":{\"@id\":\"https:\/\/listings.mybikeplan.ch\/de\/#website\"},\"primaryImageOfPage\":{\"@id\":\"https:\/\/listings.mybikeplan.ch\/de\/mybikeplan\/cycle-week-2025-sonne-speed-street-culture-unser-recap-aus-zuerich\/#primaryimage\"},\"image\":{\"@id\":\"https:\/\/listings.mybikeplan.ch\/de\/mybikeplan\/cycle-week-2025-sonne-speed-street-culture-unser-recap-aus-zuerich\/#primaryimage\"},\"thumbnailUrl\":\"https:\/\/listings.mybikeplan.ch\/wp-content\/uploads\/2025\/05\/Cilo-260-x-260-px-Instagram-Post-94.png\",\"datePublished\":\"2025-05-27T09:33:38+00:00\",\"dateModified\":\"2025-05-27T09:34:50+00:00\",\"author\":{\"@id\":\"https:\/\/listings.mybikeplan.ch\/de\/#\/schema\/person\/e0e5a80791dfc91677276d6d84c09181\"},\"description\":\"Erlebe den R\u00fcckblick auf unsere Cycle Week 2025: von regnerischem Aufbau bis Sonnenschein, Testfahrten, Kodak-Momenten und dem BMX-Hip-Hop-Highlight. Danke, Z\u00fcrich!\",\"breadcrumb\":{\"@id\":\"https:\/\/listings.mybikeplan.ch\/de\/mybikeplan\/cycle-week-2025-sonne-speed-street-culture-unser-recap-aus-zuerich\/#breadcrumb\"},\"inLanguage\":\"de\",\"potentialAction\":[{\"@type\":\"ReadAction\",\"target\":[\"https:\/\/listings.mybikeplan.ch\/de\/mybikeplan\/cycle-week-2025-sonne-speed-street-culture-unser-recap-aus-zuerich\/\"]}]},{\"@type\":\"ImageObject\",\"inLanguage\":\"de\",\"@id\":\"https:\/\/listings.mybikeplan.ch\/de\/mybikeplan\/cycle-week-2025-sonne-speed-street-culture-unser-recap-aus-zuerich\/#primaryimage\",\"url\":\"https:\/\/listings.mybikeplan.ch\/wp-content\/uploads\/2025\/05\/Cilo-260-x-260-px-Instagram-Post-94.png\",\"contentUrl\":\"https:\/\/listings.mybikeplan.ch\/wp-content\/uploads\/2025\/05\/Cilo-260-x-260-px-Instagram-Post-94.png\",\"width\":1080,\"height\":1080},{\"@type\":\"BreadcrumbList\",\"@id\":\"https:\/\/listings.mybikeplan.ch\/de\/mybikeplan\/cycle-week-2025-sonne-speed-street-culture-unser-recap-aus-zuerich\/#breadcrumb\",\"itemListElement\":[{\"@type\":\"ListItem\",\"position\":1,\"name\":\"Home\",\"item\":\"https:\/\/listings.mybikeplan.ch\/de\/\"},{\"@type\":\"ListItem\",\"position\":2,\"name\":\"Cycle Week 2025: Danke f\u00fcr dieses unvergessliche Wochenende! \ud83d\udeb4\u200d\u2640\ufe0f\u2600\ufe0f\"}]},{\"@type\":\"WebSite\",\"@id\":\"https:\/\/listings.mybikeplan.ch\/de\/#website\",\"url\":\"https:\/\/listings.mybikeplan.ch\/de\/\",\"name\":\"MyBikePlan\",\"description\":\"\",\"potentialAction\":[{\"@type\":\"SearchAction\",\"target\":{\"@type\":\"EntryPoint\",\"urlTemplate\":\"https:\/\/listings.mybikeplan.ch\/de\/?s={search_term_string}\"},\"query-input\":{\"@type\":\"PropertyValueSpecification\",\"valueRequired\":true,\"valueName\":\"search_term_string\"}}],\"inLanguage\":\"de\"},{\"@type\":\"Person\",\"@id\":\"https:\/\/listings.mybikeplan.ch\/de\/#\/schema\/person\/e0e5a80791dfc91677276d6d84c09181\",\"name\":\"Sarah Schurtenberger\",\"image\":{\"@type\":\"ImageObject\",\"inLanguage\":\"de\",\"@id\":\"https:\/\/listings.mybikeplan.ch\/de\/#\/schema\/person\/image\/\",\"url\":\"https:\/\/secure.gravatar.com\/avatar\/28b25580dea59e0c2443e8568461a29c99aed901e3ec3e6087dd8411c7a1bcd9?s=96&d=mm&r=g\",\"contentUrl\":\"https:\/\/secure.gravatar.com\/avatar\/28b25580dea59e0c2443e8568461a29c99aed901e3ec3e6087dd8411c7a1bcd9?s=96&d=mm&r=g\",\"caption\":\"Sarah Schurtenberger\"},\"url\":\"https:\/\/listings.mybikeplan.ch\/de\/author\/sarah-mybikeplan\/\"}]}<\/script>\n<!-- \/ Yoast SEO plugin. -->","yoast_head_json":{"title":"Cycle Week 2025: Danke f\u00fcr dieses unvergessliche Wochenende! \ud83d\udeb4\u200d\u2640\ufe0f\u2600\ufe0f - MyBikePlan C","description":"Erlebe den R\u00fcckblick auf unsere Cycle Week 2025: von regnerischem Aufbau bis Sonnenschein, Testfahrten, Kodak-Momenten und dem BMX-Hip-Hop-Highlight. Danke, Z\u00fcrich!","robots":{"index":"noindex","follow":"follow","max-snippet":"max-snippet:-1","max-image-preview":"max-image-preview:large","max-video-preview":"max-video-preview:-1"},"og_locale":"de_DE","og_type":"article","og_title":"Cycle Week 2025: Danke f\u00fcr dieses unvergessliche Wochenende! \ud83d\udeb4\u200d\u2640\ufe0f\u2600\ufe0f - MyBikePlan C","og_description":"Erlebe den R\u00fcckblick auf unsere Cycle Week 2025: von regnerischem Aufbau bis Sonnenschein, Testfahrten, Kodak-Momenten und dem BMX-Hip-Hop-Highlight. Danke, Z\u00fcrich!","og_url":"https:\/\/listings.mybikeplan.ch\/de\/mybikeplan\/cycle-week-2025-sonne-speed-street-culture-unser-recap-aus-zuerich\/","og_site_name":"MyBikePlan","article_published_time":"2025-05-27T09:33:38+00:00","article_modified_time":"2025-05-27T09:34:50+00:00","og_image":[{"width":1080,"height":1080,"url":"https:\/\/listings.mybikeplan.ch\/wp-content\/uploads\/2025\/05\/Cilo-260-x-260-px-Instagram-Post-94.png","type":"image\/png"}],"author":"Sarah Schurtenberger","twitter_card":"summary_large_image","twitter_misc":{"Verfasst von":"Sarah Schurtenberger","Gesch\u00e4tzte Lesezeit":"1\u00a0Minute"},"schema":{"@context":"https:\/\/schema.org","@graph":[{"@type":"WebPage","@id":"https:\/\/listings.mybikeplan.ch\/de\/mybikeplan\/cycle-week-2025-sonne-speed-street-culture-unser-recap-aus-zuerich\/","url":"https:\/\/listings.mybikeplan.ch\/de\/mybikeplan\/cycle-week-2025-sonne-speed-street-culture-unser-recap-aus-zuerich\/","name":"Cycle Week 2025: Danke f\u00fcr dieses unvergessliche Wochenende! \ud83d\udeb4\u200d\u2640\ufe0f\u2600\ufe0f - MyBikePlan C","isPartOf":{"@id":"https:\/\/listings.mybikeplan.ch\/de\/#website"},"primaryImageOfPage":{"@id":"https:\/\/listings.mybikeplan.ch\/de\/mybikeplan\/cycle-week-2025-sonne-speed-street-culture-unser-recap-aus-zuerich\/#primaryimage"},"image":{"@id":"https:\/\/listings.mybikeplan.ch\/de\/mybikeplan\/cycle-week-2025-sonne-speed-street-culture-unser-recap-aus-zuerich\/#primaryimage"},"thumbnailUrl":"https:\/\/listings.mybikeplan.ch\/wp-content\/uploads\/2025\/05\/Cilo-260-x-260-px-Instagram-Post-94.png","datePublished":"2025-05-27T09:33:38+00:00","dateModified":"2025-05-27T09:34:50+00:00","author":{"@id":"https:\/\/listings.mybikeplan.ch\/de\/#\/schema\/person\/e0e5a80791dfc91677276d6d84c09181"},"description":"Erlebe den R\u00fcckblick auf unsere Cycle Week 2025: von regnerischem Aufbau bis Sonnenschein, Testfahrten, Kodak-Momenten und dem BMX-Hip-Hop-Highlight. Danke, Z\u00fcrich!","breadcrumb":{"@id":"https:\/\/listings.mybikeplan.ch\/de\/mybikeplan\/cycle-week-2025-sonne-speed-street-culture-unser-recap-aus-zuerich\/#breadcrumb"},"inLanguage":"de","potentialAction":[{"@type":"ReadAction","target":["https:\/\/listings.mybikeplan.ch\/de\/mybikeplan\/cycle-week-2025-sonne-speed-street-culture-unser-recap-aus-zuerich\/"]}]},{"@type":"ImageObject","inLanguage":"de","@id":"https:\/\/listings.mybikeplan.ch\/de\/mybikeplan\/cycle-week-2025-sonne-speed-street-culture-unser-recap-aus-zuerich\/#primaryimage","url":"https:\/\/listings.mybikeplan.ch\/wp-content\/uploads\/2025\/05\/Cilo-260-x-260-px-Instagram-Post-94.png","contentUrl":"https:\/\/listings.mybikeplan.ch\/wp-content\/uploads\/2025\/05\/Cilo-260-x-260-px-Instagram-Post-94.png","width":1080,"height":1080},{"@type":"BreadcrumbList","@id":"https:\/\/listings.mybikeplan.ch\/de\/mybikeplan\/cycle-week-2025-sonne-speed-street-culture-unser-recap-aus-zuerich\/#breadcrumb","itemListElement":[{"@type":"ListItem","position":1,"name":"Home","item":"https:\/\/listings.mybikeplan.ch\/de\/"},{"@type":"ListItem","position":2,"name":"Cycle Week 2025: Danke f\u00fcr dieses unvergessliche Wochenende! \ud83d\udeb4\u200d\u2640\ufe0f\u2600\ufe0f"}]},{"@type":"WebSite","@id":"https:\/\/listings.mybikeplan.ch\/de\/#website","url":"https:\/\/listings.mybikeplan.ch\/de\/","name":"MyBikePlan","description":"","potentialAction":[{"@type":"SearchAction","target":{"@type":"EntryPoint","urlTemplate":"https:\/\/listings.mybikeplan.ch\/de\/?s={search_term_string}"},"query-input":{"@type":"PropertyValueSpecification","valueRequired":true,"valueName":"search_term_string"}}],"inLanguage":"de"},{"@type":"Person","@id":"https:\/\/listings.mybikeplan.ch\/de\/#\/schema\/person\/e0e5a80791dfc91677276d6d84c09181","name":"Sarah Schurtenberger","image":{"@type":"ImageObject","inLanguage":"de","@id":"https:\/\/listings.mybikeplan.ch\/de\/#\/schema\/person\/image\/","url":"https:\/\/secure.gravatar.com\/avatar\/28b25580dea59e0c2443e8568461a29c99aed901e3ec3e6087dd8411c7a1bcd9?s=96&d=mm&r=g","contentUrl":"https:\/\/secure.gravatar.com\/avatar\/28b25580dea59e0c2443e8568461a29c99aed901e3ec3e6087dd8411c7a1bcd9?s=96&d=mm&r=g","caption":"Sarah Schurtenberger"},"url":"https:\/\/listings.mybikeplan.ch\/de\/author\/sarah-mybikeplan\/"}]}},"locale":"de","_links":{"self":[{"href":"https:\/\/listings.mybikeplan.ch\/de\/wp-json\/wp\/v2\/posts\/71756","targetHints":{"allow":["GET"]}}],"collection":[{"href":"https:\/\/listings.mybikeplan.ch\/de\/wp-json\/wp\/v2\/posts"}],"about":[{"href":"https:\/\/listings.mybikeplan.ch\/de\/wp-json\/wp\/v2\/types\/post"}],"author":[{"embeddable":true,"href":"https:\/\/listings.mybikeplan.ch\/de\/wp-json\/wp\/v2\/users\/8"}],"replies":[{"embeddable":true,"href":"https:\/\/listings.mybikeplan.ch\/de\/wp-json\/wp\/v2\/comments?post=71756"}],"version-history":[{"count":2,"href":"https:\/\/listings.mybikeplan.ch\/de\/wp-json\/wp\/v2\/posts\/71756\/revisions"}],"predecessor-version":[{"id":71785,"href":"https:\/\/listings.mybikeplan.ch\/de\/wp-json\/wp\/v2\/posts\/71756\/revisions\/71785"}],"wp:featuredmedia":[{"embeddable":true,"href":"https:\/\/listings.mybikeplan.ch\/de\/wp-json\/wp\/v2\/media\/71781"}],"wp:attachment":[{"href":"https:\/\/listings.mybikeplan.ch\/de\/wp-json\/wp\/v2\/media?parent=71756"}],"wp:term":[{"taxonomy":"category","embeddable":true,"href":"https:\/\/listings.mybikeplan.ch\/de\/wp-json\/wp\/v2\/categories?post=71756"},{"taxonomy":"post_tag","embeddable":true,"href":"https:\/\/listings.mybikeplan.ch\/de\/wp-json\/wp\/v2\/tags?post=71756"}],"curies":[{"name":"wp","href":"https:\/\/api.w.org\/{rel}","templated":true}]}}