{"id":68113,"date":"2024-09-24T08:46:23","date_gmt":"2024-09-24T08:46:23","guid":{"rendered":"https:\/\/listings.mybikeplan.ch\/?p=68113"},"modified":"2024-09-24T09:54:39","modified_gmt":"2024-09-24T09:54:39","slug":"%f0%9f%9a%b4%f0%9f%8f%bcvelo-wm-zuerich-2024-alles-was-du-wissen-musst","status":"publish","type":"post","link":"https:\/\/listings.mybikeplan.ch\/de\/mybikeplan\/%f0%9f%9a%b4%f0%9f%8f%bcvelo-wm-zuerich-2024-alles-was-du-wissen-musst\/","title":{"rendered":"\ud83d\udeb4\ud83c\udffcVelo WM Z\u00fcrich 2024 &#8211; Alles was du wissen musst"},"content":{"rendered":"\n<p>Die Startsch\u00fcsse f\u00fcr die <a href=\"https:\/\/zurich2024.com\/en\/\">UCI Championship <\/a>sind offiziell am <strong>Samstag 21.09.<\/strong> gefallen! Damit du dich nicht durch alle Medienbeitr\u00e4ge k\u00e4mpfen musst, habe ich hier f\u00fcr dich einige Highlights zusammengestellt\ud83d\ude0c.<\/p>\n\n\n\n<h2 class=\"wp-block-heading\">Velo WM 2024 &#8211; Was dich erwartet<\/h2>\n\n\n\n<p>Die <strong>UCI Strassen- und Paracycling-Weltmeisterschaften 2024<\/strong> in Z\u00fcrich sind spektakul\u00e4r \u2013 insgesamt <strong>53 Rennen<\/strong> stehen auf dem Programm! Dabei treten sowohl Elite-M\u00e4nner und -Frauen, als auch Junioren und die U23 in Disziplinen wie Zeitfahren und Strassenrennen gegeneinander an. Dazu kommen packende Teamwettk\u00e4mpfe, darunter Teamzeitfahren und gemischte Staffeln.<\/p>\n\n\n\n<p>Zum allerersten Mal in der Geschichte werden die Strassenrennen und Paracycling-Wettbewerbe auf denselben Strecken und mit demselben Ziel integriert ausgetragen. Ein echter Meilenstein im Radsport!<\/p>\n\n\n\n<figure class=\"wp-block-gallery has-nested-images columns-default is-cropped wp-block-gallery-1 is-layout-flex wp-block-gallery-is-layout-flex\">\n<figure class=\"wp-block-image size-full\"><a href=\"https:\/\/listings.mybikeplan.ch\/wp-content\/uploads\/2024\/09\/Screenshot-2024-09-24-at-09.30.26-2.png\"><img loading=\"lazy\" decoding=\"async\" width=\"365\" height=\"241\" data-id=\"68121\" src=\"https:\/\/listings.mybikeplan.ch\/wp-content\/uploads\/2024\/09\/Screenshot-2024-09-24-at-09.30.26-2.png\" alt=\"\" class=\"wp-image-68121\"\/><\/a><\/figure>\n<\/figure>\n\n\n\n<h2 class=\"wp-block-heading\">Fakten in Zahlen<\/h2>\n\n\n\n<ul class=\"wp-block-list\">\n<li>Vom 21.09.2024 &#8211; 29.09.2024<\/li>\n\n\n\n<li>53 Rennen<\/li>\n\n\n\n<li>Ca. 1&#8217;300 Teilnehmer aus 75 verschiedenen L\u00e4ndern<\/li>\n\n\n\n<li>M\u00e4nner Elite Stra\u00dfenrennen: 273,9 km <\/li>\n\n\n\n<li>Frauen Elite Stra\u00dfenrennen: 154,1 km<\/li>\n\n\n\n<li>Zeitfahren der M\u00e4nner: 46,1 km<\/li>\n\n\n\n<li>Zeitfahren der Frauen: 29,9 km<\/li>\n\n\n\n<li>Top genutzte Marken sind <a href=\"https:\/\/www.mybikeplan.ch\/alle-modelle-e-bike-schweiz?brand=specialized\">Specialized<\/a>, <a href=\"https:\/\/www.mybikeplan.ch\/alle-modelle-e-bike-schweiz?brand=bmc\">BMC<\/a>, <a href=\"https:\/\/www.mybikeplan.ch\/alle-modelle-e-bike-schweiz?brand=giant\">Giant<\/a><\/li>\n<\/ul>\n\n\n\n<h2 class=\"wp-block-heading\">Was versteht sich unter Para-Cycling?\ud83e\udd28<\/h2>\n\n\n\n<p>Paracycling ist eine Disziplin des Radsports, die speziell f\u00fcr Athleten mit Beintr\u00e4chtigung entwickelt wurde. Bei diesen Meisterschaften gibt es verschiedene Wettbewerbe, darunter Strassenrennen, Zeitfahren und Bahnrennen. Die Athleten nutzen unterschiedliche Arten von Fahrr\u00e4dern, darunter Handbikes, Dreir\u00e4der und spezielle Rennr\u00e4der, je nach ihren individuellen Bed\u00fcrfnissen.<\/p>\n\n\n\n<p>Die Veranstaltung f\u00f6rdert nicht nur den Wettbewerb, sondern auch das Bewusstsein und die Integration von Menschen mit Behinderungen im Sport. Die UCI Paracycling-Weltmeisterschaften in Z\u00fcrich sind eine Gelegenheit, die besten Paracycler der Welt zu sehen und die beeindruckenden Leistungen dieser Athleten zu w\u00fcrdigen.\ud83d\udcaa\ud83c\udffc<\/p>\n\n\n\n<figure class=\"wp-block-gallery aligncenter has-nested-images columns-default is-cropped wp-block-gallery-2 is-layout-flex wp-block-gallery-is-layout-flex\">\n<figure class=\"wp-block-image size-large\"><a href=\"https:\/\/listings.mybikeplan.ch\/wp-content\/uploads\/2024\/09\/Screenshot-2024-09-24-at-10.21.03.png\"><img loading=\"lazy\" decoding=\"async\" width=\"341\" height=\"215\" data-id=\"68124\" src=\"https:\/\/listings.mybikeplan.ch\/wp-content\/uploads\/2024\/09\/Screenshot-2024-09-24-at-10.21.03.png\" alt=\"\" class=\"wp-image-68124\"\/><\/a><\/figure>\n<\/figure>\n\n\n\n<h2 class=\"wp-block-heading\">Aktuelle Highlights\u2728<\/h2>\n\n\n\n<ul class=\"wp-block-list\">\n<li><strong>Remco Evenepoel verteidigt seinen Titel<\/strong>: Der belgische Radprofi Remco Evenepoel hat am 22. September 2024 seinen Titel im Einzelzeitfahren erfolgreich verteidigt. Mit einer Zeit von 53:01.98 Minuten setzte er sich gegen Filippo Ganna (Italien), der Silber gewann, und Edoardo Affini (Italien), der Bronze holte, durch.<strong> Dies war ein historischer Moment, da Evenepoel der erste Mann ist, der sowohl die Olympischen Spiele als auch die Weltmeisterschaften im Zeitfahren in demselben Jahr gewonnen hat\u200b! \ud83c\udf7e<\/strong><\/li>\n<\/ul>\n\n\n\n<ul class=\"wp-block-list\">\n<li><strong>Grace Brown gewinnt bei den Frauen<\/strong>: In der Kategorie der Frauen konnte Grace Brown (Australien) ebenfalls ihre Goldmedaille verteidigen und die Weltmeisterschaft im Zeitfahren gewinnen, nachdem sie bereits bei den Olympischen Spielen in Paris triumphiert hatte. <strong>Damit wird sie nur die zweite Frau in der Geschichte sein, die diese Leistung erreicht! \ud83e\udd2f<\/strong><\/li>\n<\/ul>\n\n\n\n<ul class=\"wp-block-list\">\n<li><strong>Medailleverteilung<\/strong>: In der ersten Medaillen\u00fcbersicht f\u00fchrt Belgien mit insgesamt vier Medaillen (1 Gold, 1 Silber, 2 Bronze), gefolgt von Australien, Frankreich, Deutschland, Spanien und anderen L\u00e4ndern\u200b<\/li>\n<\/ul>\n\n\n\n<h2 class=\"wp-block-heading\">Wie steht es um die Schweiz?\ud83c\udde8\ud83c\udded<\/h2>\n\n\n\n<p>Bis jetzt hat die Schweiz zwei Medaillen gewonnen: eine Silber- und eine Bronzemedaille. Diese wurden in den Junioren-Wettbewerben erzielt.<\/p>\n\n\n\n<ul class=\"wp-block-list\">\n<li>Paracyclerin Franziska Matile-D\u00f6rig&nbsp;&#8211; Gold\ud83e\udd47<\/li>\n\n\n\n<li>U-23-Fahrerin Jasmin Liechti &#8211; Silber\ud83e\udd48<\/li>\n\n\n\n<li>U-23-Fahrer Jan Christensen &#8211; Bronze\ud83e\udd49<\/li>\n<\/ul>\n\n\n\n<p>Somit ist der Medallien-Satz vollst\u00e4ndig! Das Rennen ist aber noch nicht vorbei! Bis am Sonntag laufen noch diverse Rennen.<a href=\"https:\/\/zurich2024.com\/rennprogramm\/\"> Hier hast du die vollst\u00e4ndige Tabelle der Rennen. <\/a> Dr\u00fccken wir der Schweiz die Daumen und hoffen auf weitere Erfolge! <\/p>\n\n\n\n<p>Haltet die Ohren steif!\ud83d\udc30<\/p>\n\n\n\n<p>Stephanie<\/p>\n","protected":false},"excerpt":{"rendered":"<p>Die Startsch\u00fcsse f\u00fcr die UCI Championship sind offiziell am Samstag 21.09. gefallen! Damit du dich nicht durch alle Medienbeitr\u00e4ge k\u00e4mpfen musst, habe ich hier f\u00fcr dich einige Highlights zusammengestellt\ud83d\ude0c. Velo WM 2024 &#8211; Was dich erwartet Die UCI Strassen- und Paracycling-Weltmeisterschaften 2024 in Z\u00fcrich sind spektakul\u00e4r \u2013 insgesamt 53 Rennen stehen auf dem Programm! Dabei [&hellip;]<\/p>\n","protected":false},"author":8,"featured_media":68117,"comment_status":"open","ping_status":"open","sticky":false,"template":"","format":"standard","meta":{"_acf_changed":false,"footnotes":""},"categories":[4436,4441],"tags":[11889,11888,11886,11887],"class_list":["post-68113","post","type-post","status-publish","format-standard","has-post-thumbnail","hentry","category-events","category-mybikeplan","tag-championship","tag-para-cycling","tag-velo-wm","tag-zurich"],"acf":[],"yoast_head":"<!-- This site is optimized with the Yoast SEO plugin v24.5 - https:\/\/yoast.com\/wordpress\/plugins\/seo\/ -->\n<title>\ud83d\udeb4\ud83c\udffcVelo WM Z\u00fcrich 2024 - Alles was du wissen musst - MyBikePlan<\/title>\n<meta name=\"robots\" content=\"noindex, follow, max-snippet:-1, max-image-preview:large, max-video-preview:-1\" \/>\n<meta property=\"og:locale\" content=\"de_DE\" \/>\n<meta property=\"og:type\" content=\"article\" \/>\n<meta property=\"og:title\" content=\"\ud83d\udeb4\ud83c\udffcVelo WM Z\u00fcrich 2024 - Alles was du wissen musst - MyBikePlan\" \/>\n<meta property=\"og:description\" content=\"Die Startsch\u00fcsse f\u00fcr die UCI Championship sind offiziell am Samstag 21.09. gefallen! Damit du dich nicht durch alle Medienbeitr\u00e4ge k\u00e4mpfen musst, habe ich hier f\u00fcr dich einige Highlights zusammengestellt\ud83d\ude0c. Velo WM 2024 &#8211; Was dich erwartet Die UCI Strassen- und Paracycling-Weltmeisterschaften 2024 in Z\u00fcrich sind spektakul\u00e4r \u2013 insgesamt 53 Rennen stehen auf dem Programm! Dabei [&hellip;]\" \/>\n<meta property=\"og:url\" content=\"https:\/\/listings.mybikeplan.ch\/de\/mybikeplan\/%f0%9f%9a%b4%f0%9f%8f%bcvelo-wm-zuerich-2024-alles-was-du-wissen-musst\/\" \/>\n<meta property=\"og:site_name\" content=\"MyBikePlan\" \/>\n<meta property=\"article:published_time\" content=\"2024-09-24T08:46:23+00:00\" \/>\n<meta property=\"article:modified_time\" content=\"2024-09-24T09:54:39+00:00\" \/>\n<meta property=\"og:image\" content=\"https:\/\/listings.mybikeplan.ch\/wp-content\/uploads\/2024\/09\/Screenshot-2024-09-24-at-09.30.26-1.png\" \/>\n\t<meta property=\"og:image:width\" content=\"365\" \/>\n\t<meta property=\"og:image:height\" content=\"241\" \/>\n\t<meta property=\"og:image:type\" content=\"image\/png\" \/>\n<meta name=\"author\" content=\"Sarah Schurtenberger\" \/>\n<meta name=\"twitter:card\" content=\"summary_large_image\" \/>\n<meta name=\"twitter:label1\" content=\"Verfasst von\" \/>\n\t<meta name=\"twitter:data1\" content=\"Sarah Schurtenberger\" \/>\n\t<meta name=\"twitter:label2\" content=\"Gesch\u00e4tzte Lesezeit\" \/>\n\t<meta name=\"twitter:data2\" content=\"2\u00a0Minuten\" \/>\n<script type=\"application\/ld+json\" class=\"yoast-schema-graph\">{\"@context\":\"https:\/\/schema.org\",\"@graph\":[{\"@type\":\"WebPage\",\"@id\":\"https:\/\/listings.mybikeplan.ch\/de\/mybikeplan\/%f0%9f%9a%b4%f0%9f%8f%bcvelo-wm-zuerich-2024-alles-was-du-wissen-musst\/\",\"url\":\"https:\/\/listings.mybikeplan.ch\/de\/mybikeplan\/%f0%9f%9a%b4%f0%9f%8f%bcvelo-wm-zuerich-2024-alles-was-du-wissen-musst\/\",\"name\":\"\ud83d\udeb4\ud83c\udffcVelo WM Z\u00fcrich 2024 - Alles was du wissen musst - MyBikePlan\",\"isPartOf\":{\"@id\":\"https:\/\/listings.mybikeplan.ch\/de\/#website\"},\"primaryImageOfPage\":{\"@id\":\"https:\/\/listings.mybikeplan.ch\/de\/mybikeplan\/%f0%9f%9a%b4%f0%9f%8f%bcvelo-wm-zuerich-2024-alles-was-du-wissen-musst\/#primaryimage\"},\"image\":{\"@id\":\"https:\/\/listings.mybikeplan.ch\/de\/mybikeplan\/%f0%9f%9a%b4%f0%9f%8f%bcvelo-wm-zuerich-2024-alles-was-du-wissen-musst\/#primaryimage\"},\"thumbnailUrl\":\"https:\/\/listings.mybikeplan.ch\/wp-content\/uploads\/2024\/09\/Screenshot-2024-09-24-at-09.30.26-1.png\",\"datePublished\":\"2024-09-24T08:46:23+00:00\",\"dateModified\":\"2024-09-24T09:54:39+00:00\",\"author\":{\"@id\":\"https:\/\/listings.mybikeplan.ch\/de\/#\/schema\/person\/e0e5a80791dfc91677276d6d84c09181\"},\"breadcrumb\":{\"@id\":\"https:\/\/listings.mybikeplan.ch\/de\/mybikeplan\/%f0%9f%9a%b4%f0%9f%8f%bcvelo-wm-zuerich-2024-alles-was-du-wissen-musst\/#breadcrumb\"},\"inLanguage\":\"de\",\"potentialAction\":[{\"@type\":\"ReadAction\",\"target\":[\"https:\/\/listings.mybikeplan.ch\/de\/mybikeplan\/%f0%9f%9a%b4%f0%9f%8f%bcvelo-wm-zuerich-2024-alles-was-du-wissen-musst\/\"]}]},{\"@type\":\"ImageObject\",\"inLanguage\":\"de\",\"@id\":\"https:\/\/listings.mybikeplan.ch\/de\/mybikeplan\/%f0%9f%9a%b4%f0%9f%8f%bcvelo-wm-zuerich-2024-alles-was-du-wissen-musst\/#primaryimage\",\"url\":\"https:\/\/listings.mybikeplan.ch\/wp-content\/uploads\/2024\/09\/Screenshot-2024-09-24-at-09.30.26-1.png\",\"contentUrl\":\"https:\/\/listings.mybikeplan.ch\/wp-content\/uploads\/2024\/09\/Screenshot-2024-09-24-at-09.30.26-1.png\",\"width\":365,\"height\":241},{\"@type\":\"BreadcrumbList\",\"@id\":\"https:\/\/listings.mybikeplan.ch\/de\/mybikeplan\/%f0%9f%9a%b4%f0%9f%8f%bcvelo-wm-zuerich-2024-alles-was-du-wissen-musst\/#breadcrumb\",\"itemListElement\":[{\"@type\":\"ListItem\",\"position\":1,\"name\":\"Home\",\"item\":\"https:\/\/listings.mybikeplan.ch\/de\/\"},{\"@type\":\"ListItem\",\"position\":2,\"name\":\"\ud83d\udeb4\ud83c\udffcVelo WM Z\u00fcrich 2024 &#8211; Alles was du wissen musst\"}]},{\"@type\":\"WebSite\",\"@id\":\"https:\/\/listings.mybikeplan.ch\/de\/#website\",\"url\":\"https:\/\/listings.mybikeplan.ch\/de\/\",\"name\":\"MyBikePlan\",\"description\":\"\",\"potentialAction\":[{\"@type\":\"SearchAction\",\"target\":{\"@type\":\"EntryPoint\",\"urlTemplate\":\"https:\/\/listings.mybikeplan.ch\/de\/?s={search_term_string}\"},\"query-input\":{\"@type\":\"PropertyValueSpecification\",\"valueRequired\":true,\"valueName\":\"search_term_string\"}}],\"inLanguage\":\"de\"},{\"@type\":\"Person\",\"@id\":\"https:\/\/listings.mybikeplan.ch\/de\/#\/schema\/person\/e0e5a80791dfc91677276d6d84c09181\",\"name\":\"Sarah Schurtenberger\",\"image\":{\"@type\":\"ImageObject\",\"inLanguage\":\"de\",\"@id\":\"https:\/\/listings.mybikeplan.ch\/de\/#\/schema\/person\/image\/\",\"url\":\"https:\/\/secure.gravatar.com\/avatar\/28b25580dea59e0c2443e8568461a29c99aed901e3ec3e6087dd8411c7a1bcd9?s=96&d=mm&r=g\",\"contentUrl\":\"https:\/\/secure.gravatar.com\/avatar\/28b25580dea59e0c2443e8568461a29c99aed901e3ec3e6087dd8411c7a1bcd9?s=96&d=mm&r=g\",\"caption\":\"Sarah Schurtenberger\"},\"url\":\"https:\/\/listings.mybikeplan.ch\/de\/author\/sarah-mybikeplan\/\"}]}<\/script>\n<!-- \/ Yoast SEO plugin. -->","yoast_head_json":{"title":"\ud83d\udeb4\ud83c\udffcVelo WM Z\u00fcrich 2024 - Alles was du wissen musst - MyBikePlan","robots":{"index":"noindex","follow":"follow","max-snippet":"max-snippet:-1","max-image-preview":"max-image-preview:large","max-video-preview":"max-video-preview:-1"},"og_locale":"de_DE","og_type":"article","og_title":"\ud83d\udeb4\ud83c\udffcVelo WM Z\u00fcrich 2024 - Alles was du wissen musst - MyBikePlan","og_description":"Die Startsch\u00fcsse f\u00fcr die UCI Championship sind offiziell am Samstag 21.09. gefallen! Damit du dich nicht durch alle Medienbeitr\u00e4ge k\u00e4mpfen musst, habe ich hier f\u00fcr dich einige Highlights zusammengestellt\ud83d\ude0c. Velo WM 2024 &#8211; Was dich erwartet Die UCI Strassen- und Paracycling-Weltmeisterschaften 2024 in Z\u00fcrich sind spektakul\u00e4r \u2013 insgesamt 53 Rennen stehen auf dem Programm! Dabei [&hellip;]","og_url":"https:\/\/listings.mybikeplan.ch\/de\/mybikeplan\/%f0%9f%9a%b4%f0%9f%8f%bcvelo-wm-zuerich-2024-alles-was-du-wissen-musst\/","og_site_name":"MyBikePlan","article_published_time":"2024-09-24T08:46:23+00:00","article_modified_time":"2024-09-24T09:54:39+00:00","og_image":[{"width":365,"height":241,"url":"https:\/\/listings.mybikeplan.ch\/wp-content\/uploads\/2024\/09\/Screenshot-2024-09-24-at-09.30.26-1.png","type":"image\/png"}],"author":"Sarah Schurtenberger","twitter_card":"summary_large_image","twitter_misc":{"Verfasst von":"Sarah Schurtenberger","Gesch\u00e4tzte Lesezeit":"2\u00a0Minuten"},"schema":{"@context":"https:\/\/schema.org","@graph":[{"@type":"WebPage","@id":"https:\/\/listings.mybikeplan.ch\/de\/mybikeplan\/%f0%9f%9a%b4%f0%9f%8f%bcvelo-wm-zuerich-2024-alles-was-du-wissen-musst\/","url":"https:\/\/listings.mybikeplan.ch\/de\/mybikeplan\/%f0%9f%9a%b4%f0%9f%8f%bcvelo-wm-zuerich-2024-alles-was-du-wissen-musst\/","name":"\ud83d\udeb4\ud83c\udffcVelo WM Z\u00fcrich 2024 - Alles was du wissen musst - MyBikePlan","isPartOf":{"@id":"https:\/\/listings.mybikeplan.ch\/de\/#website"},"primaryImageOfPage":{"@id":"https:\/\/listings.mybikeplan.ch\/de\/mybikeplan\/%f0%9f%9a%b4%f0%9f%8f%bcvelo-wm-zuerich-2024-alles-was-du-wissen-musst\/#primaryimage"},"image":{"@id":"https:\/\/listings.mybikeplan.ch\/de\/mybikeplan\/%f0%9f%9a%b4%f0%9f%8f%bcvelo-wm-zuerich-2024-alles-was-du-wissen-musst\/#primaryimage"},"thumbnailUrl":"https:\/\/listings.mybikeplan.ch\/wp-content\/uploads\/2024\/09\/Screenshot-2024-09-24-at-09.30.26-1.png","datePublished":"2024-09-24T08:46:23+00:00","dateModified":"2024-09-24T09:54:39+00:00","author":{"@id":"https:\/\/listings.mybikeplan.ch\/de\/#\/schema\/person\/e0e5a80791dfc91677276d6d84c09181"},"breadcrumb":{"@id":"https:\/\/listings.mybikeplan.ch\/de\/mybikeplan\/%f0%9f%9a%b4%f0%9f%8f%bcvelo-wm-zuerich-2024-alles-was-du-wissen-musst\/#breadcrumb"},"inLanguage":"de","potentialAction":[{"@type":"ReadAction","target":["https:\/\/listings.mybikeplan.ch\/de\/mybikeplan\/%f0%9f%9a%b4%f0%9f%8f%bcvelo-wm-zuerich-2024-alles-was-du-wissen-musst\/"]}]},{"@type":"ImageObject","inLanguage":"de","@id":"https:\/\/listings.mybikeplan.ch\/de\/mybikeplan\/%f0%9f%9a%b4%f0%9f%8f%bcvelo-wm-zuerich-2024-alles-was-du-wissen-musst\/#primaryimage","url":"https:\/\/listings.mybikeplan.ch\/wp-content\/uploads\/2024\/09\/Screenshot-2024-09-24-at-09.30.26-1.png","contentUrl":"https:\/\/listings.mybikeplan.ch\/wp-content\/uploads\/2024\/09\/Screenshot-2024-09-24-at-09.30.26-1.png","width":365,"height":241},{"@type":"BreadcrumbList","@id":"https:\/\/listings.mybikeplan.ch\/de\/mybikeplan\/%f0%9f%9a%b4%f0%9f%8f%bcvelo-wm-zuerich-2024-alles-was-du-wissen-musst\/#breadcrumb","itemListElement":[{"@type":"ListItem","position":1,"name":"Home","item":"https:\/\/listings.mybikeplan.ch\/de\/"},{"@type":"ListItem","position":2,"name":"\ud83d\udeb4\ud83c\udffcVelo WM Z\u00fcrich 2024 &#8211; Alles was du wissen musst"}]},{"@type":"WebSite","@id":"https:\/\/listings.mybikeplan.ch\/de\/#website","url":"https:\/\/listings.mybikeplan.ch\/de\/","name":"MyBikePlan","description":"","potentialAction":[{"@type":"SearchAction","target":{"@type":"EntryPoint","urlTemplate":"https:\/\/listings.mybikeplan.ch\/de\/?s={search_term_string}"},"query-input":{"@type":"PropertyValueSpecification","valueRequired":true,"valueName":"search_term_string"}}],"inLanguage":"de"},{"@type":"Person","@id":"https:\/\/listings.mybikeplan.ch\/de\/#\/schema\/person\/e0e5a80791dfc91677276d6d84c09181","name":"Sarah Schurtenberger","image":{"@type":"ImageObject","inLanguage":"de","@id":"https:\/\/listings.mybikeplan.ch\/de\/#\/schema\/person\/image\/","url":"https:\/\/secure.gravatar.com\/avatar\/28b25580dea59e0c2443e8568461a29c99aed901e3ec3e6087dd8411c7a1bcd9?s=96&d=mm&r=g","contentUrl":"https:\/\/secure.gravatar.com\/avatar\/28b25580dea59e0c2443e8568461a29c99aed901e3ec3e6087dd8411c7a1bcd9?s=96&d=mm&r=g","caption":"Sarah Schurtenberger"},"url":"https:\/\/listings.mybikeplan.ch\/de\/author\/sarah-mybikeplan\/"}]}},"locale":"de","_links":{"self":[{"href":"https:\/\/listings.mybikeplan.ch\/de\/wp-json\/wp\/v2\/posts\/68113","targetHints":{"allow":["GET"]}}],"collection":[{"href":"https:\/\/listings.mybikeplan.ch\/de\/wp-json\/wp\/v2\/posts"}],"about":[{"href":"https:\/\/listings.mybikeplan.ch\/de\/wp-json\/wp\/v2\/types\/post"}],"author":[{"embeddable":true,"href":"https:\/\/listings.mybikeplan.ch\/de\/wp-json\/wp\/v2\/users\/8"}],"replies":[{"embeddable":true,"href":"https:\/\/listings.mybikeplan.ch\/de\/wp-json\/wp\/v2\/comments?post=68113"}],"version-history":[{"count":3,"href":"https:\/\/listings.mybikeplan.ch\/de\/wp-json\/wp\/v2\/posts\/68113\/revisions"}],"predecessor-version":[{"id":68140,"href":"https:\/\/listings.mybikeplan.ch\/de\/wp-json\/wp\/v2\/posts\/68113\/revisions\/68140"}],"wp:featuredmedia":[{"embeddable":true,"href":"https:\/\/listings.mybikeplan.ch\/de\/wp-json\/wp\/v2\/media\/68117"}],"wp:attachment":[{"href":"https:\/\/listings.mybikeplan.ch\/de\/wp-json\/wp\/v2\/media?parent=68113"}],"wp:term":[{"taxonomy":"category","embeddable":true,"href":"https:\/\/listings.mybikeplan.ch\/de\/wp-json\/wp\/v2\/categories?post=68113"},{"taxonomy":"post_tag","embeddable":true,"href":"https:\/\/listings.mybikeplan.ch\/de\/wp-json\/wp\/v2\/tags?post=68113"}],"curies":[{"name":"wp","href":"https:\/\/api.w.org\/{rel}","templated":true}]}}