{"id":66655,"date":"2024-07-18T12:53:50","date_gmt":"2024-07-18T12:53:50","guid":{"rendered":"https:\/\/listings.mybikeplan.ch\/?p=66655"},"modified":"2024-07-18T13:21:10","modified_gmt":"2024-07-18T13:21:10","slug":"weshalb-ein-city-e-bike-fuer-alle-altersgruppen-gemacht-ist-%f0%9f%9a%b2","status":"publish","type":"post","link":"https:\/\/listings.mybikeplan.ch\/de\/mybikeplan\/weshalb-ein-city-e-bike-fuer-alle-altersgruppen-gemacht-ist-%f0%9f%9a%b2\/","title":{"rendered":"Weshalb ein City E-Bike f\u00fcr alle Altersgruppen gemacht ist \ud83d\udeb2"},"content":{"rendered":"\n<p><a href=\"https:\/\/www.mybikeplan.ch\/alle-modelle-e-bike-schweiz?categories=e-urban\">City E-Bikes<\/a> sind der neueste Hit, und das v\u00f6llig zu Recht! Diese umweltfreundlichen, praktischen und vielseitigen R\u00e4der haben f\u00fcr Menschen jeden Alters eine Menge zu bieten. In diesem Blogbeitrag verraten wir, warum City E-Bikes f\u00fcr jede Altersgruppe eine geniale Wahl sind und wie sie das Leben von Jugendlichen, Erwachsenen und Senioren aufpeppen k\u00f6nnen.<\/p>\n\n\n\n<figure class=\"wp-block-image size-large\"><a href=\"https:\/\/listings.mybikeplan.ch\/wp-content\/uploads\/2024\/07\/man-6950831_1280.jpg\"><img loading=\"lazy\" decoding=\"async\" width=\"1024\" height=\"683\" src=\"https:\/\/listings.mybikeplan.ch\/wp-content\/uploads\/2024\/07\/man-6950831_1280-1024x683.jpg\" alt=\"\" class=\"wp-image-66656\" srcset=\"https:\/\/listings.mybikeplan.ch\/wp-content\/uploads\/2024\/07\/man-6950831_1280-1024x683.jpg 1024w, https:\/\/listings.mybikeplan.ch\/wp-content\/uploads\/2024\/07\/man-6950831_1280-540x360.jpg 540w, https:\/\/listings.mybikeplan.ch\/wp-content\/uploads\/2024\/07\/man-6950831_1280-768x512.jpg 768w, https:\/\/listings.mybikeplan.ch\/wp-content\/uploads\/2024\/07\/man-6950831_1280-666x444.jpg 666w, https:\/\/listings.mybikeplan.ch\/wp-content\/uploads\/2024\/07\/man-6950831_1280.jpg 1280w\" sizes=\"auto, (max-width: 1024px) 100vw, 1024px\" \/><\/a><\/figure>\n\n\n\n<h2 class=\"wp-block-heading\">\ud83d\udc68\ud83c\udffc\u200d\ud83e\uddb1\ud83d\udc69\ud83c\udffc\u200d\ud83e\uddb0<strong>Erwachsene (26-50 Jahre)<\/strong><\/h2>\n\n\n\n<p><a href=\"https:\/\/www.mybikeplan.ch\/alle-modelle-e-bike-schweiz?categories=e-urban\">City E-Bikes<\/a> sind der perfekte Begleiter f\u00fcr Stadtbewohner! Praktisch und effizient im t\u00e4glichen Pendelverkehr, Staus Ad\u00e9 und Parkplatzsuche umgangen. Und dabei noch gesund bleiben! Viele Erwachsene nutzen E-Bikes auch in der Freizeit, um fit zu bleiben und die Stadt auf neue Weise zu erkunden.<\/p>\n\n\n\n<p><strong>Vorteile:&nbsp;<\/strong><\/p>\n\n\n\n<ul class=\"wp-block-list\">\n<li>Effiziente und stressfreie Pendeloption<\/li>\n\n\n\n<li>Gesundheitsf\u00f6rdernd durch zus\u00e4tzliche Bewegung<\/li>\n\n\n\n<li>Flexibilit\u00e4t und Zeitersparnis<\/li>\n<\/ul>\n\n\n\n<h2 class=\"wp-block-heading\">\ud83d\udc66\ud83c\udffc\ud83d\udc67\ud83c\udffd<strong>Junge Erwachsene(16-25 Jahre)<\/strong><\/h2>\n\n\n\n<p><a href=\"https:\/\/www.mybikeplan.ch\/alle-modelle-e-bike-schweiz?categories=e-urban\">City E-Bikes<\/a> sind der Hit f\u00fcr Jugendliche! Perfekt, um zur Schule, Uni oder Arbeit zu d\u00fcsen \u2013 ganz ohne F\u00fchrerschein oder l\u00e4stigen Nahverkehr. Dazu noch viel g\u00fcnstiger als ein Auto und super umweltfreundlich.<\/p>\n\n\n\n<p><strong>Vorteile:<\/strong><\/p>\n\n\n\n<ul class=\"wp-block-list\">\n<li>Kosteng\u00fcnstige Mobilit\u00e4t<\/li>\n\n\n\n<li>Unabh\u00e4ngigkeit von \u00f6ffentlichen Verkehrsmitteln<\/li>\n\n\n\n<li>Umweltfreundliche Alternative zum Auto<\/li>\n<\/ul>\n\n\n\n<h2 class=\"wp-block-heading\">\ud83d\udc68\ud83c\udffc\u200d\ud83e\uddb3\ud83d\udc75\ud83c\udffd<strong>Senioren (51 Jahre und \u00e4lter)<\/strong><\/h2>\n\n\n\n<p><a href=\"https:\/\/www.mybikeplan.ch\/alle-modelle-e-bike-schweiz?categories=e-urban\">E-Bikes<\/a> sind das Geheimnis f\u00fcr fitte Rentner! Dank elektrischer Unterst\u00fctzung sind l\u00e4ngere Strecken und Steigungen ein Kinderspiel. Ideal f\u00fcr aktive Senioren, die mobil bleiben wollen, ohne ihre Gelenke zu strapazieren.<\/p>\n\n\n\n<p><strong>Vorteile:<\/strong><\/p>\n\n\n\n<ul class=\"wp-block-list\">\n<li>Unterst\u00fctzte Mobilit\u00e4t und Unabh\u00e4ngigkeit<\/li>\n\n\n\n<li>Schonende k\u00f6rperliche Aktivit\u00e4t<\/li>\n\n\n\n<li>M\u00f6glichkeit, l\u00e4ngere Strecken und Steigungen m\u00fchelos zu bew\u00e4ltigen<\/li>\n<\/ul>\n\n\n\n<h2 class=\"wp-block-heading\"><strong>Warum City E-Bikes f\u00fcr alle Altersgruppen perfekt sind:<\/strong><\/h2>\n\n\n\n<ul class=\"wp-block-list\">\n<li>City E-Bikes sind echte Allrounder, die f\u00fcr jeden etwas bieten. Hier sind die Gr\u00fcnde, warum sie eine top Wahl sind:<\/li>\n<\/ul>\n\n\n\n<ul class=\"wp-block-list\">\n<li>Umweltfreundlich: Null Emissionen, weniger Umweltverschmutzung.\u267b\ufe0f<\/li>\n<\/ul>\n\n\n\n<ul class=\"wp-block-list\">\n<li> Gesundheitsf\u00f6rdernd: Aktiv bleiben trotz elektrischer Unterst\u00fctzung.\ud83c\udf4e<\/li>\n<\/ul>\n\n\n\n<ul class=\"wp-block-list\">\n<li> Kostenersparnis: G\u00fcnstiger als Autos, weniger Unterhaltskosten.\ud83d\udeb2<\/li>\n<\/ul>\n\n\n\n<ul class=\"wp-block-list\">\n<li> Flexibilit\u00e4t: Schnell und flexibel durch die Stadt, ohne Stress.\u26a1<\/li>\n<\/ul>\n\n\n\n<ul class=\"wp-block-list\">\n<li>Spa\u00df: Entdecke die Stadt auf eine neue und coole Art!\ud83d\ude80<\/li>\n<\/ul>\n\n\n\n<figure class=\"wp-block-image size-large is-resized\"><a href=\"https:\/\/listings.mybikeplan.ch\/wp-content\/uploads\/2024\/07\/san-francisco-6950828_1280.jpg\"><img loading=\"lazy\" decoding=\"async\" width=\"819\" height=\"1024\" src=\"https:\/\/listings.mybikeplan.ch\/wp-content\/uploads\/2024\/07\/san-francisco-6950828_1280-819x1024.jpg\" alt=\"\" class=\"wp-image-66668\" style=\"width:571px;height:auto\" srcset=\"https:\/\/listings.mybikeplan.ch\/wp-content\/uploads\/2024\/07\/san-francisco-6950828_1280-819x1024.jpg 819w, https:\/\/listings.mybikeplan.ch\/wp-content\/uploads\/2024\/07\/san-francisco-6950828_1280-288x360.jpg 288w, https:\/\/listings.mybikeplan.ch\/wp-content\/uploads\/2024\/07\/san-francisco-6950828_1280-768x960.jpg 768w, https:\/\/listings.mybikeplan.ch\/wp-content\/uploads\/2024\/07\/san-francisco-6950828_1280-666x833.jpg 666w, https:\/\/listings.mybikeplan.ch\/wp-content\/uploads\/2024\/07\/san-francisco-6950828_1280.jpg 1024w\" sizes=\"auto, (max-width: 819px) 100vw, 819px\" \/><\/a><\/figure>\n\n\n\n<h2 class=\"wp-block-heading\">Fazit<\/h2>\n\n\n\n<p>City E-Bikes sind keine Modeerscheinung, sondern die smarte und nachhaltige Wahl f\u00fcr urbane Mobilit\u00e4t. Egal ob jung oder jung geblieben, sie bieten viele Vorteile f\u00fcr einen aktiven, gesunden und umweltbewussten Lifestyle. Wenn du noch nicht auf den<a href=\"https:\/\/www.mybikeplan.ch\/alle-modelle-e-bike-schweiz?categories=e-urban\"> E-Bike-Zug<\/a> aufgesprungen bist, ist jetzt der beste Moment, um die Vorz\u00fcge selbst zu erfahren! Gib Gas und entdecke die Freiheit auf zwei R\u00e4dern! \ud83d\udeb4\u200d\u2642\ufe0f\ud83d\udca8<\/p>\n","protected":false},"excerpt":{"rendered":"<p>City E-Bikes sind der neueste Hit, und das v\u00f6llig zu Recht! Diese umweltfreundlichen, praktischen und vielseitigen R\u00e4der haben f\u00fcr Menschen jeden Alters eine Menge zu bieten. In diesem Blogbeitrag verraten wir, warum City E-Bikes f\u00fcr jede Altersgruppe eine geniale Wahl sind und wie sie das Leben von Jugendlichen, Erwachsenen und Senioren aufpeppen k\u00f6nnen. \ud83d\udc68\ud83c\udffc\u200d\ud83e\uddb1\ud83d\udc69\ud83c\udffc\u200d\ud83e\uddb0Erwachsene (26-50 [&hellip;]<\/p>\n","protected":false},"author":15,"featured_media":66679,"comment_status":"open","ping_status":"open","sticky":false,"template":"","format":"standard","meta":{"_acf_changed":false,"footnotes":""},"categories":[4441,3380],"tags":[11361,11359,11360],"class_list":["post-66655","post","type-post","status-publish","format-standard","has-post-thumbnail","hentry","category-mybikeplan","category-tipps-tricks","tag-city-e-bikes","tag-e-bikes","tag-jedes-alter"],"acf":[],"yoast_head":"<!-- This site is optimized with the Yoast SEO plugin v24.5 - https:\/\/yoast.com\/wordpress\/plugins\/seo\/ -->\n<title>Weshalb ein City E-Bike f\u00fcr alle Altersgruppen gemacht ist \ud83d\udeb2 - MyBikePlan<\/title>\n<meta name=\"robots\" content=\"noindex, follow, max-snippet:-1, max-image-preview:large, max-video-preview:-1\" \/>\n<meta property=\"og:locale\" content=\"de_DE\" \/>\n<meta property=\"og:type\" content=\"article\" \/>\n<meta property=\"og:title\" content=\"Weshalb ein City E-Bike f\u00fcr alle Altersgruppen gemacht ist \ud83d\udeb2 - MyBikePlan\" \/>\n<meta property=\"og:description\" content=\"City E-Bikes sind der neueste Hit, und das v\u00f6llig zu Recht! Diese umweltfreundlichen, praktischen und vielseitigen R\u00e4der haben f\u00fcr Menschen jeden Alters eine Menge zu bieten. In diesem Blogbeitrag verraten wir, warum City E-Bikes f\u00fcr jede Altersgruppe eine geniale Wahl sind und wie sie das Leben von Jugendlichen, Erwachsenen und Senioren aufpeppen k\u00f6nnen. \ud83d\udc68\ud83c\udffc\u200d\ud83e\uddb1\ud83d\udc69\ud83c\udffc\u200d\ud83e\uddb0Erwachsene (26-50 [&hellip;]\" \/>\n<meta property=\"og:url\" content=\"https:\/\/listings.mybikeplan.ch\/de\/mybikeplan\/weshalb-ein-city-e-bike-fuer-alle-altersgruppen-gemacht-ist-%f0%9f%9a%b2\/\" \/>\n<meta property=\"og:site_name\" content=\"MyBikePlan\" \/>\n<meta property=\"article:published_time\" content=\"2024-07-18T12:53:50+00:00\" \/>\n<meta property=\"article:modified_time\" content=\"2024-07-18T13:21:10+00:00\" \/>\n<meta property=\"og:image\" content=\"https:\/\/listings.mybikeplan.ch\/wp-content\/uploads\/2024\/07\/e-bike-6401173_960_720.jpg\" \/>\n\t<meta property=\"og:image:width\" content=\"960\" \/>\n\t<meta property=\"og:image:height\" content=\"698\" \/>\n\t<meta property=\"og:image:type\" content=\"image\/jpeg\" \/>\n<meta name=\"author\" content=\"Evelyne Aschwanden\" \/>\n<meta name=\"twitter:card\" content=\"summary_large_image\" \/>\n<meta name=\"twitter:label1\" content=\"Verfasst von\" \/>\n\t<meta name=\"twitter:data1\" content=\"Evelyne Aschwanden\" \/>\n\t<meta name=\"twitter:label2\" content=\"Gesch\u00e4tzte Lesezeit\" \/>\n\t<meta name=\"twitter:data2\" content=\"2\u00a0Minuten\" \/>\n<script type=\"application\/ld+json\" class=\"yoast-schema-graph\">{\"@context\":\"https:\/\/schema.org\",\"@graph\":[{\"@type\":\"WebPage\",\"@id\":\"https:\/\/listings.mybikeplan.ch\/de\/mybikeplan\/weshalb-ein-city-e-bike-fuer-alle-altersgruppen-gemacht-ist-%f0%9f%9a%b2\/\",\"url\":\"https:\/\/listings.mybikeplan.ch\/de\/mybikeplan\/weshalb-ein-city-e-bike-fuer-alle-altersgruppen-gemacht-ist-%f0%9f%9a%b2\/\",\"name\":\"Weshalb ein City E-Bike f\u00fcr alle Altersgruppen gemacht ist \ud83d\udeb2 - MyBikePlan\",\"isPartOf\":{\"@id\":\"https:\/\/listings.mybikeplan.ch\/de\/#website\"},\"primaryImageOfPage\":{\"@id\":\"https:\/\/listings.mybikeplan.ch\/de\/mybikeplan\/weshalb-ein-city-e-bike-fuer-alle-altersgruppen-gemacht-ist-%f0%9f%9a%b2\/#primaryimage\"},\"image\":{\"@id\":\"https:\/\/listings.mybikeplan.ch\/de\/mybikeplan\/weshalb-ein-city-e-bike-fuer-alle-altersgruppen-gemacht-ist-%f0%9f%9a%b2\/#primaryimage\"},\"thumbnailUrl\":\"https:\/\/listings.mybikeplan.ch\/wp-content\/uploads\/2024\/07\/e-bike-6401173_960_720.jpg\",\"datePublished\":\"2024-07-18T12:53:50+00:00\",\"dateModified\":\"2024-07-18T13:21:10+00:00\",\"author\":{\"@id\":\"https:\/\/listings.mybikeplan.ch\/de\/#\/schema\/person\/514a6130749cc58319f751509338dafd\"},\"breadcrumb\":{\"@id\":\"https:\/\/listings.mybikeplan.ch\/de\/mybikeplan\/weshalb-ein-city-e-bike-fuer-alle-altersgruppen-gemacht-ist-%f0%9f%9a%b2\/#breadcrumb\"},\"inLanguage\":\"de\",\"potentialAction\":[{\"@type\":\"ReadAction\",\"target\":[\"https:\/\/listings.mybikeplan.ch\/de\/mybikeplan\/weshalb-ein-city-e-bike-fuer-alle-altersgruppen-gemacht-ist-%f0%9f%9a%b2\/\"]}]},{\"@type\":\"ImageObject\",\"inLanguage\":\"de\",\"@id\":\"https:\/\/listings.mybikeplan.ch\/de\/mybikeplan\/weshalb-ein-city-e-bike-fuer-alle-altersgruppen-gemacht-ist-%f0%9f%9a%b2\/#primaryimage\",\"url\":\"https:\/\/listings.mybikeplan.ch\/wp-content\/uploads\/2024\/07\/e-bike-6401173_960_720.jpg\",\"contentUrl\":\"https:\/\/listings.mybikeplan.ch\/wp-content\/uploads\/2024\/07\/e-bike-6401173_960_720.jpg\",\"width\":960,\"height\":698},{\"@type\":\"BreadcrumbList\",\"@id\":\"https:\/\/listings.mybikeplan.ch\/de\/mybikeplan\/weshalb-ein-city-e-bike-fuer-alle-altersgruppen-gemacht-ist-%f0%9f%9a%b2\/#breadcrumb\",\"itemListElement\":[{\"@type\":\"ListItem\",\"position\":1,\"name\":\"Home\",\"item\":\"https:\/\/listings.mybikeplan.ch\/de\/\"},{\"@type\":\"ListItem\",\"position\":2,\"name\":\"Weshalb ein City E-Bike f\u00fcr alle Altersgruppen gemacht ist \ud83d\udeb2\"}]},{\"@type\":\"WebSite\",\"@id\":\"https:\/\/listings.mybikeplan.ch\/de\/#website\",\"url\":\"https:\/\/listings.mybikeplan.ch\/de\/\",\"name\":\"MyBikePlan\",\"description\":\"\",\"potentialAction\":[{\"@type\":\"SearchAction\",\"target\":{\"@type\":\"EntryPoint\",\"urlTemplate\":\"https:\/\/listings.mybikeplan.ch\/de\/?s={search_term_string}\"},\"query-input\":{\"@type\":\"PropertyValueSpecification\",\"valueRequired\":true,\"valueName\":\"search_term_string\"}}],\"inLanguage\":\"de\"},{\"@type\":\"Person\",\"@id\":\"https:\/\/listings.mybikeplan.ch\/de\/#\/schema\/person\/514a6130749cc58319f751509338dafd\",\"name\":\"Evelyne Aschwanden\",\"image\":{\"@type\":\"ImageObject\",\"inLanguage\":\"de\",\"@id\":\"https:\/\/listings.mybikeplan.ch\/de\/#\/schema\/person\/image\/\",\"url\":\"https:\/\/secure.gravatar.com\/avatar\/73f0cad78e1012b10bb7c10f05a99be7009e6621353849483b51025ae56a6b37?s=96&d=mm&r=g\",\"contentUrl\":\"https:\/\/secure.gravatar.com\/avatar\/73f0cad78e1012b10bb7c10f05a99be7009e6621353849483b51025ae56a6b37?s=96&d=mm&r=g\",\"caption\":\"Evelyne Aschwanden\"},\"url\":\"https:\/\/listings.mybikeplan.ch\/de\/author\/evelyne-mybikeplan\/\"}]}<\/script>\n<!-- \/ Yoast SEO plugin. -->","yoast_head_json":{"title":"Weshalb ein City E-Bike f\u00fcr alle Altersgruppen gemacht ist \ud83d\udeb2 - MyBikePlan","robots":{"index":"noindex","follow":"follow","max-snippet":"max-snippet:-1","max-image-preview":"max-image-preview:large","max-video-preview":"max-video-preview:-1"},"og_locale":"de_DE","og_type":"article","og_title":"Weshalb ein City E-Bike f\u00fcr alle Altersgruppen gemacht ist \ud83d\udeb2 - MyBikePlan","og_description":"City E-Bikes sind der neueste Hit, und das v\u00f6llig zu Recht! Diese umweltfreundlichen, praktischen und vielseitigen R\u00e4der haben f\u00fcr Menschen jeden Alters eine Menge zu bieten. In diesem Blogbeitrag verraten wir, warum City E-Bikes f\u00fcr jede Altersgruppe eine geniale Wahl sind und wie sie das Leben von Jugendlichen, Erwachsenen und Senioren aufpeppen k\u00f6nnen. \ud83d\udc68\ud83c\udffc\u200d\ud83e\uddb1\ud83d\udc69\ud83c\udffc\u200d\ud83e\uddb0Erwachsene (26-50 [&hellip;]","og_url":"https:\/\/listings.mybikeplan.ch\/de\/mybikeplan\/weshalb-ein-city-e-bike-fuer-alle-altersgruppen-gemacht-ist-%f0%9f%9a%b2\/","og_site_name":"MyBikePlan","article_published_time":"2024-07-18T12:53:50+00:00","article_modified_time":"2024-07-18T13:21:10+00:00","og_image":[{"width":960,"height":698,"url":"https:\/\/listings.mybikeplan.ch\/wp-content\/uploads\/2024\/07\/e-bike-6401173_960_720.jpg","type":"image\/jpeg"}],"author":"Evelyne Aschwanden","twitter_card":"summary_large_image","twitter_misc":{"Verfasst von":"Evelyne Aschwanden","Gesch\u00e4tzte Lesezeit":"2\u00a0Minuten"},"schema":{"@context":"https:\/\/schema.org","@graph":[{"@type":"WebPage","@id":"https:\/\/listings.mybikeplan.ch\/de\/mybikeplan\/weshalb-ein-city-e-bike-fuer-alle-altersgruppen-gemacht-ist-%f0%9f%9a%b2\/","url":"https:\/\/listings.mybikeplan.ch\/de\/mybikeplan\/weshalb-ein-city-e-bike-fuer-alle-altersgruppen-gemacht-ist-%f0%9f%9a%b2\/","name":"Weshalb ein City E-Bike f\u00fcr alle Altersgruppen gemacht ist \ud83d\udeb2 - MyBikePlan","isPartOf":{"@id":"https:\/\/listings.mybikeplan.ch\/de\/#website"},"primaryImageOfPage":{"@id":"https:\/\/listings.mybikeplan.ch\/de\/mybikeplan\/weshalb-ein-city-e-bike-fuer-alle-altersgruppen-gemacht-ist-%f0%9f%9a%b2\/#primaryimage"},"image":{"@id":"https:\/\/listings.mybikeplan.ch\/de\/mybikeplan\/weshalb-ein-city-e-bike-fuer-alle-altersgruppen-gemacht-ist-%f0%9f%9a%b2\/#primaryimage"},"thumbnailUrl":"https:\/\/listings.mybikeplan.ch\/wp-content\/uploads\/2024\/07\/e-bike-6401173_960_720.jpg","datePublished":"2024-07-18T12:53:50+00:00","dateModified":"2024-07-18T13:21:10+00:00","author":{"@id":"https:\/\/listings.mybikeplan.ch\/de\/#\/schema\/person\/514a6130749cc58319f751509338dafd"},"breadcrumb":{"@id":"https:\/\/listings.mybikeplan.ch\/de\/mybikeplan\/weshalb-ein-city-e-bike-fuer-alle-altersgruppen-gemacht-ist-%f0%9f%9a%b2\/#breadcrumb"},"inLanguage":"de","potentialAction":[{"@type":"ReadAction","target":["https:\/\/listings.mybikeplan.ch\/de\/mybikeplan\/weshalb-ein-city-e-bike-fuer-alle-altersgruppen-gemacht-ist-%f0%9f%9a%b2\/"]}]},{"@type":"ImageObject","inLanguage":"de","@id":"https:\/\/listings.mybikeplan.ch\/de\/mybikeplan\/weshalb-ein-city-e-bike-fuer-alle-altersgruppen-gemacht-ist-%f0%9f%9a%b2\/#primaryimage","url":"https:\/\/listings.mybikeplan.ch\/wp-content\/uploads\/2024\/07\/e-bike-6401173_960_720.jpg","contentUrl":"https:\/\/listings.mybikeplan.ch\/wp-content\/uploads\/2024\/07\/e-bike-6401173_960_720.jpg","width":960,"height":698},{"@type":"BreadcrumbList","@id":"https:\/\/listings.mybikeplan.ch\/de\/mybikeplan\/weshalb-ein-city-e-bike-fuer-alle-altersgruppen-gemacht-ist-%f0%9f%9a%b2\/#breadcrumb","itemListElement":[{"@type":"ListItem","position":1,"name":"Home","item":"https:\/\/listings.mybikeplan.ch\/de\/"},{"@type":"ListItem","position":2,"name":"Weshalb ein City E-Bike f\u00fcr alle Altersgruppen gemacht ist \ud83d\udeb2"}]},{"@type":"WebSite","@id":"https:\/\/listings.mybikeplan.ch\/de\/#website","url":"https:\/\/listings.mybikeplan.ch\/de\/","name":"MyBikePlan","description":"","potentialAction":[{"@type":"SearchAction","target":{"@type":"EntryPoint","urlTemplate":"https:\/\/listings.mybikeplan.ch\/de\/?s={search_term_string}"},"query-input":{"@type":"PropertyValueSpecification","valueRequired":true,"valueName":"search_term_string"}}],"inLanguage":"de"},{"@type":"Person","@id":"https:\/\/listings.mybikeplan.ch\/de\/#\/schema\/person\/514a6130749cc58319f751509338dafd","name":"Evelyne Aschwanden","image":{"@type":"ImageObject","inLanguage":"de","@id":"https:\/\/listings.mybikeplan.ch\/de\/#\/schema\/person\/image\/","url":"https:\/\/secure.gravatar.com\/avatar\/73f0cad78e1012b10bb7c10f05a99be7009e6621353849483b51025ae56a6b37?s=96&d=mm&r=g","contentUrl":"https:\/\/secure.gravatar.com\/avatar\/73f0cad78e1012b10bb7c10f05a99be7009e6621353849483b51025ae56a6b37?s=96&d=mm&r=g","caption":"Evelyne Aschwanden"},"url":"https:\/\/listings.mybikeplan.ch\/de\/author\/evelyne-mybikeplan\/"}]}},"locale":"de","_links":{"self":[{"href":"https:\/\/listings.mybikeplan.ch\/de\/wp-json\/wp\/v2\/posts\/66655","targetHints":{"allow":["GET"]}}],"collection":[{"href":"https:\/\/listings.mybikeplan.ch\/de\/wp-json\/wp\/v2\/posts"}],"about":[{"href":"https:\/\/listings.mybikeplan.ch\/de\/wp-json\/wp\/v2\/types\/post"}],"author":[{"embeddable":true,"href":"https:\/\/listings.mybikeplan.ch\/de\/wp-json\/wp\/v2\/users\/15"}],"replies":[{"embeddable":true,"href":"https:\/\/listings.mybikeplan.ch\/de\/wp-json\/wp\/v2\/comments?post=66655"}],"version-history":[{"count":2,"href":"https:\/\/listings.mybikeplan.ch\/de\/wp-json\/wp\/v2\/posts\/66655\/revisions"}],"predecessor-version":[{"id":66696,"href":"https:\/\/listings.mybikeplan.ch\/de\/wp-json\/wp\/v2\/posts\/66655\/revisions\/66696"}],"wp:featuredmedia":[{"embeddable":true,"href":"https:\/\/listings.mybikeplan.ch\/de\/wp-json\/wp\/v2\/media\/66679"}],"wp:attachment":[{"href":"https:\/\/listings.mybikeplan.ch\/de\/wp-json\/wp\/v2\/media?parent=66655"}],"wp:term":[{"taxonomy":"category","embeddable":true,"href":"https:\/\/listings.mybikeplan.ch\/de\/wp-json\/wp\/v2\/categories?post=66655"},{"taxonomy":"post_tag","embeddable":true,"href":"https:\/\/listings.mybikeplan.ch\/de\/wp-json\/wp\/v2\/tags?post=66655"}],"curies":[{"name":"wp","href":"https:\/\/api.w.org\/{rel}","templated":true}]}}