{"id":48013,"date":"2023-10-19T11:39:08","date_gmt":"2023-10-19T11:39:08","guid":{"rendered":"https:\/\/listings.mybikeplan.ch\/?p=48013"},"modified":"2023-10-19T11:43:22","modified_gmt":"2023-10-19T11:43:22","slug":"sicher-unterwegs-mit-dem-e-bike-und-velo-im-herbst","status":"publish","type":"post","link":"https:\/\/listings.mybikeplan.ch\/de\/mybikeplan\/sicher-unterwegs-mit-dem-e-bike-und-velo-im-herbst\/","title":{"rendered":"Sicher unterwegs mit dem E-Bike und Velo im Herbst"},"content":{"rendered":"\n<p>Die Bl\u00e4tter f\u00e4rben sich rot, orange und gelb und der Nebel kriecht durch die Strassen: Der Herbst ist offiziell eingel\u00e4utet! Nat\u00fcrlich musst Du auch bei k\u00e4lteren Temperaturen nicht aufs Velofahren oder E-Biken verzichten. Wir haben Dir einige n\u00fctzliche Tipps und Tricks zusammengefasst, wie Du zu jeder Jahreszeit sicher unterwegs bist!<\/p>\n\n\n\n<h2 class=\"wp-block-heading\">Hol Dir die richtige Ausr\u00fcstung<\/h2>\n\n\n\n<p>Um sicher mit dem E-Bike oder Velo unterwegs zu sein, ist es wichtig, dass Du die richtige Ausr\u00fcstung besitzt.<\/p>\n\n\n\n<h3 class=\"wp-block-heading\">Trage einen Helm<\/h3>\n\n\n\n<p>Das sollte eigentlich selbstverst\u00e4ndlich sein, oder? Egal, ob Du auf einem herk\u00f6mmlichen Velo oder einem E-Bike unterwegs bist, ein Helm ist ein absolutes Muss. Denn: Kopfverletzungen sind innert Sekunden passiert und k\u00f6nnen Dein ganzes Leben f\u00fcr immer ver\u00e4ndern.<\/p>\n\n\n\n<embed src=\"https:\/\/www.mybikeplan.ch\/produkt\/rudy-project-nytron-helm-schwarz-matt\" style=\"width:500px; height: 300px;\">\n\n\n\n<h3 class=\"wp-block-heading\">Reflektoren und Beleuchtung<\/h3>\n\n\n\n<p>Insbesondere bei n\u00e4chtlichen oder schlechten Lichtverh\u00e4ltnissen, wie es jetzt im Herbst oft der Fall sein kann, sind Reflektoren und Beleuchtung unerl\u00e4sslich. Achte darauf, dass Dein Velo oder E-Bike \u00fcber ausreichende Beleuchtung verf\u00fcgt, damit Dich andere Verkehrsteilnehmer sehen k\u00f6nnen.<\/p>\n\n\n\n<h3 class=\"wp-block-heading\">Schutzkleidung f\u00fcr Velofahrer<\/h3>\n\n\n\n<p>Sch\u00fctze Dich mit geeigneter Kleidung. Das kann reflektierende Kleidung oder Westen, Handschuhe und Kniesch\u00fctzer einschliessen. Gerade im Herbst, wenn es morgens schon recht kalt ist, solltest Du Dich auch immer gut einpacken. Stichwort: Schichtenprinzip.<\/p>\n\n\n\n<h2 class=\"wp-block-heading\">Halte Dich an die geltenden Vorschriften<\/h2>\n\n\n\n<p>Deine Sicherheit auf der Strasse hast Du zu einem grossen Teil auch selbst in der Hand.<\/p>\n\n\n\n<h3 class=\"wp-block-heading\">Beachtung von Verkehrszeichen und Ampeln<\/h3>\n\n\n\n<p>Als Velofahrer*in oder E-Biker*in bist Du verpflichtet, die gleichen Verkehrsregeln wie Autofahrer zu befolgen. Halte an Stoppschildern und Ampeln und beachte die Vorfahrtsregeln. Nutze Velowege, wenn vorhanden.<\/p>\n\n\n\n<h3 class=\"wp-block-heading\">Abbiegen und Vorfahrtsregeln<\/h3>\n\n\n\n<p>Besonders beim Abbiegen musst Du darauf achten, den Verkehrsfluss nicht zu gef\u00e4hrden. Halte Dich an die Vorfahrtsregeln und zeige Deine Absichten rechtzeitig an. Die anderen Verkehrsteilnehmenden werden es Dir danken.<\/p>\n\n\n\n<figure class=\"wp-block-image size-large\"><a href=\"https:\/\/listings.mybikeplan.ch\/wp-content\/uploads\/2023\/10\/4-1.png\"><img loading=\"lazy\" decoding=\"async\" width=\"1024\" height=\"577\" src=\"https:\/\/listings.mybikeplan.ch\/wp-content\/uploads\/2023\/10\/4-1-1024x577.png\" alt=\"\" class=\"wp-image-48014\" srcset=\"https:\/\/listings.mybikeplan.ch\/wp-content\/uploads\/2023\/10\/4-1-1024x577.png 1024w, https:\/\/listings.mybikeplan.ch\/wp-content\/uploads\/2023\/10\/4-1-555x313.png 555w, https:\/\/listings.mybikeplan.ch\/wp-content\/uploads\/2023\/10\/4-1-570x320.png 570w, https:\/\/listings.mybikeplan.ch\/wp-content\/uploads\/2023\/10\/4-1-768x433.png 768w, https:\/\/listings.mybikeplan.ch\/wp-content\/uploads\/2023\/10\/4-1-1536x865.png 1536w, https:\/\/listings.mybikeplan.ch\/wp-content\/uploads\/2023\/10\/4-1-666x375.png 666w, https:\/\/listings.mybikeplan.ch\/wp-content\/uploads\/2023\/10\/4-1.png 1640w\" sizes=\"auto, (max-width: 1024px) 100vw, 1024px\" \/><\/a><\/figure>\n\n\n\n<h2 class=\"wp-block-heading\">Gefahrensituationen und Pr\u00e4vention<\/h2>\n\n\n\n<p>Falls Du trotz aller Sicherheitsmassnahmen in eine riskante oder gar gef\u00e4hrliche Situation kommen solltest, ist es wichtig, dass Du weisst, was zu tun ist.<\/p>\n\n\n\n<h3 class=\"wp-block-heading\">Umgang mit unerwarteten Hindernissen<\/h3>\n\n\n\n<p>Achtsamkeit ist das A und O beim Velofahren: Bleibe stets auf unerwartete Hindernisse vorbereitet, wie ge\u00f6ffnete Autot\u00fcren oder pl\u00f6tzliche Bremsman\u00f6ver anderer Fahrzeuge. Halte ausreichend Abstand und sei auf m\u00f6gliche Gefahren gefasst. Heisst auch: Lass Dich nicht ablenken (z.B. durchs Handy oder Musik in Deinen Ohren).<\/p>\n\n\n\n<h3 class=\"wp-block-heading\">Risiken beim Fahren in der N\u00e4he von Fahrzeugen<\/h3>\n\n\n\n<p>Sei besonders aufmerksam, wenn Du Dich in der N\u00e4he gr\u00f6sserer Fahrzeuge wie Lastwagen und Bussen befindest. Diese haben gr\u00f6ssere tote Winkel, in denen Du m\u00f6glicherweise \u00fcbersehen wirst.<\/p>\n\n\n\n<h2 class=\"wp-block-heading\">Tipps f\u00fcr sicheres E-Biken<\/h2>\n\n\n\n<p>Gerade beim E-Bike gibt es ein paar besondere Dinge, auf die Du Dich achten solltest, um sicher auf der Strasse unterwegs zu sein.<\/p>\n\n\n\n<h3 class=\"wp-block-heading\">Achtung, Geschwindigkeit!<\/h3>\n\n\n\n<p>Oft wird untersch\u00e4tzt, wie viel schneller E-Bikes im Vergleich zu regul\u00e4ren Velos sind. So kann schnell die Kontrolle verloren werden. Lerne die Bedienung Deines E-Bikes gut kennen, insbesondere des Motors und der Unterst\u00fctzungsstufen.<\/p>\n\n\n\n<h3 class=\"wp-block-heading\">Sicherheit beim Laden von E-Bike-Batterien<\/h3>\n\n\n\n<p>Achte darauf, deine E-Bike-Batterie sicher und gem\u00e4ss den Herstellervorschriften aufzuladen. \u00dcberpr\u00fcfe regelm\u00e4ssig den Zustand Deiner Batterie, um unerwartete Ausf\u00e4lle zu vermeiden.<\/p>\n\n\n\n<h2 class=\"wp-block-heading\">Warte Dein Velo oder E-Bike regelm\u00e4ssig<\/h2>\n\n\n\n<p>Regelm\u00e4ssige Wartung ist entscheidend f\u00fcr deine Sicherheit. \u00dcberpr\u00fcfe Deine Bremsen, Reifen und Antriebssysteme auf Verschleiss und Funktionsf\u00e4higkeit. Als Faustregel gilt, dass Du mindestens 1x j\u00e4hrlich beim Velomech Deines Vertrauens vorbeisehen solltest, um Dein Velo oder E-Bike wieder auf Vordermann zu bringen.<\/p>\n\n\n\n<h2 class=\"wp-block-heading\">Versicherung und Haftung<\/h2>\n\n\n\n<p>Denke dar\u00fcber nach, eine Velo- oder E-Bike-Versicherung abzuschliessen, um im Falle eines Diebstahls oder Unfalls abgesichert zu sein. Insbesondere bei teuren E-Bikes solltest Du nie ohne Versicherung unterwegs sein.<\/p>\n\n\n\n<p><strong>Fazit<\/strong>: Deine Sicherheit beim Velofahren und E-Biken sollte immer oberste Priorit\u00e4t haben. Indem du die oben genannten Tipps befolgst und Dich \u00fcber die Sicherheitsaspekte informierst, kannst du deine Velo- und E-Bike-Ausfl\u00fcge geniessen, ohne Abstriche bei Deiner Sicherheit zu machen.<\/p>\n\n\n\n<p>Du brauchst noch Zubeh\u00f6r f\u00fcrs sichere Velofahren? Kein Problem! Wir bieten eine grosse Auswahl an Accessoires und Helmen f\u00fcr alle F\u00e4lle an!<\/p>\n\n\n\n<div class=\"wp-block-buttons is-layout-flex wp-block-buttons-is-layout-flex\">\n<div class=\"wp-block-button\"><a class=\"wp-block-button__link wp-element-button\" href=\"https:\/\/www.mybikeplan.ch\/zubehor\">Zu unserem Zubeh\u00f6r<\/a><\/div>\n<\/div>\n","protected":false},"excerpt":{"rendered":"<p>Die Bl\u00e4tter f\u00e4rben sich rot, orange und gelb und der Nebel kriecht durch die Strassen: Der Herbst ist offiziell eingel\u00e4utet! Nat\u00fcrlich musst Du auch bei k\u00e4lteren Temperaturen nicht aufs Velofahren oder E-Biken verzichten. Wir haben Dir einige n\u00fctzliche Tipps und Tricks zusammengefasst, wie Du zu jeder Jahreszeit sicher unterwegs bist! Hol Dir die richtige Ausr\u00fcstung [&hellip;]<\/p>\n","protected":false},"author":15,"featured_media":48017,"comment_status":"open","ping_status":"open","sticky":false,"template":"","format":"standard","meta":{"_acf_changed":false,"footnotes":""},"categories":[4441,3380],"tags":[],"class_list":["post-48013","post","type-post","status-publish","format-standard","has-post-thumbnail","hentry","category-mybikeplan","category-tipps-tricks"],"acf":[],"yoast_head":"<!-- This site is optimized with the Yoast SEO plugin v24.5 - https:\/\/yoast.com\/wordpress\/plugins\/seo\/ -->\n<title>Sicher unterwegs mit dem E-Bike und Velo im Herbst<\/title>\n<meta name=\"description\" content=\"Auch im Herbst kann Velofahren Spass machen \u2013 wir zeigen Dir, wie Du auch bei Regen und k\u00fchlen Temperaturen sicher unterwegs bist!\" \/>\n<meta name=\"robots\" content=\"noindex, follow, max-snippet:-1, max-image-preview:large, max-video-preview:-1\" \/>\n<meta property=\"og:locale\" content=\"de_DE\" \/>\n<meta property=\"og:type\" content=\"article\" \/>\n<meta property=\"og:title\" content=\"Sicher unterwegs mit dem E-Bike und Velo im Herbst\" \/>\n<meta property=\"og:description\" content=\"Auch im Herbst kann Velofahren Spass machen \u2013 wir zeigen Dir, wie Du auch bei Regen und k\u00fchlen Temperaturen sicher unterwegs bist!\" \/>\n<meta property=\"og:url\" content=\"https:\/\/listings.mybikeplan.ch\/de\/mybikeplan\/sicher-unterwegs-mit-dem-e-bike-und-velo-im-herbst\/\" \/>\n<meta property=\"og:site_name\" content=\"MyBikePlan\" \/>\n<meta property=\"article:published_time\" content=\"2023-10-19T11:39:08+00:00\" \/>\n<meta property=\"article:modified_time\" content=\"2023-10-19T11:43:22+00:00\" \/>\n<meta property=\"og:image\" content=\"https:\/\/listings.mybikeplan.ch\/wp-content\/uploads\/2023\/10\/3-1.png\" \/>\n\t<meta property=\"og:image:width\" content=\"1640\" \/>\n\t<meta property=\"og:image:height\" content=\"924\" \/>\n\t<meta property=\"og:image:type\" content=\"image\/png\" \/>\n<meta name=\"author\" content=\"Evelyne Aschwanden\" \/>\n<meta name=\"twitter:card\" content=\"summary_large_image\" \/>\n<meta name=\"twitter:label1\" content=\"Verfasst von\" \/>\n\t<meta name=\"twitter:data1\" content=\"Evelyne Aschwanden\" \/>\n\t<meta name=\"twitter:label2\" content=\"Gesch\u00e4tzte Lesezeit\" \/>\n\t<meta name=\"twitter:data2\" content=\"3\u00a0Minuten\" \/>\n<script type=\"application\/ld+json\" class=\"yoast-schema-graph\">{\"@context\":\"https:\/\/schema.org\",\"@graph\":[{\"@type\":\"WebPage\",\"@id\":\"https:\/\/listings.mybikeplan.ch\/de\/mybikeplan\/sicher-unterwegs-mit-dem-e-bike-und-velo-im-herbst\/\",\"url\":\"https:\/\/listings.mybikeplan.ch\/de\/mybikeplan\/sicher-unterwegs-mit-dem-e-bike-und-velo-im-herbst\/\",\"name\":\"Sicher unterwegs mit dem E-Bike und Velo im Herbst\",\"isPartOf\":{\"@id\":\"https:\/\/listings.mybikeplan.ch\/de\/#website\"},\"primaryImageOfPage\":{\"@id\":\"https:\/\/listings.mybikeplan.ch\/de\/mybikeplan\/sicher-unterwegs-mit-dem-e-bike-und-velo-im-herbst\/#primaryimage\"},\"image\":{\"@id\":\"https:\/\/listings.mybikeplan.ch\/de\/mybikeplan\/sicher-unterwegs-mit-dem-e-bike-und-velo-im-herbst\/#primaryimage\"},\"thumbnailUrl\":\"https:\/\/listings.mybikeplan.ch\/wp-content\/uploads\/2023\/10\/3-1.png\",\"datePublished\":\"2023-10-19T11:39:08+00:00\",\"dateModified\":\"2023-10-19T11:43:22+00:00\",\"author\":{\"@id\":\"https:\/\/listings.mybikeplan.ch\/de\/#\/schema\/person\/514a6130749cc58319f751509338dafd\"},\"description\":\"Auch im Herbst kann Velofahren Spass machen \u2013 wir zeigen Dir, wie Du auch bei Regen und k\u00fchlen Temperaturen sicher unterwegs bist!\",\"breadcrumb\":{\"@id\":\"https:\/\/listings.mybikeplan.ch\/de\/mybikeplan\/sicher-unterwegs-mit-dem-e-bike-und-velo-im-herbst\/#breadcrumb\"},\"inLanguage\":\"de\",\"potentialAction\":[{\"@type\":\"ReadAction\",\"target\":[\"https:\/\/listings.mybikeplan.ch\/de\/mybikeplan\/sicher-unterwegs-mit-dem-e-bike-und-velo-im-herbst\/\"]}]},{\"@type\":\"ImageObject\",\"inLanguage\":\"de\",\"@id\":\"https:\/\/listings.mybikeplan.ch\/de\/mybikeplan\/sicher-unterwegs-mit-dem-e-bike-und-velo-im-herbst\/#primaryimage\",\"url\":\"https:\/\/listings.mybikeplan.ch\/wp-content\/uploads\/2023\/10\/3-1.png\",\"contentUrl\":\"https:\/\/listings.mybikeplan.ch\/wp-content\/uploads\/2023\/10\/3-1.png\",\"width\":1640,\"height\":924},{\"@type\":\"BreadcrumbList\",\"@id\":\"https:\/\/listings.mybikeplan.ch\/de\/mybikeplan\/sicher-unterwegs-mit-dem-e-bike-und-velo-im-herbst\/#breadcrumb\",\"itemListElement\":[{\"@type\":\"ListItem\",\"position\":1,\"name\":\"Home\",\"item\":\"https:\/\/listings.mybikeplan.ch\/de\/\"},{\"@type\":\"ListItem\",\"position\":2,\"name\":\"Sicher unterwegs mit dem E-Bike und Velo im Herbst\"}]},{\"@type\":\"WebSite\",\"@id\":\"https:\/\/listings.mybikeplan.ch\/de\/#website\",\"url\":\"https:\/\/listings.mybikeplan.ch\/de\/\",\"name\":\"MyBikePlan\",\"description\":\"\",\"potentialAction\":[{\"@type\":\"SearchAction\",\"target\":{\"@type\":\"EntryPoint\",\"urlTemplate\":\"https:\/\/listings.mybikeplan.ch\/de\/?s={search_term_string}\"},\"query-input\":{\"@type\":\"PropertyValueSpecification\",\"valueRequired\":true,\"valueName\":\"search_term_string\"}}],\"inLanguage\":\"de\"},{\"@type\":\"Person\",\"@id\":\"https:\/\/listings.mybikeplan.ch\/de\/#\/schema\/person\/514a6130749cc58319f751509338dafd\",\"name\":\"Evelyne Aschwanden\",\"image\":{\"@type\":\"ImageObject\",\"inLanguage\":\"de\",\"@id\":\"https:\/\/listings.mybikeplan.ch\/de\/#\/schema\/person\/image\/\",\"url\":\"https:\/\/secure.gravatar.com\/avatar\/73f0cad78e1012b10bb7c10f05a99be7009e6621353849483b51025ae56a6b37?s=96&d=mm&r=g\",\"contentUrl\":\"https:\/\/secure.gravatar.com\/avatar\/73f0cad78e1012b10bb7c10f05a99be7009e6621353849483b51025ae56a6b37?s=96&d=mm&r=g\",\"caption\":\"Evelyne Aschwanden\"},\"url\":\"https:\/\/listings.mybikeplan.ch\/de\/author\/evelyne-mybikeplan\/\"}]}<\/script>\n<!-- \/ Yoast SEO plugin. -->","yoast_head_json":{"title":"Sicher unterwegs mit dem E-Bike und Velo im Herbst","description":"Auch im Herbst kann Velofahren Spass machen \u2013 wir zeigen Dir, wie Du auch bei Regen und k\u00fchlen Temperaturen sicher unterwegs bist!","robots":{"index":"noindex","follow":"follow","max-snippet":"max-snippet:-1","max-image-preview":"max-image-preview:large","max-video-preview":"max-video-preview:-1"},"og_locale":"de_DE","og_type":"article","og_title":"Sicher unterwegs mit dem E-Bike und Velo im Herbst","og_description":"Auch im Herbst kann Velofahren Spass machen \u2013 wir zeigen Dir, wie Du auch bei Regen und k\u00fchlen Temperaturen sicher unterwegs bist!","og_url":"https:\/\/listings.mybikeplan.ch\/de\/mybikeplan\/sicher-unterwegs-mit-dem-e-bike-und-velo-im-herbst\/","og_site_name":"MyBikePlan","article_published_time":"2023-10-19T11:39:08+00:00","article_modified_time":"2023-10-19T11:43:22+00:00","og_image":[{"width":1640,"height":924,"url":"https:\/\/listings.mybikeplan.ch\/wp-content\/uploads\/2023\/10\/3-1.png","type":"image\/png"}],"author":"Evelyne Aschwanden","twitter_card":"summary_large_image","twitter_misc":{"Verfasst von":"Evelyne Aschwanden","Gesch\u00e4tzte Lesezeit":"3\u00a0Minuten"},"schema":{"@context":"https:\/\/schema.org","@graph":[{"@type":"WebPage","@id":"https:\/\/listings.mybikeplan.ch\/de\/mybikeplan\/sicher-unterwegs-mit-dem-e-bike-und-velo-im-herbst\/","url":"https:\/\/listings.mybikeplan.ch\/de\/mybikeplan\/sicher-unterwegs-mit-dem-e-bike-und-velo-im-herbst\/","name":"Sicher unterwegs mit dem E-Bike und Velo im Herbst","isPartOf":{"@id":"https:\/\/listings.mybikeplan.ch\/de\/#website"},"primaryImageOfPage":{"@id":"https:\/\/listings.mybikeplan.ch\/de\/mybikeplan\/sicher-unterwegs-mit-dem-e-bike-und-velo-im-herbst\/#primaryimage"},"image":{"@id":"https:\/\/listings.mybikeplan.ch\/de\/mybikeplan\/sicher-unterwegs-mit-dem-e-bike-und-velo-im-herbst\/#primaryimage"},"thumbnailUrl":"https:\/\/listings.mybikeplan.ch\/wp-content\/uploads\/2023\/10\/3-1.png","datePublished":"2023-10-19T11:39:08+00:00","dateModified":"2023-10-19T11:43:22+00:00","author":{"@id":"https:\/\/listings.mybikeplan.ch\/de\/#\/schema\/person\/514a6130749cc58319f751509338dafd"},"description":"Auch im Herbst kann Velofahren Spass machen \u2013 wir zeigen Dir, wie Du auch bei Regen und k\u00fchlen Temperaturen sicher unterwegs bist!","breadcrumb":{"@id":"https:\/\/listings.mybikeplan.ch\/de\/mybikeplan\/sicher-unterwegs-mit-dem-e-bike-und-velo-im-herbst\/#breadcrumb"},"inLanguage":"de","potentialAction":[{"@type":"ReadAction","target":["https:\/\/listings.mybikeplan.ch\/de\/mybikeplan\/sicher-unterwegs-mit-dem-e-bike-und-velo-im-herbst\/"]}]},{"@type":"ImageObject","inLanguage":"de","@id":"https:\/\/listings.mybikeplan.ch\/de\/mybikeplan\/sicher-unterwegs-mit-dem-e-bike-und-velo-im-herbst\/#primaryimage","url":"https:\/\/listings.mybikeplan.ch\/wp-content\/uploads\/2023\/10\/3-1.png","contentUrl":"https:\/\/listings.mybikeplan.ch\/wp-content\/uploads\/2023\/10\/3-1.png","width":1640,"height":924},{"@type":"BreadcrumbList","@id":"https:\/\/listings.mybikeplan.ch\/de\/mybikeplan\/sicher-unterwegs-mit-dem-e-bike-und-velo-im-herbst\/#breadcrumb","itemListElement":[{"@type":"ListItem","position":1,"name":"Home","item":"https:\/\/listings.mybikeplan.ch\/de\/"},{"@type":"ListItem","position":2,"name":"Sicher unterwegs mit dem E-Bike und Velo im Herbst"}]},{"@type":"WebSite","@id":"https:\/\/listings.mybikeplan.ch\/de\/#website","url":"https:\/\/listings.mybikeplan.ch\/de\/","name":"MyBikePlan","description":"","potentialAction":[{"@type":"SearchAction","target":{"@type":"EntryPoint","urlTemplate":"https:\/\/listings.mybikeplan.ch\/de\/?s={search_term_string}"},"query-input":{"@type":"PropertyValueSpecification","valueRequired":true,"valueName":"search_term_string"}}],"inLanguage":"de"},{"@type":"Person","@id":"https:\/\/listings.mybikeplan.ch\/de\/#\/schema\/person\/514a6130749cc58319f751509338dafd","name":"Evelyne Aschwanden","image":{"@type":"ImageObject","inLanguage":"de","@id":"https:\/\/listings.mybikeplan.ch\/de\/#\/schema\/person\/image\/","url":"https:\/\/secure.gravatar.com\/avatar\/73f0cad78e1012b10bb7c10f05a99be7009e6621353849483b51025ae56a6b37?s=96&d=mm&r=g","contentUrl":"https:\/\/secure.gravatar.com\/avatar\/73f0cad78e1012b10bb7c10f05a99be7009e6621353849483b51025ae56a6b37?s=96&d=mm&r=g","caption":"Evelyne Aschwanden"},"url":"https:\/\/listings.mybikeplan.ch\/de\/author\/evelyne-mybikeplan\/"}]}},"locale":"de","_links":{"self":[{"href":"https:\/\/listings.mybikeplan.ch\/de\/wp-json\/wp\/v2\/posts\/48013","targetHints":{"allow":["GET"]}}],"collection":[{"href":"https:\/\/listings.mybikeplan.ch\/de\/wp-json\/wp\/v2\/posts"}],"about":[{"href":"https:\/\/listings.mybikeplan.ch\/de\/wp-json\/wp\/v2\/types\/post"}],"author":[{"embeddable":true,"href":"https:\/\/listings.mybikeplan.ch\/de\/wp-json\/wp\/v2\/users\/15"}],"replies":[{"embeddable":true,"href":"https:\/\/listings.mybikeplan.ch\/de\/wp-json\/wp\/v2\/comments?post=48013"}],"version-history":[{"count":2,"href":"https:\/\/listings.mybikeplan.ch\/de\/wp-json\/wp\/v2\/posts\/48013\/revisions"}],"predecessor-version":[{"id":48023,"href":"https:\/\/listings.mybikeplan.ch\/de\/wp-json\/wp\/v2\/posts\/48013\/revisions\/48023"}],"wp:featuredmedia":[{"embeddable":true,"href":"https:\/\/listings.mybikeplan.ch\/de\/wp-json\/wp\/v2\/media\/48017"}],"wp:attachment":[{"href":"https:\/\/listings.mybikeplan.ch\/de\/wp-json\/wp\/v2\/media?parent=48013"}],"wp:term":[{"taxonomy":"category","embeddable":true,"href":"https:\/\/listings.mybikeplan.ch\/de\/wp-json\/wp\/v2\/categories?post=48013"},{"taxonomy":"post_tag","embeddable":true,"href":"https:\/\/listings.mybikeplan.ch\/de\/wp-json\/wp\/v2\/tags?post=48013"}],"curies":[{"name":"wp","href":"https:\/\/api.w.org\/{rel}","templated":true}]}}