{"id":46387,"date":"2023-10-04T14:32:34","date_gmt":"2023-10-04T14:32:34","guid":{"rendered":"https:\/\/listings.mybikeplan.ch\/?p=46387"},"modified":"2023-10-04T14:32:39","modified_gmt":"2023-10-04T14:32:39","slug":"darum-ist-der-herbst-die-ideale-jahreszeit-um-mountainbike-zu-fahren","status":"publish","type":"post","link":"https:\/\/listings.mybikeplan.ch\/de\/mybikeplan\/darum-ist-der-herbst-die-ideale-jahreszeit-um-mountainbike-zu-fahren\/","title":{"rendered":"Darum ist der Herbst die ideale Jahreszeit, um Mountainbike zu fahren"},"content":{"rendered":"\n<p>Es gibt keine bessere Jahreszeit als der Herbst, um mit dem Mountainbike unterwegs zu sein. Die Gr\u00fcnde liegen wohl auf der Hand: Die Temperaturen sind endlich angenehmer, die Bergbahnen sind immer noch in Betrieb und auf den Wegen sind deutlich weniger Wanderer unterwegs als noch im Sommer. Dazu kommt mit den bunten Bl\u00e4ttern eine Bergkulisse, die direkt aus einem \u00d6lgem\u00e4lde zu stammen scheint.&nbsp;<\/p>\n\n\n\n<p>Nichtsdestotrotz gibt es ein paar Dinge, die Du beachten solltest, wenn Du im Herbst Mountainbike fahren gehst.<\/p>\n\n\n\n<h2 class=\"wp-block-heading\">Worauf sollte ich beim Mountainbike fahren im Herbst besonders achten?<\/h2>\n\n\n\n<p>Im Gegensatz zum Sommer sind die Trails im Herbst nicht mehr ganz so trocken oder staubig. Das macht das Fahren gleich viel spannender. Gleichzeitig steigt nat\u00fcrlich die Rutschgefahr, insbesondere, wenn Du \u00fcber nasse Wurzeln oder Bl\u00e4tter f\u00e4hrst. Manche Mountainbiker w\u00fcrden allerdings sagen, dass genau das den Spass ausmacht \ud83d\ude09<\/p>\n\n\n\n<p>Die k\u00fchleren Temperaturen im Herbst sind zwar zum Mountainbike fahren angenehm, aber man sollte aufpassen, dass man nicht ausk\u00fchlt. Zudem verschwindet die Sonne viel schneller als noch im Sommer \u2013 so kann es sein, dass eine geplante Tour dann doch k\u00fcrzer ausf\u00e4llt als angedacht.<\/p>\n\n\n\n<figure class=\"wp-block-image size-large\"><a href=\"https:\/\/listings.mybikeplan.ch\/wp-content\/uploads\/2023\/10\/Mountainbike.jpg\"><img loading=\"lazy\" decoding=\"async\" width=\"1024\" height=\"577\" src=\"https:\/\/listings.mybikeplan.ch\/wp-content\/uploads\/2023\/10\/Mountainbike-1024x577.jpg\" alt=\"\" class=\"wp-image-46391\" srcset=\"https:\/\/listings.mybikeplan.ch\/wp-content\/uploads\/2023\/10\/Mountainbike-1024x577.jpg 1024w, https:\/\/listings.mybikeplan.ch\/wp-content\/uploads\/2023\/10\/Mountainbike-555x313.jpg 555w, https:\/\/listings.mybikeplan.ch\/wp-content\/uploads\/2023\/10\/Mountainbike-570x320.jpg 570w, https:\/\/listings.mybikeplan.ch\/wp-content\/uploads\/2023\/10\/Mountainbike-768x433.jpg 768w, https:\/\/listings.mybikeplan.ch\/wp-content\/uploads\/2023\/10\/Mountainbike-1536x865.jpg 1536w, https:\/\/listings.mybikeplan.ch\/wp-content\/uploads\/2023\/10\/Mountainbike-666x375.jpg 666w, https:\/\/listings.mybikeplan.ch\/wp-content\/uploads\/2023\/10\/Mountainbike.jpg 1640w\" sizes=\"auto, (max-width: 1024px) 100vw, 1024px\" \/><\/a><\/figure>\n\n\n\n<h2 class=\"wp-block-heading\">So stattest Du Dein Mountainbike richtig aus<\/h2>\n\n\n\n<p>Mit dem richtigen Mountainbike ist kein Trail ein Problem \u2013 egal zu welcher Jahreszeit!<\/p>\n\n\n\n<p>Um Dein Bike optimal auf den Trail im Herbst vorzubereiten, solltest Du Dir folgende Fragen stellen:&nbsp;<\/p>\n\n\n\n<ul class=\"wp-block-list\">\n<li>Ist Dein R\u00fccklicht richtig befestigt?<\/li>\n\n\n\n<li>Ist Deine Satteltasche spritzwassergesch\u00fctzt?<\/li>\n\n\n\n<li>Hast Du daran gedacht, die Schutzbleche zu montieren?<\/li>\n\n\n\n<li>Falls m\u00f6glich: Hast Du die breiteren Reifen und die K\u00e4fig-Pedale montiert, um besseren Halt zu bekommen?<\/li>\n<\/ul>\n\n\n\n<p>Falls Du Dir bez\u00fcglich der Ausstattung nicht ganz sicher ist, lohnt sich ein kurzer Gang in die n\u00e4chste Velowerkstatt.<\/p>\n\n\n\n<h2 class=\"wp-block-heading\">Diese Dinge sind ein Must-Have f\u00fcr Mountainbikes im Herbst<\/h2>\n\n\n\n<p>Ist Dein Mountainbike startklar? Perfekt, dann kannst Du Dich jetzt um den Rest der Ausr\u00fcstung k\u00fcmmern!<\/p>\n\n\n\n<h3 class=\"wp-block-heading\">Die richtige Kleidung<\/h3>\n\n\n\n<p>Das Ziel hierbei ist es, Unterk\u00fchlung zu verhindern, ohne dass Du zu schnell ins Schwitzen kommst. Unsere pers\u00f6nliche Empfehlung ist Funktionskleidung mit Membranen, um den Schweiss schnell vom K\u00f6rper zu transportieren und die Durchl\u00fcftung zu f\u00f6rdern. F\u00fcr die W\u00e4rme setzt Du am besten aufs \u201cZwiebelprinzip\u201d: Lieber mehrere d\u00fcnne Kleidungsst\u00fccke \u00fcbereinander als ein einzelnes, dickes Kleidungsst\u00fcck.<\/p>\n\n\n\n<h3 class=\"wp-block-heading\">Kettenreinigung<\/h3>\n\n\n\n<p>Gerade, wenn es feucht und schlammig ist, verschleisst die Kette schneller. Umso wichtiger ist es, dass Du Deine Kette regelm\u00e4ssig reinigst. Achte darauf, ausschliesslich spezielle Kettenschmiermittel f\u00fcr Feuchtigkeit zu verwenden.<\/p>\n\n\n\n<h3 class=\"wp-block-heading\">Handschuhe<\/h3>\n\n\n\n<p>Leicht isolierte MTB-Handschuhe reichen im Herbst meist aus. Wichtig hierbei ist, dass die Handschuhe Dir immer noch ein gutes Gef\u00fchl f\u00fcr die Bremsen geben.<\/p>\n\n\n\n<h3 class=\"wp-block-heading\">Spritzschutz-Brille<\/h3>\n\n\n\n<p>Gerade wenn es schlammig und schmutzig wird, bist Du beim Fahren dankbar um eine Brille. Im Trend liegen gerade fotochrome Brillen. Diese t\u00f6nen sich bei der Sonneneinstrahlung automatisch und fungieren so als praktischer UV-Schutz \u2013 sind aber auch dementsprechend etwas teurer als herk\u00f6mmliche Klarsicht-Brillen.<\/p>\n\n\n\n<h3 class=\"wp-block-heading\">Helmm\u00fctze<\/h3>\n\n\n\n<p>Ja, wir geben es zu: Cool sehen Helmm\u00fctzen nicht gerade aus. Daf\u00fcr sind sie aber umso praktischer. Bereits eine d\u00fcnne M\u00fctze ist genug, um Deine Ohren im Herbst gut vor der K\u00e4lte und dem Fahrtwind zu sch\u00fctzen.<\/p>\n\n\n\n<h3 class=\"wp-block-heading\">Schutzbleche<\/h3>\n\n\n\n<p>Plastik-Fender unterscheiden sich von klassischen Schutzblechen, da sie speziell f\u00fcr das Mountainbike Fahren auf schlammigen Trails entwickelt wurden. Wir empfehlen z.B. die Fender von Mudhugger, die gleichzeitig auch die Stand- und Tauchrohre der Gabel vor Feuchtigkeit sch\u00fctzen.<\/p>\n\n\n\n<figure class=\"wp-block-image size-large\"><a href=\"https:\/\/listings.mybikeplan.ch\/wp-content\/uploads\/2023\/10\/Mountainbike-fahren.jpg\"><img loading=\"lazy\" decoding=\"async\" width=\"1024\" height=\"577\" src=\"https:\/\/listings.mybikeplan.ch\/wp-content\/uploads\/2023\/10\/Mountainbike-fahren-1024x577.jpg\" alt=\"\" class=\"wp-image-46388\" srcset=\"https:\/\/listings.mybikeplan.ch\/wp-content\/uploads\/2023\/10\/Mountainbike-fahren-1024x577.jpg 1024w, https:\/\/listings.mybikeplan.ch\/wp-content\/uploads\/2023\/10\/Mountainbike-fahren-555x313.jpg 555w, https:\/\/listings.mybikeplan.ch\/wp-content\/uploads\/2023\/10\/Mountainbike-fahren-570x320.jpg 570w, https:\/\/listings.mybikeplan.ch\/wp-content\/uploads\/2023\/10\/Mountainbike-fahren-768x433.jpg 768w, https:\/\/listings.mybikeplan.ch\/wp-content\/uploads\/2023\/10\/Mountainbike-fahren-1536x865.jpg 1536w, https:\/\/listings.mybikeplan.ch\/wp-content\/uploads\/2023\/10\/Mountainbike-fahren-666x375.jpg 666w, https:\/\/listings.mybikeplan.ch\/wp-content\/uploads\/2023\/10\/Mountainbike-fahren.jpg 1640w\" sizes=\"auto, (max-width: 1024px) 100vw, 1024px\" \/><\/a><\/figure>\n\n\n\n<h2 class=\"wp-block-heading\">Wie reinige ich mein Mountainbike nach der Fahrt?<\/h2>\n\n\n\n<p>So viel Spass es auch macht, sich mit dem Mountainbike im Schlamm auszutoben, so schnell k\u00f6nnen der Schlamm und die Feuchtigkeit Deinem Mountainbike schaden. Umso wichtiger ist es deshalb, dass Du Dein Bike regelm\u00e4ssig reinigst. <a href=\"https:\/\/www.mybikeplan.ch\/blog\/e-bike-pflege-wie-pflege-ich-mein-e-bike-am-besten\">Wir haben unseren Veloprofi Tristan vor Kurzem zu diesem Thema befragt<\/a>.<\/p>\n\n\n\n<h2 class=\"wp-block-heading\">Unsere Trail-Empfehlungen f\u00fcr das Mountainbike fahren im Herbst<\/h2>\n\n\n\n<p>Die Berge sind im Herbst eine wunderbare Kulisse f\u00fcr Dein n\u00e4chstes Mountainbike-Abenteuer. Die Lenzerheide ist unter Mountainbikern schon lange kein Geheimtipp mehr: Hier findest Du abwechslungsreiche Touren und Trails f\u00fcr alle Niveaus und Anspr\u00fcche. <a href=\"https:\/\/www.mybikeplan.ch\/blog\/mountainbike-spass-in-der-lenzerheide\">Einige davon haben wir Dir in diesem Blogpost vorgestellt<\/a>.<\/p>\n\n\n\n<p><strong>Fazit: <\/strong>Schlamm, Laub, Spass: Der Herbst ist nicht ohne Grund die perfekte Jahreszeit, um es auf dem Mountainbike so richtig krachen zu lassen.&nbsp;<\/p>\n\n\n\n<p>Du hast noch nicht den richtigen Begleiter f\u00fcr Dein n\u00e4chste Outdoor-Adventure gefunden? Kein Problem: In unserer Auswahl findest Du sicher das Richtige f\u00fcr Dich!<\/p>\n\n\n\n<div class=\"wp-block-buttons is-layout-flex wp-block-buttons-is-layout-flex\">\n<div class=\"wp-block-button\"><a class=\"wp-block-button__link wp-element-button\" href=\"https:\/\/www.mybikeplan.ch\/alle-modelle-e-bike-schweiz\/kategorie\/mountain-e-bike\/rahmenvarianten\/-\/batterie-kapazitat\/-\/max-gewicht\/-\/zubehor\/-\/geschwindigkeit\/-\/marke\/-\/motor-marke\/-\/farbe\/-\/koerpergroesse\/-\/preisbereich\/-\/verfugbar\/-\/sortieren\/preis\/gunstigste\">Zu unseren Mountainbikes<\/a><\/div>\n<\/div>\n","protected":false},"excerpt":{"rendered":"<p>Es gibt keine bessere Jahreszeit als der Herbst, um mit dem Mountainbike unterwegs zu sein. Die Gr\u00fcnde liegen wohl auf der Hand: Die Temperaturen sind endlich angenehmer, die Bergbahnen sind immer noch in Betrieb und auf den Wegen sind deutlich weniger Wanderer unterwegs als noch im Sommer. Dazu kommt mit den bunten Bl\u00e4ttern eine Bergkulisse, [&hellip;]<\/p>\n","protected":false},"author":15,"featured_media":46394,"comment_status":"open","ping_status":"open","sticky":false,"template":"","format":"standard","meta":{"_acf_changed":false,"footnotes":""},"categories":[4441,3380],"tags":[],"class_list":["post-46387","post","type-post","status-publish","format-standard","has-post-thumbnail","hentry","category-mybikeplan","category-tipps-tricks"],"acf":[],"yoast_head":"<!-- This site is optimized with the Yoast SEO plugin v24.5 - https:\/\/yoast.com\/wordpress\/plugins\/seo\/ -->\n<title>Darum ist der Herbst ideal, um Mountainbike zu fahren<\/title>\n<meta name=\"description\" content=\"Keine Jahreszeit eignet sich besser als der Herbst, um sich aufs Mountainbike zu schwingen! Wir erkl\u00e4ren Dir, warum.\" \/>\n<meta name=\"robots\" content=\"noindex, follow, max-snippet:-1, max-image-preview:large, max-video-preview:-1\" \/>\n<meta property=\"og:locale\" content=\"de_DE\" \/>\n<meta property=\"og:type\" content=\"article\" \/>\n<meta property=\"og:title\" content=\"Darum ist der Herbst ideal, um Mountainbike zu fahren\" \/>\n<meta property=\"og:description\" content=\"Keine Jahreszeit eignet sich besser als der Herbst, um sich aufs Mountainbike zu schwingen! Wir erkl\u00e4ren Dir, warum.\" \/>\n<meta property=\"og:url\" content=\"https:\/\/listings.mybikeplan.ch\/de\/mybikeplan\/darum-ist-der-herbst-die-ideale-jahreszeit-um-mountainbike-zu-fahren\/\" \/>\n<meta property=\"og:site_name\" content=\"MyBikePlan\" \/>\n<meta property=\"article:published_time\" content=\"2023-10-04T14:32:34+00:00\" \/>\n<meta property=\"article:modified_time\" content=\"2023-10-04T14:32:39+00:00\" \/>\n<meta property=\"og:image\" content=\"https:\/\/listings.mybikeplan.ch\/wp-content\/uploads\/2023\/10\/Mountainbikes.jpg\" \/>\n\t<meta property=\"og:image:width\" content=\"1640\" \/>\n\t<meta property=\"og:image:height\" content=\"924\" \/>\n\t<meta property=\"og:image:type\" content=\"image\/jpeg\" \/>\n<meta name=\"author\" content=\"Evelyne Aschwanden\" \/>\n<meta name=\"twitter:card\" content=\"summary_large_image\" \/>\n<meta name=\"twitter:label1\" content=\"Verfasst von\" \/>\n\t<meta name=\"twitter:data1\" content=\"Evelyne Aschwanden\" \/>\n\t<meta name=\"twitter:label2\" content=\"Gesch\u00e4tzte Lesezeit\" \/>\n\t<meta name=\"twitter:data2\" content=\"4\u00a0Minuten\" \/>\n<script type=\"application\/ld+json\" class=\"yoast-schema-graph\">{\"@context\":\"https:\/\/schema.org\",\"@graph\":[{\"@type\":\"WebPage\",\"@id\":\"https:\/\/listings.mybikeplan.ch\/de\/mybikeplan\/darum-ist-der-herbst-die-ideale-jahreszeit-um-mountainbike-zu-fahren\/\",\"url\":\"https:\/\/listings.mybikeplan.ch\/de\/mybikeplan\/darum-ist-der-herbst-die-ideale-jahreszeit-um-mountainbike-zu-fahren\/\",\"name\":\"Darum ist der Herbst ideal, um Mountainbike zu fahren\",\"isPartOf\":{\"@id\":\"https:\/\/listings.mybikeplan.ch\/de\/#website\"},\"primaryImageOfPage\":{\"@id\":\"https:\/\/listings.mybikeplan.ch\/de\/mybikeplan\/darum-ist-der-herbst-die-ideale-jahreszeit-um-mountainbike-zu-fahren\/#primaryimage\"},\"image\":{\"@id\":\"https:\/\/listings.mybikeplan.ch\/de\/mybikeplan\/darum-ist-der-herbst-die-ideale-jahreszeit-um-mountainbike-zu-fahren\/#primaryimage\"},\"thumbnailUrl\":\"https:\/\/listings.mybikeplan.ch\/wp-content\/uploads\/2023\/10\/Mountainbikes.jpg\",\"datePublished\":\"2023-10-04T14:32:34+00:00\",\"dateModified\":\"2023-10-04T14:32:39+00:00\",\"author\":{\"@id\":\"https:\/\/listings.mybikeplan.ch\/de\/#\/schema\/person\/514a6130749cc58319f751509338dafd\"},\"description\":\"Keine Jahreszeit eignet sich besser als der Herbst, um sich aufs Mountainbike zu schwingen! Wir erkl\u00e4ren Dir, warum.\",\"breadcrumb\":{\"@id\":\"https:\/\/listings.mybikeplan.ch\/de\/mybikeplan\/darum-ist-der-herbst-die-ideale-jahreszeit-um-mountainbike-zu-fahren\/#breadcrumb\"},\"inLanguage\":\"de\",\"potentialAction\":[{\"@type\":\"ReadAction\",\"target\":[\"https:\/\/listings.mybikeplan.ch\/de\/mybikeplan\/darum-ist-der-herbst-die-ideale-jahreszeit-um-mountainbike-zu-fahren\/\"]}]},{\"@type\":\"ImageObject\",\"inLanguage\":\"de\",\"@id\":\"https:\/\/listings.mybikeplan.ch\/de\/mybikeplan\/darum-ist-der-herbst-die-ideale-jahreszeit-um-mountainbike-zu-fahren\/#primaryimage\",\"url\":\"https:\/\/listings.mybikeplan.ch\/wp-content\/uploads\/2023\/10\/Mountainbikes.jpg\",\"contentUrl\":\"https:\/\/listings.mybikeplan.ch\/wp-content\/uploads\/2023\/10\/Mountainbikes.jpg\",\"width\":1640,\"height\":924},{\"@type\":\"BreadcrumbList\",\"@id\":\"https:\/\/listings.mybikeplan.ch\/de\/mybikeplan\/darum-ist-der-herbst-die-ideale-jahreszeit-um-mountainbike-zu-fahren\/#breadcrumb\",\"itemListElement\":[{\"@type\":\"ListItem\",\"position\":1,\"name\":\"Home\",\"item\":\"https:\/\/listings.mybikeplan.ch\/de\/\"},{\"@type\":\"ListItem\",\"position\":2,\"name\":\"Darum ist der Herbst die ideale Jahreszeit, um Mountainbike zu fahren\"}]},{\"@type\":\"WebSite\",\"@id\":\"https:\/\/listings.mybikeplan.ch\/de\/#website\",\"url\":\"https:\/\/listings.mybikeplan.ch\/de\/\",\"name\":\"MyBikePlan\",\"description\":\"\",\"potentialAction\":[{\"@type\":\"SearchAction\",\"target\":{\"@type\":\"EntryPoint\",\"urlTemplate\":\"https:\/\/listings.mybikeplan.ch\/de\/?s={search_term_string}\"},\"query-input\":{\"@type\":\"PropertyValueSpecification\",\"valueRequired\":true,\"valueName\":\"search_term_string\"}}],\"inLanguage\":\"de\"},{\"@type\":\"Person\",\"@id\":\"https:\/\/listings.mybikeplan.ch\/de\/#\/schema\/person\/514a6130749cc58319f751509338dafd\",\"name\":\"Evelyne Aschwanden\",\"image\":{\"@type\":\"ImageObject\",\"inLanguage\":\"de\",\"@id\":\"https:\/\/listings.mybikeplan.ch\/de\/#\/schema\/person\/image\/\",\"url\":\"https:\/\/secure.gravatar.com\/avatar\/73f0cad78e1012b10bb7c10f05a99be7009e6621353849483b51025ae56a6b37?s=96&d=mm&r=g\",\"contentUrl\":\"https:\/\/secure.gravatar.com\/avatar\/73f0cad78e1012b10bb7c10f05a99be7009e6621353849483b51025ae56a6b37?s=96&d=mm&r=g\",\"caption\":\"Evelyne Aschwanden\"},\"url\":\"https:\/\/listings.mybikeplan.ch\/de\/author\/evelyne-mybikeplan\/\"}]}<\/script>\n<!-- \/ Yoast SEO plugin. -->","yoast_head_json":{"title":"Darum ist der Herbst ideal, um Mountainbike zu fahren","description":"Keine Jahreszeit eignet sich besser als der Herbst, um sich aufs Mountainbike zu schwingen! Wir erkl\u00e4ren Dir, warum.","robots":{"index":"noindex","follow":"follow","max-snippet":"max-snippet:-1","max-image-preview":"max-image-preview:large","max-video-preview":"max-video-preview:-1"},"og_locale":"de_DE","og_type":"article","og_title":"Darum ist der Herbst ideal, um Mountainbike zu fahren","og_description":"Keine Jahreszeit eignet sich besser als der Herbst, um sich aufs Mountainbike zu schwingen! Wir erkl\u00e4ren Dir, warum.","og_url":"https:\/\/listings.mybikeplan.ch\/de\/mybikeplan\/darum-ist-der-herbst-die-ideale-jahreszeit-um-mountainbike-zu-fahren\/","og_site_name":"MyBikePlan","article_published_time":"2023-10-04T14:32:34+00:00","article_modified_time":"2023-10-04T14:32:39+00:00","og_image":[{"width":1640,"height":924,"url":"https:\/\/listings.mybikeplan.ch\/wp-content\/uploads\/2023\/10\/Mountainbikes.jpg","type":"image\/jpeg"}],"author":"Evelyne Aschwanden","twitter_card":"summary_large_image","twitter_misc":{"Verfasst von":"Evelyne Aschwanden","Gesch\u00e4tzte Lesezeit":"4\u00a0Minuten"},"schema":{"@context":"https:\/\/schema.org","@graph":[{"@type":"WebPage","@id":"https:\/\/listings.mybikeplan.ch\/de\/mybikeplan\/darum-ist-der-herbst-die-ideale-jahreszeit-um-mountainbike-zu-fahren\/","url":"https:\/\/listings.mybikeplan.ch\/de\/mybikeplan\/darum-ist-der-herbst-die-ideale-jahreszeit-um-mountainbike-zu-fahren\/","name":"Darum ist der Herbst ideal, um Mountainbike zu fahren","isPartOf":{"@id":"https:\/\/listings.mybikeplan.ch\/de\/#website"},"primaryImageOfPage":{"@id":"https:\/\/listings.mybikeplan.ch\/de\/mybikeplan\/darum-ist-der-herbst-die-ideale-jahreszeit-um-mountainbike-zu-fahren\/#primaryimage"},"image":{"@id":"https:\/\/listings.mybikeplan.ch\/de\/mybikeplan\/darum-ist-der-herbst-die-ideale-jahreszeit-um-mountainbike-zu-fahren\/#primaryimage"},"thumbnailUrl":"https:\/\/listings.mybikeplan.ch\/wp-content\/uploads\/2023\/10\/Mountainbikes.jpg","datePublished":"2023-10-04T14:32:34+00:00","dateModified":"2023-10-04T14:32:39+00:00","author":{"@id":"https:\/\/listings.mybikeplan.ch\/de\/#\/schema\/person\/514a6130749cc58319f751509338dafd"},"description":"Keine Jahreszeit eignet sich besser als der Herbst, um sich aufs Mountainbike zu schwingen! Wir erkl\u00e4ren Dir, warum.","breadcrumb":{"@id":"https:\/\/listings.mybikeplan.ch\/de\/mybikeplan\/darum-ist-der-herbst-die-ideale-jahreszeit-um-mountainbike-zu-fahren\/#breadcrumb"},"inLanguage":"de","potentialAction":[{"@type":"ReadAction","target":["https:\/\/listings.mybikeplan.ch\/de\/mybikeplan\/darum-ist-der-herbst-die-ideale-jahreszeit-um-mountainbike-zu-fahren\/"]}]},{"@type":"ImageObject","inLanguage":"de","@id":"https:\/\/listings.mybikeplan.ch\/de\/mybikeplan\/darum-ist-der-herbst-die-ideale-jahreszeit-um-mountainbike-zu-fahren\/#primaryimage","url":"https:\/\/listings.mybikeplan.ch\/wp-content\/uploads\/2023\/10\/Mountainbikes.jpg","contentUrl":"https:\/\/listings.mybikeplan.ch\/wp-content\/uploads\/2023\/10\/Mountainbikes.jpg","width":1640,"height":924},{"@type":"BreadcrumbList","@id":"https:\/\/listings.mybikeplan.ch\/de\/mybikeplan\/darum-ist-der-herbst-die-ideale-jahreszeit-um-mountainbike-zu-fahren\/#breadcrumb","itemListElement":[{"@type":"ListItem","position":1,"name":"Home","item":"https:\/\/listings.mybikeplan.ch\/de\/"},{"@type":"ListItem","position":2,"name":"Darum ist der Herbst die ideale Jahreszeit, um Mountainbike zu fahren"}]},{"@type":"WebSite","@id":"https:\/\/listings.mybikeplan.ch\/de\/#website","url":"https:\/\/listings.mybikeplan.ch\/de\/","name":"MyBikePlan","description":"","potentialAction":[{"@type":"SearchAction","target":{"@type":"EntryPoint","urlTemplate":"https:\/\/listings.mybikeplan.ch\/de\/?s={search_term_string}"},"query-input":{"@type":"PropertyValueSpecification","valueRequired":true,"valueName":"search_term_string"}}],"inLanguage":"de"},{"@type":"Person","@id":"https:\/\/listings.mybikeplan.ch\/de\/#\/schema\/person\/514a6130749cc58319f751509338dafd","name":"Evelyne Aschwanden","image":{"@type":"ImageObject","inLanguage":"de","@id":"https:\/\/listings.mybikeplan.ch\/de\/#\/schema\/person\/image\/","url":"https:\/\/secure.gravatar.com\/avatar\/73f0cad78e1012b10bb7c10f05a99be7009e6621353849483b51025ae56a6b37?s=96&d=mm&r=g","contentUrl":"https:\/\/secure.gravatar.com\/avatar\/73f0cad78e1012b10bb7c10f05a99be7009e6621353849483b51025ae56a6b37?s=96&d=mm&r=g","caption":"Evelyne Aschwanden"},"url":"https:\/\/listings.mybikeplan.ch\/de\/author\/evelyne-mybikeplan\/"}]}},"locale":"de","_links":{"self":[{"href":"https:\/\/listings.mybikeplan.ch\/de\/wp-json\/wp\/v2\/posts\/46387","targetHints":{"allow":["GET"]}}],"collection":[{"href":"https:\/\/listings.mybikeplan.ch\/de\/wp-json\/wp\/v2\/posts"}],"about":[{"href":"https:\/\/listings.mybikeplan.ch\/de\/wp-json\/wp\/v2\/types\/post"}],"author":[{"embeddable":true,"href":"https:\/\/listings.mybikeplan.ch\/de\/wp-json\/wp\/v2\/users\/15"}],"replies":[{"embeddable":true,"href":"https:\/\/listings.mybikeplan.ch\/de\/wp-json\/wp\/v2\/comments?post=46387"}],"version-history":[{"count":1,"href":"https:\/\/listings.mybikeplan.ch\/de\/wp-json\/wp\/v2\/posts\/46387\/revisions"}],"predecessor-version":[{"id":46397,"href":"https:\/\/listings.mybikeplan.ch\/de\/wp-json\/wp\/v2\/posts\/46387\/revisions\/46397"}],"wp:featuredmedia":[{"embeddable":true,"href":"https:\/\/listings.mybikeplan.ch\/de\/wp-json\/wp\/v2\/media\/46394"}],"wp:attachment":[{"href":"https:\/\/listings.mybikeplan.ch\/de\/wp-json\/wp\/v2\/media?parent=46387"}],"wp:term":[{"taxonomy":"category","embeddable":true,"href":"https:\/\/listings.mybikeplan.ch\/de\/wp-json\/wp\/v2\/categories?post=46387"},{"taxonomy":"post_tag","embeddable":true,"href":"https:\/\/listings.mybikeplan.ch\/de\/wp-json\/wp\/v2\/tags?post=46387"}],"curies":[{"name":"wp","href":"https:\/\/api.w.org\/{rel}","templated":true}]}}