{"id":3821,"date":"2020-11-24T09:03:29","date_gmt":"2020-11-24T09:03:29","guid":{"rendered":"https:\/\/listings.mybikeplan.ch\/?p=3821"},"modified":"2023-08-03T14:01:12","modified_gmt":"2023-08-03T14:01:12","slug":"welche-e-bike-groesse-passt-zu-mir","status":"publish","type":"post","link":"https:\/\/listings.mybikeplan.ch\/de\/mybikeplan\/e-bike-wissen\/welche-e-bike-groesse-passt-zu-mir\/","title":{"rendered":"Welche E Bike Gr\u00f6sse passt zu mir?"},"content":{"rendered":"\n<p>Welche Gr\u00f6sse soll ich f\u00fcr mein E-Bike w\u00e4hlen? Diese Frage ist zentral, besonders, wenn man online sein Elektrovelo bestellt. Bei einigen Modellen findest Du bei uns einen integrierten Gr\u00f6ssenrechner auf der Produktseite. Dieser sagt Dir zuverl\u00e4ssig die vom Hersteller empfohlene Bikegr\u00f6sse, basierend auf Deiner K\u00f6rpergr\u00f6sse.&nbsp;<\/p>\n\n\n\n<p>Aber wie bestimmt man die richtige Velogr\u00f6sse, beziehungsweise, was geh\u00f6rt da alles dazu?&nbsp;<\/p>\n\n\n\n<h2 class=\"wp-block-heading\"><b>Sitzrohrl\u00e4nge berechnen<\/b><\/h2>\n\n\n\n<p>Wenn Du die Rahmengr\u00f6sse mithilfe der Sitzrohrl\u00e4nge bestimmst, erh\u00e4ltst Du ein sehr zuverl\u00e4ssiges Resultat. Wir haben alle unsere individuellen Beinl\u00e4nge und diese Art verhindert Fehler, die bei \u201callgemeing\u00fcltigen\u201d Gr\u00f6ssen entstehen.&nbsp;<\/p>\n\n\n\n<p>Die Sitzrohrl\u00e4nge benennt die Strecke zwischen Tretlager und der Sitzrohroberkante. Um die perfekte Sitzrohrl\u00e4nge f\u00fcr Dich genau zu bestimmen, kannst Du Deine Schrittl\u00e4nge messen. Stehe hierzu barfuss an einer Wand und messe mit einem Massband von der Fussinnenkante am Boden bis zum Schritt.&nbsp;<\/p>\n\n\n\n<p>Wichtig ist, dass Du die richtigen Zahlenwerte je nach E-Bike f\u00fcr die Berechnung einsetzt. Denn die empfohlene Rahmenh\u00f6he bei Trekking E-Bikes liegt h\u00f6her als zum Beispiel bei einem Full Suspension Mountain E-Bike. Nach Kategorien sortiert, listen wir hier die empfohlenen Gr\u00f6ssen und wie Du Sie selber errechnen kannst, auf.<\/p>\n\n\n\n<h3 class=\"wp-block-heading\"><b>Trekking E Bike und City E Bike<\/b><\/h3>\n\n\n\n<p>Formel: Schrittl\u00e4nge x 0.66<\/p>\n\n\n\n<figure class=\"wp-block-table\"><table><tbody><tr><td><b>Schrittl\u00e4nge<\/b><\/td><td><b>Rahmengr\u00f6sse (cm)<\/b><\/td><td><b>Rahmengr\u00f6sse (Zoll)<\/b><\/td><\/tr><tr><td>60 cm &#8211; 65 cm<\/td><td>40 cm &#8211; 43 cm<\/td><td>15\u201d &#8211; 17\u201d<\/td><\/tr><tr><td>65 cm &#8211; 70 cm<\/td><td>43cm &#8211; 46 cm<\/td><td>17\u201d &#8211; 18\u201d<\/td><\/tr><tr><td>70 cm &#8211; 75 cm<\/td><td>46 cm &#8211; 49 cm&nbsp;<\/td><td>18\u201d &#8211; 19\u201d<\/td><\/tr><tr><td>75 cm &#8211; 80 cm<\/td><td>49 cm &#8211; 52 cm<\/td><td>19\u201d&nbsp; &#8211; 20\u201d<\/td><\/tr><tr><td>80 cm &#8211; 85 cm<\/td><td>52 cm &#8211; 55 cm<\/td><td>20\u201d &#8211; 21\u201d<\/td><\/tr><tr><td>85 cm &#8211; 90 cm<\/td><td>55 cm &#8211; 58 cm<\/td><td>21\u201d &#8211; 23\u201d<\/td><\/tr><\/tbody><\/table><\/figure>\n\n\n\n<h5 class=\"wp-block-heading\"><b>&nbsp;<\/b><\/h5>\n\n\n\n<h3 class=\"wp-block-heading\"><b>Fully E Bike<\/b><\/h3>\n\n\n\n<p>Formel: Schrittl\u00e4nge x 0.58<\/p>\n\n\n\n<figure class=\"wp-block-table\"><table><tbody><tr><td><b>Schrittl\u00e4nge<\/b><\/td><td><b>Rahmengr\u00f6sse (cm)<\/b><\/td><td><b>Rahmengr\u00f6sse (Zoll)<\/b><\/td><\/tr><tr><td>60 cm &#8211; 65 cm<\/td><td>35 cm &#8211; 38 cm<\/td><td>14\u201d &#8211; 15\u201d<\/td><\/tr><tr><td>65 cm &#8211; 70 cm<\/td><td>38 cm &#8211; 41 cm<\/td><td>15\u201d &#8211; 16\u201d<\/td><\/tr><tr><td>70 cm &#8211; 75 cm<\/td><td>41 cm &#8211; 44 cm&nbsp;<\/td><td>16\u201d &#8211; 17\u201d<\/td><\/tr><tr><td>75 cm &#8211; 80 cm<\/td><td>44 cm &#8211; 47 cm<\/td><td>17\u201d&nbsp; &#8211; 18\u201d<\/td><\/tr><tr><td>80 cm &#8211; 85 cm<\/td><td>47 cm &#8211; 50 cm<\/td><td>18\u201d &#8211; 19\u201d<\/td><\/tr><tr><td>85 cm &#8211; 90 cm<\/td><td>50 cm &#8211; 53 cm<\/td><td>20\u201d &#8211; 21\u201d<\/td><\/tr><\/tbody><\/table><\/figure>\n\n\n\n<h2 class=\"wp-block-heading\"><b>Rahmengr\u00f6sse anhand K\u00f6rpergr\u00f6sse berechnen<\/b><\/h2>\n\n\n\n<p>Wir sind einer der H\u00e4ndler von Kalkhoff in der Schweiz und f\u00fchren einige <a href=\"https:\/\/www.mybikeplan.ch\/marken\/kalkhoff-ebikes\">Modelle vom Kalkhoff<\/a> Endeavour bis zum Kalkhoff Image in unserem Sortiment. Sie geh\u00f6ren zu den <a href=\"https:\/\/www.mybikeplan.ch\/urban-e-bikes\"><strong>City E-Bikes<\/strong><\/a> und <a href=\"https:\/\/www.mybikeplan.ch\/trekking-e-bikes\"><strong>Trekking E-Bikes<\/strong><\/a>.&nbsp;<\/p>\n\n\n\n<p>Um Dir eine \u00dcbersicht zu verschaffen, listen wir Dir gerne hier die empfohlenen Gr\u00f6ssen auf.<\/p>\n\n\n\n<h3 class=\"wp-block-heading\"><b>Kalkhoff E Bikes<\/b><\/h3>\n\n\n\n<figure class=\"wp-block-table\"><table><tbody><tr><td><b>K\u00f6rpergr\u00f6sse<\/b><\/td><td><b>Rahmengr\u00f6sse (cm)<\/b><\/td><\/tr><tr><td>&gt; 155 cm&nbsp;<\/td><td>42 cm &#8211; 45 cm = S (26\u201d R\u00e4der)<\/td><\/tr><tr><td>155 cm &#8211; 165 cm<\/td><td>45cm &#8211; 50 cm = S<\/td><\/tr><tr><td>165 cm &#8211; 175 cm<\/td><td>50 cm &#8211; 55 cm = M<\/td><\/tr><tr><td>175 cm &#8211; 185 cm<\/td><td>55 cm &#8211; 60 cm = L<\/td><\/tr><tr><td>185 cm &#8211; 195 cm<\/td><td>60 cm &#8211; 65 cm = XL<\/td><\/tr><tr><td>&gt; 195 cm<\/td><td>&gt;65 cm = XXL<\/td><\/tr><\/tbody><\/table><\/figure>\n\n\n\n<p>Dasselbe haben wir f\u00fcr die<a href=\"https:\/\/www.mybikeplan.ch\/focus-e-bikes\"> Focus E-Bikes<\/a>, unten die Liste mit den empfohlenen E Bike Gr\u00f6ssen je nach K\u00f6rpergr\u00f6sse.&nbsp;<\/p>\n\n\n\n<h3 class=\"wp-block-heading\"><b>Focus E Bikes<\/b><\/h3>\n\n\n\n<figure class=\"wp-block-table\"><table><tbody><tr><td><b>K\u00f6rpergr\u00f6sse<\/b><\/td><td><b>Rahmengr\u00f6sse (cm)<\/b><\/td><\/tr><tr><td>160 cm &#8211; 170 cm&nbsp;<\/td><td>40 cm = S&nbsp;<\/td><\/tr><tr><td>170 cm &#8211; 180 cm<\/td><td>42 cm = M<\/td><\/tr><tr><td>180 cm &#8211; 190 cm<\/td><td>45 cm = L<\/td><\/tr><tr><td>190 cm &#8211; 200 cm<\/td><td>49 cm = XL<\/td><\/tr><\/tbody><\/table><\/figure>\n\n\n\n<p>Die beste Methode ist in unseren Augen, wenn Du beide Arten der Bemessung austestest und die Resultate miteinander vergleichst.&nbsp;<\/p>\n\n\n\n<hr class=\"wp-block-separator has-css-opacity\"\/>\n\n\n\n<p>Hast Du die passende Gr\u00f6sse f\u00fcr Dein E-Bike gefunden? Wenn nicht, <a href=\"https:\/\/www.mybikeplan.ch\/kundendienst\">sind wir gerne telefonisch und per Mail f\u00fcr Dich da!<\/a><\/p>\n\n\n\n<div class=\"wp-block-buttons is-layout-flex wp-block-buttons-is-layout-flex\">\n<div class=\"wp-block-button\"><a class=\"wp-block-button__link wp-element-button\" href=\"https:\/\/www.flyer-bikes.com\/de-ch\/mountain\/detail\/uproc-x?frame=1&amp;color=235927\" target=\"_blank\" rel=\"noreferrer noopener\">Zu unserer E-Bike-Auswahl<\/a><\/div>\n<\/div>\n","protected":false},"excerpt":{"rendered":"<p>Welche Gr\u00f6sse soll ich f\u00fcr mein E-Bike w\u00e4hlen? Diese Frage ist zentral, besonders, wenn man online sein Elektrovelo bestellt.<\/p>\n<p>Aber wie bestimmt man die richtige Velogr\u00f6sse, beziehungsweise, was geh\u00f6rt da alles dazu? <\/p>\n","protected":false},"author":3,"featured_media":3864,"comment_status":"open","ping_status":"open","sticky":false,"template":"","format":"standard","meta":{"_acf_changed":false,"footnotes":""},"categories":[3377,4441,3380],"tags":[],"class_list":["post-3821","post","type-post","status-publish","format-standard","has-post-thumbnail","hentry","category-e-bike-wissen","category-mybikeplan","category-tipps-tricks"],"acf":[],"yoast_head":"<!-- This site is optimized with the Yoast SEO plugin v24.5 - https:\/\/yoast.com\/wordpress\/plugins\/seo\/ -->\n<title>Welche E Bike Gr\u00f6sse passt zu mir? | MyBikePlan | Blog<\/title>\n<meta name=\"description\" content=\"Welche Gr\u00f6sse soll ich f\u00fcr mein E Bike w\u00e4hlen? Diese Frage ist zentral, besonders, wenn man online sein Elektrovelo bestellt.\" \/>\n<meta name=\"robots\" content=\"noindex, follow, max-snippet:-1, max-image-preview:large, max-video-preview:-1\" \/>\n<meta property=\"og:locale\" content=\"de_DE\" \/>\n<meta property=\"og:type\" content=\"article\" \/>\n<meta property=\"og:title\" content=\"Welche E Bike Gr\u00f6sse passt zu mir? | MyBikePlan | Blog\" \/>\n<meta property=\"og:description\" content=\"Welche Gr\u00f6sse soll ich f\u00fcr mein E Bike w\u00e4hlen? Diese Frage ist zentral, besonders, wenn man online sein Elektrovelo bestellt.\" \/>\n<meta property=\"og:url\" content=\"https:\/\/listings.mybikeplan.ch\/de\/mybikeplan\/e-bike-wissen\/welche-e-bike-groesse-passt-zu-mir\/\" \/>\n<meta property=\"og:site_name\" content=\"MyBikePlan\" \/>\n<meta property=\"article:published_time\" content=\"2020-11-24T09:03:29+00:00\" \/>\n<meta property=\"article:modified_time\" content=\"2023-08-03T14:01:12+00:00\" \/>\n<meta property=\"og:image\" content=\"https:\/\/listings.mybikeplan.ch\/wp-content\/uploads\/2020\/11\/photo-1542397680-c1450496a750.jpeg\" \/>\n\t<meta property=\"og:image:width\" content=\"924\" \/>\n\t<meta property=\"og:image:height\" content=\"1387\" \/>\n\t<meta property=\"og:image:type\" content=\"image\/jpeg\" \/>\n<meta name=\"author\" content=\"Sarina Hartmann\" \/>\n<meta name=\"twitter:card\" content=\"summary_large_image\" \/>\n<meta name=\"twitter:label1\" content=\"Verfasst von\" \/>\n\t<meta name=\"twitter:data1\" content=\"Sarina Hartmann\" \/>\n\t<meta name=\"twitter:label2\" content=\"Gesch\u00e4tzte Lesezeit\" \/>\n\t<meta name=\"twitter:data2\" content=\"3\u00a0Minuten\" \/>\n<script type=\"application\/ld+json\" class=\"yoast-schema-graph\">{\"@context\":\"https:\/\/schema.org\",\"@graph\":[{\"@type\":\"WebPage\",\"@id\":\"https:\/\/listings.mybikeplan.ch\/de\/mybikeplan\/e-bike-wissen\/welche-e-bike-groesse-passt-zu-mir\/\",\"url\":\"https:\/\/listings.mybikeplan.ch\/de\/mybikeplan\/e-bike-wissen\/welche-e-bike-groesse-passt-zu-mir\/\",\"name\":\"Welche E Bike Gr\u00f6sse passt zu mir? | MyBikePlan | Blog\",\"isPartOf\":{\"@id\":\"https:\/\/listings.mybikeplan.ch\/de\/#website\"},\"primaryImageOfPage\":{\"@id\":\"https:\/\/listings.mybikeplan.ch\/de\/mybikeplan\/e-bike-wissen\/welche-e-bike-groesse-passt-zu-mir\/#primaryimage\"},\"image\":{\"@id\":\"https:\/\/listings.mybikeplan.ch\/de\/mybikeplan\/e-bike-wissen\/welche-e-bike-groesse-passt-zu-mir\/#primaryimage\"},\"thumbnailUrl\":\"https:\/\/listings.mybikeplan.ch\/wp-content\/uploads\/2020\/11\/photo-1542397680-c1450496a750.jpeg\",\"datePublished\":\"2020-11-24T09:03:29+00:00\",\"dateModified\":\"2023-08-03T14:01:12+00:00\",\"author\":{\"@id\":\"https:\/\/listings.mybikeplan.ch\/de\/#\/schema\/person\/36a4680726dc7efe4ac153f1d41de9cc\"},\"description\":\"Welche Gr\u00f6sse soll ich f\u00fcr mein E Bike w\u00e4hlen? Diese Frage ist zentral, besonders, wenn man online sein Elektrovelo bestellt.\",\"breadcrumb\":{\"@id\":\"https:\/\/listings.mybikeplan.ch\/de\/mybikeplan\/e-bike-wissen\/welche-e-bike-groesse-passt-zu-mir\/#breadcrumb\"},\"inLanguage\":\"de\",\"potentialAction\":[{\"@type\":\"ReadAction\",\"target\":[\"https:\/\/listings.mybikeplan.ch\/de\/mybikeplan\/e-bike-wissen\/welche-e-bike-groesse-passt-zu-mir\/\"]}]},{\"@type\":\"ImageObject\",\"inLanguage\":\"de\",\"@id\":\"https:\/\/listings.mybikeplan.ch\/de\/mybikeplan\/e-bike-wissen\/welche-e-bike-groesse-passt-zu-mir\/#primaryimage\",\"url\":\"https:\/\/listings.mybikeplan.ch\/wp-content\/uploads\/2020\/11\/photo-1542397680-c1450496a750.jpeg\",\"contentUrl\":\"https:\/\/listings.mybikeplan.ch\/wp-content\/uploads\/2020\/11\/photo-1542397680-c1450496a750.jpeg\",\"width\":924,\"height\":1387,\"caption\":\"Mann mit E-Bike\"},{\"@type\":\"BreadcrumbList\",\"@id\":\"https:\/\/listings.mybikeplan.ch\/de\/mybikeplan\/e-bike-wissen\/welche-e-bike-groesse-passt-zu-mir\/#breadcrumb\",\"itemListElement\":[{\"@type\":\"ListItem\",\"position\":1,\"name\":\"Home\",\"item\":\"https:\/\/listings.mybikeplan.ch\/de\/\"},{\"@type\":\"ListItem\",\"position\":2,\"name\":\"Welche E Bike Gr\u00f6sse passt zu mir?\"}]},{\"@type\":\"WebSite\",\"@id\":\"https:\/\/listings.mybikeplan.ch\/de\/#website\",\"url\":\"https:\/\/listings.mybikeplan.ch\/de\/\",\"name\":\"MyBikePlan\",\"description\":\"\",\"potentialAction\":[{\"@type\":\"SearchAction\",\"target\":{\"@type\":\"EntryPoint\",\"urlTemplate\":\"https:\/\/listings.mybikeplan.ch\/de\/?s={search_term_string}\"},\"query-input\":{\"@type\":\"PropertyValueSpecification\",\"valueRequired\":true,\"valueName\":\"search_term_string\"}}],\"inLanguage\":\"de\"},{\"@type\":\"Person\",\"@id\":\"https:\/\/listings.mybikeplan.ch\/de\/#\/schema\/person\/36a4680726dc7efe4ac153f1d41de9cc\",\"name\":\"Sarina Hartmann\",\"image\":{\"@type\":\"ImageObject\",\"inLanguage\":\"de\",\"@id\":\"https:\/\/listings.mybikeplan.ch\/de\/#\/schema\/person\/image\/\",\"url\":\"https:\/\/secure.gravatar.com\/avatar\/63f561cfa361a6725403e9301127d731d03b6e54fab01da7c46b65d6aa481be8?s=96&d=mm&r=g\",\"contentUrl\":\"https:\/\/secure.gravatar.com\/avatar\/63f561cfa361a6725403e9301127d731d03b6e54fab01da7c46b65d6aa481be8?s=96&d=mm&r=g\",\"caption\":\"Sarina Hartmann\"},\"url\":\"https:\/\/listings.mybikeplan.ch\/de\/author\/sarinamybikeplan-ch\/\"}]}<\/script>\n<!-- \/ Yoast SEO plugin. -->","yoast_head_json":{"title":"Welche E Bike Gr\u00f6sse passt zu mir? | MyBikePlan | Blog","description":"Welche Gr\u00f6sse soll ich f\u00fcr mein E Bike w\u00e4hlen? Diese Frage ist zentral, besonders, wenn man online sein Elektrovelo bestellt.","robots":{"index":"noindex","follow":"follow","max-snippet":"max-snippet:-1","max-image-preview":"max-image-preview:large","max-video-preview":"max-video-preview:-1"},"og_locale":"de_DE","og_type":"article","og_title":"Welche E Bike Gr\u00f6sse passt zu mir? | MyBikePlan | Blog","og_description":"Welche Gr\u00f6sse soll ich f\u00fcr mein E Bike w\u00e4hlen? Diese Frage ist zentral, besonders, wenn man online sein Elektrovelo bestellt.","og_url":"https:\/\/listings.mybikeplan.ch\/de\/mybikeplan\/e-bike-wissen\/welche-e-bike-groesse-passt-zu-mir\/","og_site_name":"MyBikePlan","article_published_time":"2020-11-24T09:03:29+00:00","article_modified_time":"2023-08-03T14:01:12+00:00","og_image":[{"width":924,"height":1387,"url":"https:\/\/listings.mybikeplan.ch\/wp-content\/uploads\/2020\/11\/photo-1542397680-c1450496a750.jpeg","type":"image\/jpeg"}],"author":"Sarina Hartmann","twitter_card":"summary_large_image","twitter_misc":{"Verfasst von":"Sarina Hartmann","Gesch\u00e4tzte Lesezeit":"3\u00a0Minuten"},"schema":{"@context":"https:\/\/schema.org","@graph":[{"@type":"WebPage","@id":"https:\/\/listings.mybikeplan.ch\/de\/mybikeplan\/e-bike-wissen\/welche-e-bike-groesse-passt-zu-mir\/","url":"https:\/\/listings.mybikeplan.ch\/de\/mybikeplan\/e-bike-wissen\/welche-e-bike-groesse-passt-zu-mir\/","name":"Welche E Bike Gr\u00f6sse passt zu mir? | MyBikePlan | Blog","isPartOf":{"@id":"https:\/\/listings.mybikeplan.ch\/de\/#website"},"primaryImageOfPage":{"@id":"https:\/\/listings.mybikeplan.ch\/de\/mybikeplan\/e-bike-wissen\/welche-e-bike-groesse-passt-zu-mir\/#primaryimage"},"image":{"@id":"https:\/\/listings.mybikeplan.ch\/de\/mybikeplan\/e-bike-wissen\/welche-e-bike-groesse-passt-zu-mir\/#primaryimage"},"thumbnailUrl":"https:\/\/listings.mybikeplan.ch\/wp-content\/uploads\/2020\/11\/photo-1542397680-c1450496a750.jpeg","datePublished":"2020-11-24T09:03:29+00:00","dateModified":"2023-08-03T14:01:12+00:00","author":{"@id":"https:\/\/listings.mybikeplan.ch\/de\/#\/schema\/person\/36a4680726dc7efe4ac153f1d41de9cc"},"description":"Welche Gr\u00f6sse soll ich f\u00fcr mein E Bike w\u00e4hlen? Diese Frage ist zentral, besonders, wenn man online sein Elektrovelo bestellt.","breadcrumb":{"@id":"https:\/\/listings.mybikeplan.ch\/de\/mybikeplan\/e-bike-wissen\/welche-e-bike-groesse-passt-zu-mir\/#breadcrumb"},"inLanguage":"de","potentialAction":[{"@type":"ReadAction","target":["https:\/\/listings.mybikeplan.ch\/de\/mybikeplan\/e-bike-wissen\/welche-e-bike-groesse-passt-zu-mir\/"]}]},{"@type":"ImageObject","inLanguage":"de","@id":"https:\/\/listings.mybikeplan.ch\/de\/mybikeplan\/e-bike-wissen\/welche-e-bike-groesse-passt-zu-mir\/#primaryimage","url":"https:\/\/listings.mybikeplan.ch\/wp-content\/uploads\/2020\/11\/photo-1542397680-c1450496a750.jpeg","contentUrl":"https:\/\/listings.mybikeplan.ch\/wp-content\/uploads\/2020\/11\/photo-1542397680-c1450496a750.jpeg","width":924,"height":1387,"caption":"Mann mit E-Bike"},{"@type":"BreadcrumbList","@id":"https:\/\/listings.mybikeplan.ch\/de\/mybikeplan\/e-bike-wissen\/welche-e-bike-groesse-passt-zu-mir\/#breadcrumb","itemListElement":[{"@type":"ListItem","position":1,"name":"Home","item":"https:\/\/listings.mybikeplan.ch\/de\/"},{"@type":"ListItem","position":2,"name":"Welche E Bike Gr\u00f6sse passt zu mir?"}]},{"@type":"WebSite","@id":"https:\/\/listings.mybikeplan.ch\/de\/#website","url":"https:\/\/listings.mybikeplan.ch\/de\/","name":"MyBikePlan","description":"","potentialAction":[{"@type":"SearchAction","target":{"@type":"EntryPoint","urlTemplate":"https:\/\/listings.mybikeplan.ch\/de\/?s={search_term_string}"},"query-input":{"@type":"PropertyValueSpecification","valueRequired":true,"valueName":"search_term_string"}}],"inLanguage":"de"},{"@type":"Person","@id":"https:\/\/listings.mybikeplan.ch\/de\/#\/schema\/person\/36a4680726dc7efe4ac153f1d41de9cc","name":"Sarina Hartmann","image":{"@type":"ImageObject","inLanguage":"de","@id":"https:\/\/listings.mybikeplan.ch\/de\/#\/schema\/person\/image\/","url":"https:\/\/secure.gravatar.com\/avatar\/63f561cfa361a6725403e9301127d731d03b6e54fab01da7c46b65d6aa481be8?s=96&d=mm&r=g","contentUrl":"https:\/\/secure.gravatar.com\/avatar\/63f561cfa361a6725403e9301127d731d03b6e54fab01da7c46b65d6aa481be8?s=96&d=mm&r=g","caption":"Sarina Hartmann"},"url":"https:\/\/listings.mybikeplan.ch\/de\/author\/sarinamybikeplan-ch\/"}]}},"locale":"de","_links":{"self":[{"href":"https:\/\/listings.mybikeplan.ch\/de\/wp-json\/wp\/v2\/posts\/3821","targetHints":{"allow":["GET"]}}],"collection":[{"href":"https:\/\/listings.mybikeplan.ch\/de\/wp-json\/wp\/v2\/posts"}],"about":[{"href":"https:\/\/listings.mybikeplan.ch\/de\/wp-json\/wp\/v2\/types\/post"}],"author":[{"embeddable":true,"href":"https:\/\/listings.mybikeplan.ch\/de\/wp-json\/wp\/v2\/users\/3"}],"replies":[{"embeddable":true,"href":"https:\/\/listings.mybikeplan.ch\/de\/wp-json\/wp\/v2\/comments?post=3821"}],"version-history":[{"count":48,"href":"https:\/\/listings.mybikeplan.ch\/de\/wp-json\/wp\/v2\/posts\/3821\/revisions"}],"predecessor-version":[{"id":32749,"href":"https:\/\/listings.mybikeplan.ch\/de\/wp-json\/wp\/v2\/posts\/3821\/revisions\/32749"}],"wp:featuredmedia":[{"embeddable":true,"href":"https:\/\/listings.mybikeplan.ch\/de\/wp-json\/wp\/v2\/media\/3864"}],"wp:attachment":[{"href":"https:\/\/listings.mybikeplan.ch\/de\/wp-json\/wp\/v2\/media?parent=3821"}],"wp:term":[{"taxonomy":"category","embeddable":true,"href":"https:\/\/listings.mybikeplan.ch\/de\/wp-json\/wp\/v2\/categories?post=3821"},{"taxonomy":"post_tag","embeddable":true,"href":"https:\/\/listings.mybikeplan.ch\/de\/wp-json\/wp\/v2\/tags?post=3821"}],"curies":[{"name":"wp","href":"https:\/\/api.w.org\/{rel}","templated":true}]}}