{"id":35933,"date":"2023-07-06T08:43:56","date_gmt":"2023-07-06T08:43:56","guid":{"rendered":"https:\/\/listings.mybikeplan.ch\/?p=35933"},"modified":"2023-08-03T13:44:06","modified_gmt":"2023-08-03T13:44:06","slug":"mit-dem-e-bike-durch-die-schweiz-das-ist-die-perfekte-velotour-fuer-die-sommerferien","status":"publish","type":"post","link":"https:\/\/listings.mybikeplan.ch\/de\/mybikeplan\/mit-dem-e-bike-durch-die-schweiz-das-ist-die-perfekte-velotour-fuer-die-sommerferien\/","title":{"rendered":"Mit dem E-Bike durch die Schweiz: Das ist die perfekte Velotour f\u00fcr die Sommerferien"},"content":{"rendered":"\n<p>In 10 Etappen mit dem E-Bike einmal durch die Schweiz: Wenn das nicht nach dem perfekten Plan f\u00fcr die Sommerferien klingt, dann wissen wir auch nicht. Die Seen-Route nimmt Dich mit auf eine Reise quer durch die Schweiz, vorbei an Postkartenlandschaften, t\u00fcrkisblauen Seen und m\u00e4chtige Bergw\u00e4nde. Das ist das perfekte Abenteuer f\u00fcr Dich und Dein E-Bike!<\/p>\n\n\n\n<h2 class=\"wp-block-heading\">Etappe 1: Montreux \u2013 Bulle<\/h2>\n\n\n\n<iframe src=\"https:\/\/www.google.com\/maps\/embed?pb=!1m28!1m12!1m3!1d175681.48557598057!2d6.79616579145934!3d46.52744250616927!2m3!1f0!2f0!3f0!3m2!1i1024!2i768!4f13.1!4m13!3e1!4m5!1s0x478e9b20cdb650cd%3A0xccc07a7fc46d1847!2sMontreux!3m2!1d46.4312213!2d6.9106799!4m5!1s0x478e6287f4f8e1f7%3A0xdccd571923f1d19!2sBulle!3m2!1d46.615451199999995!2d7.057726799999999!5e0!3m2!1sde!2sch!4v1688632791468!5m2!1sde!2sch\" width=\"600\" height=\"450\" style=\"border:0;\" allowfullscreen=\"\" loading=\"lazy\" referrerpolicy=\"no-referrer-when-downgrade\"><\/iframe>\n\n\n\n<ul class=\"wp-block-list\">\n<li>42 km<\/li>\n\n\n\n<li>Mittelschwer<\/li>\n<\/ul>\n\n\n\n<p>Unsere Reise mit dem E-Bike durch die Schweiz beginnt in Montreux. Geniesse die mediterrane Atmosph\u00e4re der Uferlandschaft mit den unz\u00e4hligen G\u00e4rten und statte der Statue von Freddy Mercury einen Besuch ab, bevor Du Dich in den Sattel schwingst. Wir folgen einfach den Wegweisern mit der 9 auf blauem HIntergrund \u2013 die wird uns die n\u00e4chsten Tage st\u00e4ndig begleiten.<\/p>\n\n\n\n<p>Der erste Abschnitt f\u00fchrt uns in Greyerzerland nach Vevey und dann dem Ufer der Veveyse entlang bis nach Corsier, wo Du Dich auf die Spuren von Charlie Chaplin begeben kannst. Wie w\u00e4re es denn mit einem kleinen Zwischenstopp im Museum \u201cChaplins World\u201d?<\/p>\n\n\n\n<p>Weiter geht\u2019s dem Fluss La Sionge entlang nach Bulle, wo unsere erste Tagestour endet.<\/p>\n\n\n\n<h2 class=\"wp-block-heading\">Etappe 2: Bulle \u2013 Gstaad<\/h2>\n\n\n\n<iframe src=\"https:\/\/www.google.com\/maps\/embed?pb=!1m28!1m12!1m3!1d87825.97524439459!2d7.07834468908176!3d46.536573866527206!2m3!1f0!2f0!3f0!3m2!1i1024!2i768!4f13.1!4m13!3e1!4m5!1s0x478e6287f4f8e1f7%3A0xdccd571923f1d19!2sBulle!3m2!1d46.615451199999995!2d7.057726799999999!4m5!1s0x478ef1af70318185%3A0xa6dfcf3af154d556!2sGstaad%2C%20Saanen!3m2!1d46.471758799999996!2d7.2865728!5e0!3m2!1sde!2sch!4v1688632827028!5m2!1sde!2sch\" width=\"600\" height=\"450\" style=\"border:0;\" allowfullscreen=\"\" loading=\"lazy\" referrerpolicy=\"no-referrer-when-downgrade\"><\/iframe>\n\n\n\n<ul class=\"wp-block-list\">\n<li>45 km<\/li>\n\n\n\n<li>Mittelschwer<\/li>\n<\/ul>\n\n\n\n<p>Weiter geht\u2019s mit Tag 2 unserer Velotour mit dem E-Bike quer durch die Schweiz: Von Bulle radeln wir am n\u00e4chsten Morgen los in Richtung Gruy\u00e8re. Da man mit dem E-Bike schneller unterwegs ist als mit dem herk\u00f6mmlichen Velo, lohnt sich ein kleiner Abstecher abseits der Route zum Lac de la Gruy\u00e8re. Auch das gleichnamige St\u00e4dtchen lohnt sich, zu erkunden: Es ist ein malerischer, mittelalterlich angehauchter Ort, der vom Anblick von Schloss Gruy\u00e8re auf dem H\u00fcgel dominiert wird.&nbsp;<\/p>\n\n\n\n<p>Der Saane entlang geht es auf und ab durch das Greyerzerland. Sp\u00e4testens hier sind wir froh um dem Motor unsere E-Bikes! M\u00e4chtige H\u00fcgel und Gipfel erheben sich links und rechts von uns, durchzogen von Kuhweiden und bl\u00fchenden Feldern. Weiter geht\u2019s in Richtung Saanen, das mit dem typischen Berner Charme und alten Holzh\u00e4usern besticht. Unterwegs kann man das Heissluftballon-Mekka Ch\u00e2teau-d\u2019Oex besuchen oder, wenn man in Eile ist, umfahren und von der Gel\u00e4ndeterrasse aus bestaunen. Nach Saanen haben wir mit Gstaad schliesslich das Ende der zweiten Tagesetappe erreicht.<\/p>\n\n\n\n<h2 class=\"wp-block-heading\">Etappe 3: Gstaad \u2013 Spiez<\/h2>\n\n\n\n<iframe src=\"https:\/\/www.google.com\/maps\/embed?pb=!1m28!1m12!1m3!1d175505.5768092246!2d7.31559535318962!3d46.58180786838527!2m3!1f0!2f0!3f0!3m2!1i1024!2i768!4f13.1!4m13!3e1!4m5!1s0x478ef1af70318185%3A0xa6dfcf3af154d556!2sGstaad%2C%20Saanen!3m2!1d46.471758799999996!2d7.2865728!4m5!1s0x478fadd623415365%3A0x3d8e3909f94b4d91!2sSpiez!3m2!1d46.6884826!2d7.6791523999999995!5e0!3m2!1sde!2sch!4v1688632850589!5m2!1sde!2sch\" width=\"600\" height=\"450\" style=\"border:0;\" allowfullscreen=\"\" loading=\"lazy\" referrerpolicy=\"no-referrer-when-downgrade\"><\/iframe>\n\n\n\n<ul class=\"wp-block-list\">\n<li>53 km<\/li>\n\n\n\n<li>Mittelschwer<\/li>\n<\/ul>\n\n\n\n<p>Tag 3 unserer Velotour mit dem E-Bike durch die Schweiz: Wir starten im ber\u00fchmten Ferienort Gstaad, wo Promis und Sternchen aus aller Wert ihren Urlaub verbringen.&nbsp;<\/p>\n\n\n\n<p>Die heutige Strecke nach Spiez ist ein st\u00e4ndiges Auf und Ab \u2013 nicht nur der Landschaft, sondern auch der Eindr\u00fccke. Wir radeln der nostalgischen Eisenbahnlinie der Montreux-Berner Oberland-Bahn entlang, w\u00e4hrend wir uns von der Sch\u00f6nheit des Simmentals berieseln lassen \u2013 echte Simmentaler K\u00fche inbegriffen.<\/p>\n\n\n\n<p>In Zweisimmen entfernen wir uns vom Verlauf der Kleinen Simme und folgen nun der \u00e4lteren Schwester, der Grossen Simme, \u00fcber sattgr\u00fcne Wiesen und vorbei an historischen Bauernh\u00e4usern mit bl\u00fchenden Blumenkasten. In Wimmis m\u00fcssen wir uns von der Simme verabschieden, denn hier fliesst sie in die Kander hinein. Wenig sp\u00e4ter haben wir auch schon unser Tagesziel Spiez am sch\u00f6nen Thunersee erreicht.<\/p>\n\n\n\n<h2 class=\"wp-block-heading\">Etappe 4: Spiez \u2013 Meiringen<\/h2>\n\n\n\n<iframe src=\"https:\/\/www.google.com\/maps\/embed?pb=!1m28!1m12!1m3!1d175130.81427586806!2d7.770224428178047!3d46.69746744579182!2m3!1f0!2f0!3f0!3m2!1i1024!2i768!4f13.1!4m13!3e1!4m5!1s0x478fadd623415365%3A0x3d8e3909f94b4d91!2sSpiez!3m2!1d46.6884826!2d7.6791523999999995!4m5!1s0x478f8fbf1b3561a9%3A0x7c177406d39c024b!2sMeiringen!3m2!1d46.7251614!2d8.1909081!5e0!3m2!1sde!2sch!4v1688632876597!5m2!1sde!2sch\" width=\"600\" height=\"450\" style=\"border:0;\" allowfullscreen=\"\" loading=\"lazy\" referrerpolicy=\"no-referrer-when-downgrade\"><\/iframe>\n\n\n\n<ul class=\"wp-block-list\">\n<li>47 km<\/li>\n\n\n\n<li>Mittelschwer<\/li>\n<\/ul>\n\n\n\n<p>Wir haben schon fast die H\u00e4lfte unserer Velotour mit dem E-Bike durch die Schweiz erreicht! Heute auf dem Routenplan? Ein weiterer Tag durch die einzigartige Landschaft des Kanton Berns!<\/p>\n\n\n\n<p>Unser Morgen beginnt am glasklaren Wasser des Thunersees, umgeben von verschneiten Berggipfeln. Von Spiez aus geht es dem See entlang in Richtung Interlaken \u2013 nach Gstaad der zweite, weltber\u00fchmte Ferienort auf unserer Route. Wer genau hinschaut, kann von hier aus auch die ber\u00fchmte Gipfel von Eiger, M\u00f6nch und Jungfrau entdecken.<\/p>\n\n\n\n<p>Wir tauchen in den Wald ein und h\u00f6ren schon von Weitem das Rauschen der Giessbachf\u00e4lle. Das Wasser f\u00e4llt hier in 14 Stufen 400 Meter tief zum See hinab. Auch wir treten nun den Abstieg an und lassen uns mit dem Wind im R\u00fccken zum Brienzersee geleiten. Nach dem Auf und Ab der letzten Tage geniesst man hier nun ein schnelles Vorw\u00e4rtskommen auf dem flachen Talboden. Wir beenden diese Etappe im Haslital \u2013 genauer gesagt, in Meiringen, wo sich nicht nur die Aareschlucht befindet, sondern mit den Reichenbachf\u00e4llen auch die (vermeintlich) letzte Ruhest\u00e4tte von Sherlock Holmes.<\/p>\n\n\n\n<h2 class=\"wp-block-heading\">Etappe 5: Meiringen \u2013 Sarnen<\/h2>\n\n\n\n<iframe src=\"https:\/\/www.google.com\/maps\/embed?pb=!1m28!1m12!1m3!1d87381.59781100751!2d8.108809853487347!3d46.81070888309031!2m3!1f0!2f0!3f0!3m2!1i1024!2i768!4f13.1!4m13!3e1!4m5!1s0x478f8fbf1b3561a9%3A0x7c177406d39c024b!2sMeiringen!3m2!1d46.7251614!2d8.1909081!4m5!1s0x478fedb0190becf5%3A0x4920337d93133415!2sSarnen!3m2!1d46.8959313!2d8.245675799999999!5e0!3m2!1sde!2sch!4v1688632898734!5m2!1sde!2sch\" width=\"600\" height=\"450\" style=\"border:0;\" allowfullscreen=\"\" loading=\"lazy\" referrerpolicy=\"no-referrer-when-downgrade\"><\/iframe>\n\n\n\n<ul class=\"wp-block-list\">\n<li>32 km<\/li>\n\n\n\n<li>Mittelschwer<\/li>\n<\/ul>\n\n\n\n<p>Heute steht auf unserer Reise mit dem E-Bike durch die Schweiz eine k\u00fcrzere, daf\u00fcr umso intensivere Strecke an. Sp\u00e4testens, als es von Meiringen in die Steigung hoch zum Br\u00fcnig geht, sind wir froh, ein E-Bike zu haben!<\/p>\n\n\n\n<p>Auf dem Br\u00fcnig g\u00f6nnen wir uns ein Caf\u00e9 oder sogar ein kleines Zmittag. Von hier aus gibt\u2019s endlich die wohlverdiente Belohnung nach dem Aufstieg: Wir rasen zum Lungernsee herab und geniessen dabei den erfrischenden Wind in den Haaren. Vom See geht es weiter nach Giswil und \u00fcber den Steinibach schliesslich an den rund 200 Meter tiefer liegenden Sarnersee, wo unsere heutige Tagesstrecke endet.<\/p>\n\n\n\n<h2 class=\"wp-block-heading\">Etappe 6: Sarnen \u2013 Zug<\/h2>\n\n\n\n<iframe src=\"https:\/\/www.google.com\/maps\/embed?pb=!1m28!1m12!1m3!1d174019.49362488757!2d8.215779452261312!3d47.03915963802063!2m3!1f0!2f0!3f0!3m2!1i1024!2i768!4f13.1!4m13!3e1!4m5!1s0x478fedb0190becf5%3A0x4920337d93133415!2sSarnen!3m2!1d46.8959313!2d8.245675799999999!4m5!1s0x479aab296046e4f3%3A0xa950bf03c7e3ea10!2sZug!3m2!1d47.1661672!2d8.5154946!5e0!3m2!1sde!2sch!4v1688632916800!5m2!1sde!2sch\" width=\"600\" height=\"450\" style=\"border:0;\" allowfullscreen=\"\" loading=\"lazy\" referrerpolicy=\"no-referrer-when-downgrade\"><\/iframe>\n\n\n\n<ul class=\"wp-block-list\">\n<li>61 km<\/li>\n\n\n\n<li>Schwer<\/li>\n<\/ul>\n\n\n\n<p>Vom idyllischen Dorfzentrum Sarnens aus geht unsere Velotour mit dem E-Bike durch die Schweiz weiter. Wer Kultur und Geschichte zu sch\u00e4tzen weiss, dem empfehlen wir einen Besuch des barocken Rathauses, in welchem der Kanton Obwalden bereits seit 600 Jahren repr\u00e4sentiert wird. Noch mehr Spannendes gibt es im Historischen Museum \u2013 dort f\u00fchrt unsere Route direkt vorbei.&nbsp;<\/p>\n\n\n\n<p>Der Aa entlang gelangen wir zum Wichelsee, der ein wunderbares Paradies f\u00fcr Wasserv\u00f6gel aller Art ist. Geheimtipp: Falls ihr einen Tag Pause machen wollt vom Velofahren, lohnt sich ein Abstecher auf den Pilatus. Der Berg ist von Alpnach, ganz in der N\u00e4he von Sarnen, mit der Standseilbahn erreichbar. Als die steilste Bahn dieser Art auf der ganzen Welt ist allein die Fahrt ein absolutes Erlebnis wert!<\/p>\n\n\n\n<p>Weiter geht\u2019s dem See entlang nach Hergiswil. In der gleichnamigen Glasi kann man den Glasbl\u00e4sern bei der Arbeit zusehen \u2013 oder sich gleich selbst am Glasblasen versuchen. Weiter am Ufer des Vierwaldst\u00e4ttersees erreichen wir Luzern, die inoffizielle Hauptstadt der Zentralschweiz und eine der sch\u00f6nsten und beliebtesten St\u00e4dte der ganzen Schweiz. Hier lohnt es sich, das E-Bike mal zur Seite zu stellen und durch die Altstadt zu schlendern oder die ber\u00fchmte Kapellbr\u00fccke zu \u00fcberqueren.<\/p>\n\n\n\n<p>Weiter geht es schliesslich \u00fcber Cham nach Zug.<\/p>\n\n\n\n<h2 class=\"wp-block-heading\">Etappe 7: Zug \u2013 Einsiedeln<\/h2>\n\n\n\n<iframe src=\"https:\/\/www.google.com\/maps\/embed?pb=!1m28!1m12!1m3!1d86791.54593651561!2d8.549575672612153!3d47.172819459118685!2m3!1f0!2f0!3f0!3m2!1i1024!2i768!4f13.1!4m13!3e1!4m5!1s0x479aab296046e4f3%3A0xa950bf03c7e3ea10!2sZug!3m2!1d47.1661672!2d8.5154946!4m5!1s0x479ab34307919f9f%3A0xb1553eede59939fb!2sEinsiedeln!3m2!1d47.127353!2d8.7451537!5e0!3m2!1sde!2sch!4v1688632948447!5m2!1sde!2sch\" width=\"600\" height=\"450\" style=\"border:0;\" allowfullscreen=\"\" loading=\"lazy\" referrerpolicy=\"no-referrer-when-downgrade\"><\/iframe>\n\n\n\n<ul class=\"wp-block-list\">\n<li>46 km&nbsp;<\/li>\n\n\n\n<li>Mittelschwer<\/li>\n<\/ul>\n\n\n\n<p>Tag 7 unserer Velotour mit dem E-Bike durch die Schweiz. Heute auf dem Routenplan: Die Kantone Zug und Schwyz!<\/p>\n\n\n\n<p>Wir fahren von der Stadt Zug aus der Lorze entlang hinein ins Lorzentobeltal. Die wildromantische Umgebung begeistert mit viel Abwechslung, einem idyllischen Wald und sch\u00f6nen Picknickpl\u00e4tze zum Grillieren und Verweilen. Wer nach ein wenig Abenteuer sucht, kann den H\u00f6llgrotten Tropfsteinh\u00f6hlen einen Besuch abstatten.<\/p>\n\n\n\n<p>In Morgarten bewundern wir das Denkmal, welches an die ber\u00fchmte Schlacht von 1315 erinnert. Damals zogen die Schwyzer gegen ein Heer Habsburger in den Krieg \u2013 eine der ersten \u201cFreiheitsschlachten\u201d der Eidgenossen.&nbsp;<\/p>\n\n\n\n<p>Jetzt wird wieder kr\u00e4ftig in die Pedale getreten: \u00dcber den Sunnenberg geht es hinauf zum Rothenturmer Hochmoor \u2013 das gr\u00f6sste Hoch- und Heidemoor der Schweiz. Der Biber entlang gelangt man nach Biberbrugg und von dort dem Schwesternfluss, der Alp, nach. Den Tag beenden wir im ber\u00fchmtem Pilgerort Einsiedeln.<\/p>\n\n\n\n<h2 class=\"wp-block-heading\">Etappe 8: Einsiedeln \u2013 Niederurnen<\/h2>\n\n\n\n<iframe src=\"https:\/\/www.google.com\/maps\/embed?pb=!1m28!1m12!1m3!1d173575.29925805255!2d8.72230338186512!3d47.1752035294229!2m3!1f0!2f0!3f0!3m2!1i1024!2i768!4f13.1!4m13!3e1!4m5!1s0x479ab34307919f9f%3A0xb1553eede59939fb!2sEinsiedeln!3m2!1d47.127353!2d8.7451537!4m5!1s0x479acd0b21f91dfd%3A0x6eb928b1714053f3!2sNiederurnen!3m2!1d47.125507!2d9.0531505!5e0!3m2!1sde!2sch!4v1688632974936!5m2!1sde!2sch\" width=\"600\" height=\"450\" style=\"border:0;\" allowfullscreen=\"\" loading=\"lazy\" referrerpolicy=\"no-referrer-when-downgrade\"><\/iframe>\n\n\n\n<ul class=\"wp-block-list\">\n<li>52 km&nbsp;<\/li>\n\n\n\n<li>Mittelschwer<\/li>\n<\/ul>\n\n\n\n<p>Heute, an Tag 8 unserer Velotour mit dem E-Bike durch die Schweiz, lassen wir die Zentralschweiz definitiv hinter uns. Von Einsiedeln aus beginnen wir unsere Berg- und Talfahrt mit der Fahrt \u00fcber die Sihlseebr\u00fccke. Hier ist ein wenig Vorsicht angesagt, denn die Br\u00fccke ist recht schmal und wird auch von Autofahrer*innen genutzt.<\/p>\n\n\n\n<p>Nach der Br\u00fccke kann man in der Ferne die ber\u00fchmten Skisprungschanzen von Einsiedeln beobachten, bevor dann der Aufstieg zum Etzelpass beginnt. Dieser hat es definitiv in sich \u2013 bis zu 20 Prozent ist die Steigung an manchen Stellen! Doch die M\u00fche lohnt sich: Oben angekommen, erwartet uns ein herrliches Panorama \u00fcber den Z\u00fcrichsee.&nbsp;<\/p>\n\n\n\n<p>Jetzt wird die Geschwindigkeit aufgedreht: Wir rasen \u00fcber Feusisberg hinab nach Pf\u00e4ffikon. Nun erkennt man auch gut den Damm, welchen den See in zwei Teile trennt. Nach der Fahrt mitten \u00fcber den See erreichen wir Rapperswil, auch bekannt als Rosenstadt. Hier kann man von Mai bis Oktober unz\u00e4hlige Rosen beim Kapuzinerkloster bewundern.&nbsp;<\/p>\n\n\n\n<p>Noch ist allerdings nicht Schluss: Wir fahren weiter nach Wurmsbach, Schmerikon und schliesslich weg vom See durch die Linthebene bis nach Niederurnen. Besonders interessant: Die Ortschaft ist in zwei Teile geteilt, der eine geh\u00f6rt zum Kanton St. Gallen, der andere zum Kanton Glarus.<\/p>\n\n\n\n<h2 class=\"wp-block-heading\">Etappe 9: Niederurnen \u2013 Buchs (SG)<\/h2>\n\n\n\n<iframe src=\"https:\/\/www.google.com\/maps\/embed?pb=!1m28!1m12!1m3!1d173803.65449188816!2d9.113768916646656!3d47.10530240781692!2m3!1f0!2f0!3f0!3m2!1i1024!2i768!4f13.1!4m13!3e1!4m5!1s0x479acd0b21f91dfd%3A0x6eb928b1714053f3!2sNiederurnen!3m2!1d47.125507!2d9.0531505!4m5!1s0x479b2e2982056d2f%3A0x8918446aec7663bf!2sBuchs%20SG!3m2!1d47.165540299999996!2d9.4708594!5e0!3m2!1sde!2sch!4v1688632995083!5m2!1sde!2sch\" width=\"600\" height=\"450\" style=\"border:0;\" allowfullscreen=\"\" loading=\"lazy\" referrerpolicy=\"no-referrer-when-downgrade\"><\/iframe>\n\n\n\n<ul class=\"wp-block-list\">\n<li>56 km&nbsp;<\/li>\n\n\n\n<li>Mittelschwer<\/li>\n<\/ul>\n\n\n\n<p>Der vorletzte Tag unserer Velotour kreuz und quer durch die Schweiz mit dem E-Bike f\u00fchrt uns von Niederurnen zum Walensee. Am Nordufer des Sees herrscht ein mediterranes Klima, weshalb hier Feigen, Kiwi und Palmen nat\u00fcrlich wachsen. Durch die abenteuerlichen Velotounnels am See geht es weiter \u2013 bei der Steigung von bis zu 25 % ist das Wadenbrennen vorgeplant! Das Helmtragen ist explizit empfohlen, denn nicht selten purzeln kleine Steinchen von oben herab.&nbsp;<\/p>\n\n\n\n<p>Der Seez entlang radeln wir im Anschluss gem\u00fctlich durchs Seeztal. In der Wartau begeistert uns eine grosse Schar an verschiedenen Vogelarten \u2013 unter anderem die ber\u00fchmten Watv\u00f6gel. Wir empfehlen einen kurzen Sprung in unser Nachbarland Liechtenstein: Daf\u00fcr muss man einfach mit dem Velo die \u00abSri Chinmoy Friedensbr\u00fccke\u00bb \u00fcberqueren.&nbsp;<\/p>\n\n\n\n<p>Zielort der heutigen Strecke ist Buchs im Kanton St. Gallen.<\/p>\n\n\n\n<h2 class=\"wp-block-heading\">Etappe 10: Buchs (SG) \u2013 Rorschach<\/h2>\n\n\n\n<iframe src=\"https:\/\/www.google.com\/maps\/embed?pb=!1m28!1m12!1m3!1d173094.4865000765!2d9.398996113904696!3d47.3221259771289!2m3!1f0!2f0!3f0!3m2!1i1024!2i768!4f13.1!4m13!3e1!4m5!1s0x479b2e2982056d2f%3A0x8918446aec7663bf!2sBuchs%20SG!3m2!1d47.165540299999996!2d9.4708594!4m5!1s0x479b1ba34811ef03%3A0xb2aec1e64062b195!2sRorschach!3m2!1d47.4788825!2d9.4916808!5e0!3m2!1sde!2sch!4v1688633017682!5m2!1sde!2sch\" width=\"600\" height=\"450\" style=\"border:0;\" allowfullscreen=\"\" loading=\"lazy\" referrerpolicy=\"no-referrer-when-downgrade\"><\/iframe>\n\n\n\n<ul class=\"wp-block-list\">\n<li>74 km&nbsp;<\/li>\n\n\n\n<li>Schwer<\/li>\n<\/ul>\n\n\n\n<p>10 Tage Velofahren mit dem E-Bike durch die Schweiz: Na, sp\u00fcrst Du den Muskelkater schon?<\/p>\n\n\n\n<p>Heute geht es von Buchs aus als Erstes nach Werdenberg \u2013 die kleinste Stadt der Schweiz mit rund 60 Einwohnern. Weiter geht\u2019s durchs malerisch-idyllische Grabser- und Saxerriet, wo wir an h\u00e4rzigen Bauernh\u00f6fen, K\u00fchen, Pferden und Apfelb\u00e4umen vorbeifahren.&nbsp;&nbsp;<\/p>\n\n\n\n<p>In R\u00fcthi sind wir nun mitten im Alpstein-Gebiet, ganz in der N\u00e4he des S\u00e4ntis. Durch Altst\u00e4tten, Au und St. Margarethen gelangen wir wieder ans Ufer des Rheins im wundersch\u00f6nen Rheindelta. Hier ist es nur noch ein Katzensprung bis zum Bodensee \u2013 dem S\u00fcsswasserschloss Europas. Wir folgen mit den E-Bikes dem \u201cErlebnisweg am Alten Thein\u201d nach Altenrhein und Staad und endlich zur Endstation unserer 10-t\u00e4gigen Tour: Rorschach. Hier d\u00fcrfen wir uns nach \u00fcber 510 gefahrenen Kilometern und 6000 H\u00f6henmetern auf dem E-Bike durch die ganze Schweiz stolz auf die Schultern klopfen. Was f\u00fcr ein Abenteuer!<\/p>\n\n\n\n<hr class=\"wp-block-separator has-alpha-channel-opacity\"\/>\n\n\n\n<p><strong>Fazit: <\/strong>Die Seenroute ist die perfekte Velotour mit dem E-Bike durch die Schweiz. Sie bietet ganz viel Abwechslung, eindrucksvolle Naturlandschaften und unvergessliche Erlebnisse. \u00dcbrigens: Das ideale E-Bike f\u00fcr eine solche Langstreckentour ist ein Trekking E-Bike \u2013 mit diesem Allrounder sagst Du k\u00fcnftig jeder Steigung den Kampf an!<\/p>\n\n\n\n<div class=\"wp-block-buttons is-layout-flex wp-block-buttons-is-layout-flex\">\n<div class=\"wp-block-button\"><a class=\"wp-block-button__link wp-element-button\" href=\"https:\/\/www.mybikeplan.ch\/kategorien\/trekking-e-bikes\">Zu unseren Trekking E-Bikes<\/a><\/div>\n<\/div>\n","protected":false},"excerpt":{"rendered":"<p>In 10 Etappen mit dem E-Bike einmal durch die Schweiz: Wenn das nicht nach dem perfekten Plan f\u00fcr die Sommerferien klingt, dann wissen wir auch nicht. Die Seen-Route nimmt Dich mit auf eine Reise quer durch die Schweiz, vorbei an Postkartenlandschaften, t\u00fcrkisblauen Seen und m\u00e4chtige Bergw\u00e4nde. Das ist das perfekte Abenteuer f\u00fcr Dich und Dein [&hellip;]<\/p>\n","protected":false},"author":15,"featured_media":35934,"comment_status":"open","ping_status":"open","sticky":false,"template":"","format":"standard","meta":{"_acf_changed":false,"footnotes":""},"categories":[4441,1,3382],"tags":[],"class_list":["post-35933","post","type-post","status-publish","format-standard","has-post-thumbnail","hentry","category-mybikeplan","category-unkategorisiert","category-velotouren"],"acf":[],"yoast_head":"<!-- This site is optimized with the Yoast SEO plugin v24.5 - https:\/\/yoast.com\/wordpress\/plugins\/seo\/ -->\n<title>Mit dem E-Bike durch die Schweiz<\/title>\n<meta name=\"description\" content=\"Ist das die perfekte Velotour f\u00fcr die Sommerferien? Steig auf und bereise mit Deinem E-Bike die Schweiz!\" \/>\n<meta name=\"robots\" content=\"noindex, follow, max-snippet:-1, max-image-preview:large, max-video-preview:-1\" \/>\n<meta property=\"og:locale\" content=\"de_DE\" \/>\n<meta property=\"og:type\" content=\"article\" \/>\n<meta property=\"og:title\" content=\"Mit dem E-Bike durch die Schweiz\" \/>\n<meta property=\"og:description\" content=\"Ist das die perfekte Velotour f\u00fcr die Sommerferien? Steig auf und bereise mit Deinem E-Bike die Schweiz!\" \/>\n<meta property=\"og:url\" content=\"https:\/\/listings.mybikeplan.ch\/de\/mybikeplan\/mit-dem-e-bike-durch-die-schweiz-das-ist-die-perfekte-velotour-fuer-die-sommerferien\/\" \/>\n<meta property=\"og:site_name\" content=\"MyBikePlan\" \/>\n<meta property=\"article:published_time\" content=\"2023-07-06T08:43:56+00:00\" \/>\n<meta property=\"article:modified_time\" content=\"2023-08-03T13:44:06+00:00\" \/>\n<meta property=\"og:image\" content=\"https:\/\/listings.mybikeplan.ch\/wp-content\/uploads\/2023\/07\/Velotour-E-Bike-Schweiz.jpg\" \/>\n\t<meta property=\"og:image:width\" content=\"1640\" \/>\n\t<meta property=\"og:image:height\" content=\"924\" \/>\n\t<meta property=\"og:image:type\" content=\"image\/jpeg\" \/>\n<meta name=\"author\" content=\"Evelyne Aschwanden\" \/>\n<meta name=\"twitter:card\" content=\"summary_large_image\" \/>\n<meta name=\"twitter:label1\" content=\"Verfasst von\" \/>\n\t<meta name=\"twitter:data1\" content=\"Evelyne Aschwanden\" \/>\n\t<meta name=\"twitter:label2\" content=\"Gesch\u00e4tzte Lesezeit\" \/>\n\t<meta name=\"twitter:data2\" content=\"9\u00a0Minuten\" \/>\n<script type=\"application\/ld+json\" class=\"yoast-schema-graph\">{\"@context\":\"https:\/\/schema.org\",\"@graph\":[{\"@type\":\"WebPage\",\"@id\":\"https:\/\/listings.mybikeplan.ch\/de\/mybikeplan\/mit-dem-e-bike-durch-die-schweiz-das-ist-die-perfekte-velotour-fuer-die-sommerferien\/\",\"url\":\"https:\/\/listings.mybikeplan.ch\/de\/mybikeplan\/mit-dem-e-bike-durch-die-schweiz-das-ist-die-perfekte-velotour-fuer-die-sommerferien\/\",\"name\":\"Mit dem E-Bike durch die Schweiz\",\"isPartOf\":{\"@id\":\"https:\/\/listings.mybikeplan.ch\/de\/#website\"},\"primaryImageOfPage\":{\"@id\":\"https:\/\/listings.mybikeplan.ch\/de\/mybikeplan\/mit-dem-e-bike-durch-die-schweiz-das-ist-die-perfekte-velotour-fuer-die-sommerferien\/#primaryimage\"},\"image\":{\"@id\":\"https:\/\/listings.mybikeplan.ch\/de\/mybikeplan\/mit-dem-e-bike-durch-die-schweiz-das-ist-die-perfekte-velotour-fuer-die-sommerferien\/#primaryimage\"},\"thumbnailUrl\":\"https:\/\/listings.mybikeplan.ch\/wp-content\/uploads\/2023\/07\/Velotour-E-Bike-Schweiz.jpg\",\"datePublished\":\"2023-07-06T08:43:56+00:00\",\"dateModified\":\"2023-08-03T13:44:06+00:00\",\"author\":{\"@id\":\"https:\/\/listings.mybikeplan.ch\/de\/#\/schema\/person\/514a6130749cc58319f751509338dafd\"},\"description\":\"Ist das die perfekte Velotour f\u00fcr die Sommerferien? Steig auf und bereise mit Deinem E-Bike die Schweiz!\",\"breadcrumb\":{\"@id\":\"https:\/\/listings.mybikeplan.ch\/de\/mybikeplan\/mit-dem-e-bike-durch-die-schweiz-das-ist-die-perfekte-velotour-fuer-die-sommerferien\/#breadcrumb\"},\"inLanguage\":\"de\",\"potentialAction\":[{\"@type\":\"ReadAction\",\"target\":[\"https:\/\/listings.mybikeplan.ch\/de\/mybikeplan\/mit-dem-e-bike-durch-die-schweiz-das-ist-die-perfekte-velotour-fuer-die-sommerferien\/\"]}]},{\"@type\":\"ImageObject\",\"inLanguage\":\"de\",\"@id\":\"https:\/\/listings.mybikeplan.ch\/de\/mybikeplan\/mit-dem-e-bike-durch-die-schweiz-das-ist-die-perfekte-velotour-fuer-die-sommerferien\/#primaryimage\",\"url\":\"https:\/\/listings.mybikeplan.ch\/wp-content\/uploads\/2023\/07\/Velotour-E-Bike-Schweiz.jpg\",\"contentUrl\":\"https:\/\/listings.mybikeplan.ch\/wp-content\/uploads\/2023\/07\/Velotour-E-Bike-Schweiz.jpg\",\"width\":1640,\"height\":924,\"caption\":\"Mit dem E-Bike am See\"},{\"@type\":\"BreadcrumbList\",\"@id\":\"https:\/\/listings.mybikeplan.ch\/de\/mybikeplan\/mit-dem-e-bike-durch-die-schweiz-das-ist-die-perfekte-velotour-fuer-die-sommerferien\/#breadcrumb\",\"itemListElement\":[{\"@type\":\"ListItem\",\"position\":1,\"name\":\"Home\",\"item\":\"https:\/\/listings.mybikeplan.ch\/de\/\"},{\"@type\":\"ListItem\",\"position\":2,\"name\":\"Mit dem E-Bike durch die Schweiz: Das ist die perfekte Velotour f\u00fcr die Sommerferien\"}]},{\"@type\":\"WebSite\",\"@id\":\"https:\/\/listings.mybikeplan.ch\/de\/#website\",\"url\":\"https:\/\/listings.mybikeplan.ch\/de\/\",\"name\":\"MyBikePlan\",\"description\":\"\",\"potentialAction\":[{\"@type\":\"SearchAction\",\"target\":{\"@type\":\"EntryPoint\",\"urlTemplate\":\"https:\/\/listings.mybikeplan.ch\/de\/?s={search_term_string}\"},\"query-input\":{\"@type\":\"PropertyValueSpecification\",\"valueRequired\":true,\"valueName\":\"search_term_string\"}}],\"inLanguage\":\"de\"},{\"@type\":\"Person\",\"@id\":\"https:\/\/listings.mybikeplan.ch\/de\/#\/schema\/person\/514a6130749cc58319f751509338dafd\",\"name\":\"Evelyne Aschwanden\",\"image\":{\"@type\":\"ImageObject\",\"inLanguage\":\"de\",\"@id\":\"https:\/\/listings.mybikeplan.ch\/de\/#\/schema\/person\/image\/\",\"url\":\"https:\/\/secure.gravatar.com\/avatar\/73f0cad78e1012b10bb7c10f05a99be7009e6621353849483b51025ae56a6b37?s=96&d=mm&r=g\",\"contentUrl\":\"https:\/\/secure.gravatar.com\/avatar\/73f0cad78e1012b10bb7c10f05a99be7009e6621353849483b51025ae56a6b37?s=96&d=mm&r=g\",\"caption\":\"Evelyne Aschwanden\"},\"url\":\"https:\/\/listings.mybikeplan.ch\/de\/author\/evelyne-mybikeplan\/\"}]}<\/script>\n<!-- \/ Yoast SEO plugin. -->","yoast_head_json":{"title":"Mit dem E-Bike durch die Schweiz","description":"Ist das die perfekte Velotour f\u00fcr die Sommerferien? Steig auf und bereise mit Deinem E-Bike die Schweiz!","robots":{"index":"noindex","follow":"follow","max-snippet":"max-snippet:-1","max-image-preview":"max-image-preview:large","max-video-preview":"max-video-preview:-1"},"og_locale":"de_DE","og_type":"article","og_title":"Mit dem E-Bike durch die Schweiz","og_description":"Ist das die perfekte Velotour f\u00fcr die Sommerferien? Steig auf und bereise mit Deinem E-Bike die Schweiz!","og_url":"https:\/\/listings.mybikeplan.ch\/de\/mybikeplan\/mit-dem-e-bike-durch-die-schweiz-das-ist-die-perfekte-velotour-fuer-die-sommerferien\/","og_site_name":"MyBikePlan","article_published_time":"2023-07-06T08:43:56+00:00","article_modified_time":"2023-08-03T13:44:06+00:00","og_image":[{"width":1640,"height":924,"url":"https:\/\/listings.mybikeplan.ch\/wp-content\/uploads\/2023\/07\/Velotour-E-Bike-Schweiz.jpg","type":"image\/jpeg"}],"author":"Evelyne Aschwanden","twitter_card":"summary_large_image","twitter_misc":{"Verfasst von":"Evelyne Aschwanden","Gesch\u00e4tzte Lesezeit":"9\u00a0Minuten"},"schema":{"@context":"https:\/\/schema.org","@graph":[{"@type":"WebPage","@id":"https:\/\/listings.mybikeplan.ch\/de\/mybikeplan\/mit-dem-e-bike-durch-die-schweiz-das-ist-die-perfekte-velotour-fuer-die-sommerferien\/","url":"https:\/\/listings.mybikeplan.ch\/de\/mybikeplan\/mit-dem-e-bike-durch-die-schweiz-das-ist-die-perfekte-velotour-fuer-die-sommerferien\/","name":"Mit dem E-Bike durch die Schweiz","isPartOf":{"@id":"https:\/\/listings.mybikeplan.ch\/de\/#website"},"primaryImageOfPage":{"@id":"https:\/\/listings.mybikeplan.ch\/de\/mybikeplan\/mit-dem-e-bike-durch-die-schweiz-das-ist-die-perfekte-velotour-fuer-die-sommerferien\/#primaryimage"},"image":{"@id":"https:\/\/listings.mybikeplan.ch\/de\/mybikeplan\/mit-dem-e-bike-durch-die-schweiz-das-ist-die-perfekte-velotour-fuer-die-sommerferien\/#primaryimage"},"thumbnailUrl":"https:\/\/listings.mybikeplan.ch\/wp-content\/uploads\/2023\/07\/Velotour-E-Bike-Schweiz.jpg","datePublished":"2023-07-06T08:43:56+00:00","dateModified":"2023-08-03T13:44:06+00:00","author":{"@id":"https:\/\/listings.mybikeplan.ch\/de\/#\/schema\/person\/514a6130749cc58319f751509338dafd"},"description":"Ist das die perfekte Velotour f\u00fcr die Sommerferien? Steig auf und bereise mit Deinem E-Bike die Schweiz!","breadcrumb":{"@id":"https:\/\/listings.mybikeplan.ch\/de\/mybikeplan\/mit-dem-e-bike-durch-die-schweiz-das-ist-die-perfekte-velotour-fuer-die-sommerferien\/#breadcrumb"},"inLanguage":"de","potentialAction":[{"@type":"ReadAction","target":["https:\/\/listings.mybikeplan.ch\/de\/mybikeplan\/mit-dem-e-bike-durch-die-schweiz-das-ist-die-perfekte-velotour-fuer-die-sommerferien\/"]}]},{"@type":"ImageObject","inLanguage":"de","@id":"https:\/\/listings.mybikeplan.ch\/de\/mybikeplan\/mit-dem-e-bike-durch-die-schweiz-das-ist-die-perfekte-velotour-fuer-die-sommerferien\/#primaryimage","url":"https:\/\/listings.mybikeplan.ch\/wp-content\/uploads\/2023\/07\/Velotour-E-Bike-Schweiz.jpg","contentUrl":"https:\/\/listings.mybikeplan.ch\/wp-content\/uploads\/2023\/07\/Velotour-E-Bike-Schweiz.jpg","width":1640,"height":924,"caption":"Mit dem E-Bike am See"},{"@type":"BreadcrumbList","@id":"https:\/\/listings.mybikeplan.ch\/de\/mybikeplan\/mit-dem-e-bike-durch-die-schweiz-das-ist-die-perfekte-velotour-fuer-die-sommerferien\/#breadcrumb","itemListElement":[{"@type":"ListItem","position":1,"name":"Home","item":"https:\/\/listings.mybikeplan.ch\/de\/"},{"@type":"ListItem","position":2,"name":"Mit dem E-Bike durch die Schweiz: Das ist die perfekte Velotour f\u00fcr die Sommerferien"}]},{"@type":"WebSite","@id":"https:\/\/listings.mybikeplan.ch\/de\/#website","url":"https:\/\/listings.mybikeplan.ch\/de\/","name":"MyBikePlan","description":"","potentialAction":[{"@type":"SearchAction","target":{"@type":"EntryPoint","urlTemplate":"https:\/\/listings.mybikeplan.ch\/de\/?s={search_term_string}"},"query-input":{"@type":"PropertyValueSpecification","valueRequired":true,"valueName":"search_term_string"}}],"inLanguage":"de"},{"@type":"Person","@id":"https:\/\/listings.mybikeplan.ch\/de\/#\/schema\/person\/514a6130749cc58319f751509338dafd","name":"Evelyne Aschwanden","image":{"@type":"ImageObject","inLanguage":"de","@id":"https:\/\/listings.mybikeplan.ch\/de\/#\/schema\/person\/image\/","url":"https:\/\/secure.gravatar.com\/avatar\/73f0cad78e1012b10bb7c10f05a99be7009e6621353849483b51025ae56a6b37?s=96&d=mm&r=g","contentUrl":"https:\/\/secure.gravatar.com\/avatar\/73f0cad78e1012b10bb7c10f05a99be7009e6621353849483b51025ae56a6b37?s=96&d=mm&r=g","caption":"Evelyne Aschwanden"},"url":"https:\/\/listings.mybikeplan.ch\/de\/author\/evelyne-mybikeplan\/"}]}},"locale":"de","_links":{"self":[{"href":"https:\/\/listings.mybikeplan.ch\/de\/wp-json\/wp\/v2\/posts\/35933","targetHints":{"allow":["GET"]}}],"collection":[{"href":"https:\/\/listings.mybikeplan.ch\/de\/wp-json\/wp\/v2\/posts"}],"about":[{"href":"https:\/\/listings.mybikeplan.ch\/de\/wp-json\/wp\/v2\/types\/post"}],"author":[{"embeddable":true,"href":"https:\/\/listings.mybikeplan.ch\/de\/wp-json\/wp\/v2\/users\/15"}],"replies":[{"embeddable":true,"href":"https:\/\/listings.mybikeplan.ch\/de\/wp-json\/wp\/v2\/comments?post=35933"}],"version-history":[{"count":1,"href":"https:\/\/listings.mybikeplan.ch\/de\/wp-json\/wp\/v2\/posts\/35933\/revisions"}],"predecessor-version":[{"id":35937,"href":"https:\/\/listings.mybikeplan.ch\/de\/wp-json\/wp\/v2\/posts\/35933\/revisions\/35937"}],"wp:featuredmedia":[{"embeddable":true,"href":"https:\/\/listings.mybikeplan.ch\/de\/wp-json\/wp\/v2\/media\/35934"}],"wp:attachment":[{"href":"https:\/\/listings.mybikeplan.ch\/de\/wp-json\/wp\/v2\/media?parent=35933"}],"wp:term":[{"taxonomy":"category","embeddable":true,"href":"https:\/\/listings.mybikeplan.ch\/de\/wp-json\/wp\/v2\/categories?post=35933"},{"taxonomy":"post_tag","embeddable":true,"href":"https:\/\/listings.mybikeplan.ch\/de\/wp-json\/wp\/v2\/tags?post=35933"}],"curies":[{"name":"wp","href":"https:\/\/api.w.org\/{rel}","templated":true}]}}