{"id":35460,"date":"2023-06-22T13:38:48","date_gmt":"2023-06-22T13:38:48","guid":{"rendered":"https:\/\/listings.mybikeplan.ch\/?p=35460"},"modified":"2023-08-03T13:45:14","modified_gmt":"2023-08-03T13:45:14","slug":"top-6-schweizer-campingplaetze-fuer-deine-veloferien-mit-dem-e-bike","status":"publish","type":"post","link":"https:\/\/listings.mybikeplan.ch\/de\/mybikeplan\/velotouren\/top-6-schweizer-campingplaetze-fuer-deine-veloferien-mit-dem-e-bike\/","title":{"rendered":"Top 6 Schweizer Campingpl\u00e4tze f\u00fcr Deine Veloferien mit dem E-Bike"},"content":{"rendered":"\n<p>Wer sagt, dass Du Deine Ferien immer auf die altbew\u00e4hrte Art und Weise verbringen musst? Hast Du schon einmal dar\u00fcber nachgedacht, den Urlaub mit Deinem E-Bike zu verbinden und auf einem der wundersch\u00f6nen Campingpl\u00e4tze der Schweiz zu verbringen? In diesem Blogpost f\u00fchren wir Dich durch die Top Campingpl\u00e4tze f\u00fcr Deine E-Bike-Ferien, die einen absolut unvergesslichen Sommer garantieren.<\/p>\n\n\n\n<h2 class=\"wp-block-heading\">1) Bosco della Bella<\/h2>\n\n\n\n<p><a href=\"https:\/\/nomady.ch\/de-CH\/l\/bosco-della-bella\/5f1d685b-c4e9-46c2-b3b7-a858fb29f685\">Buche deinen Campingplatz &#8211; Bosco della Bella | Nomady<\/a><\/p>\n\n\n\n<p>Der Auftakt unserer Liste macht einer der wohl einzigartigsten Campingpl\u00e4tze der Schweiz!<\/p>\n\n\n\n<p>So wie der Name es andeutet, ist der Nomady Minicampingplatz &#8222;Bosco della Bella&#8220; (zu Deutsch: Wald der Sch\u00f6nheit) ein Paradies f\u00fcr Naturliebhaber und Familien. Dieser idyllische Campingplatz bietet Platz f\u00fcr 10 Gruppen und ist von B\u00e4umen umgeben, direkt am Fluss Tresa gelegen, der zwischen Luino (I) am Lago Maggiore und Ponte Tresa am Lago di Lugano fliesst. Es ist ein perfekter Ort, um von hier aus das Tessin und Italien mit dem E-Bike zu erkunden und unvergessliche Abenteuer zu erleben.<\/p>\n\n\n\n<p>Ein Muss f\u00fcr alle Besucher ist der Familienberg Monte Tamaro, der majest\u00e4tisch \u00fcber dem Lago Maggiore thront. Mit der Seilbahn gelangst Du zur Alpe Foppa, dem Startpunkt f\u00fcr zahlreiche Panoramawanderungen. F\u00fcr Abenteuerlustige gibt es eine Rodelbahn, einen Abenteuerspielplatz und eine Tyrolienne (ab 9 Jahren). Ein Hochseilgarten, der sich zwischen gewaltigen Buchen schmiegt, befindet sich bei der Mittelstation und bietet schon f\u00fcr Kinder ab vier Jahren Kletterm\u00f6glichkeiten.<\/p>\n\n\n\n<p>Ein Besuch in Melide ist eine gute Gelegenheit, das Swissminiatur &#8211; ein Miniaturmodell der Schweiz &#8211; zu erkunden. Eine Schifffahrt von Gandria zum Zollmuseum in Cantine di Gandria ist ebenfalls ein wunderbarer Tagesausflug f\u00fcr Familien und bietet einen einzigartigen Einblick in die lokale Geschichte.<\/p>\n\n\n\n<h2 class=\"wp-block-heading\">2) Camping Swiss Plage<\/h2>\n\n\n\n<p><a href=\"https:\/\/www.swissplage.ch\/de\/\">willkommen (swissplage.ch)<\/a><\/p>\n\n\n\n<p>Man k\u00f6nnte sich kaum einen besseren Ort zum Campen vorstellen: Der Campingplatz Swiss Plage befindet sich im Herzen des Wallis, unmittelbar an der Rhone und am Rande des Naturparks Pfyn-Finges. Als ob das nicht schon genug w\u00e4re, grenzt das Areal auch noch an einen privaten kleinen See. Hier kannst Du in einer der sonnenreichsten Regionen der Schweiz campen, umgeben von bl\u00fchender und duftender Natur. Es ist der ideale Ort, um mit Deiner Familie erstklassige Ferien auf einem der sch\u00f6nsten Walliser Campingpl\u00e4tze zu verbringen, mit der Gewissheit, auf eine ausgezeichnete Infrastruktur zur\u00fcckgreifen zu k\u00f6nnen und gleichzeitig die unmittelbare N\u00e4he zur Natur zu geniessen. Und falls Du mal keine Lust auf das traditionelle Familienzelt hast, bietet der Campingplatz Swiss Plage auch die M\u00f6glichkeit, ein POD, ein Chalet oder einen Wohnwagen zu mieten und Deine Campingferien in ein komfortables Glamping-Erlebnis zu verwandeln.<\/p>\n\n\n\n<p>Unser Geheimtipp: Eine Velotour entlang der Rhone lohnt sich immer!<\/p>\n\n\n\n<h2 class=\"wp-block-heading\">3) Camping Bauernhof Manser<\/h2>\n\n\n\n<p><a href=\"https:\/\/www.manserferien.ch\/\"><strong>Manser Ferien \u2013 Ferien auf dem Bauernhof<\/strong><\/a><\/p>\n\n\n\n<p>Du bist mehr der Typ f\u00fcr einzigartige Campingpl\u00e4tze und einmalige Erlebnisse? Hier haben wir etwas Passendes f\u00fcr Dich!<\/p>\n\n\n\n<p>Eingebettet in eine herrliche Kulturlandschaft, umgeben von \u00fcppigen Wiesen und majest\u00e4tischen B\u00e4umen, begr\u00fcsst Dich der Camping Bauernhof Manser mit dem idyllischen Landleben, gef\u00fcllt mit dem Muhen der K\u00fche und dem Gackern der H\u00fchner, umh\u00fcllt vom Duft von frischem Heu und Milch. In diesem Camping-Paradies gibt es jeden Tag ein neues Abenteuer f\u00fcr neugierige kleine G\u00e4ste. Sie d\u00fcrfen bei der F\u00fctterung der Kleintiere dabei sein, beim Melken zusehen oder die Rinder und Pferde auf der Weide besuchen.&nbsp;<\/p>\n\n\n\n<p>Zwischendurch steht ein Ausflug zum tollen Spielplatz an oder eine sch\u00f6ne Velotour mit dem E-Bike zum nahen Bodensee f\u00fcr die ideale Abk\u00fchlung an heissen Tagen.&nbsp;<\/p>\n\n\n\n<p>Die Region ist ein Paradies f\u00fcr Velofahrer*innen und bietet zahlreiche attraktive Routen, bei denen man auch verschiedene Campingpl\u00e4tze passiert \u2013 ideal f\u00fcr mehrt\u00e4gige Touren.<\/p>\n\n\n\n<figure class=\"wp-block-image size-large\"><a href=\"https:\/\/listings.mybikeplan.ch\/wp-content\/uploads\/2023\/06\/2.jpg\"><img loading=\"lazy\" decoding=\"async\" width=\"1024\" height=\"577\" src=\"https:\/\/listings.mybikeplan.ch\/wp-content\/uploads\/2023\/06\/2-1024x577.jpg\" alt=\"E-Bikes auf Campingplatz\" class=\"wp-image-35464\" srcset=\"https:\/\/listings.mybikeplan.ch\/wp-content\/uploads\/2023\/06\/2-1024x577.jpg 1024w, https:\/\/listings.mybikeplan.ch\/wp-content\/uploads\/2023\/06\/2-555x313.jpg 555w, https:\/\/listings.mybikeplan.ch\/wp-content\/uploads\/2023\/06\/2-570x320.jpg 570w, https:\/\/listings.mybikeplan.ch\/wp-content\/uploads\/2023\/06\/2-768x433.jpg 768w, https:\/\/listings.mybikeplan.ch\/wp-content\/uploads\/2023\/06\/2-1536x865.jpg 1536w, https:\/\/listings.mybikeplan.ch\/wp-content\/uploads\/2023\/06\/2-666x375.jpg 666w, https:\/\/listings.mybikeplan.ch\/wp-content\/uploads\/2023\/06\/2.jpg 1640w\" sizes=\"auto, (max-width: 1024px) 100vw, 1024px\" \/><\/a><\/figure>\n\n\n\n<h2 class=\"wp-block-heading\">4) (Alpen-)Campingplatz in Churwalden<\/h2>\n\n\n\n<p><a href=\"https:\/\/pradafenz.ch\/\"><strong>Camping Pradafenz, Churwalden<\/strong><\/a><\/p>\n\n\n\n<p>Stell Dir vor, Du machst Campingferien umgeben von majest\u00e4tischen Berggipfeln, s\u00fcssen Murmeltieren, funkelnden Bergseen und \u00fcppigen Alpwiesen. Genau das erwartet Dich im Camping Pradafenz in Churwalden, mitten im Sport- und Erholungsgebiet Arosa Lenzerheide, eingebettet in die atemberaubende Berglandschaft Graub\u00fcndens. Hier, im Herzen der Alpen, hast Du Sommer wie Winter unz\u00e4hlige M\u00f6glichkeiten, Dich sportlich zu bet\u00e4tigen und die Natur auf einem der urchigsten Campingpl\u00e4tze der Schweiz zu erleben.<\/p>\n\n\n\n<p>Ob f\u00fcr ein Wochenende oder einen l\u00e4ngeren Aufenthalt, der Alpencamping in Churwalden ist der ideale Ausgangspunkt f\u00fcr Deinen n\u00e4chsten Familienurlaub in den Bergen. Dieser famili\u00e4r gef\u00fchrte Campingplatz bietet h\u00f6chsten Campingkomfort und pers\u00f6nlichen Service. Trotz seiner ruhigen Lage ist er zentral gelegen, nur 300 Meter vom Dorfzentrum Churwaldens entfernt. Innerhalb von f\u00fcnf Minuten erreichst Du den Supermarkt, die B\u00e4ckerei sowie verschiedene andere Gesch\u00e4fte und die Bushaltestelle. Die Panoramabahn Heidb\u00fcel, die Dich ins Wandergebiet Lenzerheide und zum beliebten Globi-Wanderweg bringt, liegt praktisch vor der Haust\u00fcr des Campingplatzes. Auch die Talstation der Pradaschier-Bergbahn befindet sich in unmittelbarer N\u00e4he. Der Erlebnisberg Pradaschier bietet neben wunderbaren Wanderwegen auch die l\u00e4ngste Rodelbahn der Welt, einen Seilpark und eine Riesenkugelbahn f\u00fcr Deine Kinder.<\/p>\n\n\n\n<p>\u00dcbrigens: In Lenzerheide gibt es viele tolle Trails zum Mountainbiken und Velofahren \u2013 und ganz viele weitere Campingpl\u00e4tze zum Entdecken!<\/p>\n\n\n\n<h2 class=\"wp-block-heading\">5) TCS Camping Flaach am Rhein<\/h2>\n\n\n\n<p><a href=\"https:\/\/www.tcs.ch\/de\/camping-reisen\/camping-insider\/campingplaetze\/tcs-campingplaetze\/campingplatz-flaach-am-rhein.php\">TCS Camping Flaach am Rhein &#8211; TCS Schweiz<\/a><\/p>\n\n\n\n<p>Was macht diesen Campingplatz in Flaach so beliebt? Ein wesentlicher Faktor ist die wunderbare Lage im Naturschutzgebiet Thurauen. Was gibt es Besseres, als diesen faszinierenden Lebensraum am Rhein zu erkunden? Ein weiterer Pluspunkt sind die ausgefallenen Mietunterk\u00fcnfte auf dem Campingplatz, von Tipis bis hin zu Zirkuswagen, in denen man einen einzigartigen Urlaub verbringen kann.&nbsp;<\/p>\n\n\n\n<p>Von allen Campingpl\u00e4tzen auf dieser Liste findet man hier ohne Zweifel die kreativsten Unterkunftsm\u00f6glichkeiten!<\/p>\n\n\n\n<h2 class=\"wp-block-heading\">6) Camping Seefeld Sarnen<\/h2>\n\n\n\n<p><a href=\"https:\/\/www.seefeldpark.ch\/\">Seefeld Park Sarnen &#8211; Seefeldpark Sarnen &#8211; Seefeldpark Sarnen<\/a><\/p>\n\n\n\n<p>Mitten im Herzen der Zentralschweiz, in Sarnen, findest Du den 5-Sterne-Campingplatz Seefeld. Geniesse die au\u00dfergew\u00f6hnliche Lage zwischen dem t\u00fcrkisblauen Sarnersee und dem Fluss Melchaa, gekr\u00f6nt von einem atemberaubenden Blick auf das Alpenmassiv. Ganz egal, ob Du mit Zelt oder Wohnwagen anreist oder eine der luxuri\u00f6sen Glamping-Unterk\u00fcnfte mietest \u2013 dieses familienfreundliche Urlaubsparadies l\u00e4sst keine W\u00fcnsche f\u00fcr unvergessliche Camping-Ferien offen: Die grossz\u00fcgigen Parzellen sind alle mit Strom- und Wasseranschluss ausgestattet, einige davon direkt am Seeufer. Dazu kommen moderne Dusch- und WC-Einrichtungen und ein Kinderspielplatz mit Planschbecken f\u00fcr die kleinsten G\u00e4ste. Zahlreiche Grillstellen, ein Selbstbedienungsrestaurant mit Terrasse, ein Lebensmittelladen mit Br\u00f6tchenservice und ein Erlebnisbad mit beheizten Becken geh\u00f6ren zu den vielen Attraktionen, die Du hier findest.&nbsp;<\/p>\n\n\n\n<p>Wenn Du von einem der zahlreichen Campingpl\u00e4tze der Zentralschweiz aus mit dem E-Bike Touren unternehmen willst, haben wir in diesem Blogbeitrag ein paar Tipps f\u00fcr Dich: <a href=\"https:\/\/www.mybikeplan.ch\/blog\/die-coolsten-velotouren-fuer-e-bikes-2023-entdecke-die-schoenheit-der-zentralschweiz\">Die coolsten Velotouren in der Zentralschweiz f\u00fcr E-Bikes 2023 (mybikeplan.ch)<\/a><\/p>\n\n\n\n<p><strong>Fazit: <\/strong>Du m\u00f6chtest den Sommer auf Schweizer Campingpl\u00e4tzen verbringen und Dich gleichzeitig mit dem E-Bike sportlich bet\u00e4tigen? Wir finden: Das versprechen unglaublich abwechslungsreiche und unvergessliche Ferien zu werden!&nbsp;<\/p>\n\n\n\n<p>Du suchst noch nach einem passenden E-Bike f\u00fcr den Urlaub? Schau Dich gerne in unserer Auswahl um!<\/p>\n\n\n\n<div class=\"wp-block-buttons is-layout-flex wp-block-buttons-is-layout-flex\">\n<div class=\"wp-block-button\"><a class=\"wp-block-button__link wp-element-button\" href=\"https:\/\/www.mybikeplan.ch\/alle-modelle-e-bike-schweiz\/kategorie\/-\/rahmenvarianten\/-\/batterie-kapazitat\/-\/max-gewicht\/-\/zubehor\/-\/geschwindigkeit\/-\/marke\/-\/motor-marke\/-\/farbe\/-\/koerpergroesse\/-\/preisbereich\/-\/verfugbar\/-\/sortieren\/preis\/gunstigste\">Zu unseren E-Bikes<\/a><\/div>\n<\/div>\n","protected":false},"excerpt":{"rendered":"<p>Wer sagt, dass Du Deine Ferien immer auf die altbew\u00e4hrte Art und Weise verbringen musst? Hast Du schon einmal dar\u00fcber nachgedacht, den Urlaub mit Deinem E-Bike zu verbinden und auf einem der wundersch\u00f6nen Campingpl\u00e4tze der Schweiz zu verbringen? In diesem Blogpost f\u00fchren wir Dich durch die Top Campingpl\u00e4tze f\u00fcr Deine E-Bike-Ferien, die einen absolut unvergesslichen [&hellip;]<\/p>\n","protected":false},"author":15,"featured_media":35461,"comment_status":"open","ping_status":"open","sticky":false,"template":"","format":"standard","meta":{"_acf_changed":false,"footnotes":""},"categories":[4441,1,3382],"tags":[],"class_list":["post-35460","post","type-post","status-publish","format-standard","has-post-thumbnail","hentry","category-mybikeplan","category-unkategorisiert","category-velotouren"],"acf":[],"yoast_head":"<!-- This site is optimized with the Yoast SEO plugin v24.5 - https:\/\/yoast.com\/wordpress\/plugins\/seo\/ -->\n<title>Top 6 Schweizer Campingpl\u00e4tze f\u00fcr Veloferien mit dem E-Bike<\/title>\n<meta name=\"description\" content=\"Du m\u00f6chtest mit dem E-Bike in die Ferien? Dann kommen hier unsere Tipps f\u00fcr die besten Campingpl\u00e4tze in der Schweiz!\" \/>\n<meta name=\"robots\" content=\"noindex, follow, max-snippet:-1, max-image-preview:large, max-video-preview:-1\" \/>\n<meta property=\"og:locale\" content=\"de_DE\" \/>\n<meta property=\"og:type\" content=\"article\" \/>\n<meta property=\"og:title\" content=\"Top 6 Schweizer Campingpl\u00e4tze f\u00fcr Veloferien mit dem E-Bike\" \/>\n<meta property=\"og:description\" content=\"Du m\u00f6chtest mit dem E-Bike in die Ferien? Dann kommen hier unsere Tipps f\u00fcr die besten Campingpl\u00e4tze in der Schweiz!\" \/>\n<meta property=\"og:url\" content=\"https:\/\/listings.mybikeplan.ch\/de\/mybikeplan\/velotouren\/top-6-schweizer-campingplaetze-fuer-deine-veloferien-mit-dem-e-bike\/\" \/>\n<meta property=\"og:site_name\" content=\"MyBikePlan\" \/>\n<meta property=\"article:published_time\" content=\"2023-06-22T13:38:48+00:00\" \/>\n<meta property=\"article:modified_time\" content=\"2023-08-03T13:45:14+00:00\" \/>\n<meta property=\"og:image\" content=\"https:\/\/listings.mybikeplan.ch\/wp-content\/uploads\/2023\/06\/3.jpg\" \/>\n\t<meta property=\"og:image:width\" content=\"1640\" \/>\n\t<meta property=\"og:image:height\" content=\"924\" \/>\n\t<meta property=\"og:image:type\" content=\"image\/jpeg\" \/>\n<meta name=\"author\" content=\"Evelyne Aschwanden\" \/>\n<meta name=\"twitter:card\" content=\"summary_large_image\" \/>\n<meta name=\"twitter:label1\" content=\"Verfasst von\" \/>\n\t<meta name=\"twitter:data1\" content=\"Evelyne Aschwanden\" \/>\n\t<meta name=\"twitter:label2\" content=\"Gesch\u00e4tzte Lesezeit\" \/>\n\t<meta name=\"twitter:data2\" content=\"6\u00a0Minuten\" \/>\n<script type=\"application\/ld+json\" class=\"yoast-schema-graph\">{\"@context\":\"https:\/\/schema.org\",\"@graph\":[{\"@type\":\"WebPage\",\"@id\":\"https:\/\/listings.mybikeplan.ch\/de\/mybikeplan\/velotouren\/top-6-schweizer-campingplaetze-fuer-deine-veloferien-mit-dem-e-bike\/\",\"url\":\"https:\/\/listings.mybikeplan.ch\/de\/mybikeplan\/velotouren\/top-6-schweizer-campingplaetze-fuer-deine-veloferien-mit-dem-e-bike\/\",\"name\":\"Top 6 Schweizer Campingpl\u00e4tze f\u00fcr Veloferien mit dem E-Bike\",\"isPartOf\":{\"@id\":\"https:\/\/listings.mybikeplan.ch\/de\/#website\"},\"primaryImageOfPage\":{\"@id\":\"https:\/\/listings.mybikeplan.ch\/de\/mybikeplan\/velotouren\/top-6-schweizer-campingplaetze-fuer-deine-veloferien-mit-dem-e-bike\/#primaryimage\"},\"image\":{\"@id\":\"https:\/\/listings.mybikeplan.ch\/de\/mybikeplan\/velotouren\/top-6-schweizer-campingplaetze-fuer-deine-veloferien-mit-dem-e-bike\/#primaryimage\"},\"thumbnailUrl\":\"https:\/\/listings.mybikeplan.ch\/wp-content\/uploads\/2023\/06\/3.jpg\",\"datePublished\":\"2023-06-22T13:38:48+00:00\",\"dateModified\":\"2023-08-03T13:45:14+00:00\",\"author\":{\"@id\":\"https:\/\/listings.mybikeplan.ch\/de\/#\/schema\/person\/514a6130749cc58319f751509338dafd\"},\"description\":\"Du m\u00f6chtest mit dem E-Bike in die Ferien? Dann kommen hier unsere Tipps f\u00fcr die besten Campingpl\u00e4tze in der Schweiz!\",\"breadcrumb\":{\"@id\":\"https:\/\/listings.mybikeplan.ch\/de\/mybikeplan\/velotouren\/top-6-schweizer-campingplaetze-fuer-deine-veloferien-mit-dem-e-bike\/#breadcrumb\"},\"inLanguage\":\"de\",\"potentialAction\":[{\"@type\":\"ReadAction\",\"target\":[\"https:\/\/listings.mybikeplan.ch\/de\/mybikeplan\/velotouren\/top-6-schweizer-campingplaetze-fuer-deine-veloferien-mit-dem-e-bike\/\"]}]},{\"@type\":\"ImageObject\",\"inLanguage\":\"de\",\"@id\":\"https:\/\/listings.mybikeplan.ch\/de\/mybikeplan\/velotouren\/top-6-schweizer-campingplaetze-fuer-deine-veloferien-mit-dem-e-bike\/#primaryimage\",\"url\":\"https:\/\/listings.mybikeplan.ch\/wp-content\/uploads\/2023\/06\/3.jpg\",\"contentUrl\":\"https:\/\/listings.mybikeplan.ch\/wp-content\/uploads\/2023\/06\/3.jpg\",\"width\":1640,\"height\":924,\"caption\":\"Mann und Kind mit E-Bike auf Campingplatz\"},{\"@type\":\"BreadcrumbList\",\"@id\":\"https:\/\/listings.mybikeplan.ch\/de\/mybikeplan\/velotouren\/top-6-schweizer-campingplaetze-fuer-deine-veloferien-mit-dem-e-bike\/#breadcrumb\",\"itemListElement\":[{\"@type\":\"ListItem\",\"position\":1,\"name\":\"Home\",\"item\":\"https:\/\/listings.mybikeplan.ch\/de\/\"},{\"@type\":\"ListItem\",\"position\":2,\"name\":\"Top 6 Schweizer Campingpl\u00e4tze f\u00fcr Deine Veloferien mit dem E-Bike\"}]},{\"@type\":\"WebSite\",\"@id\":\"https:\/\/listings.mybikeplan.ch\/de\/#website\",\"url\":\"https:\/\/listings.mybikeplan.ch\/de\/\",\"name\":\"MyBikePlan\",\"description\":\"\",\"potentialAction\":[{\"@type\":\"SearchAction\",\"target\":{\"@type\":\"EntryPoint\",\"urlTemplate\":\"https:\/\/listings.mybikeplan.ch\/de\/?s={search_term_string}\"},\"query-input\":{\"@type\":\"PropertyValueSpecification\",\"valueRequired\":true,\"valueName\":\"search_term_string\"}}],\"inLanguage\":\"de\"},{\"@type\":\"Person\",\"@id\":\"https:\/\/listings.mybikeplan.ch\/de\/#\/schema\/person\/514a6130749cc58319f751509338dafd\",\"name\":\"Evelyne Aschwanden\",\"image\":{\"@type\":\"ImageObject\",\"inLanguage\":\"de\",\"@id\":\"https:\/\/listings.mybikeplan.ch\/de\/#\/schema\/person\/image\/\",\"url\":\"https:\/\/secure.gravatar.com\/avatar\/73f0cad78e1012b10bb7c10f05a99be7009e6621353849483b51025ae56a6b37?s=96&d=mm&r=g\",\"contentUrl\":\"https:\/\/secure.gravatar.com\/avatar\/73f0cad78e1012b10bb7c10f05a99be7009e6621353849483b51025ae56a6b37?s=96&d=mm&r=g\",\"caption\":\"Evelyne Aschwanden\"},\"url\":\"https:\/\/listings.mybikeplan.ch\/de\/author\/evelyne-mybikeplan\/\"}]}<\/script>\n<!-- \/ Yoast SEO plugin. -->","yoast_head_json":{"title":"Top 6 Schweizer Campingpl\u00e4tze f\u00fcr Veloferien mit dem E-Bike","description":"Du m\u00f6chtest mit dem E-Bike in die Ferien? Dann kommen hier unsere Tipps f\u00fcr die besten Campingpl\u00e4tze in der Schweiz!","robots":{"index":"noindex","follow":"follow","max-snippet":"max-snippet:-1","max-image-preview":"max-image-preview:large","max-video-preview":"max-video-preview:-1"},"og_locale":"de_DE","og_type":"article","og_title":"Top 6 Schweizer Campingpl\u00e4tze f\u00fcr Veloferien mit dem E-Bike","og_description":"Du m\u00f6chtest mit dem E-Bike in die Ferien? Dann kommen hier unsere Tipps f\u00fcr die besten Campingpl\u00e4tze in der Schweiz!","og_url":"https:\/\/listings.mybikeplan.ch\/de\/mybikeplan\/velotouren\/top-6-schweizer-campingplaetze-fuer-deine-veloferien-mit-dem-e-bike\/","og_site_name":"MyBikePlan","article_published_time":"2023-06-22T13:38:48+00:00","article_modified_time":"2023-08-03T13:45:14+00:00","og_image":[{"width":1640,"height":924,"url":"https:\/\/listings.mybikeplan.ch\/wp-content\/uploads\/2023\/06\/3.jpg","type":"image\/jpeg"}],"author":"Evelyne Aschwanden","twitter_card":"summary_large_image","twitter_misc":{"Verfasst von":"Evelyne Aschwanden","Gesch\u00e4tzte Lesezeit":"6\u00a0Minuten"},"schema":{"@context":"https:\/\/schema.org","@graph":[{"@type":"WebPage","@id":"https:\/\/listings.mybikeplan.ch\/de\/mybikeplan\/velotouren\/top-6-schweizer-campingplaetze-fuer-deine-veloferien-mit-dem-e-bike\/","url":"https:\/\/listings.mybikeplan.ch\/de\/mybikeplan\/velotouren\/top-6-schweizer-campingplaetze-fuer-deine-veloferien-mit-dem-e-bike\/","name":"Top 6 Schweizer Campingpl\u00e4tze f\u00fcr Veloferien mit dem E-Bike","isPartOf":{"@id":"https:\/\/listings.mybikeplan.ch\/de\/#website"},"primaryImageOfPage":{"@id":"https:\/\/listings.mybikeplan.ch\/de\/mybikeplan\/velotouren\/top-6-schweizer-campingplaetze-fuer-deine-veloferien-mit-dem-e-bike\/#primaryimage"},"image":{"@id":"https:\/\/listings.mybikeplan.ch\/de\/mybikeplan\/velotouren\/top-6-schweizer-campingplaetze-fuer-deine-veloferien-mit-dem-e-bike\/#primaryimage"},"thumbnailUrl":"https:\/\/listings.mybikeplan.ch\/wp-content\/uploads\/2023\/06\/3.jpg","datePublished":"2023-06-22T13:38:48+00:00","dateModified":"2023-08-03T13:45:14+00:00","author":{"@id":"https:\/\/listings.mybikeplan.ch\/de\/#\/schema\/person\/514a6130749cc58319f751509338dafd"},"description":"Du m\u00f6chtest mit dem E-Bike in die Ferien? Dann kommen hier unsere Tipps f\u00fcr die besten Campingpl\u00e4tze in der Schweiz!","breadcrumb":{"@id":"https:\/\/listings.mybikeplan.ch\/de\/mybikeplan\/velotouren\/top-6-schweizer-campingplaetze-fuer-deine-veloferien-mit-dem-e-bike\/#breadcrumb"},"inLanguage":"de","potentialAction":[{"@type":"ReadAction","target":["https:\/\/listings.mybikeplan.ch\/de\/mybikeplan\/velotouren\/top-6-schweizer-campingplaetze-fuer-deine-veloferien-mit-dem-e-bike\/"]}]},{"@type":"ImageObject","inLanguage":"de","@id":"https:\/\/listings.mybikeplan.ch\/de\/mybikeplan\/velotouren\/top-6-schweizer-campingplaetze-fuer-deine-veloferien-mit-dem-e-bike\/#primaryimage","url":"https:\/\/listings.mybikeplan.ch\/wp-content\/uploads\/2023\/06\/3.jpg","contentUrl":"https:\/\/listings.mybikeplan.ch\/wp-content\/uploads\/2023\/06\/3.jpg","width":1640,"height":924,"caption":"Mann und Kind mit E-Bike auf Campingplatz"},{"@type":"BreadcrumbList","@id":"https:\/\/listings.mybikeplan.ch\/de\/mybikeplan\/velotouren\/top-6-schweizer-campingplaetze-fuer-deine-veloferien-mit-dem-e-bike\/#breadcrumb","itemListElement":[{"@type":"ListItem","position":1,"name":"Home","item":"https:\/\/listings.mybikeplan.ch\/de\/"},{"@type":"ListItem","position":2,"name":"Top 6 Schweizer Campingpl\u00e4tze f\u00fcr Deine Veloferien mit dem E-Bike"}]},{"@type":"WebSite","@id":"https:\/\/listings.mybikeplan.ch\/de\/#website","url":"https:\/\/listings.mybikeplan.ch\/de\/","name":"MyBikePlan","description":"","potentialAction":[{"@type":"SearchAction","target":{"@type":"EntryPoint","urlTemplate":"https:\/\/listings.mybikeplan.ch\/de\/?s={search_term_string}"},"query-input":{"@type":"PropertyValueSpecification","valueRequired":true,"valueName":"search_term_string"}}],"inLanguage":"de"},{"@type":"Person","@id":"https:\/\/listings.mybikeplan.ch\/de\/#\/schema\/person\/514a6130749cc58319f751509338dafd","name":"Evelyne Aschwanden","image":{"@type":"ImageObject","inLanguage":"de","@id":"https:\/\/listings.mybikeplan.ch\/de\/#\/schema\/person\/image\/","url":"https:\/\/secure.gravatar.com\/avatar\/73f0cad78e1012b10bb7c10f05a99be7009e6621353849483b51025ae56a6b37?s=96&d=mm&r=g","contentUrl":"https:\/\/secure.gravatar.com\/avatar\/73f0cad78e1012b10bb7c10f05a99be7009e6621353849483b51025ae56a6b37?s=96&d=mm&r=g","caption":"Evelyne Aschwanden"},"url":"https:\/\/listings.mybikeplan.ch\/de\/author\/evelyne-mybikeplan\/"}]}},"locale":"de","_links":{"self":[{"href":"https:\/\/listings.mybikeplan.ch\/de\/wp-json\/wp\/v2\/posts\/35460","targetHints":{"allow":["GET"]}}],"collection":[{"href":"https:\/\/listings.mybikeplan.ch\/de\/wp-json\/wp\/v2\/posts"}],"about":[{"href":"https:\/\/listings.mybikeplan.ch\/de\/wp-json\/wp\/v2\/types\/post"}],"author":[{"embeddable":true,"href":"https:\/\/listings.mybikeplan.ch\/de\/wp-json\/wp\/v2\/users\/15"}],"replies":[{"embeddable":true,"href":"https:\/\/listings.mybikeplan.ch\/de\/wp-json\/wp\/v2\/comments?post=35460"}],"version-history":[{"count":1,"href":"https:\/\/listings.mybikeplan.ch\/de\/wp-json\/wp\/v2\/posts\/35460\/revisions"}],"predecessor-version":[{"id":35467,"href":"https:\/\/listings.mybikeplan.ch\/de\/wp-json\/wp\/v2\/posts\/35460\/revisions\/35467"}],"wp:featuredmedia":[{"embeddable":true,"href":"https:\/\/listings.mybikeplan.ch\/de\/wp-json\/wp\/v2\/media\/35461"}],"wp:attachment":[{"href":"https:\/\/listings.mybikeplan.ch\/de\/wp-json\/wp\/v2\/media?parent=35460"}],"wp:term":[{"taxonomy":"category","embeddable":true,"href":"https:\/\/listings.mybikeplan.ch\/de\/wp-json\/wp\/v2\/categories?post=35460"},{"taxonomy":"post_tag","embeddable":true,"href":"https:\/\/listings.mybikeplan.ch\/de\/wp-json\/wp\/v2\/tags?post=35460"}],"curies":[{"name":"wp","href":"https:\/\/api.w.org\/{rel}","templated":true}]}}