{"id":34619,"date":"2023-06-07T12:24:56","date_gmt":"2023-06-07T12:24:56","guid":{"rendered":"https:\/\/listings.mybikeplan.ch\/?p=34619"},"modified":"2023-08-03T13:46:37","modified_gmt":"2023-08-03T13:46:37","slug":"top-5-velo-events-im-juni-2023","status":"publish","type":"post","link":"https:\/\/listings.mybikeplan.ch\/de\/mybikeplan\/events\/top-5-velo-events-im-juni-2023\/","title":{"rendered":"Top 5 Velo-Events im Juni 2023"},"content":{"rendered":"\n<p>Der Sommer ist endlich da! Es gibt keinen besseren Zeitpunkt, um aufs Velo zu steigen und die frische Luft zu geniessen. Egal, ob du Rennen f\u00e4hrst oder einfach nur eine gem\u00fctliche Tour in wundersch\u00f6ner Umgebung machen m\u00f6chtest, dieser Monat hat f\u00fcr jeden etwas zu bieten. Hier kommen die coolsten Velo-Events im Juni 2023!<\/p>\n\n\n\n<h2 class=\"wp-block-heading\">UCI Mountain Bike World Cup Lenzerheide: 09.-11. Juni 2023<\/h2>\n\n\n\n<figure class=\"wp-block-image size-large\"><a href=\"https:\/\/listings.mybikeplan.ch\/wp-content\/uploads\/2023\/06\/UCI-Mountain-Bike-World-Cup-Lenzerheide.jpg\"><img loading=\"lazy\" decoding=\"async\" width=\"1024\" height=\"577\" src=\"https:\/\/listings.mybikeplan.ch\/wp-content\/uploads\/2023\/06\/UCI-Mountain-Bike-World-Cup-Lenzerheide-1024x577.jpg\" alt=\"\" class=\"wp-image-34623\" srcset=\"https:\/\/listings.mybikeplan.ch\/wp-content\/uploads\/2023\/06\/UCI-Mountain-Bike-World-Cup-Lenzerheide-1024x577.jpg 1024w, https:\/\/listings.mybikeplan.ch\/wp-content\/uploads\/2023\/06\/UCI-Mountain-Bike-World-Cup-Lenzerheide-555x313.jpg 555w, https:\/\/listings.mybikeplan.ch\/wp-content\/uploads\/2023\/06\/UCI-Mountain-Bike-World-Cup-Lenzerheide-570x320.jpg 570w, https:\/\/listings.mybikeplan.ch\/wp-content\/uploads\/2023\/06\/UCI-Mountain-Bike-World-Cup-Lenzerheide-768x433.jpg 768w, https:\/\/listings.mybikeplan.ch\/wp-content\/uploads\/2023\/06\/UCI-Mountain-Bike-World-Cup-Lenzerheide-1536x865.jpg 1536w, https:\/\/listings.mybikeplan.ch\/wp-content\/uploads\/2023\/06\/UCI-Mountain-Bike-World-Cup-Lenzerheide-666x375.jpg 666w, https:\/\/listings.mybikeplan.ch\/wp-content\/uploads\/2023\/06\/UCI-Mountain-Bike-World-Cup-Lenzerheide.jpg 1640w\" sizes=\"auto, (max-width: 1024px) 100vw, 1024px\" \/><\/a><\/figure>\n\n\n\n<p>Zum Auftakt des Juni-Programms gibt es ein wenig Nervenkitzel: Bereits zum 7. Mal wird in Lenzerheide der UCI Mountain Bike World Cup ausgetragen. Vom 09.-11. Juni messen sich hier Profi-Mountainbiker aus der ganzen Welt in den Disziplinen Cross Country Short Track, Cross Country Olympic und Downhill. Wird Bikeprofi Nino Schurter einen weiteren Sieg nach Hause tragen k\u00f6nnen? Wir sind auf jeden Fall gespannt!<\/p>\n\n\n\n<h2 class=\"wp-block-heading\">Tour de Suisse: 11.-18. Juni 2023<\/h2>\n\n\n\n<figure class=\"wp-block-image size-large\"><a href=\"https:\/\/listings.mybikeplan.ch\/wp-content\/uploads\/2023\/06\/Tour-de-Suisse-2023.jpg\"><img loading=\"lazy\" decoding=\"async\" width=\"1024\" height=\"577\" src=\"https:\/\/listings.mybikeplan.ch\/wp-content\/uploads\/2023\/06\/Tour-de-Suisse-2023-1024x577.jpg\" alt=\"\" class=\"wp-image-34626\" srcset=\"https:\/\/listings.mybikeplan.ch\/wp-content\/uploads\/2023\/06\/Tour-de-Suisse-2023-1024x577.jpg 1024w, https:\/\/listings.mybikeplan.ch\/wp-content\/uploads\/2023\/06\/Tour-de-Suisse-2023-555x313.jpg 555w, https:\/\/listings.mybikeplan.ch\/wp-content\/uploads\/2023\/06\/Tour-de-Suisse-2023-570x320.jpg 570w, https:\/\/listings.mybikeplan.ch\/wp-content\/uploads\/2023\/06\/Tour-de-Suisse-2023-768x433.jpg 768w, https:\/\/listings.mybikeplan.ch\/wp-content\/uploads\/2023\/06\/Tour-de-Suisse-2023-1536x865.jpg 1536w, https:\/\/listings.mybikeplan.ch\/wp-content\/uploads\/2023\/06\/Tour-de-Suisse-2023-666x375.jpg 666w, https:\/\/listings.mybikeplan.ch\/wp-content\/uploads\/2023\/06\/Tour-de-Suisse-2023.jpg 1640w\" sizes=\"auto, (max-width: 1024px) 100vw, 1024px\" \/><\/a><\/figure>\n\n\n\n<p>Das gr\u00f6sste Velo-Event der Schweiz geht in die n\u00e4chste Runde: Vom 11. bis 18. Juni 2023 findet die Tour de Suisse statt. Viele internationale Top-Stars schwingen sich f\u00fcr eine Woche in den Sattel und radeln durch die Schweiz \u2013 eins DER spannendsten Velo-Events der Welt! Dabei wird auch den Zuschauenden extrem viel geboten: die Bike-Expo, die Kids-World, diverse Events und ein abwechslungsreiches Unterhaltungsprogramm sorgen daf\u00fcr, dass es garantiert nicht langweilig wird. Am Wochenende kannst Du an den HUBs verweilen und mehr \u00fcber die Tour de Suisse erfahren. Verpass auf keinen Fall die ber\u00fchmte Werbekolonne, welche dem Rennen eine Stunde vorausf\u00e4hrt \u2013 da kannst du n\u00e4mlich coole Gadgets und Give-aways abstauben!<\/p>\n\n\n\n<h2 class=\"wp-block-heading\">LA REINE Frauenradsportfestival: 23.-24. Juni 2023<\/h2>\n\n\n\n<figure class=\"wp-block-image size-large\"><a href=\"https:\/\/listings.mybikeplan.ch\/wp-content\/uploads\/2023\/06\/LA-REINE-Frauenradsportfestival.jpg\"><img loading=\"lazy\" decoding=\"async\" width=\"1024\" height=\"577\" src=\"https:\/\/listings.mybikeplan.ch\/wp-content\/uploads\/2023\/06\/LA-REINE-Frauenradsportfestival-1024x577.jpg\" alt=\"\" class=\"wp-image-34629\" srcset=\"https:\/\/listings.mybikeplan.ch\/wp-content\/uploads\/2023\/06\/LA-REINE-Frauenradsportfestival-1024x577.jpg 1024w, https:\/\/listings.mybikeplan.ch\/wp-content\/uploads\/2023\/06\/LA-REINE-Frauenradsportfestival-555x313.jpg 555w, https:\/\/listings.mybikeplan.ch\/wp-content\/uploads\/2023\/06\/LA-REINE-Frauenradsportfestival-570x320.jpg 570w, https:\/\/listings.mybikeplan.ch\/wp-content\/uploads\/2023\/06\/LA-REINE-Frauenradsportfestival-768x433.jpg 768w, https:\/\/listings.mybikeplan.ch\/wp-content\/uploads\/2023\/06\/LA-REINE-Frauenradsportfestival-1536x865.jpg 1536w, https:\/\/listings.mybikeplan.ch\/wp-content\/uploads\/2023\/06\/LA-REINE-Frauenradsportfestival-666x375.jpg 666w, https:\/\/listings.mybikeplan.ch\/wp-content\/uploads\/2023\/06\/LA-REINE-Frauenradsportfestival.jpg 1640w\" sizes=\"auto, (max-width: 1024px) 100vw, 1024px\" \/><\/a><\/figure>\n\n\n\n<p>Vom 23.-24. Juni 2023 findet das Frauenradsportfestival LA REINE in Gstaad statt. Es richtet sich speziell an Frauen im Radsport. Dieses Jahr werden zwei verschiedene Strecken angeboten, die man individuell w\u00e4hlen kann. Vielleicht ist das genau die Challenge, nach der Du diesen Sommer gesucht hast, um Deine Leistung aufs n\u00e4chste Level zu bringen!<\/p>\n\n\n\n<p>\u00dcbrigens: Kennst du #fastandfemaleSUI schon? Das Ziel dieses F\u00f6rderprogramms von Swiss Cycling ist es, die Pr\u00e4senz von Frauen im Velosport auszubauen sowie Frauen zu motivieren und besser zu vernetzen. Mit einer Mitgliedschaft in einer #fastandfemaleSUI-Gruppe profitierst Du von speziellen Rabatten und Erm\u00e4ssigungen auf die Anmeldung f\u00fcr das LA REINE.<\/p>\n\n\n\n<h2 class=\"wp-block-heading\">SlowUp Jura: 25. Juni 2023<\/h2>\n\n\n\n<figure class=\"wp-block-image size-large\"><a href=\"https:\/\/listings.mybikeplan.ch\/wp-content\/uploads\/2023\/06\/SlowUp-Jura.jpg\"><img loading=\"lazy\" decoding=\"async\" width=\"1024\" height=\"577\" src=\"https:\/\/listings.mybikeplan.ch\/wp-content\/uploads\/2023\/06\/SlowUp-Jura-1024x577.jpg\" alt=\"\" class=\"wp-image-34632\" srcset=\"https:\/\/listings.mybikeplan.ch\/wp-content\/uploads\/2023\/06\/SlowUp-Jura-1024x577.jpg 1024w, https:\/\/listings.mybikeplan.ch\/wp-content\/uploads\/2023\/06\/SlowUp-Jura-555x313.jpg 555w, https:\/\/listings.mybikeplan.ch\/wp-content\/uploads\/2023\/06\/SlowUp-Jura-570x320.jpg 570w, https:\/\/listings.mybikeplan.ch\/wp-content\/uploads\/2023\/06\/SlowUp-Jura-768x433.jpg 768w, https:\/\/listings.mybikeplan.ch\/wp-content\/uploads\/2023\/06\/SlowUp-Jura-1536x865.jpg 1536w, https:\/\/listings.mybikeplan.ch\/wp-content\/uploads\/2023\/06\/SlowUp-Jura-666x375.jpg 666w, https:\/\/listings.mybikeplan.ch\/wp-content\/uploads\/2023\/06\/SlowUp-Jura.jpg 1640w\" sizes=\"auto, (max-width: 1024px) 100vw, 1024px\" \/><\/a><\/figure>\n\n\n\n<p>Am 25. Juni findet das 13. slowUp im Kanton Jura statt. Das Ziel des Events? Gemeinsam Velofahren und es geniessen! Die 36 km lange Strecke f\u00fchrt durch malerische D\u00f6rfer in der Umgebung von Delsberg. In jedem Dorf wartet ein Unterhaltungsprogramm mit Getr\u00e4nken und Verpflegung auf die Velofahrer*innen. Die Strasse wird extra abgesperrt, sodass alle Fahrer*innen in ihrem eigenen Tempo ans Ziel kommen k\u00f6nnen \u2013 ganz ohne Stress. Alle, von Jung bis Alt, sind herzlich eingeladen teilzunehmen!<\/p>\n\n\n\n<h2 class=\"wp-block-heading\">Critical Mass Z\u00fcrich: 30. Juni 2023<\/h2>\n\n\n\n<figure class=\"wp-block-image size-large\"><a href=\"https:\/\/listings.mybikeplan.ch\/wp-content\/uploads\/2023\/06\/Critical-Mass-Zuerich.jpg\"><img loading=\"lazy\" decoding=\"async\" width=\"1024\" height=\"577\" src=\"https:\/\/listings.mybikeplan.ch\/wp-content\/uploads\/2023\/06\/Critical-Mass-Zuerich-1024x577.jpg\" alt=\"\" class=\"wp-image-34635\" srcset=\"https:\/\/listings.mybikeplan.ch\/wp-content\/uploads\/2023\/06\/Critical-Mass-Zuerich-1024x577.jpg 1024w, https:\/\/listings.mybikeplan.ch\/wp-content\/uploads\/2023\/06\/Critical-Mass-Zuerich-555x313.jpg 555w, https:\/\/listings.mybikeplan.ch\/wp-content\/uploads\/2023\/06\/Critical-Mass-Zuerich-570x320.jpg 570w, https:\/\/listings.mybikeplan.ch\/wp-content\/uploads\/2023\/06\/Critical-Mass-Zuerich-768x433.jpg 768w, https:\/\/listings.mybikeplan.ch\/wp-content\/uploads\/2023\/06\/Critical-Mass-Zuerich-1536x865.jpg 1536w, https:\/\/listings.mybikeplan.ch\/wp-content\/uploads\/2023\/06\/Critical-Mass-Zuerich-666x375.jpg 666w, https:\/\/listings.mybikeplan.ch\/wp-content\/uploads\/2023\/06\/Critical-Mass-Zuerich.jpg 1640w\" sizes=\"auto, (max-width: 1024px) 100vw, 1024px\" \/><\/a><\/figure>\n\n\n\n<p>Immer am letzten Freitag des Monats findet die Critical Mass in Z\u00fcrich statt \u2013 ein riesiges Velo-Event, bei der Menschen gemeinsam Velofahren. Das Spannende hierbei ist, dass hinter der Critical Mass kein OK oder ein Organisationsteam steckt. Jede*r ist eingeladen teilzunehmen und gemeinsam ein paar entspannende Stunden im Velosattel zu verbringen.&nbsp;<\/p>\n\n\n\n<p>Treffpunkt ist jeweils um 18:45 Uhr am B\u00fcrkliplatz\/Oerlikerpark.<\/p>\n\n\n\n<hr class=\"wp-block-separator has-alpha-channel-opacity\"\/>\n\n\n\n<p>Du suchst noch nach einem passenden E-Bike f\u00fcr den n\u00e4chsten Velo-Event? Schau Dir gerne unsere Auswahl an!<\/p>\n\n\n\n<div class=\"wp-block-buttons is-layout-flex wp-block-buttons-is-layout-flex\">\n<div class=\"wp-block-button\"><a class=\"wp-block-button__link wp-element-button\" href=\"https:\/\/www.mybikeplan.ch\/alle-modelle-e-bike-schweiz\/kategorie\/-\/rahmenvarianten\/-\/batterie-kapazitat\/-\/max-gewicht\/-\/zubehor\/-\/geschwindigkeit\/-\/marke\/-\/motor-marke\/-\/farbe\/-\/koerpergroesse\/-\/preisbereich\/-\/verfugbar\/-\/sortieren\/preis\/gunstigste\">Zu unseren E-Bikes<\/a><\/div>\n<\/div>\n","protected":false},"excerpt":{"rendered":"<p>Der Sommer ist endlich da! Es gibt keinen besseren Zeitpunkt, um aufs Velo zu steigen und die frische Luft zu geniessen. Egal, ob du Rennen f\u00e4hrst oder einfach nur eine gem\u00fctliche Tour in wundersch\u00f6ner Umgebung machen m\u00f6chtest, dieser Monat hat f\u00fcr jeden etwas zu bieten. Hier kommen die coolsten Velo-Events im Juni 2023! UCI Mountain [&hellip;]<\/p>\n","protected":false},"author":15,"featured_media":34620,"comment_status":"open","ping_status":"open","sticky":false,"template":"","format":"standard","meta":{"_acf_changed":false,"footnotes":""},"categories":[4436,4441,1],"tags":[],"class_list":["post-34619","post","type-post","status-publish","format-standard","has-post-thumbnail","hentry","category-events","category-mybikeplan","category-unkategorisiert"],"acf":[],"yoast_head":"<!-- This site is optimized with the Yoast SEO plugin v24.5 - https:\/\/yoast.com\/wordpress\/plugins\/seo\/ -->\n<title>Top 5 Velo-Events im Juni 2023<\/title>\n<meta name=\"description\" content=\"Hier kommen unsere Tipps f\u00fcr die besten Schweizer Velo-Events im Juni 2023 \u2013 schwing Dich in den Sattel und radel los!\" \/>\n<meta name=\"robots\" content=\"noindex, follow, max-snippet:-1, max-image-preview:large, max-video-preview:-1\" \/>\n<meta property=\"og:locale\" content=\"de_DE\" \/>\n<meta property=\"og:type\" content=\"article\" \/>\n<meta property=\"og:title\" content=\"Top 5 Velo-Events im Juni 2023\" \/>\n<meta property=\"og:description\" content=\"Hier kommen unsere Tipps f\u00fcr die besten Schweizer Velo-Events im Juni 2023 \u2013 schwing Dich in den Sattel und radel los!\" \/>\n<meta property=\"og:url\" content=\"https:\/\/listings.mybikeplan.ch\/de\/mybikeplan\/events\/top-5-velo-events-im-juni-2023\/\" \/>\n<meta property=\"og:site_name\" content=\"MyBikePlan\" \/>\n<meta property=\"article:published_time\" content=\"2023-06-07T12:24:56+00:00\" \/>\n<meta property=\"article:modified_time\" content=\"2023-08-03T13:46:37+00:00\" \/>\n<meta property=\"og:image\" content=\"https:\/\/listings.mybikeplan.ch\/wp-content\/uploads\/2023\/06\/Velo-Events-2023.jpg\" \/>\n\t<meta property=\"og:image:width\" content=\"1640\" \/>\n\t<meta property=\"og:image:height\" content=\"924\" \/>\n\t<meta property=\"og:image:type\" content=\"image\/jpeg\" \/>\n<meta name=\"author\" content=\"Evelyne Aschwanden\" \/>\n<meta name=\"twitter:card\" content=\"summary_large_image\" \/>\n<meta name=\"twitter:label1\" content=\"Verfasst von\" \/>\n\t<meta name=\"twitter:data1\" content=\"Evelyne Aschwanden\" \/>\n\t<meta name=\"twitter:label2\" content=\"Gesch\u00e4tzte Lesezeit\" \/>\n\t<meta name=\"twitter:data2\" content=\"3\u00a0Minuten\" \/>\n<script type=\"application\/ld+json\" class=\"yoast-schema-graph\">{\"@context\":\"https:\/\/schema.org\",\"@graph\":[{\"@type\":\"WebPage\",\"@id\":\"https:\/\/listings.mybikeplan.ch\/de\/mybikeplan\/events\/top-5-velo-events-im-juni-2023\/\",\"url\":\"https:\/\/listings.mybikeplan.ch\/de\/mybikeplan\/events\/top-5-velo-events-im-juni-2023\/\",\"name\":\"Top 5 Velo-Events im Juni 2023\",\"isPartOf\":{\"@id\":\"https:\/\/listings.mybikeplan.ch\/de\/#website\"},\"primaryImageOfPage\":{\"@id\":\"https:\/\/listings.mybikeplan.ch\/de\/mybikeplan\/events\/top-5-velo-events-im-juni-2023\/#primaryimage\"},\"image\":{\"@id\":\"https:\/\/listings.mybikeplan.ch\/de\/mybikeplan\/events\/top-5-velo-events-im-juni-2023\/#primaryimage\"},\"thumbnailUrl\":\"https:\/\/listings.mybikeplan.ch\/wp-content\/uploads\/2023\/06\/Velo-Events-2023.jpg\",\"datePublished\":\"2023-06-07T12:24:56+00:00\",\"dateModified\":\"2023-08-03T13:46:37+00:00\",\"author\":{\"@id\":\"https:\/\/listings.mybikeplan.ch\/de\/#\/schema\/person\/514a6130749cc58319f751509338dafd\"},\"description\":\"Hier kommen unsere Tipps f\u00fcr die besten Schweizer Velo-Events im Juni 2023 \u2013 schwing Dich in den Sattel und radel los!\",\"breadcrumb\":{\"@id\":\"https:\/\/listings.mybikeplan.ch\/de\/mybikeplan\/events\/top-5-velo-events-im-juni-2023\/#breadcrumb\"},\"inLanguage\":\"de\",\"potentialAction\":[{\"@type\":\"ReadAction\",\"target\":[\"https:\/\/listings.mybikeplan.ch\/de\/mybikeplan\/events\/top-5-velo-events-im-juni-2023\/\"]}]},{\"@type\":\"ImageObject\",\"inLanguage\":\"de\",\"@id\":\"https:\/\/listings.mybikeplan.ch\/de\/mybikeplan\/events\/top-5-velo-events-im-juni-2023\/#primaryimage\",\"url\":\"https:\/\/listings.mybikeplan.ch\/wp-content\/uploads\/2023\/06\/Velo-Events-2023.jpg\",\"contentUrl\":\"https:\/\/listings.mybikeplan.ch\/wp-content\/uploads\/2023\/06\/Velo-Events-2023.jpg\",\"width\":1640,\"height\":924},{\"@type\":\"BreadcrumbList\",\"@id\":\"https:\/\/listings.mybikeplan.ch\/de\/mybikeplan\/events\/top-5-velo-events-im-juni-2023\/#breadcrumb\",\"itemListElement\":[{\"@type\":\"ListItem\",\"position\":1,\"name\":\"Home\",\"item\":\"https:\/\/listings.mybikeplan.ch\/de\/\"},{\"@type\":\"ListItem\",\"position\":2,\"name\":\"Top 5 Velo-Events im Juni 2023\"}]},{\"@type\":\"WebSite\",\"@id\":\"https:\/\/listings.mybikeplan.ch\/de\/#website\",\"url\":\"https:\/\/listings.mybikeplan.ch\/de\/\",\"name\":\"MyBikePlan\",\"description\":\"\",\"potentialAction\":[{\"@type\":\"SearchAction\",\"target\":{\"@type\":\"EntryPoint\",\"urlTemplate\":\"https:\/\/listings.mybikeplan.ch\/de\/?s={search_term_string}\"},\"query-input\":{\"@type\":\"PropertyValueSpecification\",\"valueRequired\":true,\"valueName\":\"search_term_string\"}}],\"inLanguage\":\"de\"},{\"@type\":\"Person\",\"@id\":\"https:\/\/listings.mybikeplan.ch\/de\/#\/schema\/person\/514a6130749cc58319f751509338dafd\",\"name\":\"Evelyne Aschwanden\",\"image\":{\"@type\":\"ImageObject\",\"inLanguage\":\"de\",\"@id\":\"https:\/\/listings.mybikeplan.ch\/de\/#\/schema\/person\/image\/\",\"url\":\"https:\/\/secure.gravatar.com\/avatar\/73f0cad78e1012b10bb7c10f05a99be7009e6621353849483b51025ae56a6b37?s=96&d=mm&r=g\",\"contentUrl\":\"https:\/\/secure.gravatar.com\/avatar\/73f0cad78e1012b10bb7c10f05a99be7009e6621353849483b51025ae56a6b37?s=96&d=mm&r=g\",\"caption\":\"Evelyne Aschwanden\"},\"url\":\"https:\/\/listings.mybikeplan.ch\/de\/author\/evelyne-mybikeplan\/\"}]}<\/script>\n<!-- \/ Yoast SEO plugin. -->","yoast_head_json":{"title":"Top 5 Velo-Events im Juni 2023","description":"Hier kommen unsere Tipps f\u00fcr die besten Schweizer Velo-Events im Juni 2023 \u2013 schwing Dich in den Sattel und radel los!","robots":{"index":"noindex","follow":"follow","max-snippet":"max-snippet:-1","max-image-preview":"max-image-preview:large","max-video-preview":"max-video-preview:-1"},"og_locale":"de_DE","og_type":"article","og_title":"Top 5 Velo-Events im Juni 2023","og_description":"Hier kommen unsere Tipps f\u00fcr die besten Schweizer Velo-Events im Juni 2023 \u2013 schwing Dich in den Sattel und radel los!","og_url":"https:\/\/listings.mybikeplan.ch\/de\/mybikeplan\/events\/top-5-velo-events-im-juni-2023\/","og_site_name":"MyBikePlan","article_published_time":"2023-06-07T12:24:56+00:00","article_modified_time":"2023-08-03T13:46:37+00:00","og_image":[{"width":1640,"height":924,"url":"https:\/\/listings.mybikeplan.ch\/wp-content\/uploads\/2023\/06\/Velo-Events-2023.jpg","type":"image\/jpeg"}],"author":"Evelyne Aschwanden","twitter_card":"summary_large_image","twitter_misc":{"Verfasst von":"Evelyne Aschwanden","Gesch\u00e4tzte Lesezeit":"3\u00a0Minuten"},"schema":{"@context":"https:\/\/schema.org","@graph":[{"@type":"WebPage","@id":"https:\/\/listings.mybikeplan.ch\/de\/mybikeplan\/events\/top-5-velo-events-im-juni-2023\/","url":"https:\/\/listings.mybikeplan.ch\/de\/mybikeplan\/events\/top-5-velo-events-im-juni-2023\/","name":"Top 5 Velo-Events im Juni 2023","isPartOf":{"@id":"https:\/\/listings.mybikeplan.ch\/de\/#website"},"primaryImageOfPage":{"@id":"https:\/\/listings.mybikeplan.ch\/de\/mybikeplan\/events\/top-5-velo-events-im-juni-2023\/#primaryimage"},"image":{"@id":"https:\/\/listings.mybikeplan.ch\/de\/mybikeplan\/events\/top-5-velo-events-im-juni-2023\/#primaryimage"},"thumbnailUrl":"https:\/\/listings.mybikeplan.ch\/wp-content\/uploads\/2023\/06\/Velo-Events-2023.jpg","datePublished":"2023-06-07T12:24:56+00:00","dateModified":"2023-08-03T13:46:37+00:00","author":{"@id":"https:\/\/listings.mybikeplan.ch\/de\/#\/schema\/person\/514a6130749cc58319f751509338dafd"},"description":"Hier kommen unsere Tipps f\u00fcr die besten Schweizer Velo-Events im Juni 2023 \u2013 schwing Dich in den Sattel und radel los!","breadcrumb":{"@id":"https:\/\/listings.mybikeplan.ch\/de\/mybikeplan\/events\/top-5-velo-events-im-juni-2023\/#breadcrumb"},"inLanguage":"de","potentialAction":[{"@type":"ReadAction","target":["https:\/\/listings.mybikeplan.ch\/de\/mybikeplan\/events\/top-5-velo-events-im-juni-2023\/"]}]},{"@type":"ImageObject","inLanguage":"de","@id":"https:\/\/listings.mybikeplan.ch\/de\/mybikeplan\/events\/top-5-velo-events-im-juni-2023\/#primaryimage","url":"https:\/\/listings.mybikeplan.ch\/wp-content\/uploads\/2023\/06\/Velo-Events-2023.jpg","contentUrl":"https:\/\/listings.mybikeplan.ch\/wp-content\/uploads\/2023\/06\/Velo-Events-2023.jpg","width":1640,"height":924},{"@type":"BreadcrumbList","@id":"https:\/\/listings.mybikeplan.ch\/de\/mybikeplan\/events\/top-5-velo-events-im-juni-2023\/#breadcrumb","itemListElement":[{"@type":"ListItem","position":1,"name":"Home","item":"https:\/\/listings.mybikeplan.ch\/de\/"},{"@type":"ListItem","position":2,"name":"Top 5 Velo-Events im Juni 2023"}]},{"@type":"WebSite","@id":"https:\/\/listings.mybikeplan.ch\/de\/#website","url":"https:\/\/listings.mybikeplan.ch\/de\/","name":"MyBikePlan","description":"","potentialAction":[{"@type":"SearchAction","target":{"@type":"EntryPoint","urlTemplate":"https:\/\/listings.mybikeplan.ch\/de\/?s={search_term_string}"},"query-input":{"@type":"PropertyValueSpecification","valueRequired":true,"valueName":"search_term_string"}}],"inLanguage":"de"},{"@type":"Person","@id":"https:\/\/listings.mybikeplan.ch\/de\/#\/schema\/person\/514a6130749cc58319f751509338dafd","name":"Evelyne Aschwanden","image":{"@type":"ImageObject","inLanguage":"de","@id":"https:\/\/listings.mybikeplan.ch\/de\/#\/schema\/person\/image\/","url":"https:\/\/secure.gravatar.com\/avatar\/73f0cad78e1012b10bb7c10f05a99be7009e6621353849483b51025ae56a6b37?s=96&d=mm&r=g","contentUrl":"https:\/\/secure.gravatar.com\/avatar\/73f0cad78e1012b10bb7c10f05a99be7009e6621353849483b51025ae56a6b37?s=96&d=mm&r=g","caption":"Evelyne Aschwanden"},"url":"https:\/\/listings.mybikeplan.ch\/de\/author\/evelyne-mybikeplan\/"}]}},"locale":"de","_links":{"self":[{"href":"https:\/\/listings.mybikeplan.ch\/de\/wp-json\/wp\/v2\/posts\/34619","targetHints":{"allow":["GET"]}}],"collection":[{"href":"https:\/\/listings.mybikeplan.ch\/de\/wp-json\/wp\/v2\/posts"}],"about":[{"href":"https:\/\/listings.mybikeplan.ch\/de\/wp-json\/wp\/v2\/types\/post"}],"author":[{"embeddable":true,"href":"https:\/\/listings.mybikeplan.ch\/de\/wp-json\/wp\/v2\/users\/15"}],"replies":[{"embeddable":true,"href":"https:\/\/listings.mybikeplan.ch\/de\/wp-json\/wp\/v2\/comments?post=34619"}],"version-history":[{"count":1,"href":"https:\/\/listings.mybikeplan.ch\/de\/wp-json\/wp\/v2\/posts\/34619\/revisions"}],"predecessor-version":[{"id":34638,"href":"https:\/\/listings.mybikeplan.ch\/de\/wp-json\/wp\/v2\/posts\/34619\/revisions\/34638"}],"wp:featuredmedia":[{"embeddable":true,"href":"https:\/\/listings.mybikeplan.ch\/de\/wp-json\/wp\/v2\/media\/34620"}],"wp:attachment":[{"href":"https:\/\/listings.mybikeplan.ch\/de\/wp-json\/wp\/v2\/media?parent=34619"}],"wp:term":[{"taxonomy":"category","embeddable":true,"href":"https:\/\/listings.mybikeplan.ch\/de\/wp-json\/wp\/v2\/categories?post=34619"},{"taxonomy":"post_tag","embeddable":true,"href":"https:\/\/listings.mybikeplan.ch\/de\/wp-json\/wp\/v2\/tags?post=34619"}],"curies":[{"name":"wp","href":"https:\/\/api.w.org\/{rel}","templated":true}]}}