{"id":30685,"date":"2023-03-21T08:31:32","date_gmt":"2023-03-21T08:31:32","guid":{"rendered":"https:\/\/listings.mybikeplan.ch\/?p=30685"},"modified":"2023-08-03T13:51:20","modified_gmt":"2023-08-03T13:51:20","slug":"die-schoensten-velotouren-in-der-ostschweiz","status":"publish","type":"post","link":"https:\/\/listings.mybikeplan.ch\/de\/mybikeplan\/velotouren\/die-schoensten-velotouren-in-der-ostschweiz\/","title":{"rendered":"Die sch\u00f6nsten Velotouren in der Ostschweiz"},"content":{"rendered":"\n<p>Wie geniesst Du das fr\u00fchlingshafte Wetter am besten? Richtig, auf einer erholsamen Velotour, bei der Du nach dem langen Winter wieder in die G\u00e4nge kommst! Die Ostschweiz hat eine Menge wunderbarer Velotouren durch atemberaubende Landschaften zu bieten. Hier findest Du unsere pers\u00f6nlichen Empfehlungen f\u00fcr Velotouren in der Ostschweiz!<\/p>\n\n\n\n<ul class=\"wp-block-list\">\n<li><a href=\"#bodensee\">Bodensee-Radweg<\/a><\/li>\n\n\n\n<li><a href=\"#ostschweiz\">Ostschweizer Wein-Route<\/a><\/li>\n\n\n\n<li><a href=\"#appenzell\">Appenzeller-Route<\/a><\/li>\n<\/ul>\n\n\n\n<h2 class=\"wp-block-heading\" id=\"bodensee\">Bodensee-Radweg<\/h2>\n\n\n\n<ul class=\"wp-block-list\">\n<li>255 km | 4 Etappen (Asphalt: 241 km \/ Naturstrasse: 14 km)<\/li>\n\n\n\n<li>Aufstieg: 1100 m<\/li>\n\n\n\n<li>Abstieg: 1100 m<\/li>\n<\/ul>\n\n\n\n<p>Diese 4-t\u00e4gige Velotour f\u00fchrt einmal um den Bodensee und eignet sich perfekt f\u00fcr das lange Osterwochenende!<\/p>\n\n\n\n<iframe src=\"https:\/\/www.google.com\/maps\/embed?pb=!1m46!1m12!1m3!1d344523.93469392403!2d9.025279890701853!3d47.575702116800166!2m3!1f0!2f0!3f0!3m2!1i1024!2i768!4f13.1!4m31!3e1!4m5!1s0x479afd68a90ad591%3A0x1f84d64ed67113b9!2sRomanshorn!3m2!1d47.5657078!2d9.3771959!4m5!1s0x479a88ccc484ec83%3A0xe38c43d7fa96b977!2sStein%20am%20Rhein!3m2!1d47.6558193!2d8.8579556!4m5!1s0x479b005e3a13cdd3%3A0x41f6bb7a5df8420!2sFriedrichshafen%2C%20Deutschland!3m2!1d47.656732899999994!2d9.4649538!4m5!1s0x479b0d620e6982ef%3A0xbf6aa7993530ff24!2sBregenz%2C%20%C3%96sterreich!3m2!1d47.50075!2d9.74231!4m5!1s0x479afd68a90ad591%3A0x1f84d64ed67113b9!2sRomanshorn!3m2!1d47.5657078!2d9.3771959!5e0!3m2!1sde!2sch!4v1679308986423!5m2!1sde!2sch\" width=\"600\" height=\"450\" style=\"border:0;\" allowfullscreen=\"\" loading=\"lazy\" referrerpolicy=\"no-referrer-when-downgrade\"><\/iframe>\n\n\n\n<p><strong>Etappe 1: Romanshorn &#8211; Stein am Rhein<\/strong><\/p>\n\n\n\n<p>Unsere Velotour beginnt in Romanshorn am Ufer des Bodensees. Da am ersten Tag kein allzu strenger Abschnitt auf dem Programm steht, haben wir ein wenig Zeit, die Stadt zu erkunden. Wie w\u00e4re es zum Beispiel mit dem Museum am Hafen? Hier erf\u00e4hrst Du mehr \u00fcber die Geschichte Romanshorns. Wer es ein wenig abenteuerlicher mag, f\u00fcr den lohnt sich ein Besuch im Locorama: Hier erlebst Du eine spannende Einf\u00fchrung in die Welt der Eisenbahnen. \u00dcbrigens ist das Locorama auch f\u00fcr Kinder super geeignet!<\/p>\n\n\n\n<p>Wenn Dich ein kleiner Umweg nicht st\u00f6rt, kannst Du auf Deiner Velotour auch einen Abstecher ins Mostmuseum MoM\u00f6 machen: Es ist mit dem Velo ca. eine halbe Stunde von Romanshorn entfernt. Hier tauchst Du ein in die Welt des Mostens und verfolgst den Weg von der Frucht bis zur Flasche.<\/p>\n\n\n\n<p>Jetzt ist es Zeit, in die Pedalen zu treten: Entlang des Ufers des S\u00fcdsees radelt ihr in Richtung Stein am Rhein. Dabei erkundet ihr auf dieser Velotour malerische Fischerd\u00f6rfer, bevor ihr in der mittelalterlichen Altstadt eures Zielorts landet. Folgt dabei einfach den offiziellen Wegweisern mit dem weissen Velo auf rotem Grund (Veloroute 2 \/ Rhein-Route).&nbsp;<\/p>\n\n\n\n<p>F\u00fcr die \u00dcbernachtung in Stein am Rhein empfehlen wir die <a href=\"https:\/\/www.youthhostel.ch\/de\/hostels\/stein-am-rhein\/\">Jugendherberge<\/a>: Sie ist preiswert und liegt direkt beim Strandbad, wo man sich im Sommer abends nach einer anstrengenden Velotour abk\u00fchlen kann.&nbsp;<\/p>\n\n\n\n<p>Tipp: Gerade im Sommer oder an verl\u00e4ngerten Wochenenden (wie z.B. Ostern) sind die Unterk\u00fcnfte am Bodensee sehr beliebt! Wir empfehlen deshalb, f\u00fcr die Velotour fr\u00fchzeitig zu buchen. Wer es ganz komfortabel m\u00f6chte, kann zus\u00e4tzlich noch einen <a href=\"https:\/\/www.bodensee-radweg.com\/gepaecktransport\">Gep\u00e4ckservice<\/a> dazu buchen, der die Koffer von einer Unterkunft zur n\u00e4chsten bringt.<\/p>\n\n\n\n<p><strong>Etappe 2: Stein am Rhein &#8211; Friedrichshafen (D)<\/strong><\/p>\n\n\n\n<p>Gut ausgeruht geht es am n\u00e4chsten Morgen ab Stein am Rhein wieder weiter auf unserer Velotour. Je nach Kondition und Abenteuerlust hast Du zwei M\u00f6glichkeiten, das heutige Ziel zu erreichen: Die entspannte Variante f\u00fchrt von Stein am Rhein zur\u00fcck bis nach Konstanz und von dort mit der F\u00e4hre nach Meersburg. M\u00f6chtest Du Dich ein wenig mehr herausfordern, kannst Du von Stein am Rhein aus \u00fcber Radolfzell dem Untersee entlang folgen. Diese Route ist ca. 1 Stunde l\u00e4nger als die entspannte Velotour und beinhaltet deutlich mehr Steigung.&nbsp;<\/p>\n\n\n\n<iframe src=\"https:\/\/www.google.com\/maps\/embed?pb=!1m28!1m12!1m3!1d171839.78925101546!2d9.002462259495365!3d47.70390145968278!2m3!1f0!2f0!3f0!3m2!1i1024!2i768!4f13.1!4m13!3e1!4m5!1s0x479a88ccc484ec83%3A0xe38c43d7fa96b977!2sStein%20am%20Rhein!3m2!1d47.6558193!2d8.8579556!4m5!1s0x479b005e3a13cdd3%3A0x41f6bb7a5df8420!2sFriedrichshafen%2C%20Deutschland!3m2!1d47.656732899999994!2d9.4649538!5e0!3m2!1sde!2sch!4v1679315798844!5m2!1sde!2sch\" width=\"600\" height=\"450\" style=\"border:0;\" allowfullscreen=\"\" loading=\"lazy\" referrerpolicy=\"no-referrer-when-downgrade\"><\/iframe>\n\n\n\n<p><strong>Wichtig: <\/strong>In Deutschland \u00e4ndert sich die Beschilderung. Statt nach dem weissen Velo auf dem roten Grund solltest Du nun nach dem offiziellen Bodensee-Veloweg-Logo Ausschau halten. Es beinhaltet einen Velofahrer mit einem blauen Hinterrad.<\/p>\n\n\n<div class=\"wp-block-image\">\n<figure class=\"aligncenter size-medium\"><a href=\"https:\/\/listings.mybikeplan.ch\/wp-content\/uploads\/2023\/03\/Bodensee_Radweg_sign.svg_.png\"><img loading=\"lazy\" decoding=\"async\" width=\"360\" height=\"360\" src=\"https:\/\/listings.mybikeplan.ch\/wp-content\/uploads\/2023\/03\/Bodensee_Radweg_sign.svg_-360x360.png\" alt=\"\" class=\"wp-image-30686\" srcset=\"https:\/\/listings.mybikeplan.ch\/wp-content\/uploads\/2023\/03\/Bodensee_Radweg_sign.svg_-360x360.png 360w, https:\/\/listings.mybikeplan.ch\/wp-content\/uploads\/2023\/03\/Bodensee_Radweg_sign.svg_-1024x1024.png 1024w, https:\/\/listings.mybikeplan.ch\/wp-content\/uploads\/2023\/03\/Bodensee_Radweg_sign.svg_-768x768.png 768w, https:\/\/listings.mybikeplan.ch\/wp-content\/uploads\/2023\/03\/Bodensee_Radweg_sign.svg_-666x666.png 666w, https:\/\/listings.mybikeplan.ch\/wp-content\/uploads\/2023\/03\/Bodensee_Radweg_sign.svg_-100x100.png 100w, https:\/\/listings.mybikeplan.ch\/wp-content\/uploads\/2023\/03\/Bodensee_Radweg_sign.svg_.png 1280w\" sizes=\"auto, (max-width: 360px) 100vw, 360px\" \/><\/a><\/figure><\/div>\n\n\n<p>Achte insbesondere auf das Logo, bevor Du die Grenze nach Deutschland \u00fcberschreitest, damit Du nicht versehentlich weiter der Veloroute 2 folgst. Denn diese umf\u00e4hrt Konstanz komplett.<\/p>\n\n\n\n<p>Unterwegs lohnt es sich, der ber\u00fchmten Insel Mainau einen Besuch abzustatten. Tipp: Abends ab 17 Uhr kosten alle Billette nur noch die H\u00e4lfte des Preises \u2013 atemberaubender Sonnenuntergang inbegriffen \ud83d\ude09<\/p>\n\n\n\n<p>F\u00fcr die \u00dcbernachtung nach der Velotour empfehlen wir den <a href=\"https:\/\/www.booking.friedrichshafen.de\/friedrichshafen\/ukv\/house\/Friedrichshafen-Raderach-Hotel-Gasthof-Krone-Hotel-Restaurant-FIT00020070416029845\">Gasthof Krone Hotel &amp; Restaurant<\/a> im Ortsteil Raderach. Ganz besonders hervorzuheben ist hier die herrliche Aussicht \u00fcber den See und die idyllischen H\u00fcgel.<\/p>\n\n\n\n<p><strong>Etappe 3: Friedrichshafen (D) &#8211; Bregenz (\u00d6)<\/strong><\/p>\n\n\n\n<p>Heute \u00fcberschreiten wir unsere zweite Landesgrenze auf dieser Velotour: Von Friedrichshafen f\u00fchrt die Route am dritten Tag weiter dem See entlang nach Bregenz in \u00d6sterreich.&nbsp;<\/p>\n\n\n\n<p>Nach zwei Tagen Velotour kannst Du hier nun ein wenig Auszeit machen. Unser Geheimtipp? Der Pf\u00e4nder, der Hausberg Bregenz\u2019, direkt am Ufer des Sees. In gerade Mal 6 Minuten gelangst Du mit der Bergbahn auf den Gipfel \u2013 und geniesst dort die Aussicht auf \u00fcber 240 Bergspitzen des 3-L\u00e4nder-Dreiecks. Wenn Deine W\u00e4dli noch nicht genug schmerzen, kannst Du die rund 600 H\u00f6henmeter \u00fcbrigens auch zu Fuss besteigen.<\/p>\n\n\n\n<p>Neben einer atemberaubenden Aussicht hat der Pf\u00e4nder auch einen Alpenwildpark zu bieten. Dort kann die Bergwelt spielend besser kennengelernt werden \u2013 ideal auch f\u00fcr Kinder. Der Eintritt ist gratis.<\/p>\n\n\n\n<p>F\u00fcr die \u00dcbernachtung hast Du mehrere M\u00f6glichkeiten: Willst du preiswert, aber komfortabel \u00fcbernachten, empfehlen wir Dir, noch ein wenig weiter bis zur Jugendherberge in Hard zu fahren (ca. 20 Minuten von Bregenz). In Bregenz selbst gibt es mehrere Hotels, die Dir ebenfalls unvergessliche N\u00e4chte auf Deiner Velotour bieten.<\/p>\n\n\n\n<p><strong>Etappe 4: Bregenz (\u00d6) &#8211; Romanshorn<\/strong><\/p>\n\n\n\n<p>Die letzte Etappe unserer Velotour f\u00fchrt uns wieder zur\u00fcck an den Ausgangspunkt. Unterwegs fahren wir durch die malerischen St\u00e4dtchen Rorschach und Arbon. Unsere Empfehlung ist es, sich Zeit zu nehmen, um die Ortschaften zu erkunden. Bei sch\u00f6nem Wetter lohnt sich auch ein Abstecher in eine der Badis am Seeufer, um nach der Velotour auszuspannen.&nbsp;<\/p>\n\n\n\n<p>Gerade die Altstadt von Arbon hat viel zu bieten: Im Saurer-Museum erf\u00e4hrt man mehr \u00fcber die wohl ber\u00fchmteste Familie des Ortes und bei zahlreichen Stadtf\u00fchrungen kann man die Geschichte Arbons hautnah erleben.<\/p>\n\n\n\n<p>Bei einem feinen Znacht in Romanshorn oder einem kleinen Dessert kann man den Tag perfekt ausklingen lassen und gemeinsam auf eine erfolgreiche Velotour anstossen.<\/p>\n\n\n\n<h2 class=\"wp-block-heading\" id=\"ostschweiz\">Ostschweizer Wein-Route<\/h2>\n\n\n\n<ul class=\"wp-block-list\">\n<li>90 km | 2 Etappen (Asphalt: 74 km \/ Naturstrasse: 16 km)<\/li>\n\n\n\n<li>Aufstieg: 1100 m<\/li>\n\n\n\n<li>Abstieg: 820 m<\/li>\n<\/ul>\n\n\n\n<p>Diese malerische Velotour kann sowohl in einem als auch in zwei Tagen absolviert werden. Um die ganzen Eindr\u00fccke zu geniessen, empfehlen wir allerdings, sich zwei Tage Zeit zu nehmen f\u00fcr die Velotour \u2013 z.B. an einem romantischen Wochenende oder im Rahmen eines Familienausfluges mit Kind und Kegel.<\/p>\n\n\n\n<p><strong>Hinweis: <\/strong>Diese Velotour beinhaltet ein paar Steigungen. Wir w\u00fcrden sie deshalb eher fortgeschrittenen Velofahrer*innen empfehlen.<\/p>\n\n\n\n<iframe src=\"https:\/\/www.google.com\/maps\/embed?pb=!1m64!1m12!1m3!1d344685.0133154097!2d8.714687677280903!3d47.55121564060385!2m3!1f0!2f0!3f0!3m2!1i1024!2i768!4f13.1!4m49!3e1!4m5!1s0x47907f5e15b7650d%3A0xdfe3a298703e4be7!2sSchaffhausen!3m2!1d47.695889699999995!2d8.6380489!4m5!1s0x47907f4c7ac3c9d5%3A0x7a5d38fc70918927!2sRheinfall%2C%208212%20Neuhausen%20am%20Rheinfall!3m2!1d47.6780897!2d8.615448599999999!4m5!1s0x479a837acfa5b619%3A0x214b8883d643e445!2sHusemersee%2C%20Ossingen!3m2!1d47.6217064!2d8.7059652!4m5!1s0x479a8e2679c99c1b%3A0x6ddc1fcfc4d405e4!2sKartause%20Ittingen%2C%20Kartause%2C%20Warth-Weiningen!3m2!1d47.583655799999995!2d8.866558699999999!4m5!1s0x479af1be6f739a5d%3A0xc66573127783069!2sOttenberg%2C%20Weinfelden!3m2!1d47.58276!2d9.12685!4m5!1s0x479ae4384404e86f%3A0x97ad2840b3905ba!2sBischofszell!3m2!1d47.492703399999996!2d9.2436496!4m5!1s0x479ae1286120815f%3A0x13732b4377db214d!2sGossau!3m2!1d47.415560799999994!2d9.248852!4m5!1s0x479b1e297633d855%3A0x9a2250081ffe6114!2sSt.%20Gallen!3m2!1d47.424481799999995!2d9.3767173!5e0!3m2!1sde!2sch!4v1679323075836!5m2!1sde!2sch\" width=\"600\" height=\"450\" style=\"border:0;\" allowfullscreen=\"\" loading=\"lazy\" referrerpolicy=\"no-referrer-when-downgrade\"><\/iframe>\n\n\n\n<p><strong>Etappe 1: Schaffhausen &#8211; Weinfelden<\/strong><\/p>\n\n\n\n<p>Unsere Velotour beginnt in der Stadt Schaffhausen. Wer sich nicht sofort aufs Rad schwingen kann, hat hier die M\u00f6glichkeit, die Altstadt zu erkunden oder einen Abstecher zum ber\u00fchmten Rheinfall zu unternehmen (ca. 10 Minuten mit dem Zug) und von dort aus mit der Velotour zu beginnen.&nbsp;<\/p>\n\n\n\n<p>Durch idyllische H\u00fcgellandschaften und malerische Riegelh\u00e4user des Z\u00fcrcher Weinlands lassen wir die Stadt schon bald hinter uns. Auf unserer Velotour folgen wir stets den Beschilderungen der Veloroute 26 (gelbe Rebe auf hellblauem Grund). Den ersten Halt machen wir am Ufer des kleinen Husemersees.<\/p>\n\n\n\n<p>Der See liegt mitten in einem Naturschutzgebiet im Wald und eignet sich perfekt f\u00fcr einen Mittagsrast auf der Velotour. Die Feuerstelle am Westufer l\u00e4dt zu einem Picknick oder einem kurzen Rast ein. \u00d6stlich des Husemersees findet man noch zahlreiche weitere, namenlose kleine Seen.<\/p>\n\n\n\n<p>Wer will, kann den See auch umrunden. Ca. eine Dreiviertelstunde solltet ihr daf\u00fcr einrechnen. Auch Baden ist m\u00f6glich, allerdings nur beim Steg bei der Feuerstelle. \u00dcberall sonst darf nicht gebadet werden \u2013 und f\u00fcr Hunde ist der Sprung ins Nass ganz verboten.<\/p>\n\n\n\n<p>Weiter geht\u2019s nach der Pause hinab in die breite Talebene der Thur. Hier wird auch klar, woher der Name der \u201cWein-Route\u201d kommt: Die Velotour f\u00fchrt an den besonnten Flanken vorbei, an welchen der Thurgauer-Wein angebaut wird.&nbsp;<\/p>\n\n\n\n<p>Einen weiteren Halt empfehlen wir am <a href=\"https:\/\/www.kartause.ch\/de?c=1\">Kart\u00e4userkloster Kartause<\/a> Ittingen, das mit seiner 850-j\u00e4hrigen Geschichte zu einem der wichtigsten Kulturdenkm\u00e4ler der Region geh\u00f6rt. Nicht nur kannst Du hier auf Deiner Velotour in den Genuss von Kaffee und Kuchen kommen \u2013 wenn Du m\u00f6chtest, kannst Du sogar im alten Klostergeb\u00e4ude oder in einer Bubblesuite \u00fcbernachten.&nbsp;<\/p>\n\n\n\n<p>Den ersten Tag unserer Velotour beenden wir im St\u00e4dtchen Weinfelden. Hier erwarten Dich zahlreiche Unterk\u00fcnfte, um Dich von einem anstrengenden Tag zu erholen \u2013 z.B. das <a href=\"https:\/\/www.weinfelden.ch\/leben\/tourismus\/unterkuenfte.html\/324\">Bed &amp; Breakfast Rosenstrasse<\/a>, das Platz f\u00fcr bis zu 4 Personen bietet.<\/p>\n\n\n\n<p><strong>Etappe 2: Weinfelden &#8211; St. Gallen<\/strong><\/p>\n\n\n\n<p>Der n\u00e4chste Morgen unserer Velotour beginnt mit einer ersten Etappe durch die gr\u00fcnen Thur-Auen bis nach Bischofszell, auch bekannt als die \u201cRosenstadt des Thurgaus\u201d. Hier kann man die wunderbar barocke Architektur bewundern: vom Bogenturm \u00fcber alte krumme Thurbr\u00fccke bis hin zum Bischofszeller Schloss oder dem Ratshaus. Die Rosenstadt hat ihren Namen erhalten von den eindr\u00fccklichen Roseng\u00e4rten, die in der ganzen Stadt gefunden werden k\u00f6nnen. An Ostern werden zudem zahlreiche traditionelle Brunnen in der Stadt bunt geschm\u00fcckt, um den kommenden Sommer willkommen zu heissen.<\/p>\n\n\n\n<p>Nur einen Katzensprung entfernt auf unserer Velotour ist das \u00d6rtchen Hauptwil, das sich perfekt f\u00fcr einen Mittagsrast eignet \u2013 z.B. am Ufer des idyllischen Weiers. Denk unbedingt daran, der <a href=\"https:\/\/www.papiermaschine.ch\/\">historischen Papiermaschine<\/a> einen Besuch abzustatten und Dein eigenes Papier herzustellen!<\/p>\n\n\n\n<p>An der Sitter entlang folgen wir dem Weg weiter in Richtung Gossau. Wenn Du mit Kindern unterwegs bist, lohnt sich ein Abstecher zum <a href=\"https:\/\/www.walterzoo.ch\/\">Walter Zoo<\/a>.&nbsp;<\/p>\n\n\n\n<p>Unsere Velotour kommt zu einem Ende in der Stadt St. Gallen. Von hier aus hast Du tolle Verbindungen mit dem Zug in alle Ecken der Schweiz.<\/p>\n\n\n\n<h2 class=\"wp-block-heading\" id=\"appenzell\">Appenzeller-Route<\/h2>\n\n\n\n<ul class=\"wp-block-list\">\n<li>69 km | 2 Etappen (Asphalt: 68 km \/ Naturstrasse: 1 km)<\/li>\n\n\n\n<li>Aufstieg: 1650 m<\/li>\n\n\n\n<li>Abstieg: 1650 m<\/li>\n<\/ul>\n\n\n\n<p>Die anspruchsvollste der Velotouren, die wir hier vorstellen, ist die Appenzeller-Route: Die satte Steigung von 1650 H\u00f6henmetern geht ganz sch\u00f6n in die Waden \u2013 aber sie lohnt sich! Wer sich davon nicht abschrecken l\u00e4sst, wird belohnt mit einer der idyllischsten Velotouren der Schweiz!<\/p>\n\n\n\n<iframe src=\"https:\/\/www.google.com\/maps\/embed?pb=!1m64!1m12!1m3!1d86433.32665611301!2d9.374845910518152!3d47.39162397015845!2m3!1f0!2f0!3f0!3m2!1i1024!2i768!4f13.1!4m49!3e1!4m5!1s0x479b1e297633d855%3A0x9a2250081ffe6114!2sSt.%20Gallen!3m2!1d47.424481799999995!2d9.3767173!4m5!1s0x479b201c83e15955%3A0x5fef9daf6513b24d!2sStein%20AR%2C%20Appenzell%20Ausserrhoden!3m2!1d47.374457299999996!2d9.3448602!4m5!1s0x479b217e0be4d6ad%3A0x13d3f2e5d3da6aef!2sAppenzell!3m2!1d47.334931999999995!2d9.406594!4m5!1s0x479b18811e6d4519%3A0x1e88e1cde3d4b70b!2sGais!3m2!1d47.3621531!2d9.4524457!4m5!1s0x479b1838f950651f%3A0xf6dadc5ce2552291!2sLandmark%2C%20Oberegg!3m2!1d47.395754!2d9.5104812!4m5!1s0x479b19d44a3106cd%3A0x82001f82610e05f7!2sSt.%20Anton%2C%20Oberegg!3m2!1d47.41!2d9.533999999999999!4m5!1s0x479b1a02a58bd9db%3A0x5c44c6c53f14fa8b!2sHeiden!3m2!1d47.4440576!2d9.5319772!4m5!1s0x479b1e297633d855%3A0x9a2250081ffe6114!2sSt.%20Gallen!3m2!1d47.424481799999995!2d9.3767173!5e0!3m2!1sde!2sch!4v1679322900279!5m2!1sde!2sch\" width=\"600\" height=\"450\" style=\"border:0;\" allowfullscreen=\"\" loading=\"lazy\" referrerpolicy=\"no-referrer-when-downgrade\"><\/iframe>\n\n\n\n<p><strong>Etappe 1: St. Gallen &#8211; Gais<\/strong><\/p>\n\n\n\n<p>Der erste Tag unserer Velotour startet eher ruhig und gelassen. Die Route ist beschriftet mit der grossen 42 auf hellblauem Grund und einer kleinen Appenzeller-Flagge links davon.<\/p>\n\n\n\n<p>Von St. Gallen aus geht es \u00fcber den Eisensteg hinein ins Appenzellerland. Schwindelerregend \u00fcberquert man in 100 Metern H\u00f6he die Sitter und geniesst dabei den einzigartigen Ausblick auf das wilde Tobel. Den ersten Halt auf unserer Velotour machen wir im Dorf Stein AR. Hier erwartet uns das erste traditionelle Appenzeller-Erlebnis: <a href=\"https:\/\/www.schaukaeserei.ch\/de\/\">In der Schauk\u00e4serei<\/a> kannst Du live miterleben, wie aus Milch feiner Appenzeller K\u00e4se wird.<\/p>\n\n\n\n<p>\u00dcbrigens: In der Schauk\u00e4serei kannst Du auch einen Mittags-Halt auf Deiner Velotour einlegen! Das feine Restaurant serviert nicht nur K\u00e4se, sondern viele weitere traditionelle Appenzeller Spezialit\u00e4ten. Unser Geheimtipp: Jeden Sonntagmorgen erwartet Dich hier ein umfangreiches Fr\u00fchst\u00fccksbuffet.<\/p>\n\n\n\n<p>Nach der Mittagspause geht es hinunter zur Sitter. \u00dcber eine alte Holzbr\u00fccke landet man auf Innerrhoder Boden. Durch die idyllische gr\u00fcne H\u00fcgellandschaft erreichen wir das Dorf Appenzell, Hauptort von Appenzell Innerrhoden \u2013 der ideale Stop f\u00fcr ein kleines Dessert und einen Besuch der historischen Altstadt auf der Velotour.<\/p>\n\n\n\n<p>Ab jetzt wird es steiler: Die H\u00fcgelflanke hinauf zum Lehn bringt die ganze Ladung wildromantische Landidylle mit sich. Es geht vorbei an Kuhherden, Kapellen und Bauernh\u00f6fen. Mit dem eindrucksvollen Panorama des Alpsteins als Kulisse f\u00fchlt man sich auf dieser Velotour, als w\u00e4re man direkt in einem kitschigen Liebesfilm gelandet. \u00dcber die Hauptstrasse erreichen wir den heutigen Zielort: Gais. Zahlreiche Ferienwohnungen und Unterk\u00fcnfte erwarten Dich hier. Wir pers\u00f6nlich empfehlen eine \u00dcbernachtung <a href=\"https:\/\/www.hirschen-gais.ch\/\">im Hirschen<\/a> f\u00fcr eine Prise appenzellischer Charme.<\/p>\n\n\n\n<p><strong>Etappe 2: Gais &#8211; St. Gallen<\/strong><\/p>\n\n\n\n<p>Gut ausgeschlafen und frisch gest\u00e4rkt f\u00fchrt uns unsere Velotour nach dem Fr\u00fchst\u00fcck hinaus aus Gais weiter hinein in die H\u00fcgel. Ein Blick \u00fcber die Schultern zur\u00fcck l\u00e4sst uns ein letztes Mal das eindrucksvolle Panorama des Alpsteins geniessen. Ab jetzt wird der Weg schmaler und schmaler, bis wir uns nur noch auf einem kleinen Feldweg wiederfinden. Wir tauchen ein in ein kleines W\u00e4ldchen. Danach geht es eine steile Wiese hinab \u2013 hier empfehlen wir Dir, abzusteigen und diese Passage der Velotour zu Fuss zur\u00fcckzulegen.<\/p>\n\n\n\n<p>F\u00fcr den Mittagshalt hast Du mehrere M\u00f6glichkeiten: Entweder Du f\u00e4hrst direkt bis nach Landmark und von dort aus nach St. Anton, wo Dich unterwegs zahlreiche Restaurants und Gasth\u00f6fe erwarten. Oder Du nimmst einen kleinen Umweg zwischen Gais und Landmark und besuchst <a href=\"https:\/\/www.schweizersee.ch\/gaebrisseeli\/\">das G\u00e4brisseeli<\/a>. Hier findest Du eine Feuerstelle und einen Rastplatz zum Verweilen.&nbsp;<\/p>\n\n\n\n<p>Von Landmark aus l\u00e4sst man den Blick zum Alpstein endg\u00fcltig hinter sich. Stattdessen liegt nun das Rheintal wie ein Teppich vor einem. F\u00fcr eine weitere Pause empfehlen wir, in St. Anton einen Rast einzulegen \u2013 allein schon wegen der spektakul\u00e4ren Aussicht. Hier gibt es zahlreiche Beizen, die Dich auf Deiner Velotour gut verpflegen.&nbsp;<\/p>\n\n\n\n<p>Der Weg f\u00fchrt rauf und runter der Rheinflanke entlang, bis schliesslich der Bodensee in der Ferne sichtbar wird. Bei guter Sicht kann man von hier aus bis nach Deutschland sehen.<\/p>\n\n\n\n<p>\u00dcber den Kurort Heiden geht es schliesslich zur\u00fcck nach St. Gallen, wo diese anspruchsvolle, aber lohnenswerte Velotour ihr Ende nimmt.<\/p>\n\n\n\n<hr class=\"wp-block-separator has-alpha-channel-opacity\"\/>\n\n\n\n<p>\u00dcbrigens: F\u00fcr l\u00e4ngere Velotouren sind Trekking E-Bikes super geeignet.<\/p>\n\n\n\n<div class=\"wp-block-buttons is-layout-flex wp-block-buttons-is-layout-flex\">\n<div class=\"wp-block-button\"><a class=\"wp-block-button__link wp-element-button\" href=\"https:\/\/www.mybikeplan.ch\/kategorien\/trekking-e-bikes\" target=\"_blank\" rel=\"noreferrer noopener\">Zu unseren Trekking E-Bikes<\/a><\/div>\n<\/div>\n","protected":false},"excerpt":{"rendered":"<p>Wie geniesst Du das fr\u00fchlingshafte Wetter am besten? Richtig, auf einer erholsamen Velotour, bei der Du nach dem langen Winter wieder in die G\u00e4nge kommst! Die Ostschweiz hat eine Menge wunderbarer Velotouren durch atemberaubende Landschaften zu bieten. Hier findest Du unsere pers\u00f6nlichen Empfehlungen f\u00fcr Velotouren in der Ostschweiz! Bodensee-Radweg Diese 4-t\u00e4gige Velotour f\u00fchrt einmal um [&hellip;]<\/p>\n","protected":false},"author":15,"featured_media":30690,"comment_status":"open","ping_status":"open","sticky":false,"template":"","format":"standard","meta":{"_acf_changed":false,"footnotes":""},"categories":[4441,1,3382],"tags":[],"class_list":["post-30685","post","type-post","status-publish","format-standard","has-post-thumbnail","hentry","category-mybikeplan","category-unkategorisiert","category-velotouren"],"acf":[],"yoast_head":"<!-- This site is optimized with the Yoast SEO plugin v24.5 - https:\/\/yoast.com\/wordpress\/plugins\/seo\/ -->\n<title>Die sch\u00f6nsten Velotouren in der Ostschweiz<\/title>\n<meta name=\"description\" content=\"Der Fr\u00fchling ist da \u2013 jetzt wird es Zeit, wieder etwas frische Luft zu schnappen: Das sind die sch\u00f6nsten Velotouren in der Ostschweiz.\" \/>\n<meta name=\"robots\" content=\"noindex, follow, max-snippet:-1, max-image-preview:large, max-video-preview:-1\" \/>\n<meta property=\"og:locale\" content=\"de_DE\" \/>\n<meta property=\"og:type\" content=\"article\" \/>\n<meta property=\"og:title\" content=\"Die sch\u00f6nsten Velotouren in der Ostschweiz\" \/>\n<meta property=\"og:description\" content=\"Der Fr\u00fchling ist da \u2013 jetzt wird es Zeit, wieder etwas frische Luft zu schnappen: Das sind die sch\u00f6nsten Velotouren in der Ostschweiz.\" \/>\n<meta property=\"og:url\" content=\"https:\/\/listings.mybikeplan.ch\/de\/mybikeplan\/velotouren\/die-schoensten-velotouren-in-der-ostschweiz\/\" \/>\n<meta property=\"og:site_name\" content=\"MyBikePlan\" \/>\n<meta property=\"article:published_time\" content=\"2023-03-21T08:31:32+00:00\" \/>\n<meta property=\"article:modified_time\" content=\"2023-08-03T13:51:20+00:00\" \/>\n<meta property=\"og:image\" content=\"https:\/\/listings.mybikeplan.ch\/wp-content\/uploads\/2023\/03\/1-1.jpg\" \/>\n\t<meta property=\"og:image:width\" content=\"2240\" \/>\n\t<meta property=\"og:image:height\" content=\"1260\" \/>\n\t<meta property=\"og:image:type\" content=\"image\/jpeg\" \/>\n<meta name=\"author\" content=\"Evelyne Aschwanden\" \/>\n<meta name=\"twitter:card\" content=\"summary_large_image\" \/>\n<meta name=\"twitter:label1\" content=\"Verfasst von\" \/>\n\t<meta name=\"twitter:data1\" content=\"Evelyne Aschwanden\" \/>\n\t<meta name=\"twitter:label2\" content=\"Gesch\u00e4tzte Lesezeit\" \/>\n\t<meta name=\"twitter:data2\" content=\"10\u00a0Minuten\" \/>\n<script type=\"application\/ld+json\" class=\"yoast-schema-graph\">{\"@context\":\"https:\/\/schema.org\",\"@graph\":[{\"@type\":\"WebPage\",\"@id\":\"https:\/\/listings.mybikeplan.ch\/de\/mybikeplan\/velotouren\/die-schoensten-velotouren-in-der-ostschweiz\/\",\"url\":\"https:\/\/listings.mybikeplan.ch\/de\/mybikeplan\/velotouren\/die-schoensten-velotouren-in-der-ostschweiz\/\",\"name\":\"Die sch\u00f6nsten Velotouren in der Ostschweiz\",\"isPartOf\":{\"@id\":\"https:\/\/listings.mybikeplan.ch\/de\/#website\"},\"primaryImageOfPage\":{\"@id\":\"https:\/\/listings.mybikeplan.ch\/de\/mybikeplan\/velotouren\/die-schoensten-velotouren-in-der-ostschweiz\/#primaryimage\"},\"image\":{\"@id\":\"https:\/\/listings.mybikeplan.ch\/de\/mybikeplan\/velotouren\/die-schoensten-velotouren-in-der-ostschweiz\/#primaryimage\"},\"thumbnailUrl\":\"https:\/\/listings.mybikeplan.ch\/wp-content\/uploads\/2023\/03\/1-1.jpg\",\"datePublished\":\"2023-03-21T08:31:32+00:00\",\"dateModified\":\"2023-08-03T13:51:20+00:00\",\"author\":{\"@id\":\"https:\/\/listings.mybikeplan.ch\/de\/#\/schema\/person\/514a6130749cc58319f751509338dafd\"},\"description\":\"Der Fr\u00fchling ist da \u2013 jetzt wird es Zeit, wieder etwas frische Luft zu schnappen: Das sind die sch\u00f6nsten Velotouren in der Ostschweiz.\",\"breadcrumb\":{\"@id\":\"https:\/\/listings.mybikeplan.ch\/de\/mybikeplan\/velotouren\/die-schoensten-velotouren-in-der-ostschweiz\/#breadcrumb\"},\"inLanguage\":\"de\",\"potentialAction\":[{\"@type\":\"ReadAction\",\"target\":[\"https:\/\/listings.mybikeplan.ch\/de\/mybikeplan\/velotouren\/die-schoensten-velotouren-in-der-ostschweiz\/\"]}]},{\"@type\":\"ImageObject\",\"inLanguage\":\"de\",\"@id\":\"https:\/\/listings.mybikeplan.ch\/de\/mybikeplan\/velotouren\/die-schoensten-velotouren-in-der-ostschweiz\/#primaryimage\",\"url\":\"https:\/\/listings.mybikeplan.ch\/wp-content\/uploads\/2023\/03\/1-1.jpg\",\"contentUrl\":\"https:\/\/listings.mybikeplan.ch\/wp-content\/uploads\/2023\/03\/1-1.jpg\",\"width\":2240,\"height\":1260,\"caption\":\"Velotouren\"},{\"@type\":\"BreadcrumbList\",\"@id\":\"https:\/\/listings.mybikeplan.ch\/de\/mybikeplan\/velotouren\/die-schoensten-velotouren-in-der-ostschweiz\/#breadcrumb\",\"itemListElement\":[{\"@type\":\"ListItem\",\"position\":1,\"name\":\"Home\",\"item\":\"https:\/\/listings.mybikeplan.ch\/de\/\"},{\"@type\":\"ListItem\",\"position\":2,\"name\":\"Die sch\u00f6nsten Velotouren in der Ostschweiz\"}]},{\"@type\":\"WebSite\",\"@id\":\"https:\/\/listings.mybikeplan.ch\/de\/#website\",\"url\":\"https:\/\/listings.mybikeplan.ch\/de\/\",\"name\":\"MyBikePlan\",\"description\":\"\",\"potentialAction\":[{\"@type\":\"SearchAction\",\"target\":{\"@type\":\"EntryPoint\",\"urlTemplate\":\"https:\/\/listings.mybikeplan.ch\/de\/?s={search_term_string}\"},\"query-input\":{\"@type\":\"PropertyValueSpecification\",\"valueRequired\":true,\"valueName\":\"search_term_string\"}}],\"inLanguage\":\"de\"},{\"@type\":\"Person\",\"@id\":\"https:\/\/listings.mybikeplan.ch\/de\/#\/schema\/person\/514a6130749cc58319f751509338dafd\",\"name\":\"Evelyne Aschwanden\",\"image\":{\"@type\":\"ImageObject\",\"inLanguage\":\"de\",\"@id\":\"https:\/\/listings.mybikeplan.ch\/de\/#\/schema\/person\/image\/\",\"url\":\"https:\/\/secure.gravatar.com\/avatar\/73f0cad78e1012b10bb7c10f05a99be7009e6621353849483b51025ae56a6b37?s=96&d=mm&r=g\",\"contentUrl\":\"https:\/\/secure.gravatar.com\/avatar\/73f0cad78e1012b10bb7c10f05a99be7009e6621353849483b51025ae56a6b37?s=96&d=mm&r=g\",\"caption\":\"Evelyne Aschwanden\"},\"url\":\"https:\/\/listings.mybikeplan.ch\/de\/author\/evelyne-mybikeplan\/\"}]}<\/script>\n<!-- \/ Yoast SEO plugin. -->","yoast_head_json":{"title":"Die sch\u00f6nsten Velotouren in der Ostschweiz","description":"Der Fr\u00fchling ist da \u2013 jetzt wird es Zeit, wieder etwas frische Luft zu schnappen: Das sind die sch\u00f6nsten Velotouren in der Ostschweiz.","robots":{"index":"noindex","follow":"follow","max-snippet":"max-snippet:-1","max-image-preview":"max-image-preview:large","max-video-preview":"max-video-preview:-1"},"og_locale":"de_DE","og_type":"article","og_title":"Die sch\u00f6nsten Velotouren in der Ostschweiz","og_description":"Der Fr\u00fchling ist da \u2013 jetzt wird es Zeit, wieder etwas frische Luft zu schnappen: Das sind die sch\u00f6nsten Velotouren in der Ostschweiz.","og_url":"https:\/\/listings.mybikeplan.ch\/de\/mybikeplan\/velotouren\/die-schoensten-velotouren-in-der-ostschweiz\/","og_site_name":"MyBikePlan","article_published_time":"2023-03-21T08:31:32+00:00","article_modified_time":"2023-08-03T13:51:20+00:00","og_image":[{"width":2240,"height":1260,"url":"https:\/\/listings.mybikeplan.ch\/wp-content\/uploads\/2023\/03\/1-1.jpg","type":"image\/jpeg"}],"author":"Evelyne Aschwanden","twitter_card":"summary_large_image","twitter_misc":{"Verfasst von":"Evelyne Aschwanden","Gesch\u00e4tzte Lesezeit":"10\u00a0Minuten"},"schema":{"@context":"https:\/\/schema.org","@graph":[{"@type":"WebPage","@id":"https:\/\/listings.mybikeplan.ch\/de\/mybikeplan\/velotouren\/die-schoensten-velotouren-in-der-ostschweiz\/","url":"https:\/\/listings.mybikeplan.ch\/de\/mybikeplan\/velotouren\/die-schoensten-velotouren-in-der-ostschweiz\/","name":"Die sch\u00f6nsten Velotouren in der Ostschweiz","isPartOf":{"@id":"https:\/\/listings.mybikeplan.ch\/de\/#website"},"primaryImageOfPage":{"@id":"https:\/\/listings.mybikeplan.ch\/de\/mybikeplan\/velotouren\/die-schoensten-velotouren-in-der-ostschweiz\/#primaryimage"},"image":{"@id":"https:\/\/listings.mybikeplan.ch\/de\/mybikeplan\/velotouren\/die-schoensten-velotouren-in-der-ostschweiz\/#primaryimage"},"thumbnailUrl":"https:\/\/listings.mybikeplan.ch\/wp-content\/uploads\/2023\/03\/1-1.jpg","datePublished":"2023-03-21T08:31:32+00:00","dateModified":"2023-08-03T13:51:20+00:00","author":{"@id":"https:\/\/listings.mybikeplan.ch\/de\/#\/schema\/person\/514a6130749cc58319f751509338dafd"},"description":"Der Fr\u00fchling ist da \u2013 jetzt wird es Zeit, wieder etwas frische Luft zu schnappen: Das sind die sch\u00f6nsten Velotouren in der Ostschweiz.","breadcrumb":{"@id":"https:\/\/listings.mybikeplan.ch\/de\/mybikeplan\/velotouren\/die-schoensten-velotouren-in-der-ostschweiz\/#breadcrumb"},"inLanguage":"de","potentialAction":[{"@type":"ReadAction","target":["https:\/\/listings.mybikeplan.ch\/de\/mybikeplan\/velotouren\/die-schoensten-velotouren-in-der-ostschweiz\/"]}]},{"@type":"ImageObject","inLanguage":"de","@id":"https:\/\/listings.mybikeplan.ch\/de\/mybikeplan\/velotouren\/die-schoensten-velotouren-in-der-ostschweiz\/#primaryimage","url":"https:\/\/listings.mybikeplan.ch\/wp-content\/uploads\/2023\/03\/1-1.jpg","contentUrl":"https:\/\/listings.mybikeplan.ch\/wp-content\/uploads\/2023\/03\/1-1.jpg","width":2240,"height":1260,"caption":"Velotouren"},{"@type":"BreadcrumbList","@id":"https:\/\/listings.mybikeplan.ch\/de\/mybikeplan\/velotouren\/die-schoensten-velotouren-in-der-ostschweiz\/#breadcrumb","itemListElement":[{"@type":"ListItem","position":1,"name":"Home","item":"https:\/\/listings.mybikeplan.ch\/de\/"},{"@type":"ListItem","position":2,"name":"Die sch\u00f6nsten Velotouren in der Ostschweiz"}]},{"@type":"WebSite","@id":"https:\/\/listings.mybikeplan.ch\/de\/#website","url":"https:\/\/listings.mybikeplan.ch\/de\/","name":"MyBikePlan","description":"","potentialAction":[{"@type":"SearchAction","target":{"@type":"EntryPoint","urlTemplate":"https:\/\/listings.mybikeplan.ch\/de\/?s={search_term_string}"},"query-input":{"@type":"PropertyValueSpecification","valueRequired":true,"valueName":"search_term_string"}}],"inLanguage":"de"},{"@type":"Person","@id":"https:\/\/listings.mybikeplan.ch\/de\/#\/schema\/person\/514a6130749cc58319f751509338dafd","name":"Evelyne Aschwanden","image":{"@type":"ImageObject","inLanguage":"de","@id":"https:\/\/listings.mybikeplan.ch\/de\/#\/schema\/person\/image\/","url":"https:\/\/secure.gravatar.com\/avatar\/73f0cad78e1012b10bb7c10f05a99be7009e6621353849483b51025ae56a6b37?s=96&d=mm&r=g","contentUrl":"https:\/\/secure.gravatar.com\/avatar\/73f0cad78e1012b10bb7c10f05a99be7009e6621353849483b51025ae56a6b37?s=96&d=mm&r=g","caption":"Evelyne Aschwanden"},"url":"https:\/\/listings.mybikeplan.ch\/de\/author\/evelyne-mybikeplan\/"}]}},"locale":"de","_links":{"self":[{"href":"https:\/\/listings.mybikeplan.ch\/de\/wp-json\/wp\/v2\/posts\/30685","targetHints":{"allow":["GET"]}}],"collection":[{"href":"https:\/\/listings.mybikeplan.ch\/de\/wp-json\/wp\/v2\/posts"}],"about":[{"href":"https:\/\/listings.mybikeplan.ch\/de\/wp-json\/wp\/v2\/types\/post"}],"author":[{"embeddable":true,"href":"https:\/\/listings.mybikeplan.ch\/de\/wp-json\/wp\/v2\/users\/15"}],"replies":[{"embeddable":true,"href":"https:\/\/listings.mybikeplan.ch\/de\/wp-json\/wp\/v2\/comments?post=30685"}],"version-history":[{"count":3,"href":"https:\/\/listings.mybikeplan.ch\/de\/wp-json\/wp\/v2\/posts\/30685\/revisions"}],"predecessor-version":[{"id":32813,"href":"https:\/\/listings.mybikeplan.ch\/de\/wp-json\/wp\/v2\/posts\/30685\/revisions\/32813"}],"wp:featuredmedia":[{"embeddable":true,"href":"https:\/\/listings.mybikeplan.ch\/de\/wp-json\/wp\/v2\/media\/30690"}],"wp:attachment":[{"href":"https:\/\/listings.mybikeplan.ch\/de\/wp-json\/wp\/v2\/media?parent=30685"}],"wp:term":[{"taxonomy":"category","embeddable":true,"href":"https:\/\/listings.mybikeplan.ch\/de\/wp-json\/wp\/v2\/categories?post=30685"},{"taxonomy":"post_tag","embeddable":true,"href":"https:\/\/listings.mybikeplan.ch\/de\/wp-json\/wp\/v2\/tags?post=30685"}],"curies":[{"name":"wp","href":"https:\/\/api.w.org\/{rel}","templated":true}]}}