{"id":29707,"date":"2023-03-02T09:00:00","date_gmt":"2023-03-02T09:00:00","guid":{"rendered":"https:\/\/listings.mybikeplan.ch\/?p=29707"},"modified":"2023-08-03T13:52:07","modified_gmt":"2023-08-03T13:52:07","slug":"das-sind-die-verruecktesten-e-bike-modelle","status":"publish","type":"post","link":"https:\/\/listings.mybikeplan.ch\/de\/mybikeplan\/e-bike-wissen\/das-sind-die-verruecktesten-e-bike-modelle\/","title":{"rendered":"Das sind die verr\u00fccktesten E-Bike Modelle"},"content":{"rendered":"\n<p>Der E-Bike-Markt ist riesig \u2013 und fast genauso gross ist die Auswahl und Vielfalt der verschiedenen E-Bike Modelle. Neben dem klassischen E-Bike gibt es dabei auch ein paar Modelle, die aus der Menge herausstechen \u2013 und uns mit der Frage zur\u00fccklassen, was um alles in der Welt die Entwickler*innen sich bei der Entwicklung wohl gedacht haben.&nbsp;<\/p>\n\n\n\n<p>Hier kommen die verr\u00fccktesten E-Bike Modelle!<\/p>\n\n\n\n<h2 class=\"wp-block-heading\">Ist es ein Vogel? Ist ein Flugzeug? Nein, es ist ein Zeltbike!<\/h2>\n\n\n\n<figure class=\"wp-block-image size-large\"><a href=\"https:\/\/listings.mybikeplan.ch\/wp-content\/uploads\/2023\/02\/2-9.jpg\"><img loading=\"lazy\" decoding=\"async\" width=\"1024\" height=\"576\" src=\"https:\/\/listings.mybikeplan.ch\/wp-content\/uploads\/2023\/02\/2-9-1024x576.jpg\" alt=\"SpaceCamperBike\" class=\"wp-image-29711\" srcset=\"https:\/\/listings.mybikeplan.ch\/wp-content\/uploads\/2023\/02\/2-9-1024x576.jpg 1024w, https:\/\/listings.mybikeplan.ch\/wp-content\/uploads\/2023\/02\/2-9-555x312.jpg 555w, https:\/\/listings.mybikeplan.ch\/wp-content\/uploads\/2023\/02\/2-9-570x320.jpg 570w, https:\/\/listings.mybikeplan.ch\/wp-content\/uploads\/2023\/02\/2-9-768x432.jpg 768w, https:\/\/listings.mybikeplan.ch\/wp-content\/uploads\/2023\/02\/2-9-1536x864.jpg 1536w, https:\/\/listings.mybikeplan.ch\/wp-content\/uploads\/2023\/02\/2-9-2048x1152.jpg 2048w, https:\/\/listings.mybikeplan.ch\/wp-content\/uploads\/2023\/02\/2-9-666x375.jpg 666w\" sizes=\"auto, (max-width: 1024px) 100vw, 1024px\" \/><\/a><\/figure>\n\n\n\n<p>Der Auftakt unserer Liste der verr\u00fccktesten E-Bike Modelle macht das <a href=\"https:\/\/www.spacecamper.de\/modelle.bike.html\" target=\"_blank\" rel=\"noreferrer noopener\">SpaceCamperBike<\/a>: Dieses E-Bike hat das ambitionierte Ziel, Zelt und Velo in einem zu sein. Entwickelt wurde es vom deutschen Wohnmobilhersteller SpaceCamper, der sich mit diesem Angebot vor allem an digitale Nomaden und Velofahrer*innen richtet. Das E-Bike kann ganz einfach zu einem Zelt umgewandelt werden und besitzt eine Liegefl\u00e4che, die man als Bett nutzen kann. Sogar einen integrierten Schreibtisch kann das SpaceCamperBike vorweisen \u2013 und ist damit zweifellos eins der innovativsten E-Bike Modelle!<\/p>\n\n\n\n<h2 class=\"wp-block-heading\">So kann man Transportprobleme einfach beheben<\/h2>\n\n\n\n<figure class=\"wp-block-image size-large\"><a href=\"https:\/\/listings.mybikeplan.ch\/wp-content\/uploads\/2023\/02\/3-8.jpg\"><img loading=\"lazy\" decoding=\"async\" width=\"1024\" height=\"576\" src=\"https:\/\/listings.mybikeplan.ch\/wp-content\/uploads\/2023\/02\/3-8-1024x576.jpg\" alt=\"Rytle MovR3\" class=\"wp-image-29714\" srcset=\"https:\/\/listings.mybikeplan.ch\/wp-content\/uploads\/2023\/02\/3-8-1024x576.jpg 1024w, https:\/\/listings.mybikeplan.ch\/wp-content\/uploads\/2023\/02\/3-8-555x312.jpg 555w, https:\/\/listings.mybikeplan.ch\/wp-content\/uploads\/2023\/02\/3-8-570x320.jpg 570w, https:\/\/listings.mybikeplan.ch\/wp-content\/uploads\/2023\/02\/3-8-768x432.jpg 768w, https:\/\/listings.mybikeplan.ch\/wp-content\/uploads\/2023\/02\/3-8-1536x864.jpg 1536w, https:\/\/listings.mybikeplan.ch\/wp-content\/uploads\/2023\/02\/3-8-2048x1152.jpg 2048w, https:\/\/listings.mybikeplan.ch\/wp-content\/uploads\/2023\/02\/3-8-666x375.jpg 666w\" sizes=\"auto, (max-width: 1024px) 100vw, 1024px\" \/><\/a><\/figure>\n\n\n\n<p>Wenn man sich die aktuellen E-Bike Modelle im Lastenvelo-Bereich anschaut, sticht das <a href=\"https:\/\/rytle.de\/\" target=\"_blank\" rel=\"noreferrer noopener\">Rytle MovR3<\/a> definitiv ins Auge. Das dreir\u00e4drige Modell besitzt eine eigene Fahrerkabine, ausreichend Platz f\u00fcr grosse Transportboxen bis zu 1,8 Kubikmeter und sogar eine eigene Hebeb\u00fchne! \u00dcber 350 kg an Material k\u00f6nnt ihr mit diesem Cargo E-Bike transportieren. Das Rytle MovR3 ist im Vergleich zu anderen E-Bike Modelle zwar nicht unbedingt f\u00fcr den Alltag in der Stadt geeignet, aber in grossen Logistikzentren k\u00f6nnen wir es uns definitiv in der Zukunft vorstellen!<\/p>\n\n\n\n<h2 class=\"wp-block-heading\">Hier wird niemand \u00fcber den Tisch gezogen: Das E-Bike, das gleichzeitig als M\u00f6belst\u00fcck dient<\/h2>\n\n\n\n<p>Setzen wir in Zukunft auf E-Bike Modelle, die sich in M\u00f6belst\u00fccke umwandeln lassen? Wir glauben nicht, dass sich die Idee l\u00e4ngerfristig durchsetzen wird \u2013 aber beeindruckend ist das Outlaw Bike trotzdem. Der brasilianische Designer Denis Cardoso hat es im Rahmen einer Werbekampagne entworfen, um auf die hohen Mehrwertsteuern aufmerksam zu machen, die auf Velos erhoben werden. Die Idee dahinter? Das OutlawBike, das zu einem Stuhl und einem Tisch umgewandelt werden kann, soll als M\u00f6belst\u00fcck besteuert werden \u2013 und damit kosteng\u00fcnstig erschwinglich sein.<\/p>\n\n\n\n<iframe loading=\"lazy\" width=\"560\" height=\"315\" src=\"https:\/\/www.youtube.com\/embed\/Q1KEdaBc1Jg\" title=\"YouTube video player\" frameborder=\"0\" allow=\"accelerometer; autoplay; clipboard-write; encrypted-media; gyroscope; picture-in-picture; web-share\" allowfullscreen=\"\"><\/iframe>\n\n\n\n<h2 class=\"wp-block-heading\">To Infinity and Back<\/h2>\n\n\n\n<figure class=\"wp-block-image size-large\"><a href=\"https:\/\/listings.mybikeplan.ch\/wp-content\/uploads\/2023\/02\/6.jpg\"><img loading=\"lazy\" decoding=\"async\" width=\"2240\" height=\"1260\" src=\"https:\/\/listings.mybikeplan.ch\/wp-content\/uploads\/2023\/02\/6-1024x576.jpg\" alt=\"infinity bike\" class=\"wp-image-29717\" srcset=\"https:\/\/listings.mybikeplan.ch\/wp-content\/uploads\/2023\/02\/6-1024x576.jpg 1024w, https:\/\/listings.mybikeplan.ch\/wp-content\/uploads\/2023\/02\/6-555x312.jpg 555w, https:\/\/listings.mybikeplan.ch\/wp-content\/uploads\/2023\/02\/6-570x320.jpg 570w, https:\/\/listings.mybikeplan.ch\/wp-content\/uploads\/2023\/02\/6-768x432.jpg 768w, https:\/\/listings.mybikeplan.ch\/wp-content\/uploads\/2023\/02\/6-1536x864.jpg 1536w, https:\/\/listings.mybikeplan.ch\/wp-content\/uploads\/2023\/02\/6-2048x1152.jpg 2048w, https:\/\/listings.mybikeplan.ch\/wp-content\/uploads\/2023\/02\/6-666x375.jpg 666w\" sizes=\"auto, (max-width: 2240px) 100vw, 2240px\" \/><\/a><\/figure>\n\n\n\n<p>Das Infinity Bike ist eins dieser E-Bike Modelle, welche das Velofahren v\u00f6llig neu erfinden. Es besitzt weder Speichen noch runde R\u00e4der! Stattdessen setzt das deutsche Ingenieursteam hinter dem Projekt auf die Form eines liegenden Acht f\u00fcr ihr Velo und ein einzigartiges Allradsystem mit einer speziellen Kette. Eins der E-Bike Modelle, die man definitiv im Auge behalten sollte!<\/p>\n\n\n\n<h2 class=\"wp-block-heading\">Das JackRabbit weiss, wie der Hase l\u00e4uft<\/h2>\n\n\n\n<figure class=\"wp-block-image size-large\"><a href=\"https:\/\/listings.mybikeplan.ch\/wp-content\/uploads\/2023\/02\/4-5.jpg\"><img loading=\"lazy\" decoding=\"async\" width=\"1024\" height=\"576\" src=\"https:\/\/listings.mybikeplan.ch\/wp-content\/uploads\/2023\/02\/4-5-1024x576.jpg\" alt=\"jackrabbit e-bike\" class=\"wp-image-29720\" srcset=\"https:\/\/listings.mybikeplan.ch\/wp-content\/uploads\/2023\/02\/4-5-1024x576.jpg 1024w, https:\/\/listings.mybikeplan.ch\/wp-content\/uploads\/2023\/02\/4-5-555x312.jpg 555w, https:\/\/listings.mybikeplan.ch\/wp-content\/uploads\/2023\/02\/4-5-570x320.jpg 570w, https:\/\/listings.mybikeplan.ch\/wp-content\/uploads\/2023\/02\/4-5-768x432.jpg 768w, https:\/\/listings.mybikeplan.ch\/wp-content\/uploads\/2023\/02\/4-5-1536x864.jpg 1536w, https:\/\/listings.mybikeplan.ch\/wp-content\/uploads\/2023\/02\/4-5-2048x1152.jpg 2048w, https:\/\/listings.mybikeplan.ch\/wp-content\/uploads\/2023\/02\/4-5-666x375.jpg 666w\" sizes=\"auto, (max-width: 1024px) 100vw, 1024px\" \/><\/a><\/figure>\n\n\n\n<p>Bei der Auswahl der verr\u00fccktesten E-Bike Modelle darf nat\u00fcrlich ein Micro-E-Bike nicht fehlen. Das <a href=\"https:\/\/jackrabbit.bike\/\" target=\"_blank\" rel=\"noreferrer noopener\">JackRabbit<\/a> besitzt keine Pedale, wiegt gerade mal zehn Kilogramm und passt ohne Probleme in jeden Kofferraum, Zug oder Bus.&nbsp;<\/p>\n\n\n\n<h2 class=\"wp-block-heading\">BeTriton: Mi casa es \u2026 mein E-Bike?<\/h2>\n\n\n\n<figure class=\"wp-block-image size-large\"><a href=\"https:\/\/listings.mybikeplan.ch\/wp-content\/uploads\/2023\/02\/8.jpg\"><img loading=\"lazy\" decoding=\"async\" width=\"1024\" height=\"576\" src=\"https:\/\/listings.mybikeplan.ch\/wp-content\/uploads\/2023\/02\/8-1024x576.jpg\" alt=\"BeTriton\" class=\"wp-image-29723\" srcset=\"https:\/\/listings.mybikeplan.ch\/wp-content\/uploads\/2023\/02\/8-1024x576.jpg 1024w, https:\/\/listings.mybikeplan.ch\/wp-content\/uploads\/2023\/02\/8-555x312.jpg 555w, https:\/\/listings.mybikeplan.ch\/wp-content\/uploads\/2023\/02\/8-570x320.jpg 570w, https:\/\/listings.mybikeplan.ch\/wp-content\/uploads\/2023\/02\/8-768x432.jpg 768w, https:\/\/listings.mybikeplan.ch\/wp-content\/uploads\/2023\/02\/8-1536x864.jpg 1536w, https:\/\/listings.mybikeplan.ch\/wp-content\/uploads\/2023\/02\/8-2048x1152.jpg 2048w, https:\/\/listings.mybikeplan.ch\/wp-content\/uploads\/2023\/02\/8-666x375.jpg 666w\" sizes=\"auto, (max-width: 1024px) 100vw, 1024px\" \/><\/a><\/figure>\n\n\n\n<p>Das <a href=\"https:\/\/betriton.com\/\" target=\"_blank\" rel=\"noreferrer noopener\">BeTriton<\/a> ist mit Abstand eins der ambitioniertesten Projekte auf unserer Liste der verr\u00fccktesten E-Bike Modelle: Es soll Wohnmobil, Boot und Velo in einem sein. Noch ist es in der Entwicklung, aber wir f\u00fcr unseren Teil sind schon EXTREM gespannt auf die Umsetzung dieses einzigartigen E-Bikes!<\/p>\n\n\n\n<h2 class=\"wp-block-heading\">Dieses E-Bike dreht sich wortw\u00f6rtlich im Kreis<\/h2>\n\n\n\n<figure class=\"wp-block-image size-large\"><a href=\"https:\/\/listings.mybikeplan.ch\/wp-content\/uploads\/2023\/02\/7.jpg\"><img loading=\"lazy\" decoding=\"async\" width=\"1024\" height=\"576\" src=\"https:\/\/listings.mybikeplan.ch\/wp-content\/uploads\/2023\/02\/7-1024x576.jpg\" alt=\"cercle e-bike\" class=\"wp-image-29726\" srcset=\"https:\/\/listings.mybikeplan.ch\/wp-content\/uploads\/2023\/02\/7-1024x576.jpg 1024w, https:\/\/listings.mybikeplan.ch\/wp-content\/uploads\/2023\/02\/7-555x312.jpg 555w, https:\/\/listings.mybikeplan.ch\/wp-content\/uploads\/2023\/02\/7-570x320.jpg 570w, https:\/\/listings.mybikeplan.ch\/wp-content\/uploads\/2023\/02\/7-768x432.jpg 768w, https:\/\/listings.mybikeplan.ch\/wp-content\/uploads\/2023\/02\/7-1536x864.jpg 1536w, https:\/\/listings.mybikeplan.ch\/wp-content\/uploads\/2023\/02\/7-2048x1152.jpg 2048w, https:\/\/listings.mybikeplan.ch\/wp-content\/uploads\/2023\/02\/7-666x375.jpg 666w\" sizes=\"auto, (max-width: 1024px) 100vw, 1024px\" \/><\/a><\/figure>\n\n\n\n<p>Ein weiteres Camping-Bike hat sich einen Platz auf unserer Liste der verr\u00fccktesten E-Bike Modelle gesichert: Das Cercle ist ein Reisefahrrad, das nicht nur viel Stauraum bietet, sondern sich auch mit ein paar wenigen Handgriffen in einen Tisch oder eine Liege verwandeln l\u00e4sst.&nbsp;<\/p>\n\n\n\n<h2 class=\"wp-block-heading\">Aller guten Dinge sind drei \u2026<\/h2>\n\n\n\n<figure class=\"wp-block-image size-large\"><a href=\"https:\/\/listings.mybikeplan.ch\/wp-content\/uploads\/2023\/02\/5.jpg\"><img loading=\"lazy\" decoding=\"async\" width=\"1024\" height=\"576\" src=\"https:\/\/listings.mybikeplan.ch\/wp-content\/uploads\/2023\/02\/5-1024x576.jpg\" alt=\"Orange Phase AD3\" class=\"wp-image-29729\" srcset=\"https:\/\/listings.mybikeplan.ch\/wp-content\/uploads\/2023\/02\/5-1024x576.jpg 1024w, https:\/\/listings.mybikeplan.ch\/wp-content\/uploads\/2023\/02\/5-555x312.jpg 555w, https:\/\/listings.mybikeplan.ch\/wp-content\/uploads\/2023\/02\/5-570x320.jpg 570w, https:\/\/listings.mybikeplan.ch\/wp-content\/uploads\/2023\/02\/5-768x432.jpg 768w, https:\/\/listings.mybikeplan.ch\/wp-content\/uploads\/2023\/02\/5-1536x864.jpg 1536w, https:\/\/listings.mybikeplan.ch\/wp-content\/uploads\/2023\/02\/5-2048x1152.jpg 2048w, https:\/\/listings.mybikeplan.ch\/wp-content\/uploads\/2023\/02\/5-666x375.jpg 666w\" sizes=\"auto, (max-width: 1024px) 100vw, 1024px\" \/><\/a><\/figure>\n\n\n\n<p>\u2026 dachte sich vermutlich der Entwickler bei der Entwicklung eines der einzigartigsten E-Bike Modelle \u00fcberhaupt. In der Liste der bisher vorgestellten E-Bike Modelle ist der Gedanke hinter diesem Modell sicher der lobenswerteste: Das <a href=\"https:\/\/www.orangebikes.com\/stories\/view\/orange_phase_ad3\" target=\"_blank\" rel=\"noreferrer noopener\">Orange Phase AD3<\/a> Mountain E-Bike ist n\u00e4mlich speziell f\u00fcr Menschen mit Behinderung entwickelt worden. Mit zwei Vorderr\u00e4dern verf\u00fcgt das E-Bike \u00fcber extra viel Stabilit\u00e4t und hilft, die Balance in unebenem Gel\u00e4nde zu halten. Genutzt wird es u.a. Von der Radsportlerin Lorraine Truong, die 2015 eine schwere Kopfverletzung erlitt und seitdem halbseitig gel\u00e4hmt ist. Dank des Orange Phase AD3 ist sie heute wieder auf den Trails unterwegs.<\/p>\n\n\n\n<h2 class=\"wp-block-heading\">Das E-Bike, das mit allen Wassern gewaschen ist<\/h2>\n\n\n\n<figure class=\"wp-block-image size-large\"><a href=\"https:\/\/listings.mybikeplan.ch\/wp-content\/uploads\/2023\/02\/9.jpg\"><img loading=\"lazy\" decoding=\"async\" width=\"1024\" height=\"576\" src=\"https:\/\/listings.mybikeplan.ch\/wp-content\/uploads\/2023\/02\/9-1024x576.jpg\" alt=\"Manta5 Hydrofoiler XE-1\" class=\"wp-image-29732\" srcset=\"https:\/\/listings.mybikeplan.ch\/wp-content\/uploads\/2023\/02\/9-1024x576.jpg 1024w, https:\/\/listings.mybikeplan.ch\/wp-content\/uploads\/2023\/02\/9-555x312.jpg 555w, https:\/\/listings.mybikeplan.ch\/wp-content\/uploads\/2023\/02\/9-570x320.jpg 570w, https:\/\/listings.mybikeplan.ch\/wp-content\/uploads\/2023\/02\/9-768x432.jpg 768w, https:\/\/listings.mybikeplan.ch\/wp-content\/uploads\/2023\/02\/9-1536x864.jpg 1536w, https:\/\/listings.mybikeplan.ch\/wp-content\/uploads\/2023\/02\/9-2048x1152.jpg 2048w, https:\/\/listings.mybikeplan.ch\/wp-content\/uploads\/2023\/02\/9-666x375.jpg 666w\" sizes=\"auto, (max-width: 1024px) 100vw, 1024px\" \/><\/a><\/figure>\n\n\n\n<p>Als letztes Velo auf der Liste der verr\u00fccktesten E-Bike Modelle darf das <a href=\"https:\/\/manta5.com\/product\/hydrofoiler-xe-1\/\" target=\"_blank\" rel=\"noreferrer noopener\">Manta5 Hydrofoiler XE-1<\/a> definitiv nicht fehlen: Dieses E-Bike erm\u00f6glicht es, m\u00fchelos \u00fcber das Wasser zu gleiten \u2013 und dabei auch noch riesig viel Spass zu haben! Mit Geschwindigkeiten von bis zu 21 km\/h f\u00e4hrt es sich rasant mit diesem E-Bike \u00fcber das Wasser. Nach dem Betrieb kann das Wasservelo einfach zusammengeklappt und zu Hause an die Steckdose angeschlossen werden.<\/p>\n\n\n\n<hr class=\"wp-block-separator has-alpha-channel-opacity\"\/>\n\n\n\n<p>Lust auf ein eigenes E-Bike?<\/p>\n\n\n\n<div class=\"wp-block-buttons is-layout-flex wp-block-buttons-is-layout-flex\">\n<div class=\"wp-block-button\"><a class=\"wp-block-button__link wp-element-button\" href=\"https:\/\/www.mybikeplan.ch\/alle-modelle-e-bike-schweiz\/kategorie\/-\/rahmenvarianten\/-\/batterie-kapazitat\/-\/max-gewicht\/-\/zubehor\/-\/geschwindigkeit\/-\/marke\/-\/motor-marke\/-\/koerpergroesse\/-\/preisbereich\/-\/verfugbar\/-\/sortieren\/preis\/gunstigste\" target=\"_blank\" rel=\"noreferrer noopener\">Hier geht&#8217;s zu unserer Auswahl!<\/a><\/div>\n<\/div>\n","protected":false},"excerpt":{"rendered":"<p>Der E-Bike-Markt ist riesig \u2013 und fast genauso gross ist die Auswahl und Vielfalt der verschiedenen E-Bike Modelle. Neben dem klassischen E-Bike gibt es dabei auch ein paar Modelle, die aus der Menge herausstechen \u2013 und uns mit der Frage zur\u00fccklassen, was um alles in der Welt die Entwickler*innen sich bei der Entwicklung wohl gedacht [&hellip;]<\/p>\n","protected":false},"author":15,"featured_media":29708,"comment_status":"open","ping_status":"open","sticky":false,"template":"","format":"standard","meta":{"_acf_changed":false,"footnotes":""},"categories":[3377,4441,1],"tags":[],"class_list":["post-29707","post","type-post","status-publish","format-standard","has-post-thumbnail","hentry","category-e-bike-wissen","category-mybikeplan","category-unkategorisiert"],"acf":[],"yoast_head":"<!-- This site is optimized with the Yoast SEO plugin v24.5 - https:\/\/yoast.com\/wordpress\/plugins\/seo\/ -->\n<title>Das sind die verr\u00fccktesten E-Bike Modelle<\/title>\n<meta name=\"description\" content=\"So was hast Du noch nicht gesehen: Wir haben die verr\u00fccktesten E-Bike Modelle auf dem Markt zusammengestellt!\" \/>\n<meta name=\"robots\" content=\"noindex, follow, max-snippet:-1, max-image-preview:large, max-video-preview:-1\" \/>\n<meta property=\"og:locale\" content=\"de_DE\" \/>\n<meta property=\"og:type\" content=\"article\" \/>\n<meta property=\"og:title\" content=\"Das sind die verr\u00fccktesten E-Bike Modelle\" \/>\n<meta property=\"og:description\" content=\"So was hast Du noch nicht gesehen: Wir haben die verr\u00fccktesten E-Bike Modelle auf dem Markt zusammengestellt!\" \/>\n<meta property=\"og:url\" content=\"https:\/\/listings.mybikeplan.ch\/de\/mybikeplan\/e-bike-wissen\/das-sind-die-verruecktesten-e-bike-modelle\/\" \/>\n<meta property=\"og:site_name\" content=\"MyBikePlan\" \/>\n<meta property=\"article:published_time\" content=\"2023-03-02T09:00:00+00:00\" \/>\n<meta property=\"article:modified_time\" content=\"2023-08-03T13:52:07+00:00\" \/>\n<meta property=\"og:image\" content=\"https:\/\/listings.mybikeplan.ch\/wp-content\/uploads\/2023\/02\/1-10.jpg\" \/>\n\t<meta property=\"og:image:width\" content=\"2240\" \/>\n\t<meta property=\"og:image:height\" content=\"1260\" \/>\n\t<meta property=\"og:image:type\" content=\"image\/jpeg\" \/>\n<meta name=\"author\" content=\"Evelyne Aschwanden\" \/>\n<meta name=\"twitter:card\" content=\"summary_large_image\" \/>\n<meta name=\"twitter:label1\" content=\"Verfasst von\" \/>\n\t<meta name=\"twitter:data1\" content=\"Evelyne Aschwanden\" \/>\n\t<meta name=\"twitter:label2\" content=\"Gesch\u00e4tzte Lesezeit\" \/>\n\t<meta name=\"twitter:data2\" content=\"4\u00a0Minuten\" \/>\n<script type=\"application\/ld+json\" class=\"yoast-schema-graph\">{\"@context\":\"https:\/\/schema.org\",\"@graph\":[{\"@type\":\"WebPage\",\"@id\":\"https:\/\/listings.mybikeplan.ch\/de\/mybikeplan\/e-bike-wissen\/das-sind-die-verruecktesten-e-bike-modelle\/\",\"url\":\"https:\/\/listings.mybikeplan.ch\/de\/mybikeplan\/e-bike-wissen\/das-sind-die-verruecktesten-e-bike-modelle\/\",\"name\":\"Das sind die verr\u00fccktesten E-Bike Modelle\",\"isPartOf\":{\"@id\":\"https:\/\/listings.mybikeplan.ch\/de\/#website\"},\"primaryImageOfPage\":{\"@id\":\"https:\/\/listings.mybikeplan.ch\/de\/mybikeplan\/e-bike-wissen\/das-sind-die-verruecktesten-e-bike-modelle\/#primaryimage\"},\"image\":{\"@id\":\"https:\/\/listings.mybikeplan.ch\/de\/mybikeplan\/e-bike-wissen\/das-sind-die-verruecktesten-e-bike-modelle\/#primaryimage\"},\"thumbnailUrl\":\"https:\/\/listings.mybikeplan.ch\/wp-content\/uploads\/2023\/02\/1-10.jpg\",\"datePublished\":\"2023-03-02T09:00:00+00:00\",\"dateModified\":\"2023-08-03T13:52:07+00:00\",\"author\":{\"@id\":\"https:\/\/listings.mybikeplan.ch\/de\/#\/schema\/person\/514a6130749cc58319f751509338dafd\"},\"description\":\"So was hast Du noch nicht gesehen: Wir haben die verr\u00fccktesten E-Bike Modelle auf dem Markt zusammengestellt!\",\"breadcrumb\":{\"@id\":\"https:\/\/listings.mybikeplan.ch\/de\/mybikeplan\/e-bike-wissen\/das-sind-die-verruecktesten-e-bike-modelle\/#breadcrumb\"},\"inLanguage\":\"de\",\"potentialAction\":[{\"@type\":\"ReadAction\",\"target\":[\"https:\/\/listings.mybikeplan.ch\/de\/mybikeplan\/e-bike-wissen\/das-sind-die-verruecktesten-e-bike-modelle\/\"]}]},{\"@type\":\"ImageObject\",\"inLanguage\":\"de\",\"@id\":\"https:\/\/listings.mybikeplan.ch\/de\/mybikeplan\/e-bike-wissen\/das-sind-die-verruecktesten-e-bike-modelle\/#primaryimage\",\"url\":\"https:\/\/listings.mybikeplan.ch\/wp-content\/uploads\/2023\/02\/1-10.jpg\",\"contentUrl\":\"https:\/\/listings.mybikeplan.ch\/wp-content\/uploads\/2023\/02\/1-10.jpg\",\"width\":2240,\"height\":1260,\"caption\":\"e-bike modelle\"},{\"@type\":\"BreadcrumbList\",\"@id\":\"https:\/\/listings.mybikeplan.ch\/de\/mybikeplan\/e-bike-wissen\/das-sind-die-verruecktesten-e-bike-modelle\/#breadcrumb\",\"itemListElement\":[{\"@type\":\"ListItem\",\"position\":1,\"name\":\"Home\",\"item\":\"https:\/\/listings.mybikeplan.ch\/de\/\"},{\"@type\":\"ListItem\",\"position\":2,\"name\":\"Das sind die verr\u00fccktesten E-Bike Modelle\"}]},{\"@type\":\"WebSite\",\"@id\":\"https:\/\/listings.mybikeplan.ch\/de\/#website\",\"url\":\"https:\/\/listings.mybikeplan.ch\/de\/\",\"name\":\"MyBikePlan\",\"description\":\"\",\"potentialAction\":[{\"@type\":\"SearchAction\",\"target\":{\"@type\":\"EntryPoint\",\"urlTemplate\":\"https:\/\/listings.mybikeplan.ch\/de\/?s={search_term_string}\"},\"query-input\":{\"@type\":\"PropertyValueSpecification\",\"valueRequired\":true,\"valueName\":\"search_term_string\"}}],\"inLanguage\":\"de\"},{\"@type\":\"Person\",\"@id\":\"https:\/\/listings.mybikeplan.ch\/de\/#\/schema\/person\/514a6130749cc58319f751509338dafd\",\"name\":\"Evelyne Aschwanden\",\"image\":{\"@type\":\"ImageObject\",\"inLanguage\":\"de\",\"@id\":\"https:\/\/listings.mybikeplan.ch\/de\/#\/schema\/person\/image\/\",\"url\":\"https:\/\/secure.gravatar.com\/avatar\/73f0cad78e1012b10bb7c10f05a99be7009e6621353849483b51025ae56a6b37?s=96&d=mm&r=g\",\"contentUrl\":\"https:\/\/secure.gravatar.com\/avatar\/73f0cad78e1012b10bb7c10f05a99be7009e6621353849483b51025ae56a6b37?s=96&d=mm&r=g\",\"caption\":\"Evelyne Aschwanden\"},\"url\":\"https:\/\/listings.mybikeplan.ch\/de\/author\/evelyne-mybikeplan\/\"}]}<\/script>\n<!-- \/ Yoast SEO plugin. -->","yoast_head_json":{"title":"Das sind die verr\u00fccktesten E-Bike Modelle","description":"So was hast Du noch nicht gesehen: Wir haben die verr\u00fccktesten E-Bike Modelle auf dem Markt zusammengestellt!","robots":{"index":"noindex","follow":"follow","max-snippet":"max-snippet:-1","max-image-preview":"max-image-preview:large","max-video-preview":"max-video-preview:-1"},"og_locale":"de_DE","og_type":"article","og_title":"Das sind die verr\u00fccktesten E-Bike Modelle","og_description":"So was hast Du noch nicht gesehen: Wir haben die verr\u00fccktesten E-Bike Modelle auf dem Markt zusammengestellt!","og_url":"https:\/\/listings.mybikeplan.ch\/de\/mybikeplan\/e-bike-wissen\/das-sind-die-verruecktesten-e-bike-modelle\/","og_site_name":"MyBikePlan","article_published_time":"2023-03-02T09:00:00+00:00","article_modified_time":"2023-08-03T13:52:07+00:00","og_image":[{"width":2240,"height":1260,"url":"https:\/\/listings.mybikeplan.ch\/wp-content\/uploads\/2023\/02\/1-10.jpg","type":"image\/jpeg"}],"author":"Evelyne Aschwanden","twitter_card":"summary_large_image","twitter_misc":{"Verfasst von":"Evelyne Aschwanden","Gesch\u00e4tzte Lesezeit":"4\u00a0Minuten"},"schema":{"@context":"https:\/\/schema.org","@graph":[{"@type":"WebPage","@id":"https:\/\/listings.mybikeplan.ch\/de\/mybikeplan\/e-bike-wissen\/das-sind-die-verruecktesten-e-bike-modelle\/","url":"https:\/\/listings.mybikeplan.ch\/de\/mybikeplan\/e-bike-wissen\/das-sind-die-verruecktesten-e-bike-modelle\/","name":"Das sind die verr\u00fccktesten E-Bike Modelle","isPartOf":{"@id":"https:\/\/listings.mybikeplan.ch\/de\/#website"},"primaryImageOfPage":{"@id":"https:\/\/listings.mybikeplan.ch\/de\/mybikeplan\/e-bike-wissen\/das-sind-die-verruecktesten-e-bike-modelle\/#primaryimage"},"image":{"@id":"https:\/\/listings.mybikeplan.ch\/de\/mybikeplan\/e-bike-wissen\/das-sind-die-verruecktesten-e-bike-modelle\/#primaryimage"},"thumbnailUrl":"https:\/\/listings.mybikeplan.ch\/wp-content\/uploads\/2023\/02\/1-10.jpg","datePublished":"2023-03-02T09:00:00+00:00","dateModified":"2023-08-03T13:52:07+00:00","author":{"@id":"https:\/\/listings.mybikeplan.ch\/de\/#\/schema\/person\/514a6130749cc58319f751509338dafd"},"description":"So was hast Du noch nicht gesehen: Wir haben die verr\u00fccktesten E-Bike Modelle auf dem Markt zusammengestellt!","breadcrumb":{"@id":"https:\/\/listings.mybikeplan.ch\/de\/mybikeplan\/e-bike-wissen\/das-sind-die-verruecktesten-e-bike-modelle\/#breadcrumb"},"inLanguage":"de","potentialAction":[{"@type":"ReadAction","target":["https:\/\/listings.mybikeplan.ch\/de\/mybikeplan\/e-bike-wissen\/das-sind-die-verruecktesten-e-bike-modelle\/"]}]},{"@type":"ImageObject","inLanguage":"de","@id":"https:\/\/listings.mybikeplan.ch\/de\/mybikeplan\/e-bike-wissen\/das-sind-die-verruecktesten-e-bike-modelle\/#primaryimage","url":"https:\/\/listings.mybikeplan.ch\/wp-content\/uploads\/2023\/02\/1-10.jpg","contentUrl":"https:\/\/listings.mybikeplan.ch\/wp-content\/uploads\/2023\/02\/1-10.jpg","width":2240,"height":1260,"caption":"e-bike modelle"},{"@type":"BreadcrumbList","@id":"https:\/\/listings.mybikeplan.ch\/de\/mybikeplan\/e-bike-wissen\/das-sind-die-verruecktesten-e-bike-modelle\/#breadcrumb","itemListElement":[{"@type":"ListItem","position":1,"name":"Home","item":"https:\/\/listings.mybikeplan.ch\/de\/"},{"@type":"ListItem","position":2,"name":"Das sind die verr\u00fccktesten E-Bike Modelle"}]},{"@type":"WebSite","@id":"https:\/\/listings.mybikeplan.ch\/de\/#website","url":"https:\/\/listings.mybikeplan.ch\/de\/","name":"MyBikePlan","description":"","potentialAction":[{"@type":"SearchAction","target":{"@type":"EntryPoint","urlTemplate":"https:\/\/listings.mybikeplan.ch\/de\/?s={search_term_string}"},"query-input":{"@type":"PropertyValueSpecification","valueRequired":true,"valueName":"search_term_string"}}],"inLanguage":"de"},{"@type":"Person","@id":"https:\/\/listings.mybikeplan.ch\/de\/#\/schema\/person\/514a6130749cc58319f751509338dafd","name":"Evelyne Aschwanden","image":{"@type":"ImageObject","inLanguage":"de","@id":"https:\/\/listings.mybikeplan.ch\/de\/#\/schema\/person\/image\/","url":"https:\/\/secure.gravatar.com\/avatar\/73f0cad78e1012b10bb7c10f05a99be7009e6621353849483b51025ae56a6b37?s=96&d=mm&r=g","contentUrl":"https:\/\/secure.gravatar.com\/avatar\/73f0cad78e1012b10bb7c10f05a99be7009e6621353849483b51025ae56a6b37?s=96&d=mm&r=g","caption":"Evelyne Aschwanden"},"url":"https:\/\/listings.mybikeplan.ch\/de\/author\/evelyne-mybikeplan\/"}]}},"locale":"de","_links":{"self":[{"href":"https:\/\/listings.mybikeplan.ch\/de\/wp-json\/wp\/v2\/posts\/29707","targetHints":{"allow":["GET"]}}],"collection":[{"href":"https:\/\/listings.mybikeplan.ch\/de\/wp-json\/wp\/v2\/posts"}],"about":[{"href":"https:\/\/listings.mybikeplan.ch\/de\/wp-json\/wp\/v2\/types\/post"}],"author":[{"embeddable":true,"href":"https:\/\/listings.mybikeplan.ch\/de\/wp-json\/wp\/v2\/users\/15"}],"replies":[{"embeddable":true,"href":"https:\/\/listings.mybikeplan.ch\/de\/wp-json\/wp\/v2\/comments?post=29707"}],"version-history":[{"count":3,"href":"https:\/\/listings.mybikeplan.ch\/de\/wp-json\/wp\/v2\/posts\/29707\/revisions"}],"predecessor-version":[{"id":32807,"href":"https:\/\/listings.mybikeplan.ch\/de\/wp-json\/wp\/v2\/posts\/29707\/revisions\/32807"}],"wp:featuredmedia":[{"embeddable":true,"href":"https:\/\/listings.mybikeplan.ch\/de\/wp-json\/wp\/v2\/media\/29708"}],"wp:attachment":[{"href":"https:\/\/listings.mybikeplan.ch\/de\/wp-json\/wp\/v2\/media?parent=29707"}],"wp:term":[{"taxonomy":"category","embeddable":true,"href":"https:\/\/listings.mybikeplan.ch\/de\/wp-json\/wp\/v2\/categories?post=29707"},{"taxonomy":"post_tag","embeddable":true,"href":"https:\/\/listings.mybikeplan.ch\/de\/wp-json\/wp\/v2\/tags?post=29707"}],"curies":[{"name":"wp","href":"https:\/\/api.w.org\/{rel}","templated":true}]}}