{"id":29245,"date":"2023-02-07T14:14:07","date_gmt":"2023-02-07T14:14:07","guid":{"rendered":"https:\/\/listings.mybikeplan.ch\/?p=29245"},"modified":"2023-08-03T13:53:45","modified_gmt":"2023-08-03T13:53:45","slug":"flyer-e-bikes-vs-stromer-e-bikes-welches-s-pedelec-passt-zu-mir","status":"publish","type":"post","link":"https:\/\/listings.mybikeplan.ch\/de\/mybikeplan\/e-bike-marken\/flyer-e-bikes-vs-stromer-e-bikes-welches-s-pedelec-passt-zu-mir\/","title":{"rendered":"FLYER E-Bikes vs. Stromer E-Bikes: Welches S-Pedelec passt zu mir?"},"content":{"rendered":"\n<p>Zwei Schweizer Brands dominieren aktuell den Markt, wenn es um 45 km\/h E-Bikes geht: FLYER E-Bikes und Stromer E-Bikes. Wer ein S-Pedelec sucht, kommt an diesen beiden Marken einfach nicht vorbei. Doch welche E-Bikes sind am besten f\u00fcr welche Bed\u00fcrfnisse geeignet? Wir haben FLYER E-Bikes und Stromer E-Bikes auf den Pr\u00fcfstand gestellt, um eine Antwort zu finden!<\/p>\n\n\n\n<h2 class=\"wp-block-heading\">FLYER E-Bikes: Schweizer Premium-E-Bikes seit 1995<\/h2>\n\n\n\n<figure class=\"wp-block-image size-large\"><a href=\"https:\/\/listings.mybikeplan.ch\/wp-content\/uploads\/2023\/02\/3-3.jpg\"><img loading=\"lazy\" decoding=\"async\" width=\"1024\" height=\"576\" src=\"https:\/\/listings.mybikeplan.ch\/wp-content\/uploads\/2023\/02\/3-3-1024x576.jpg\" alt=\"Mann mit Flyer E-Bike\" class=\"wp-image-29261\" srcset=\"https:\/\/listings.mybikeplan.ch\/wp-content\/uploads\/2023\/02\/3-3-1024x576.jpg 1024w, https:\/\/listings.mybikeplan.ch\/wp-content\/uploads\/2023\/02\/3-3-555x312.jpg 555w, https:\/\/listings.mybikeplan.ch\/wp-content\/uploads\/2023\/02\/3-3-570x320.jpg 570w, https:\/\/listings.mybikeplan.ch\/wp-content\/uploads\/2023\/02\/3-3-768x432.jpg 768w, https:\/\/listings.mybikeplan.ch\/wp-content\/uploads\/2023\/02\/3-3-1536x864.jpg 1536w, https:\/\/listings.mybikeplan.ch\/wp-content\/uploads\/2023\/02\/3-3-2048x1152.jpg 2048w, https:\/\/listings.mybikeplan.ch\/wp-content\/uploads\/2023\/02\/3-3-666x375.jpg 666w\" sizes=\"auto, (max-width: 1024px) 100vw, 1024px\" \/><\/a><\/figure>\n\n\n\n<p>FLYER wurde Anfang der 1990er Jahre gegr\u00fcndet und zeichnet sich durch Pioniergeist, Pr\u00e4zision und h\u00f6chste Qualit\u00e4t aus. Ob in der Stadt, auf dem Land oder in den Bergen: FLYER E-Bikes eignen sich f\u00fcr alle m\u00f6glichen Terrains. Mit seinen wegweisenden Innovationen hat das Unternehmen die Entwicklung des E-Bikes gepr\u00e4gt und ist heute Marktf\u00fchrer in der Schweiz.<\/p>\n\n\n\n<p>Die Marke setzt auf Nachhaltigkeit und Umweltschutz: 65 % aller FLYER E-Bikes beinhalten umweltfreundliche Materialien und Komponenten \u2013 und es werden immer mehr. Zudem werden alle FLYER E-Bikes in der Schweiz entwickelt und hergestellt.&nbsp;<\/p>\n\n\n\n<p>Auch der Hauptsitz von FLYER E-Bikes beweist, dass das Unternehmen seine Vision lebt. Die Fabrik in Huttwil verf\u00fcgt \u00fcber eine Photovoltaik-Anlage, die t\u00e4glich 149 kw Strom produziert \u2013 oder j\u00e4hrlich etwa so viel wie 30 Einfamilienh\u00e4user brauchen. Geheizt wird mit einer Erdsonden-Anlage und das Wasser der Anlage wird zur H\u00e4lfte aus Regenwasser produziert und mit Solarenergie aufgew\u00e4rmt.<\/p>\n\n\n\n<h2 class=\"wp-block-heading\">Stromer E-Bikes: Innovation und modernste Technik kombiniert<\/h2>\n\n\n\n<figure class=\"wp-block-image size-large\"><a href=\"https:\/\/listings.mybikeplan.ch\/wp-content\/uploads\/2023\/02\/1-3.jpg\"><img loading=\"lazy\" decoding=\"async\" width=\"1024\" height=\"576\" src=\"https:\/\/listings.mybikeplan.ch\/wp-content\/uploads\/2023\/02\/1-3-1024x576.jpg\" alt=\"mann mit stromer e-bike\" class=\"wp-image-29255\" srcset=\"https:\/\/listings.mybikeplan.ch\/wp-content\/uploads\/2023\/02\/1-3-1024x576.jpg 1024w, https:\/\/listings.mybikeplan.ch\/wp-content\/uploads\/2023\/02\/1-3-555x312.jpg 555w, https:\/\/listings.mybikeplan.ch\/wp-content\/uploads\/2023\/02\/1-3-570x320.jpg 570w, https:\/\/listings.mybikeplan.ch\/wp-content\/uploads\/2023\/02\/1-3-768x432.jpg 768w, https:\/\/listings.mybikeplan.ch\/wp-content\/uploads\/2023\/02\/1-3-1536x864.jpg 1536w, https:\/\/listings.mybikeplan.ch\/wp-content\/uploads\/2023\/02\/1-3-2048x1152.jpg 2048w, https:\/\/listings.mybikeplan.ch\/wp-content\/uploads\/2023\/02\/1-3-666x375.jpg 666w\" sizes=\"auto, (max-width: 1024px) 100vw, 1024px\" \/><\/a><figcaption class=\"wp-element-caption\">stromer e-bike<\/figcaption><\/figure>\n\n\n\n<p>Die Gr\u00fcndung von Stromer E-Bikes erfolgte im Jahr 2009 durch den Schweizer Thomas Binggeli. Mit seinem Hinterradantrieb, der aussergew\u00f6hnlich hohen Leistung, dem sportlichen Design und dem integrierten Akku hat sich Stromer E-Bikes als bekannte Schweizer E-Bike Marke einen Namen gemacht.<\/p>\n\n\n\n<p>Bekannt sind Stromer E-Bikes vor allem f\u00fcr ihre Konnektivit\u00e4t: Sie sind nicht nur ultraschnell, sondern auch ultramodern. Du kannst sie dank der Stromer OMNI-App von Deinem Handy aus steuern und sogar mit Deinem Smart-Helm verbinden. Ausserdem sind Stromer E-Bikes ideal als Autoersatz geeignet.<\/p>\n\n\n\n<p>F\u00fcr das Design und die Innovation ihrer S-Pedelecs hat Stromer E-Bikes schon mehrere Preise gewonnen, darunter unter anderem auch der Preis f\u00fcr das beste E-Bike Design 2022.<\/p>\n\n\n\n<h2 class=\"wp-block-heading\">FLYER E-Bikes oder Stromer E-Bikes: Was sind die Unterschiede?<\/h2>\n\n\n\n<figure class=\"wp-block-image size-large\"><a href=\"https:\/\/listings.mybikeplan.ch\/wp-content\/uploads\/2023\/02\/2-3.jpg\"><img loading=\"lazy\" decoding=\"async\" width=\"1024\" height=\"576\" src=\"https:\/\/listings.mybikeplan.ch\/wp-content\/uploads\/2023\/02\/2-3-1024x576.jpg\" alt=\"flyer e-bikes, stromer e-bikes\" class=\"wp-image-29258\" srcset=\"https:\/\/listings.mybikeplan.ch\/wp-content\/uploads\/2023\/02\/2-3-1024x576.jpg 1024w, https:\/\/listings.mybikeplan.ch\/wp-content\/uploads\/2023\/02\/2-3-555x312.jpg 555w, https:\/\/listings.mybikeplan.ch\/wp-content\/uploads\/2023\/02\/2-3-570x320.jpg 570w, https:\/\/listings.mybikeplan.ch\/wp-content\/uploads\/2023\/02\/2-3-768x432.jpg 768w, https:\/\/listings.mybikeplan.ch\/wp-content\/uploads\/2023\/02\/2-3-1536x864.jpg 1536w, https:\/\/listings.mybikeplan.ch\/wp-content\/uploads\/2023\/02\/2-3-2048x1152.jpg 2048w, https:\/\/listings.mybikeplan.ch\/wp-content\/uploads\/2023\/02\/2-3-666x375.jpg 666w\" sizes=\"auto, (max-width: 1024px) 100vw, 1024px\" \/><\/a><figcaption class=\"wp-element-caption\">flyer e-bikes, stromer e-bikes<\/figcaption><\/figure>\n\n\n\n<p>Lass uns erstmal mit den Gemeinsamkeiten anfangen: Beides sind Schweizer Marken, die auf Qualit\u00e4t und Swissness setzen und schon mehrere Design-Preise gewonnen haben. Beide Unternehmen sind Pioniere auf dem E-Bike-Markt und zeichnen sich durch Innovation und einen guten Riecher f\u00fcr neue Trends aus. Und: Sowohl FLYER E-Bikes als auch Stromer E-Bikes sind absolute Spitzenreiter, wenn es um S-Pedelecs geht.<\/p>\n\n\n\n<p>Was unterscheidet die beiden Marken also? Schauen wir uns das Ganze an einem konkreten Beispiel an, indem wir das Stromer ST1 und das FLYER Goroc3 6.50 miteinander vergleichen.<\/p>\n\n\n\n<h3 class=\"wp-block-heading\">Stromer ST1<\/h3>\n\n\n\n<figure class=\"wp-block-image size-large\"><a href=\"https:\/\/listings.mybikeplan.ch\/wp-content\/uploads\/2023\/02\/BlogBanner-6.jpg\"><img loading=\"lazy\" decoding=\"async\" width=\"1024\" height=\"576\" src=\"https:\/\/listings.mybikeplan.ch\/wp-content\/uploads\/2023\/02\/BlogBanner-6-1024x576.jpg\" alt=\"Stromer E-Bike, Stromer ST1\" class=\"wp-image-29246\" srcset=\"https:\/\/listings.mybikeplan.ch\/wp-content\/uploads\/2023\/02\/BlogBanner-6-1024x576.jpg 1024w, https:\/\/listings.mybikeplan.ch\/wp-content\/uploads\/2023\/02\/BlogBanner-6-555x312.jpg 555w, https:\/\/listings.mybikeplan.ch\/wp-content\/uploads\/2023\/02\/BlogBanner-6-570x320.jpg 570w, https:\/\/listings.mybikeplan.ch\/wp-content\/uploads\/2023\/02\/BlogBanner-6-768x432.jpg 768w, https:\/\/listings.mybikeplan.ch\/wp-content\/uploads\/2023\/02\/BlogBanner-6-1536x864.jpg 1536w, https:\/\/listings.mybikeplan.ch\/wp-content\/uploads\/2023\/02\/BlogBanner-6-2048x1152.jpg 2048w, https:\/\/listings.mybikeplan.ch\/wp-content\/uploads\/2023\/02\/BlogBanner-6-666x375.jpg 666w\" sizes=\"auto, (max-width: 1024px) 100vw, 1024px\" \/><\/a><\/figure>\n\n\n\n<ul class=\"wp-block-list\">\n<li>City E-Bike<\/li>\n\n\n\n<li>Ideal im Stadtverkehr<\/li>\n\n\n\n<li>Max. Gewicht: 130 kg<\/li>\n\n\n\n<li>Max. Reichweite: ca. 100 km<\/li>\n\n\n\n<li>Anh\u00e4nger und Kindersitz kompatibel<\/li>\n\n\n\n<li>Komfort im Fokus<\/li>\n\n\n\n<li>CHF 6\u2019489<\/li>\n<\/ul>\n\n\n\n<div class=\"wp-block-buttons is-layout-flex wp-block-buttons-is-layout-flex\">\n<div class=\"wp-block-button aligncenter\"><a class=\"wp-block-button__link wp-element-button\" href=\"https:\/\/www.mybikeplan.ch\/produkt\/stromer-st1-deep-petrol-sport-814wh\" target=\"_blank\" rel=\"noreferrer noopener\">Mehr erfahren<\/a><\/div>\n<\/div>\n\n\n\n<h3 class=\"wp-block-heading\">FLYER Goroc3 6.50<\/h3>\n\n\n\n<figure class=\"wp-block-image size-large\"><a href=\"https:\/\/listings.mybikeplan.ch\/wp-content\/uploads\/2023\/02\/BlogBanner-7.jpg\"><img loading=\"lazy\" decoding=\"async\" width=\"1024\" height=\"576\" src=\"https:\/\/listings.mybikeplan.ch\/wp-content\/uploads\/2023\/02\/BlogBanner-7-1024x576.jpg\" alt=\"flyer e-bike, flyer goroc\" class=\"wp-image-29249\" srcset=\"https:\/\/listings.mybikeplan.ch\/wp-content\/uploads\/2023\/02\/BlogBanner-7-1024x576.jpg 1024w, https:\/\/listings.mybikeplan.ch\/wp-content\/uploads\/2023\/02\/BlogBanner-7-555x312.jpg 555w, https:\/\/listings.mybikeplan.ch\/wp-content\/uploads\/2023\/02\/BlogBanner-7-570x320.jpg 570w, https:\/\/listings.mybikeplan.ch\/wp-content\/uploads\/2023\/02\/BlogBanner-7-768x432.jpg 768w, https:\/\/listings.mybikeplan.ch\/wp-content\/uploads\/2023\/02\/BlogBanner-7-1536x864.jpg 1536w, https:\/\/listings.mybikeplan.ch\/wp-content\/uploads\/2023\/02\/BlogBanner-7-2048x1152.jpg 2048w, https:\/\/listings.mybikeplan.ch\/wp-content\/uploads\/2023\/02\/BlogBanner-7-666x375.jpg 666w\" sizes=\"auto, (max-width: 1024px) 100vw, 1024px\" \/><\/a><\/figure>\n\n\n\n<ul class=\"wp-block-list\">\n<li>Trekking E-Bike<\/li>\n\n\n\n<li>Allrounder f\u00fcr verschiedene Terrains<\/li>\n\n\n\n<li>Max. Gewicht : 150 kg<\/li>\n\n\n\n<li>Max. Reichweite : 100 km<\/li>\n\n\n\n<li>Anh\u00e4nger kompatibel<\/li>\n\n\n\n<li>Vollgefedert<\/li>\n\n\n\n<li>CHF 6\u2019799<\/li>\n<\/ul>\n\n\n\n<div class=\"wp-block-buttons is-layout-flex wp-block-buttons-is-layout-flex\">\n<div class=\"wp-block-button aligncenter\"><a class=\"wp-block-button__link wp-element-button\" href=\"https:\/\/www.mybikeplan.ch\/produkt\/flyer-goroc-3-6-50-fs\" target=\"_blank\" rel=\"noreferrer noopener\">Mehr erfahren<\/a><\/div>\n<\/div>\n\n\n\n<h2 class=\"wp-block-heading\">Das sind die Vorteile von FLYER E-Bikes und Stromer E-Bikes<\/h2>\n\n\n\n<p>Stromer E-Bikes sind perfekte City E-Bikes: Sie sind ideal f\u00fcr Menschen, die in der Stadt leben und einen Weg suchen, um einfacher und stressfreier zu pendeln. Auch eignen sie sich gut als Ersatz f\u00fcrs Auto. Das Stromer ST1 hat etwas weniger Tragkapazit\u00e4t als das FLYER Goroc3 6.50, ist daf\u00fcr aber auch mit einem Kindersitz kompatibel.&nbsp;<\/p>\n\n\n\n<p>FLYER E-Bikes sind flexible Allrounder, die sowohl in der Stadt als auch bei Ausfl\u00fcgen in der Natur eingesetzt werden k\u00f6nnen. Das FLYER Goroc3 6.50 hat ein hohes Traggewicht und ist Anh\u00e4nger kompatibel, kann jedoch nicht mit einem Kindersitz beladen werden. Daf\u00fcr ist es vollgefedert und f\u00fchrt so mit maximalem Komfort \u00fcber jedes Terrain.<\/p>\n\n\n\n<hr class=\"wp-block-separator has-alpha-channel-opacity\"\/>\n\n\n\n<p><strong>Fazit: <\/strong>Sowohl FLYER E-Bikes als auch Stromer E-Bikes sind hochwertige Schweizer Qualit\u00e4tsprodukte. Je nachdem, was Du f\u00fcr W\u00fcnsche und Anspr\u00fcche an Dein zuk\u00fcnftiges E-Bike hast, ist ein FLYER oder ein Stromer besser geeignet. Unser pers\u00f6nlicher Tipp: Informiere Dich vor dem Kauf gut \u00fcber die Vor- und Nachteile der unterschiedlichen S-Pedelecs. <a href=\"https:\/\/meetings.hubspot.com\/fabian62\/kostenlose-beratung-mit-mybikeplan\">Oder lass Dich von einem unserer E-Bike-Experten beraten<\/a> \u2013 wir helfen Dir gerne dabei, das perfekte E-Bike f\u00fcr Dich zu finden.<\/p>\n\n\n\n<div class=\"wp-block-buttons is-layout-flex wp-block-buttons-is-layout-flex\">\n<div class=\"wp-block-button\"><a class=\"wp-block-button__link wp-element-button\" href=\"https:\/\/www.mybikeplan.ch\/alle-modelle-e-bike-schweiz\/kategorie\/-\/rahmenvarianten\/-\/batterie-kapazitat\/-\/max-gewicht\/-\/zubehor\/-\/geschwindigkeit\/-\/marke\/-\/motor-marke\/-\/koerpergroesse\/-\/preisbereich\/-\/verfugbar\/-\/sortieren\/preis\/gunstigste\" target=\"_blank\" rel=\"noreferrer noopener\">Zu unserer E-Bike-Auswahl<\/a><\/div>\n<\/div>\n","protected":false},"excerpt":{"rendered":"<p>Zwei Schweizer Brands dominieren aktuell den Markt, wenn es um 45 km\/h E-Bikes geht: FLYER E-Bikes und Stromer E-Bikes. Wer ein S-Pedelec sucht, kommt an diesen beiden Marken einfach nicht vorbei. Doch welche E-Bikes sind am besten f\u00fcr welche Bed\u00fcrfnisse geeignet? Wir haben FLYER E-Bikes und Stromer E-Bikes auf den Pr\u00fcfstand gestellt, um eine Antwort [&hellip;]<\/p>\n","protected":false},"author":15,"featured_media":29264,"comment_status":"open","ping_status":"open","sticky":false,"template":"","format":"standard","meta":{"_acf_changed":false,"footnotes":""},"categories":[3379,4441,1],"tags":[],"class_list":["post-29245","post","type-post","status-publish","format-standard","has-post-thumbnail","hentry","category-e-bike-marken","category-mybikeplan","category-unkategorisiert"],"acf":[],"yoast_head":"<!-- This site is optimized with the Yoast SEO plugin v24.5 - https:\/\/yoast.com\/wordpress\/plugins\/seo\/ -->\n<title>FLYER E-Bikes vs. Stromer E-Bikes: Was passt zu mir?<\/title>\n<meta name=\"description\" content=\"Lieber FLYER E-Bikes oder doch Stromer E-Bikes? Wir stellen die beiden Marken auf den Pr\u00fcfstand.\" \/>\n<meta name=\"robots\" content=\"noindex, follow, max-snippet:-1, max-image-preview:large, max-video-preview:-1\" \/>\n<meta property=\"og:locale\" content=\"de_DE\" \/>\n<meta property=\"og:type\" content=\"article\" \/>\n<meta property=\"og:title\" content=\"FLYER E-Bikes vs. Stromer E-Bikes: Was passt zu mir?\" \/>\n<meta property=\"og:description\" content=\"Lieber FLYER E-Bikes oder doch Stromer E-Bikes? Wir stellen die beiden Marken auf den Pr\u00fcfstand.\" \/>\n<meta property=\"og:url\" content=\"https:\/\/listings.mybikeplan.ch\/de\/mybikeplan\/e-bike-marken\/flyer-e-bikes-vs-stromer-e-bikes-welches-s-pedelec-passt-zu-mir\/\" \/>\n<meta property=\"og:site_name\" content=\"MyBikePlan\" \/>\n<meta property=\"article:published_time\" content=\"2023-02-07T14:14:07+00:00\" \/>\n<meta property=\"article:modified_time\" content=\"2023-08-03T13:53:45+00:00\" \/>\n<meta property=\"og:image\" content=\"https:\/\/listings.mybikeplan.ch\/wp-content\/uploads\/2023\/02\/4-3.jpg\" \/>\n\t<meta property=\"og:image:width\" content=\"2240\" \/>\n\t<meta property=\"og:image:height\" content=\"1260\" \/>\n\t<meta property=\"og:image:type\" content=\"image\/jpeg\" \/>\n<meta name=\"author\" content=\"Evelyne Aschwanden\" \/>\n<meta name=\"twitter:card\" content=\"summary_large_image\" \/>\n<meta name=\"twitter:label1\" content=\"Verfasst von\" \/>\n\t<meta name=\"twitter:data1\" content=\"Evelyne Aschwanden\" \/>\n\t<meta name=\"twitter:label2\" content=\"Gesch\u00e4tzte Lesezeit\" \/>\n\t<meta name=\"twitter:data2\" content=\"3\u00a0Minuten\" \/>\n<script type=\"application\/ld+json\" class=\"yoast-schema-graph\">{\"@context\":\"https:\/\/schema.org\",\"@graph\":[{\"@type\":\"WebPage\",\"@id\":\"https:\/\/listings.mybikeplan.ch\/de\/mybikeplan\/e-bike-marken\/flyer-e-bikes-vs-stromer-e-bikes-welches-s-pedelec-passt-zu-mir\/\",\"url\":\"https:\/\/listings.mybikeplan.ch\/de\/mybikeplan\/e-bike-marken\/flyer-e-bikes-vs-stromer-e-bikes-welches-s-pedelec-passt-zu-mir\/\",\"name\":\"FLYER E-Bikes vs. Stromer E-Bikes: Was passt zu mir?\",\"isPartOf\":{\"@id\":\"https:\/\/listings.mybikeplan.ch\/de\/#website\"},\"primaryImageOfPage\":{\"@id\":\"https:\/\/listings.mybikeplan.ch\/de\/mybikeplan\/e-bike-marken\/flyer-e-bikes-vs-stromer-e-bikes-welches-s-pedelec-passt-zu-mir\/#primaryimage\"},\"image\":{\"@id\":\"https:\/\/listings.mybikeplan.ch\/de\/mybikeplan\/e-bike-marken\/flyer-e-bikes-vs-stromer-e-bikes-welches-s-pedelec-passt-zu-mir\/#primaryimage\"},\"thumbnailUrl\":\"https:\/\/listings.mybikeplan.ch\/wp-content\/uploads\/2023\/02\/4-3.jpg\",\"datePublished\":\"2023-02-07T14:14:07+00:00\",\"dateModified\":\"2023-08-03T13:53:45+00:00\",\"author\":{\"@id\":\"https:\/\/listings.mybikeplan.ch\/de\/#\/schema\/person\/514a6130749cc58319f751509338dafd\"},\"description\":\"Lieber FLYER E-Bikes oder doch Stromer E-Bikes? Wir stellen die beiden Marken auf den Pr\u00fcfstand.\",\"breadcrumb\":{\"@id\":\"https:\/\/listings.mybikeplan.ch\/de\/mybikeplan\/e-bike-marken\/flyer-e-bikes-vs-stromer-e-bikes-welches-s-pedelec-passt-zu-mir\/#breadcrumb\"},\"inLanguage\":\"de\",\"potentialAction\":[{\"@type\":\"ReadAction\",\"target\":[\"https:\/\/listings.mybikeplan.ch\/de\/mybikeplan\/e-bike-marken\/flyer-e-bikes-vs-stromer-e-bikes-welches-s-pedelec-passt-zu-mir\/\"]}]},{\"@type\":\"ImageObject\",\"inLanguage\":\"de\",\"@id\":\"https:\/\/listings.mybikeplan.ch\/de\/mybikeplan\/e-bike-marken\/flyer-e-bikes-vs-stromer-e-bikes-welches-s-pedelec-passt-zu-mir\/#primaryimage\",\"url\":\"https:\/\/listings.mybikeplan.ch\/wp-content\/uploads\/2023\/02\/4-3.jpg\",\"contentUrl\":\"https:\/\/listings.mybikeplan.ch\/wp-content\/uploads\/2023\/02\/4-3.jpg\",\"width\":2240,\"height\":1260,\"caption\":\"flyer e-bikes\"},{\"@type\":\"BreadcrumbList\",\"@id\":\"https:\/\/listings.mybikeplan.ch\/de\/mybikeplan\/e-bike-marken\/flyer-e-bikes-vs-stromer-e-bikes-welches-s-pedelec-passt-zu-mir\/#breadcrumb\",\"itemListElement\":[{\"@type\":\"ListItem\",\"position\":1,\"name\":\"Home\",\"item\":\"https:\/\/listings.mybikeplan.ch\/de\/\"},{\"@type\":\"ListItem\",\"position\":2,\"name\":\"FLYER E-Bikes vs. Stromer E-Bikes: Welches S-Pedelec passt zu mir?\"}]},{\"@type\":\"WebSite\",\"@id\":\"https:\/\/listings.mybikeplan.ch\/de\/#website\",\"url\":\"https:\/\/listings.mybikeplan.ch\/de\/\",\"name\":\"MyBikePlan\",\"description\":\"\",\"potentialAction\":[{\"@type\":\"SearchAction\",\"target\":{\"@type\":\"EntryPoint\",\"urlTemplate\":\"https:\/\/listings.mybikeplan.ch\/de\/?s={search_term_string}\"},\"query-input\":{\"@type\":\"PropertyValueSpecification\",\"valueRequired\":true,\"valueName\":\"search_term_string\"}}],\"inLanguage\":\"de\"},{\"@type\":\"Person\",\"@id\":\"https:\/\/listings.mybikeplan.ch\/de\/#\/schema\/person\/514a6130749cc58319f751509338dafd\",\"name\":\"Evelyne Aschwanden\",\"image\":{\"@type\":\"ImageObject\",\"inLanguage\":\"de\",\"@id\":\"https:\/\/listings.mybikeplan.ch\/de\/#\/schema\/person\/image\/\",\"url\":\"https:\/\/secure.gravatar.com\/avatar\/73f0cad78e1012b10bb7c10f05a99be7009e6621353849483b51025ae56a6b37?s=96&d=mm&r=g\",\"contentUrl\":\"https:\/\/secure.gravatar.com\/avatar\/73f0cad78e1012b10bb7c10f05a99be7009e6621353849483b51025ae56a6b37?s=96&d=mm&r=g\",\"caption\":\"Evelyne Aschwanden\"},\"url\":\"https:\/\/listings.mybikeplan.ch\/de\/author\/evelyne-mybikeplan\/\"}]}<\/script>\n<!-- \/ Yoast SEO plugin. -->","yoast_head_json":{"title":"FLYER E-Bikes vs. Stromer E-Bikes: Was passt zu mir?","description":"Lieber FLYER E-Bikes oder doch Stromer E-Bikes? Wir stellen die beiden Marken auf den Pr\u00fcfstand.","robots":{"index":"noindex","follow":"follow","max-snippet":"max-snippet:-1","max-image-preview":"max-image-preview:large","max-video-preview":"max-video-preview:-1"},"og_locale":"de_DE","og_type":"article","og_title":"FLYER E-Bikes vs. Stromer E-Bikes: Was passt zu mir?","og_description":"Lieber FLYER E-Bikes oder doch Stromer E-Bikes? Wir stellen die beiden Marken auf den Pr\u00fcfstand.","og_url":"https:\/\/listings.mybikeplan.ch\/de\/mybikeplan\/e-bike-marken\/flyer-e-bikes-vs-stromer-e-bikes-welches-s-pedelec-passt-zu-mir\/","og_site_name":"MyBikePlan","article_published_time":"2023-02-07T14:14:07+00:00","article_modified_time":"2023-08-03T13:53:45+00:00","og_image":[{"width":2240,"height":1260,"url":"https:\/\/listings.mybikeplan.ch\/wp-content\/uploads\/2023\/02\/4-3.jpg","type":"image\/jpeg"}],"author":"Evelyne Aschwanden","twitter_card":"summary_large_image","twitter_misc":{"Verfasst von":"Evelyne Aschwanden","Gesch\u00e4tzte Lesezeit":"3\u00a0Minuten"},"schema":{"@context":"https:\/\/schema.org","@graph":[{"@type":"WebPage","@id":"https:\/\/listings.mybikeplan.ch\/de\/mybikeplan\/e-bike-marken\/flyer-e-bikes-vs-stromer-e-bikes-welches-s-pedelec-passt-zu-mir\/","url":"https:\/\/listings.mybikeplan.ch\/de\/mybikeplan\/e-bike-marken\/flyer-e-bikes-vs-stromer-e-bikes-welches-s-pedelec-passt-zu-mir\/","name":"FLYER E-Bikes vs. Stromer E-Bikes: Was passt zu mir?","isPartOf":{"@id":"https:\/\/listings.mybikeplan.ch\/de\/#website"},"primaryImageOfPage":{"@id":"https:\/\/listings.mybikeplan.ch\/de\/mybikeplan\/e-bike-marken\/flyer-e-bikes-vs-stromer-e-bikes-welches-s-pedelec-passt-zu-mir\/#primaryimage"},"image":{"@id":"https:\/\/listings.mybikeplan.ch\/de\/mybikeplan\/e-bike-marken\/flyer-e-bikes-vs-stromer-e-bikes-welches-s-pedelec-passt-zu-mir\/#primaryimage"},"thumbnailUrl":"https:\/\/listings.mybikeplan.ch\/wp-content\/uploads\/2023\/02\/4-3.jpg","datePublished":"2023-02-07T14:14:07+00:00","dateModified":"2023-08-03T13:53:45+00:00","author":{"@id":"https:\/\/listings.mybikeplan.ch\/de\/#\/schema\/person\/514a6130749cc58319f751509338dafd"},"description":"Lieber FLYER E-Bikes oder doch Stromer E-Bikes? Wir stellen die beiden Marken auf den Pr\u00fcfstand.","breadcrumb":{"@id":"https:\/\/listings.mybikeplan.ch\/de\/mybikeplan\/e-bike-marken\/flyer-e-bikes-vs-stromer-e-bikes-welches-s-pedelec-passt-zu-mir\/#breadcrumb"},"inLanguage":"de","potentialAction":[{"@type":"ReadAction","target":["https:\/\/listings.mybikeplan.ch\/de\/mybikeplan\/e-bike-marken\/flyer-e-bikes-vs-stromer-e-bikes-welches-s-pedelec-passt-zu-mir\/"]}]},{"@type":"ImageObject","inLanguage":"de","@id":"https:\/\/listings.mybikeplan.ch\/de\/mybikeplan\/e-bike-marken\/flyer-e-bikes-vs-stromer-e-bikes-welches-s-pedelec-passt-zu-mir\/#primaryimage","url":"https:\/\/listings.mybikeplan.ch\/wp-content\/uploads\/2023\/02\/4-3.jpg","contentUrl":"https:\/\/listings.mybikeplan.ch\/wp-content\/uploads\/2023\/02\/4-3.jpg","width":2240,"height":1260,"caption":"flyer e-bikes"},{"@type":"BreadcrumbList","@id":"https:\/\/listings.mybikeplan.ch\/de\/mybikeplan\/e-bike-marken\/flyer-e-bikes-vs-stromer-e-bikes-welches-s-pedelec-passt-zu-mir\/#breadcrumb","itemListElement":[{"@type":"ListItem","position":1,"name":"Home","item":"https:\/\/listings.mybikeplan.ch\/de\/"},{"@type":"ListItem","position":2,"name":"FLYER E-Bikes vs. Stromer E-Bikes: Welches S-Pedelec passt zu mir?"}]},{"@type":"WebSite","@id":"https:\/\/listings.mybikeplan.ch\/de\/#website","url":"https:\/\/listings.mybikeplan.ch\/de\/","name":"MyBikePlan","description":"","potentialAction":[{"@type":"SearchAction","target":{"@type":"EntryPoint","urlTemplate":"https:\/\/listings.mybikeplan.ch\/de\/?s={search_term_string}"},"query-input":{"@type":"PropertyValueSpecification","valueRequired":true,"valueName":"search_term_string"}}],"inLanguage":"de"},{"@type":"Person","@id":"https:\/\/listings.mybikeplan.ch\/de\/#\/schema\/person\/514a6130749cc58319f751509338dafd","name":"Evelyne Aschwanden","image":{"@type":"ImageObject","inLanguage":"de","@id":"https:\/\/listings.mybikeplan.ch\/de\/#\/schema\/person\/image\/","url":"https:\/\/secure.gravatar.com\/avatar\/73f0cad78e1012b10bb7c10f05a99be7009e6621353849483b51025ae56a6b37?s=96&d=mm&r=g","contentUrl":"https:\/\/secure.gravatar.com\/avatar\/73f0cad78e1012b10bb7c10f05a99be7009e6621353849483b51025ae56a6b37?s=96&d=mm&r=g","caption":"Evelyne Aschwanden"},"url":"https:\/\/listings.mybikeplan.ch\/de\/author\/evelyne-mybikeplan\/"}]}},"locale":"de","_links":{"self":[{"href":"https:\/\/listings.mybikeplan.ch\/de\/wp-json\/wp\/v2\/posts\/29245","targetHints":{"allow":["GET"]}}],"collection":[{"href":"https:\/\/listings.mybikeplan.ch\/de\/wp-json\/wp\/v2\/posts"}],"about":[{"href":"https:\/\/listings.mybikeplan.ch\/de\/wp-json\/wp\/v2\/types\/post"}],"author":[{"embeddable":true,"href":"https:\/\/listings.mybikeplan.ch\/de\/wp-json\/wp\/v2\/users\/15"}],"replies":[{"embeddable":true,"href":"https:\/\/listings.mybikeplan.ch\/de\/wp-json\/wp\/v2\/comments?post=29245"}],"version-history":[{"count":4,"href":"https:\/\/listings.mybikeplan.ch\/de\/wp-json\/wp\/v2\/posts\/29245\/revisions"}],"predecessor-version":[{"id":32799,"href":"https:\/\/listings.mybikeplan.ch\/de\/wp-json\/wp\/v2\/posts\/29245\/revisions\/32799"}],"wp:featuredmedia":[{"embeddable":true,"href":"https:\/\/listings.mybikeplan.ch\/de\/wp-json\/wp\/v2\/media\/29264"}],"wp:attachment":[{"href":"https:\/\/listings.mybikeplan.ch\/de\/wp-json\/wp\/v2\/media?parent=29245"}],"wp:term":[{"taxonomy":"category","embeddable":true,"href":"https:\/\/listings.mybikeplan.ch\/de\/wp-json\/wp\/v2\/categories?post=29245"},{"taxonomy":"post_tag","embeddable":true,"href":"https:\/\/listings.mybikeplan.ch\/de\/wp-json\/wp\/v2\/tags?post=29245"}],"curies":[{"name":"wp","href":"https:\/\/api.w.org\/{rel}","templated":true}]}}