{"id":22817,"date":"2022-11-29T15:00:00","date_gmt":"2022-11-29T15:00:00","guid":{"rendered":"https:\/\/listings.mybikeplan.ch\/?p=22817"},"modified":"2023-08-03T13:56:06","modified_gmt":"2023-08-03T13:56:06","slug":"e-bike-fahren-macht-faul-von-wegen","status":"publish","type":"post","link":"https:\/\/listings.mybikeplan.ch\/de\/mybikeplan\/e-bike-wissen\/e-bike-fahren-macht-faul-von-wegen\/","title":{"rendered":"Ist E-Bike fahren unsportlich? Von wegen!"},"content":{"rendered":"\n<p>\u201cEin E-Bike ist ein Velo f\u00fcr Faule!\u201d<\/p>\n\n\n\n<p>Dass E-Bike fahren unsportlich sei &#8211; dieses Klischee h\u00e4lt sich hartn\u00e4ckig. Ein E-Bike sei kein richtiges Fahrrad, denn: Wenn man beim Fahren von einem Motor unterst\u00fctzt werde, mache man ja \u201cnicht wirklich\u201d Sport. Schliesslich erledige der E-Bike Motor die ganze Arbeit. Und \u00fcberhaupt, f\u00fcr die Gesundheit bringe das so auch nichts.<\/p>\n\n\n\n<p>Oder?<\/p>\n\n\n\n<p><strong>In Wahrheit ist das Gegenteil der Fall, wie eine neue Studie aus den USA beweist!<\/strong> <\/p>\n\n\n\n<h2 class=\"wp-block-heading\">Ja, E-Bike fahren ist gesundheitsf\u00f6rdernd!<\/h2>\n\n\n\n<p>Macht E-Bike fahren unsportlich? Keineswegs!<\/p>\n\n\n\n<p>In unserer heutigen Gesellschaft erreichen die meisten Menschen kaum die empfohlenen 2-3 Stunden Bewegung in der Woche. Wir sitzen t\u00e4glich l\u00e4nger, als dass wir uns k\u00f6rperlich bet\u00e4tigen. Die Gr\u00fcnde daf\u00fcr sind vielseitig und h\u00e4ngen oft damit zusammen, dass viele Menschen mit dem Auto oder dem \u00d6V zur Arbeit pendeln, wo sie wiederum die meiste Zeit sitzend verbringen.<\/p>\n\n\n\n<p>Um herauszufinden, ob man mit einem E-Bike mehr Bewegung in den Alltag bringen kann, wurde in den USA eine umfassende Studie durchgef\u00fchrt. Dabei wurden die Teilnehmenden in zwei Gruppen unterteilt \u2013 je eine, die ihren Arbeitsweg von nun an mit einem E-Bike zur\u00fccklegen w\u00fcrde, und eine andere, die f\u00fcr dieselbe Strecke ein gew\u00f6hnliches Fahrrad nutzen w\u00fcrde. W\u00e4hrend der Fahrt wurden die Herzfrequenz, der Sauerstoff- und Kalorienverbrauch sowie die Zeit f\u00fcr Distanz gemessen. Am Ende mussten die Teilnehmenden angeben, wie anstrengend die Fahrt f\u00fcr sie war.<\/p>\n\n\n\n<p>Das Fazit? Das Fahren mit dem E-Bike wird, kaum \u00fcberraschend, als weniger anstrengend empfunden. Aber \u2013 und hier wird es spannend \u2013 entscheidende Werte wie die Herzfrequenz und der Sauerstoffverbrauch lagen dennoch innerhalb dessen, was vom US-Amerikanischen Gesundheitsministerium als moderate Intensit\u00e4t definiert wird. So kann man schliessen, dass das Fahren mit dem E-Bike durchaus gesundheitsf\u00f6rdernd f\u00fcr den K\u00f6rper ist.<\/p>\n\n\n\n<p>Dass E-Bike fahren unsportlich ist, ist also tats\u00e4chlich nur ein fieses Klischee.<\/p>\n\n\n\n<h2 class=\"wp-block-heading\">E-Bike Fahrer*innen sind h\u00e4ufiger und weiter unterwegs<\/h2>\n\n\n\n<figure class=\"wp-block-image size-full\"><a href=\"https:\/\/listings.mybikeplan.ch\/wp-content\/uploads\/2022\/12\/BlogBanner-3-1024x576-1.jpg\"><img loading=\"lazy\" decoding=\"async\" width=\"1024\" height=\"576\" src=\"https:\/\/listings.mybikeplan.ch\/wp-content\/uploads\/2022\/12\/BlogBanner-3-1024x576-1.jpg\" alt=\"e-bike fahren\" class=\"wp-image-23966\" srcset=\"https:\/\/listings.mybikeplan.ch\/wp-content\/uploads\/2022\/12\/BlogBanner-3-1024x576-1.jpg 1024w, https:\/\/listings.mybikeplan.ch\/wp-content\/uploads\/2022\/12\/BlogBanner-3-1024x576-1-555x312.jpg 555w, https:\/\/listings.mybikeplan.ch\/wp-content\/uploads\/2022\/12\/BlogBanner-3-1024x576-1-570x320.jpg 570w, https:\/\/listings.mybikeplan.ch\/wp-content\/uploads\/2022\/12\/BlogBanner-3-1024x576-1-768x432.jpg 768w, https:\/\/listings.mybikeplan.ch\/wp-content\/uploads\/2022\/12\/BlogBanner-3-1024x576-1-666x375.jpg 666w\" sizes=\"auto, (max-width: 1024px) 100vw, 1024px\" \/><\/a><\/figure>\n\n\n\n<p>Eine andere, europ\u00e4ische Studie, bei der 10\u2019000 Menschen bez\u00fcglich ihrer E-Bike-Nutzung befragt wurden, kam zu weiteren erstaunlichen Ergebnissen: So verbrauchen E-Bike Fahrer*innen im Schnitt genau so viele Kalorien wie Fahrer*innen von herk\u00f6mmlichen Velos.&nbsp;<\/p>\n\n\n\n<p>Erkl\u00e4ren l\u00e4sst sich das dadurch, dass E-Bike Fahrer*innen \u2013 motiviert durch den motorisierten Antrieb \u2013 im Schnitt weitere Strecken zur\u00fccklegen als gew\u00f6hnliche Fahrradfahrer*innen. Auf Touren legen E-Bike Fahrer*innen durchschnittlich eine Strecke von 9,4 km zur\u00fcck (im Vergleich zu den 4,8 km bei gew\u00f6hnlichen Radfahrer*innen). Beim Pendeln sind es 8 km auf dem E-Bike und 5,3 km mit dem normalen Fahrrad.<\/p>\n\n\n\n<p><strong>Wir schliessen also:<\/strong> Ja, das Fahren mit dem E-Bike ist weniger anstrengend. Ist also E-Bike fahren unsportlich? Nein, denn: Unter dem Strich ist das genau der Grund, weshalb E-Bike Fahrer*innen sich weitere Strecken zutrauen \u2013 und das wiederum macht das E-Bike statistisch gesehen genauso gesund wie ein normales Velo.<\/p>\n\n\n\n<p>Schick diesen Artikel also gerne all den E-Bike-Skeptiker*innen in deinem Leben weiter. Wer weiss, vielleicht \u00fcberzeugt sie das ja, einem E-Bike eine Chance zu geben \ud83d\ude09<\/p>\n\n\n\n<hr class=\"wp-block-separator has-alpha-channel-opacity\"\/>\n\n\n\n<p>Du m\u00f6chtest ein E-Bike kaufen, um mehr Bewegung in Deinen Alltag hineinzubringen? Dann schau Dir gerne unsere aktuelle Auswahl an hochwertigen E-Bikes an \u2013 von Ghost E-Bikes bis hin zu Cilo Velos und Diamant E-Bikes haben wir f\u00fcr jeden Geschmack etwas.<\/p>\n\n\n\n<div class=\"wp-block-buttons is-layout-flex wp-block-buttons-is-layout-flex\">\n<div class=\"wp-block-button aligncenter\"><a class=\"wp-block-button__link wp-element-button\" href=\"https:\/\/www.mybikeplan.ch\/alle-modelle-e-bike-schweiz\/kategorie\/-\/rahmenvarianten\/-\/batterie-kapazitat\/-\/max-gewicht\/-\/zubehor\/-\/geschwindigkeit\/-\/marke\/-\/motor-marke\/-\/koerpergroesse\/-\/preisbereich\/-\/verfugbar\/-\/sortieren\/preis\/aufsteigend\">Lerne unsere E-Bikes kennen<\/a><\/div>\n<\/div>\n","protected":false},"excerpt":{"rendered":"<p>\u201cEin E-Bike ist ein Velo f\u00fcr Faule!\u201d Dass E-Bike fahren unsportlich sei &#8211; dieses Klischee h\u00e4lt sich hartn\u00e4ckig. Ein E-Bike sei kein richtiges Fahrrad, denn: Wenn man beim Fahren von einem Motor unterst\u00fctzt werde, mache man ja \u201cnicht wirklich\u201d Sport. Schliesslich erledige der E-Bike Motor die ganze Arbeit. Und \u00fcberhaupt, f\u00fcr die Gesundheit bringe das [&hellip;]<\/p>\n","protected":false},"author":15,"featured_media":23964,"comment_status":"open","ping_status":"open","sticky":false,"template":"","format":"standard","meta":{"_acf_changed":false,"footnotes":""},"categories":[3377,4441,1],"tags":[],"class_list":["post-22817","post","type-post","status-publish","format-standard","has-post-thumbnail","hentry","category-e-bike-wissen","category-mybikeplan","category-unkategorisiert"],"acf":[],"yoast_head":"<!-- This site is optimized with the Yoast SEO plugin v24.5 - https:\/\/yoast.com\/wordpress\/plugins\/seo\/ -->\n<title>Macht E-Bike fahren unsportlich? Ganz im Gegenteil!<\/title>\n<meta name=\"description\" content=\"Das Klischee, das E-Bike fahren faul sei, h\u00e4lt sich hartn\u00e4ckig. Doch wer ein E-Bike f\u00e4hrt, der ist nicht weniger sportlich.\" \/>\n<meta name=\"robots\" content=\"noindex, follow, max-snippet:-1, max-image-preview:large, max-video-preview:-1\" \/>\n<meta property=\"og:locale\" content=\"de_DE\" \/>\n<meta property=\"og:type\" content=\"article\" \/>\n<meta property=\"og:title\" content=\"Macht E-Bike fahren unsportlich? Ganz im Gegenteil!\" \/>\n<meta property=\"og:description\" content=\"Das Klischee, das E-Bike fahren faul sei, h\u00e4lt sich hartn\u00e4ckig. Doch wer ein E-Bike f\u00e4hrt, der ist nicht weniger sportlich.\" \/>\n<meta property=\"og:url\" content=\"https:\/\/listings.mybikeplan.ch\/de\/mybikeplan\/e-bike-wissen\/e-bike-fahren-macht-faul-von-wegen\/\" \/>\n<meta property=\"og:site_name\" content=\"MyBikePlan\" \/>\n<meta property=\"article:published_time\" content=\"2022-11-29T15:00:00+00:00\" \/>\n<meta property=\"article:modified_time\" content=\"2023-08-03T13:56:06+00:00\" \/>\n<meta property=\"og:image\" content=\"https:\/\/listings.mybikeplan.ch\/wp-content\/uploads\/2022\/11\/BlogBanner-4-1024x576-1.jpg\" \/>\n\t<meta property=\"og:image:width\" content=\"1024\" \/>\n\t<meta property=\"og:image:height\" content=\"576\" \/>\n\t<meta property=\"og:image:type\" content=\"image\/jpeg\" \/>\n<meta name=\"author\" content=\"Evelyne Aschwanden\" \/>\n<meta name=\"twitter:card\" content=\"summary_large_image\" \/>\n<meta name=\"twitter:label1\" content=\"Verfasst von\" \/>\n\t<meta name=\"twitter:data1\" content=\"Evelyne Aschwanden\" \/>\n\t<meta name=\"twitter:label2\" content=\"Gesch\u00e4tzte Lesezeit\" \/>\n\t<meta name=\"twitter:data2\" content=\"3\u00a0Minuten\" \/>\n<script type=\"application\/ld+json\" class=\"yoast-schema-graph\">{\"@context\":\"https:\/\/schema.org\",\"@graph\":[{\"@type\":\"WebPage\",\"@id\":\"https:\/\/listings.mybikeplan.ch\/de\/mybikeplan\/e-bike-wissen\/e-bike-fahren-macht-faul-von-wegen\/\",\"url\":\"https:\/\/listings.mybikeplan.ch\/de\/mybikeplan\/e-bike-wissen\/e-bike-fahren-macht-faul-von-wegen\/\",\"name\":\"Macht E-Bike fahren unsportlich? Ganz im Gegenteil!\",\"isPartOf\":{\"@id\":\"https:\/\/listings.mybikeplan.ch\/de\/#website\"},\"primaryImageOfPage\":{\"@id\":\"https:\/\/listings.mybikeplan.ch\/de\/mybikeplan\/e-bike-wissen\/e-bike-fahren-macht-faul-von-wegen\/#primaryimage\"},\"image\":{\"@id\":\"https:\/\/listings.mybikeplan.ch\/de\/mybikeplan\/e-bike-wissen\/e-bike-fahren-macht-faul-von-wegen\/#primaryimage\"},\"thumbnailUrl\":\"https:\/\/listings.mybikeplan.ch\/wp-content\/uploads\/2022\/11\/BlogBanner-4-1024x576-1.jpg\",\"datePublished\":\"2022-11-29T15:00:00+00:00\",\"dateModified\":\"2023-08-03T13:56:06+00:00\",\"author\":{\"@id\":\"https:\/\/listings.mybikeplan.ch\/de\/#\/schema\/person\/514a6130749cc58319f751509338dafd\"},\"description\":\"Das Klischee, das E-Bike fahren faul sei, h\u00e4lt sich hartn\u00e4ckig. Doch wer ein E-Bike f\u00e4hrt, der ist nicht weniger sportlich.\",\"breadcrumb\":{\"@id\":\"https:\/\/listings.mybikeplan.ch\/de\/mybikeplan\/e-bike-wissen\/e-bike-fahren-macht-faul-von-wegen\/#breadcrumb\"},\"inLanguage\":\"de\",\"potentialAction\":[{\"@type\":\"ReadAction\",\"target\":[\"https:\/\/listings.mybikeplan.ch\/de\/mybikeplan\/e-bike-wissen\/e-bike-fahren-macht-faul-von-wegen\/\"]}]},{\"@type\":\"ImageObject\",\"inLanguage\":\"de\",\"@id\":\"https:\/\/listings.mybikeplan.ch\/de\/mybikeplan\/e-bike-wissen\/e-bike-fahren-macht-faul-von-wegen\/#primaryimage\",\"url\":\"https:\/\/listings.mybikeplan.ch\/wp-content\/uploads\/2022\/11\/BlogBanner-4-1024x576-1.jpg\",\"contentUrl\":\"https:\/\/listings.mybikeplan.ch\/wp-content\/uploads\/2022\/11\/BlogBanner-4-1024x576-1.jpg\",\"width\":1024,\"height\":576,\"caption\":\"e-bike fahren\"},{\"@type\":\"BreadcrumbList\",\"@id\":\"https:\/\/listings.mybikeplan.ch\/de\/mybikeplan\/e-bike-wissen\/e-bike-fahren-macht-faul-von-wegen\/#breadcrumb\",\"itemListElement\":[{\"@type\":\"ListItem\",\"position\":1,\"name\":\"Home\",\"item\":\"https:\/\/listings.mybikeplan.ch\/de\/\"},{\"@type\":\"ListItem\",\"position\":2,\"name\":\"Ist E-Bike fahren unsportlich? Von wegen!\"}]},{\"@type\":\"WebSite\",\"@id\":\"https:\/\/listings.mybikeplan.ch\/de\/#website\",\"url\":\"https:\/\/listings.mybikeplan.ch\/de\/\",\"name\":\"MyBikePlan\",\"description\":\"\",\"potentialAction\":[{\"@type\":\"SearchAction\",\"target\":{\"@type\":\"EntryPoint\",\"urlTemplate\":\"https:\/\/listings.mybikeplan.ch\/de\/?s={search_term_string}\"},\"query-input\":{\"@type\":\"PropertyValueSpecification\",\"valueRequired\":true,\"valueName\":\"search_term_string\"}}],\"inLanguage\":\"de\"},{\"@type\":\"Person\",\"@id\":\"https:\/\/listings.mybikeplan.ch\/de\/#\/schema\/person\/514a6130749cc58319f751509338dafd\",\"name\":\"Evelyne Aschwanden\",\"image\":{\"@type\":\"ImageObject\",\"inLanguage\":\"de\",\"@id\":\"https:\/\/listings.mybikeplan.ch\/de\/#\/schema\/person\/image\/\",\"url\":\"https:\/\/secure.gravatar.com\/avatar\/73f0cad78e1012b10bb7c10f05a99be7009e6621353849483b51025ae56a6b37?s=96&d=mm&r=g\",\"contentUrl\":\"https:\/\/secure.gravatar.com\/avatar\/73f0cad78e1012b10bb7c10f05a99be7009e6621353849483b51025ae56a6b37?s=96&d=mm&r=g\",\"caption\":\"Evelyne Aschwanden\"},\"url\":\"https:\/\/listings.mybikeplan.ch\/de\/author\/evelyne-mybikeplan\/\"}]}<\/script>\n<!-- \/ Yoast SEO plugin. -->","yoast_head_json":{"title":"Macht E-Bike fahren unsportlich? Ganz im Gegenteil!","description":"Das Klischee, das E-Bike fahren faul sei, h\u00e4lt sich hartn\u00e4ckig. Doch wer ein E-Bike f\u00e4hrt, der ist nicht weniger sportlich.","robots":{"index":"noindex","follow":"follow","max-snippet":"max-snippet:-1","max-image-preview":"max-image-preview:large","max-video-preview":"max-video-preview:-1"},"og_locale":"de_DE","og_type":"article","og_title":"Macht E-Bike fahren unsportlich? Ganz im Gegenteil!","og_description":"Das Klischee, das E-Bike fahren faul sei, h\u00e4lt sich hartn\u00e4ckig. Doch wer ein E-Bike f\u00e4hrt, der ist nicht weniger sportlich.","og_url":"https:\/\/listings.mybikeplan.ch\/de\/mybikeplan\/e-bike-wissen\/e-bike-fahren-macht-faul-von-wegen\/","og_site_name":"MyBikePlan","article_published_time":"2022-11-29T15:00:00+00:00","article_modified_time":"2023-08-03T13:56:06+00:00","og_image":[{"width":1024,"height":576,"url":"https:\/\/listings.mybikeplan.ch\/wp-content\/uploads\/2022\/11\/BlogBanner-4-1024x576-1.jpg","type":"image\/jpeg"}],"author":"Evelyne Aschwanden","twitter_card":"summary_large_image","twitter_misc":{"Verfasst von":"Evelyne Aschwanden","Gesch\u00e4tzte Lesezeit":"3\u00a0Minuten"},"schema":{"@context":"https:\/\/schema.org","@graph":[{"@type":"WebPage","@id":"https:\/\/listings.mybikeplan.ch\/de\/mybikeplan\/e-bike-wissen\/e-bike-fahren-macht-faul-von-wegen\/","url":"https:\/\/listings.mybikeplan.ch\/de\/mybikeplan\/e-bike-wissen\/e-bike-fahren-macht-faul-von-wegen\/","name":"Macht E-Bike fahren unsportlich? Ganz im Gegenteil!","isPartOf":{"@id":"https:\/\/listings.mybikeplan.ch\/de\/#website"},"primaryImageOfPage":{"@id":"https:\/\/listings.mybikeplan.ch\/de\/mybikeplan\/e-bike-wissen\/e-bike-fahren-macht-faul-von-wegen\/#primaryimage"},"image":{"@id":"https:\/\/listings.mybikeplan.ch\/de\/mybikeplan\/e-bike-wissen\/e-bike-fahren-macht-faul-von-wegen\/#primaryimage"},"thumbnailUrl":"https:\/\/listings.mybikeplan.ch\/wp-content\/uploads\/2022\/11\/BlogBanner-4-1024x576-1.jpg","datePublished":"2022-11-29T15:00:00+00:00","dateModified":"2023-08-03T13:56:06+00:00","author":{"@id":"https:\/\/listings.mybikeplan.ch\/de\/#\/schema\/person\/514a6130749cc58319f751509338dafd"},"description":"Das Klischee, das E-Bike fahren faul sei, h\u00e4lt sich hartn\u00e4ckig. Doch wer ein E-Bike f\u00e4hrt, der ist nicht weniger sportlich.","breadcrumb":{"@id":"https:\/\/listings.mybikeplan.ch\/de\/mybikeplan\/e-bike-wissen\/e-bike-fahren-macht-faul-von-wegen\/#breadcrumb"},"inLanguage":"de","potentialAction":[{"@type":"ReadAction","target":["https:\/\/listings.mybikeplan.ch\/de\/mybikeplan\/e-bike-wissen\/e-bike-fahren-macht-faul-von-wegen\/"]}]},{"@type":"ImageObject","inLanguage":"de","@id":"https:\/\/listings.mybikeplan.ch\/de\/mybikeplan\/e-bike-wissen\/e-bike-fahren-macht-faul-von-wegen\/#primaryimage","url":"https:\/\/listings.mybikeplan.ch\/wp-content\/uploads\/2022\/11\/BlogBanner-4-1024x576-1.jpg","contentUrl":"https:\/\/listings.mybikeplan.ch\/wp-content\/uploads\/2022\/11\/BlogBanner-4-1024x576-1.jpg","width":1024,"height":576,"caption":"e-bike fahren"},{"@type":"BreadcrumbList","@id":"https:\/\/listings.mybikeplan.ch\/de\/mybikeplan\/e-bike-wissen\/e-bike-fahren-macht-faul-von-wegen\/#breadcrumb","itemListElement":[{"@type":"ListItem","position":1,"name":"Home","item":"https:\/\/listings.mybikeplan.ch\/de\/"},{"@type":"ListItem","position":2,"name":"Ist E-Bike fahren unsportlich? Von wegen!"}]},{"@type":"WebSite","@id":"https:\/\/listings.mybikeplan.ch\/de\/#website","url":"https:\/\/listings.mybikeplan.ch\/de\/","name":"MyBikePlan","description":"","potentialAction":[{"@type":"SearchAction","target":{"@type":"EntryPoint","urlTemplate":"https:\/\/listings.mybikeplan.ch\/de\/?s={search_term_string}"},"query-input":{"@type":"PropertyValueSpecification","valueRequired":true,"valueName":"search_term_string"}}],"inLanguage":"de"},{"@type":"Person","@id":"https:\/\/listings.mybikeplan.ch\/de\/#\/schema\/person\/514a6130749cc58319f751509338dafd","name":"Evelyne Aschwanden","image":{"@type":"ImageObject","inLanguage":"de","@id":"https:\/\/listings.mybikeplan.ch\/de\/#\/schema\/person\/image\/","url":"https:\/\/secure.gravatar.com\/avatar\/73f0cad78e1012b10bb7c10f05a99be7009e6621353849483b51025ae56a6b37?s=96&d=mm&r=g","contentUrl":"https:\/\/secure.gravatar.com\/avatar\/73f0cad78e1012b10bb7c10f05a99be7009e6621353849483b51025ae56a6b37?s=96&d=mm&r=g","caption":"Evelyne Aschwanden"},"url":"https:\/\/listings.mybikeplan.ch\/de\/author\/evelyne-mybikeplan\/"}]}},"locale":"de","_links":{"self":[{"href":"https:\/\/listings.mybikeplan.ch\/de\/wp-json\/wp\/v2\/posts\/22817","targetHints":{"allow":["GET"]}}],"collection":[{"href":"https:\/\/listings.mybikeplan.ch\/de\/wp-json\/wp\/v2\/posts"}],"about":[{"href":"https:\/\/listings.mybikeplan.ch\/de\/wp-json\/wp\/v2\/types\/post"}],"author":[{"embeddable":true,"href":"https:\/\/listings.mybikeplan.ch\/de\/wp-json\/wp\/v2\/users\/15"}],"replies":[{"embeddable":true,"href":"https:\/\/listings.mybikeplan.ch\/de\/wp-json\/wp\/v2\/comments?post=22817"}],"version-history":[{"count":4,"href":"https:\/\/listings.mybikeplan.ch\/de\/wp-json\/wp\/v2\/posts\/22817\/revisions"}],"predecessor-version":[{"id":32855,"href":"https:\/\/listings.mybikeplan.ch\/de\/wp-json\/wp\/v2\/posts\/22817\/revisions\/32855"}],"wp:featuredmedia":[{"embeddable":true,"href":"https:\/\/listings.mybikeplan.ch\/de\/wp-json\/wp\/v2\/media\/23964"}],"wp:attachment":[{"href":"https:\/\/listings.mybikeplan.ch\/de\/wp-json\/wp\/v2\/media?parent=22817"}],"wp:term":[{"taxonomy":"category","embeddable":true,"href":"https:\/\/listings.mybikeplan.ch\/de\/wp-json\/wp\/v2\/categories?post=22817"},{"taxonomy":"post_tag","embeddable":true,"href":"https:\/\/listings.mybikeplan.ch\/de\/wp-json\/wp\/v2\/tags?post=22817"}],"curies":[{"name":"wp","href":"https:\/\/api.w.org\/{rel}","templated":true}]}}