{"id":17406,"date":"2022-04-12T15:19:37","date_gmt":"2022-04-12T15:19:37","guid":{"rendered":"https:\/\/listings.mybikeplan.ch\/?p=17406"},"modified":"2024-04-10T12:24:09","modified_gmt":"2024-04-10T12:24:09","slug":"was-tun-am-osterwochenende-in-der-schweiz","status":"publish","type":"post","link":"https:\/\/listings.mybikeplan.ch\/de\/mybikeplan\/was-tun-am-osterwochenende-in-der-schweiz\/","title":{"rendered":"Die besten Velorouten f\u00fcr das lange Osterwochenende"},"content":{"rendered":"\n<p>Ostern steht vor der T\u00fcr: Der perfekte Zeitpunkt, um dein E-Bike aus dem Velokeller hervorzuholen und die erste Tour des Jahres zu planen. Vier Tage und sonniges Wetter versprechen eine grosse Auswahl an Routen, die Du mit Deinem E-Bike unternehmen kannst. Wir haben eine Auswahl passender Velotouren f\u00fcr jedes Niveau!<\/p>\n\n\n\n<ul class=\"wp-block-list\">\n<li><a href=\"#seenroute\">Seen-Route: Einsiedeln-Niederurnen<\/a><\/li>\n\n\n\n<li><a href=\"#rhone\">Rh\u00f4ne-Route: Martigny-Montreux<\/a><\/li>\n\n\n\n<li><a href=\"#bellinzona\">Percorso Valle Maggia: Bellinzona-Locarno<\/a><\/li>\n\n\n\n<li><a href=\"#rhein\">Rhein-Route: St. Margrethen-Kreuzlingen<\/a><\/li>\n<\/ul>\n\n\n<div class=\"wp-block-image\">\n<figure class=\"aligncenter size-large is-resized\"><a href=\"https:\/\/listings.mybikeplan.ch\/wp-content\/uploads\/2022\/04\/sebastian-herrmann-QE_SAmdbnS8-unsplash-1-scaled.jpg\"><img loading=\"lazy\" decoding=\"async\" src=\"https:\/\/listings.mybikeplan.ch\/wp-content\/uploads\/2022\/04\/sebastian-herrmann-QE_SAmdbnS8-unsplash-1-1024x683.jpg\" alt=\"e-bike touren\" class=\"wp-image-17409\" width=\"768\" height=\"512\" srcset=\"https:\/\/listings.mybikeplan.ch\/wp-content\/uploads\/2022\/04\/sebastian-herrmann-QE_SAmdbnS8-unsplash-1-1024x683.jpg 1024w, https:\/\/listings.mybikeplan.ch\/wp-content\/uploads\/2022\/04\/sebastian-herrmann-QE_SAmdbnS8-unsplash-1-540x360.jpg 540w, https:\/\/listings.mybikeplan.ch\/wp-content\/uploads\/2022\/04\/sebastian-herrmann-QE_SAmdbnS8-unsplash-1-768x512.jpg 768w, https:\/\/listings.mybikeplan.ch\/wp-content\/uploads\/2022\/04\/sebastian-herrmann-QE_SAmdbnS8-unsplash-1-1536x1024.jpg 1536w, https:\/\/listings.mybikeplan.ch\/wp-content\/uploads\/2022\/04\/sebastian-herrmann-QE_SAmdbnS8-unsplash-1-2048x1365.jpg 2048w, https:\/\/listings.mybikeplan.ch\/wp-content\/uploads\/2022\/04\/sebastian-herrmann-QE_SAmdbnS8-unsplash-1-666x444.jpg 666w\" sizes=\"auto, (max-width: 768px) 100vw, 768px\" \/><\/a><figcaption class=\"wp-element-caption\">Was tun am Osterwochenende in der Schweiz?<\/figcaption><\/figure><\/div>\n\n\n<h2 class=\"wp-block-heading\"><strong><strong>First things first: Wie bereite ich mich am besten auf eine lange Velotour vor?<\/strong><\/strong><\/h2>\n\n\n\n<p>Bevor Du Dich auf eine lange Velo- oder E-Bike-Tour begibst, ist es wichtig, dass Du Dich gut vorbereitest.<\/p>\n\n\n\n<h3 class=\"wp-block-heading\">Informiere Dich \u00fcber die Tour<\/h3>\n\n\n\n<p>Manchmal erscheinen uns die geplanten Touren auf einer Karte als leicht machbar, nur um im Endeffekt dann doch \u00fcberrascht zu werden. Als Erstes solltest Du Dich also vergewissern, dass der Schwierigkeitsgrad der Tour Deinem Niveau entspricht. Wenn Du Dir zu grosse Ziele setzt, kann es sein, dass Du den Moment nicht voll geniessen kannst und Dich entmutigt f\u00fchlst.&nbsp;<\/p>\n\n\n\n<h3 class=\"wp-block-heading\"><strong>Plane Wasser und Nahrung ein<\/strong><\/h3>\n\n\n\n<p>Sport zu treiben macht m\u00fcde. Achte darauf, dass Du Wasser einpackst, um w\u00e4hrend Deiner E-Bike-Tour hydriert zu bleiben. Wir empfehlen Dir ausserdem, je nach Dauer und L\u00e4nge Deiner Tour, einen Snack oder M\u00fcsliriegel einzupacken.&nbsp;<\/p>\n\n\n\n<p>Kleines Plus: Du kannst auf der Strecke ein Picknick auf einer Gr\u00fcnfl\u00e4che einplanen, um die Sonne zu geniessen und gest\u00e4rkt nach Hause zu fahren.&nbsp;<\/p>\n\n\n\n<h3 class=\"wp-block-heading\"><strong>Plane geeignete Kleidung ein<\/strong><\/h3>\n\n\n\n<p>Auch wenn die Temperaturen nicht wie in einem Sommermonat sind, kann es sein, dass die Sonne scheint. Plane einen Helm mit Visier oder eine M\u00fctze ein, die Du unter Deinem Helm ohne Visier tragen kannst, um Dich vor der Sonne zu sch\u00fctzen. Die UV-Strahlen sind bereits sp\u00fcrbar, also z\u00f6gere nicht, eine Sonnencreme zum Schutz Deiner Haut einzupacken.&nbsp;<\/p>\n\n\n\n<p>Im Fr\u00fchling \u00e4ndern sich die Temperaturen rasch, deshalb solltest Du Dich warm anziehen, wenn es windig ist oder wenn Du im Schatten f\u00e4hrst.&nbsp;<\/p>\n\n\n\n<p><strong>Und ganz wichtig:<\/strong> Vergiss deine Scheinwerfer nicht! Sie sind bei Tag und Nacht Pflicht.<\/p>\n\n\n\n<h2 class=\"wp-block-heading\"><strong>Die besten Routen f\u00fcr das verl\u00e4ngerte Wochenende<\/strong><\/h2>\n\n\n\n<p>Im Folgenden m\u00f6chten wir Dir ein paar unserer Geheimtipps vorstellen, mit denen Du deine Velotour am langen Osterwochenende planen kannst. Es ist f\u00fcr jeden etwas dabei!<\/p>\n\n\n\n<h2 class=\"wp-block-heading\" id=\"seenroute\"><strong><a href=\"https:\/\/www.schweizmobil.ch\/de\/veloland\/routen\/route\/etappe-01006.html\">Seen-Route<\/a>: Einsiedeln-Niederurnen<\/strong><\/h2>\n\n\n\n<iframe src=\"https:\/\/www.google.com\/maps\/embed?pb=!1m28!1m12!1m3!1d173612.86672248895!2d8.746683669796246!3d47.16370930353263!2m3!1f0!2f0!3f0!3m2!1i1024!2i768!4f13.1!4m13!3e1!4m5!1s0x479ab34307919f9f%3A0xb1553eede59939fb!2sEinsiedeln!3m2!1d47.127353!2d8.7451537!4m5!1s0x479acd0b21f91dfd%3A0x6eb928b1714053f3!2sNiederurnen!3m2!1d47.125507!2d9.0531505!5e0!3m2!1sde!2sch!4v1664875842907!5m2!1sde!2sch\" width=\"600\" height=\"450\" style=\"border:0;\" allowfullscreen=\"\" loading=\"lazy\" referrerpolicy=\"no-referrer-when-downgrade\"><\/iframe>\n\n\n\n<ul class=\"wp-block-list\">\n<li>Entfernung: ca. 45 km<\/li>\n\n\n\n<li>Dauer: 2 bis 2,5 Stunden<\/li>\n\n\n\n<li>Schwierigkeitsgrad: mittel<\/li>\n<\/ul>\n\n\n\n<p>Die Seenroute ist eine angenehme und charmante Radtour. Geniesse zu Beginn der Tour den Sihlsee, der als Stromlieferant bekannt ist. Dann geht es weiter Richtung Z\u00fcrichsee mit seinen beeindruckenden H\u00e4usern. Schliesslich f\u00fchrt die Tour weiter entlang des Kanals mit seinen neuen landwirtschaftlichen Fl\u00e4chen und Wiesen.&nbsp;<\/p>\n\n\n\n<p>Dies ist eine ideale Tour f\u00fcr einen Ausflug mit einer Gruppe, der Familie oder allein. Geniesse die Landschaft und das sch\u00f6ne Wetter, w\u00e4hrend Du in Deinem eigenen Tempo in die Pedale trittst.<\/p>\n\n\n\n<h2 class=\"wp-block-heading\" id=\"rhone\"><strong><a href=\"https:\/\/www.schweizmobil.ch\/de\/veloland\/route-01.html\">Rh\u00f4ne-Route<\/a>: Martigny-Montreux<\/strong><\/h2>\n\n\n\n<iframe src=\"https:\/\/www.google.com\/maps\/embed?pb=!1m28!1m12!1m3!1d176518.72957492855!2d6.852718204241727!3d46.26801459236371!2m3!1f0!2f0!3f0!3m2!1i1024!2i768!4f13.1!4m13!3e1!4m5!1s0x478ec83344107147%3A0xb9571ef432e9fd01!2sMartigny!3m2!1d46.104979799999995!2d7.075533399999999!4m5!1s0x478e9b20cdb650cd%3A0xccc07a7fc46d1847!2sMontreux!3m2!1d46.4312213!2d6.9106799!5e0!3m2!1sde!2sch!4v1664875884967!5m2!1sde!2sch\" width=\"600\" height=\"450\" style=\"border:0;\" allowfullscreen=\"\" loading=\"lazy\" referrerpolicy=\"no-referrer-when-downgrade\"><\/iframe>\n\n\n\n<ul class=\"wp-block-list\">\n<li>Entfernung: ca. 45 km<\/li>\n\n\n\n<li>Dauer: 2 bis 2,5 Stunden<\/li>\n\n\n\n<li>Schwierigkeitsgrad: mittel<\/li>\n<\/ul>\n\n\n\n<p>Diese reizvolle Tour vereint alle Vorz\u00fcge der Schweiz: die Berge, die Ebenen und nicht zu vergessen die Seen. Von Martigny aus geniesst Du die Natur und die H\u00f6henlagen, bevor Du am Genfer See entlang endest.&nbsp;<\/p>\n\n\n\n<h2 class=\"wp-block-heading\" id=\"bellinzona\"><strong><a href=\"https:\/\/www.schweizmobil.ch\/de\/veloland\/routen\/regionale-routen\/route-031.html\">Percorso Valle Maggia<\/a>: Bellinzona-Locarno<\/strong><\/h2>\n\n\n\n<iframe src=\"https:\/\/www.google.com\/maps\/embed?pb=!1m28!1m12!1m3!1d88399.66512102885!2d8.839018199386041!3d46.18081630880163!2m3!1f0!2f0!3f0!3m2!1i1024!2i768!4f13.1!4m13!3e1!4m5!1s0x47844bcafe66f73b%3A0xfe0f897d85044c14!2sBellinzona!3m2!1d46.1946216!2d9.0244124!4m5!1s0x4785c9fcdf682823%3A0xff9107992fea3a9a!2sLocarno!3m2!1d46.166998799999995!2d8.7942643!5e0!3m2!1sde!2sch!4v1664875915944!5m2!1sde!2sch\" width=\"600\" height=\"450\" style=\"border:0;\" allowfullscreen=\"\" loading=\"lazy\" referrerpolicy=\"no-referrer-when-downgrade\"><\/iframe>\n\n\n\n<ul class=\"wp-block-list\">\n<li>Entfernung: ca. 22 km<\/li>\n\n\n\n<li>Dauer: ca. 1 Stunde<\/li>\n\n\n\n<li>Schwierigkeitsgrad: mittel<\/li>\n<\/ul>\n\n\n\n<p>Fahre in Richtung des Kantons Tessin mit seiner atemberaubenden Landschaft. Die Burg von Castelgrande, der Parco Avventura (Baumklettern), das Naturschutzgebiet Bolle di Magadino, der Verzasca-Staudamm, der Lago Maggiore, der Sandstrand in Minusio \u2013 es gibt so viel zu sehen auf dieser Tour.<\/p>\n\n\n\n<h2 class=\"wp-block-heading\" id=\"rhein\"><strong><a href=\"https:\/\/www.schweizmobil.ch\/de\/veloland\/route-02.html\">Rhein-Route<\/a>: St. Margrethen-Kreuzlingen&nbsp;<\/strong><\/h2>\n\n\n\n<iframe src=\"https:\/\/www.google.com\/maps\/embed?pb=!1m28!1m12!1m3!1d172356.06398037812!2d9.264396519740306!3d47.54709284816015!2m3!1f0!2f0!3f0!3m2!1i1024!2i768!4f13.1!4m13!3e1!4m5!1s0x479b11161fd06987%3A0x247858e69a873833!2sSt.%20Margrethen!3m2!1d47.4496088!2d9.6376089!4m5!1s0x479af72e3a0ca66d%3A0xf2bbe4623eb9d6f2!2sKreuzlingen!3m2!1d47.644739699999995!2d9.170785799999999!5e0!3m2!1sde!2sch!4v1664875946397!5m2!1sde!2sch\" width=\"600\" height=\"450\" style=\"border:0;\" allowfullscreen=\"\" loading=\"lazy\" referrerpolicy=\"no-referrer-when-downgrade\"><\/iframe>\n\n\n\n<ul class=\"wp-block-list\">\n<li>Entfernung: ca. 55 km<\/li>\n\n\n\n<li>Dauer: 2,5 bis 3 Stunden<\/li>\n\n\n\n<li>Schwierigkeitsgrad: mittel<\/li>\n<\/ul>\n\n\n\n<p>Fahre zum Bodensee, der eine atemberaubende Landschaft bietet. Die Tour verl\u00e4uft entlang des Sees und ist ideal, wenn Du eine Mittagspause einlegen m\u00f6chtest. Mit dem lebhaften Leben an seinen Ufern ist der Thurgau eine idyllische Region mit Schl\u00f6ssern und grossen Obstplantagen.<\/p>\n\n\n\n<hr class=\"wp-block-separator has-css-opacity\"\/>\n\n\n\n<p>Du planst eine Velo-Tour mit der ganzen Familie? <a href=\"https:\/\/www.mybikeplan.ch\/zubehor\">Dann st\u00f6bere in unserem Sortiment an Zubeh\u00f6r und Accessoires<\/a>, um den richtigen Anh\u00e4nger zu finden!<\/p>\n","protected":false},"excerpt":{"rendered":"<p>Ostern steht vor der T\u00fcr: Der perfekte Zeitpunkt, um dein E-Bike aus dem Velokeller hervorzuholen und die erste Tour des Jahres zu planen. Vier Tage und sonniges Wetter versprechen eine grosse Auswahl an Routen, die Du mit Deinem E-Bike unternehmen kannst. Wir haben eine Auswahl passender Velotouren f\u00fcr jedes Niveau! First things first: Wie bereite [&hellip;]<\/p>\n","protected":false},"author":7,"featured_media":17407,"comment_status":"open","ping_status":"open","sticky":false,"template":"","format":"standard","meta":{"_acf_changed":false,"footnotes":""},"categories":[4441,1,3382],"tags":[],"class_list":["post-17406","post","type-post","status-publish","format-standard","has-post-thumbnail","hentry","category-mybikeplan","category-unkategorisiert","category-velotouren"],"acf":[],"yoast_head":"<!-- This site is optimized with the Yoast SEO plugin v24.5 - https:\/\/yoast.com\/wordpress\/plugins\/seo\/ -->\n<title>Was tun am Osterwochenende in der Schweiz? | MyBikePlan<\/title>\n<meta name=\"description\" content=\"Ostern steht vor der T\u00fcr und du fragst dich bestimmt, was du an diesem langen Osterwochenende in der Schweiz unternehmen kannst.\" \/>\n<meta name=\"robots\" content=\"noindex, follow, max-snippet:-1, max-image-preview:large, max-video-preview:-1\" \/>\n<meta property=\"og:locale\" content=\"de_DE\" \/>\n<meta property=\"og:type\" content=\"article\" \/>\n<meta property=\"og:title\" content=\"Was tun am Osterwochenende in der Schweiz? | MyBikePlan\" \/>\n<meta property=\"og:description\" content=\"Ostern steht vor der T\u00fcr und du fragst dich bestimmt, was du an diesem langen Osterwochenende in der Schweiz unternehmen kannst.\" \/>\n<meta property=\"og:url\" content=\"https:\/\/listings.mybikeplan.ch\/de\/mybikeplan\/was-tun-am-osterwochenende-in-der-schweiz\/\" \/>\n<meta property=\"og:site_name\" content=\"MyBikePlan\" \/>\n<meta property=\"article:published_time\" content=\"2022-04-12T15:19:37+00:00\" \/>\n<meta property=\"article:modified_time\" content=\"2024-04-10T12:24:09+00:00\" \/>\n<meta property=\"og:image\" content=\"https:\/\/listings.mybikeplan.ch\/wp-content\/uploads\/2022\/04\/sebastian-herrmann-QE_SAmdbnS8-unsplash-scaled.jpg\" \/>\n\t<meta property=\"og:image:width\" content=\"2560\" \/>\n\t<meta property=\"og:image:height\" content=\"1707\" \/>\n\t<meta property=\"og:image:type\" content=\"image\/jpeg\" \/>\n<meta name=\"author\" content=\"Anouk Vaudoyer\" \/>\n<meta name=\"twitter:card\" content=\"summary_large_image\" \/>\n<meta name=\"twitter:label1\" content=\"Verfasst von\" \/>\n\t<meta name=\"twitter:data1\" content=\"Anouk Vaudoyer\" \/>\n\t<meta name=\"twitter:label2\" content=\"Gesch\u00e4tzte Lesezeit\" \/>\n\t<meta name=\"twitter:data2\" content=\"3\u00a0Minuten\" \/>\n<script type=\"application\/ld+json\" class=\"yoast-schema-graph\">{\"@context\":\"https:\/\/schema.org\",\"@graph\":[{\"@type\":\"WebPage\",\"@id\":\"https:\/\/listings.mybikeplan.ch\/de\/mybikeplan\/was-tun-am-osterwochenende-in-der-schweiz\/\",\"url\":\"https:\/\/listings.mybikeplan.ch\/de\/mybikeplan\/was-tun-am-osterwochenende-in-der-schweiz\/\",\"name\":\"Was tun am Osterwochenende in der Schweiz? | MyBikePlan\",\"isPartOf\":{\"@id\":\"https:\/\/listings.mybikeplan.ch\/de\/#website\"},\"primaryImageOfPage\":{\"@id\":\"https:\/\/listings.mybikeplan.ch\/de\/mybikeplan\/was-tun-am-osterwochenende-in-der-schweiz\/#primaryimage\"},\"image\":{\"@id\":\"https:\/\/listings.mybikeplan.ch\/de\/mybikeplan\/was-tun-am-osterwochenende-in-der-schweiz\/#primaryimage\"},\"thumbnailUrl\":\"https:\/\/listings.mybikeplan.ch\/wp-content\/uploads\/2022\/04\/sebastian-herrmann-QE_SAmdbnS8-unsplash-scaled.jpg\",\"datePublished\":\"2022-04-12T15:19:37+00:00\",\"dateModified\":\"2024-04-10T12:24:09+00:00\",\"author\":{\"@id\":\"https:\/\/listings.mybikeplan.ch\/de\/#\/schema\/person\/af9ea95c7323c582a24df91d53b4d197\"},\"description\":\"Ostern steht vor der T\u00fcr und du fragst dich bestimmt, was du an diesem langen Osterwochenende in der Schweiz unternehmen kannst.\",\"breadcrumb\":{\"@id\":\"https:\/\/listings.mybikeplan.ch\/de\/mybikeplan\/was-tun-am-osterwochenende-in-der-schweiz\/#breadcrumb\"},\"inLanguage\":\"de\",\"potentialAction\":[{\"@type\":\"ReadAction\",\"target\":[\"https:\/\/listings.mybikeplan.ch\/de\/mybikeplan\/was-tun-am-osterwochenende-in-der-schweiz\/\"]}]},{\"@type\":\"ImageObject\",\"inLanguage\":\"de\",\"@id\":\"https:\/\/listings.mybikeplan.ch\/de\/mybikeplan\/was-tun-am-osterwochenende-in-der-schweiz\/#primaryimage\",\"url\":\"https:\/\/listings.mybikeplan.ch\/wp-content\/uploads\/2022\/04\/sebastian-herrmann-QE_SAmdbnS8-unsplash-scaled.jpg\",\"contentUrl\":\"https:\/\/listings.mybikeplan.ch\/wp-content\/uploads\/2022\/04\/sebastian-herrmann-QE_SAmdbnS8-unsplash-scaled.jpg\",\"width\":2560,\"height\":1707,\"caption\":\"e-bike touren\"},{\"@type\":\"BreadcrumbList\",\"@id\":\"https:\/\/listings.mybikeplan.ch\/de\/mybikeplan\/was-tun-am-osterwochenende-in-der-schweiz\/#breadcrumb\",\"itemListElement\":[{\"@type\":\"ListItem\",\"position\":1,\"name\":\"Home\",\"item\":\"https:\/\/listings.mybikeplan.ch\/de\/\"},{\"@type\":\"ListItem\",\"position\":2,\"name\":\"Die besten Velorouten f\u00fcr das lange Osterwochenende\"}]},{\"@type\":\"WebSite\",\"@id\":\"https:\/\/listings.mybikeplan.ch\/de\/#website\",\"url\":\"https:\/\/listings.mybikeplan.ch\/de\/\",\"name\":\"MyBikePlan\",\"description\":\"\",\"potentialAction\":[{\"@type\":\"SearchAction\",\"target\":{\"@type\":\"EntryPoint\",\"urlTemplate\":\"https:\/\/listings.mybikeplan.ch\/de\/?s={search_term_string}\"},\"query-input\":{\"@type\":\"PropertyValueSpecification\",\"valueRequired\":true,\"valueName\":\"search_term_string\"}}],\"inLanguage\":\"de\"},{\"@type\":\"Person\",\"@id\":\"https:\/\/listings.mybikeplan.ch\/de\/#\/schema\/person\/af9ea95c7323c582a24df91d53b4d197\",\"name\":\"Anouk Vaudoyer\",\"image\":{\"@type\":\"ImageObject\",\"inLanguage\":\"de\",\"@id\":\"https:\/\/listings.mybikeplan.ch\/de\/#\/schema\/person\/image\/\",\"url\":\"https:\/\/secure.gravatar.com\/avatar\/bfce9c1d9ed736e9f036fa97a03dbeada0f82bab5ede6a316f6786a85bf2a445?s=96&d=mm&r=g\",\"contentUrl\":\"https:\/\/secure.gravatar.com\/avatar\/bfce9c1d9ed736e9f036fa97a03dbeada0f82bab5ede6a316f6786a85bf2a445?s=96&d=mm&r=g\",\"caption\":\"Anouk Vaudoyer\"},\"url\":\"https:\/\/listings.mybikeplan.ch\/de\/author\/anouk-mybikeplan\/\"}]}<\/script>\n<!-- \/ Yoast SEO plugin. -->","yoast_head_json":{"title":"Was tun am Osterwochenende in der Schweiz? | MyBikePlan","description":"Ostern steht vor der T\u00fcr und du fragst dich bestimmt, was du an diesem langen Osterwochenende in der Schweiz unternehmen kannst.","robots":{"index":"noindex","follow":"follow","max-snippet":"max-snippet:-1","max-image-preview":"max-image-preview:large","max-video-preview":"max-video-preview:-1"},"og_locale":"de_DE","og_type":"article","og_title":"Was tun am Osterwochenende in der Schweiz? | MyBikePlan","og_description":"Ostern steht vor der T\u00fcr und du fragst dich bestimmt, was du an diesem langen Osterwochenende in der Schweiz unternehmen kannst.","og_url":"https:\/\/listings.mybikeplan.ch\/de\/mybikeplan\/was-tun-am-osterwochenende-in-der-schweiz\/","og_site_name":"MyBikePlan","article_published_time":"2022-04-12T15:19:37+00:00","article_modified_time":"2024-04-10T12:24:09+00:00","og_image":[{"width":2560,"height":1707,"url":"https:\/\/listings.mybikeplan.ch\/wp-content\/uploads\/2022\/04\/sebastian-herrmann-QE_SAmdbnS8-unsplash-scaled.jpg","type":"image\/jpeg"}],"author":"Anouk Vaudoyer","twitter_card":"summary_large_image","twitter_misc":{"Verfasst von":"Anouk Vaudoyer","Gesch\u00e4tzte Lesezeit":"3\u00a0Minuten"},"schema":{"@context":"https:\/\/schema.org","@graph":[{"@type":"WebPage","@id":"https:\/\/listings.mybikeplan.ch\/de\/mybikeplan\/was-tun-am-osterwochenende-in-der-schweiz\/","url":"https:\/\/listings.mybikeplan.ch\/de\/mybikeplan\/was-tun-am-osterwochenende-in-der-schweiz\/","name":"Was tun am Osterwochenende in der Schweiz? | MyBikePlan","isPartOf":{"@id":"https:\/\/listings.mybikeplan.ch\/de\/#website"},"primaryImageOfPage":{"@id":"https:\/\/listings.mybikeplan.ch\/de\/mybikeplan\/was-tun-am-osterwochenende-in-der-schweiz\/#primaryimage"},"image":{"@id":"https:\/\/listings.mybikeplan.ch\/de\/mybikeplan\/was-tun-am-osterwochenende-in-der-schweiz\/#primaryimage"},"thumbnailUrl":"https:\/\/listings.mybikeplan.ch\/wp-content\/uploads\/2022\/04\/sebastian-herrmann-QE_SAmdbnS8-unsplash-scaled.jpg","datePublished":"2022-04-12T15:19:37+00:00","dateModified":"2024-04-10T12:24:09+00:00","author":{"@id":"https:\/\/listings.mybikeplan.ch\/de\/#\/schema\/person\/af9ea95c7323c582a24df91d53b4d197"},"description":"Ostern steht vor der T\u00fcr und du fragst dich bestimmt, was du an diesem langen Osterwochenende in der Schweiz unternehmen kannst.","breadcrumb":{"@id":"https:\/\/listings.mybikeplan.ch\/de\/mybikeplan\/was-tun-am-osterwochenende-in-der-schweiz\/#breadcrumb"},"inLanguage":"de","potentialAction":[{"@type":"ReadAction","target":["https:\/\/listings.mybikeplan.ch\/de\/mybikeplan\/was-tun-am-osterwochenende-in-der-schweiz\/"]}]},{"@type":"ImageObject","inLanguage":"de","@id":"https:\/\/listings.mybikeplan.ch\/de\/mybikeplan\/was-tun-am-osterwochenende-in-der-schweiz\/#primaryimage","url":"https:\/\/listings.mybikeplan.ch\/wp-content\/uploads\/2022\/04\/sebastian-herrmann-QE_SAmdbnS8-unsplash-scaled.jpg","contentUrl":"https:\/\/listings.mybikeplan.ch\/wp-content\/uploads\/2022\/04\/sebastian-herrmann-QE_SAmdbnS8-unsplash-scaled.jpg","width":2560,"height":1707,"caption":"e-bike touren"},{"@type":"BreadcrumbList","@id":"https:\/\/listings.mybikeplan.ch\/de\/mybikeplan\/was-tun-am-osterwochenende-in-der-schweiz\/#breadcrumb","itemListElement":[{"@type":"ListItem","position":1,"name":"Home","item":"https:\/\/listings.mybikeplan.ch\/de\/"},{"@type":"ListItem","position":2,"name":"Die besten Velorouten f\u00fcr das lange Osterwochenende"}]},{"@type":"WebSite","@id":"https:\/\/listings.mybikeplan.ch\/de\/#website","url":"https:\/\/listings.mybikeplan.ch\/de\/","name":"MyBikePlan","description":"","potentialAction":[{"@type":"SearchAction","target":{"@type":"EntryPoint","urlTemplate":"https:\/\/listings.mybikeplan.ch\/de\/?s={search_term_string}"},"query-input":{"@type":"PropertyValueSpecification","valueRequired":true,"valueName":"search_term_string"}}],"inLanguage":"de"},{"@type":"Person","@id":"https:\/\/listings.mybikeplan.ch\/de\/#\/schema\/person\/af9ea95c7323c582a24df91d53b4d197","name":"Anouk Vaudoyer","image":{"@type":"ImageObject","inLanguage":"de","@id":"https:\/\/listings.mybikeplan.ch\/de\/#\/schema\/person\/image\/","url":"https:\/\/secure.gravatar.com\/avatar\/bfce9c1d9ed736e9f036fa97a03dbeada0f82bab5ede6a316f6786a85bf2a445?s=96&d=mm&r=g","contentUrl":"https:\/\/secure.gravatar.com\/avatar\/bfce9c1d9ed736e9f036fa97a03dbeada0f82bab5ede6a316f6786a85bf2a445?s=96&d=mm&r=g","caption":"Anouk Vaudoyer"},"url":"https:\/\/listings.mybikeplan.ch\/de\/author\/anouk-mybikeplan\/"}]}},"locale":"de","_links":{"self":[{"href":"https:\/\/listings.mybikeplan.ch\/de\/wp-json\/wp\/v2\/posts\/17406","targetHints":{"allow":["GET"]}}],"collection":[{"href":"https:\/\/listings.mybikeplan.ch\/de\/wp-json\/wp\/v2\/posts"}],"about":[{"href":"https:\/\/listings.mybikeplan.ch\/de\/wp-json\/wp\/v2\/types\/post"}],"author":[{"embeddable":true,"href":"https:\/\/listings.mybikeplan.ch\/de\/wp-json\/wp\/v2\/users\/7"}],"replies":[{"embeddable":true,"href":"https:\/\/listings.mybikeplan.ch\/de\/wp-json\/wp\/v2\/comments?post=17406"}],"version-history":[{"count":5,"href":"https:\/\/listings.mybikeplan.ch\/de\/wp-json\/wp\/v2\/posts\/17406\/revisions"}],"predecessor-version":[{"id":32836,"href":"https:\/\/listings.mybikeplan.ch\/de\/wp-json\/wp\/v2\/posts\/17406\/revisions\/32836"}],"wp:featuredmedia":[{"embeddable":true,"href":"https:\/\/listings.mybikeplan.ch\/de\/wp-json\/wp\/v2\/media\/17407"}],"wp:attachment":[{"href":"https:\/\/listings.mybikeplan.ch\/de\/wp-json\/wp\/v2\/media?parent=17406"}],"wp:term":[{"taxonomy":"category","embeddable":true,"href":"https:\/\/listings.mybikeplan.ch\/de\/wp-json\/wp\/v2\/categories?post=17406"},{"taxonomy":"post_tag","embeddable":true,"href":"https:\/\/listings.mybikeplan.ch\/de\/wp-json\/wp\/v2\/tags?post=17406"}],"curies":[{"name":"wp","href":"https:\/\/api.w.org\/{rel}","templated":true}]}}