{"id":10922,"date":"2021-07-30T08:12:05","date_gmt":"2021-07-30T08:12:05","guid":{"rendered":"https:\/\/listings.mybikeplan.ch\/?p=10922"},"modified":"2024-04-10T12:25:20","modified_gmt":"2024-04-10T12:25:20","slug":"federgabel-und-daempfer","status":"publish","type":"post","link":"https:\/\/listings.mybikeplan.ch\/de\/mybikeplan\/federgabel-und-daempfer\/","title":{"rendered":"Federgabel und D\u00e4mpfer: Was Du wissen solltest"},"content":{"rendered":"\n<p>Du verstehst bei den Worten Federgabel, D\u00e4mpfer und die Millimeter-Angaben nur Bahnhof? Kein Ding &#8211; wir sind hier, um etwas Licht ins Dunkle zu bringen.<\/p>\n\n\n\n<h2 class=\"wp-block-heading\"><strong>Wieso braucht es D\u00e4mpfer beim E Bike?&nbsp;<\/strong><\/h2>\n\n\n\n<p>Die Federung eines Velos erm\u00f6glicht es, die Unregelm\u00e4ssigkeiten des Gel\u00e4ndes auszugleichen, indem eine stabile Verbindung zwischen dem Fahrgestell und den R\u00e4dern hergestellt wird.&nbsp;<\/p>\n\n\n\n<p>F\u00fcr den Velofahrer ist das essentiell. Je nachdem, auf was f\u00fcr Gel\u00e4nde Du unterwegs bist, wird es holprige Wegabschnitte geben. Die Schl\u00e4ge, die beim Dr\u00fcberfahren entstehen, gelangen \u00fcber Deine Arme, Beine und das Ges\u00e4ss direkt in Deine Gelenke.<\/p>\n\n\n\n<p>Die Federung erlaubt es, die Schl\u00e4ge abzufangen und somit die Auswirkungen auf Deine Gelenke auf ein Minimum zu reduzieren. Deine Knie, H\u00fcften, Schultern und R\u00fccken werden somit geschont und vor diesen Schl\u00e4gen gesch\u00fctzt.&nbsp;<\/p>\n\n\n\n<h3 class=\"wp-block-heading\"><strong>Wo befinden sich die D\u00e4mpfer?<\/strong><\/h3>\n\n\n\n<p>Genau dort, wo Du mit dem Bike in Ber\u00fchrung kommst, ist auch die Federung angebracht.&nbsp;<\/p>\n\n\n\n<p>Die vordere D\u00e4mpfung \u2013 die Federgabel \u2013 verbindet das Vorderrad mit dem Velorahmen. Sie kommt bei einer Vielzahl von Modellen vor. Mountain E-Bikes haben alle eine Federgabel, ebenso die Trekking E-Bikes. Diese verlangen per Definition nach geeigneter Federung, da sie bei unebenem Gel\u00e4nde eingesetzt werden.&nbsp;<\/p>\n\n\n\n<p>Bei den City E-Bikes ist es unterschiedlich. Einige Modelle weisen einen D\u00e4mpfer auf, andere verzichten auf die gefederte Gabel. Oftmals h\u00e4ngt es auch mit dem Stil des Rades zusammen. Ein klassisches Stadtvelo hat deshalb ziemlich sicher keine gefederte Gabel, w\u00e4hrend solche mit sportlichem Look durchaus eine verbaut haben k\u00f6nnen. Bei E-Bikes ohne Federung ist es wichtig, dass sie nur f\u00fcr befestigte Strassen genutzt werden.<\/p>\n\n\n\n<p>Die hintere D\u00e4mpfung befindet sich unterhalb des Sattels, in der Verl\u00e4ngerung der Sattelst\u00fctze. Diese ist spezifischer auf E-Bikes ausgelegt, die auf sehr unebenem Gel\u00e4nde unterwegs sind und daf\u00fcr ausger\u00fcstet sein m\u00fcssen. Wir sprechen in diesem Zusammenhang von Mountain E-Bikes, die wie folgt in zwei Kategorien aufgeteilt werden k\u00f6nnen:<\/p>\n\n\n\n<h2 class=\"wp-block-heading\"><strong><strong>Hardtail vs. Fully Mountain E-Bike<\/strong><\/strong><\/h2>\n\n\n\n<p>Ein <strong>Fully Mountain<\/strong> E-Bike besitzt am Vorderrad und zugleich am Hinterrad einen D\u00e4mpfer mit Federung. Ein Hardtail E-Bike ist lediglich am Hinterrad gefedert. Die zus\u00e4tzliche Schlagentlastung beim Fully ist in unbefestigtem Gel\u00e4nde von grossem Nutzen. Sie bietet Dir und Deinem R\u00fccken zus\u00e4tzlichen, ergonomischen Schutz. Diese Art von E-Bikes wird vor allem im Trail- und Downhill-Bereich eingesetzt.<\/p>\n\n\n\n<p>Das <strong>Hardtail E-Bike<\/strong> ist lediglich am Vorderrad gefedert und bietet im Vergleich mehr Stabilit\u00e4t, die das Fahren auf befestigten Strassenwegen ebenso m\u00f6glich macht. F\u00fcr die Entscheidung zwischen Fully und Hardtail ist es wichtig, dass Du weisst, wof\u00fcr Du Dein E-Bike in Zukunft einsetzen m\u00f6chtest. Dies ist der entscheidende Faktor, um das perfekte Modell f\u00fcr Dich zu finden.<\/p>\n\n\n\n<h2 class=\"wp-block-heading\"><strong>Federwege<\/strong><\/h2>\n\n\n\n<p>Der Federweg wird in Millimeter (mm) gemessen. Zwischen den Modellen gibt es hierzu Unterschiede. Der Federweg entspricht der vertikalen Verschiebbarkeit der Gabel und somit Absorbieren der Schl\u00e4ge. Bei Trekking E-Bikes betr\u00e4gt diese zwischen 40-75 mm. Im Vergleich dazu haben Mountain E-Bikes einen Federweg zwischen 100 und 160 mm.<\/p>\n\n\n\n<hr class=\"wp-block-separator has-css-opacity\"\/>\n\n\n\n<p>Du weisst nicht, welches E-Bike am besten zu Dir passt? <a href=\"https:\/\/meetings.hubspot.com\/fabian62\/kostenlose-beratung-mit-mybikeplan\">Unser Team ber\u00e4t Dich gerne pers\u00f6nlich!<\/a><\/p>\n\n\n\n<div class=\"wp-block-buttons is-layout-flex wp-block-buttons-is-layout-flex\">\n<div class=\"wp-block-button\"><a class=\"wp-block-button__link wp-element-button\" href=\"https:\/\/www.mybikeplan.ch\/alle-modelle-e-bike-schweiz\/kategorie\/-\/rahmenvarianten\/-\/batterie-kapazitat\/-\/max-gewicht\/-\/zubehor\/-\/geschwindigkeit\/-\/marke\/-\/motor-marke\/-\/koerpergroesse\/-\/preisbereich\/-\/verfugbar\/-\/sortieren\/preis\/gunstigste\" target=\"_blank\" rel=\"noreferrer noopener\">E-Bike-Auswahl<\/a><\/div>\n<\/div>\n","protected":false},"excerpt":{"rendered":"<p>Die D\u00e4mpfer, der Federweg und die Millimeter-Angabe auf dem Faktenblatt &#8211; all dies hat mit der Federung deines (zuk\u00fcnftigen) Fahrrads zu tun! Du m\u00f6chtest mehr \u00fcber die Wichtigkeit und Bedeutung dieser Daten erfahren? Lies weiter! <\/p>\n","protected":false},"author":3,"featured_media":10924,"comment_status":"open","ping_status":"open","sticky":false,"template":"","format":"standard","meta":{"_acf_changed":false,"footnotes":""},"categories":[3377,4441,1],"tags":[],"class_list":["post-10922","post","type-post","status-publish","format-standard","has-post-thumbnail","hentry","category-e-bike-wissen","category-mybikeplan","category-unkategorisiert"],"acf":[],"yoast_head":"<!-- This site is optimized with the Yoast SEO plugin v24.5 - https:\/\/yoast.com\/wordpress\/plugins\/seo\/ -->\n<title>Federgabel und D\u00e4mpfer |\u00a0Blog | MyBikePlan Schweiz<\/title>\n<meta name=\"description\" content=\"Die Federgabel, der D\u00e4mpfer und die Millimeter - all dies hat mit der Federung deines (zuk\u00fcnftigen) Fahrrads zu tun! Lies hier mehr dazu.\" \/>\n<meta name=\"robots\" content=\"noindex, follow, max-snippet:-1, max-image-preview:large, max-video-preview:-1\" \/>\n<meta property=\"og:locale\" content=\"de_DE\" \/>\n<meta property=\"og:type\" content=\"article\" \/>\n<meta property=\"og:title\" content=\"Federgabel und D\u00e4mpfer |\u00a0Blog | MyBikePlan Schweiz\" \/>\n<meta property=\"og:description\" content=\"Die Federgabel, der D\u00e4mpfer und die Millimeter - all dies hat mit der Federung deines (zuk\u00fcnftigen) Fahrrads zu tun! Lies hier mehr dazu.\" \/>\n<meta property=\"og:url\" content=\"https:\/\/listings.mybikeplan.ch\/de\/mybikeplan\/federgabel-und-daempfer\/\" \/>\n<meta property=\"og:site_name\" content=\"MyBikePlan\" \/>\n<meta property=\"article:published_time\" content=\"2021-07-30T08:12:05+00:00\" \/>\n<meta property=\"article:modified_time\" content=\"2024-04-10T12:25:20+00:00\" \/>\n<meta property=\"og:image\" content=\"https:\/\/listings.mybikeplan.ch\/wp-content\/uploads\/2021\/07\/khairil-nst-PFCKB3RSSU0-unsplash-scaled.jpg\" \/>\n\t<meta property=\"og:image:width\" content=\"2560\" \/>\n\t<meta property=\"og:image:height\" content=\"1949\" \/>\n\t<meta property=\"og:image:type\" content=\"image\/jpeg\" \/>\n<meta name=\"author\" content=\"Sarina Hartmann\" \/>\n<meta name=\"twitter:card\" content=\"summary_large_image\" \/>\n<meta name=\"twitter:label1\" content=\"Verfasst von\" \/>\n\t<meta name=\"twitter:data1\" content=\"Sarina Hartmann\" \/>\n\t<meta name=\"twitter:label2\" content=\"Gesch\u00e4tzte Lesezeit\" \/>\n\t<meta name=\"twitter:data2\" content=\"3\u00a0Minuten\" \/>\n<script type=\"application\/ld+json\" class=\"yoast-schema-graph\">{\"@context\":\"https:\/\/schema.org\",\"@graph\":[{\"@type\":\"WebPage\",\"@id\":\"https:\/\/listings.mybikeplan.ch\/de\/mybikeplan\/federgabel-und-daempfer\/\",\"url\":\"https:\/\/listings.mybikeplan.ch\/de\/mybikeplan\/federgabel-und-daempfer\/\",\"name\":\"Federgabel und D\u00e4mpfer |\u00a0Blog | MyBikePlan Schweiz\",\"isPartOf\":{\"@id\":\"https:\/\/listings.mybikeplan.ch\/de\/#website\"},\"primaryImageOfPage\":{\"@id\":\"https:\/\/listings.mybikeplan.ch\/de\/mybikeplan\/federgabel-und-daempfer\/#primaryimage\"},\"image\":{\"@id\":\"https:\/\/listings.mybikeplan.ch\/de\/mybikeplan\/federgabel-und-daempfer\/#primaryimage\"},\"thumbnailUrl\":\"https:\/\/listings.mybikeplan.ch\/wp-content\/uploads\/2021\/07\/khairil-nst-PFCKB3RSSU0-unsplash-scaled.jpg\",\"datePublished\":\"2021-07-30T08:12:05+00:00\",\"dateModified\":\"2024-04-10T12:25:20+00:00\",\"author\":{\"@id\":\"https:\/\/listings.mybikeplan.ch\/de\/#\/schema\/person\/36a4680726dc7efe4ac153f1d41de9cc\"},\"description\":\"Die Federgabel, der D\u00e4mpfer und die Millimeter - all dies hat mit der Federung deines (zuk\u00fcnftigen) Fahrrads zu tun! Lies hier mehr dazu.\",\"breadcrumb\":{\"@id\":\"https:\/\/listings.mybikeplan.ch\/de\/mybikeplan\/federgabel-und-daempfer\/#breadcrumb\"},\"inLanguage\":\"de\",\"potentialAction\":[{\"@type\":\"ReadAction\",\"target\":[\"https:\/\/listings.mybikeplan.ch\/de\/mybikeplan\/federgabel-und-daempfer\/\"]}]},{\"@type\":\"ImageObject\",\"inLanguage\":\"de\",\"@id\":\"https:\/\/listings.mybikeplan.ch\/de\/mybikeplan\/federgabel-und-daempfer\/#primaryimage\",\"url\":\"https:\/\/listings.mybikeplan.ch\/wp-content\/uploads\/2021\/07\/khairil-nst-PFCKB3RSSU0-unsplash-scaled.jpg\",\"contentUrl\":\"https:\/\/listings.mybikeplan.ch\/wp-content\/uploads\/2021\/07\/khairil-nst-PFCKB3RSSU0-unsplash-scaled.jpg\",\"width\":2560,\"height\":1949,\"caption\":\"federgabel\"},{\"@type\":\"BreadcrumbList\",\"@id\":\"https:\/\/listings.mybikeplan.ch\/de\/mybikeplan\/federgabel-und-daempfer\/#breadcrumb\",\"itemListElement\":[{\"@type\":\"ListItem\",\"position\":1,\"name\":\"Home\",\"item\":\"https:\/\/listings.mybikeplan.ch\/de\/\"},{\"@type\":\"ListItem\",\"position\":2,\"name\":\"Federgabel und D\u00e4mpfer: Was Du wissen solltest\"}]},{\"@type\":\"WebSite\",\"@id\":\"https:\/\/listings.mybikeplan.ch\/de\/#website\",\"url\":\"https:\/\/listings.mybikeplan.ch\/de\/\",\"name\":\"MyBikePlan\",\"description\":\"\",\"potentialAction\":[{\"@type\":\"SearchAction\",\"target\":{\"@type\":\"EntryPoint\",\"urlTemplate\":\"https:\/\/listings.mybikeplan.ch\/de\/?s={search_term_string}\"},\"query-input\":{\"@type\":\"PropertyValueSpecification\",\"valueRequired\":true,\"valueName\":\"search_term_string\"}}],\"inLanguage\":\"de\"},{\"@type\":\"Person\",\"@id\":\"https:\/\/listings.mybikeplan.ch\/de\/#\/schema\/person\/36a4680726dc7efe4ac153f1d41de9cc\",\"name\":\"Sarina Hartmann\",\"image\":{\"@type\":\"ImageObject\",\"inLanguage\":\"de\",\"@id\":\"https:\/\/listings.mybikeplan.ch\/de\/#\/schema\/person\/image\/\",\"url\":\"https:\/\/secure.gravatar.com\/avatar\/63f561cfa361a6725403e9301127d731d03b6e54fab01da7c46b65d6aa481be8?s=96&d=mm&r=g\",\"contentUrl\":\"https:\/\/secure.gravatar.com\/avatar\/63f561cfa361a6725403e9301127d731d03b6e54fab01da7c46b65d6aa481be8?s=96&d=mm&r=g\",\"caption\":\"Sarina Hartmann\"},\"url\":\"https:\/\/listings.mybikeplan.ch\/de\/author\/sarinamybikeplan-ch\/\"}]}<\/script>\n<!-- \/ Yoast SEO plugin. -->","yoast_head_json":{"title":"Federgabel und D\u00e4mpfer |\u00a0Blog | MyBikePlan Schweiz","description":"Die Federgabel, der D\u00e4mpfer und die Millimeter - all dies hat mit der Federung deines (zuk\u00fcnftigen) Fahrrads zu tun! Lies hier mehr dazu.","robots":{"index":"noindex","follow":"follow","max-snippet":"max-snippet:-1","max-image-preview":"max-image-preview:large","max-video-preview":"max-video-preview:-1"},"og_locale":"de_DE","og_type":"article","og_title":"Federgabel und D\u00e4mpfer |\u00a0Blog | MyBikePlan Schweiz","og_description":"Die Federgabel, der D\u00e4mpfer und die Millimeter - all dies hat mit der Federung deines (zuk\u00fcnftigen) Fahrrads zu tun! Lies hier mehr dazu.","og_url":"https:\/\/listings.mybikeplan.ch\/de\/mybikeplan\/federgabel-und-daempfer\/","og_site_name":"MyBikePlan","article_published_time":"2021-07-30T08:12:05+00:00","article_modified_time":"2024-04-10T12:25:20+00:00","og_image":[{"width":2560,"height":1949,"url":"https:\/\/listings.mybikeplan.ch\/wp-content\/uploads\/2021\/07\/khairil-nst-PFCKB3RSSU0-unsplash-scaled.jpg","type":"image\/jpeg"}],"author":"Sarina Hartmann","twitter_card":"summary_large_image","twitter_misc":{"Verfasst von":"Sarina Hartmann","Gesch\u00e4tzte Lesezeit":"3\u00a0Minuten"},"schema":{"@context":"https:\/\/schema.org","@graph":[{"@type":"WebPage","@id":"https:\/\/listings.mybikeplan.ch\/de\/mybikeplan\/federgabel-und-daempfer\/","url":"https:\/\/listings.mybikeplan.ch\/de\/mybikeplan\/federgabel-und-daempfer\/","name":"Federgabel und D\u00e4mpfer |\u00a0Blog | MyBikePlan Schweiz","isPartOf":{"@id":"https:\/\/listings.mybikeplan.ch\/de\/#website"},"primaryImageOfPage":{"@id":"https:\/\/listings.mybikeplan.ch\/de\/mybikeplan\/federgabel-und-daempfer\/#primaryimage"},"image":{"@id":"https:\/\/listings.mybikeplan.ch\/de\/mybikeplan\/federgabel-und-daempfer\/#primaryimage"},"thumbnailUrl":"https:\/\/listings.mybikeplan.ch\/wp-content\/uploads\/2021\/07\/khairil-nst-PFCKB3RSSU0-unsplash-scaled.jpg","datePublished":"2021-07-30T08:12:05+00:00","dateModified":"2024-04-10T12:25:20+00:00","author":{"@id":"https:\/\/listings.mybikeplan.ch\/de\/#\/schema\/person\/36a4680726dc7efe4ac153f1d41de9cc"},"description":"Die Federgabel, der D\u00e4mpfer und die Millimeter - all dies hat mit der Federung deines (zuk\u00fcnftigen) Fahrrads zu tun! Lies hier mehr dazu.","breadcrumb":{"@id":"https:\/\/listings.mybikeplan.ch\/de\/mybikeplan\/federgabel-und-daempfer\/#breadcrumb"},"inLanguage":"de","potentialAction":[{"@type":"ReadAction","target":["https:\/\/listings.mybikeplan.ch\/de\/mybikeplan\/federgabel-und-daempfer\/"]}]},{"@type":"ImageObject","inLanguage":"de","@id":"https:\/\/listings.mybikeplan.ch\/de\/mybikeplan\/federgabel-und-daempfer\/#primaryimage","url":"https:\/\/listings.mybikeplan.ch\/wp-content\/uploads\/2021\/07\/khairil-nst-PFCKB3RSSU0-unsplash-scaled.jpg","contentUrl":"https:\/\/listings.mybikeplan.ch\/wp-content\/uploads\/2021\/07\/khairil-nst-PFCKB3RSSU0-unsplash-scaled.jpg","width":2560,"height":1949,"caption":"federgabel"},{"@type":"BreadcrumbList","@id":"https:\/\/listings.mybikeplan.ch\/de\/mybikeplan\/federgabel-und-daempfer\/#breadcrumb","itemListElement":[{"@type":"ListItem","position":1,"name":"Home","item":"https:\/\/listings.mybikeplan.ch\/de\/"},{"@type":"ListItem","position":2,"name":"Federgabel und D\u00e4mpfer: Was Du wissen solltest"}]},{"@type":"WebSite","@id":"https:\/\/listings.mybikeplan.ch\/de\/#website","url":"https:\/\/listings.mybikeplan.ch\/de\/","name":"MyBikePlan","description":"","potentialAction":[{"@type":"SearchAction","target":{"@type":"EntryPoint","urlTemplate":"https:\/\/listings.mybikeplan.ch\/de\/?s={search_term_string}"},"query-input":{"@type":"PropertyValueSpecification","valueRequired":true,"valueName":"search_term_string"}}],"inLanguage":"de"},{"@type":"Person","@id":"https:\/\/listings.mybikeplan.ch\/de\/#\/schema\/person\/36a4680726dc7efe4ac153f1d41de9cc","name":"Sarina Hartmann","image":{"@type":"ImageObject","inLanguage":"de","@id":"https:\/\/listings.mybikeplan.ch\/de\/#\/schema\/person\/image\/","url":"https:\/\/secure.gravatar.com\/avatar\/63f561cfa361a6725403e9301127d731d03b6e54fab01da7c46b65d6aa481be8?s=96&d=mm&r=g","contentUrl":"https:\/\/secure.gravatar.com\/avatar\/63f561cfa361a6725403e9301127d731d03b6e54fab01da7c46b65d6aa481be8?s=96&d=mm&r=g","caption":"Sarina Hartmann"},"url":"https:\/\/listings.mybikeplan.ch\/de\/author\/sarinamybikeplan-ch\/"}]}},"locale":"de","_links":{"self":[{"href":"https:\/\/listings.mybikeplan.ch\/de\/wp-json\/wp\/v2\/posts\/10922","targetHints":{"allow":["GET"]}}],"collection":[{"href":"https:\/\/listings.mybikeplan.ch\/de\/wp-json\/wp\/v2\/posts"}],"about":[{"href":"https:\/\/listings.mybikeplan.ch\/de\/wp-json\/wp\/v2\/types\/post"}],"author":[{"embeddable":true,"href":"https:\/\/listings.mybikeplan.ch\/de\/wp-json\/wp\/v2\/users\/3"}],"replies":[{"embeddable":true,"href":"https:\/\/listings.mybikeplan.ch\/de\/wp-json\/wp\/v2\/comments?post=10922"}],"version-history":[{"count":6,"href":"https:\/\/listings.mybikeplan.ch\/de\/wp-json\/wp\/v2\/posts\/10922\/revisions"}],"predecessor-version":[{"id":32771,"href":"https:\/\/listings.mybikeplan.ch\/de\/wp-json\/wp\/v2\/posts\/10922\/revisions\/32771"}],"wp:featuredmedia":[{"embeddable":true,"href":"https:\/\/listings.mybikeplan.ch\/de\/wp-json\/wp\/v2\/media\/10924"}],"wp:attachment":[{"href":"https:\/\/listings.mybikeplan.ch\/de\/wp-json\/wp\/v2\/media?parent=10922"}],"wp:term":[{"taxonomy":"category","embeddable":true,"href":"https:\/\/listings.mybikeplan.ch\/de\/wp-json\/wp\/v2\/categories?post=10922"},{"taxonomy":"post_tag","embeddable":true,"href":"https:\/\/listings.mybikeplan.ch\/de\/wp-json\/wp\/v2\/tags?post=10922"}],"curies":[{"name":"wp","href":"https:\/\/api.w.org\/{rel}","templated":true}]}}